{"id":237399,"date":"2022-04-20T20:25:08","date_gmt":"2022-04-20T23:25:08","guid":{"rendered":"https:\/\/franciscanos.org.br\/noticias\/?p=237399"},"modified":"2023-01-03T14:15:00","modified_gmt":"2023-01-03T17:15:00","slug":"em-quem-estamos-depositando-a-nossa-fe-pergunta-pe-rafael","status":"publish","type":"post","link":"https:\/\/franciscanos.org.br\/noticias\/em-quem-estamos-depositando-a-nossa-fe-pergunta-pe-rafael.html","title":{"rendered":"&#8220;Em quem\u00a0 estamos depositando a nossa f\u00e9?&#8221;, pergunta Pe. Rafael"},"content":{"rendered":"<p><img loading=\"lazy\" class=\"alignnone wp-image-237400 size-full\" src=\"https:\/\/franciscanos.org.br\/noticias\/wp-content\/uploads\/2022\/04\/quartodia_2004.jpg\" alt=\"\" width=\"1280\" height=\"720\" srcset=\"https:\/\/franciscanos.org.br\/noticias\/wp-content\/uploads\/2022\/04\/quartodia_2004.jpg 1280w, https:\/\/franciscanos.org.br\/noticias\/wp-content\/uploads\/2022\/04\/quartodia_2004-450x253.jpg 450w, https:\/\/franciscanos.org.br\/noticias\/wp-content\/uploads\/2022\/04\/quartodia_2004-1024x576.jpg 1024w, https:\/\/franciscanos.org.br\/noticias\/wp-content\/uploads\/2022\/04\/quartodia_2004-768x432.jpg 768w, https:\/\/franciscanos.org.br\/noticias\/wp-content\/uploads\/2022\/04\/quartodia_2004-150x84.jpg 150w\" sizes=\"(max-width: 1280px) 100vw, 1280px\" \/><\/p>\n<p><strong>Vila Velha (ES)<\/strong> &#8211; O quarto dia do Oitav\u00e1rio da Festa da Penha reuniu, nesta quarta-feira (20\/4), no Campinho do Morro da Penha, os sacerdotes, movimentos, pastorais e o povo da \u00c1rea Pastoral Benevente (formada pelas cidades Anchieta, Alfredo Chaves e Guarapari) para homenagear Nossa Senhora das Alegrias, o t\u00edtulo pascal de Maria.<\/p>\n<p>A Missa foi presidida pelo Pe. Alexandre Ferreira dos Santos, administrador paroquial daPar\u00f3quia S\u00e3o Jos\u00e9, de Guarapari. Al\u00e9m dos celebrantes desta \u00c1rea Pastoral, concelebraram, juntamente com Vig\u00e1rio Provincial, Frei Gustavo Medella, o guardi\u00e3o Frei Djalmo Fuck, os frades do Convento da Penha e da Prov\u00edncia da Imaculada Concei\u00e7\u00e3o.<\/p>\n<div id=\"attachment_237401\" style=\"width: 1290px\" class=\"wp-caption alignnone\"><img aria-describedby=\"caption-attachment-237401\" loading=\"lazy\" class=\"wp-image-237401 size-full\" src=\"https:\/\/franciscanos.org.br\/noticias\/wp-content\/uploads\/2022\/04\/quartodia_2004_1.jpg\" alt=\"\" width=\"1280\" height=\"1023\" srcset=\"https:\/\/franciscanos.org.br\/noticias\/wp-content\/uploads\/2022\/04\/quartodia_2004_1.jpg 1280w, https:\/\/franciscanos.org.br\/noticias\/wp-content\/uploads\/2022\/04\/quartodia_2004_1-450x360.jpg 450w, https:\/\/franciscanos.org.br\/noticias\/wp-content\/uploads\/2022\/04\/quartodia_2004_1-1024x818.jpg 1024w, https:\/\/franciscanos.org.br\/noticias\/wp-content\/uploads\/2022\/04\/quartodia_2004_1-768x614.jpg 768w, https:\/\/franciscanos.org.br\/noticias\/wp-content\/uploads\/2022\/04\/quartodia_2004_1-150x120.jpg 150w\" sizes=\"(max-width: 1280px) 100vw, 1280px\" \/><p id=\"caption-attachment-237401\" class=\"wp-caption-text\"><em>Pe. Rafael Martins do Nascimento, da Par\u00f3quia S\u00e3o Pedro, fez a homilia<\/em><\/p><\/div>\n<p>O Evangelho de Ema\u00fas serviu de inspira\u00e7\u00e3o para o Pe. Rafael Martins do Nascimento, da Par\u00f3quia S\u00e3o Pedro, Muqui\u00e7aba, em Guarapari, fazer a homilia. Segundo ele, \u00e9 bonita a f\u00e9 do povo na Virgem Maria, aquela que traz o nosso Salvador. Aquela que veio ao nosso encontro trazendo a esperan\u00e7a. &#8220;Que saudade de estarmos reunidos! Dois anos de pandemia, dois anos de desespero, dois anos de ang\u00fastia, dois anos de tristeza e n\u00f3s estamos aqui, neste ano, manifestando a nossa f\u00e9 no Deus Salvador&#8221;, disse.<\/p>\n<p>&#8220;E a liturgia mostra exatamente isso. Em quem n\u00f3s estamos depositando a nossa f\u00e9, em quem n\u00f3s estamos de fato escutando, a quem n\u00f3s de fato estamos olhando? Dois peregrinos, dois caminhantes, dois disc\u00edpulos iam andando pelo caminho discutindo, conversando a respeito do que havia acontecido nos \u00faltimos dias. Esses dois disc\u00edpulos falavam a respeito do evento da Paix\u00e3o de Cristo. E a\u00ed voc\u00ea come\u00e7a a entender como \u00e9 que foi esse evento. Claro que era comum na \u00e9poca a crucifica\u00e7\u00e3o de v\u00e1rios bandidos, de malfeitores, mas como vai dizer aquele bandido ao lado de Jesus, &#8216;n\u00f3s estamos sendo crucificados porque estamos pagando por aquilo que fazemos. Mas este homem \u00e9 inocente&#8217;. Por isso que esse evento da Paix\u00e3o do Senhor foi grandioso para a \u00e9poca, porque um homem inocente, um homem que n\u00e3o tinha pecado, um homem que fez o bem, um homem que anunciou o Reino de Deus foi crucificado. Quantas vezes n\u00f3s anunciamos, quantas vezes n\u00f3s procuramos fazem o bem e n\u00f3s somos crucificados, somos caluniados, s\u00f3 porque procuramos fazer o bem. Mas quando fazemos o mal n\u00e3o acontece nada&#8221;, observou.<\/p>\n<p><img loading=\"lazy\" class=\"alignnone wp-image-237402 size-full\" src=\"https:\/\/franciscanos.org.br\/noticias\/wp-content\/uploads\/2022\/04\/quartodia_2004_9.jpg\" alt=\"\" width=\"1280\" height=\"960\" srcset=\"https:\/\/franciscanos.org.br\/noticias\/wp-content\/uploads\/2022\/04\/quartodia_2004_9.jpg 1280w, https:\/\/franciscanos.org.br\/noticias\/wp-content\/uploads\/2022\/04\/quartodia_2004_9-450x338.jpg 450w, https:\/\/franciscanos.org.br\/noticias\/wp-content\/uploads\/2022\/04\/quartodia_2004_9-1024x768.jpg 1024w, https:\/\/franciscanos.org.br\/noticias\/wp-content\/uploads\/2022\/04\/quartodia_2004_9-768x576.jpg 768w, https:\/\/franciscanos.org.br\/noticias\/wp-content\/uploads\/2022\/04\/quartodia_2004_9-150x113.jpg 150w, https:\/\/franciscanos.org.br\/noticias\/wp-content\/uploads\/2022\/04\/quartodia_2004_9-600x450.jpg 600w\" sizes=\"(max-width: 1280px) 100vw, 1280px\" \/><\/p>\n<p>Por isso, segundo ele, \u00e9 preciso confiar na justi\u00e7a divina, porque neste mundo, n\u00e3o vamos ficar para a eternidade. &#8220;Seria uma vida muito chata, porque viver para a eternidade, que gra\u00e7a tem?\u00a0 Mas se voc\u00ea sabe que existe a morte, se voc\u00ea sabe que existe o fim, ent\u00e3o voc\u00ea vai procurar as coisas boas da vida em Cristo Jesus&#8221;, ensinou.<\/p>\n<p>Para ele, \u00e9 Cristo que nos chama, que caminha conosco. &#8220;Olhe o que n\u00f3s vivemos nestes dois anos, quantas pessoas perderam a vida. Quantos conhecidos, quantas parentes voc\u00ea perdeu. Voc\u00ea mesmo pode ter ficado entre a vida e a morte e hoje est\u00e1 aqui para agradecer a Deus, louvar a Deus, para agradecer a Nossa Senhora por sua intercess\u00e3o. Mas eu espero que voc\u00ea n\u00e3o fique somente nesse agradecimento, espero que voc\u00ea permane\u00e7a firme naquilo que Deus est\u00e1 te dando. Porque se voc\u00ea n\u00e3o vai pelo amor, vai pela dor. Mas vai ser aquele que mesmo pela dor vai abandonando, vai dando as costas para Jesus&#8221;, alertou.<\/p>\n<p><img loading=\"lazy\" class=\"alignnone wp-image-237403 size-full\" src=\"https:\/\/franciscanos.org.br\/noticias\/wp-content\/uploads\/2022\/04\/quartodia_2004_4.jpg\" alt=\"\" width=\"1280\" height=\"853\" srcset=\"https:\/\/franciscanos.org.br\/noticias\/wp-content\/uploads\/2022\/04\/quartodia_2004_4.jpg 1280w, https:\/\/franciscanos.org.br\/noticias\/wp-content\/uploads\/2022\/04\/quartodia_2004_4-450x300.jpg 450w, https:\/\/franciscanos.org.br\/noticias\/wp-content\/uploads\/2022\/04\/quartodia_2004_4-1024x682.jpg 1024w, https:\/\/franciscanos.org.br\/noticias\/wp-content\/uploads\/2022\/04\/quartodia_2004_4-768x512.jpg 768w, https:\/\/franciscanos.org.br\/noticias\/wp-content\/uploads\/2022\/04\/quartodia_2004_4-150x100.jpg 150w\" sizes=\"(max-width: 1280px) 100vw, 1280px\" \/><\/p>\n<p>&#8220;Eu n\u00e3o sei quais s\u00e3o suas dores, n\u00e3o sei os anseios que o trouxeram neste Campinho, n\u00e3o sei quais gra\u00e7as voc\u00eas est\u00e3o pedindo \u00e0 Virgem da Penha, mas Jesus conhece, Jesus sabe. Por isso, voc\u00ea precisa clamar pelo nome de Jesus. Precisa clamar com f\u00e9 e confian\u00e7a. Sem a presen\u00e7a de Jesus a sua vida n\u00e3o tem sentido. A sua vida \u00e9 em v\u00e3o. Muitas pessoas v\u00e3o se perdendo porque buscam na Igreja o batismo, a porta da salva\u00e7\u00e3o, mas depois d\u00e3o as costas a Jesus achando que est\u00e1 tudo certo, que est\u00e1 correto. N\u00e3o est\u00e1&#8221;, disse, fazendo uma ora\u00e7\u00e3o \u00e0 Virgem da Penha, que sem ela n\u00e3o vem a n\u00f3s o Salvador.<\/p>\n<p><img loading=\"lazy\" class=\"alignnone wp-image-237404 size-full\" src=\"https:\/\/franciscanos.org.br\/noticias\/wp-content\/uploads\/2022\/04\/quartodia_2004_3.jpg\" alt=\"\" width=\"1280\" height=\"853\" srcset=\"https:\/\/franciscanos.org.br\/noticias\/wp-content\/uploads\/2022\/04\/quartodia_2004_3.jpg 1280w, https:\/\/franciscanos.org.br\/noticias\/wp-content\/uploads\/2022\/04\/quartodia_2004_3-450x300.jpg 450w, https:\/\/franciscanos.org.br\/noticias\/wp-content\/uploads\/2022\/04\/quartodia_2004_3-1024x682.jpg 1024w, https:\/\/franciscanos.org.br\/noticias\/wp-content\/uploads\/2022\/04\/quartodia_2004_3-768x512.jpg 768w, https:\/\/franciscanos.org.br\/noticias\/wp-content\/uploads\/2022\/04\/quartodia_2004_3-150x100.jpg 150w\" sizes=\"(max-width: 1280px) 100vw, 1280px\" \/><\/p>\n<p><img loading=\"lazy\" class=\"alignnone wp-image-237405 size-full\" src=\"https:\/\/franciscanos.org.br\/noticias\/wp-content\/uploads\/2022\/04\/quartodia_2004_2.jpg\" alt=\"\" width=\"1280\" height=\"853\" srcset=\"https:\/\/franciscanos.org.br\/noticias\/wp-content\/uploads\/2022\/04\/quartodia_2004_2.jpg 1280w, https:\/\/franciscanos.org.br\/noticias\/wp-content\/uploads\/2022\/04\/quartodia_2004_2-450x300.jpg 450w, https:\/\/franciscanos.org.br\/noticias\/wp-content\/uploads\/2022\/04\/quartodia_2004_2-1024x682.jpg 1024w, https:\/\/franciscanos.org.br\/noticias\/wp-content\/uploads\/2022\/04\/quartodia_2004_2-768x512.jpg 768w, https:\/\/franciscanos.org.br\/noticias\/wp-content\/uploads\/2022\/04\/quartodia_2004_2-150x100.jpg 150w\" sizes=\"(max-width: 1280px) 100vw, 1280px\" \/><\/p>\n<p>No final da Celebra\u00e7\u00e3o Eucar\u00edstica, uma homenagem do Santu\u00e1rio de Pe. Jos\u00e9 de Anchieta, que trouxe uma rel\u00edquia do santo brasileiro para a b\u00ean\u00e7\u00e3o final. Foi lido um texto falando sobre a hist\u00f3ria entre S\u00e3o Jos\u00e9 de Anchieta, Frei Pedro Pal\u00e1cios e Nossa Senhora. Dois homens representaram Frei Pedro e S\u00e3o Jos\u00e9 de Anchieta e uma crian\u00e7a representou um \u00edndio no meio dos fi\u00e9is.<\/p>\n<p><strong>MOMENTO DEVOCIONAL<\/strong><\/p>\n<p><img loading=\"lazy\" class=\"alignnone wp-image-237406 size-full\" src=\"https:\/\/franciscanos.org.br\/noticias\/wp-content\/uploads\/2022\/04\/quartodia_2004_6.jpg\" alt=\"\" width=\"1280\" height=\"960\" srcset=\"https:\/\/franciscanos.org.br\/noticias\/wp-content\/uploads\/2022\/04\/quartodia_2004_6.jpg 1280w, https:\/\/franciscanos.org.br\/noticias\/wp-content\/uploads\/2022\/04\/quartodia_2004_6-450x338.jpg 450w, https:\/\/franciscanos.org.br\/noticias\/wp-content\/uploads\/2022\/04\/quartodia_2004_6-1024x768.jpg 1024w, https:\/\/franciscanos.org.br\/noticias\/wp-content\/uploads\/2022\/04\/quartodia_2004_6-768x576.jpg 768w, https:\/\/franciscanos.org.br\/noticias\/wp-content\/uploads\/2022\/04\/quartodia_2004_6-150x113.jpg 150w, https:\/\/franciscanos.org.br\/noticias\/wp-content\/uploads\/2022\/04\/quartodia_2004_6-600x450.jpg 600w\" sizes=\"(max-width: 1280px) 100vw, 1280px\" \/><\/p>\n<p>O Momento Devocional Franciscano e Mariano do Oitav\u00e1rio come\u00e7ou \u00e0s 15h30, quando Frei Alessandro Dias do Nascimento, do Convento da Penha, convidou o povo a conhecer um pouco o devoto da Virgem da Penha, Frei Pedro Pal\u00e1cios, e como ele procurava evangelizar a todos sem distin\u00e7\u00e3o, fossem eles colonos, fossem eles nativos. &#8220;Pouco tempo depois de ter constru\u00eddo o primeiro orat\u00f3rio em honra a Nossa Senhora das Alegrias, o bom religioso percebeu que seu amado quadro da Virgem n\u00e3o estava mais em seu altar. Esse fato lhe causou ang\u00fastias. Podemos imaginar os sofrimentos porque passou aquele santo Frei, imaginando perdido o grande s\u00edmbolo de sua devo\u00e7\u00e3o. No entanto, apesar de todos esses sofrimentos e dores, nenhuma queixa escapou de sua boca&#8221;.<\/p>\n<p><img loading=\"lazy\" class=\"alignnone wp-image-237407 size-full\" src=\"https:\/\/franciscanos.org.br\/noticias\/wp-content\/uploads\/2022\/04\/quartodia_2004_7.jpg\" alt=\"\" width=\"1280\" height=\"960\" srcset=\"https:\/\/franciscanos.org.br\/noticias\/wp-content\/uploads\/2022\/04\/quartodia_2004_7.jpg 1280w, https:\/\/franciscanos.org.br\/noticias\/wp-content\/uploads\/2022\/04\/quartodia_2004_7-450x338.jpg 450w, https:\/\/franciscanos.org.br\/noticias\/wp-content\/uploads\/2022\/04\/quartodia_2004_7-1024x768.jpg 1024w, https:\/\/franciscanos.org.br\/noticias\/wp-content\/uploads\/2022\/04\/quartodia_2004_7-768x576.jpg 768w, https:\/\/franciscanos.org.br\/noticias\/wp-content\/uploads\/2022\/04\/quartodia_2004_7-150x113.jpg 150w, https:\/\/franciscanos.org.br\/noticias\/wp-content\/uploads\/2022\/04\/quartodia_2004_7-600x450.jpg 600w\" sizes=\"(max-width: 1280px) 100vw, 1280px\" \/><\/p>\n<p>Frei Alessandro teve como tema do dia &#8220;Sa\u00fade da F\u00e9&#8221; e tomou o trecho do Evangelho de Lucas 7,1-10, que relata a cura do criado do centuri\u00e3o. Jesus fica admirado com a f\u00e9 do centuri\u00e3o, que \u00e9 estrangeiro: &#8216;Eu vos digo que nem mesmo em Israel encontrei uma f\u00e9 como esta!&#8217;<\/p>\n<p>&#8220;A gente sabe que n\u00e3o basta estar se sentindo fisicamente bem. N\u00f3s temos a dimens\u00e3o espiritual, a dimens\u00e3o social, e essa dimens\u00e3o da f\u00e9 \u00e9 necess\u00e1ria. \u00c0s vezes, se a f\u00e9 n\u00e3o \u00e9 vivida de forma madura, pode nos adoecer&#8221;, disse Frei Alessandro. &#8220;O sentido aqui \u00e9 termos a naturalidade da f\u00e9. Infelizmente, \u00e0s vezes, criamos muros, exclu\u00edmos as pessoas. O Papa Francisco diz que devemos ser uma Igreja em sa\u00edda. Jesus saiu de onde estava e vai ao encontro do centuri\u00e3o. Mas, no meio do caminho, seus servos vieram ao encontro de Jesus e disseram que n\u00e3o precisava ir l\u00e1, pois n\u00e3o eram dignos de receber a visita dele. Bastava dizer uma palavra e o criado seria curado. Jesus diz que nunca tinha visto tanta f\u00e9. Veja, a f\u00e9 nos cura&#8221;, ressaltou.<\/p>\n<p>Frei Alessandro falou da presen\u00e7a de Dom Dario Campos nesta manh\u00e3 no Pronto Atendimento de Alto Lage, em Cariacica, onde a imagem peregrina de Nossa Senhora da Penha fez uma visita aos trabalhadores.<\/p>\n\n\t\t<style type=\"text\/css\">\n\t\t\t#gallery-1 {\n\t\t\t\tmargin: auto;\n\t\t\t}\n\t\t\t#gallery-1 .gallery-item {\n\t\t\t\tfloat: left;\n\t\t\t\tmargin-top: 10px;\n\t\t\t\ttext-align: center;\n\t\t\t\twidth: 25%;\n\t\t\t}\n\t\t\t#gallery-1 img {\n\t\t\t\tborder: 2px solid #cfcfcf;\n\t\t\t}\n\t\t\t#gallery-1 .gallery-caption {\n\t\t\t\tmargin-left: 0;\n\t\t\t}\n\t\t\t\/* see gallery_shortcode() in wp-includes\/media.php *\/\n\t\t<\/style>\n\t\t<div id='gallery-1' class='gallery galleryid-237399 gallery-columns-4 gallery-size-thumbnail'><dl class='gallery-item'>\n\t\t\t<dt class='gallery-icon landscape'>\n\t\t\t\t<a href='https:\/\/franciscanos.org.br\/noticias\/wp-content\/uploads\/2022\/04\/quartodia_2004_5.jpg'><img width=\"300\" height=\"300\" src=\"https:\/\/franciscanos.org.br\/noticias\/wp-content\/uploads\/2022\/04\/quartodia_2004_5-300x300.jpg\" class=\"attachment-thumbnail size-thumbnail\" alt=\"\" loading=\"lazy\" srcset=\"https:\/\/franciscanos.org.br\/noticias\/wp-content\/uploads\/2022\/04\/quartodia_2004_5-300x300.jpg 300w, https:\/\/franciscanos.org.br\/noticias\/wp-content\/uploads\/2022\/04\/quartodia_2004_5-100x100.jpg 100w\" sizes=\"(max-width: 300px) 100vw, 300px\" \/><\/a>\n\t\t\t<\/dt><\/dl><dl class='gallery-item'>\n\t\t\t<dt class='gallery-icon landscape'>\n\t\t\t\t<a href='https:\/\/franciscanos.org.br\/noticias\/wp-content\/uploads\/2022\/04\/quartodia_2004_8.jpg'><img width=\"300\" height=\"300\" src=\"https:\/\/franciscanos.org.br\/noticias\/wp-content\/uploads\/2022\/04\/quartodia_2004_8-300x300.jpg\" class=\"attachment-thumbnail size-thumbnail\" alt=\"\" loading=\"lazy\" srcset=\"https:\/\/franciscanos.org.br\/noticias\/wp-content\/uploads\/2022\/04\/quartodia_2004_8-300x300.jpg 300w, https:\/\/franciscanos.org.br\/noticias\/wp-content\/uploads\/2022\/04\/quartodia_2004_8-100x100.jpg 100w\" sizes=\"(max-width: 300px) 100vw, 300px\" \/><\/a>\n\t\t\t<\/dt><\/dl><dl class='gallery-item'>\n\t\t\t<dt class='gallery-icon landscape'>\n\t\t\t\t<a href='https:\/\/franciscanos.org.br\/noticias\/wp-content\/uploads\/2022\/04\/quartodia_2004_10.jpg'><img width=\"300\" height=\"300\" src=\"https:\/\/franciscanos.org.br\/noticias\/wp-content\/uploads\/2022\/04\/quartodia_2004_10-300x300.jpg\" class=\"attachment-thumbnail size-thumbnail\" alt=\"\" loading=\"lazy\" srcset=\"https:\/\/franciscanos.org.br\/noticias\/wp-content\/uploads\/2022\/04\/quartodia_2004_10-300x300.jpg 300w, https:\/\/franciscanos.org.br\/noticias\/wp-content\/uploads\/2022\/04\/quartodia_2004_10-100x100.jpg 100w\" sizes=\"(max-width: 300px) 100vw, 300px\" \/><\/a>\n\t\t\t<\/dt><\/dl><dl class='gallery-item'>\n\t\t\t<dt class='gallery-icon landscape'>\n\t\t\t\t<a href='https:\/\/franciscanos.org.br\/noticias\/wp-content\/uploads\/2022\/04\/quartodia-2004_11.jpg'><img width=\"300\" height=\"300\" src=\"https:\/\/franciscanos.org.br\/noticias\/wp-content\/uploads\/2022\/04\/quartodia-2004_11-300x300.jpg\" class=\"attachment-thumbnail size-thumbnail\" alt=\"\" loading=\"lazy\" srcset=\"https:\/\/franciscanos.org.br\/noticias\/wp-content\/uploads\/2022\/04\/quartodia-2004_11-300x300.jpg 300w, https:\/\/franciscanos.org.br\/noticias\/wp-content\/uploads\/2022\/04\/quartodia-2004_11-100x100.jpg 100w\" sizes=\"(max-width: 300px) 100vw, 300px\" \/><\/a>\n\t\t\t<\/dt><\/dl><br style=\"clear: both\" \/>\n\t\t<\/div>\n\n<p>A Festa da Penha \u00e9 devocional e cultural, predominantemente marcada pelas grandes celebra\u00e7\u00f5es e romarias. \u00c9 uma realiza\u00e7\u00e3o do Convento da Penha, da Associa\u00e7\u00e3o dos Amigos do Convento da Penha (AACP) e da Mitra Arquidiocesana de Vit\u00f3ria.<\/p>\n<hr \/>\n<p><strong>PROGRAMA\u00c7\u00c3O<\/strong><\/p>\n<p><strong>Dia 21, quinta-feira \u2013 5\u00ba Dia Oitav\u00e1rio<\/strong><\/p>\n<p><strong>Tema do dia: Sa\u00fade das rela\u00e7\u00f5es<\/strong><\/p>\n<p><strong>7h, 9h, 11h<\/strong> \u2013 Missas (Fraternidadede Franciscana), presenciais no Campinho<\/p>\n<p><strong>10h00<\/strong> \u2013 Plantio muda de \u00e1rvore, presencial no Convento<\/p>\n<p><strong>14h00 \u2013<\/strong> Programa &#8220;Salve M\u00e3e das Alegrias&#8221; \u2013 Transmiss\u00e3o ao vivo (TVs, r\u00e1dios, internet)<\/p>\n<p><strong>15h30<\/strong> \u2013 Devocional Oitav\u00e1rio (Frades) \u2013 Transmiss\u00e3o ao vivo (TVs, r\u00e1dios, internet), presencial no Campinho<\/p>\n<p><strong>16h00 <\/strong>\u2013 Missa 5\u00ba Dia Oitav\u00e1rio \u2013 \u00c1rea Pastoral Serra-Fund\u00e3o \u2013 Transmiss\u00e3o ao vivo (TVs, r\u00e1dios, internet), presencial no Campinho<\/p>\n<p><strong>19h30 <\/strong>\u2013 Apresenta\u00e7\u00e3o cultural da Banda Big Beatles com participa\u00e7\u00e3o do Padre Anderson Gomes \u2013 Transmiss\u00e3o ao vivo (TVs, r\u00e1dios, internet), presencial no Campinho<\/p>\n<hr \/>\n<p><em>Comunica\u00e7\u00e3o da Prov\u00edncia da Imaculada Concei\u00e7\u00e3o<\/em><\/p>\n","protected":false},"excerpt":{"rendered":"<p>Quarto dia do Oitav\u00e1rio da Festa da Penha<\/p>\n","protected":false},"author":3,"featured_media":237400,"comment_status":"open","ping_status":"open","sticky":false,"template":"","format":"standard","meta":[],"categories":[1],"tags":[1999],"acf":[],"yoast_head":"<!-- This site is optimized with the Yoast SEO plugin v19.2 - https:\/\/yoast.com\/wordpress\/plugins\/seo\/ -->\n<title>&quot;Em quem\u00a0 estamos depositando a nossa f\u00e9?&quot;, pergunta Pe. Rafael - Not\u00edcias - Franciscanos<\/title>\n<meta name=\"robots\" content=\"index, follow, max-snippet:-1, max-image-preview:large, max-video-preview:-1\" \/>\n<link rel=\"canonical\" href=\"https:\/\/franciscanos.org.br\/noticias\/em-quem-estamos-depositando-a-nossa-fe-pergunta-pe-rafael.html\" \/>\n<meta property=\"og:locale\" content=\"pt_BR\" \/>\n<meta property=\"og:type\" content=\"article\" \/>\n<meta property=\"og:title\" content=\"&quot;Em quem\u00a0 estamos depositando a nossa f\u00e9?&quot;, pergunta Pe. Rafael - Not\u00edcias - Franciscanos\" \/>\n<meta property=\"og:description\" content=\"Quarto dia do Oitav\u00e1rio da Festa da Penha\" \/>\n<meta property=\"og:url\" content=\"https:\/\/franciscanos.org.br\/noticias\/em-quem-estamos-depositando-a-nossa-fe-pergunta-pe-rafael.html\" \/>\n<meta property=\"og:site_name\" content=\"Not\u00edcias - Franciscanos\" \/>\n<meta property=\"article:published_time\" content=\"2022-04-20T23:25:08+00:00\" \/>\n<meta property=\"article:modified_time\" content=\"2023-01-03T17:15:00+00:00\" \/>\n<meta property=\"og:image\" content=\"https:\/\/franciscanos.org.br\/noticias\/wp-content\/uploads\/2022\/04\/quartodia_2004.jpg\" \/>\n\t<meta property=\"og:image:width\" content=\"1280\" \/>\n\t<meta property=\"og:image:height\" content=\"720\" \/>\n\t<meta property=\"og:image:type\" content=\"image\/jpeg\" \/>\n<meta name=\"author\" content=\"moacir\" \/>\n<meta name=\"twitter:card\" content=\"summary_large_image\" \/>\n<meta name=\"twitter:label1\" content=\"Escrito por\" \/>\n\t<meta name=\"twitter:data1\" content=\"moacir\" \/>\n\t<meta name=\"twitter:label2\" content=\"Est. tempo de leitura\" \/>\n\t<meta name=\"twitter:data2\" content=\"7 minutos\" \/>\n<script type=\"application\/ld+json\" class=\"yoast-schema-graph\">{\"@context\":\"https:\/\/schema.org\",\"@graph\":[{\"@type\":\"WebSite\",\"@id\":\"https:\/\/franciscanos.org.br\/noticias\/#website\",\"url\":\"https:\/\/franciscanos.org.br\/noticias\/\",\"name\":\"Not\u00edcias - Franciscanos\",\"description\":\"Prov\u00edncia Franciscana da Imaculada Concei\u00e7\u00e3o do Brasil - Ordem dos Frades Menores - OFM\",\"potentialAction\":[{\"@type\":\"SearchAction\",\"target\":{\"@type\":\"EntryPoint\",\"urlTemplate\":\"https:\/\/franciscanos.org.br\/noticias\/?s={search_term_string}\"},\"query-input\":\"required name=search_term_string\"}],\"inLanguage\":\"pt-BR\"},{\"@type\":\"ImageObject\",\"inLanguage\":\"pt-BR\",\"@id\":\"https:\/\/franciscanos.org.br\/noticias\/em-quem-estamos-depositando-a-nossa-fe-pergunta-pe-rafael.html#primaryimage\",\"url\":\"https:\/\/franciscanos.org.br\/noticias\/wp-content\/uploads\/2022\/04\/quartodia_2004.jpg\",\"contentUrl\":\"https:\/\/franciscanos.org.br\/noticias\/wp-content\/uploads\/2022\/04\/quartodia_2004.jpg\",\"width\":1280,\"height\":720},{\"@type\":\"WebPage\",\"@id\":\"https:\/\/franciscanos.org.br\/noticias\/em-quem-estamos-depositando-a-nossa-fe-pergunta-pe-rafael.html#webpage\",\"url\":\"https:\/\/franciscanos.org.br\/noticias\/em-quem-estamos-depositando-a-nossa-fe-pergunta-pe-rafael.html\",\"name\":\"\\\"Em quem\u00a0 estamos depositando a nossa f\u00e9?\\\", pergunta Pe. Rafael - Not\u00edcias - Franciscanos\",\"isPartOf\":{\"@id\":\"https:\/\/franciscanos.org.br\/noticias\/#website\"},\"primaryImageOfPage\":{\"@id\":\"https:\/\/franciscanos.org.br\/noticias\/em-quem-estamos-depositando-a-nossa-fe-pergunta-pe-rafael.html#primaryimage\"},\"datePublished\":\"2022-04-20T23:25:08+00:00\",\"dateModified\":\"2023-01-03T17:15:00+00:00\",\"author\":{\"@id\":\"https:\/\/franciscanos.org.br\/noticias\/#\/schema\/person\/b5c8cba458c330ccff548b056e95a5d4\"},\"breadcrumb\":{\"@id\":\"https:\/\/franciscanos.org.br\/noticias\/em-quem-estamos-depositando-a-nossa-fe-pergunta-pe-rafael.html#breadcrumb\"},\"inLanguage\":\"pt-BR\",\"potentialAction\":[{\"@type\":\"ReadAction\",\"target\":[\"https:\/\/franciscanos.org.br\/noticias\/em-quem-estamos-depositando-a-nossa-fe-pergunta-pe-rafael.html\"]}]},{\"@type\":\"BreadcrumbList\",\"@id\":\"https:\/\/franciscanos.org.br\/noticias\/em-quem-estamos-depositando-a-nossa-fe-pergunta-pe-rafael.html#breadcrumb\",\"itemListElement\":[{\"@type\":\"ListItem\",\"position\":1,\"name\":\"Home\",\"item\":\"https:\/\/franciscanos.org.br\/noticias\"},{\"@type\":\"ListItem\",\"position\":2,\"name\":\"&#8220;Em quem\u00a0 estamos depositando a nossa f\u00e9?&#8221;, pergunta Pe. Rafael\"}]},{\"@type\":\"Person\",\"@id\":\"https:\/\/franciscanos.org.br\/noticias\/#\/schema\/person\/b5c8cba458c330ccff548b056e95a5d4\",\"name\":\"moacir\",\"image\":{\"@type\":\"ImageObject\",\"inLanguage\":\"pt-BR\",\"@id\":\"https:\/\/franciscanos.org.br\/noticias\/#\/schema\/person\/image\/\",\"url\":\"https:\/\/secure.gravatar.com\/avatar\/d08aa2ce4c8dd416d4479aa8536fcf64?s=96&d=mm&r=g\",\"contentUrl\":\"https:\/\/secure.gravatar.com\/avatar\/d08aa2ce4c8dd416d4479aa8536fcf64?s=96&d=mm&r=g\",\"caption\":\"moacir\"},\"url\":\"https:\/\/franciscanos.org.br\/noticias\/author\/moacir\"}]}<\/script>\n<!-- \/ Yoast SEO plugin. -->","yoast_head_json":{"title":"\"Em quem\u00a0 estamos depositando a nossa f\u00e9?\", pergunta Pe. Rafael - Not\u00edcias - Franciscanos","robots":{"index":"index","follow":"follow","max-snippet":"max-snippet:-1","max-image-preview":"max-image-preview:large","max-video-preview":"max-video-preview:-1"},"canonical":"https:\/\/franciscanos.org.br\/noticias\/em-quem-estamos-depositando-a-nossa-fe-pergunta-pe-rafael.html","og_locale":"pt_BR","og_type":"article","og_title":"\"Em quem\u00a0 estamos depositando a nossa f\u00e9?\", pergunta Pe. Rafael - Not\u00edcias - Franciscanos","og_description":"Quarto dia do Oitav\u00e1rio da Festa da Penha","og_url":"https:\/\/franciscanos.org.br\/noticias\/em-quem-estamos-depositando-a-nossa-fe-pergunta-pe-rafael.html","og_site_name":"Not\u00edcias - Franciscanos","article_published_time":"2022-04-20T23:25:08+00:00","article_modified_time":"2023-01-03T17:15:00+00:00","og_image":[{"width":1280,"height":720,"url":"https:\/\/franciscanos.org.br\/noticias\/wp-content\/uploads\/2022\/04\/quartodia_2004.jpg","type":"image\/jpeg"}],"author":"moacir","twitter_card":"summary_large_image","twitter_misc":{"Escrito por":"moacir","Est. tempo de leitura":"7 minutos"},"schema":{"@context":"https:\/\/schema.org","@graph":[{"@type":"WebSite","@id":"https:\/\/franciscanos.org.br\/noticias\/#website","url":"https:\/\/franciscanos.org.br\/noticias\/","name":"Not\u00edcias - Franciscanos","description":"Prov\u00edncia Franciscana da Imaculada Concei\u00e7\u00e3o do Brasil - Ordem dos Frades Menores - OFM","potentialAction":[{"@type":"SearchAction","target":{"@type":"EntryPoint","urlTemplate":"https:\/\/franciscanos.org.br\/noticias\/?s={search_term_string}"},"query-input":"required name=search_term_string"}],"inLanguage":"pt-BR"},{"@type":"ImageObject","inLanguage":"pt-BR","@id":"https:\/\/franciscanos.org.br\/noticias\/em-quem-estamos-depositando-a-nossa-fe-pergunta-pe-rafael.html#primaryimage","url":"https:\/\/franciscanos.org.br\/noticias\/wp-content\/uploads\/2022\/04\/quartodia_2004.jpg","contentUrl":"https:\/\/franciscanos.org.br\/noticias\/wp-content\/uploads\/2022\/04\/quartodia_2004.jpg","width":1280,"height":720},{"@type":"WebPage","@id":"https:\/\/franciscanos.org.br\/noticias\/em-quem-estamos-depositando-a-nossa-fe-pergunta-pe-rafael.html#webpage","url":"https:\/\/franciscanos.org.br\/noticias\/em-quem-estamos-depositando-a-nossa-fe-pergunta-pe-rafael.html","name":"\"Em quem\u00a0 estamos depositando a nossa f\u00e9?\", pergunta Pe. Rafael - Not\u00edcias - Franciscanos","isPartOf":{"@id":"https:\/\/franciscanos.org.br\/noticias\/#website"},"primaryImageOfPage":{"@id":"https:\/\/franciscanos.org.br\/noticias\/em-quem-estamos-depositando-a-nossa-fe-pergunta-pe-rafael.html#primaryimage"},"datePublished":"2022-04-20T23:25:08+00:00","dateModified":"2023-01-03T17:15:00+00:00","author":{"@id":"https:\/\/franciscanos.org.br\/noticias\/#\/schema\/person\/b5c8cba458c330ccff548b056e95a5d4"},"breadcrumb":{"@id":"https:\/\/franciscanos.org.br\/noticias\/em-quem-estamos-depositando-a-nossa-fe-pergunta-pe-rafael.html#breadcrumb"},"inLanguage":"pt-BR","potentialAction":[{"@type":"ReadAction","target":["https:\/\/franciscanos.org.br\/noticias\/em-quem-estamos-depositando-a-nossa-fe-pergunta-pe-rafael.html"]}]},{"@type":"BreadcrumbList","@id":"https:\/\/franciscanos.org.br\/noticias\/em-quem-estamos-depositando-a-nossa-fe-pergunta-pe-rafael.html#breadcrumb","itemListElement":[{"@type":"ListItem","position":1,"name":"Home","item":"https:\/\/franciscanos.org.br\/noticias"},{"@type":"ListItem","position":2,"name":"&#8220;Em quem\u00a0 estamos depositando a nossa f\u00e9?&#8221;, pergunta Pe. Rafael"}]},{"@type":"Person","@id":"https:\/\/franciscanos.org.br\/noticias\/#\/schema\/person\/b5c8cba458c330ccff548b056e95a5d4","name":"moacir","image":{"@type":"ImageObject","inLanguage":"pt-BR","@id":"https:\/\/franciscanos.org.br\/noticias\/#\/schema\/person\/image\/","url":"https:\/\/secure.gravatar.com\/avatar\/d08aa2ce4c8dd416d4479aa8536fcf64?s=96&d=mm&r=g","contentUrl":"https:\/\/secure.gravatar.com\/avatar\/d08aa2ce4c8dd416d4479aa8536fcf64?s=96&d=mm&r=g","caption":"moacir"},"url":"https:\/\/franciscanos.org.br\/noticias\/author\/moacir"}]}},"_links":{"self":[{"href":"https:\/\/franciscanos.org.br\/noticias\/wp-json\/wp\/v2\/posts\/237399"}],"collection":[{"href":"https:\/\/franciscanos.org.br\/noticias\/wp-json\/wp\/v2\/posts"}],"about":[{"href":"https:\/\/franciscanos.org.br\/noticias\/wp-json\/wp\/v2\/types\/post"}],"author":[{"embeddable":true,"href":"https:\/\/franciscanos.org.br\/noticias\/wp-json\/wp\/v2\/users\/3"}],"replies":[{"embeddable":true,"href":"https:\/\/franciscanos.org.br\/noticias\/wp-json\/wp\/v2\/comments?post=237399"}],"version-history":[{"count":7,"href":"https:\/\/franciscanos.org.br\/noticias\/wp-json\/wp\/v2\/posts\/237399\/revisions"}],"predecessor-version":[{"id":241530,"href":"https:\/\/franciscanos.org.br\/noticias\/wp-json\/wp\/v2\/posts\/237399\/revisions\/241530"}],"wp:featuredmedia":[{"embeddable":true,"href":"https:\/\/franciscanos.org.br\/noticias\/wp-json\/wp\/v2\/media\/237400"}],"wp:attachment":[{"href":"https:\/\/franciscanos.org.br\/noticias\/wp-json\/wp\/v2\/media?parent=237399"}],"wp:term":[{"taxonomy":"category","embeddable":true,"href":"https:\/\/franciscanos.org.br\/noticias\/wp-json\/wp\/v2\/categories?post=237399"},{"taxonomy":"post_tag","embeddable":true,"href":"https:\/\/franciscanos.org.br\/noticias\/wp-json\/wp\/v2\/tags?post=237399"}],"curies":[{"name":"wp","href":"https:\/\/api.w.org\/{rel}","templated":true}]}}