{"id":237391,"date":"2022-04-20T10:01:53","date_gmt":"2022-04-20T13:01:53","guid":{"rendered":"https:\/\/franciscanos.org.br\/noticias\/?p=237391"},"modified":"2022-04-20T10:05:04","modified_gmt":"2022-04-20T13:05:04","slug":"pvf-e-sav-no-espaco-franciscano-da-festa-da-penha","status":"publish","type":"post","link":"https:\/\/franciscanos.org.br\/noticias\/pvf-e-sav-no-espaco-franciscano-da-festa-da-penha.html","title":{"rendered":"Pr\u00f3-Voca\u00e7\u00f5es e Anima\u00e7\u00e3o Vocacional no Espa\u00e7o Franciscano da Festa da Penha"},"content":{"rendered":"<p><img loading=\"lazy\" class=\"alignnone wp-image-237392 size-full\" src=\"https:\/\/franciscanos.org.br\/noticias\/wp-content\/uploads\/2022\/04\/pvf_2004_1.jpg\" alt=\"\" width=\"1280\" height=\"720\" srcset=\"https:\/\/franciscanos.org.br\/noticias\/wp-content\/uploads\/2022\/04\/pvf_2004_1.jpg 1280w, https:\/\/franciscanos.org.br\/noticias\/wp-content\/uploads\/2022\/04\/pvf_2004_1-450x253.jpg 450w, https:\/\/franciscanos.org.br\/noticias\/wp-content\/uploads\/2022\/04\/pvf_2004_1-1024x576.jpg 1024w, https:\/\/franciscanos.org.br\/noticias\/wp-content\/uploads\/2022\/04\/pvf_2004_1-768x432.jpg 768w, https:\/\/franciscanos.org.br\/noticias\/wp-content\/uploads\/2022\/04\/pvf_2004_1-150x84.jpg 150w\" sizes=\"(max-width: 1280px) 100vw, 1280px\" \/><\/p>\n<p>Manter vivo o carisma franciscano na terra que Frei Pedro Pal\u00e1cios aportou h\u00e1 mais de 450 anos, com a devo\u00e7\u00e3o \u00e0 M\u00e3e de Deus, t\u00e3o cara a S\u00e3o Francisco de Assis, \u00e9 a miss\u00e3o dos Frades Menores da Prov\u00edncia da Imaculada Concei\u00e7\u00e3o. Para isso, est\u00e3o presentes na Festa da Penha os frades Frei Je\u00e2 Paulo Andrade e Frei Gabriel Dellandrea, que fazem esse trabalho de divulga\u00e7\u00e3o atrav\u00e9s do Pr\u00f3-Voca\u00e7\u00f5es Franciscanas (PVF) e do Servi\u00e7o de Anima\u00e7\u00e3o Vocacional (SAV).<\/p>\n<p>Frei Je\u00e2 lembra que no \u00faltimo Cap\u00edtulo Provincial destacou-se a Anima\u00e7\u00e3o Vocacional como prioridade e a necessidade de adequar as iniciativas conforme o contexto local. &#8220;Desse modo surgiu a ideia de criar um Espa\u00e7o Franciscano para ser um local de acolhida dos benfeitores do PVF e convite para novos. Tamb\u00e9m um espa\u00e7o para acolhida de jovens que participam de nossos eventos e aqueles que queiram ter uma conversa vocacional em vista de um discernimento vocacional ou que j\u00e1 estejam fazendo seu acompanhamento conosco&#8221;, explicou Frei Je\u00e2. A tenda tem s\u00edmbolos franciscanos, banners, material vocacional, alguns brindes para distribuir aos benfeitores e jovens.<\/p>\n<p><img loading=\"lazy\" class=\"alignnone wp-image-237393 size-full\" src=\"https:\/\/franciscanos.org.br\/noticias\/wp-content\/uploads\/2022\/04\/pvf_2004.jpg\" alt=\"\" width=\"1280\" height=\"857\" srcset=\"https:\/\/franciscanos.org.br\/noticias\/wp-content\/uploads\/2022\/04\/pvf_2004.jpg 1280w, https:\/\/franciscanos.org.br\/noticias\/wp-content\/uploads\/2022\/04\/pvf_2004-450x301.jpg 450w, https:\/\/franciscanos.org.br\/noticias\/wp-content\/uploads\/2022\/04\/pvf_2004-1024x686.jpg 1024w, https:\/\/franciscanos.org.br\/noticias\/wp-content\/uploads\/2022\/04\/pvf_2004-768x514.jpg 768w, https:\/\/franciscanos.org.br\/noticias\/wp-content\/uploads\/2022\/04\/pvf_2004-150x100.jpg 150w\" sizes=\"(max-width: 1280px) 100vw, 1280px\" \/><\/p>\n<p>&#8220;Esta \u00e9 a primeira vez que o PVF e Miss\u00f5es Franciscanas est\u00e3o no Campinho do Convento com um Espa\u00e7o Franciscano dedicado para receber os seus benfeitores desta regi\u00e3o&#8221;, explicou o frade.<\/p>\n<p>O Pr\u00f3-Voca\u00e7\u00f5es tem sede em S\u00e3o Paulo e foi fundado em 1986, tendo como objetivo a divulga\u00e7\u00e3o do carisma franciscano e a manuten\u00e7\u00e3o das Casas de Forma\u00e7\u00e3o desta Prov\u00edncia, bem como a miss\u00e3o que os frades mant\u00eam em Angola, atrav\u00e9s da Funda\u00e7\u00e3o Imaculada M\u00e3e de Deus em Angola (FIMDA).<\/p>\n<p>Frei Gabriel explica que o Servi\u00e7o de Anima\u00e7\u00e3o Vocacional, coordenado pelos animadores provinciais, \u00e9 um trabalho colegiado com os animadores vocacionais regionais e locais, auxilia as fraternidades a anunciarem e a proporem o projeto de vida do frade menor hoje e prepara as mesmas para acolherem aqueles que se mostram interessados pelo carisma franciscano.<\/p>\n","protected":false},"excerpt":{"rendered":"<p>Festa da Penha 2022<\/p>\n","protected":false},"author":3,"featured_media":237392,"comment_status":"open","ping_status":"open","sticky":false,"template":"","format":"standard","meta":[],"categories":[1],"tags":[1999],"acf":[],"yoast_head":"<!-- This site is optimized with the Yoast SEO plugin v19.2 - https:\/\/yoast.com\/wordpress\/plugins\/seo\/ -->\n<title>Pr\u00f3-Voca\u00e7\u00f5es e Anima\u00e7\u00e3o Vocacional no Espa\u00e7o Franciscano da Festa da Penha - Not\u00edcias - Franciscanos<\/title>\n<meta name=\"robots\" content=\"index, follow, max-snippet:-1, max-image-preview:large, max-video-preview:-1\" \/>\n<link rel=\"canonical\" href=\"https:\/\/franciscanos.org.br\/noticias\/pvf-e-sav-no-espaco-franciscano-da-festa-da-penha.html\" \/>\n<meta property=\"og:locale\" content=\"pt_BR\" \/>\n<meta property=\"og:type\" content=\"article\" \/>\n<meta property=\"og:title\" content=\"Pr\u00f3-Voca\u00e7\u00f5es e Anima\u00e7\u00e3o Vocacional no Espa\u00e7o Franciscano da Festa da Penha - Not\u00edcias - Franciscanos\" \/>\n<meta property=\"og:description\" content=\"Festa da Penha 2022\" \/>\n<meta property=\"og:url\" content=\"https:\/\/franciscanos.org.br\/noticias\/pvf-e-sav-no-espaco-franciscano-da-festa-da-penha.html\" \/>\n<meta property=\"og:site_name\" content=\"Not\u00edcias - Franciscanos\" \/>\n<meta property=\"article:published_time\" content=\"2022-04-20T13:01:53+00:00\" \/>\n<meta property=\"article:modified_time\" content=\"2022-04-20T13:05:04+00:00\" \/>\n<meta property=\"og:image\" content=\"https:\/\/franciscanos.org.br\/noticias\/wp-content\/uploads\/2022\/04\/pvf_2004_1.jpg\" \/>\n\t<meta property=\"og:image:width\" content=\"1280\" \/>\n\t<meta property=\"og:image:height\" content=\"720\" \/>\n\t<meta property=\"og:image:type\" content=\"image\/jpeg\" \/>\n<meta name=\"author\" content=\"moacir\" \/>\n<meta name=\"twitter:card\" content=\"summary_large_image\" \/>\n<meta name=\"twitter:label1\" content=\"Escrito por\" \/>\n\t<meta name=\"twitter:data1\" content=\"moacir\" \/>\n\t<meta name=\"twitter:label2\" content=\"Est. tempo de leitura\" \/>\n\t<meta name=\"twitter:data2\" content=\"2 minutos\" \/>\n<script type=\"application\/ld+json\" class=\"yoast-schema-graph\">{\"@context\":\"https:\/\/schema.org\",\"@graph\":[{\"@type\":\"WebSite\",\"@id\":\"https:\/\/franciscanos.org.br\/noticias\/#website\",\"url\":\"https:\/\/franciscanos.org.br\/noticias\/\",\"name\":\"Not\u00edcias - Franciscanos\",\"description\":\"Prov\u00edncia Franciscana da Imaculada Concei\u00e7\u00e3o do Brasil - Ordem dos Frades Menores - OFM\",\"potentialAction\":[{\"@type\":\"SearchAction\",\"target\":{\"@type\":\"EntryPoint\",\"urlTemplate\":\"https:\/\/franciscanos.org.br\/noticias\/?s={search_term_string}\"},\"query-input\":\"required name=search_term_string\"}],\"inLanguage\":\"pt-BR\"},{\"@type\":\"ImageObject\",\"inLanguage\":\"pt-BR\",\"@id\":\"https:\/\/franciscanos.org.br\/noticias\/pvf-e-sav-no-espaco-franciscano-da-festa-da-penha.html#primaryimage\",\"url\":\"https:\/\/franciscanos.org.br\/noticias\/wp-content\/uploads\/2022\/04\/pvf_2004_1.jpg\",\"contentUrl\":\"https:\/\/franciscanos.org.br\/noticias\/wp-content\/uploads\/2022\/04\/pvf_2004_1.jpg\",\"width\":1280,\"height\":720},{\"@type\":\"WebPage\",\"@id\":\"https:\/\/franciscanos.org.br\/noticias\/pvf-e-sav-no-espaco-franciscano-da-festa-da-penha.html#webpage\",\"url\":\"https:\/\/franciscanos.org.br\/noticias\/pvf-e-sav-no-espaco-franciscano-da-festa-da-penha.html\",\"name\":\"Pr\u00f3-Voca\u00e7\u00f5es e Anima\u00e7\u00e3o Vocacional no Espa\u00e7o Franciscano da Festa da Penha - Not\u00edcias - Franciscanos\",\"isPartOf\":{\"@id\":\"https:\/\/franciscanos.org.br\/noticias\/#website\"},\"primaryImageOfPage\":{\"@id\":\"https:\/\/franciscanos.org.br\/noticias\/pvf-e-sav-no-espaco-franciscano-da-festa-da-penha.html#primaryimage\"},\"datePublished\":\"2022-04-20T13:01:53+00:00\",\"dateModified\":\"2022-04-20T13:05:04+00:00\",\"author\":{\"@id\":\"https:\/\/franciscanos.org.br\/noticias\/#\/schema\/person\/b5c8cba458c330ccff548b056e95a5d4\"},\"breadcrumb\":{\"@id\":\"https:\/\/franciscanos.org.br\/noticias\/pvf-e-sav-no-espaco-franciscano-da-festa-da-penha.html#breadcrumb\"},\"inLanguage\":\"pt-BR\",\"potentialAction\":[{\"@type\":\"ReadAction\",\"target\":[\"https:\/\/franciscanos.org.br\/noticias\/pvf-e-sav-no-espaco-franciscano-da-festa-da-penha.html\"]}]},{\"@type\":\"BreadcrumbList\",\"@id\":\"https:\/\/franciscanos.org.br\/noticias\/pvf-e-sav-no-espaco-franciscano-da-festa-da-penha.html#breadcrumb\",\"itemListElement\":[{\"@type\":\"ListItem\",\"position\":1,\"name\":\"Home\",\"item\":\"https:\/\/franciscanos.org.br\/noticias\"},{\"@type\":\"ListItem\",\"position\":2,\"name\":\"Pr\u00f3-Voca\u00e7\u00f5es e Anima\u00e7\u00e3o Vocacional no Espa\u00e7o Franciscano da Festa da Penha\"}]},{\"@type\":\"Person\",\"@id\":\"https:\/\/franciscanos.org.br\/noticias\/#\/schema\/person\/b5c8cba458c330ccff548b056e95a5d4\",\"name\":\"moacir\",\"image\":{\"@type\":\"ImageObject\",\"inLanguage\":\"pt-BR\",\"@id\":\"https:\/\/franciscanos.org.br\/noticias\/#\/schema\/person\/image\/\",\"url\":\"https:\/\/secure.gravatar.com\/avatar\/d08aa2ce4c8dd416d4479aa8536fcf64?s=96&d=mm&r=g\",\"contentUrl\":\"https:\/\/secure.gravatar.com\/avatar\/d08aa2ce4c8dd416d4479aa8536fcf64?s=96&d=mm&r=g\",\"caption\":\"moacir\"},\"url\":\"https:\/\/franciscanos.org.br\/noticias\/author\/moacir\"}]}<\/script>\n<!-- \/ Yoast SEO plugin. -->","yoast_head_json":{"title":"Pr\u00f3-Voca\u00e7\u00f5es e Anima\u00e7\u00e3o Vocacional no Espa\u00e7o Franciscano da Festa da Penha - Not\u00edcias - Franciscanos","robots":{"index":"index","follow":"follow","max-snippet":"max-snippet:-1","max-image-preview":"max-image-preview:large","max-video-preview":"max-video-preview:-1"},"canonical":"https:\/\/franciscanos.org.br\/noticias\/pvf-e-sav-no-espaco-franciscano-da-festa-da-penha.html","og_locale":"pt_BR","og_type":"article","og_title":"Pr\u00f3-Voca\u00e7\u00f5es e Anima\u00e7\u00e3o Vocacional no Espa\u00e7o Franciscano da Festa da Penha - Not\u00edcias - Franciscanos","og_description":"Festa da Penha 2022","og_url":"https:\/\/franciscanos.org.br\/noticias\/pvf-e-sav-no-espaco-franciscano-da-festa-da-penha.html","og_site_name":"Not\u00edcias - Franciscanos","article_published_time":"2022-04-20T13:01:53+00:00","article_modified_time":"2022-04-20T13:05:04+00:00","og_image":[{"width":1280,"height":720,"url":"https:\/\/franciscanos.org.br\/noticias\/wp-content\/uploads\/2022\/04\/pvf_2004_1.jpg","type":"image\/jpeg"}],"author":"moacir","twitter_card":"summary_large_image","twitter_misc":{"Escrito por":"moacir","Est. tempo de leitura":"2 minutos"},"schema":{"@context":"https:\/\/schema.org","@graph":[{"@type":"WebSite","@id":"https:\/\/franciscanos.org.br\/noticias\/#website","url":"https:\/\/franciscanos.org.br\/noticias\/","name":"Not\u00edcias - Franciscanos","description":"Prov\u00edncia Franciscana da Imaculada Concei\u00e7\u00e3o do Brasil - Ordem dos Frades Menores - OFM","potentialAction":[{"@type":"SearchAction","target":{"@type":"EntryPoint","urlTemplate":"https:\/\/franciscanos.org.br\/noticias\/?s={search_term_string}"},"query-input":"required name=search_term_string"}],"inLanguage":"pt-BR"},{"@type":"ImageObject","inLanguage":"pt-BR","@id":"https:\/\/franciscanos.org.br\/noticias\/pvf-e-sav-no-espaco-franciscano-da-festa-da-penha.html#primaryimage","url":"https:\/\/franciscanos.org.br\/noticias\/wp-content\/uploads\/2022\/04\/pvf_2004_1.jpg","contentUrl":"https:\/\/franciscanos.org.br\/noticias\/wp-content\/uploads\/2022\/04\/pvf_2004_1.jpg","width":1280,"height":720},{"@type":"WebPage","@id":"https:\/\/franciscanos.org.br\/noticias\/pvf-e-sav-no-espaco-franciscano-da-festa-da-penha.html#webpage","url":"https:\/\/franciscanos.org.br\/noticias\/pvf-e-sav-no-espaco-franciscano-da-festa-da-penha.html","name":"Pr\u00f3-Voca\u00e7\u00f5es e Anima\u00e7\u00e3o Vocacional no Espa\u00e7o Franciscano da Festa da Penha - Not\u00edcias - Franciscanos","isPartOf":{"@id":"https:\/\/franciscanos.org.br\/noticias\/#website"},"primaryImageOfPage":{"@id":"https:\/\/franciscanos.org.br\/noticias\/pvf-e-sav-no-espaco-franciscano-da-festa-da-penha.html#primaryimage"},"datePublished":"2022-04-20T13:01:53+00:00","dateModified":"2022-04-20T13:05:04+00:00","author":{"@id":"https:\/\/franciscanos.org.br\/noticias\/#\/schema\/person\/b5c8cba458c330ccff548b056e95a5d4"},"breadcrumb":{"@id":"https:\/\/franciscanos.org.br\/noticias\/pvf-e-sav-no-espaco-franciscano-da-festa-da-penha.html#breadcrumb"},"inLanguage":"pt-BR","potentialAction":[{"@type":"ReadAction","target":["https:\/\/franciscanos.org.br\/noticias\/pvf-e-sav-no-espaco-franciscano-da-festa-da-penha.html"]}]},{"@type":"BreadcrumbList","@id":"https:\/\/franciscanos.org.br\/noticias\/pvf-e-sav-no-espaco-franciscano-da-festa-da-penha.html#breadcrumb","itemListElement":[{"@type":"ListItem","position":1,"name":"Home","item":"https:\/\/franciscanos.org.br\/noticias"},{"@type":"ListItem","position":2,"name":"Pr\u00f3-Voca\u00e7\u00f5es e Anima\u00e7\u00e3o Vocacional no Espa\u00e7o Franciscano da Festa da Penha"}]},{"@type":"Person","@id":"https:\/\/franciscanos.org.br\/noticias\/#\/schema\/person\/b5c8cba458c330ccff548b056e95a5d4","name":"moacir","image":{"@type":"ImageObject","inLanguage":"pt-BR","@id":"https:\/\/franciscanos.org.br\/noticias\/#\/schema\/person\/image\/","url":"https:\/\/secure.gravatar.com\/avatar\/d08aa2ce4c8dd416d4479aa8536fcf64?s=96&d=mm&r=g","contentUrl":"https:\/\/secure.gravatar.com\/avatar\/d08aa2ce4c8dd416d4479aa8536fcf64?s=96&d=mm&r=g","caption":"moacir"},"url":"https:\/\/franciscanos.org.br\/noticias\/author\/moacir"}]}},"_links":{"self":[{"href":"https:\/\/franciscanos.org.br\/noticias\/wp-json\/wp\/v2\/posts\/237391"}],"collection":[{"href":"https:\/\/franciscanos.org.br\/noticias\/wp-json\/wp\/v2\/posts"}],"about":[{"href":"https:\/\/franciscanos.org.br\/noticias\/wp-json\/wp\/v2\/types\/post"}],"author":[{"embeddable":true,"href":"https:\/\/franciscanos.org.br\/noticias\/wp-json\/wp\/v2\/users\/3"}],"replies":[{"embeddable":true,"href":"https:\/\/franciscanos.org.br\/noticias\/wp-json\/wp\/v2\/comments?post=237391"}],"version-history":[{"count":4,"href":"https:\/\/franciscanos.org.br\/noticias\/wp-json\/wp\/v2\/posts\/237391\/revisions"}],"predecessor-version":[{"id":237397,"href":"https:\/\/franciscanos.org.br\/noticias\/wp-json\/wp\/v2\/posts\/237391\/revisions\/237397"}],"wp:featuredmedia":[{"embeddable":true,"href":"https:\/\/franciscanos.org.br\/noticias\/wp-json\/wp\/v2\/media\/237392"}],"wp:attachment":[{"href":"https:\/\/franciscanos.org.br\/noticias\/wp-json\/wp\/v2\/media?parent=237391"}],"wp:term":[{"taxonomy":"category","embeddable":true,"href":"https:\/\/franciscanos.org.br\/noticias\/wp-json\/wp\/v2\/categories?post=237391"},{"taxonomy":"post_tag","embeddable":true,"href":"https:\/\/franciscanos.org.br\/noticias\/wp-json\/wp\/v2\/tags?post=237391"}],"curies":[{"name":"wp","href":"https:\/\/api.w.org\/{rel}","templated":true}]}}