{"id":237371,"date":"2022-04-19T20:42:48","date_gmt":"2022-04-19T23:42:48","guid":{"rendered":"https:\/\/franciscanos.org.br\/noticias\/?p=237371"},"modified":"2023-01-03T14:16:11","modified_gmt":"2023-01-03T17:16:11","slug":"pe-vitor-pede-sinais-do-ressuscitado-e-nao-sinais-de-morte","status":"publish","type":"post","link":"https:\/\/franciscanos.org.br\/noticias\/pe-vitor-pede-sinais-do-ressuscitado-e-nao-sinais-de-morte.html","title":{"rendered":"Pe. Vitor pede &#8216;sinais do Ressuscitado&#8217; e n\u00e3o &#8216;sinais de morte&#8217;"},"content":{"rendered":"<p><img loading=\"lazy\" class=\"alignnone wp-image-237372 size-full\" src=\"https:\/\/franciscanos.org.br\/noticias\/wp-content\/uploads\/2022\/04\/terceirodia_1904_8.jpg\" alt=\"\" width=\"1280\" height=\"720\" srcset=\"https:\/\/franciscanos.org.br\/noticias\/wp-content\/uploads\/2022\/04\/terceirodia_1904_8.jpg 1280w, https:\/\/franciscanos.org.br\/noticias\/wp-content\/uploads\/2022\/04\/terceirodia_1904_8-450x253.jpg 450w, https:\/\/franciscanos.org.br\/noticias\/wp-content\/uploads\/2022\/04\/terceirodia_1904_8-1024x576.jpg 1024w, https:\/\/franciscanos.org.br\/noticias\/wp-content\/uploads\/2022\/04\/terceirodia_1904_8-768x432.jpg 768w, https:\/\/franciscanos.org.br\/noticias\/wp-content\/uploads\/2022\/04\/terceirodia_1904_8-150x84.jpg 150w\" sizes=\"(max-width: 1280px) 100vw, 1280px\" \/><\/p>\n<p><strong>Vila Velha (ES)<\/strong> &#8211; Com saudades das celebra\u00e7\u00f5es presenciais, os fi\u00e9is devotos de Nossa Senhora da Penha est\u00e3o lotando o Campinho do Convento da Penha. N\u00e3o foi diferente nesta ter\u00e7a-feira, 19 de abril, no terceiro dia do Oitav\u00e1rio da 452\u00aa edi\u00e7\u00e3o da Festa da Virgem das Alegrias.<\/p>\n<p>A Missa foi presidida pelo Pe. Rodrigo Costa Silva, C.Ss.R., da Par\u00f3quia Sagrada Fam\u00edlia, em Cariacica (ES). Os presb\u00edteros, di\u00e1conos e seminaristas da \u00c1rea Pastoral Cariacica\/Viana (formada por 18 par\u00f3quias nesses munic\u00edpios) concelebraram, juntamente com Vig\u00e1rio Provincial, Frei Gustavo Medella, o guardi\u00e3o Frei Djalmo Fuck, os frades do Convento da Penha e do Santu\u00e1rio Divino Esp\u00edrito Santo e os frades que chegaram de S\u00e3o Paulo, Frei Je\u00e2 Paulo Andrade e Frei Gabriel Dellandrea, do Servi\u00e7o de Anima\u00e7\u00e3o Vocacional (SAV).<\/p>\n<div id=\"attachment_237373\" style=\"width: 1290px\" class=\"wp-caption alignnone\"><img aria-describedby=\"caption-attachment-237373\" loading=\"lazy\" class=\"wp-image-237373 size-full\" src=\"https:\/\/franciscanos.org.br\/noticias\/wp-content\/uploads\/2022\/04\/terceirodia_1904_2.jpg\" alt=\"\" width=\"1280\" height=\"853\" srcset=\"https:\/\/franciscanos.org.br\/noticias\/wp-content\/uploads\/2022\/04\/terceirodia_1904_2.jpg 1280w, https:\/\/franciscanos.org.br\/noticias\/wp-content\/uploads\/2022\/04\/terceirodia_1904_2-450x300.jpg 450w, https:\/\/franciscanos.org.br\/noticias\/wp-content\/uploads\/2022\/04\/terceirodia_1904_2-1024x682.jpg 1024w, https:\/\/franciscanos.org.br\/noticias\/wp-content\/uploads\/2022\/04\/terceirodia_1904_2-768x512.jpg 768w, https:\/\/franciscanos.org.br\/noticias\/wp-content\/uploads\/2022\/04\/terceirodia_1904_2-150x100.jpg 150w\" sizes=\"(max-width: 1280px) 100vw, 1280px\" \/><p id=\"caption-attachment-237373\" class=\"wp-caption-text\"><em>Pe. Vitor C\u00e9sar Zille Noronha, o pregador deste dia do Oitav\u00e1rio<\/em><\/p><\/div>\n<p>Mais um belo dia de sol garantiu um cen\u00e1rio prop\u00edcio para subir o Morro e festejar a M\u00e3e das Alegrias, como fez o devoto Frei Pedro Pal\u00e1cios h\u00e1 452 anos, quando instituiu esta festividade em 1571, um pouco antes de falecer.<\/p>\n<p>O tema deste ano da Festa \u00e9 &#8220;Sa\u00fade dos enfermos, rogai por n\u00f3s&#8221;, trecho da Ladainha de Nossa Senhora que foi escolhido por causa da pandemia que ainda est\u00e1 em atividade. Mas no Estado, o Governo liberou os encontros presenciais e os fi\u00e9is podem participar das celebra\u00e7\u00f5es sem m\u00e1scara.<\/p>\n<p>Uma boa parte do povo que esteve no Campinho do Morro da Penha tamb\u00e9m veio dos munic\u00edpios de Cariacica e Viana, j\u00e1 que neste dia esta \u00c1rea Pastoral ficou com a responsabilidade lit\u00fargica da Festa.<\/p>\n<p><img loading=\"lazy\" class=\"alignnone wp-image-237374 size-full\" src=\"https:\/\/franciscanos.org.br\/noticias\/wp-content\/uploads\/2022\/04\/terceirodia_1904_7.jpg\" alt=\"\" width=\"1280\" height=\"1148\" srcset=\"https:\/\/franciscanos.org.br\/noticias\/wp-content\/uploads\/2022\/04\/terceirodia_1904_7.jpg 1204w, https:\/\/franciscanos.org.br\/noticias\/wp-content\/uploads\/2022\/04\/terceirodia_1904_7-450x404.jpg 450w, https:\/\/franciscanos.org.br\/noticias\/wp-content\/uploads\/2022\/04\/terceirodia_1904_7-1024x918.jpg 1024w, https:\/\/franciscanos.org.br\/noticias\/wp-content\/uploads\/2022\/04\/terceirodia_1904_7-768x689.jpg 768w, https:\/\/franciscanos.org.br\/noticias\/wp-content\/uploads\/2022\/04\/terceirodia_1904_7-150x135.jpg 150w\" sizes=\"(max-width: 1280px) 100vw, 1280px\" \/><\/p>\n<p>O pregador escolhido para este terceiro dia do Oitav\u00e1rio foi o Pe. Vitor C\u00e9sar Zille Noronha, do Santu\u00e1rio Bom Pastor de Cariacica. Segundo ele, a liturgia de hoje nos ensina que \u00e9 fundamental a experi\u00eancia pessoal com Jesus Ressuscitado. &#8220;Nos ensina que nosso Deus n\u00e3o est\u00e1 morto, que nosso Deus est\u00e1 vivo, est\u00e1 no meio de n\u00f3s&#8221;, disse.<\/p>\n<p>Pe. V\u00edtor disse que a leitura do Evangelho (Jo 20,11-18) nos d\u00e1 pistas muito preciosas para fazermos essa experi\u00eancia que muda todas as coisas. &#8220;Vejam s\u00f3. Observamos Maria Madalena que vai ao t\u00famulo \u00e0 procura Daquele que havia morrido. Devemos ressaltar que ela j\u00e1 est\u00e1 a passos muito \u00e0 frente dos disc\u00edpulos, porque \u00e9 verdade que o Cristo Jesus n\u00e3o morreu a partir de um acidente de camelo no caminho de Jerusal\u00e9m, n\u00e3o pegou uma doen\u00e7a qualquer. Jesus foi perseguido no compl\u00f4 terr\u00edvel dos poderes religiosos, pol\u00edticos, econ\u00f4micos e imperial. E os subordinados a eles, os judeus e aqueles que eram seus seguidores, disc\u00edpulos e disc\u00edpulas, est\u00e3o com muito medo depois da crucifica\u00e7\u00e3o. Tinham perdido a esperan\u00e7a. Maria Madalena foi aquela mulher que se levantou, n\u00e3o teve medo, que correu risco de morte. Sabemos que as mulheres t\u00eam papel central na hist\u00f3ria da salva\u00e7\u00e3o. A salva\u00e7\u00e3o entrou no mundo por uma mulher, a qual dedicamos esta Festa, Maria Sant\u00edssima. A<em> Porta Fidei <\/em>n\u00e3o \u00e9 a salvadora, mas \u00e9 a porta da salva\u00e7\u00e3o. E a f\u00e9 na encarna\u00e7\u00e3o entrou no mundo pelo seu <em>sim<\/em>, pelo seu <em>fiat<\/em>, pelo seu <em>fa\u00e7a-se<\/em>. A f\u00e9 no Ressuscitado entrou no mundo por meio de outra mulher, Maria Madalena. Vejam s\u00f3, ela n\u00e3o teve medo. Ela estava na beira do t\u00famulo, olhando para dentro, e chorava de tristeza pelo vazio, pela crise que enfrentava. Tantas vezes o Ressuscitado est\u00e1 no meio de n\u00f3s, mas somos tomados pelo desespero, pelo medo, pelo pavor, e n\u00e3o conseguimos reconhec\u00ea-Lo&#8221;, ponderou.<\/p>\n<div id=\"attachment_237375\" style=\"width: 1290px\" class=\"wp-caption alignnone\"><img aria-describedby=\"caption-attachment-237375\" loading=\"lazy\" class=\"wp-image-237375 size-full\" src=\"https:\/\/franciscanos.org.br\/noticias\/wp-content\/uploads\/2022\/04\/terceirodia_1904_12.jpg\" alt=\"\" width=\"1280\" height=\"1707\" srcset=\"https:\/\/franciscanos.org.br\/noticias\/wp-content\/uploads\/2022\/04\/terceirodia_1904_12.jpg 810w, https:\/\/franciscanos.org.br\/noticias\/wp-content\/uploads\/2022\/04\/terceirodia_1904_12-337x450.jpg 337w, https:\/\/franciscanos.org.br\/noticias\/wp-content\/uploads\/2022\/04\/terceirodia_1904_12-768x1024.jpg 768w, https:\/\/franciscanos.org.br\/noticias\/wp-content\/uploads\/2022\/04\/terceirodia_1904_12-1152x1536.jpg 1152w, https:\/\/franciscanos.org.br\/noticias\/wp-content\/uploads\/2022\/04\/terceirodia_1904_12-150x200.jpg 150w\" sizes=\"(max-width: 1280px) 100vw, 1280px\" \/><p id=\"caption-attachment-237375\" class=\"wp-caption-text\"><em>Pe. Rodrigo Costa Silva, C.Ss.R., da Par\u00f3quia Sagrada Fam\u00edlia, em Cariacica (ES)<\/em><\/p><\/div>\n<p>Segundo Pe. Vitor, foi preciso fazer uma experi\u00eancia pessoal com o Cristo Jesus, que aparece sob a forma de um jardineiro. &#8220;E para n\u00f3s isso tem um significado fundamental, ao menos dois: um teol\u00f3gico e outro espiritual. No significado teol\u00f3gico, o Evangelho de Jo\u00e3o resgata a ideia do G\u00eanesis, da cria\u00e7\u00e3o, no qual Deus fez o Jardim do \u00c9den e colocou o homem e a mulher para viver a justi\u00e7a e a verdade&#8221;, disse, lembrando que o Papa Francisco nos ensina a sermos cuidadores da Casa Comum.<\/p>\n<p>Para o celebrante, entrou no mundo o pecado, a viol\u00eancia e a desigualdade, e essa realidade esteve desordenada. Por isso, o evangelista Jo\u00e3o coloca o t\u00famulo de Jesus no jardim, mostrando que ele reconstitui o para\u00edso original e que Cristo Jesus \u00e9 o novo Ad\u00e3o, o novo in\u00edcio da humanidade.<\/p>\n<p>No significado espiritual, Jo\u00e3o faz quest\u00e3o de ressaltar que as apari\u00e7\u00f5es de Jesus sempre s\u00e3o com pessoas e o termo que ele usa \u00e9 confundido. &#8220;Confundiu-se com pessoas pobres. Vejam s\u00f3. Ali era um jardineiro, mais \u00e0 frente nos disc\u00edpulos de Ema\u00fas ser\u00e1 um peregrino, um viajante, um retirante. Um pouquinho depois ser\u00e1 um fantasma. Mais ainda para frente ser\u00e1 um mendigo que tem fome e pede, na margem do rio Tiber\u00edades, de comer. Vejam s\u00f3. Nessas pessoas, o Ressuscitado vai aparecendo, repara que confundido com eles, conjunto e misturado&#8221;, explicou.<\/p>\n<p><img loading=\"lazy\" class=\"alignnone wp-image-237376 size-full\" src=\"https:\/\/franciscanos.org.br\/noticias\/wp-content\/uploads\/2022\/04\/terceirodia_1904_10.jpg\" alt=\"\" width=\"1280\" height=\"960\" srcset=\"https:\/\/franciscanos.org.br\/noticias\/wp-content\/uploads\/2022\/04\/terceirodia_1904_10.jpg 1280w, https:\/\/franciscanos.org.br\/noticias\/wp-content\/uploads\/2022\/04\/terceirodia_1904_10-450x338.jpg 450w, https:\/\/franciscanos.org.br\/noticias\/wp-content\/uploads\/2022\/04\/terceirodia_1904_10-1024x768.jpg 1024w, https:\/\/franciscanos.org.br\/noticias\/wp-content\/uploads\/2022\/04\/terceirodia_1904_10-768x576.jpg 768w, https:\/\/franciscanos.org.br\/noticias\/wp-content\/uploads\/2022\/04\/terceirodia_1904_10-150x113.jpg 150w, https:\/\/franciscanos.org.br\/noticias\/wp-content\/uploads\/2022\/04\/terceirodia_1904_10-600x450.jpg 600w\" sizes=\"(max-width: 1280px) 100vw, 1280px\" \/><\/p>\n<p>Segundo ele, Cristo Jesus ressuscitou, j\u00e1 venceu o pecado e a morte e deve voltar para a Casa do Pai, mas ele permanece confundido com os pobres, com os oprimidos deste mundo. &#8220;Por isso, meus irm\u00e3os e minhas irm\u00e3s, se queremos encontrar o Cristo Ressuscitado, devemos, ouvindo aquele o clamor do Papa Francisco, ser uma Igreja em sa\u00edda nas Galileias deste mundo. Devemos estar, sim, com as pessoas em situa\u00e7\u00e3o de rua, com os encarcerados, com as pessoas LGBTs, com os negros, todos aqueles que sofrem opress\u00e3o, discrimina\u00e7\u00e3o, ali a Igreja deve estar e isso tem um fundamento espiritual. Espiritual n\u00e3o \u00e9 aquele que fica muito alienado e fora das coisas deste mundo, n\u00e3o. O espiritual, tal como diz Jesus, \u00e9 aquele que se faz carne na carne dos \u00faltimos. \u00c9 esta a espiritualidade de Jesus, que ele ensinou. Porque aquilo que n\u00e3o \u00e9 assumido n\u00e3o \u00e9 revivido, como ensinaram os Padres da Igreja&#8221;, observou.<\/p>\n<p>Pe. Vitor lamentou tantos sinais de morte hoje. &#8220;Recentemente pudemos observar, n\u00e3o sei se voc\u00eas acompanharam, uma coisa triste. O Governo Federal vetou, e temos a\u00ed a Campanha da Fraternidade sobre educa\u00e7\u00e3o, a distribui\u00e7\u00e3o de absorventes para as meninas pobres. Professores e professoras que estejam aqui presente n\u00e3o v\u00e3o me deixar falar sozinho. Como que isso leva meninas faltarem \u00e0s aulas, terem d\u00e9ficit de aprendizado. Para isso, n\u00e3o tem dinheiro. E em meio a Campanha da Fraternidade, tantos cat\u00f3licos que se calam, fecham os olhos. N\u00e3o, temos que ser profetas. Enquanto isso, tem dinheiro para viagra, para pr\u00f3tese peniana e lubrificantes para as For\u00e7as Armadas (aplausos). Sinais de morte. Uma grande sacanagem, podemos dizer assim. Vejam s\u00f3 que coisa triste. Sinais de morte&#8221;, enfatizou.<\/p>\n\n\t\t<style type=\"text\/css\">\n\t\t\t#gallery-1 {\n\t\t\t\tmargin: auto;\n\t\t\t}\n\t\t\t#gallery-1 .gallery-item {\n\t\t\t\tfloat: left;\n\t\t\t\tmargin-top: 10px;\n\t\t\t\ttext-align: center;\n\t\t\t\twidth: 25%;\n\t\t\t}\n\t\t\t#gallery-1 img {\n\t\t\t\tborder: 2px solid #cfcfcf;\n\t\t\t}\n\t\t\t#gallery-1 .gallery-caption {\n\t\t\t\tmargin-left: 0;\n\t\t\t}\n\t\t\t\/* see gallery_shortcode() in wp-includes\/media.php *\/\n\t\t<\/style>\n\t\t<div id='gallery-1' class='gallery galleryid-237371 gallery-columns-4 gallery-size-thumbnail'><dl class='gallery-item'>\n\t\t\t<dt class='gallery-icon landscape'>\n\t\t\t\t<a href='https:\/\/franciscanos.org.br\/noticias\/wp-content\/uploads\/2022\/04\/terceirodia_1904_1.jpg'><img width=\"300\" height=\"300\" src=\"https:\/\/franciscanos.org.br\/noticias\/wp-content\/uploads\/2022\/04\/terceirodia_1904_1-300x300.jpg\" class=\"attachment-thumbnail size-thumbnail\" alt=\"\" loading=\"lazy\" srcset=\"https:\/\/franciscanos.org.br\/noticias\/wp-content\/uploads\/2022\/04\/terceirodia_1904_1-300x300.jpg 300w, https:\/\/franciscanos.org.br\/noticias\/wp-content\/uploads\/2022\/04\/terceirodia_1904_1-100x100.jpg 100w\" sizes=\"(max-width: 300px) 100vw, 300px\" \/><\/a>\n\t\t\t<\/dt><\/dl><dl class='gallery-item'>\n\t\t\t<dt class='gallery-icon landscape'>\n\t\t\t\t<a href='https:\/\/franciscanos.org.br\/noticias\/wp-content\/uploads\/2022\/04\/terceirodia_1904_5.jpg'><img width=\"300\" height=\"300\" src=\"https:\/\/franciscanos.org.br\/noticias\/wp-content\/uploads\/2022\/04\/terceirodia_1904_5-300x300.jpg\" class=\"attachment-thumbnail size-thumbnail\" alt=\"\" loading=\"lazy\" srcset=\"https:\/\/franciscanos.org.br\/noticias\/wp-content\/uploads\/2022\/04\/terceirodia_1904_5-300x300.jpg 300w, https:\/\/franciscanos.org.br\/noticias\/wp-content\/uploads\/2022\/04\/terceirodia_1904_5-100x100.jpg 100w\" sizes=\"(max-width: 300px) 100vw, 300px\" \/><\/a>\n\t\t\t<\/dt><\/dl><dl class='gallery-item'>\n\t\t\t<dt class='gallery-icon landscape'>\n\t\t\t\t<a href='https:\/\/franciscanos.org.br\/noticias\/wp-content\/uploads\/2022\/04\/terceirodia_1904_6.jpg'><img width=\"300\" height=\"300\" src=\"https:\/\/franciscanos.org.br\/noticias\/wp-content\/uploads\/2022\/04\/terceirodia_1904_6-300x300.jpg\" class=\"attachment-thumbnail size-thumbnail\" alt=\"\" loading=\"lazy\" srcset=\"https:\/\/franciscanos.org.br\/noticias\/wp-content\/uploads\/2022\/04\/terceirodia_1904_6-300x300.jpg 300w, https:\/\/franciscanos.org.br\/noticias\/wp-content\/uploads\/2022\/04\/terceirodia_1904_6-100x100.jpg 100w\" sizes=\"(max-width: 300px) 100vw, 300px\" \/><\/a>\n\t\t\t<\/dt><\/dl><dl class='gallery-item'>\n\t\t\t<dt class='gallery-icon landscape'>\n\t\t\t\t<a href='https:\/\/franciscanos.org.br\/noticias\/wp-content\/uploads\/2022\/04\/terceirodia_1904_9.jpg'><img width=\"300\" height=\"300\" src=\"https:\/\/franciscanos.org.br\/noticias\/wp-content\/uploads\/2022\/04\/terceirodia_1904_9-300x300.jpg\" class=\"attachment-thumbnail size-thumbnail\" alt=\"\" loading=\"lazy\" srcset=\"https:\/\/franciscanos.org.br\/noticias\/wp-content\/uploads\/2022\/04\/terceirodia_1904_9-300x300.jpg 300w, https:\/\/franciscanos.org.br\/noticias\/wp-content\/uploads\/2022\/04\/terceirodia_1904_9-100x100.jpg 100w\" sizes=\"(max-width: 300px) 100vw, 300px\" \/><\/a>\n\t\t\t<\/dt><\/dl><br style=\"clear: both\" \/>\n\t\t<\/div>\n\n<p><em>\u00a0 \u00a0 \u00a0 \u00a0(toque nas imagens para ampli\u00e1-las)<\/em><\/p>\n<p>&#8220;Cristo Jesus \u00e9 aquele que n\u00e3o pode ser retido. Seu Esp\u00edrito vivificador permanece vivo no meio de n\u00f3s. Ele ascendeu ao Pai, e pela primeira vez no Evangelho de Jo\u00e3o, ele nos chama de irm\u00e3os. J\u00e1 havia nos chamados de amigos, j\u00e1 havia nos chamados de disc\u00edpulos, mas irm\u00e3os, n\u00e3o. Por qu\u00ea? Porque em Cristo Jesus somos todos irm\u00e3os. Irm\u00e3os de sangue. N\u00e3o somos irm\u00e3os da boca para fora. Mesmo aquele sangue, que Cristo Jesus derramou por mim, derramou sobre cada um de voc\u00eas, de modo que a partir disso n\u00f3s somos filiados Nele e Nele no Pai. Por isso, meus irm\u00e3os e irm\u00e3s, viver em para\u00edso que j\u00e1 come\u00e7ou agora \u00e9 viver, como disse S\u00e3o Francisco de Assis e o Papa Francisco: <em>Fratelli tutti<\/em>. Irm\u00e3os todos! Uma s\u00f3 fam\u00edlia em torno de Deus que \u00e9 Pai, uma s\u00f3 mesa de Eucaristia onde o p\u00e3o \u00e9 partilhado e todos t\u00eam lugar. Pela for\u00e7a do Ressuscitado, um mundo de iguais, um mundo de irm\u00e3os. Escutemos o que Pedro diz: \u00c9 verdade que os poderosos, os opressores deste mundo buscam nos corromper. Mas lembremos sempre que em Cristo Jesus aqueles que assassinaram, que mataram Deus, fez Senhor e Cristo. O Cristo n\u00e3o \u00e9 um Cristo com arma na m\u00e3o. O Cristo \u00e9 um Cristo com toalha e bacia nas m\u00e3os. O Cristo n\u00e3o est\u00e1 por cima, dominando e explorando como os poderosos deste mundo. O Cristo est\u00e1 por baixo lavando os p\u00e9s. Os poderosos deste mundo, como P\u00f4ncio Pilatos lavam as m\u00e3os. Jesus Cristo est\u00e1 a servi\u00e7o lavando os p\u00e9s. Este \u00e9 Cristo Jesus. Por isso, irm\u00e3os e irm\u00e3s, ele n\u00e3o disse &#8216;Armai-vos uns aos outros&#8217;, n\u00e3o. Desde Pio XII, a Doutrina da Igreja \u00e9 pelo desarmamento. O nosso Cristo disse: &#8220;Amai-vos uns aos outros&#8221; e assim \u00e9 ser sinal da Ressurrei\u00e7\u00e3o. Sejamos sinais do Ressuscitado!<\/p>\n<p><img loading=\"lazy\" class=\"alignnone wp-image-237377 size-full\" src=\"https:\/\/franciscanos.org.br\/noticias\/wp-content\/uploads\/2022\/04\/terceirodia_1904.jpg\" alt=\"\" width=\"1280\" height=\"1707\" srcset=\"https:\/\/franciscanos.org.br\/noticias\/wp-content\/uploads\/2022\/04\/terceirodia_1904.jpg 810w, https:\/\/franciscanos.org.br\/noticias\/wp-content\/uploads\/2022\/04\/terceirodia_1904-337x450.jpg 337w, https:\/\/franciscanos.org.br\/noticias\/wp-content\/uploads\/2022\/04\/terceirodia_1904-768x1024.jpg 768w, https:\/\/franciscanos.org.br\/noticias\/wp-content\/uploads\/2022\/04\/terceirodia_1904-1152x1536.jpg 1152w, https:\/\/franciscanos.org.br\/noticias\/wp-content\/uploads\/2022\/04\/terceirodia_1904-150x200.jpg 150w\" sizes=\"(max-width: 1280px) 100vw, 1280px\" \/><\/p>\n<p><strong>MOMENTO DEVOCIONAL<\/strong><\/p>\n<p>O Oitav\u00e1rio, o momento devocional da Festa da Penha, come\u00e7ou \u00e0s 15h30, quando o vig\u00e1rio paroquial do Santu\u00e1rio Divino Esp\u00edrito Santo, Jos\u00e9 Clemente M\u00fcller, convidou o povo a conhecer um pouco o devoto da Virgem da Penha, Frei Pedro Pal\u00e1cios, e tamb\u00e9m abordou o tema do dia: Sa\u00fade emocional.<\/p>\n<p>A imagem de Nossa Senhora da Penha foi carregada por quatro profissionais que atuam como psic\u00f3logos, m\u00e9dicos e enfermeiros, entre eles Osmar Sales, o criador do Ter\u00e7o entre as palmeiras. Na prociss\u00e3o de entrada, crian\u00e7as vestidas de anjinhos abriram o cortejo com o hino da Festa da Penha.<\/p>\n<div id=\"attachment_237378\" style=\"width: 1290px\" class=\"wp-caption alignnone\"><img aria-describedby=\"caption-attachment-237378\" loading=\"lazy\" class=\"wp-image-237378 size-full\" src=\"https:\/\/franciscanos.org.br\/noticias\/wp-content\/uploads\/2022\/04\/terceirodia_1904_3.jpg\" alt=\"\" width=\"1280\" height=\"853\" srcset=\"https:\/\/franciscanos.org.br\/noticias\/wp-content\/uploads\/2022\/04\/terceirodia_1904_3.jpg 1280w, https:\/\/franciscanos.org.br\/noticias\/wp-content\/uploads\/2022\/04\/terceirodia_1904_3-450x300.jpg 450w, https:\/\/franciscanos.org.br\/noticias\/wp-content\/uploads\/2022\/04\/terceirodia_1904_3-1024x682.jpg 1024w, https:\/\/franciscanos.org.br\/noticias\/wp-content\/uploads\/2022\/04\/terceirodia_1904_3-768x512.jpg 768w, https:\/\/franciscanos.org.br\/noticias\/wp-content\/uploads\/2022\/04\/terceirodia_1904_3-150x100.jpg 150w\" sizes=\"(max-width: 1280px) 100vw, 1280px\" \/><p id=\"caption-attachment-237378\" class=\"wp-caption-text\"><em>O vig\u00e1rio paroquial do Santu\u00e1rio Divino Esp\u00edrito Santo, Jos\u00e9 Clemente M\u00fcller<\/em><\/p><\/div>\n<p>Na sua reflex\u00e3o sobre o tema do dia. Frei Clemente disse que a M\u00e3e de Deus olha especialmente a cada um de n\u00f3s. &#8220;N\u00e3o vamos duvidar e dar as costas para o seu filho Jesus. Ela falou aos serventes e ainda hoje fala para n\u00f3s: &#8216;Fazei tudo o que Ele vos disser&#8217;. Foi nas bodas de Can\u00e1. A grande preocupa\u00e7\u00e3o \u00e9 que eles n\u00e3o tinham mais vinho, faltava amor. O vinho \u00e9 s\u00edmbolo do amor e as jarras estavam vazias. As jarras s\u00e3o s\u00edmbolos do cora\u00e7\u00e3o. O cora\u00e7\u00e3o estava vazio. N\u00e3o podemos deixar o cora\u00e7\u00e3o do crist\u00e3o se render diante das coisas mundanas e vamos olhar aquele lado espiritual. Irm\u00e3os e irm\u00e3s, subimos esta montanha ou pelo amor ou pela dor. Mas tanto pela dor ou pelo amor, n\u00f3s vamos ao louvor a Deus atrav\u00e9s de sua M\u00e3e Sant\u00edssima. Que ela aben\u00e7oe a cada romeiro, a cada peregrino que aqui veio, aben\u00e7oe nosso bairro e nossa fam\u00edlia&#8221;, pediu o frade, lembrando que o evangelista Marcos vai dizer assim: &#8220;Aquelas mulheres que seguiam, serviam e subiam com Ele a Jerusal\u00e9m&#8221;. S\u00e3o os tr\u00eas &#8216;esses&#8217; dos peregrinos que v\u00eam a esta montanha: seguir a Jesus, servir a Jesus e subir esta montanha. Subir para se encontrar com Deus&#8221;, ensinou.<\/p>\n<p>&nbsp;<\/p>\n<p>Esse momento devocional faz um resgaste dos prim\u00f3rdios da devo\u00e7\u00e3o a Nossa Senhora. Hoje, recordou-se que Frei Pedro Pal\u00e1cios se estabeleceu em sua humilde gruta e tratou logo de p\u00f4r em pr\u00e1tica seu esp\u00edrito mission\u00e1rio ao preparar um pequeno orat\u00f3rio de Nossa Senhora das Alegrias: &#8220;Como luz resplandecente, Frei Pedro tinha sempre uma palavra de conforto e de amabilidade para todos os que dele se aproximassem, e assim podia chegar facilmente ao cora\u00e7\u00e3o de cada habitante desta terra&#8221;, concluiu o texto deste dia.<\/p>\n<p><img loading=\"lazy\" class=\"alignnone wp-image-237379 size-full\" src=\"https:\/\/franciscanos.org.br\/noticias\/wp-content\/uploads\/2022\/04\/terceirodia_1904_4.jpg\" alt=\"\" width=\"1280\" height=\"831\" srcset=\"https:\/\/franciscanos.org.br\/noticias\/wp-content\/uploads\/2022\/04\/terceirodia_1904_4.jpg 1280w, https:\/\/franciscanos.org.br\/noticias\/wp-content\/uploads\/2022\/04\/terceirodia_1904_4-450x292.jpg 450w, https:\/\/franciscanos.org.br\/noticias\/wp-content\/uploads\/2022\/04\/terceirodia_1904_4-1024x665.jpg 1024w, https:\/\/franciscanos.org.br\/noticias\/wp-content\/uploads\/2022\/04\/terceirodia_1904_4-768x499.jpg 768w, https:\/\/franciscanos.org.br\/noticias\/wp-content\/uploads\/2022\/04\/terceirodia_1904_4-150x97.jpg 150w\" sizes=\"(max-width: 1280px) 100vw, 1280px\" \/><\/p>\n<p>Frei Paulo C\u00e9sar Ferreira terminou este momento cantando a m\u00fasica de Pe. Zezinho \u201cMaria de Minha Inf\u00e2ncia\u201d.<\/p>\n<p>O Oitav\u00e1rio continua nos pr\u00f3ximos dias, sempre \u00e0s 15h30. Amanh\u00e3, 20, a celebra\u00e7\u00e3o contar\u00e1 com a participa\u00e7\u00e3o do clero e das comunidades da \u00c1rea Pastoral Benevente.<\/p>\n<hr \/>\n<p><strong>PROGRAMA\u00c7\u00c3O<\/strong><\/p>\n<p><strong>Dia 20, quarta-feira \u2013 4\u00ba Dia Oitav\u00e1rio<\/strong><\/p>\n<p>Tema do dia: Sa\u00fade da f\u00e9<\/p>\n<p><strong>7h, 9h, 11h<\/strong> \u2013 Missas (Fraternidade Franciscana), presenciais no Campinho<\/p>\n<p><strong>11h00 <\/strong>\u2013 Visita da Imagem da Santa a Cariacica<\/p>\n<p><strong>14h00<\/strong> \u2013 Programa &#8220;Salve M\u00e3e das Alegrias&#8221; \u2013 Transmiss\u00e3o ao vivo (TVs, r\u00e1dios, internet)<\/p>\n<p><strong>15h30 <\/strong>\u2013 Devocional Oitav\u00e1rio (Frades) \u2013 Transmiss\u00e3o ao vivo (TVs, r\u00e1dios, internet), presencial no Campinho<\/p>\n<p><strong>16h00<\/strong> \u2013 Missa 4\u00ba Dia Oitav\u00e1rio (\u00c1rea Pastoral Benevente). Transmiss\u00e3o ao vivo (TVs, r\u00e1dios, internet), presencial no Campinho<\/p>\n<p><strong>19h30 <\/strong>\u2013 Apresenta\u00e7\u00e3o da Orquestra Sinf\u00f4nica do ES \u2013 Transmiss\u00e3o ao vivo (TVs, r\u00e1dios, internet), presencial no Santu\u00e1rio de Vila Velha<\/p>\n<hr \/>\n<p><em>Comunica\u00e7\u00e3o da Prov\u00edncia da Imaculada Concei\u00e7\u00e3o<\/em><\/p>\n","protected":false},"excerpt":{"rendered":"<p>Terceiro dia do Oitav\u00e1rio da Festa da Penha<\/p>\n","protected":false},"author":3,"featured_media":237372,"comment_status":"open","ping_status":"open","sticky":false,"template":"","format":"standard","meta":[],"categories":[1],"tags":[1999],"acf":[],"yoast_head":"<!-- This site is optimized with the Yoast SEO plugin v19.2 - https:\/\/yoast.com\/wordpress\/plugins\/seo\/ -->\n<title>Pe. Vitor pede &#039;sinais do Ressuscitado&#039; e n\u00e3o &#039;sinais de morte&#039; - Not\u00edcias - Franciscanos<\/title>\n<meta name=\"robots\" content=\"index, follow, max-snippet:-1, max-image-preview:large, max-video-preview:-1\" \/>\n<link rel=\"canonical\" href=\"https:\/\/franciscanos.org.br\/noticias\/pe-vitor-pede-sinais-do-ressuscitado-e-nao-sinais-de-morte.html\" \/>\n<meta property=\"og:locale\" content=\"pt_BR\" \/>\n<meta property=\"og:type\" content=\"article\" \/>\n<meta property=\"og:title\" content=\"Pe. Vitor pede &#039;sinais do Ressuscitado&#039; e n\u00e3o &#039;sinais de morte&#039; - Not\u00edcias - Franciscanos\" \/>\n<meta property=\"og:description\" content=\"Terceiro dia do Oitav\u00e1rio da Festa da Penha\" \/>\n<meta property=\"og:url\" content=\"https:\/\/franciscanos.org.br\/noticias\/pe-vitor-pede-sinais-do-ressuscitado-e-nao-sinais-de-morte.html\" \/>\n<meta property=\"og:site_name\" content=\"Not\u00edcias - Franciscanos\" \/>\n<meta property=\"article:published_time\" content=\"2022-04-19T23:42:48+00:00\" \/>\n<meta property=\"article:modified_time\" content=\"2023-01-03T17:16:11+00:00\" \/>\n<meta property=\"og:image\" content=\"https:\/\/franciscanos.org.br\/noticias\/wp-content\/uploads\/2022\/04\/terceirodia_1904_8.jpg\" \/>\n\t<meta property=\"og:image:width\" content=\"1280\" \/>\n\t<meta property=\"og:image:height\" content=\"720\" \/>\n\t<meta property=\"og:image:type\" content=\"image\/jpeg\" \/>\n<meta name=\"author\" content=\"moacir\" \/>\n<meta name=\"twitter:card\" content=\"summary_large_image\" \/>\n<meta name=\"twitter:label1\" content=\"Escrito por\" \/>\n\t<meta name=\"twitter:data1\" content=\"moacir\" \/>\n\t<meta name=\"twitter:label2\" content=\"Est. tempo de leitura\" \/>\n\t<meta name=\"twitter:data2\" content=\"11 minutos\" \/>\n<script type=\"application\/ld+json\" class=\"yoast-schema-graph\">{\"@context\":\"https:\/\/schema.org\",\"@graph\":[{\"@type\":\"WebSite\",\"@id\":\"https:\/\/franciscanos.org.br\/noticias\/#website\",\"url\":\"https:\/\/franciscanos.org.br\/noticias\/\",\"name\":\"Not\u00edcias - Franciscanos\",\"description\":\"Prov\u00edncia Franciscana da Imaculada Concei\u00e7\u00e3o do Brasil - Ordem dos Frades Menores - OFM\",\"potentialAction\":[{\"@type\":\"SearchAction\",\"target\":{\"@type\":\"EntryPoint\",\"urlTemplate\":\"https:\/\/franciscanos.org.br\/noticias\/?s={search_term_string}\"},\"query-input\":\"required name=search_term_string\"}],\"inLanguage\":\"pt-BR\"},{\"@type\":\"ImageObject\",\"inLanguage\":\"pt-BR\",\"@id\":\"https:\/\/franciscanos.org.br\/noticias\/pe-vitor-pede-sinais-do-ressuscitado-e-nao-sinais-de-morte.html#primaryimage\",\"url\":\"https:\/\/franciscanos.org.br\/noticias\/wp-content\/uploads\/2022\/04\/terceirodia_1904_8.jpg\",\"contentUrl\":\"https:\/\/franciscanos.org.br\/noticias\/wp-content\/uploads\/2022\/04\/terceirodia_1904_8.jpg\",\"width\":1280,\"height\":720},{\"@type\":\"WebPage\",\"@id\":\"https:\/\/franciscanos.org.br\/noticias\/pe-vitor-pede-sinais-do-ressuscitado-e-nao-sinais-de-morte.html#webpage\",\"url\":\"https:\/\/franciscanos.org.br\/noticias\/pe-vitor-pede-sinais-do-ressuscitado-e-nao-sinais-de-morte.html\",\"name\":\"Pe. Vitor pede 'sinais do Ressuscitado' e n\u00e3o 'sinais de morte' - Not\u00edcias - Franciscanos\",\"isPartOf\":{\"@id\":\"https:\/\/franciscanos.org.br\/noticias\/#website\"},\"primaryImageOfPage\":{\"@id\":\"https:\/\/franciscanos.org.br\/noticias\/pe-vitor-pede-sinais-do-ressuscitado-e-nao-sinais-de-morte.html#primaryimage\"},\"datePublished\":\"2022-04-19T23:42:48+00:00\",\"dateModified\":\"2023-01-03T17:16:11+00:00\",\"author\":{\"@id\":\"https:\/\/franciscanos.org.br\/noticias\/#\/schema\/person\/b5c8cba458c330ccff548b056e95a5d4\"},\"breadcrumb\":{\"@id\":\"https:\/\/franciscanos.org.br\/noticias\/pe-vitor-pede-sinais-do-ressuscitado-e-nao-sinais-de-morte.html#breadcrumb\"},\"inLanguage\":\"pt-BR\",\"potentialAction\":[{\"@type\":\"ReadAction\",\"target\":[\"https:\/\/franciscanos.org.br\/noticias\/pe-vitor-pede-sinais-do-ressuscitado-e-nao-sinais-de-morte.html\"]}]},{\"@type\":\"BreadcrumbList\",\"@id\":\"https:\/\/franciscanos.org.br\/noticias\/pe-vitor-pede-sinais-do-ressuscitado-e-nao-sinais-de-morte.html#breadcrumb\",\"itemListElement\":[{\"@type\":\"ListItem\",\"position\":1,\"name\":\"Home\",\"item\":\"https:\/\/franciscanos.org.br\/noticias\"},{\"@type\":\"ListItem\",\"position\":2,\"name\":\"Pe. Vitor pede &#8216;sinais do Ressuscitado&#8217; e n\u00e3o &#8216;sinais de morte&#8217;\"}]},{\"@type\":\"Person\",\"@id\":\"https:\/\/franciscanos.org.br\/noticias\/#\/schema\/person\/b5c8cba458c330ccff548b056e95a5d4\",\"name\":\"moacir\",\"image\":{\"@type\":\"ImageObject\",\"inLanguage\":\"pt-BR\",\"@id\":\"https:\/\/franciscanos.org.br\/noticias\/#\/schema\/person\/image\/\",\"url\":\"https:\/\/secure.gravatar.com\/avatar\/d08aa2ce4c8dd416d4479aa8536fcf64?s=96&d=mm&r=g\",\"contentUrl\":\"https:\/\/secure.gravatar.com\/avatar\/d08aa2ce4c8dd416d4479aa8536fcf64?s=96&d=mm&r=g\",\"caption\":\"moacir\"},\"url\":\"https:\/\/franciscanos.org.br\/noticias\/author\/moacir\"}]}<\/script>\n<!-- \/ Yoast SEO plugin. -->","yoast_head_json":{"title":"Pe. Vitor pede 'sinais do Ressuscitado' e n\u00e3o 'sinais de morte' - Not\u00edcias - Franciscanos","robots":{"index":"index","follow":"follow","max-snippet":"max-snippet:-1","max-image-preview":"max-image-preview:large","max-video-preview":"max-video-preview:-1"},"canonical":"https:\/\/franciscanos.org.br\/noticias\/pe-vitor-pede-sinais-do-ressuscitado-e-nao-sinais-de-morte.html","og_locale":"pt_BR","og_type":"article","og_title":"Pe. Vitor pede 'sinais do Ressuscitado' e n\u00e3o 'sinais de morte' - Not\u00edcias - Franciscanos","og_description":"Terceiro dia do Oitav\u00e1rio da Festa da Penha","og_url":"https:\/\/franciscanos.org.br\/noticias\/pe-vitor-pede-sinais-do-ressuscitado-e-nao-sinais-de-morte.html","og_site_name":"Not\u00edcias - Franciscanos","article_published_time":"2022-04-19T23:42:48+00:00","article_modified_time":"2023-01-03T17:16:11+00:00","og_image":[{"width":1280,"height":720,"url":"https:\/\/franciscanos.org.br\/noticias\/wp-content\/uploads\/2022\/04\/terceirodia_1904_8.jpg","type":"image\/jpeg"}],"author":"moacir","twitter_card":"summary_large_image","twitter_misc":{"Escrito por":"moacir","Est. tempo de leitura":"11 minutos"},"schema":{"@context":"https:\/\/schema.org","@graph":[{"@type":"WebSite","@id":"https:\/\/franciscanos.org.br\/noticias\/#website","url":"https:\/\/franciscanos.org.br\/noticias\/","name":"Not\u00edcias - Franciscanos","description":"Prov\u00edncia Franciscana da Imaculada Concei\u00e7\u00e3o do Brasil - Ordem dos Frades Menores - OFM","potentialAction":[{"@type":"SearchAction","target":{"@type":"EntryPoint","urlTemplate":"https:\/\/franciscanos.org.br\/noticias\/?s={search_term_string}"},"query-input":"required name=search_term_string"}],"inLanguage":"pt-BR"},{"@type":"ImageObject","inLanguage":"pt-BR","@id":"https:\/\/franciscanos.org.br\/noticias\/pe-vitor-pede-sinais-do-ressuscitado-e-nao-sinais-de-morte.html#primaryimage","url":"https:\/\/franciscanos.org.br\/noticias\/wp-content\/uploads\/2022\/04\/terceirodia_1904_8.jpg","contentUrl":"https:\/\/franciscanos.org.br\/noticias\/wp-content\/uploads\/2022\/04\/terceirodia_1904_8.jpg","width":1280,"height":720},{"@type":"WebPage","@id":"https:\/\/franciscanos.org.br\/noticias\/pe-vitor-pede-sinais-do-ressuscitado-e-nao-sinais-de-morte.html#webpage","url":"https:\/\/franciscanos.org.br\/noticias\/pe-vitor-pede-sinais-do-ressuscitado-e-nao-sinais-de-morte.html","name":"Pe. Vitor pede 'sinais do Ressuscitado' e n\u00e3o 'sinais de morte' - Not\u00edcias - Franciscanos","isPartOf":{"@id":"https:\/\/franciscanos.org.br\/noticias\/#website"},"primaryImageOfPage":{"@id":"https:\/\/franciscanos.org.br\/noticias\/pe-vitor-pede-sinais-do-ressuscitado-e-nao-sinais-de-morte.html#primaryimage"},"datePublished":"2022-04-19T23:42:48+00:00","dateModified":"2023-01-03T17:16:11+00:00","author":{"@id":"https:\/\/franciscanos.org.br\/noticias\/#\/schema\/person\/b5c8cba458c330ccff548b056e95a5d4"},"breadcrumb":{"@id":"https:\/\/franciscanos.org.br\/noticias\/pe-vitor-pede-sinais-do-ressuscitado-e-nao-sinais-de-morte.html#breadcrumb"},"inLanguage":"pt-BR","potentialAction":[{"@type":"ReadAction","target":["https:\/\/franciscanos.org.br\/noticias\/pe-vitor-pede-sinais-do-ressuscitado-e-nao-sinais-de-morte.html"]}]},{"@type":"BreadcrumbList","@id":"https:\/\/franciscanos.org.br\/noticias\/pe-vitor-pede-sinais-do-ressuscitado-e-nao-sinais-de-morte.html#breadcrumb","itemListElement":[{"@type":"ListItem","position":1,"name":"Home","item":"https:\/\/franciscanos.org.br\/noticias"},{"@type":"ListItem","position":2,"name":"Pe. Vitor pede &#8216;sinais do Ressuscitado&#8217; e n\u00e3o &#8216;sinais de morte&#8217;"}]},{"@type":"Person","@id":"https:\/\/franciscanos.org.br\/noticias\/#\/schema\/person\/b5c8cba458c330ccff548b056e95a5d4","name":"moacir","image":{"@type":"ImageObject","inLanguage":"pt-BR","@id":"https:\/\/franciscanos.org.br\/noticias\/#\/schema\/person\/image\/","url":"https:\/\/secure.gravatar.com\/avatar\/d08aa2ce4c8dd416d4479aa8536fcf64?s=96&d=mm&r=g","contentUrl":"https:\/\/secure.gravatar.com\/avatar\/d08aa2ce4c8dd416d4479aa8536fcf64?s=96&d=mm&r=g","caption":"moacir"},"url":"https:\/\/franciscanos.org.br\/noticias\/author\/moacir"}]}},"_links":{"self":[{"href":"https:\/\/franciscanos.org.br\/noticias\/wp-json\/wp\/v2\/posts\/237371"}],"collection":[{"href":"https:\/\/franciscanos.org.br\/noticias\/wp-json\/wp\/v2\/posts"}],"about":[{"href":"https:\/\/franciscanos.org.br\/noticias\/wp-json\/wp\/v2\/types\/post"}],"author":[{"embeddable":true,"href":"https:\/\/franciscanos.org.br\/noticias\/wp-json\/wp\/v2\/users\/3"}],"replies":[{"embeddable":true,"href":"https:\/\/franciscanos.org.br\/noticias\/wp-json\/wp\/v2\/comments?post=237371"}],"version-history":[{"count":2,"href":"https:\/\/franciscanos.org.br\/noticias\/wp-json\/wp\/v2\/posts\/237371\/revisions"}],"predecessor-version":[{"id":241531,"href":"https:\/\/franciscanos.org.br\/noticias\/wp-json\/wp\/v2\/posts\/237371\/revisions\/241531"}],"wp:featuredmedia":[{"embeddable":true,"href":"https:\/\/franciscanos.org.br\/noticias\/wp-json\/wp\/v2\/media\/237372"}],"wp:attachment":[{"href":"https:\/\/franciscanos.org.br\/noticias\/wp-json\/wp\/v2\/media?parent=237371"}],"wp:term":[{"taxonomy":"category","embeddable":true,"href":"https:\/\/franciscanos.org.br\/noticias\/wp-json\/wp\/v2\/categories?post=237371"},{"taxonomy":"post_tag","embeddable":true,"href":"https:\/\/franciscanos.org.br\/noticias\/wp-json\/wp\/v2\/tags?post=237371"}],"curies":[{"name":"wp","href":"https:\/\/api.w.org\/{rel}","templated":true}]}}