{"id":237342,"date":"2022-04-18T20:01:21","date_gmt":"2022-04-18T23:01:21","guid":{"rendered":"https:\/\/franciscanos.org.br\/noticias\/?p=237342"},"modified":"2023-01-03T14:16:50","modified_gmt":"2023-01-03T17:16:50","slug":"pe-daniel-convida-apesar-de-um-periodo-de-medo-que-possamos-correr-alegres-para-cantar-os-louvores-da-mae","status":"publish","type":"post","link":"https:\/\/franciscanos.org.br\/noticias\/pe-daniel-convida-apesar-de-um-periodo-de-medo-que-possamos-correr-alegres-para-cantar-os-louvores-da-mae.html","title":{"rendered":"Pe. Daniel convida: &#8220;Apesar de um per\u00edodo de medo, que possamos correr alegres para cantar os louvores da M\u00e3e&#8221;"},"content":{"rendered":"<p><img loading=\"lazy\" class=\"alignnone wp-image-237343 size-full\" src=\"https:\/\/franciscanos.org.br\/noticias\/wp-content\/uploads\/2022\/04\/segundodia_1804.jpg\" alt=\"\" width=\"1280\" height=\"720\" srcset=\"https:\/\/franciscanos.org.br\/noticias\/wp-content\/uploads\/2022\/04\/segundodia_1804.jpg 1280w, https:\/\/franciscanos.org.br\/noticias\/wp-content\/uploads\/2022\/04\/segundodia_1804-450x253.jpg 450w, https:\/\/franciscanos.org.br\/noticias\/wp-content\/uploads\/2022\/04\/segundodia_1804-1024x576.jpg 1024w, https:\/\/franciscanos.org.br\/noticias\/wp-content\/uploads\/2022\/04\/segundodia_1804-768x432.jpg 768w, https:\/\/franciscanos.org.br\/noticias\/wp-content\/uploads\/2022\/04\/segundodia_1804-150x84.jpg 150w\" sizes=\"(max-width: 1280px) 100vw, 1280px\" \/><\/p>\n<p><strong>\u00a0<\/strong><strong>Vila Velha (ES)<\/strong> &#8211; O bom p\u00fablico que veio ao Campinho do Convento da Penha nesta segunda-feira da P\u00e1scoa, 18 de abril, ouviu do Pe. Daniel Calil Mascalubo, da Par\u00f3quia S\u00e3o Sebasti\u00e3o do Alto Guandu, em Afonso Cl\u00e1udio, uma mensagem de esperan\u00e7a e alegria.\u00a0 Ele presidiu a Celebra\u00e7\u00e3o Eucar\u00edstica deste segundo dia do Oitav\u00e1rio da Festa da Penha, tendo como concelebrantes os frades do Convento e os padres da \u00c1rea Pastoral Serrana da Arquidiocese de Vit\u00f3ria (formada por 9 par\u00f3quias, localizadas nos munic\u00edpios de Afonso Cl\u00e1udio, Brejetuba, Domingos Martins, Marechal Floriano, Santa Leopoldina e Santa Maria de Jetib\u00e1).<\/p>\n<p>Uma boa parte do povo que esteve no Campinho do Morro da Penha tamb\u00e9m veio da Regi\u00e3o Serrana, j\u00e1 que neste dia esta \u00c1rea Pastoral ficou com a responsabilidade lit\u00fargica da Festa.<\/p>\n<p><img loading=\"lazy\" class=\"alignnone wp-image-237344 size-full\" src=\"https:\/\/franciscanos.org.br\/noticias\/wp-content\/uploads\/2022\/04\/segundodia_1804_1.jpg\" alt=\"\" width=\"1280\" height=\"1005\" srcset=\"https:\/\/franciscanos.org.br\/noticias\/wp-content\/uploads\/2022\/04\/segundodia_1804_1.jpg 1280w, https:\/\/franciscanos.org.br\/noticias\/wp-content\/uploads\/2022\/04\/segundodia_1804_1-450x353.jpg 450w, https:\/\/franciscanos.org.br\/noticias\/wp-content\/uploads\/2022\/04\/segundodia_1804_1-1024x804.jpg 1024w, https:\/\/franciscanos.org.br\/noticias\/wp-content\/uploads\/2022\/04\/segundodia_1804_1-768x603.jpg 768w, https:\/\/franciscanos.org.br\/noticias\/wp-content\/uploads\/2022\/04\/segundodia_1804_1-150x118.jpg 150w\" sizes=\"(max-width: 1280px) 100vw, 1280px\" \/><\/p>\n<p>Neste ano, o tema da 452\u00aa edi\u00e7\u00e3o da Festa \u00e9 &#8220;Sa\u00fade dos enfermos, rogai por n\u00f3s&#8221;, trecho da Ladainha de Nossa Senhora que foi escolhido devido ao momento pand\u00eamico. Pe. Daniel partiu deste tema e do Evangelho do dia (Mt 28,8-15), que narra o encontro das mulheres com o Ressuscitado, para fazer a sua reflex\u00e3o.<\/p>\n<p>&#8220;Que sentimento interessante dessas mulheres que partiram ao sepulcro. Aparentemente duas coisas contradit\u00f3rias. Estavam com muito medo, mas correram com alegria. O medo e a alegria. O medo porque foi o sentimento que as levou ao sepulcro. O medo da morte, o medo da dor, o medo de tudo aquilo que separa de uma vida longa e feliz. Portanto, o medo, mas ao mesmo tempo a alegria de que, no cen\u00e1rio de morte, encontrou-se esperan\u00e7a porque o t\u00famulo estava vazio. O t\u00famulo aberto com os len\u00e7\u00f3is dobrados ao lado, e o Senhor Ressuscitado, mesmo que ainda havia um risco, mas na alegria de saber que Deus cumpriu a sua promessa. E partindo, ent\u00e3o apressadamente, alegres, elas se encontram com o autor da felicidade. A alegria \u00e9 o pr\u00f3prio Jesus e Nosso Senhor aparecendo. No primeiro momento n\u00e3o diz: &#8216;N\u00e3o tenham medo&#8217;, mas &#8216;Alegrai-vos&#8217;. A primeira ordem de Jesus \u00e9 se alegrar. Apesar de tudo aquilo que passou, se alegrem, porque ele est\u00e1 no meio de n\u00f3s. E se alegrando n\u00f3s n\u00e3o temos mais medo&#8221;, destacou o celebrante.<\/p>\n<p><img loading=\"lazy\" class=\"alignnone wp-image-237345 size-full\" src=\"https:\/\/franciscanos.org.br\/noticias\/wp-content\/uploads\/2022\/04\/segundodia_1804_2.jpg\" alt=\"\" width=\"1280\" height=\"1707\" srcset=\"https:\/\/franciscanos.org.br\/noticias\/wp-content\/uploads\/2022\/04\/segundodia_1804_2.jpg 810w, https:\/\/franciscanos.org.br\/noticias\/wp-content\/uploads\/2022\/04\/segundodia_1804_2-337x450.jpg 337w, https:\/\/franciscanos.org.br\/noticias\/wp-content\/uploads\/2022\/04\/segundodia_1804_2-768x1024.jpg 768w, https:\/\/franciscanos.org.br\/noticias\/wp-content\/uploads\/2022\/04\/segundodia_1804_2-1152x1536.jpg 1152w, https:\/\/franciscanos.org.br\/noticias\/wp-content\/uploads\/2022\/04\/segundodia_1804_2-150x200.jpg 150w\" sizes=\"(max-width: 1280px) 100vw, 1280px\" \/><\/p>\n<p>Segundo ele, esse \u00e9 o \u00edmpeto que o Senhor coloca no nosso cora\u00e7\u00e3o para a Festa da Penha: Alegrai-vos e n\u00e3o tenham medo! Eu sou a sa\u00fade dos enfermos! &#8220;Essa confian\u00e7a no Senhor n\u00f3s precisamos ter porque o tempo pascal, constantemente, nos projetar\u00e1 no cora\u00e7\u00e3o uma alegria que vai para al\u00e9m deste mundo. O Senhor \u00e9 sa\u00fade dos enfermos, mas n\u00e3o de uma doen\u00e7a somente deste mundo ou de um sofrimento para esta realidade. O Senhor \u00e9 a sa\u00fade dos enfermos que nos afasta constantemente daquilo que \u00e9 o pecado e a morte eterna. Portanto, o Senhor nos diz: &#8216;Alegrai-vos porque a salva\u00e7\u00e3o de voc\u00eas n\u00e3o est\u00e1 pr\u00f3xima!. J\u00e1 aconteceu. Se deu na cruz e na ressurrei\u00e7\u00e3o!\u2019. N\u00e3o precisamos pedir ao Senhor que nos cure daquela doen\u00e7a que nos faz sair da vis\u00e3o dele para sempre, a doen\u00e7a do pecado e da morte. \u00c9 contra isso que n\u00f3s temos que nos alegrar porque o Senhor nos deu a condi\u00e7\u00e3o de viver para sempre&#8221;, insistiu.<\/p>\n\n\t\t<style type=\"text\/css\">\n\t\t\t#gallery-1 {\n\t\t\t\tmargin: auto;\n\t\t\t}\n\t\t\t#gallery-1 .gallery-item {\n\t\t\t\tfloat: left;\n\t\t\t\tmargin-top: 10px;\n\t\t\t\ttext-align: center;\n\t\t\t\twidth: 16%;\n\t\t\t}\n\t\t\t#gallery-1 img {\n\t\t\t\tborder: 2px solid #cfcfcf;\n\t\t\t}\n\t\t\t#gallery-1 .gallery-caption {\n\t\t\t\tmargin-left: 0;\n\t\t\t}\n\t\t\t\/* see gallery_shortcode() in wp-includes\/media.php *\/\n\t\t<\/style>\n\t\t<div id='gallery-1' class='gallery galleryid-237342 gallery-columns-6 gallery-size-thumbnail'><dl class='gallery-item'>\n\t\t\t<dt class='gallery-icon landscape'>\n\t\t\t\t<a href='https:\/\/franciscanos.org.br\/noticias\/wp-content\/uploads\/2022\/04\/segundo_05.jpg'><img width=\"300\" height=\"300\" src=\"https:\/\/franciscanos.org.br\/noticias\/wp-content\/uploads\/2022\/04\/segundo_05-300x300.jpg\" class=\"attachment-thumbnail size-thumbnail\" alt=\"\" loading=\"lazy\" srcset=\"https:\/\/franciscanos.org.br\/noticias\/wp-content\/uploads\/2022\/04\/segundo_05-300x300.jpg 300w, https:\/\/franciscanos.org.br\/noticias\/wp-content\/uploads\/2022\/04\/segundo_05-100x100.jpg 100w\" sizes=\"(max-width: 300px) 100vw, 300px\" \/><\/a>\n\t\t\t<\/dt><\/dl><dl class='gallery-item'>\n\t\t\t<dt class='gallery-icon landscape'>\n\t\t\t\t<a href='https:\/\/franciscanos.org.br\/noticias\/wp-content\/uploads\/2022\/04\/segundo_06.jpg'><img width=\"300\" height=\"300\" src=\"https:\/\/franciscanos.org.br\/noticias\/wp-content\/uploads\/2022\/04\/segundo_06-300x300.jpg\" class=\"attachment-thumbnail size-thumbnail\" alt=\"\" loading=\"lazy\" srcset=\"https:\/\/franciscanos.org.br\/noticias\/wp-content\/uploads\/2022\/04\/segundo_06-300x300.jpg 300w, https:\/\/franciscanos.org.br\/noticias\/wp-content\/uploads\/2022\/04\/segundo_06-100x100.jpg 100w\" sizes=\"(max-width: 300px) 100vw, 300px\" \/><\/a>\n\t\t\t<\/dt><\/dl><dl class='gallery-item'>\n\t\t\t<dt class='gallery-icon landscape'>\n\t\t\t\t<a href='https:\/\/franciscanos.org.br\/noticias\/wp-content\/uploads\/2022\/04\/segundo_07.jpg'><img width=\"300\" height=\"300\" src=\"https:\/\/franciscanos.org.br\/noticias\/wp-content\/uploads\/2022\/04\/segundo_07-300x300.jpg\" class=\"attachment-thumbnail size-thumbnail\" alt=\"\" loading=\"lazy\" srcset=\"https:\/\/franciscanos.org.br\/noticias\/wp-content\/uploads\/2022\/04\/segundo_07-300x300.jpg 300w, https:\/\/franciscanos.org.br\/noticias\/wp-content\/uploads\/2022\/04\/segundo_07-100x100.jpg 100w\" sizes=\"(max-width: 300px) 100vw, 300px\" \/><\/a>\n\t\t\t<\/dt><\/dl><dl class='gallery-item'>\n\t\t\t<dt class='gallery-icon landscape'>\n\t\t\t\t<a href='https:\/\/franciscanos.org.br\/noticias\/wp-content\/uploads\/2022\/04\/segundo_08.jpg'><img width=\"300\" height=\"300\" src=\"https:\/\/franciscanos.org.br\/noticias\/wp-content\/uploads\/2022\/04\/segundo_08-300x300.jpg\" class=\"attachment-thumbnail size-thumbnail\" alt=\"\" loading=\"lazy\" srcset=\"https:\/\/franciscanos.org.br\/noticias\/wp-content\/uploads\/2022\/04\/segundo_08-300x300.jpg 300w, https:\/\/franciscanos.org.br\/noticias\/wp-content\/uploads\/2022\/04\/segundo_08-100x100.jpg 100w\" sizes=\"(max-width: 300px) 100vw, 300px\" \/><\/a>\n\t\t\t<\/dt><\/dl><dl class='gallery-item'>\n\t\t\t<dt class='gallery-icon landscape'>\n\t\t\t\t<a href='https:\/\/franciscanos.org.br\/noticias\/wp-content\/uploads\/2022\/04\/segundo_09.jpg'><img width=\"300\" height=\"300\" src=\"https:\/\/franciscanos.org.br\/noticias\/wp-content\/uploads\/2022\/04\/segundo_09-300x300.jpg\" class=\"attachment-thumbnail size-thumbnail\" alt=\"\" loading=\"lazy\" srcset=\"https:\/\/franciscanos.org.br\/noticias\/wp-content\/uploads\/2022\/04\/segundo_09-300x300.jpg 300w, https:\/\/franciscanos.org.br\/noticias\/wp-content\/uploads\/2022\/04\/segundo_09-100x100.jpg 100w\" sizes=\"(max-width: 300px) 100vw, 300px\" \/><\/a>\n\t\t\t<\/dt><\/dl><dl class='gallery-item'>\n\t\t\t<dt class='gallery-icon landscape'>\n\t\t\t\t<a href='https:\/\/franciscanos.org.br\/noticias\/wp-content\/uploads\/2022\/04\/segundo_10.jpg'><img width=\"300\" height=\"300\" src=\"https:\/\/franciscanos.org.br\/noticias\/wp-content\/uploads\/2022\/04\/segundo_10-300x300.jpg\" class=\"attachment-thumbnail size-thumbnail\" alt=\"\" loading=\"lazy\" srcset=\"https:\/\/franciscanos.org.br\/noticias\/wp-content\/uploads\/2022\/04\/segundo_10-300x300.jpg 300w, https:\/\/franciscanos.org.br\/noticias\/wp-content\/uploads\/2022\/04\/segundo_10-100x100.jpg 100w\" sizes=\"(max-width: 300px) 100vw, 300px\" \/><\/a>\n\t\t\t<\/dt><\/dl><br style=\"clear: both\" \/>\n\t\t<\/div>\n\n<p><em>\u00a0 \u00a0 \u00a0 \u00a0 \u00a0 \u00a0 \u00a0 \u00a0 \u00a0 \u00a0 \u00a0 \u00a0 \u00a0 \u00a0 \u00a0 \u00a0 \u00a0 \u00a0 \u00a0 \u00a0 \u00a0 \u00a0 \u00a0 \u00a0 \u00a0 \u00a0 (clique nas imagens para ampli\u00e1-las)<\/em><\/p>\n<p>&#8220;E n\u00f3s precisamos, durante todo esse per\u00edodo de Festa da Penha, pedir a Nossa Senhora que nos interceda por n\u00f3s, ela que \u00e9 sa\u00fade dos enfermos, e possa curar no nosso cora\u00e7\u00e3o aquilo que nos causa medo, que nos afasta do seu filho Jesus, que nos tira do seu caminho da gra\u00e7a eterna, para que Ele possa reinar no nosso cora\u00e7\u00e3o e ser nossa eterna alegria. Porque a alegria do Senhor \u00e9 a nossa for\u00e7a!&#8221;, exortou.<\/p>\n<p><img loading=\"lazy\" class=\"alignnone wp-image-237352 size-full\" src=\"https:\/\/franciscanos.org.br\/noticias\/wp-content\/uploads\/2022\/04\/segundodia_1804_3.jpg\" alt=\"\" width=\"1280\" height=\"960\" srcset=\"https:\/\/franciscanos.org.br\/noticias\/wp-content\/uploads\/2022\/04\/segundodia_1804_3.jpg 1280w, https:\/\/franciscanos.org.br\/noticias\/wp-content\/uploads\/2022\/04\/segundodia_1804_3-450x338.jpg 450w, https:\/\/franciscanos.org.br\/noticias\/wp-content\/uploads\/2022\/04\/segundodia_1804_3-1024x768.jpg 1024w, https:\/\/franciscanos.org.br\/noticias\/wp-content\/uploads\/2022\/04\/segundodia_1804_3-768x576.jpg 768w, https:\/\/franciscanos.org.br\/noticias\/wp-content\/uploads\/2022\/04\/segundodia_1804_3-150x113.jpg 150w, https:\/\/franciscanos.org.br\/noticias\/wp-content\/uploads\/2022\/04\/segundodia_1804_3-600x450.jpg 600w\" sizes=\"(max-width: 1280px) 100vw, 1280px\" \/><\/p>\n<p>&#8220;E nessa Festa da Penha n\u00f3s queremos, com grande alegria, saudar a nossa M\u00e3e, sa\u00fade dos enfermos, que ela cure do nosso cora\u00e7\u00e3o tudo aquilo que nos afaste de Jesus. E que n\u00f3s, apesar de um per\u00edodo de medo, possamos correr alegres para cantar os seus louvores&#8221;, pediu.<\/p>\n<p>Um pouco da cultura da Regi\u00e3o Serrana p\u00f4de ser vista no final da missa, quando um grupo de jovens mostrou os costumes e tradi\u00e7\u00f5es do povo europeu que est\u00e1 presentes nas montanhas do interior do Esp\u00edrito Santo, seja nas dan\u00e7as italianas, pomeranas, alem\u00e3s, holandesas e polonesas que resistem ao tempo e s\u00e3o transmitidas de gera\u00e7\u00e3o em gera\u00e7\u00e3o.<\/p>\n<p><img loading=\"lazy\" class=\"alignnone wp-image-237353 size-full\" src=\"https:\/\/franciscanos.org.br\/noticias\/wp-content\/uploads\/2022\/04\/segundodia_1804_4.jpg\" alt=\"\" width=\"1280\" height=\"853\" srcset=\"https:\/\/franciscanos.org.br\/noticias\/wp-content\/uploads\/2022\/04\/segundodia_1804_4.jpg 1280w, https:\/\/franciscanos.org.br\/noticias\/wp-content\/uploads\/2022\/04\/segundodia_1804_4-450x300.jpg 450w, https:\/\/franciscanos.org.br\/noticias\/wp-content\/uploads\/2022\/04\/segundodia_1804_4-1024x682.jpg 1024w, https:\/\/franciscanos.org.br\/noticias\/wp-content\/uploads\/2022\/04\/segundodia_1804_4-768x512.jpg 768w, https:\/\/franciscanos.org.br\/noticias\/wp-content\/uploads\/2022\/04\/segundodia_1804_4-150x100.jpg 150w\" sizes=\"(max-width: 1280px) 100vw, 1280px\" \/><\/p>\n<p><strong>MOMENTO DEVOCIONAL<\/strong><\/p>\n<p>Neste segundo dia do Oitav\u00e1rio da Festa da Penha, o tema do dia foi &#8220;Sa\u00fade do Corpo&#8221;. A imagem de Nossa Senhora foi conduzida por quatro profissionais que atuam como nutricionistas, educa\u00e7\u00e3o f\u00edsica, fisioterapeutas, acompanhados pelos anjinhos, cantando o Hino da Festa da Penha.<\/p>\n<p><img loading=\"lazy\" class=\"alignnone wp-image-237354 size-full\" src=\"https:\/\/franciscanos.org.br\/noticias\/wp-content\/uploads\/2022\/04\/segundodia_1804_5.jpg\" alt=\"\" width=\"1280\" height=\"829\" srcset=\"https:\/\/franciscanos.org.br\/noticias\/wp-content\/uploads\/2022\/04\/segundodia_1804_5.jpg 1280w, https:\/\/franciscanos.org.br\/noticias\/wp-content\/uploads\/2022\/04\/segundodia_1804_5-450x291.jpg 450w, https:\/\/franciscanos.org.br\/noticias\/wp-content\/uploads\/2022\/04\/segundodia_1804_5-1024x663.jpg 1024w, https:\/\/franciscanos.org.br\/noticias\/wp-content\/uploads\/2022\/04\/segundodia_1804_5-768x497.jpg 768w, https:\/\/franciscanos.org.br\/noticias\/wp-content\/uploads\/2022\/04\/segundodia_1804_5-150x97.jpg 150w\" sizes=\"(max-width: 1280px) 100vw, 1280px\" \/><\/p>\n<p>Frei Robson de Castro Guimar\u00e3es, do Convento da Penha, conduziu a celebra\u00e7\u00e3o e fez uma reflex\u00e3o sobre o tema do dia, tendo como base o Evangelho de Lc 17,11-16, em que Jesus cura 10 leprosos e apenas um teve gratid\u00e3o: &#8220;Gostaria de tirar dessa passagem do Evangelho, tr\u00eas mensagens para a nossa vida de intimidade com Deus. A primeira \u00e9 que n\u00e3o nos basta somente reconhecer a nossa mis\u00e9ria e ter consci\u00eancia que somos pecadores necessitados do perd\u00e3o e da miseric\u00f3rdia de Deus. N\u00f3s precisamos tamb\u00e9m, a partir do nosso cora\u00e7\u00e3o, suplicar humildemente a Jesus, confessar o nosso desejo de convers\u00e3o, de mudan\u00e7a, mas com humildade e com contri\u00e7\u00e3o. Em segundo lugar, n\u00f3s necessitamos estar prontos para obedecer ao que o Senhor Jesus nos prop\u00f5e todos os dias. Quando Jesus avistou os dez leprosos, que gritavam em sua dire\u00e7\u00e3o, ele deu a eles uma \u00fanica ordem: Ide apresentar-vos aos sacerdotes.\u00a0 Era costume naquela \u00e9poca quando um leproso, uma pessoa enferma, ficava curado, apresentar ao sacerdote, para que ela fosse integrada \u00e0 sociedade. Esses homens n\u00e3o duvidaram, obedeceram, e enquanto caminhavam ficaram curados. As coisas acontecem quando n\u00f3s obedecemos e damos o primeiro passo. E, por terceiro e \u00faltimo, necessitamos ter diante de Deus no cora\u00e7\u00e3o a gratid\u00e3o. E sabermos express\u00e1-la com gestos e atitudes concretas. Um cora\u00e7\u00e3o agradecido como \u00e9 o cora\u00e7\u00e3o de Nossa Senhora \u00e9 sempre reconhecido por Deus. O leproso agradecido \u00e9 um estrangeiro, porque n\u00e3o fazia parte do povo da alian\u00e7a, mas ele foi mais aut\u00eantico do que todos. E voltou glorificando a Deus em voz alta pela cura de seu corpo&#8221;.<\/p>\n<p>Os m\u00fasicos e Frei Paulo Ferreira garantiram a anima\u00e7\u00e3o deste momento que antecede a Missa e que convoca os devotos \u00e0 ora\u00e7\u00e3o e medita\u00e7\u00e3o, recordando o sentido de ser neste morro o Santu\u00e1rio da Gra\u00e7a e do Perd\u00e3o.<\/p>\n\n\t\t<style type=\"text\/css\">\n\t\t\t#gallery-2 {\n\t\t\t\tmargin: auto;\n\t\t\t}\n\t\t\t#gallery-2 .gallery-item {\n\t\t\t\tfloat: left;\n\t\t\t\tmargin-top: 10px;\n\t\t\t\ttext-align: center;\n\t\t\t\twidth: 20%;\n\t\t\t}\n\t\t\t#gallery-2 img {\n\t\t\t\tborder: 2px solid #cfcfcf;\n\t\t\t}\n\t\t\t#gallery-2 .gallery-caption {\n\t\t\t\tmargin-left: 0;\n\t\t\t}\n\t\t\t\/* see gallery_shortcode() in wp-includes\/media.php *\/\n\t\t<\/style>\n\t\t<div id='gallery-2' class='gallery galleryid-237342 gallery-columns-5 gallery-size-thumbnail'><dl class='gallery-item'>\n\t\t\t<dt class='gallery-icon landscape'>\n\t\t\t\t<a href='https:\/\/franciscanos.org.br\/noticias\/wp-content\/uploads\/2022\/04\/segundo_01.jpg'><img width=\"300\" height=\"300\" src=\"https:\/\/franciscanos.org.br\/noticias\/wp-content\/uploads\/2022\/04\/segundo_01-300x300.jpg\" class=\"attachment-thumbnail size-thumbnail\" alt=\"\" loading=\"lazy\" srcset=\"https:\/\/franciscanos.org.br\/noticias\/wp-content\/uploads\/2022\/04\/segundo_01-300x300.jpg 300w, https:\/\/franciscanos.org.br\/noticias\/wp-content\/uploads\/2022\/04\/segundo_01-100x100.jpg 100w\" sizes=\"(max-width: 300px) 100vw, 300px\" \/><\/a>\n\t\t\t<\/dt><\/dl><dl class='gallery-item'>\n\t\t\t<dt class='gallery-icon landscape'>\n\t\t\t\t<a href='https:\/\/franciscanos.org.br\/noticias\/wp-content\/uploads\/2022\/04\/segundo_02.jpg'><img width=\"300\" height=\"300\" src=\"https:\/\/franciscanos.org.br\/noticias\/wp-content\/uploads\/2022\/04\/segundo_02-300x300.jpg\" class=\"attachment-thumbnail size-thumbnail\" alt=\"\" loading=\"lazy\" srcset=\"https:\/\/franciscanos.org.br\/noticias\/wp-content\/uploads\/2022\/04\/segundo_02-300x300.jpg 300w, https:\/\/franciscanos.org.br\/noticias\/wp-content\/uploads\/2022\/04\/segundo_02-100x100.jpg 100w\" sizes=\"(max-width: 300px) 100vw, 300px\" \/><\/a>\n\t\t\t<\/dt><\/dl><dl class='gallery-item'>\n\t\t\t<dt class='gallery-icon landscape'>\n\t\t\t\t<a href='https:\/\/franciscanos.org.br\/noticias\/wp-content\/uploads\/2022\/04\/segundo_03.jpg'><img width=\"300\" height=\"300\" src=\"https:\/\/franciscanos.org.br\/noticias\/wp-content\/uploads\/2022\/04\/segundo_03-300x300.jpg\" class=\"attachment-thumbnail size-thumbnail\" alt=\"\" loading=\"lazy\" srcset=\"https:\/\/franciscanos.org.br\/noticias\/wp-content\/uploads\/2022\/04\/segundo_03-300x300.jpg 300w, https:\/\/franciscanos.org.br\/noticias\/wp-content\/uploads\/2022\/04\/segundo_03-100x100.jpg 100w\" sizes=\"(max-width: 300px) 100vw, 300px\" \/><\/a>\n\t\t\t<\/dt><\/dl><dl class='gallery-item'>\n\t\t\t<dt class='gallery-icon landscape'>\n\t\t\t\t<a href='https:\/\/franciscanos.org.br\/noticias\/wp-content\/uploads\/2022\/04\/segundo_04.jpg'><img width=\"300\" height=\"300\" src=\"https:\/\/franciscanos.org.br\/noticias\/wp-content\/uploads\/2022\/04\/segundo_04-300x300.jpg\" class=\"attachment-thumbnail size-thumbnail\" alt=\"\" loading=\"lazy\" srcset=\"https:\/\/franciscanos.org.br\/noticias\/wp-content\/uploads\/2022\/04\/segundo_04-300x300.jpg 300w, https:\/\/franciscanos.org.br\/noticias\/wp-content\/uploads\/2022\/04\/segundo_04-100x100.jpg 100w\" sizes=\"(max-width: 300px) 100vw, 300px\" \/><\/a>\n\t\t\t<\/dt><\/dl><dl class='gallery-item'>\n\t\t\t<dt class='gallery-icon landscape'>\n\t\t\t\t<a href='https:\/\/franciscanos.org.br\/noticias\/wp-content\/uploads\/2022\/04\/segundo_11.jpg'><img width=\"300\" height=\"300\" src=\"https:\/\/franciscanos.org.br\/noticias\/wp-content\/uploads\/2022\/04\/segundo_11-300x300.jpg\" class=\"attachment-thumbnail size-thumbnail\" alt=\"\" loading=\"lazy\" srcset=\"https:\/\/franciscanos.org.br\/noticias\/wp-content\/uploads\/2022\/04\/segundo_11-300x300.jpg 300w, https:\/\/franciscanos.org.br\/noticias\/wp-content\/uploads\/2022\/04\/segundo_11-100x100.jpg 100w\" sizes=\"(max-width: 300px) 100vw, 300px\" \/><\/a>\n\t\t\t<\/dt><\/dl><br style=\"clear: both\" \/>\n\t\t<\/div>\n\n<p>Durante meia hora, o povo canta, reza e reflete sobre a devo\u00e7\u00e3o mariana que trouxe o primeiro franciscano que chegou aqui: Frei Pedro Pal\u00e1cios. Nesse segundo dia, fazendo mem\u00f3ria do in\u00edcio desta devo\u00e7\u00e3o, lembrou-se que Frei Pedro chegou \u00e0 Vila do Esp\u00edrito Santo, hoje Vila Velha, e come\u00e7ou a procurar um abrigo. &#8220;Deparou-se com uma pequena gruta, formada por uma pedra. Ali entrou e, tirando o painel da Virgem das Alegrias da pouca bagagem que trazia consigo, deu-lhe um beijo extremamente agradecido por ter encontrado t\u00e3o facilmente uma morada bem de acordo com seus desejos&#8221;.<\/p>\n<p>Depois dessa recorda\u00e7\u00e3o, cantou-se a Loa de Nossa Senhora da Penha, a Ladainha e ora\u00e7\u00f5es. A fisioterapeuta N\u00e1dia Monteiro de Assis S\u00e1 cantou belamente &#8220;Primeira Crist\u00e3&#8221; perto da imagem de Nossa Senhora da Penha.<\/p>\n<p>Nesta ter\u00e7a-feira (19\/4), 3\u00ba dia do Oitav\u00e1rio, a partir das 15h30 horas, \u00e9 a vez da \u00c1rea Pastoral Cariacica\/Viana fazer a homenagem a Nossa Senhora.<\/p>\n<hr \/>\n<p><strong>PROGRAMA\u00c7\u00c3O DESTA TER\u00c7A-FEIRA<\/strong><\/p>\n<p><strong>Dia 19 \u2013 3\u00ba Dia Oitav\u00e1rio<\/strong><\/p>\n<p>Tema do dia: Sa\u00fade emocional<\/p>\n<p><strong>7h, 9h, 11h<\/strong> \u2013 Missas (Fraternidade Franciscana), presenciais no Campinho<\/p>\n<p><strong>14h00 <\/strong>\u2013 Programa &#8220;Salve M\u00e3e das Alegrias&#8221; \u2013 Transmiss\u00e3o ao vivo (TVs, r\u00e1dios, internet)<\/p>\n<p><strong>15h30 <\/strong>\u2013 Devocional Oitav\u00e1rio (Fraternidade Franciscana). Transmiss\u00e3o ao vivo (TVs, r\u00e1dios, internet), presencial no Campinho<\/p>\n<p><strong>16h00 <\/strong>\u2013 Missa 3\u00ba Dia Oitav\u00e1rio (\u00c1rea Pastoral Cariacica\/Viana). Transmiss\u00e3o ao vivo (TVs, r\u00e1dios, internet), presencial no Campinho<\/p>\n<p><strong>19h30 <\/strong>\u2013 Prega\u00e7\u00e3o e B\u00ean\u00e7\u00e3o com Pe. Patrick Fernandes \u2013 Transmiss\u00e3o ao vivo (TVs, r\u00e1dios, internet), presencial no Campinho<\/p>\n<hr \/>\n<p><em>Comunica\u00e7\u00e3o da Prov\u00edncia da Imaculada Concei\u00e7\u00e3o<\/em><\/p>\n","protected":false},"excerpt":{"rendered":"<p>Segundo dia do Oitav\u00e1rio da Festa da Penha<\/p>\n","protected":false},"author":3,"featured_media":237343,"comment_status":"open","ping_status":"open","sticky":false,"template":"","format":"standard","meta":[],"categories":[1],"tags":[1999],"acf":[],"yoast_head":"<!-- This site is optimized with the Yoast SEO plugin v19.2 - https:\/\/yoast.com\/wordpress\/plugins\/seo\/ -->\n<title>Pe. Daniel convida: &quot;Apesar de um per\u00edodo de medo, que possamos correr alegres para cantar os louvores da M\u00e3e&quot; - Not\u00edcias - Franciscanos<\/title>\n<meta name=\"robots\" content=\"index, follow, max-snippet:-1, max-image-preview:large, max-video-preview:-1\" \/>\n<link rel=\"canonical\" href=\"https:\/\/franciscanos.org.br\/noticias\/pe-daniel-convida-apesar-de-um-periodo-de-medo-que-possamos-correr-alegres-para-cantar-os-louvores-da-mae.html\" \/>\n<meta property=\"og:locale\" content=\"pt_BR\" \/>\n<meta property=\"og:type\" content=\"article\" \/>\n<meta property=\"og:title\" content=\"Pe. Daniel convida: &quot;Apesar de um per\u00edodo de medo, que possamos correr alegres para cantar os louvores da M\u00e3e&quot; - Not\u00edcias - Franciscanos\" \/>\n<meta property=\"og:description\" content=\"Segundo dia do Oitav\u00e1rio da Festa da Penha\" \/>\n<meta property=\"og:url\" content=\"https:\/\/franciscanos.org.br\/noticias\/pe-daniel-convida-apesar-de-um-periodo-de-medo-que-possamos-correr-alegres-para-cantar-os-louvores-da-mae.html\" \/>\n<meta property=\"og:site_name\" content=\"Not\u00edcias - Franciscanos\" \/>\n<meta property=\"article:published_time\" content=\"2022-04-18T23:01:21+00:00\" \/>\n<meta property=\"article:modified_time\" content=\"2023-01-03T17:16:50+00:00\" \/>\n<meta property=\"og:image\" content=\"https:\/\/franciscanos.org.br\/noticias\/wp-content\/uploads\/2022\/04\/segundodia_1804.jpg\" \/>\n\t<meta property=\"og:image:width\" content=\"1280\" \/>\n\t<meta property=\"og:image:height\" content=\"720\" \/>\n\t<meta property=\"og:image:type\" content=\"image\/jpeg\" \/>\n<meta name=\"author\" content=\"moacir\" \/>\n<meta name=\"twitter:card\" content=\"summary_large_image\" \/>\n<meta name=\"twitter:label1\" content=\"Escrito por\" \/>\n\t<meta name=\"twitter:data1\" content=\"moacir\" \/>\n\t<meta name=\"twitter:label2\" content=\"Est. tempo de leitura\" \/>\n\t<meta name=\"twitter:data2\" content=\"7 minutos\" \/>\n<script type=\"application\/ld+json\" class=\"yoast-schema-graph\">{\"@context\":\"https:\/\/schema.org\",\"@graph\":[{\"@type\":\"WebSite\",\"@id\":\"https:\/\/franciscanos.org.br\/noticias\/#website\",\"url\":\"https:\/\/franciscanos.org.br\/noticias\/\",\"name\":\"Not\u00edcias - Franciscanos\",\"description\":\"Prov\u00edncia Franciscana da Imaculada Concei\u00e7\u00e3o do Brasil - Ordem dos Frades Menores - OFM\",\"potentialAction\":[{\"@type\":\"SearchAction\",\"target\":{\"@type\":\"EntryPoint\",\"urlTemplate\":\"https:\/\/franciscanos.org.br\/noticias\/?s={search_term_string}\"},\"query-input\":\"required name=search_term_string\"}],\"inLanguage\":\"pt-BR\"},{\"@type\":\"ImageObject\",\"inLanguage\":\"pt-BR\",\"@id\":\"https:\/\/franciscanos.org.br\/noticias\/pe-daniel-convida-apesar-de-um-periodo-de-medo-que-possamos-correr-alegres-para-cantar-os-louvores-da-mae.html#primaryimage\",\"url\":\"https:\/\/franciscanos.org.br\/noticias\/wp-content\/uploads\/2022\/04\/segundodia_1804.jpg\",\"contentUrl\":\"https:\/\/franciscanos.org.br\/noticias\/wp-content\/uploads\/2022\/04\/segundodia_1804.jpg\",\"width\":1280,\"height\":720},{\"@type\":\"WebPage\",\"@id\":\"https:\/\/franciscanos.org.br\/noticias\/pe-daniel-convida-apesar-de-um-periodo-de-medo-que-possamos-correr-alegres-para-cantar-os-louvores-da-mae.html#webpage\",\"url\":\"https:\/\/franciscanos.org.br\/noticias\/pe-daniel-convida-apesar-de-um-periodo-de-medo-que-possamos-correr-alegres-para-cantar-os-louvores-da-mae.html\",\"name\":\"Pe. Daniel convida: \\\"Apesar de um per\u00edodo de medo, que possamos correr alegres para cantar os louvores da M\u00e3e\\\" - Not\u00edcias - Franciscanos\",\"isPartOf\":{\"@id\":\"https:\/\/franciscanos.org.br\/noticias\/#website\"},\"primaryImageOfPage\":{\"@id\":\"https:\/\/franciscanos.org.br\/noticias\/pe-daniel-convida-apesar-de-um-periodo-de-medo-que-possamos-correr-alegres-para-cantar-os-louvores-da-mae.html#primaryimage\"},\"datePublished\":\"2022-04-18T23:01:21+00:00\",\"dateModified\":\"2023-01-03T17:16:50+00:00\",\"author\":{\"@id\":\"https:\/\/franciscanos.org.br\/noticias\/#\/schema\/person\/b5c8cba458c330ccff548b056e95a5d4\"},\"breadcrumb\":{\"@id\":\"https:\/\/franciscanos.org.br\/noticias\/pe-daniel-convida-apesar-de-um-periodo-de-medo-que-possamos-correr-alegres-para-cantar-os-louvores-da-mae.html#breadcrumb\"},\"inLanguage\":\"pt-BR\",\"potentialAction\":[{\"@type\":\"ReadAction\",\"target\":[\"https:\/\/franciscanos.org.br\/noticias\/pe-daniel-convida-apesar-de-um-periodo-de-medo-que-possamos-correr-alegres-para-cantar-os-louvores-da-mae.html\"]}]},{\"@type\":\"BreadcrumbList\",\"@id\":\"https:\/\/franciscanos.org.br\/noticias\/pe-daniel-convida-apesar-de-um-periodo-de-medo-que-possamos-correr-alegres-para-cantar-os-louvores-da-mae.html#breadcrumb\",\"itemListElement\":[{\"@type\":\"ListItem\",\"position\":1,\"name\":\"Home\",\"item\":\"https:\/\/franciscanos.org.br\/noticias\"},{\"@type\":\"ListItem\",\"position\":2,\"name\":\"Pe. Daniel convida: &#8220;Apesar de um per\u00edodo de medo, que possamos correr alegres para cantar os louvores da M\u00e3e&#8221;\"}]},{\"@type\":\"Person\",\"@id\":\"https:\/\/franciscanos.org.br\/noticias\/#\/schema\/person\/b5c8cba458c330ccff548b056e95a5d4\",\"name\":\"moacir\",\"image\":{\"@type\":\"ImageObject\",\"inLanguage\":\"pt-BR\",\"@id\":\"https:\/\/franciscanos.org.br\/noticias\/#\/schema\/person\/image\/\",\"url\":\"https:\/\/secure.gravatar.com\/avatar\/d08aa2ce4c8dd416d4479aa8536fcf64?s=96&d=mm&r=g\",\"contentUrl\":\"https:\/\/secure.gravatar.com\/avatar\/d08aa2ce4c8dd416d4479aa8536fcf64?s=96&d=mm&r=g\",\"caption\":\"moacir\"},\"url\":\"https:\/\/franciscanos.org.br\/noticias\/author\/moacir\"}]}<\/script>\n<!-- \/ Yoast SEO plugin. -->","yoast_head_json":{"title":"Pe. Daniel convida: \"Apesar de um per\u00edodo de medo, que possamos correr alegres para cantar os louvores da M\u00e3e\" - Not\u00edcias - Franciscanos","robots":{"index":"index","follow":"follow","max-snippet":"max-snippet:-1","max-image-preview":"max-image-preview:large","max-video-preview":"max-video-preview:-1"},"canonical":"https:\/\/franciscanos.org.br\/noticias\/pe-daniel-convida-apesar-de-um-periodo-de-medo-que-possamos-correr-alegres-para-cantar-os-louvores-da-mae.html","og_locale":"pt_BR","og_type":"article","og_title":"Pe. Daniel convida: \"Apesar de um per\u00edodo de medo, que possamos correr alegres para cantar os louvores da M\u00e3e\" - Not\u00edcias - Franciscanos","og_description":"Segundo dia do Oitav\u00e1rio da Festa da Penha","og_url":"https:\/\/franciscanos.org.br\/noticias\/pe-daniel-convida-apesar-de-um-periodo-de-medo-que-possamos-correr-alegres-para-cantar-os-louvores-da-mae.html","og_site_name":"Not\u00edcias - Franciscanos","article_published_time":"2022-04-18T23:01:21+00:00","article_modified_time":"2023-01-03T17:16:50+00:00","og_image":[{"width":1280,"height":720,"url":"https:\/\/franciscanos.org.br\/noticias\/wp-content\/uploads\/2022\/04\/segundodia_1804.jpg","type":"image\/jpeg"}],"author":"moacir","twitter_card":"summary_large_image","twitter_misc":{"Escrito por":"moacir","Est. tempo de leitura":"7 minutos"},"schema":{"@context":"https:\/\/schema.org","@graph":[{"@type":"WebSite","@id":"https:\/\/franciscanos.org.br\/noticias\/#website","url":"https:\/\/franciscanos.org.br\/noticias\/","name":"Not\u00edcias - Franciscanos","description":"Prov\u00edncia Franciscana da Imaculada Concei\u00e7\u00e3o do Brasil - Ordem dos Frades Menores - OFM","potentialAction":[{"@type":"SearchAction","target":{"@type":"EntryPoint","urlTemplate":"https:\/\/franciscanos.org.br\/noticias\/?s={search_term_string}"},"query-input":"required name=search_term_string"}],"inLanguage":"pt-BR"},{"@type":"ImageObject","inLanguage":"pt-BR","@id":"https:\/\/franciscanos.org.br\/noticias\/pe-daniel-convida-apesar-de-um-periodo-de-medo-que-possamos-correr-alegres-para-cantar-os-louvores-da-mae.html#primaryimage","url":"https:\/\/franciscanos.org.br\/noticias\/wp-content\/uploads\/2022\/04\/segundodia_1804.jpg","contentUrl":"https:\/\/franciscanos.org.br\/noticias\/wp-content\/uploads\/2022\/04\/segundodia_1804.jpg","width":1280,"height":720},{"@type":"WebPage","@id":"https:\/\/franciscanos.org.br\/noticias\/pe-daniel-convida-apesar-de-um-periodo-de-medo-que-possamos-correr-alegres-para-cantar-os-louvores-da-mae.html#webpage","url":"https:\/\/franciscanos.org.br\/noticias\/pe-daniel-convida-apesar-de-um-periodo-de-medo-que-possamos-correr-alegres-para-cantar-os-louvores-da-mae.html","name":"Pe. Daniel convida: \"Apesar de um per\u00edodo de medo, que possamos correr alegres para cantar os louvores da M\u00e3e\" - Not\u00edcias - Franciscanos","isPartOf":{"@id":"https:\/\/franciscanos.org.br\/noticias\/#website"},"primaryImageOfPage":{"@id":"https:\/\/franciscanos.org.br\/noticias\/pe-daniel-convida-apesar-de-um-periodo-de-medo-que-possamos-correr-alegres-para-cantar-os-louvores-da-mae.html#primaryimage"},"datePublished":"2022-04-18T23:01:21+00:00","dateModified":"2023-01-03T17:16:50+00:00","author":{"@id":"https:\/\/franciscanos.org.br\/noticias\/#\/schema\/person\/b5c8cba458c330ccff548b056e95a5d4"},"breadcrumb":{"@id":"https:\/\/franciscanos.org.br\/noticias\/pe-daniel-convida-apesar-de-um-periodo-de-medo-que-possamos-correr-alegres-para-cantar-os-louvores-da-mae.html#breadcrumb"},"inLanguage":"pt-BR","potentialAction":[{"@type":"ReadAction","target":["https:\/\/franciscanos.org.br\/noticias\/pe-daniel-convida-apesar-de-um-periodo-de-medo-que-possamos-correr-alegres-para-cantar-os-louvores-da-mae.html"]}]},{"@type":"BreadcrumbList","@id":"https:\/\/franciscanos.org.br\/noticias\/pe-daniel-convida-apesar-de-um-periodo-de-medo-que-possamos-correr-alegres-para-cantar-os-louvores-da-mae.html#breadcrumb","itemListElement":[{"@type":"ListItem","position":1,"name":"Home","item":"https:\/\/franciscanos.org.br\/noticias"},{"@type":"ListItem","position":2,"name":"Pe. Daniel convida: &#8220;Apesar de um per\u00edodo de medo, que possamos correr alegres para cantar os louvores da M\u00e3e&#8221;"}]},{"@type":"Person","@id":"https:\/\/franciscanos.org.br\/noticias\/#\/schema\/person\/b5c8cba458c330ccff548b056e95a5d4","name":"moacir","image":{"@type":"ImageObject","inLanguage":"pt-BR","@id":"https:\/\/franciscanos.org.br\/noticias\/#\/schema\/person\/image\/","url":"https:\/\/secure.gravatar.com\/avatar\/d08aa2ce4c8dd416d4479aa8536fcf64?s=96&d=mm&r=g","contentUrl":"https:\/\/secure.gravatar.com\/avatar\/d08aa2ce4c8dd416d4479aa8536fcf64?s=96&d=mm&r=g","caption":"moacir"},"url":"https:\/\/franciscanos.org.br\/noticias\/author\/moacir"}]}},"_links":{"self":[{"href":"https:\/\/franciscanos.org.br\/noticias\/wp-json\/wp\/v2\/posts\/237342"}],"collection":[{"href":"https:\/\/franciscanos.org.br\/noticias\/wp-json\/wp\/v2\/posts"}],"about":[{"href":"https:\/\/franciscanos.org.br\/noticias\/wp-json\/wp\/v2\/types\/post"}],"author":[{"embeddable":true,"href":"https:\/\/franciscanos.org.br\/noticias\/wp-json\/wp\/v2\/users\/3"}],"replies":[{"embeddable":true,"href":"https:\/\/franciscanos.org.br\/noticias\/wp-json\/wp\/v2\/comments?post=237342"}],"version-history":[{"count":7,"href":"https:\/\/franciscanos.org.br\/noticias\/wp-json\/wp\/v2\/posts\/237342\/revisions"}],"predecessor-version":[{"id":241532,"href":"https:\/\/franciscanos.org.br\/noticias\/wp-json\/wp\/v2\/posts\/237342\/revisions\/241532"}],"wp:featuredmedia":[{"embeddable":true,"href":"https:\/\/franciscanos.org.br\/noticias\/wp-json\/wp\/v2\/media\/237343"}],"wp:attachment":[{"href":"https:\/\/franciscanos.org.br\/noticias\/wp-json\/wp\/v2\/media?parent=237342"}],"wp:term":[{"taxonomy":"category","embeddable":true,"href":"https:\/\/franciscanos.org.br\/noticias\/wp-json\/wp\/v2\/categories?post=237342"},{"taxonomy":"post_tag","embeddable":true,"href":"https:\/\/franciscanos.org.br\/noticias\/wp-json\/wp\/v2\/tags?post=237342"}],"curies":[{"name":"wp","href":"https:\/\/api.w.org\/{rel}","templated":true}]}}