{"id":237337,"date":"2022-04-18T09:21:52","date_gmt":"2022-04-18T12:21:52","guid":{"rendered":"https:\/\/franciscanos.org.br\/noticias\/?p=237337"},"modified":"2023-01-09T11:17:27","modified_gmt":"2023-01-09T14:17:27","slug":"papa-a-falsidade-nas-palavras-e-na-vida-leva-de-volta-ao-tumulo","status":"publish","type":"post","link":"https:\/\/franciscanos.org.br\/noticias\/papa-a-falsidade-nas-palavras-e-na-vida-leva-de-volta-ao-tumulo.html","title":{"rendered":"Papa: a falsidade, nas palavras e na vida, leva de volta ao t\u00famulo"},"content":{"rendered":"<div id=\"attachment_237338\" style=\"width: 1510px\" class=\"wp-caption alignnone\"><img aria-describedby=\"caption-attachment-237338\" loading=\"lazy\" class=\"wp-image-237338 size-full\" src=\"https:\/\/franciscanos.org.br\/noticias\/wp-content\/uploads\/2022\/04\/regina_1804.jpeg\" alt=\"\" width=\"1500\" height=\"844\" srcset=\"https:\/\/franciscanos.org.br\/noticias\/wp-content\/uploads\/2022\/04\/regina_1804.jpeg 1500w, https:\/\/franciscanos.org.br\/noticias\/wp-content\/uploads\/2022\/04\/regina_1804-450x253.jpeg 450w, https:\/\/franciscanos.org.br\/noticias\/wp-content\/uploads\/2022\/04\/regina_1804-1024x576.jpeg 1024w, https:\/\/franciscanos.org.br\/noticias\/wp-content\/uploads\/2022\/04\/regina_1804-768x432.jpeg 768w, https:\/\/franciscanos.org.br\/noticias\/wp-content\/uploads\/2022\/04\/regina_1804-150x84.jpeg 150w\" sizes=\"(max-width: 1500px) 100vw, 1500px\" \/><p id=\"caption-attachment-237338\" class=\"wp-caption-text\"><em>\u00a0 \u00a0 \u00a0 \u00a0 \u00a0 \u00a0 \u00a0 \u00a0 \u00a0 \u00a0 \u00a0 \u00a0 \u00a0 \u00a0 \u00a0 \u00a0 \u00a0 \u00a0 \u00a0 \u00a0 \u00a0 \u00a0 \u00a0 \u00a0 \u00a0 \u00a0 \u00a0 \u00a0 \u00a0 \u00a0 \u00a0 \u00a0 \u00a0 \u00a0 \u00a0 \u00a0 \u00a0 \u00a0 \u00a0 \u00a0 \u00a0 \u00a0 \u00a0 \u00a0 \u00a0 \u00a0 \u00a0 \u00a0 \u00a0 \u00a0 \u00a0 \u00a0 \u00a0 Imagem: Vatican Media<\/em><\/p><\/div>\n<p>O Papa Francisco rezou a ora\u00e7\u00e3o mariana do <em>Regina Caeli<\/em>, nesta &#8220;Segunda-Feira na Oitava de P\u00e1scoa (18\/04), feriado no Vaticano e na It\u00e1lia, conhecida como &#8220;Segunda-feira do Anjo&#8221;, para lembrar a apari\u00e7\u00e3o do anjo \u00e0s mulheres, anunciando a ressurrei\u00e7\u00e3o de Jesus.<\/p>\n<p>Segundo Francisco, &#8220;os dias da Oitava da P\u00e1scoa s\u00e3o como um \u00fanico dia em que a alegria da Ressurrei\u00e7\u00e3o \u00e9 prolongada. Assim, o Evangelho da Liturgia de hoje continua nos falando do Ressuscitado, da sua apari\u00e7\u00e3o \u00e0s mulheres que tinham ido ao t\u00famulo&#8221;. &#8220;Jesus vai ao encontro delas e as sa\u00fada. Depois, diz a elas duas coisas, que ser\u00e3o boas para n\u00f3s tamb\u00e9m acolhermos, como um dom da P\u00e1scoa&#8221;, frisou o Papa.<\/p>\n<p><strong>Sair dos t\u00famulos dos nossos medos<\/strong><br \/>\nPrimeiro, ele as tranquiliza com as seguintes palavras: &#8220;N\u00e3o tenham medo&#8221;.<\/p>\n<p>O Senhor sabe que os medos s\u00e3o nossos inimigos di\u00e1rios. Ele tamb\u00e9m sabe que nossos medos prov\u00eam do grande medo, o medo da morte: medo de desaparecer, de perder entes queridos, de estar doente, de n\u00e3o conseguir fazer mais. Mas, na P\u00e1scoa, Jesus venceu a morte. Ningu\u00e9m mais, portanto, pode nos dizer de forma mais convincente: &#8220;N\u00e3o tenha medo&#8221;. O Senhor o diz ali mesmo, ao lado do t\u00famulo do qual Ele saiu vitorioso. Ele nos convida assim a sair dos t\u00famulos dos nossos medos. Ou\u00e7amos bem: sair dos t\u00famulos de nossos medos, porque nossos medos s\u00e3o como t\u00famulos, eles nos enterram dentro.<\/p>\n<p>Segundo o Papa, Jesus &#8220;sabe que o medo est\u00e1 sempre agachado \u00e0 porta de nossos cora\u00e7\u00f5es e que precisamos ouvir dizer: n\u00e3o tenha medo: na manh\u00e3 de P\u00e1scoa como na manh\u00e3 de cada dia&#8221;. &#8220;Irm\u00e3o, irm\u00e3, que acredita em Cristo, n\u00e3o tenha medo! &#8220;Eu, nos diz Jesus, provei a morte por voc\u00ea, tomei seu mal sobre mim&#8221;. Agora, eu ressuscitei para lhe dizer: Estou aqui, com voc\u00ea, para sempre. N\u00e3o tenha medo&#8221;, sublinhou o Pont\u00edfice.<\/p>\n<p><strong>A alegria da P\u00e1scoa n\u00e3o \u00e9 para ser guardada para si mesmo<\/strong><\/p>\n<p>&#8220;Como podemos concretamente combater o medo? &#8220;, perguntou o Papa, respondendo com a segunda coisa que Jesus disse \u00e0s mulheres: &#8220;V\u00e3o anunciar aos meus irm\u00e3os que se dirijam para a Galileia. L\u00e1 eles me ver\u00e3o&#8221;.<\/p>\n<p>V\u00e3o e anunciem. O medo sempre nos fecha em n\u00f3s mesmos; Jesus, ao inv\u00e9s, nos faz sair e nos envia aos outros. Aqui est\u00e1 o rem\u00e9dio. Mas eu, podemos dizer, n\u00e3o sou capaz! Aquelas mulheres certamente n\u00e3o eram as mais adequadas ou preparadas para anunciar o Ressuscitado, mas o Senhor n\u00e3o se importa. A Ele importa que se saia e se anuncie. Porque a alegria da P\u00e1scoa n\u00e3o \u00e9 para ser guardada para si mesmo. A alegria de Cristo \u00e9 fortalecida ao do\u00e1-la, se multiplica quando se compartilha. Se nos abrimos e levamos o Evangelho, nosso cora\u00e7\u00e3o se expande e supera o medo. Este \u00e9 o segredo: anunciar para vencer o medo.<\/p>\n<p><strong>A falsidade leva de volta ao t\u00famulo<\/strong><\/p>\n<p>O Papa disse que o Evangelho de hoje &#8220;nos diz que o an\u00fancio pode encontrar um obst\u00e1culo: a falsidade. Na verdade, o Evangelho narra &#8220;um contra-an\u00fancio&#8221;, o dos soldados que haviam guardado o sepulcro de Jesus. Eles s\u00e3o pagos com &#8220;uma boa soma de dinheiro&#8221; e recebem estas instru\u00e7\u00f5es: &#8220;Digam isto: &#8216;Seus disc\u00edpulos vieram de noite e o roubaram enquanto dorm\u00edamos'&#8221;. &#8220;Voc\u00eas estavam dormindo? Voc\u00eas viram no sono quando eles roubaram o corpo? H\u00e1 ali uma contradi\u00e7\u00e3o, mas uma contradi\u00e7\u00e3o que todos acreditam, porque h\u00e1 dinheiro envolvido. \u00c9 o poder do dinheiro, aquele outro senhor que Jesus diz para nunca servir. H\u00e1 dois senhores: Deus e o dinheiro. Nunca servir&#8221;, sublinhou Francisco.<\/p>\n<p>Aqui est\u00e1 a falsidade, a l\u00f3gica da oculta\u00e7\u00e3o, que se op\u00f5e \u00e0 proclama\u00e7\u00e3o da verdade. \u00c9 um lembrete para n\u00f3s tamb\u00e9m: a falsidade, nas palavras e na vida, polui o an\u00fancio, corrompe por dentro, leva de volta ao t\u00famulo. A falsidade nos leva para tr\u00e1s, nos leva \u00e0 morte, ao sepulcro. O Ressuscitado, ao inv\u00e9s, quer nos tirar dos sepulcros, das falsidades e das depend\u00eancias. Diante do Senhor ressuscitado, existe este outro deus: o deus dinheiro, que suja tudo, que arru\u00edna tudo, fecha as portas para a salva\u00e7\u00e3o. E isso esta para todo lado. Na vida cotidiana, h\u00e1 a tenta\u00e7\u00e3o de adorar o deus dinheiro.<\/p>\n<p>Segundo Francisco, &#8220;n\u00f3s nos escandalizamos quando, atrav\u00e9s da informa\u00e7\u00e3o, descobrimos mentiras e enganos na vida das pessoas e na sociedade&#8221;. &#8220;Mas, vamos tamb\u00e9m dar um nome \u00e0s falsidades que existem dentro de n\u00f3s! E coloquemos essas nossas opacidades diante da luz de Jesus ressuscitado. Ele quer levar \u00e0 luz as coisas escondidas, para nos tornar testemunhas transparentes e luminosas da alegria do Evangelho, da verdade que nos liberta&#8221;, concluiu o Papa, pedindo &#8220;a Maria, M\u00e3e do Ressuscitado, que nos ajude a vencer nossos medos e nos conceda a paix\u00e3o pela verdade&#8221;.<\/p>\n<hr \/>\n<p><em>Fonte: Vatican News (texto de Mariangela Jaguraba\/Silvonei Jos\u00e9)<\/em><\/p>\n","protected":false},"excerpt":{"rendered":"<p>Regina Caeli<\/p>\n","protected":false},"author":3,"featured_media":237338,"comment_status":"open","ping_status":"open","sticky":false,"template":"","format":"standard","meta":[],"categories":[1428],"tags":[564],"acf":[],"yoast_head":"<!-- This site is optimized with the Yoast SEO plugin v19.2 - https:\/\/yoast.com\/wordpress\/plugins\/seo\/ -->\n<title>Papa: a falsidade, nas palavras e na vida, leva de volta ao t\u00famulo - Not\u00edcias - Franciscanos<\/title>\n<meta name=\"robots\" content=\"index, follow, max-snippet:-1, max-image-preview:large, max-video-preview:-1\" \/>\n<link rel=\"canonical\" href=\"https:\/\/franciscanos.org.br\/noticias\/papa-a-falsidade-nas-palavras-e-na-vida-leva-de-volta-ao-tumulo.html\" \/>\n<meta property=\"og:locale\" content=\"pt_BR\" \/>\n<meta property=\"og:type\" content=\"article\" \/>\n<meta property=\"og:title\" content=\"Papa: a falsidade, nas palavras e na vida, leva de volta ao t\u00famulo - Not\u00edcias - Franciscanos\" \/>\n<meta property=\"og:description\" content=\"Regina Caeli\" \/>\n<meta property=\"og:url\" content=\"https:\/\/franciscanos.org.br\/noticias\/papa-a-falsidade-nas-palavras-e-na-vida-leva-de-volta-ao-tumulo.html\" \/>\n<meta property=\"og:site_name\" content=\"Not\u00edcias - Franciscanos\" \/>\n<meta property=\"article:published_time\" content=\"2022-04-18T12:21:52+00:00\" \/>\n<meta property=\"article:modified_time\" content=\"2023-01-09T14:17:27+00:00\" \/>\n<meta property=\"og:image\" content=\"https:\/\/franciscanos.org.br\/noticias\/wp-content\/uploads\/2022\/04\/regina_1804.jpeg\" \/>\n\t<meta property=\"og:image:width\" content=\"1500\" \/>\n\t<meta property=\"og:image:height\" content=\"844\" \/>\n\t<meta property=\"og:image:type\" content=\"image\/jpeg\" \/>\n<meta name=\"author\" content=\"moacir\" \/>\n<meta name=\"twitter:card\" content=\"summary_large_image\" \/>\n<meta name=\"twitter:label1\" content=\"Escrito por\" \/>\n\t<meta name=\"twitter:data1\" content=\"moacir\" \/>\n\t<meta name=\"twitter:label2\" content=\"Est. tempo de leitura\" \/>\n\t<meta name=\"twitter:data2\" content=\"4 minutos\" \/>\n<script type=\"application\/ld+json\" class=\"yoast-schema-graph\">{\"@context\":\"https:\/\/schema.org\",\"@graph\":[{\"@type\":\"WebSite\",\"@id\":\"https:\/\/franciscanos.org.br\/noticias\/#website\",\"url\":\"https:\/\/franciscanos.org.br\/noticias\/\",\"name\":\"Not\u00edcias - Franciscanos\",\"description\":\"Prov\u00edncia Franciscana da Imaculada Concei\u00e7\u00e3o do Brasil - Ordem dos Frades Menores - OFM\",\"potentialAction\":[{\"@type\":\"SearchAction\",\"target\":{\"@type\":\"EntryPoint\",\"urlTemplate\":\"https:\/\/franciscanos.org.br\/noticias\/?s={search_term_string}\"},\"query-input\":\"required name=search_term_string\"}],\"inLanguage\":\"pt-BR\"},{\"@type\":\"ImageObject\",\"inLanguage\":\"pt-BR\",\"@id\":\"https:\/\/franciscanos.org.br\/noticias\/papa-a-falsidade-nas-palavras-e-na-vida-leva-de-volta-ao-tumulo.html#primaryimage\",\"url\":\"https:\/\/franciscanos.org.br\/noticias\/wp-content\/uploads\/2022\/04\/regina_1804.jpeg\",\"contentUrl\":\"https:\/\/franciscanos.org.br\/noticias\/wp-content\/uploads\/2022\/04\/regina_1804.jpeg\",\"width\":1500,\"height\":844},{\"@type\":\"WebPage\",\"@id\":\"https:\/\/franciscanos.org.br\/noticias\/papa-a-falsidade-nas-palavras-e-na-vida-leva-de-volta-ao-tumulo.html#webpage\",\"url\":\"https:\/\/franciscanos.org.br\/noticias\/papa-a-falsidade-nas-palavras-e-na-vida-leva-de-volta-ao-tumulo.html\",\"name\":\"Papa: a falsidade, nas palavras e na vida, leva de volta ao t\u00famulo - Not\u00edcias - Franciscanos\",\"isPartOf\":{\"@id\":\"https:\/\/franciscanos.org.br\/noticias\/#website\"},\"primaryImageOfPage\":{\"@id\":\"https:\/\/franciscanos.org.br\/noticias\/papa-a-falsidade-nas-palavras-e-na-vida-leva-de-volta-ao-tumulo.html#primaryimage\"},\"datePublished\":\"2022-04-18T12:21:52+00:00\",\"dateModified\":\"2023-01-09T14:17:27+00:00\",\"author\":{\"@id\":\"https:\/\/franciscanos.org.br\/noticias\/#\/schema\/person\/b5c8cba458c330ccff548b056e95a5d4\"},\"breadcrumb\":{\"@id\":\"https:\/\/franciscanos.org.br\/noticias\/papa-a-falsidade-nas-palavras-e-na-vida-leva-de-volta-ao-tumulo.html#breadcrumb\"},\"inLanguage\":\"pt-BR\",\"potentialAction\":[{\"@type\":\"ReadAction\",\"target\":[\"https:\/\/franciscanos.org.br\/noticias\/papa-a-falsidade-nas-palavras-e-na-vida-leva-de-volta-ao-tumulo.html\"]}]},{\"@type\":\"BreadcrumbList\",\"@id\":\"https:\/\/franciscanos.org.br\/noticias\/papa-a-falsidade-nas-palavras-e-na-vida-leva-de-volta-ao-tumulo.html#breadcrumb\",\"itemListElement\":[{\"@type\":\"ListItem\",\"position\":1,\"name\":\"Home\",\"item\":\"https:\/\/franciscanos.org.br\/noticias\"},{\"@type\":\"ListItem\",\"position\":2,\"name\":\"Papa: a falsidade, nas palavras e na vida, leva de volta ao t\u00famulo\"}]},{\"@type\":\"Person\",\"@id\":\"https:\/\/franciscanos.org.br\/noticias\/#\/schema\/person\/b5c8cba458c330ccff548b056e95a5d4\",\"name\":\"moacir\",\"image\":{\"@type\":\"ImageObject\",\"inLanguage\":\"pt-BR\",\"@id\":\"https:\/\/franciscanos.org.br\/noticias\/#\/schema\/person\/image\/\",\"url\":\"https:\/\/secure.gravatar.com\/avatar\/d08aa2ce4c8dd416d4479aa8536fcf64?s=96&d=mm&r=g\",\"contentUrl\":\"https:\/\/secure.gravatar.com\/avatar\/d08aa2ce4c8dd416d4479aa8536fcf64?s=96&d=mm&r=g\",\"caption\":\"moacir\"},\"url\":\"https:\/\/franciscanos.org.br\/noticias\/author\/moacir\"}]}<\/script>\n<!-- \/ Yoast SEO plugin. -->","yoast_head_json":{"title":"Papa: a falsidade, nas palavras e na vida, leva de volta ao t\u00famulo - Not\u00edcias - Franciscanos","robots":{"index":"index","follow":"follow","max-snippet":"max-snippet:-1","max-image-preview":"max-image-preview:large","max-video-preview":"max-video-preview:-1"},"canonical":"https:\/\/franciscanos.org.br\/noticias\/papa-a-falsidade-nas-palavras-e-na-vida-leva-de-volta-ao-tumulo.html","og_locale":"pt_BR","og_type":"article","og_title":"Papa: a falsidade, nas palavras e na vida, leva de volta ao t\u00famulo - Not\u00edcias - Franciscanos","og_description":"Regina Caeli","og_url":"https:\/\/franciscanos.org.br\/noticias\/papa-a-falsidade-nas-palavras-e-na-vida-leva-de-volta-ao-tumulo.html","og_site_name":"Not\u00edcias - Franciscanos","article_published_time":"2022-04-18T12:21:52+00:00","article_modified_time":"2023-01-09T14:17:27+00:00","og_image":[{"width":1500,"height":844,"url":"https:\/\/franciscanos.org.br\/noticias\/wp-content\/uploads\/2022\/04\/regina_1804.jpeg","type":"image\/jpeg"}],"author":"moacir","twitter_card":"summary_large_image","twitter_misc":{"Escrito por":"moacir","Est. tempo de leitura":"4 minutos"},"schema":{"@context":"https:\/\/schema.org","@graph":[{"@type":"WebSite","@id":"https:\/\/franciscanos.org.br\/noticias\/#website","url":"https:\/\/franciscanos.org.br\/noticias\/","name":"Not\u00edcias - Franciscanos","description":"Prov\u00edncia Franciscana da Imaculada Concei\u00e7\u00e3o do Brasil - Ordem dos Frades Menores - OFM","potentialAction":[{"@type":"SearchAction","target":{"@type":"EntryPoint","urlTemplate":"https:\/\/franciscanos.org.br\/noticias\/?s={search_term_string}"},"query-input":"required name=search_term_string"}],"inLanguage":"pt-BR"},{"@type":"ImageObject","inLanguage":"pt-BR","@id":"https:\/\/franciscanos.org.br\/noticias\/papa-a-falsidade-nas-palavras-e-na-vida-leva-de-volta-ao-tumulo.html#primaryimage","url":"https:\/\/franciscanos.org.br\/noticias\/wp-content\/uploads\/2022\/04\/regina_1804.jpeg","contentUrl":"https:\/\/franciscanos.org.br\/noticias\/wp-content\/uploads\/2022\/04\/regina_1804.jpeg","width":1500,"height":844},{"@type":"WebPage","@id":"https:\/\/franciscanos.org.br\/noticias\/papa-a-falsidade-nas-palavras-e-na-vida-leva-de-volta-ao-tumulo.html#webpage","url":"https:\/\/franciscanos.org.br\/noticias\/papa-a-falsidade-nas-palavras-e-na-vida-leva-de-volta-ao-tumulo.html","name":"Papa: a falsidade, nas palavras e na vida, leva de volta ao t\u00famulo - Not\u00edcias - Franciscanos","isPartOf":{"@id":"https:\/\/franciscanos.org.br\/noticias\/#website"},"primaryImageOfPage":{"@id":"https:\/\/franciscanos.org.br\/noticias\/papa-a-falsidade-nas-palavras-e-na-vida-leva-de-volta-ao-tumulo.html#primaryimage"},"datePublished":"2022-04-18T12:21:52+00:00","dateModified":"2023-01-09T14:17:27+00:00","author":{"@id":"https:\/\/franciscanos.org.br\/noticias\/#\/schema\/person\/b5c8cba458c330ccff548b056e95a5d4"},"breadcrumb":{"@id":"https:\/\/franciscanos.org.br\/noticias\/papa-a-falsidade-nas-palavras-e-na-vida-leva-de-volta-ao-tumulo.html#breadcrumb"},"inLanguage":"pt-BR","potentialAction":[{"@type":"ReadAction","target":["https:\/\/franciscanos.org.br\/noticias\/papa-a-falsidade-nas-palavras-e-na-vida-leva-de-volta-ao-tumulo.html"]}]},{"@type":"BreadcrumbList","@id":"https:\/\/franciscanos.org.br\/noticias\/papa-a-falsidade-nas-palavras-e-na-vida-leva-de-volta-ao-tumulo.html#breadcrumb","itemListElement":[{"@type":"ListItem","position":1,"name":"Home","item":"https:\/\/franciscanos.org.br\/noticias"},{"@type":"ListItem","position":2,"name":"Papa: a falsidade, nas palavras e na vida, leva de volta ao t\u00famulo"}]},{"@type":"Person","@id":"https:\/\/franciscanos.org.br\/noticias\/#\/schema\/person\/b5c8cba458c330ccff548b056e95a5d4","name":"moacir","image":{"@type":"ImageObject","inLanguage":"pt-BR","@id":"https:\/\/franciscanos.org.br\/noticias\/#\/schema\/person\/image\/","url":"https:\/\/secure.gravatar.com\/avatar\/d08aa2ce4c8dd416d4479aa8536fcf64?s=96&d=mm&r=g","contentUrl":"https:\/\/secure.gravatar.com\/avatar\/d08aa2ce4c8dd416d4479aa8536fcf64?s=96&d=mm&r=g","caption":"moacir"},"url":"https:\/\/franciscanos.org.br\/noticias\/author\/moacir"}]}},"_links":{"self":[{"href":"https:\/\/franciscanos.org.br\/noticias\/wp-json\/wp\/v2\/posts\/237337"}],"collection":[{"href":"https:\/\/franciscanos.org.br\/noticias\/wp-json\/wp\/v2\/posts"}],"about":[{"href":"https:\/\/franciscanos.org.br\/noticias\/wp-json\/wp\/v2\/types\/post"}],"author":[{"embeddable":true,"href":"https:\/\/franciscanos.org.br\/noticias\/wp-json\/wp\/v2\/users\/3"}],"replies":[{"embeddable":true,"href":"https:\/\/franciscanos.org.br\/noticias\/wp-json\/wp\/v2\/comments?post=237337"}],"version-history":[{"count":3,"href":"https:\/\/franciscanos.org.br\/noticias\/wp-json\/wp\/v2\/posts\/237337\/revisions"}],"predecessor-version":[{"id":237341,"href":"https:\/\/franciscanos.org.br\/noticias\/wp-json\/wp\/v2\/posts\/237337\/revisions\/237341"}],"wp:featuredmedia":[{"embeddable":true,"href":"https:\/\/franciscanos.org.br\/noticias\/wp-json\/wp\/v2\/media\/237338"}],"wp:attachment":[{"href":"https:\/\/franciscanos.org.br\/noticias\/wp-json\/wp\/v2\/media?parent=237337"}],"wp:term":[{"taxonomy":"category","embeddable":true,"href":"https:\/\/franciscanos.org.br\/noticias\/wp-json\/wp\/v2\/categories?post=237337"},{"taxonomy":"post_tag","embeddable":true,"href":"https:\/\/franciscanos.org.br\/noticias\/wp-json\/wp\/v2\/tags?post=237337"}],"curies":[{"name":"wp","href":"https:\/\/api.w.org\/{rel}","templated":true}]}}