{"id":237323,"date":"2022-04-17T22:41:41","date_gmt":"2022-04-18T01:41:41","guid":{"rendered":"https:\/\/franciscanos.org.br\/noticias\/?p=237323"},"modified":"2022-04-18T22:26:29","modified_gmt":"2022-04-19T01:26:29","slug":"celebracoes-pascais-no-convento-e-paroquia-do-sagrado-de-petropolis","status":"publish","type":"post","link":"https:\/\/franciscanos.org.br\/noticias\/celebracoes-pascais-no-convento-e-paroquia-do-sagrado-de-petropolis.html","title":{"rendered":"Celebra\u00e7\u00f5es Pascais no Convento e Par\u00f3quia do Sagrado de Petr\u00f3polis"},"content":{"rendered":"<p><img loading=\"lazy\" class=\"alignnone wp-image-237325 size-full\" src=\"https:\/\/franciscanos.org.br\/noticias\/wp-content\/uploads\/2022\/04\/pascoa_170422.jpeg\" alt=\"\" width=\"1200\" height=\"700\" srcset=\"https:\/\/franciscanos.org.br\/noticias\/wp-content\/uploads\/2022\/04\/pascoa_170422.jpeg 1200w, https:\/\/franciscanos.org.br\/noticias\/wp-content\/uploads\/2022\/04\/pascoa_170422-450x263.jpeg 450w, https:\/\/franciscanos.org.br\/noticias\/wp-content\/uploads\/2022\/04\/pascoa_170422-1024x597.jpeg 1024w, https:\/\/franciscanos.org.br\/noticias\/wp-content\/uploads\/2022\/04\/pascoa_170422-768x448.jpeg 768w, https:\/\/franciscanos.org.br\/noticias\/wp-content\/uploads\/2022\/04\/pascoa_170422-150x88.jpeg 150w\" sizes=\"(max-width: 1200px) 100vw, 1200px\" \/><\/p>\n<p style=\"font-weight: 400;\"><strong>Petr\u00f3polis (RJ) &#8211; <\/strong>Terminou neste domingo (17\/04), as celebra\u00e7\u00f5es pascais no Convento e Par\u00f3quia do Sagrado Cora\u00e7\u00e3o de Jesus de Petr\u00f3polis (RJ). Durante a \u00faltima semana, os frades franciscanos realizaram diversas atividades e eventos, como mutir\u00e3o de confiss\u00f5es, ora\u00e7\u00e3o comunit\u00e1ria da Liturgia das Horas, Celebra\u00e7\u00e3o Penitencial, prociss\u00f5es, ora\u00e7\u00e3o da Via Sacra, al\u00e9m das celebra\u00e7\u00f5es pr\u00f3prias do Tr\u00edduo Pascal, ricas em espiritualidade e significado. Tudo isso para uma melhor prepara\u00e7\u00e3o para a P\u00e1scoa do Senhor Jesus Cristo. Abaixo apresentamos um resumo das principais celebra\u00e7\u00f5es!<\/p>\n<h2 style=\"font-weight: 400;\"><strong>DOMINGO DE P\u00c1SCOA: \u201cCELEBRAR A P\u00c1SCOA \u00c9 VER O RESSUSCITADO HOJE EM N\u00d3S E EM NOSSOS GESTOS\u201d, DIZ FREI MARCOS<\/strong><\/h2>\n<p style=\"font-weight: 400;\">\u201cCom muita alegria hoje nos reunimos no Domingo da P\u00e1scoa e da Ressurrei\u00e7\u00e3o do Senhor. Ele ressuscitou! E por causa da ressurrei\u00e7\u00e3o a nossa f\u00e9 e a nossa vida tem sentido. N\u00f3s somos salvos por Ele e tamb\u00e9m fazemos com Cristo a nossa P\u00e1scoa\u201d. Foi com essa motiva\u00e7\u00e3o que Frei Marcos Ant\u00f4nio de Andrade presidiu a Celebra\u00e7\u00e3o Eucar\u00edstica do Domingo da P\u00e1scoa, neste dia 17 de abril, \u00e0s 10 horas, na Igreja do Sagrado Cora\u00e7\u00e3o de Jesus de Petr\u00f3polis (RJ). Como de costume, a Santa Missa teve a presen\u00e7a do Coral dos Canarinhos, sob reg\u00eancia do seu maestro titular, Marco Aur\u00e9lio Lischt. A Igreja, como tem ocorrido nos \u00faltimos dias, estava cheia.<\/p>\n<p style=\"font-weight: 400;\">Ap\u00f3s a leitura do Evangelho do Jo\u00e3o (20,1-9), que relata o epis\u00f3dio em que Jesus devia ressuscitar dos mortos, Frei Marcos iniciou sua homilia lembrando da prepara\u00e7\u00e3o feita durante toda a caminhada quaresmal de 40 dias de espera. \u201cHoje se celebra a P\u00e1scoa anual, o sentido da nossa f\u00e9: Cristo ressuscitou e por isso estamos aqui\u201d, disse.<\/p>\n<p style=\"font-weight: 400;\">Repetiu ent\u00e3o um trecho da sequ\u00eancia de P\u00e1scoa, que assim diz: \u201cVi Cristo ressuscitado. O\u00a0t\u00famulo abandonado. Os\u00a0anjos\u00a0da\u00a0cor\u00a0do\u00a0sol.\u00a0Dobrado\u00a0no\u00a0ch\u00e3o\u00a0o\u00a0len\u00e7ol. O Cristo que leva aos c\u00e9us. Caminha \u00e0 frente dos seus\u201d. Segundo Frei Marcos, o Senhor hoje nos quer recordar do verbo ver.<\/p>\n<p style=\"font-weight: 400;\">\u201cN\u00f3s acompanhamos Maria Madalena que vai bem cedo ao sepulcro e v\u00ea a pedra. Ela n\u00e3o entrou. Viu e logo saiu correndo avisar os outros, que n\u00e3o sabiam o que tinha acontecido com o Senhor. Depois n\u00f3s vimos Pedro e o outro disc\u00edpulo que se sup\u00f5e que seja o pr\u00f3prio evangelista Jo\u00e3o, o disc\u00edpulo amado, que v\u00e3o correndo ao t\u00famulo desesperadamente. Imagine s\u00f3, levaram o Senhor! Um chega primeiro, olha para dentro, v\u00ea as faixas de linho no ch\u00e3o, mas tamb\u00e9m n\u00e3o entrou\u201d, recordou o franciscano.<\/p>\n<p style=\"font-weight: 400;\"><img loading=\"lazy\" class=\"wp-image-237326 size-full aligncenter\" src=\"https:\/\/franciscanos.org.br\/noticias\/wp-content\/uploads\/2022\/04\/pascoa_170422_2.jpeg\" alt=\"\" width=\"1200\" height=\"700\" srcset=\"https:\/\/franciscanos.org.br\/noticias\/wp-content\/uploads\/2022\/04\/pascoa_170422_2.jpeg 1200w, https:\/\/franciscanos.org.br\/noticias\/wp-content\/uploads\/2022\/04\/pascoa_170422_2-450x263.jpeg 450w, https:\/\/franciscanos.org.br\/noticias\/wp-content\/uploads\/2022\/04\/pascoa_170422_2-1024x597.jpeg 1024w, https:\/\/franciscanos.org.br\/noticias\/wp-content\/uploads\/2022\/04\/pascoa_170422_2-768x448.jpeg 768w, https:\/\/franciscanos.org.br\/noticias\/wp-content\/uploads\/2022\/04\/pascoa_170422_2-150x88.jpeg 150w\" sizes=\"(max-width: 1200px) 100vw, 1200px\" \/><\/p>\n<p style=\"font-weight: 400;\"><strong>\u00c9 VERDADE, ELE RESSUSCITOU!<\/strong><\/p>\n<p style=\"font-weight: 400;\">Para Frei Marcos, a f\u00e9 est\u00e1 em estreita sintonia com o ver. Adiantou que os evangelhos dos pr\u00f3ximos domingos v\u00e3o relatar tamb\u00e9m esta experi\u00eancia. \u201cN\u00f3s podemos ver como Madalena, mas n\u00e3o entrar no sepulcro. Podemos ver como o disc\u00edpulo que chegou primeiro, que observa as coisas, mas n\u00e3o entra no sepulcro. Podemos ser como Pedro, que entra de cabe\u00e7a e percebe que Ele n\u00e3o est\u00e1 mais l\u00e1, que algo aconteceu de fant\u00e1stico na vida, mas, podemos ser como Jo\u00e3o, que entra, v\u00ea e diz: \u00c9 verdade, Ele ressuscitou\u201d,\u00a0destacou.<\/p>\n<p style=\"font-weight: 400;\">Segundo o presidente da celebra\u00e7\u00e3o, durante todo o Tempo Pascal, os evangelhos v\u00e3o apresentar a din\u00e2mica de uma f\u00e9 que deve ser vis\u00edvel, toc\u00e1vel. \u201cO amor se toca, se abra\u00e7a, se beija, se cuida como Jesus fez, o amor \u00e9 assim\u201d, refletiu.<\/p>\n<p style=\"font-weight: 400;\">\u201cCelebramos a Ressurrei\u00e7\u00e3o do Senhor, a P\u00e1scoa do Senhor \u00e9 ver tudo aquilo que o Senhor fez e continuar vendo o ressuscitado hoje em n\u00f3s, em nossos gestos. \u00c9 por isso que estamos aqui, \u00e9 por isso que temos f\u00e9, porque a f\u00e9 e o amor n\u00e3o s\u00e3o ideias, vem de uma experi\u00eancia humana. \u00c9 da\u00ed que nasce a esperan\u00e7a, o sentido de viver, inclusive \u00e9 assim que passamos a dar um sentido novo \u00e0 morte, que \u00e9 uma passagem, ao sofrimento, que acompanhamos no Tr\u00edduo Pascal durante todas as celebra\u00e7\u00f5es\u201d, sublinhou, acrescentando que o que aconteceu com o Senhor, foi resultado da sua vida, de uma vida de viv\u00eancia de um \u00fanico mandamento, que contempla todos os outros: o amor.<\/p>\n<p style=\"font-weight: 400;\">Cada Eucaristia \u00e9 uma P\u00e1scoa que se celebra, cada domingo \u00e9 uma P\u00e1scoa semanal. \u201cN\u00f3s queremos pedir ao Senhor ressuscitado, que ele continue sendo para n\u00f3s essa luz que ilumina os caminhos t\u00e3o dif\u00edceis. Ele \u00e9 essa luz, Ele est\u00e1 aqui iluminando os nossos passos, os nossos caminhos, os nossos sofrimentos, nos provocando a fazermos com Ele nossa P\u00e1scoa cotidiana, as nossas passagens para a vida\u201d, concluiu.<\/p>\n<p style=\"font-weight: 400;\">A missa teve continuidade com a ora\u00e7\u00e3o do Credo Niceno-constantinopolitano, preces e liturgia eucar\u00edstica. Ap\u00f3s a comunh\u00e3o, o Coral dos Canarinhos entoou a m\u00fasica \u201cO sacrum convivium\u201d de Domenico Bartolucci (VEJA ABAIXO) . No final da celebra\u00e7\u00e3o Frei Marcos agradeceu a presen\u00e7a de todos e em nome do guardi\u00e3o, Frei Jorge Paulo Schiavini, desejou boas festas! A solene b\u00ean\u00e7\u00e3o final findou a celebra\u00e7\u00e3o.<\/p>\n<p><iframe loading=\"lazy\" title=\"YouTube video player\" src=\"https:\/\/www.youtube.com\/embed\/V048f9TE_eI\" width=\"100%\" height=\"480\" frameborder=\"0\" allowfullscreen=\"allowfullscreen\"><span data-mce-type=\"bookmark\" style=\"display: inline-block; width: 0px; overflow: hidden; line-height: 0;\" class=\"mce_SELRES_start\">\ufeff<\/span><\/iframe><\/p>\n<h2 style=\"font-weight: 400;\"><strong>VIG\u00cdLIA PASCAL: \u201cP\u00c1SCOA \u00c9 O DIA DE TODOS OS DIAS\u201d<\/strong><\/h2>\n<p style=\"font-weight: 400;\">No s\u00e1bado, 16 de abril, toda Igreja aguardava ansiosa pela ressurrei\u00e7\u00e3o de Cristo com a Celebra\u00e7\u00e3o da Vig\u00edlia Pascal. Na Par\u00f3quia do Sagrado Cora\u00e7\u00e3o de Jesus de Petr\u00f3polis (RJ), n\u00e3o foi diferente. O grande momento do Tr\u00edduo come\u00e7ou \u00e0s 19h30, com a Missa da Vig\u00edlia, e foi presidida pelo p\u00e1roco Frei Jorge Paulo Schiavini. Os religiosos franciscanos, comunidades da Par\u00f3quia, lideran\u00e7as de movimentos e pastorais, fi\u00e9is e o Coral dos Frades do Tempo da Teologia, sob reg\u00eancia de Frei Marcos Antonio de Andrade, Definidor Provincial e mestre da Teologia, foram testemunhas deste evento, como a lua cheia que se encontrava clara, ela que tamb\u00e9m testemunhou silenciosamente a ressurrei\u00e7\u00e3o de Cristo.<\/p>\n<p style=\"font-weight: 400;\">A celebra\u00e7\u00e3o mais importante do Ano Lit\u00fargico, tamb\u00e9m conhecida como Celebra\u00e7\u00e3o da Luz, come\u00e7ou do lado de fora da Igreja do Sagrado com a b\u00ean\u00e7\u00e3o do fogo. Na sequ\u00eancia, Frei Jorge preparou o novo C\u00edrio Pascal colocando no centro e em cada extremidade da cruz esculpida na vela os cinco cravos, que simbolizam as cinco chagas de Cristo e depois, com o fogo j\u00e1 aben\u00e7oado, acendeu o C\u00edrio Pascal, rezando: \u201cA luz do Cristo que ressuscita resplandecente, dissipe as trevas do nosso cora\u00e7\u00e3o e da nossa mente\u201d. Frei Marcos, tomando o C\u00edrio j\u00e1 preparado entoou ent\u00e3o por duas vezes a jaculat\u00f3ria: \u201cEis a luz de Cristo\u201d e se dirigiu para a entrada da Igreja, onde os fi\u00e9is puderam acender suas velas no fogo santo e em prociss\u00e3o adentraram na centen\u00e1ria Igreja do Sagrado, que permaneceu com as luzes apagadas at\u00e9 o momento em que Frei Marcos entoou pela terceira vez o canto. Seguidamente, incensou o C\u00edrio e com a ajuda do coral entoou a Proclama\u00e7\u00e3o da P\u00e1scoa, tamb\u00e9m conhecido como \u201cExulte\u201d. Os fi\u00e9is acompanharam em sil\u00eancio e permaneceram com as velas acesas at\u00e9 o in\u00edcio da Liturgia da Palavra.<\/p>\n<p style=\"font-weight: 400;\">Ap\u00f3s a leitura de quatro textos do Antigo Testamento que relembram a hist\u00f3ria da salva\u00e7\u00e3o, leu-se a Carta de S\u00e3o Paulo aos Romanos. Depois, Frei Jorge proclamou solenemente o Evangelho de Lucas (24,1-12).<\/p>\n<p style=\"font-weight: 400;\"><img loading=\"lazy\" class=\"wp-image-237327 size-full aligncenter\" src=\"https:\/\/franciscanos.org.br\/noticias\/wp-content\/uploads\/2022\/04\/pascoa_170422_3.jpeg\" alt=\"\" width=\"1200\" height=\"700\" srcset=\"https:\/\/franciscanos.org.br\/noticias\/wp-content\/uploads\/2022\/04\/pascoa_170422_3.jpeg 1200w, https:\/\/franciscanos.org.br\/noticias\/wp-content\/uploads\/2022\/04\/pascoa_170422_3-450x263.jpeg 450w, https:\/\/franciscanos.org.br\/noticias\/wp-content\/uploads\/2022\/04\/pascoa_170422_3-1024x597.jpeg 1024w, https:\/\/franciscanos.org.br\/noticias\/wp-content\/uploads\/2022\/04\/pascoa_170422_3-768x448.jpeg 768w, https:\/\/franciscanos.org.br\/noticias\/wp-content\/uploads\/2022\/04\/pascoa_170422_3-150x88.jpeg 150w\" sizes=\"(max-width: 1200px) 100vw, 1200px\" \/><\/p>\n<p style=\"font-weight: 400;\"><strong>SER TESTEMUNHAS DA RESSURREI\u00c7\u00c3O<\/strong><\/p>\n<p style=\"font-weight: 400;\">Na homilia, o celebrante explicou que com a Celebra\u00e7\u00e3o da Vig\u00edlia Pascal, os crist\u00e3os s\u00e3o convidados a esperarem o Senhor para renovar a sua gra\u00e7a. \u201c\u00c9 hoje que o Senhor ressuscitou! Pela uni\u00e3o com Cristo no Batismo n\u00f3s podemos dizer que hoje o Senhor nos faz voltar a nossa dignidade original de criaturas e com satisfa\u00e7\u00e3o nos contempla, nos aben\u00e7oa e nos diz: \u2018Eis que tudo \u00e9 muito bom\u2019!\u201d, disse, acrescentando que Deus realiza essa obra, por meio do seu Esp\u00edrito que tudo renova.<\/p>\n<p style=\"font-weight: 400;\">Segundo Frei Jorge, depois de ter passado pela morte, o Senhor ressuscitado convida todos a serem filhos de Abra\u00e3o e \u201crenova sua b\u00ean\u00e7\u00e3o que nos faz seu povo na terra\u201d. Para ele, o Senhor nos faz renascer pelas \u00e1guas do batismo para uma vida nova e nos liberta de todo pecado. \u201cEle mais uma vez nos lembra que: \u2018Podem os montes recuar e as colinas abalar-se, mas minha miseric\u00f3rdia n\u00e3o se apartar\u00e1 de ti, nada far\u00e1 mudar a alian\u00e7a de minha paz, diz teu misericordioso Senhor\u2019, frisou.<\/p>\n<p style=\"font-weight: 400;\">Ent\u00e3o perguntou sobre o significado da P\u00e1scoa que hoje se celebra. Segundo ele, a P\u00e1scoa \u00e9 a realiza\u00e7\u00e3o de todas as promessas do Antigo Testamento na pessoa de Jesus Cristo. No mist\u00e9rio da vida, paix\u00e3o, morte e ressurrei\u00e7\u00e3o o Pai re\u00fane o ontem, o hoje e todo o futuro. \u201cEle \u00e9 o reino da gra\u00e7a, de modo que se nos incorporamos a Ele pela f\u00e9 e pelas obras, nos unimos a Ele nesse novo Povo de Deus, nessa nova Cria\u00e7\u00e3o\u201d, ensinou. \u201cPelo batismo na sua morte, fomos sepultados com Ele, para que, como Cristo ressuscitou dos mortos pela gl\u00f3ria do Pai, assim tamb\u00e9m n\u00f3s levemos uma vida nova\u201d, disse, citando S\u00e3o Paulo.<\/p>\n<p style=\"font-weight: 400;\">O p\u00e1roco destacou que o Evangelho tamb\u00e9m apresenta alguns significados da P\u00e1scoa, mas que n\u00e3o se resumem apenas ao fato do t\u00famulo de Jesus estar vazio. \u201cAs mulheres que foram ao t\u00famulo, vendo-o vazio, n\u00e3o sabiam que Cristo tinha ressuscitado. Os anjos anunciam que Jesus ressuscitou e preparam o cora\u00e7\u00e3o das mulheres, para que acreditem, fazendo mem\u00f3ria de sua Palavra, daquilo que Ele tinha dito: \u2018Que o Filho do homem deveria ser entregue nas m\u00e3os dos pecadores, ser crucificado e ressuscitar ao terceiro dia\u2019.\u00a0 Lembrando das palavras de Jesus, elas acreditaram, compreenderam e se tornaram testemunhas\u201d, ressaltou. \u201cQue n\u00e3o deixemos de fazer mem\u00f3ria de sua Palavra e aceitemos o seu convite de carregar tamb\u00e9m a nossa cruz, de fazer a nossa parte para a constru\u00e7\u00e3o de seu Reino\u201d, sublinhou.<\/p>\n<p style=\"font-weight: 400;\">Frei Jorge encerrou dizendo que a Vig\u00edlia Pascal n\u00e3o \u00e9 apenas uma noite e a P\u00e1scoa n\u00e3o \u00e9 apenas um dia. \u201c\u00c9 o dia de todos os dias, o tempo de todos os tempos. \u00c9 a luz celeste iluminando as trevas e infidelidades de nossa caminhada di\u00e1ria. \u00c9 o Cristo ressuscitado sempre passando por nossa hist\u00f3ria\u201d.<\/p>\n<p style=\"font-weight: 400;\">Findada a homilia, o p\u00e1roco aben\u00e7oou a \u00e1gua batismal. Ap\u00f3s a ora\u00e7\u00e3o, os presentes acenderam novamente suas velas e renovaram as promessas batismais. Na sequ\u00eancia, Frei Jorge aspergiu os fi\u00e9is, enquanto o coral entoava o canto \u201cEu Vi Foi \u00c1gua\u201d de Jos\u00e9 Ac\u00e1cio Santana e Reginaldo Veloso. A celebra\u00e7\u00e3o teve continuidade com as preces da comunidade e a liturgia eucar\u00edstica.<\/p>\n<p style=\"font-weight: 400;\">Frei Jorge agradeceu a presen\u00e7a de todos, bem como dos que organizaram as celebra\u00e7\u00f5es da Semana Santa e desejou uma feliz e aben\u00e7oada P\u00e1scoa! A solene b\u00ean\u00e7\u00e3o final encerrou a celebra\u00e7\u00e3o que foi transmitida pelas redes digitais da Par\u00f3quia do Sagrado e pela R\u00e1dio Imperial.<\/p>\n<h2 style=\"font-weight: 400;\"><strong>CELEBRA\u00c7\u00c3O DA PAIX\u00c3O DO SENHOR E PROCISS\u00c3O MARCAM A SEXTA-FEIRA SANTA NO SAGRADO<\/strong><\/h2>\n<p style=\"font-weight: 400;\">Nem mesmo a chuva e o frio na serra petropolitana espantou os fi\u00e9is que vieram para a Celebra\u00e7\u00e3o da Paix\u00e3o do Senhor, na Sexta-feira Santa (15\/04), na Par\u00f3quia do Sagrado de Petr\u00f3polis (RJ).\u00a0O p\u00e1roco, Frei Jorge Paulo Schiavini, presidiu a celebra\u00e7\u00e3o das 15 horas e contou com a centen\u00e1ria Igreja do Sagrado lotada. O Coral das Meninas dos Canarinhos de Petr\u00f3polis tamb\u00e9m se fez presente e entoou c\u00e2nticos pr\u00f3prios para este dia, sob reg\u00eancia de Marcelo Vizzani.<\/p>\n<p style=\"font-weight: 400;\"><img loading=\"lazy\" class=\"wp-image-237328 size-full aligncenter\" src=\"https:\/\/franciscanos.org.br\/noticias\/wp-content\/uploads\/2022\/04\/pascoa_170422_4.jpeg\" alt=\"\" width=\"1200\" height=\"700\" srcset=\"https:\/\/franciscanos.org.br\/noticias\/wp-content\/uploads\/2022\/04\/pascoa_170422_4.jpeg 1200w, https:\/\/franciscanos.org.br\/noticias\/wp-content\/uploads\/2022\/04\/pascoa_170422_4-450x263.jpeg 450w, https:\/\/franciscanos.org.br\/noticias\/wp-content\/uploads\/2022\/04\/pascoa_170422_4-1024x597.jpeg 1024w, https:\/\/franciscanos.org.br\/noticias\/wp-content\/uploads\/2022\/04\/pascoa_170422_4-768x448.jpeg 768w, https:\/\/franciscanos.org.br\/noticias\/wp-content\/uploads\/2022\/04\/pascoa_170422_4-150x88.jpeg 150w\" sizes=\"(max-width: 1200px) 100vw, 1200px\" \/><\/p>\n<p style=\"font-weight: 400;\">A liturgia \u00e9 composta de tr\u00eas momentos: Liturgia da Palavra, Adora\u00e7\u00e3o da Cruz e Comunh\u00e3o. Mas vale lembrar que \u00e9 o \u00fanico dia do ano em que n\u00e3o se realiza uma Celebra\u00e7\u00e3o Eucar\u00edstica propriamente dita, pois todo o momento \u00e9 dedicado \u00e0 Paix\u00e3o e \u00e0 morte de Jesus. Ou seja, n\u00e3o se celebra missa em nenhum lugar do mundo.<\/p>\n<p style=\"font-weight: 400;\">Ap\u00f3s a leitura do Evangelho de S\u00e3o Jo\u00e3o (18,1-19,42), que relata a Paix\u00e3o do Senhor, Frei Jorge dividiu sua reflex\u00e3o em tr\u00eas aspectos, a saber: 1\u00ba Ao apresentar Jesus para a multid\u00e3o, Pilatos diz: Eis o homem; 2\u00ba Junto a cruz est\u00e1 de p\u00e9 sua m\u00e3e, Maria; 3\u00ba Tudo est\u00e1 consumado!<strong>\u00a0<\/strong><\/p>\n<p style=\"font-weight: 400;\">Segundo o p\u00e1roco, quando os ap\u00f3stolos receberam o esp\u00edrito de Jesus eles perceberam que o Senhor continuava com eles e continuaram a vida \u00e0 luz do Senhor ressuscitado. \u201cO sangue e \u00e1gua que brotam de seu lado, s\u00e3o os sacramentos, s\u00e3o a vida da Igreja. \u00c9 o Senhor que permanece junto da sua Igreja realizando a sua miss\u00e3o\u201d, refletiu.<\/p>\n<p style=\"font-weight: 400;\">Frei Jorge encerrou sua homilia com um pensamento do santo franciscano, Santo Ant\u00f4nio, que em um de seus serm\u00f5es discorreu sobre a Paix\u00e3o de Cristo. \u201cCristo que \u00e9 tua vida esta suspenso diante de ti para que tu te contemples na cruz como num espelho. A\u00ed poder\u00e1s conhecer qu\u00e3o mortais s\u00e3o tuas feridas que nenhuma medicina tem poder de sarar sen\u00e3o aquela que brota do sangue do Filho de Deus. Se olhares bem poder\u00e1s dar-te conta de qu\u00e3o grande s\u00e3o tua dignidade e o teu valor. Em nenhum outro lugar o homem pode melhor dar-se conta do quanto ele vale do que olhando-se no espelho da cruz\u201d.<\/p>\n<p style=\"font-weight: 400;\">Depois da homilia e da ora\u00e7\u00e3o dos fi\u00e9is, realizou-se o momento mais intenso da celebra\u00e7\u00e3o: a adora\u00e7\u00e3o da Cruz e a ora\u00e7\u00e3o silenciosa dos fi\u00e9is diante do Crucifixo. Por isso, Frei Jorge e os ac\u00f3litos dirigiram \u00e0 entrada da Igreja e em prociss\u00e3o trouxeram o crucifixo de Jesus enquanto o celebrante entoava o tradicional canto \u201cEis o lenho da cruz\u201d. De joelhos, os fi\u00e9is permaneceram em sil\u00eancio e fizeram sua ora\u00e7\u00e3o e adora\u00e7\u00e3o pessoal diante da cruz de Jesus.<\/p>\n<h2 style=\"font-weight: 400;\"><strong>CEIA DO SENHOR: \u201cN\u00d3S TAMB\u00c9M DEVEMOS FAZER COMO ELE FEZ\u201d, DIZ FREI MARCOS<\/strong><\/h2>\n<p style=\"font-weight: 400;\">\u201cTodos n\u00f3s devemos gloriar-nos na cruz, de Nosso Senhor Jesus Cristo\u201d. Com este tradicional canto entoado pelo Coral dos Canarinhos de Petr\u00f3polis na missa vespertina da Ceia do Senhor, a Par\u00f3quia do Sagrado Cora\u00e7\u00e3o de Jesus de Petr\u00f3polis (RJ), deu in\u00edcio \u00e0s Celebra\u00e7\u00f5es do Tr\u00edduo Pascal na quinta-feira da Semana Santa (14\/04), \u00e0s 19h30. \u00a0O Definidor Provincial e mestre dos frades do Tempo da Teologia, Frei Marcos Antonio de Andrade, presidiu a Celebra\u00e7\u00e3o Eucar\u00edstica que teve a presen\u00e7a de professores, educadores franciscanos, paroquianos e fi\u00e9is.<\/p>\n<p style=\"font-weight: 400;\"><img loading=\"lazy\" class=\"wp-image-237329 size-full aligncenter\" src=\"https:\/\/franciscanos.org.br\/noticias\/wp-content\/uploads\/2022\/04\/pascoa_170422_5.jpeg\" alt=\"\" width=\"1200\" height=\"700\" srcset=\"https:\/\/franciscanos.org.br\/noticias\/wp-content\/uploads\/2022\/04\/pascoa_170422_5.jpeg 1200w, https:\/\/franciscanos.org.br\/noticias\/wp-content\/uploads\/2022\/04\/pascoa_170422_5-450x263.jpeg 450w, https:\/\/franciscanos.org.br\/noticias\/wp-content\/uploads\/2022\/04\/pascoa_170422_5-1024x597.jpeg 1024w, https:\/\/franciscanos.org.br\/noticias\/wp-content\/uploads\/2022\/04\/pascoa_170422_5-768x448.jpeg 768w, https:\/\/franciscanos.org.br\/noticias\/wp-content\/uploads\/2022\/04\/pascoa_170422_5-150x88.jpeg 150w\" sizes=\"(max-width: 1200px) 100vw, 1200px\" \/><\/p>\n<p style=\"font-weight: 400;\">Depois da homilia, como \u00e9 costume, repetiu-se o gesto de Jesus durante a \u00daltima Ceia, quando o Senhor lavou os p\u00e9s dos seus disc\u00edpulos como sinal de amor radical at\u00e9 ao ponto do servi\u00e7o e da humilha\u00e7\u00e3o. No Sagrado, os mestres da educa\u00e7\u00e3o foram os disc\u00edpulos e tiveram seus p\u00e9s lavados por Frei Marcos, que fez men\u00e7\u00e3o ao tema da Campanha da Fraternidade de 2022, \u201cFraternidade e Educa\u00e7\u00e3o\u201d.<\/p>\n<p style=\"font-weight: 400;\"><strong>E DISSE JESUS: FAZEI ISTO<\/strong><\/p>\n<p style=\"font-weight: 400;\">Ap\u00f3s a Liturgia da Palavra, Frei Marcos iniciou sua homilia recordando da primeira leitura do livro do \u00caxodo que apresenta um ritual da Ceia Pascal para os judeus. \u201cPor isto hoje tamb\u00e9m n\u00f3s perguntamos: o que significa este rito? E o Senhor nos explica: fazer tudo o que Ele fez\u201d, disse. Segundo ele, o significado profundo deste rito e de todos os outros ritos s\u00e3o explicados pela liturgia do dia.<\/p>\n<p style=\"font-weight: 400;\">\u201cNo gesto da Ceia, Jesus nos mostra e nos explica o sentido profundo do dar, do partilhar, do fazer tudo o que Ele fez. E o que Ele fez \u00e9 o que nos cantamos antes de ouvir o Evangelho: o mandamento do amor. Vivermos o amor \u00e9 a nova e eterna alian\u00e7a como Ele viveu\u201d, explicou. \u201cA Ceia e a Eucaristia para n\u00f3s crist\u00e3os s\u00e3o o centro de tudo, porque nos faz recordar essa entrega total\u201d, acrescentou.<\/p>\n<p style=\"font-weight: 400;\">Sobre o Evangelho de S\u00e3o Jo\u00e3o (13,1-15), Frei Marcos recordou que Jesus tira o manto, pega uma jarra com bacia e lava os p\u00e9s. \u201cEste \u00e9 o sentido maior da Eucaristia, do servi\u00e7o, de lavarmos os p\u00e9s uns dos outros. Ao final deste gesto concreto o que Ele diz? A mesma coisa da Ceia: fazei isto!\u201d, recordou.<\/p>\n<p style=\"font-weight: 400;\">Segundo o celebrante, assim como o filho mais novo na Ceia judaica, assim como S\u00e3o Jo\u00e3o, hoje tamb\u00e9m n\u00f3s nos perguntamos: Mas o que significa tudo isso? Para Frei Marcos, significa vivermos o amor, fazer o amor se dar em nossas vidas, a tal ponto de morrer por causa de um projeto de vida e de entrega total.<\/p>\n<p style=\"font-weight: 400;\">\u201cNesta celebra\u00e7\u00e3o n\u00f3s fazemos mem\u00f3ria deste gesto de Jesus, de servi\u00e7o, de lavar os p\u00e9s, ele que \u00e9 mestre e Senhor nos ensina. E hoje, no rito do lava-p\u00e9s, temos aqui a presen\u00e7a de v\u00e1rios educadores\u201d, lembrou, acrescentando que os professores e todos aqueles que trabalham com a educa\u00e7\u00e3o desempenham este servi\u00e7o de amor, de cuidado, de lavar os p\u00e9s de nossas crian\u00e7as e jovens. \u201cHoje fazemos mem\u00f3ria deste gesto de amor e de lavar os p\u00e9s de nossos colaboradores da educa\u00e7\u00e3o que tem a miss\u00e3o t\u00e3o bonita de educar\u201d, frisou.<\/p>\n<p style=\"font-weight: 400;\">Concluiu sua reflex\u00e3o afirmando que \u00e9 a partir do mandamento do amor e do servi\u00e7o do lava-p\u00e9s que se pode aprender o verdadeiro significado do que \u00e9 a P\u00e1scoa anual. \u201cEsta celebra\u00e7\u00e3o que abre o Tr\u00edduo Pascal nos mostra o amor se fazendo e n\u00f3s devemos tamb\u00e9m fazer como Ele fez\u201d, encerrou.<\/p>\n<p style=\"font-weight: 400;\">Na sequ\u00eancia, j\u00e1 com a jarra e bacia em m\u00e3os, Frei Marcos lavou os p\u00e9s dos educadores. Um rico momento de espiritualidade e f\u00e9 que emocionou os presentes. Durante este gesto o Coral dos Canarinhos, sob reg\u00eancia de seu maestro titular, Marco Aur\u00e9lio Lischt entoou a m\u00fasica \u201cJesus erguendo-se da Ceia\u201d.<\/p>\n<p style=\"font-weight: 400;\">Ap\u00f3s a comunh\u00e3o, o presidente da celebra\u00e7\u00e3o explicou que na sequ\u00eancia faria a translada\u00e7\u00e3o do Sant\u00edssimo para adora\u00e7\u00e3o e ora\u00e7\u00e3o pessoal na Capela frei Galv\u00e3o.<\/p>\n<p style=\"font-weight: 400;\">Como de costume, a Santa Missa foi transmitida pelas redes digitais da Par\u00f3quia do Instituto dos Meninos Cantores de Petr\u00f3polis e pela R\u00e1dio Imperial da cidade.<\/p>\n<p><img loading=\"lazy\" class=\"wp-image-237330 size-full aligncenter\" src=\"https:\/\/franciscanos.org.br\/noticias\/wp-content\/uploads\/2022\/04\/pascoa_170422_6.jpeg\" alt=\"\" width=\"1200\" height=\"700\" srcset=\"https:\/\/franciscanos.org.br\/noticias\/wp-content\/uploads\/2022\/04\/pascoa_170422_6.jpeg 1200w, https:\/\/franciscanos.org.br\/noticias\/wp-content\/uploads\/2022\/04\/pascoa_170422_6-450x263.jpeg 450w, https:\/\/franciscanos.org.br\/noticias\/wp-content\/uploads\/2022\/04\/pascoa_170422_6-1024x597.jpeg 1024w, https:\/\/franciscanos.org.br\/noticias\/wp-content\/uploads\/2022\/04\/pascoa_170422_6-768x448.jpeg 768w, https:\/\/franciscanos.org.br\/noticias\/wp-content\/uploads\/2022\/04\/pascoa_170422_6-150x88.jpeg 150w\" sizes=\"(max-width: 1200px) 100vw, 1200px\" \/><\/p>\n<hr \/>\n<p style=\"font-weight: 400;\"><em>Frei Augusto Luiz Gabriel, pela Fraternidade do Sagrado<\/em><\/p>\n","protected":false},"excerpt":{"rendered":"<p>Celebra\u00e7\u00f5es Pascais em Petr\u00f3polis<\/p>\n","protected":false},"author":3,"featured_media":237325,"comment_status":"open","ping_status":"open","sticky":false,"template":"","format":"standard","meta":[],"categories":[1],"tags":[1766,523,190],"acf":[],"yoast_head":"<!-- This site is optimized with the Yoast SEO plugin v19.2 - https:\/\/yoast.com\/wordpress\/plugins\/seo\/ -->\n<title>Celebra\u00e7\u00f5es Pascais no Convento e Par\u00f3quia do Sagrado de Petr\u00f3polis - Not\u00edcias - Franciscanos<\/title>\n<meta name=\"robots\" content=\"index, follow, max-snippet:-1, max-image-preview:large, max-video-preview:-1\" \/>\n<link rel=\"canonical\" href=\"https:\/\/franciscanos.org.br\/noticias\/celebracoes-pascais-no-convento-e-paroquia-do-sagrado-de-petropolis.html\" \/>\n<meta property=\"og:locale\" content=\"pt_BR\" \/>\n<meta property=\"og:type\" content=\"article\" \/>\n<meta property=\"og:title\" content=\"Celebra\u00e7\u00f5es Pascais no Convento e Par\u00f3quia do Sagrado de Petr\u00f3polis - Not\u00edcias - Franciscanos\" \/>\n<meta property=\"og:description\" content=\"Celebra\u00e7\u00f5es Pascais em Petr\u00f3polis\" \/>\n<meta property=\"og:url\" content=\"https:\/\/franciscanos.org.br\/noticias\/celebracoes-pascais-no-convento-e-paroquia-do-sagrado-de-petropolis.html\" \/>\n<meta property=\"og:site_name\" content=\"Not\u00edcias - Franciscanos\" \/>\n<meta property=\"article:published_time\" content=\"2022-04-18T01:41:41+00:00\" \/>\n<meta property=\"article:modified_time\" content=\"2022-04-19T01:26:29+00:00\" \/>\n<meta property=\"og:image\" content=\"https:\/\/franciscanos.org.br\/noticias\/wp-content\/uploads\/2022\/04\/pascoa_170422.jpeg\" \/>\n\t<meta property=\"og:image:width\" content=\"1200\" \/>\n\t<meta property=\"og:image:height\" content=\"700\" \/>\n\t<meta property=\"og:image:type\" content=\"image\/jpeg\" \/>\n<meta name=\"author\" content=\"moacir\" \/>\n<meta name=\"twitter:card\" content=\"summary_large_image\" \/>\n<meta name=\"twitter:label1\" content=\"Escrito por\" \/>\n\t<meta name=\"twitter:data1\" content=\"moacir\" \/>\n\t<meta name=\"twitter:label2\" content=\"Est. tempo de leitura\" \/>\n\t<meta name=\"twitter:data2\" content=\"16 minutos\" \/>\n<script type=\"application\/ld+json\" class=\"yoast-schema-graph\">{\"@context\":\"https:\/\/schema.org\",\"@graph\":[{\"@type\":\"WebSite\",\"@id\":\"https:\/\/franciscanos.org.br\/noticias\/#website\",\"url\":\"https:\/\/franciscanos.org.br\/noticias\/\",\"name\":\"Not\u00edcias - Franciscanos\",\"description\":\"Prov\u00edncia Franciscana da Imaculada Concei\u00e7\u00e3o do Brasil - Ordem dos Frades Menores - OFM\",\"potentialAction\":[{\"@type\":\"SearchAction\",\"target\":{\"@type\":\"EntryPoint\",\"urlTemplate\":\"https:\/\/franciscanos.org.br\/noticias\/?s={search_term_string}\"},\"query-input\":\"required name=search_term_string\"}],\"inLanguage\":\"pt-BR\"},{\"@type\":\"ImageObject\",\"inLanguage\":\"pt-BR\",\"@id\":\"https:\/\/franciscanos.org.br\/noticias\/celebracoes-pascais-no-convento-e-paroquia-do-sagrado-de-petropolis.html#primaryimage\",\"url\":\"https:\/\/franciscanos.org.br\/noticias\/wp-content\/uploads\/2022\/04\/pascoa_170422.jpeg\",\"contentUrl\":\"https:\/\/franciscanos.org.br\/noticias\/wp-content\/uploads\/2022\/04\/pascoa_170422.jpeg\",\"width\":1200,\"height\":700},{\"@type\":\"WebPage\",\"@id\":\"https:\/\/franciscanos.org.br\/noticias\/celebracoes-pascais-no-convento-e-paroquia-do-sagrado-de-petropolis.html#webpage\",\"url\":\"https:\/\/franciscanos.org.br\/noticias\/celebracoes-pascais-no-convento-e-paroquia-do-sagrado-de-petropolis.html\",\"name\":\"Celebra\u00e7\u00f5es Pascais no Convento e Par\u00f3quia do Sagrado de Petr\u00f3polis - Not\u00edcias - Franciscanos\",\"isPartOf\":{\"@id\":\"https:\/\/franciscanos.org.br\/noticias\/#website\"},\"primaryImageOfPage\":{\"@id\":\"https:\/\/franciscanos.org.br\/noticias\/celebracoes-pascais-no-convento-e-paroquia-do-sagrado-de-petropolis.html#primaryimage\"},\"datePublished\":\"2022-04-18T01:41:41+00:00\",\"dateModified\":\"2022-04-19T01:26:29+00:00\",\"author\":{\"@id\":\"https:\/\/franciscanos.org.br\/noticias\/#\/schema\/person\/b5c8cba458c330ccff548b056e95a5d4\"},\"breadcrumb\":{\"@id\":\"https:\/\/franciscanos.org.br\/noticias\/celebracoes-pascais-no-convento-e-paroquia-do-sagrado-de-petropolis.html#breadcrumb\"},\"inLanguage\":\"pt-BR\",\"potentialAction\":[{\"@type\":\"ReadAction\",\"target\":[\"https:\/\/franciscanos.org.br\/noticias\/celebracoes-pascais-no-convento-e-paroquia-do-sagrado-de-petropolis.html\"]}]},{\"@type\":\"BreadcrumbList\",\"@id\":\"https:\/\/franciscanos.org.br\/noticias\/celebracoes-pascais-no-convento-e-paroquia-do-sagrado-de-petropolis.html#breadcrumb\",\"itemListElement\":[{\"@type\":\"ListItem\",\"position\":1,\"name\":\"Home\",\"item\":\"https:\/\/franciscanos.org.br\/noticias\"},{\"@type\":\"ListItem\",\"position\":2,\"name\":\"Celebra\u00e7\u00f5es Pascais no Convento e Par\u00f3quia do Sagrado de Petr\u00f3polis\"}]},{\"@type\":\"Person\",\"@id\":\"https:\/\/franciscanos.org.br\/noticias\/#\/schema\/person\/b5c8cba458c330ccff548b056e95a5d4\",\"name\":\"moacir\",\"image\":{\"@type\":\"ImageObject\",\"inLanguage\":\"pt-BR\",\"@id\":\"https:\/\/franciscanos.org.br\/noticias\/#\/schema\/person\/image\/\",\"url\":\"https:\/\/secure.gravatar.com\/avatar\/d08aa2ce4c8dd416d4479aa8536fcf64?s=96&d=mm&r=g\",\"contentUrl\":\"https:\/\/secure.gravatar.com\/avatar\/d08aa2ce4c8dd416d4479aa8536fcf64?s=96&d=mm&r=g\",\"caption\":\"moacir\"},\"url\":\"https:\/\/franciscanos.org.br\/noticias\/author\/moacir\"}]}<\/script>\n<!-- \/ Yoast SEO plugin. -->","yoast_head_json":{"title":"Celebra\u00e7\u00f5es Pascais no Convento e Par\u00f3quia do Sagrado de Petr\u00f3polis - Not\u00edcias - Franciscanos","robots":{"index":"index","follow":"follow","max-snippet":"max-snippet:-1","max-image-preview":"max-image-preview:large","max-video-preview":"max-video-preview:-1"},"canonical":"https:\/\/franciscanos.org.br\/noticias\/celebracoes-pascais-no-convento-e-paroquia-do-sagrado-de-petropolis.html","og_locale":"pt_BR","og_type":"article","og_title":"Celebra\u00e7\u00f5es Pascais no Convento e Par\u00f3quia do Sagrado de Petr\u00f3polis - Not\u00edcias - Franciscanos","og_description":"Celebra\u00e7\u00f5es Pascais em Petr\u00f3polis","og_url":"https:\/\/franciscanos.org.br\/noticias\/celebracoes-pascais-no-convento-e-paroquia-do-sagrado-de-petropolis.html","og_site_name":"Not\u00edcias - Franciscanos","article_published_time":"2022-04-18T01:41:41+00:00","article_modified_time":"2022-04-19T01:26:29+00:00","og_image":[{"width":1200,"height":700,"url":"https:\/\/franciscanos.org.br\/noticias\/wp-content\/uploads\/2022\/04\/pascoa_170422.jpeg","type":"image\/jpeg"}],"author":"moacir","twitter_card":"summary_large_image","twitter_misc":{"Escrito por":"moacir","Est. tempo de leitura":"16 minutos"},"schema":{"@context":"https:\/\/schema.org","@graph":[{"@type":"WebSite","@id":"https:\/\/franciscanos.org.br\/noticias\/#website","url":"https:\/\/franciscanos.org.br\/noticias\/","name":"Not\u00edcias - Franciscanos","description":"Prov\u00edncia Franciscana da Imaculada Concei\u00e7\u00e3o do Brasil - Ordem dos Frades Menores - OFM","potentialAction":[{"@type":"SearchAction","target":{"@type":"EntryPoint","urlTemplate":"https:\/\/franciscanos.org.br\/noticias\/?s={search_term_string}"},"query-input":"required name=search_term_string"}],"inLanguage":"pt-BR"},{"@type":"ImageObject","inLanguage":"pt-BR","@id":"https:\/\/franciscanos.org.br\/noticias\/celebracoes-pascais-no-convento-e-paroquia-do-sagrado-de-petropolis.html#primaryimage","url":"https:\/\/franciscanos.org.br\/noticias\/wp-content\/uploads\/2022\/04\/pascoa_170422.jpeg","contentUrl":"https:\/\/franciscanos.org.br\/noticias\/wp-content\/uploads\/2022\/04\/pascoa_170422.jpeg","width":1200,"height":700},{"@type":"WebPage","@id":"https:\/\/franciscanos.org.br\/noticias\/celebracoes-pascais-no-convento-e-paroquia-do-sagrado-de-petropolis.html#webpage","url":"https:\/\/franciscanos.org.br\/noticias\/celebracoes-pascais-no-convento-e-paroquia-do-sagrado-de-petropolis.html","name":"Celebra\u00e7\u00f5es Pascais no Convento e Par\u00f3quia do Sagrado de Petr\u00f3polis - Not\u00edcias - Franciscanos","isPartOf":{"@id":"https:\/\/franciscanos.org.br\/noticias\/#website"},"primaryImageOfPage":{"@id":"https:\/\/franciscanos.org.br\/noticias\/celebracoes-pascais-no-convento-e-paroquia-do-sagrado-de-petropolis.html#primaryimage"},"datePublished":"2022-04-18T01:41:41+00:00","dateModified":"2022-04-19T01:26:29+00:00","author":{"@id":"https:\/\/franciscanos.org.br\/noticias\/#\/schema\/person\/b5c8cba458c330ccff548b056e95a5d4"},"breadcrumb":{"@id":"https:\/\/franciscanos.org.br\/noticias\/celebracoes-pascais-no-convento-e-paroquia-do-sagrado-de-petropolis.html#breadcrumb"},"inLanguage":"pt-BR","potentialAction":[{"@type":"ReadAction","target":["https:\/\/franciscanos.org.br\/noticias\/celebracoes-pascais-no-convento-e-paroquia-do-sagrado-de-petropolis.html"]}]},{"@type":"BreadcrumbList","@id":"https:\/\/franciscanos.org.br\/noticias\/celebracoes-pascais-no-convento-e-paroquia-do-sagrado-de-petropolis.html#breadcrumb","itemListElement":[{"@type":"ListItem","position":1,"name":"Home","item":"https:\/\/franciscanos.org.br\/noticias"},{"@type":"ListItem","position":2,"name":"Celebra\u00e7\u00f5es Pascais no Convento e Par\u00f3quia do Sagrado de Petr\u00f3polis"}]},{"@type":"Person","@id":"https:\/\/franciscanos.org.br\/noticias\/#\/schema\/person\/b5c8cba458c330ccff548b056e95a5d4","name":"moacir","image":{"@type":"ImageObject","inLanguage":"pt-BR","@id":"https:\/\/franciscanos.org.br\/noticias\/#\/schema\/person\/image\/","url":"https:\/\/secure.gravatar.com\/avatar\/d08aa2ce4c8dd416d4479aa8536fcf64?s=96&d=mm&r=g","contentUrl":"https:\/\/secure.gravatar.com\/avatar\/d08aa2ce4c8dd416d4479aa8536fcf64?s=96&d=mm&r=g","caption":"moacir"},"url":"https:\/\/franciscanos.org.br\/noticias\/author\/moacir"}]}},"_links":{"self":[{"href":"https:\/\/franciscanos.org.br\/noticias\/wp-json\/wp\/v2\/posts\/237323"}],"collection":[{"href":"https:\/\/franciscanos.org.br\/noticias\/wp-json\/wp\/v2\/posts"}],"about":[{"href":"https:\/\/franciscanos.org.br\/noticias\/wp-json\/wp\/v2\/types\/post"}],"author":[{"embeddable":true,"href":"https:\/\/franciscanos.org.br\/noticias\/wp-json\/wp\/v2\/users\/3"}],"replies":[{"embeddable":true,"href":"https:\/\/franciscanos.org.br\/noticias\/wp-json\/wp\/v2\/comments?post=237323"}],"version-history":[{"count":10,"href":"https:\/\/franciscanos.org.br\/noticias\/wp-json\/wp\/v2\/posts\/237323\/revisions"}],"predecessor-version":[{"id":237369,"href":"https:\/\/franciscanos.org.br\/noticias\/wp-json\/wp\/v2\/posts\/237323\/revisions\/237369"}],"wp:featuredmedia":[{"embeddable":true,"href":"https:\/\/franciscanos.org.br\/noticias\/wp-json\/wp\/v2\/media\/237325"}],"wp:attachment":[{"href":"https:\/\/franciscanos.org.br\/noticias\/wp-json\/wp\/v2\/media?parent=237323"}],"wp:term":[{"taxonomy":"category","embeddable":true,"href":"https:\/\/franciscanos.org.br\/noticias\/wp-json\/wp\/v2\/categories?post=237323"},{"taxonomy":"post_tag","embeddable":true,"href":"https:\/\/franciscanos.org.br\/noticias\/wp-json\/wp\/v2\/tags?post=237323"}],"curies":[{"name":"wp","href":"https:\/\/api.w.org\/{rel}","templated":true}]}}