{"id":237304,"date":"2022-04-17T19:38:25","date_gmt":"2022-04-17T22:38:25","guid":{"rendered":"https:\/\/franciscanos.org.br\/noticias\/?p=237304"},"modified":"2023-01-03T14:17:34","modified_gmt":"2023-01-03T17:17:34","slug":"precisamos-cultivar-a-abertura-de-coracao-e-o-olhar-atento-do-bom-samaritano-pede-frei-medella-na-abertura-da-festa-da-penha","status":"publish","type":"post","link":"https:\/\/franciscanos.org.br\/noticias\/precisamos-cultivar-a-abertura-de-coracao-e-o-olhar-atento-do-bom-samaritano-pede-frei-medella-na-abertura-da-festa-da-penha.html","title":{"rendered":"&#8220;Precisamos cultivar a abertura de cora\u00e7\u00e3o e o olhar atento do bom Samaritano&#8221;, pede Frei Medella na abertura da Festa da Penha"},"content":{"rendered":"<p><img loading=\"lazy\" class=\"alignnone wp-image-237305 size-full\" src=\"https:\/\/franciscanos.org.br\/noticias\/wp-content\/uploads\/2022\/04\/primeirodia_1704_1.jpg\" alt=\"\" width=\"1280\" height=\"720\" srcset=\"https:\/\/franciscanos.org.br\/noticias\/wp-content\/uploads\/2022\/04\/primeirodia_1704_1.jpg 1280w, https:\/\/franciscanos.org.br\/noticias\/wp-content\/uploads\/2022\/04\/primeirodia_1704_1-450x253.jpg 450w, https:\/\/franciscanos.org.br\/noticias\/wp-content\/uploads\/2022\/04\/primeirodia_1704_1-1024x576.jpg 1024w, https:\/\/franciscanos.org.br\/noticias\/wp-content\/uploads\/2022\/04\/primeirodia_1704_1-768x432.jpg 768w, https:\/\/franciscanos.org.br\/noticias\/wp-content\/uploads\/2022\/04\/primeirodia_1704_1-150x84.jpg 150w\" sizes=\"(max-width: 1280px) 100vw, 1280px\" \/><\/p>\n<p><strong>Vila Velha (ES)<\/strong> &#8211; Os fi\u00e9is e devotos de Nossa Senhora da Penha puderam, enfim, voltar ao Campinho do Convento da Penha neste domingo de P\u00e1scoa, 17 de abril, para celebrar o in\u00edcio da 452\u00aa edi\u00e7\u00e3o da Festa da Virgem das Alegrias, Nossa Senhora da Penha. Al\u00e9m desta libera\u00e7\u00e3o presencial pelo Governo do Estado do Esp\u00edrito Santo, os fi\u00e9is puderam participar da primeira Missa do Oitav\u00e1rio sem m\u00e1scara.<\/p>\n<p>&#8220;A M\u00e3e das Alegrias, certamente, alegra-se com as belas e sinceras homenagens que a Ela ser\u00e3o dirigidas nos pr\u00f3ximos dias. Mais alegre e grata ainda ela ficar\u00e1 se cada demonstra\u00e7\u00e3o que fizermos de carinho e devo\u00e7\u00e3o nos transformarem em pessoas melhores capazes de dar o seu melhor a fim de vivermos num mundo melhor&#8221;, pediu o Vig\u00e1rio Provincial, Frei Gustavo Medella, como presidente da Santa Missa de abertura da Festa da Penha, representando o Ministro Provincial Frei Paulo Roberto Pereira e todos os frades da Prov\u00edncia Franciscana da Imaculada Concei\u00e7\u00e3o.<\/p>\n<p><img loading=\"lazy\" class=\"alignnone wp-image-237306 size-full\" src=\"https:\/\/franciscanos.org.br\/noticias\/wp-content\/uploads\/2022\/04\/primeirodia_1704_3.jpg\" alt=\"\" width=\"1280\" height=\"797\" srcset=\"https:\/\/franciscanos.org.br\/noticias\/wp-content\/uploads\/2022\/04\/primeirodia_1704_3.jpg 1280w, https:\/\/franciscanos.org.br\/noticias\/wp-content\/uploads\/2022\/04\/primeirodia_1704_3-450x280.jpg 450w, https:\/\/franciscanos.org.br\/noticias\/wp-content\/uploads\/2022\/04\/primeirodia_1704_3-1024x638.jpg 1024w, https:\/\/franciscanos.org.br\/noticias\/wp-content\/uploads\/2022\/04\/primeirodia_1704_3-768x478.jpg 768w, https:\/\/franciscanos.org.br\/noticias\/wp-content\/uploads\/2022\/04\/primeirodia_1704_3-150x93.jpg 150w\" sizes=\"(max-width: 1280px) 100vw, 1280px\" \/><\/p>\n<p>Ele teve como concelebrantes sacerdotes da \u00c1rea Pastoral de Vila Velha, entre eles os frades do Santu\u00e1rio do Divino Esp\u00edrito Santo e do Convento da Penha, as duas Fraternidades na cidade de Vila Velha. A Festa tamb\u00e9m \u00e9 a primeira sobre a lideran\u00e7a do guardi\u00e3o Frei Djalmo Fuck. Entre as autoridades civis, o Governador do Estado, Jos\u00e9 Renato Casagrande, e o prefeito de Vila Velha, Arnaldinho Borgo. O povo que estava com saudades desta grande homenagem \u00e0 M\u00e3e da Penha, lotou o Campinho. Segundo o celebrante, a Festa da Penha 2022 est\u00e1 come\u00e7ando e, com certeza, j\u00e1 \u00e9 uma edi\u00e7\u00e3o hist\u00f3rica.<\/p>\n<p>O belo dia de sol (depois da chuva parece que o outono chegou levemente) garantiu um cen\u00e1rio bel\u00edssimo no alto do Morro para iniciar o Oitav\u00e1rio da Penha, como fez o devoto Frei Pedro Pal\u00e1cios h\u00e1 452 anos, quando instituiu esta festividade em 1571, um pouco antes de falecer.<\/p>\n<p>O tema deste ano da Festa \u00e9 &#8220;Sa\u00fade dos enfermos, rogai por n\u00f3s&#8221;, trecho da Ladainha de Nossa Senhora que foi escolhido devido ao momento pand\u00eamico. Nos dois anos anteriores, a Festa ocorreu com restri\u00e7\u00f5es. No primeiro ano da pandemia, quando se celebrava 450 anos das festividades, a decis\u00e3o de cancelar todos os eventos presenciais ocorreu alguns dias antes. No ano passado, ainda com o agravamento da pandemia, as transmiss\u00f5es foram virtuais.<\/p>\n<p><img loading=\"lazy\" class=\"alignnone wp-image-237307 size-full\" src=\"https:\/\/franciscanos.org.br\/noticias\/wp-content\/uploads\/2022\/04\/primeirodia_17_7.jpg\" alt=\"\" width=\"1280\" height=\"960\" srcset=\"https:\/\/franciscanos.org.br\/noticias\/wp-content\/uploads\/2022\/04\/primeirodia_17_7.jpg 1280w, https:\/\/franciscanos.org.br\/noticias\/wp-content\/uploads\/2022\/04\/primeirodia_17_7-450x338.jpg 450w, https:\/\/franciscanos.org.br\/noticias\/wp-content\/uploads\/2022\/04\/primeirodia_17_7-1024x768.jpg 1024w, https:\/\/franciscanos.org.br\/noticias\/wp-content\/uploads\/2022\/04\/primeirodia_17_7-768x576.jpg 768w, https:\/\/franciscanos.org.br\/noticias\/wp-content\/uploads\/2022\/04\/primeirodia_17_7-150x113.jpg 150w, https:\/\/franciscanos.org.br\/noticias\/wp-content\/uploads\/2022\/04\/primeirodia_17_7-600x450.jpg 600w\" sizes=\"(max-width: 1280px) 100vw, 1280px\" \/><\/p>\n<p>Frei Medella abriu sua reflex\u00e3o com a can\u00e7\u00e3o \u201cLa\u00e7os\u201d, gravada por Nando Reis e Ana Vilela. &#8220;Escolhi-a para abrir esta breve reflex\u00e3o por acreditar que ela sintetiza o esp\u00edrito Pascal que tem nos conduzido at\u00e9 aqui, especialmente nos dois \u00faltimos anos para c\u00e1. Com todas as circunst\u00e2ncias duras e dif\u00edceis que temos vivido e experimentado, n\u00e3o temo em dizer que a Semana Santa de 2022 traz consigo um sabor profundamente pascal&#8221;, explicou o celebrante, que foi interrompido v\u00e1rias vezes com aplausos.<\/p>\n<p>Segundo ele, a possibilidade de celebramos juntos em nossas comunidades, a alegria do reencontro e da proximidade, o fato de podermos ver este Campinho do Convento da Penha novamente cheio de pessoas, mas tamb\u00e9m de f\u00e9 e devo\u00e7\u00e3o \u00e0 M\u00e3e do Senhor, representam verdadeiro b\u00e1lsamo, rem\u00e9dio que cura as feridas e amarguras do nosso cora\u00e7\u00e3o.<\/p>\n<p>&#8220;Ressurrei\u00e7\u00e3o \u00e9 cura, \u00e9 sa\u00fade! &#8216;Sa\u00fade para todos&#8217;, conforme prop\u00f5e o tema de hoje do nosso Oitav\u00e1rio&#8221;, situou o frade. &#8220;A ressurrei\u00e7\u00e3o de Cristo \u00e9 sinal da garantia do amor incondicional que Deus nutre pela humanidade, sem distin\u00e7\u00e3o. Deus n\u00e3o criou ningu\u00e9m para passar fome, morar na rua, ser agredido f\u00edsica ou psicologicamente ou sucumbir sem nenhuma esp\u00e9cie de cuidado diante das enfermidades. A sa\u00fade integral \u00e9, portanto, direito universal e imprescind\u00edvel que pode ser fundamentado tamb\u00e9m pela f\u00e9 em Jesus Cristo&#8221;, ressaltou o Vig\u00e1rio Provincial.<\/p>\n<p><img loading=\"lazy\" class=\"alignnone wp-image-237308 size-full\" src=\"https:\/\/franciscanos.org.br\/noticias\/wp-content\/uploads\/2022\/04\/primeirodia_17_5.jpg\" alt=\"\" width=\"1280\" height=\"1068\" srcset=\"https:\/\/franciscanos.org.br\/noticias\/wp-content\/uploads\/2022\/04\/primeirodia_17_5.jpg 1280w, https:\/\/franciscanos.org.br\/noticias\/wp-content\/uploads\/2022\/04\/primeirodia_17_5-450x375.jpg 450w, https:\/\/franciscanos.org.br\/noticias\/wp-content\/uploads\/2022\/04\/primeirodia_17_5-1024x854.jpg 1024w, https:\/\/franciscanos.org.br\/noticias\/wp-content\/uploads\/2022\/04\/primeirodia_17_5-768x641.jpg 768w, https:\/\/franciscanos.org.br\/noticias\/wp-content\/uploads\/2022\/04\/primeirodia_17_5-150x125.jpg 150w\" sizes=\"(max-width: 1280px) 100vw, 1280px\" \/><\/p>\n<p>&#8220;E justamente por isso n\u00e3o precisamos ter medo de declarar: o Sistema \u00danico de Sa\u00fade do Brasil, em sua proposta e concep\u00e7\u00e3o, \u00e9 profundamente Pascal e Crist\u00e3o, pois tem como meta levar sa\u00fade e cuidados para todos, sem nenhuma esp\u00e9cie de distin\u00e7\u00e3o&#8221;, disse, recebendo aplausos. &#8220;Se na pr\u00e1tica ele nem sempre funciona como deveria, n\u00e3o devemos menosprezar o sistema, mas trabalhar para que suas opera\u00e7\u00f5es sejam sempre mais aprimoradas e cheguem aonde devem chegar. A Igreja, que \u00e9 m\u00e3e e deseja ver seus filhos com sa\u00fade, apela, a todas as esferas de governo, \u00e0 sociedade, e tamb\u00e9m se compromete a fazer o que est\u00e1 a seu alcance para que tenhamos um sistema de sa\u00fade universal: p\u00fablico, gratuito e de qualidade&#8221;, avaliou Frei Medella.<\/p>\n<p>&#8220;Estamos felizes e somos gratos a Deus por todos os que se empenharam para que esta pandemia estivesse sob controle e tamb\u00e9m \u00e0queles que se desdobraram para que os servi\u00e7os essenciais fossem garantidos. O cuidado que devemos agora \u00e9 o de n\u00e3o cairmos na tenta\u00e7\u00e3o do comodismo, de imaginarmos que o controle da pandemia seja nosso ponto de chegada, de que hora de descansarmos em ber\u00e7o espl\u00eandido. Ao contr\u00e1rio: o trabalho de reconstru\u00e7\u00e3o est\u00e1 apenas come\u00e7ando&#8221;, alertou o frade.<\/p>\n<p><img loading=\"lazy\" class=\"alignnone wp-image-237315 size-full\" src=\"https:\/\/franciscanos.org.br\/noticias\/wp-content\/uploads\/2022\/04\/oitavario_06.jpg\" alt=\"\" width=\"1280\" height=\"960\" srcset=\"https:\/\/franciscanos.org.br\/noticias\/wp-content\/uploads\/2022\/04\/oitavario_06.jpg 1280w, https:\/\/franciscanos.org.br\/noticias\/wp-content\/uploads\/2022\/04\/oitavario_06-450x338.jpg 450w, https:\/\/franciscanos.org.br\/noticias\/wp-content\/uploads\/2022\/04\/oitavario_06-1024x768.jpg 1024w, https:\/\/franciscanos.org.br\/noticias\/wp-content\/uploads\/2022\/04\/oitavario_06-768x576.jpg 768w, https:\/\/franciscanos.org.br\/noticias\/wp-content\/uploads\/2022\/04\/oitavario_06-150x113.jpg 150w, https:\/\/franciscanos.org.br\/noticias\/wp-content\/uploads\/2022\/04\/oitavario_06-600x450.jpg 600w\" sizes=\"(max-width: 1280px) 100vw, 1280px\" \/><\/p>\n<p>Segundo Frei Medella, assim como o t\u00famulo vazio foi apenas o in\u00edcio de uma hist\u00f3ria vitoriosa de esperan\u00e7a e amor, ao modo de Maria Madalena, Pedro e Jo\u00e3o, estamos ainda tentando compreender os acontecimentos tumultuosos que nos deixaram fragilizados e confusos. &#8220;Temos um caminho muito exigente diante de n\u00f3s, com diversos obst\u00e1culos a serem vencidos, dentre eles a guerra, a viol\u00eancia, a fome, o desemprego, a exclus\u00e3o, fora a avalanche de \u00f3dio e mentira que dia ap\u00f3s dia invade as redes sociais. Sobre este fen\u00f4meno nos alerta o Papa Francisco na Carta Enc\u00edclica Fratelli Tutti: &#8216;Os movimentos digitais de \u00f3dio e destrui\u00e7\u00e3o favorecem o efervescimento de formas ins\u00f3litas de agressividade, com insultos, improp\u00e9rios, difama\u00e7\u00e3o, afrontas verbais que chegam a destro\u00e7ar a figura do outro, em um desregramento tal que, se existisse no contato pessoal, acabar\u00edamos por nos destruir mutuamente. A agressividade social encontra um espa\u00e7o de amplia\u00e7\u00e3o incompar\u00e1vel nos dispositivos m\u00f3veis e nos computadores&#8217;, escreve o Santo Padre. Como disc\u00edpulos e disc\u00edpulas do Ressuscitado, tenho certeza de que este n\u00e3o \u00e9 o caminho pelo qual desejamos seguir. Que nossos celulares e computadores e nossas redes eletr\u00f4nicas sejam espa\u00e7os de vida, de sa\u00fade, de ressurrei\u00e7\u00e3o&#8221;, pediu o celebrante.<\/p>\n<p>&#8220;Se, como Cristo nos sentimos ressuscitados, amados e curados, mesmo com as dores e ang\u00fastias que sofremos, nossa rea\u00e7\u00e3o natural \u00e9 a de nos sentirmos chamados a promover, entre nossos irm\u00e3os e irm\u00e3s, a ressurrei\u00e7\u00e3o, o amor e a cura. Trabalho certamente n\u00e3o vai nos faltar. O que precisamos \u00e9 cultivar a abertura de cora\u00e7\u00e3o e o olhar atento do bom Samaritano para enxergamos os que jazem ca\u00eddos \u00e0 beira do caminho, fazendo o que est\u00e1 a nosso alcance para reergu\u00ea-los, a fim de que sigam conosco esta bela caminhada em companhia de Jesus, o Vivente!&#8221;, exortou Frei Medella.<\/p>\n\n\t\t<style type=\"text\/css\">\n\t\t\t#gallery-1 {\n\t\t\t\tmargin: auto;\n\t\t\t}\n\t\t\t#gallery-1 .gallery-item {\n\t\t\t\tfloat: left;\n\t\t\t\tmargin-top: 10px;\n\t\t\t\ttext-align: center;\n\t\t\t\twidth: 16%;\n\t\t\t}\n\t\t\t#gallery-1 img {\n\t\t\t\tborder: 2px solid #cfcfcf;\n\t\t\t}\n\t\t\t#gallery-1 .gallery-caption {\n\t\t\t\tmargin-left: 0;\n\t\t\t}\n\t\t\t\/* see gallery_shortcode() in wp-includes\/media.php *\/\n\t\t<\/style>\n\t\t<div id='gallery-1' class='gallery galleryid-237304 gallery-columns-6 gallery-size-thumbnail'><dl class='gallery-item'>\n\t\t\t<dt class='gallery-icon landscape'>\n\t\t\t\t<a href='https:\/\/franciscanos.org.br\/noticias\/wp-content\/uploads\/2022\/04\/oitavario_01.jpg'><img width=\"300\" height=\"300\" src=\"https:\/\/franciscanos.org.br\/noticias\/wp-content\/uploads\/2022\/04\/oitavario_01-300x300.jpg\" class=\"attachment-thumbnail size-thumbnail\" alt=\"\" loading=\"lazy\" srcset=\"https:\/\/franciscanos.org.br\/noticias\/wp-content\/uploads\/2022\/04\/oitavario_01-300x300.jpg 300w, https:\/\/franciscanos.org.br\/noticias\/wp-content\/uploads\/2022\/04\/oitavario_01-100x100.jpg 100w\" sizes=\"(max-width: 300px) 100vw, 300px\" \/><\/a>\n\t\t\t<\/dt><\/dl><dl class='gallery-item'>\n\t\t\t<dt class='gallery-icon landscape'>\n\t\t\t\t<a href='https:\/\/franciscanos.org.br\/noticias\/wp-content\/uploads\/2022\/04\/oitavario_02.jpg'><img width=\"300\" height=\"300\" src=\"https:\/\/franciscanos.org.br\/noticias\/wp-content\/uploads\/2022\/04\/oitavario_02-300x300.jpg\" class=\"attachment-thumbnail size-thumbnail\" alt=\"\" loading=\"lazy\" srcset=\"https:\/\/franciscanos.org.br\/noticias\/wp-content\/uploads\/2022\/04\/oitavario_02-300x300.jpg 300w, https:\/\/franciscanos.org.br\/noticias\/wp-content\/uploads\/2022\/04\/oitavario_02-100x100.jpg 100w\" sizes=\"(max-width: 300px) 100vw, 300px\" \/><\/a>\n\t\t\t<\/dt><\/dl><dl class='gallery-item'>\n\t\t\t<dt class='gallery-icon landscape'>\n\t\t\t\t<a href='https:\/\/franciscanos.org.br\/noticias\/wp-content\/uploads\/2022\/04\/oitavario_03.jpg'><img width=\"300\" height=\"300\" src=\"https:\/\/franciscanos.org.br\/noticias\/wp-content\/uploads\/2022\/04\/oitavario_03-300x300.jpg\" class=\"attachment-thumbnail size-thumbnail\" alt=\"\" loading=\"lazy\" srcset=\"https:\/\/franciscanos.org.br\/noticias\/wp-content\/uploads\/2022\/04\/oitavario_03-300x300.jpg 300w, https:\/\/franciscanos.org.br\/noticias\/wp-content\/uploads\/2022\/04\/oitavario_03-100x100.jpg 100w\" sizes=\"(max-width: 300px) 100vw, 300px\" \/><\/a>\n\t\t\t<\/dt><\/dl><dl class='gallery-item'>\n\t\t\t<dt class='gallery-icon landscape'>\n\t\t\t\t<a href='https:\/\/franciscanos.org.br\/noticias\/wp-content\/uploads\/2022\/04\/oitavario_04.jpg'><img width=\"300\" height=\"300\" src=\"https:\/\/franciscanos.org.br\/noticias\/wp-content\/uploads\/2022\/04\/oitavario_04-300x300.jpg\" class=\"attachment-thumbnail size-thumbnail\" alt=\"\" loading=\"lazy\" srcset=\"https:\/\/franciscanos.org.br\/noticias\/wp-content\/uploads\/2022\/04\/oitavario_04-300x300.jpg 300w, https:\/\/franciscanos.org.br\/noticias\/wp-content\/uploads\/2022\/04\/oitavario_04-100x100.jpg 100w\" sizes=\"(max-width: 300px) 100vw, 300px\" \/><\/a>\n\t\t\t<\/dt><\/dl><dl class='gallery-item'>\n\t\t\t<dt class='gallery-icon landscape'>\n\t\t\t\t<a href='https:\/\/franciscanos.org.br\/noticias\/wp-content\/uploads\/2022\/04\/oitavario_05.jpg'><img width=\"300\" height=\"300\" src=\"https:\/\/franciscanos.org.br\/noticias\/wp-content\/uploads\/2022\/04\/oitavario_05-300x300.jpg\" class=\"attachment-thumbnail size-thumbnail\" alt=\"\" loading=\"lazy\" srcset=\"https:\/\/franciscanos.org.br\/noticias\/wp-content\/uploads\/2022\/04\/oitavario_05-300x300.jpg 300w, https:\/\/franciscanos.org.br\/noticias\/wp-content\/uploads\/2022\/04\/oitavario_05-100x100.jpg 100w\" sizes=\"(max-width: 300px) 100vw, 300px\" \/><\/a>\n\t\t\t<\/dt><\/dl><dl class='gallery-item'>\n\t\t\t<dt class='gallery-icon landscape'>\n\t\t\t\t<a href='https:\/\/franciscanos.org.br\/noticias\/wp-content\/uploads\/2022\/04\/oitavario_07.jpg'><img width=\"300\" height=\"300\" src=\"https:\/\/franciscanos.org.br\/noticias\/wp-content\/uploads\/2022\/04\/oitavario_07-300x300.jpg\" class=\"attachment-thumbnail size-thumbnail\" alt=\"\" loading=\"lazy\" srcset=\"https:\/\/franciscanos.org.br\/noticias\/wp-content\/uploads\/2022\/04\/oitavario_07-300x300.jpg 300w, https:\/\/franciscanos.org.br\/noticias\/wp-content\/uploads\/2022\/04\/oitavario_07-100x100.jpg 100w\" sizes=\"(max-width: 300px) 100vw, 300px\" \/><\/a>\n\t\t\t<\/dt><\/dl><br style=\"clear: both\" \/>\n\t\t<\/div>\n\n<p><em> \u00a0 \u00a0 \u00a0 (clique nas imagens menores para ampli\u00e1-las)<\/em><\/p>\n<p>No final da homilia, Frei Medella pediu que colocasse a bela can\u00e7\u00e3o de Nando Reis que o inspirou nesta reflex\u00e3o:<\/p>\n<p><em>\u201cQuem cuida com carinho de outra pessoa \/ Se importa com algu\u00e9m que nem conheceria \/ Quem abre o cora\u00e7\u00e3o e ama de verdade \/ Se doa simplesmente por humanidade \/ Se coloca no lugar do outro, sente empatia.<\/em><\/p>\n<p><em>Voc\u00ea que vai \u00e0 luta e segue sempre em frente\/ Enfrenta os desafios que o destino traz\/ A vida \u00e9 preciosa, todo mundo sente \/ Afeto e compaix\u00e3o, a gente sempre entende. \/ M\u00e1ximo respeito a voc\u00ea que faz \/ La\u00e7os de ternura e alian\u00e7a \/ H\u00e3o de ser a diferen\u00e7a \/ O imposs\u00edvel pode acontecer \/ S\u00f3 o amor \u00e9 capaz de dar a vida \/ E encontrar uma sa\u00edda pra esperan\u00e7a vir de novo a cada novo amanhecer\u201d.<\/em><\/p>\n<p><img loading=\"lazy\" class=\"alignnone wp-image-237309 size-full\" src=\"https:\/\/franciscanos.org.br\/noticias\/wp-content\/uploads\/2022\/04\/anjo_03.jpg\" alt=\"\" width=\"1280\" height=\"833\" srcset=\"https:\/\/franciscanos.org.br\/noticias\/wp-content\/uploads\/2022\/04\/anjo_03.jpg 1280w, https:\/\/franciscanos.org.br\/noticias\/wp-content\/uploads\/2022\/04\/anjo_03-450x293.jpg 450w, https:\/\/franciscanos.org.br\/noticias\/wp-content\/uploads\/2022\/04\/anjo_03-1024x666.jpg 1024w, https:\/\/franciscanos.org.br\/noticias\/wp-content\/uploads\/2022\/04\/anjo_03-768x500.jpg 768w, https:\/\/franciscanos.org.br\/noticias\/wp-content\/uploads\/2022\/04\/anjo_03-150x98.jpg 150w\" sizes=\"(max-width: 1280px) 100vw, 1280px\" \/><\/p>\n\n\t\t<style type=\"text\/css\">\n\t\t\t#gallery-2 {\n\t\t\t\tmargin: auto;\n\t\t\t}\n\t\t\t#gallery-2 .gallery-item {\n\t\t\t\tfloat: left;\n\t\t\t\tmargin-top: 10px;\n\t\t\t\ttext-align: center;\n\t\t\t\twidth: 33%;\n\t\t\t}\n\t\t\t#gallery-2 img {\n\t\t\t\tborder: 2px solid #cfcfcf;\n\t\t\t}\n\t\t\t#gallery-2 .gallery-caption {\n\t\t\t\tmargin-left: 0;\n\t\t\t}\n\t\t\t\/* see gallery_shortcode() in wp-includes\/media.php *\/\n\t\t<\/style>\n\t\t<div id='gallery-2' class='gallery galleryid-237304 gallery-columns-3 gallery-size-thumbnail'><dl class='gallery-item'>\n\t\t\t<dt class='gallery-icon landscape'>\n\t\t\t\t<a href='https:\/\/franciscanos.org.br\/noticias\/wp-content\/uploads\/2022\/04\/anjo_01.jpg'><img width=\"300\" height=\"300\" src=\"https:\/\/franciscanos.org.br\/noticias\/wp-content\/uploads\/2022\/04\/anjo_01-300x300.jpg\" class=\"attachment-thumbnail size-thumbnail\" alt=\"\" loading=\"lazy\" srcset=\"https:\/\/franciscanos.org.br\/noticias\/wp-content\/uploads\/2022\/04\/anjo_01-300x300.jpg 300w, https:\/\/franciscanos.org.br\/noticias\/wp-content\/uploads\/2022\/04\/anjo_01-100x100.jpg 100w\" sizes=\"(max-width: 300px) 100vw, 300px\" \/><\/a>\n\t\t\t<\/dt><\/dl><dl class='gallery-item'>\n\t\t\t<dt class='gallery-icon landscape'>\n\t\t\t\t<a href='https:\/\/franciscanos.org.br\/noticias\/wp-content\/uploads\/2022\/04\/anjo_02.jpg'><img width=\"300\" height=\"300\" src=\"https:\/\/franciscanos.org.br\/noticias\/wp-content\/uploads\/2022\/04\/anjo_02-300x300.jpg\" class=\"attachment-thumbnail size-thumbnail\" alt=\"\" loading=\"lazy\" srcset=\"https:\/\/franciscanos.org.br\/noticias\/wp-content\/uploads\/2022\/04\/anjo_02-300x300.jpg 300w, https:\/\/franciscanos.org.br\/noticias\/wp-content\/uploads\/2022\/04\/anjo_02-100x100.jpg 100w\" sizes=\"(max-width: 300px) 100vw, 300px\" \/><\/a>\n\t\t\t<\/dt><\/dl><dl class='gallery-item'>\n\t\t\t<dt class='gallery-icon landscape'>\n\t\t\t\t<a href='https:\/\/franciscanos.org.br\/noticias\/wp-content\/uploads\/2022\/04\/primeirodia_17_6.jpg'><img width=\"300\" height=\"300\" src=\"https:\/\/franciscanos.org.br\/noticias\/wp-content\/uploads\/2022\/04\/primeirodia_17_6-300x300.jpg\" class=\"attachment-thumbnail size-thumbnail\" alt=\"\" loading=\"lazy\" srcset=\"https:\/\/franciscanos.org.br\/noticias\/wp-content\/uploads\/2022\/04\/primeirodia_17_6-300x300.jpg 300w, https:\/\/franciscanos.org.br\/noticias\/wp-content\/uploads\/2022\/04\/primeirodia_17_6-100x100.jpg 100w\" sizes=\"(max-width: 300px) 100vw, 300px\" \/><\/a>\n\t\t\t<\/dt><\/dl><br style=\"clear: both\" \/>\n\t\t<\/div>\n\n<p><strong>MOMENTO DEVOCIONAL<\/strong><\/p>\n<p>O Oitav\u00e1rio \u00e9 o momento de ora\u00e7\u00e3o e medita\u00e7\u00e3o mais tradicional da Festa e foi aberto pelo guardi\u00e3o Frei Djalmo Fuck. Neste ano, a cada dia do Oitav\u00e1rio, os frades far\u00e3o uma reflex\u00e3o sobre o tema da sa\u00fade. O de hoje foi &#8220;Sa\u00fade para todos&#8221;.<\/p>\n<p>Destaque sempre para a equipe de m\u00fasicos e cantores, que animam a liturgia do Oitav\u00e1rio e da Missa com beleza e harmonia, sempre com a presen\u00e7a de Frei Paulo Ferreira, a voz da Penha.<\/p>\n<p><img loading=\"lazy\" class=\"alignnone wp-image-237313 size-full\" src=\"https:\/\/franciscanos.org.br\/noticias\/wp-content\/uploads\/2022\/04\/primeirodia_17_2.jpg\" alt=\"\" width=\"1280\" height=\"748\" srcset=\"https:\/\/franciscanos.org.br\/noticias\/wp-content\/uploads\/2022\/04\/primeirodia_17_2.jpg 1280w, https:\/\/franciscanos.org.br\/noticias\/wp-content\/uploads\/2022\/04\/primeirodia_17_2-450x263.jpg 450w, https:\/\/franciscanos.org.br\/noticias\/wp-content\/uploads\/2022\/04\/primeirodia_17_2-1024x598.jpg 1024w, https:\/\/franciscanos.org.br\/noticias\/wp-content\/uploads\/2022\/04\/primeirodia_17_2-768x449.jpg 768w, https:\/\/franciscanos.org.br\/noticias\/wp-content\/uploads\/2022\/04\/primeirodia_17_2-150x88.jpg 150w\" sizes=\"(max-width: 1280px) 100vw, 1280px\" \/><\/p>\n<p>Na abertura, um momento sempre emocionante e belo \u00e9 a chegada da imagem de Nossa Senhora da Penha ao altar do Campinho. \u00c0s 15h30, a imagem, vestida com seu manto azul e rosa, deixou a Capela de S\u00e3o Francisco &#8211; onde Frei Pedro Pal\u00e1cios, que faleceu no dia 2 de maio de 1570 &#8211; e foi levada num andor at\u00e9 o altar central do Campinho, enquanto o povo cantava e dava \u201cvivas\u201d. \u00c9 sempre um momento emocionante da Festa. At\u00e9 o encerramento, esta imagem ficar\u00e1 no altar do Campinho, palco de todas as celebra\u00e7\u00f5es do Oitav\u00e1rio. \u00c0 frente da imagem, seguiu o cortejo de anjinhos e os frades vieram em seguida. &#8220;Irm\u00e3os e irm\u00e3s, se hoje temos a alegria de estar aqui, para orar, agradecer e estar t\u00e3o perto de Nossa Senhora das Alegrias, a Senhora da Penha, s\u00f3 o fazemos gra\u00e7as \u00e0 enorme f\u00e9 de um frei espanhol, chamado Frei Pedro Pal\u00e1cios, da Ordem dos Frades Menores, de S\u00e3o Francisco de Assis&#8221;, explicou o leitor.<\/p>\n<p>Esse momento \u00e9 composto de cantos a Nossa Senhora; s\u00faplicas pelos mist\u00e9rios realizados a Maria, M\u00e3e de Jesus na devo\u00e7\u00e3o que Frei Pedro Pal\u00e1cios trazia consigo; ladainha de Nossa Senhora, ora\u00e7\u00f5es e b\u00ean\u00e7\u00e3o. No final, duas crian\u00e7as ofereceram flores a Nossa Senhora, enquanto o povo cantou &#8220;Virgem da Penha&#8221;.<\/p>\n<p><img loading=\"lazy\" class=\"alignnone wp-image-237314 size-full\" src=\"https:\/\/franciscanos.org.br\/noticias\/wp-content\/uploads\/2022\/04\/primeirodia_17_8.jpg\" alt=\"\" width=\"1280\" height=\"853\" srcset=\"https:\/\/franciscanos.org.br\/noticias\/wp-content\/uploads\/2022\/04\/primeirodia_17_8.jpg 1280w, https:\/\/franciscanos.org.br\/noticias\/wp-content\/uploads\/2022\/04\/primeirodia_17_8-450x300.jpg 450w, https:\/\/franciscanos.org.br\/noticias\/wp-content\/uploads\/2022\/04\/primeirodia_17_8-1024x682.jpg 1024w, https:\/\/franciscanos.org.br\/noticias\/wp-content\/uploads\/2022\/04\/primeirodia_17_8-768x512.jpg 768w, https:\/\/franciscanos.org.br\/noticias\/wp-content\/uploads\/2022\/04\/primeirodia_17_8-150x100.jpg 150w\" sizes=\"(max-width: 1280px) 100vw, 1280px\" \/><\/p>\n<p><strong>PROGRAMA\u00c7\u00c3O DESTA SEGUNDA-FEIRA &#8211; 18\/4 \u2013 2\u00ba Dia Oitav\u00e1rio<\/strong><\/p>\n<p><strong>Tema do dia: Sa\u00fade do corpo<\/strong><\/p>\n<p><strong>7h, 9h, 11h<\/strong> \u2013 Missas (Fraternidade Franciscana), presenciais no Campinho<\/p>\n<p><strong>14h00 \u2013<\/strong> Programa &#8220;Salve M\u00e3e das Alegrias&#8221; \u2013 Transmiss\u00e3o ao vivo (TVs, r\u00e1dios, internet)<\/p>\n<p><strong>15h30<\/strong> \u2013 Devocional Oitav\u00e1rio \u2013 Fraternidade Franciscana &#8211; Transmiss\u00e3o ao vivo (TVs, r\u00e1dios, internet), presencial no Campinho<\/p>\n<p><strong>16h00<\/strong> \u2013 Missa 2\u00ba Dia Oitav\u00e1rio &#8211; \u00c1rea pastoral Serrana \u2013 Transmiss\u00e3o ao vivo (TVs, r\u00e1dios, internet) \u2013 presencial no Campinho<\/p>\n<p><strong>19h30<\/strong> \u2013 B\u00ean\u00e7\u00e3o para os casais e show musical com Padre Renato Criste e Comunidade \u00c1gua Viva \u2013 Transmiss\u00e3o ao vivo (TVs, r\u00e1dios, internet), presencial no Campinho<\/p>\n<hr \/>\n<p><em>Comunica\u00e7\u00e3o da Prov\u00edncia da Imaculada Concei\u00e7\u00e3o<\/em><\/p>\n","protected":false},"excerpt":{"rendered":"<p>Primeiro dia do Oitav\u00e1rio da Festa da Penha<\/p>\n","protected":false},"author":3,"featured_media":237305,"comment_status":"open","ping_status":"open","sticky":false,"template":"","format":"standard","meta":[],"categories":[1],"tags":[1999],"acf":[],"yoast_head":"<!-- This site is optimized with the Yoast SEO plugin v19.2 - https:\/\/yoast.com\/wordpress\/plugins\/seo\/ -->\n<title>&quot;Precisamos cultivar a abertura de cora\u00e7\u00e3o e o olhar atento do bom Samaritano&quot;, pede Frei Medella na abertura da Festa da Penha - Not\u00edcias - Franciscanos<\/title>\n<meta name=\"robots\" content=\"index, follow, max-snippet:-1, max-image-preview:large, max-video-preview:-1\" \/>\n<link rel=\"canonical\" href=\"https:\/\/franciscanos.org.br\/noticias\/precisamos-cultivar-a-abertura-de-coracao-e-o-olhar-atento-do-bom-samaritano-pede-frei-medella-na-abertura-da-festa-da-penha.html\" \/>\n<meta property=\"og:locale\" content=\"pt_BR\" \/>\n<meta property=\"og:type\" content=\"article\" \/>\n<meta property=\"og:title\" content=\"&quot;Precisamos cultivar a abertura de cora\u00e7\u00e3o e o olhar atento do bom Samaritano&quot;, pede Frei Medella na abertura da Festa da Penha - Not\u00edcias - Franciscanos\" \/>\n<meta property=\"og:description\" content=\"Primeiro dia do Oitav\u00e1rio da Festa da Penha\" \/>\n<meta property=\"og:url\" content=\"https:\/\/franciscanos.org.br\/noticias\/precisamos-cultivar-a-abertura-de-coracao-e-o-olhar-atento-do-bom-samaritano-pede-frei-medella-na-abertura-da-festa-da-penha.html\" \/>\n<meta property=\"og:site_name\" content=\"Not\u00edcias - Franciscanos\" \/>\n<meta property=\"article:published_time\" content=\"2022-04-17T22:38:25+00:00\" \/>\n<meta property=\"article:modified_time\" content=\"2023-01-03T17:17:34+00:00\" \/>\n<meta property=\"og:image\" content=\"https:\/\/franciscanos.org.br\/noticias\/wp-content\/uploads\/2022\/04\/primeirodia_1704_1.jpg\" \/>\n\t<meta property=\"og:image:width\" content=\"1280\" \/>\n\t<meta property=\"og:image:height\" content=\"720\" \/>\n\t<meta property=\"og:image:type\" content=\"image\/jpeg\" \/>\n<meta name=\"author\" content=\"moacir\" \/>\n<meta name=\"twitter:card\" content=\"summary_large_image\" \/>\n<meta name=\"twitter:label1\" content=\"Escrito por\" \/>\n\t<meta name=\"twitter:data1\" content=\"moacir\" \/>\n\t<meta name=\"twitter:label2\" content=\"Est. tempo de leitura\" \/>\n\t<meta name=\"twitter:data2\" content=\"9 minutos\" \/>\n<script type=\"application\/ld+json\" class=\"yoast-schema-graph\">{\"@context\":\"https:\/\/schema.org\",\"@graph\":[{\"@type\":\"WebSite\",\"@id\":\"https:\/\/franciscanos.org.br\/noticias\/#website\",\"url\":\"https:\/\/franciscanos.org.br\/noticias\/\",\"name\":\"Not\u00edcias - Franciscanos\",\"description\":\"Prov\u00edncia Franciscana da Imaculada Concei\u00e7\u00e3o do Brasil - Ordem dos Frades Menores - OFM\",\"potentialAction\":[{\"@type\":\"SearchAction\",\"target\":{\"@type\":\"EntryPoint\",\"urlTemplate\":\"https:\/\/franciscanos.org.br\/noticias\/?s={search_term_string}\"},\"query-input\":\"required name=search_term_string\"}],\"inLanguage\":\"pt-BR\"},{\"@type\":\"ImageObject\",\"inLanguage\":\"pt-BR\",\"@id\":\"https:\/\/franciscanos.org.br\/noticias\/precisamos-cultivar-a-abertura-de-coracao-e-o-olhar-atento-do-bom-samaritano-pede-frei-medella-na-abertura-da-festa-da-penha.html#primaryimage\",\"url\":\"https:\/\/franciscanos.org.br\/noticias\/wp-content\/uploads\/2022\/04\/primeirodia_1704_1.jpg\",\"contentUrl\":\"https:\/\/franciscanos.org.br\/noticias\/wp-content\/uploads\/2022\/04\/primeirodia_1704_1.jpg\",\"width\":1280,\"height\":720},{\"@type\":\"WebPage\",\"@id\":\"https:\/\/franciscanos.org.br\/noticias\/precisamos-cultivar-a-abertura-de-coracao-e-o-olhar-atento-do-bom-samaritano-pede-frei-medella-na-abertura-da-festa-da-penha.html#webpage\",\"url\":\"https:\/\/franciscanos.org.br\/noticias\/precisamos-cultivar-a-abertura-de-coracao-e-o-olhar-atento-do-bom-samaritano-pede-frei-medella-na-abertura-da-festa-da-penha.html\",\"name\":\"\\\"Precisamos cultivar a abertura de cora\u00e7\u00e3o e o olhar atento do bom Samaritano\\\", pede Frei Medella na abertura da Festa da Penha - Not\u00edcias - Franciscanos\",\"isPartOf\":{\"@id\":\"https:\/\/franciscanos.org.br\/noticias\/#website\"},\"primaryImageOfPage\":{\"@id\":\"https:\/\/franciscanos.org.br\/noticias\/precisamos-cultivar-a-abertura-de-coracao-e-o-olhar-atento-do-bom-samaritano-pede-frei-medella-na-abertura-da-festa-da-penha.html#primaryimage\"},\"datePublished\":\"2022-04-17T22:38:25+00:00\",\"dateModified\":\"2023-01-03T17:17:34+00:00\",\"author\":{\"@id\":\"https:\/\/franciscanos.org.br\/noticias\/#\/schema\/person\/b5c8cba458c330ccff548b056e95a5d4\"},\"breadcrumb\":{\"@id\":\"https:\/\/franciscanos.org.br\/noticias\/precisamos-cultivar-a-abertura-de-coracao-e-o-olhar-atento-do-bom-samaritano-pede-frei-medella-na-abertura-da-festa-da-penha.html#breadcrumb\"},\"inLanguage\":\"pt-BR\",\"potentialAction\":[{\"@type\":\"ReadAction\",\"target\":[\"https:\/\/franciscanos.org.br\/noticias\/precisamos-cultivar-a-abertura-de-coracao-e-o-olhar-atento-do-bom-samaritano-pede-frei-medella-na-abertura-da-festa-da-penha.html\"]}]},{\"@type\":\"BreadcrumbList\",\"@id\":\"https:\/\/franciscanos.org.br\/noticias\/precisamos-cultivar-a-abertura-de-coracao-e-o-olhar-atento-do-bom-samaritano-pede-frei-medella-na-abertura-da-festa-da-penha.html#breadcrumb\",\"itemListElement\":[{\"@type\":\"ListItem\",\"position\":1,\"name\":\"Home\",\"item\":\"https:\/\/franciscanos.org.br\/noticias\"},{\"@type\":\"ListItem\",\"position\":2,\"name\":\"&#8220;Precisamos cultivar a abertura de cora\u00e7\u00e3o e o olhar atento do bom Samaritano&#8221;, pede Frei Medella na abertura da Festa da Penha\"}]},{\"@type\":\"Person\",\"@id\":\"https:\/\/franciscanos.org.br\/noticias\/#\/schema\/person\/b5c8cba458c330ccff548b056e95a5d4\",\"name\":\"moacir\",\"image\":{\"@type\":\"ImageObject\",\"inLanguage\":\"pt-BR\",\"@id\":\"https:\/\/franciscanos.org.br\/noticias\/#\/schema\/person\/image\/\",\"url\":\"https:\/\/secure.gravatar.com\/avatar\/d08aa2ce4c8dd416d4479aa8536fcf64?s=96&d=mm&r=g\",\"contentUrl\":\"https:\/\/secure.gravatar.com\/avatar\/d08aa2ce4c8dd416d4479aa8536fcf64?s=96&d=mm&r=g\",\"caption\":\"moacir\"},\"url\":\"https:\/\/franciscanos.org.br\/noticias\/author\/moacir\"}]}<\/script>\n<!-- \/ Yoast SEO plugin. -->","yoast_head_json":{"title":"\"Precisamos cultivar a abertura de cora\u00e7\u00e3o e o olhar atento do bom Samaritano\", pede Frei Medella na abertura da Festa da Penha - Not\u00edcias - Franciscanos","robots":{"index":"index","follow":"follow","max-snippet":"max-snippet:-1","max-image-preview":"max-image-preview:large","max-video-preview":"max-video-preview:-1"},"canonical":"https:\/\/franciscanos.org.br\/noticias\/precisamos-cultivar-a-abertura-de-coracao-e-o-olhar-atento-do-bom-samaritano-pede-frei-medella-na-abertura-da-festa-da-penha.html","og_locale":"pt_BR","og_type":"article","og_title":"\"Precisamos cultivar a abertura de cora\u00e7\u00e3o e o olhar atento do bom Samaritano\", pede Frei Medella na abertura da Festa da Penha - Not\u00edcias - Franciscanos","og_description":"Primeiro dia do Oitav\u00e1rio da Festa da Penha","og_url":"https:\/\/franciscanos.org.br\/noticias\/precisamos-cultivar-a-abertura-de-coracao-e-o-olhar-atento-do-bom-samaritano-pede-frei-medella-na-abertura-da-festa-da-penha.html","og_site_name":"Not\u00edcias - Franciscanos","article_published_time":"2022-04-17T22:38:25+00:00","article_modified_time":"2023-01-03T17:17:34+00:00","og_image":[{"width":1280,"height":720,"url":"https:\/\/franciscanos.org.br\/noticias\/wp-content\/uploads\/2022\/04\/primeirodia_1704_1.jpg","type":"image\/jpeg"}],"author":"moacir","twitter_card":"summary_large_image","twitter_misc":{"Escrito por":"moacir","Est. tempo de leitura":"9 minutos"},"schema":{"@context":"https:\/\/schema.org","@graph":[{"@type":"WebSite","@id":"https:\/\/franciscanos.org.br\/noticias\/#website","url":"https:\/\/franciscanos.org.br\/noticias\/","name":"Not\u00edcias - Franciscanos","description":"Prov\u00edncia Franciscana da Imaculada Concei\u00e7\u00e3o do Brasil - Ordem dos Frades Menores - OFM","potentialAction":[{"@type":"SearchAction","target":{"@type":"EntryPoint","urlTemplate":"https:\/\/franciscanos.org.br\/noticias\/?s={search_term_string}"},"query-input":"required name=search_term_string"}],"inLanguage":"pt-BR"},{"@type":"ImageObject","inLanguage":"pt-BR","@id":"https:\/\/franciscanos.org.br\/noticias\/precisamos-cultivar-a-abertura-de-coracao-e-o-olhar-atento-do-bom-samaritano-pede-frei-medella-na-abertura-da-festa-da-penha.html#primaryimage","url":"https:\/\/franciscanos.org.br\/noticias\/wp-content\/uploads\/2022\/04\/primeirodia_1704_1.jpg","contentUrl":"https:\/\/franciscanos.org.br\/noticias\/wp-content\/uploads\/2022\/04\/primeirodia_1704_1.jpg","width":1280,"height":720},{"@type":"WebPage","@id":"https:\/\/franciscanos.org.br\/noticias\/precisamos-cultivar-a-abertura-de-coracao-e-o-olhar-atento-do-bom-samaritano-pede-frei-medella-na-abertura-da-festa-da-penha.html#webpage","url":"https:\/\/franciscanos.org.br\/noticias\/precisamos-cultivar-a-abertura-de-coracao-e-o-olhar-atento-do-bom-samaritano-pede-frei-medella-na-abertura-da-festa-da-penha.html","name":"\"Precisamos cultivar a abertura de cora\u00e7\u00e3o e o olhar atento do bom Samaritano\", pede Frei Medella na abertura da Festa da Penha - Not\u00edcias - Franciscanos","isPartOf":{"@id":"https:\/\/franciscanos.org.br\/noticias\/#website"},"primaryImageOfPage":{"@id":"https:\/\/franciscanos.org.br\/noticias\/precisamos-cultivar-a-abertura-de-coracao-e-o-olhar-atento-do-bom-samaritano-pede-frei-medella-na-abertura-da-festa-da-penha.html#primaryimage"},"datePublished":"2022-04-17T22:38:25+00:00","dateModified":"2023-01-03T17:17:34+00:00","author":{"@id":"https:\/\/franciscanos.org.br\/noticias\/#\/schema\/person\/b5c8cba458c330ccff548b056e95a5d4"},"breadcrumb":{"@id":"https:\/\/franciscanos.org.br\/noticias\/precisamos-cultivar-a-abertura-de-coracao-e-o-olhar-atento-do-bom-samaritano-pede-frei-medella-na-abertura-da-festa-da-penha.html#breadcrumb"},"inLanguage":"pt-BR","potentialAction":[{"@type":"ReadAction","target":["https:\/\/franciscanos.org.br\/noticias\/precisamos-cultivar-a-abertura-de-coracao-e-o-olhar-atento-do-bom-samaritano-pede-frei-medella-na-abertura-da-festa-da-penha.html"]}]},{"@type":"BreadcrumbList","@id":"https:\/\/franciscanos.org.br\/noticias\/precisamos-cultivar-a-abertura-de-coracao-e-o-olhar-atento-do-bom-samaritano-pede-frei-medella-na-abertura-da-festa-da-penha.html#breadcrumb","itemListElement":[{"@type":"ListItem","position":1,"name":"Home","item":"https:\/\/franciscanos.org.br\/noticias"},{"@type":"ListItem","position":2,"name":"&#8220;Precisamos cultivar a abertura de cora\u00e7\u00e3o e o olhar atento do bom Samaritano&#8221;, pede Frei Medella na abertura da Festa da Penha"}]},{"@type":"Person","@id":"https:\/\/franciscanos.org.br\/noticias\/#\/schema\/person\/b5c8cba458c330ccff548b056e95a5d4","name":"moacir","image":{"@type":"ImageObject","inLanguage":"pt-BR","@id":"https:\/\/franciscanos.org.br\/noticias\/#\/schema\/person\/image\/","url":"https:\/\/secure.gravatar.com\/avatar\/d08aa2ce4c8dd416d4479aa8536fcf64?s=96&d=mm&r=g","contentUrl":"https:\/\/secure.gravatar.com\/avatar\/d08aa2ce4c8dd416d4479aa8536fcf64?s=96&d=mm&r=g","caption":"moacir"},"url":"https:\/\/franciscanos.org.br\/noticias\/author\/moacir"}]}},"_links":{"self":[{"href":"https:\/\/franciscanos.org.br\/noticias\/wp-json\/wp\/v2\/posts\/237304"}],"collection":[{"href":"https:\/\/franciscanos.org.br\/noticias\/wp-json\/wp\/v2\/posts"}],"about":[{"href":"https:\/\/franciscanos.org.br\/noticias\/wp-json\/wp\/v2\/types\/post"}],"author":[{"embeddable":true,"href":"https:\/\/franciscanos.org.br\/noticias\/wp-json\/wp\/v2\/users\/3"}],"replies":[{"embeddable":true,"href":"https:\/\/franciscanos.org.br\/noticias\/wp-json\/wp\/v2\/comments?post=237304"}],"version-history":[{"count":3,"href":"https:\/\/franciscanos.org.br\/noticias\/wp-json\/wp\/v2\/posts\/237304\/revisions"}],"predecessor-version":[{"id":241533,"href":"https:\/\/franciscanos.org.br\/noticias\/wp-json\/wp\/v2\/posts\/237304\/revisions\/241533"}],"wp:featuredmedia":[{"embeddable":true,"href":"https:\/\/franciscanos.org.br\/noticias\/wp-json\/wp\/v2\/media\/237305"}],"wp:attachment":[{"href":"https:\/\/franciscanos.org.br\/noticias\/wp-json\/wp\/v2\/media?parent=237304"}],"wp:term":[{"taxonomy":"category","embeddable":true,"href":"https:\/\/franciscanos.org.br\/noticias\/wp-json\/wp\/v2\/categories?post=237304"},{"taxonomy":"post_tag","embeddable":true,"href":"https:\/\/franciscanos.org.br\/noticias\/wp-json\/wp\/v2\/tags?post=237304"}],"curies":[{"name":"wp","href":"https:\/\/api.w.org\/{rel}","templated":true}]}}