{"id":237292,"date":"2022-04-16T18:16:06","date_gmt":"2022-04-16T21:16:06","guid":{"rendered":"https:\/\/franciscanos.org.br\/noticias\/?p=237292"},"modified":"2022-04-16T18:16:06","modified_gmt":"2022-04-16T21:16:06","slug":"vigilia-pascal-com-jesus-nenhuma-noite-e-infinita-afirma-o-papa","status":"publish","type":"post","link":"https:\/\/franciscanos.org.br\/noticias\/vigilia-pascal-com-jesus-nenhuma-noite-e-infinita-afirma-o-papa.html","title":{"rendered":"Vig\u00edlia pascal: Com Jesus, nenhuma noite \u00e9 infinita, afirma o Papa"},"content":{"rendered":"<div id=\"attachment_237293\" style=\"width: 1510px\" class=\"wp-caption alignnone\"><img aria-describedby=\"caption-attachment-237293\" loading=\"lazy\" class=\"wp-image-237293 size-full\" src=\"https:\/\/franciscanos.org.br\/noticias\/wp-content\/uploads\/2022\/04\/vigilia_01.jpeg\" alt=\"\" width=\"1500\" height=\"844\" srcset=\"https:\/\/franciscanos.org.br\/noticias\/wp-content\/uploads\/2022\/04\/vigilia_01.jpeg 1500w, https:\/\/franciscanos.org.br\/noticias\/wp-content\/uploads\/2022\/04\/vigilia_01-450x253.jpeg 450w, https:\/\/franciscanos.org.br\/noticias\/wp-content\/uploads\/2022\/04\/vigilia_01-1024x576.jpeg 1024w, https:\/\/franciscanos.org.br\/noticias\/wp-content\/uploads\/2022\/04\/vigilia_01-768x432.jpeg 768w, https:\/\/franciscanos.org.br\/noticias\/wp-content\/uploads\/2022\/04\/vigilia_01-150x84.jpeg 150w\" sizes=\"(max-width: 1500px) 100vw, 1500px\" \/><p id=\"caption-attachment-237293\" class=\"wp-caption-text\">\u00a0 \u00a0 \u00a0 \u00a0 \u00a0 \u00a0 \u00a0 \u00a0 \u00a0 \u00a0 \u00a0 \u00a0 \u00a0 \u00a0 \u00a0 \u00a0 \u00a0 \u00a0 \u00a0 \u00a0 \u00a0 \u00a0 \u00a0 \u00a0 \u00a0 \u00a0 \u00a0 \u00a0 \u00a0 \u00a0 \u00a0 \u00a0 \u00a0 \u00a0 \u00a0 \u00a0 \u00a0 \u00a0 \u00a0 \u00a0 \u00a0 \u00a0 \u00a0 \u00a0 \u00a0 \u00a0 \u00a0 \u00a0 \u00a0 \u00a0 \u00a0 \u00a0 \u00a0 \u00a0 <em>\u00a0 \u00a0 \u00a0 \u00a0 Imagem: Vatican Media<\/em><\/p><\/div>\n<p>As sombras e luzes que marcam a missa da vig\u00edlia pascal, com a b\u00ean\u00e7\u00e3o do fogo e acens\u00e3o do c\u00edrio, se refletiram tamb\u00e9m na homilia pronunciada pelo Papa Francisco na Bas\u00edlica de S\u00e3o Pedro, que logo come\u00e7ou com uma refer\u00eancia aos conflitos em andamento.<\/p>\n<p>\u201cAs noites de guerra s\u00e3o atravessadas por rastos luminosos de morte. Nesta noite, irm\u00e3os e irm\u00e3s, deixemo-nos guiar pelas mulheres do Evangelho, para descobrir com elas a aurora da luz de Deus que brilha nas trevas do mundo\u201d, disse o Papa.<\/p>\n<p>Francisco prop\u00f4s tr\u00eas a\u00e7\u00f5es das mulheres que, por primeiro, testemunharam a P\u00e1scoa do Senhor: ver, escutar e anunciar.<\/p>\n<p>No cemit\u00e9rio, as mulheres n\u00e3o veem o corpo de Jesus. Ou seja, a P\u00e1scoa come\u00e7a invertendo os nossos esquemas, disse o Papa. Por isso, n\u00e3o \u00e9 f\u00e1cil acolh\u00ea-la. Chega com o dom duma esperan\u00e7a surpreendente, que \u00e0s vezes n\u00e3o encontra espa\u00e7o no nosso cora\u00e7\u00e3o.<\/p>\n<p>\u201cE assim permanecemos im\u00f3veis diante do t\u00famulo da resigna\u00e7\u00e3o e do fatalismo; sepultamos a alegria de viver. Mas, nesta noite, o Senhor quer dar-nos olhos diferentes, iluminados pela esperan\u00e7a de que o medo, o sofrimento e a morte n\u00e3o ter\u00e3o a \u00faltima palavra sobre n\u00f3s.\u201d<\/p>\n<p><strong>O risco de um &#8220;cristianismo sem P\u00e1scoa<\/strong><br \/>\nEm segundo lugar, as mulheres escutam de dois homens em trajes resplandecentes: \u00abPorque buscais o Vivente entre os mortos? N\u00e3o est\u00e1 aqui; ressuscitou!\u00bb (24, 5-6).<\/p>\n<p>Para o Pont\u00edfice, faz bem ouvir e repetir estas palavras toda vez que O procurarmos nas emo\u00e7\u00f5es passageiras ou nos momentos de necessidade, quando O confinamos em f\u00f3rmulas e tradi\u00e7\u00f5es, mas n\u00e3o O procuramos em quem chora, luta, sofre e espera.<\/p>\n<p>\u201cN\u00e3o podemos fazer P\u00e1scoa, se continuamos a morar na morte\u201d, disse ainda o Papa.<\/p>\n<p>\u201cUm cristianismo que busca o Senhor entre as ru\u00ednas do passado e O encerra no t\u00famulo da rotina \u00e9 um cristianismo sem P\u00e1scoa.\u201d<\/p>\n<p><strong>Fa\u00e7amos P\u00e1scoa com Cristo!<\/strong><br \/>\nPor fim as mulheres anunciam a alegria da Ressurrei\u00e7\u00e3o.<\/p>\n<p>\u201cComo \u00e9 bela uma Igreja que corre, assim, pelas estradas do mundo! Sem medo, sem t\u00e1ticas nem oportunismos; s\u00f3 com o desejo de levar a todos a alegria do Evangelho. A isto, somos chamados: a fazer experi\u00eancia do Ressuscitado e partilh\u00e1-la com os outros.\u201d<\/p>\n<p>A miss\u00e3o dos fi\u00e9is \u00e9 levar Jesus para a vida de todos os dias, a realizar gestos de paz neste tempo marcado pelos horrores da guerra; a realizar a\u00e7\u00f5es de justi\u00e7a no meio das desigualdades e de verdade no meio das mentiras.<\/p>\n<p>\u201cIrm\u00e3os e irm\u00e3s, a nossa esperan\u00e7a chama-se Jesus. (&#8230;) Fa\u00e7amos P\u00e1scoa com Cristo! Ele est\u00e1 vivo e ainda hoje passa, transforma e liberta. Com Ele, o mal j\u00e1 n\u00e3o tem poder, o fracasso n\u00e3o pode impedir-nos de recome\u00e7ar, a morte torna-se passagem para o in\u00edcio duma nova vida. Porque com Jesus, o Ressuscitado, nenhuma noite \u00e9 infinita; e mesmo na escurid\u00e3o mais densa, brilha a estrela da manh\u00e3.\u201d<\/p>\n<p><strong>\u0425\u0440\u0438\u0441\u0442\u043e\u0441 \u0432\u043e\u0441\u043a\u0440\u0435\u0441!, Cristo ressuscitou<\/strong><br \/>\nAo final da homilia, o Papa se dirigiu ao prefeito de Melitopol, Ivan Fedorov, presente na Bas\u00edlica na companhia de parlamentares ucranianos, que j\u00e1 havia encontrado antes da celebra\u00e7\u00e3o: &#8220;Nesta escurid\u00e3o que vivem, senhor prefeito e senhores parlamentares, o breu obscuro da guerra e da crueldade, todos n\u00f3s rezamos com voc\u00eas nesta noite, rezamos pelos muitos sofrimentos. N\u00f3s podemos s\u00f3 oferecer a nossa companhia, a nossa ora\u00e7\u00e3o e dizer-lhes: coragem, os acompanhamos. Podemos tamb\u00e9m dizer-lhes a maior coisa que hoje se celebra: \u0425\u0440\u0438\u0441\u0442\u043e\u0441 \u0432\u043e\u0441\u043a\u0440\u0435\u0441! (Cristo ressuscitou).<\/p>\n<p>A celebra\u00e7\u00e3o prosseguiu com o rito do batismo de sete catec\u00famenos.<\/p>\n<hr \/>\n<p><em>Fonte: Vatican News (texto de Bianca Fraccalvieri)<\/em><\/p>\n","protected":false},"excerpt":{"rendered":"<p>Tr\u00edduo Pascal<\/p>\n","protected":false},"author":3,"featured_media":237293,"comment_status":"open","ping_status":"open","sticky":false,"template":"","format":"standard","meta":[],"categories":[1428],"tags":[1191],"acf":[],"yoast_head":"<!-- This site is optimized with the Yoast SEO plugin v19.2 - https:\/\/yoast.com\/wordpress\/plugins\/seo\/ -->\n<title>Vig\u00edlia pascal: Com Jesus, nenhuma noite \u00e9 infinita, afirma o Papa - Not\u00edcias - Franciscanos<\/title>\n<meta name=\"robots\" content=\"index, follow, max-snippet:-1, max-image-preview:large, max-video-preview:-1\" \/>\n<link rel=\"canonical\" href=\"https:\/\/franciscanos.org.br\/noticias\/vigilia-pascal-com-jesus-nenhuma-noite-e-infinita-afirma-o-papa.html\" \/>\n<meta property=\"og:locale\" content=\"pt_BR\" \/>\n<meta property=\"og:type\" content=\"article\" \/>\n<meta property=\"og:title\" content=\"Vig\u00edlia pascal: Com Jesus, nenhuma noite \u00e9 infinita, afirma o Papa - Not\u00edcias - Franciscanos\" \/>\n<meta property=\"og:description\" content=\"Tr\u00edduo Pascal\" \/>\n<meta property=\"og:url\" content=\"https:\/\/franciscanos.org.br\/noticias\/vigilia-pascal-com-jesus-nenhuma-noite-e-infinita-afirma-o-papa.html\" \/>\n<meta property=\"og:site_name\" content=\"Not\u00edcias - Franciscanos\" \/>\n<meta property=\"article:published_time\" content=\"2022-04-16T21:16:06+00:00\" \/>\n<meta property=\"og:image\" content=\"https:\/\/franciscanos.org.br\/noticias\/wp-content\/uploads\/2022\/04\/vigilia_01.jpeg\" \/>\n\t<meta property=\"og:image:width\" content=\"1500\" \/>\n\t<meta property=\"og:image:height\" content=\"844\" \/>\n\t<meta property=\"og:image:type\" content=\"image\/jpeg\" \/>\n<meta name=\"author\" content=\"moacir\" \/>\n<meta name=\"twitter:card\" content=\"summary_large_image\" \/>\n<meta name=\"twitter:label1\" content=\"Escrito por\" \/>\n\t<meta name=\"twitter:data1\" content=\"moacir\" \/>\n\t<meta name=\"twitter:label2\" content=\"Est. tempo de leitura\" \/>\n\t<meta name=\"twitter:data2\" content=\"3 minutos\" \/>\n<script type=\"application\/ld+json\" class=\"yoast-schema-graph\">{\"@context\":\"https:\/\/schema.org\",\"@graph\":[{\"@type\":\"WebSite\",\"@id\":\"https:\/\/franciscanos.org.br\/noticias\/#website\",\"url\":\"https:\/\/franciscanos.org.br\/noticias\/\",\"name\":\"Not\u00edcias - Franciscanos\",\"description\":\"Prov\u00edncia Franciscana da Imaculada Concei\u00e7\u00e3o do Brasil - Ordem dos Frades Menores - OFM\",\"potentialAction\":[{\"@type\":\"SearchAction\",\"target\":{\"@type\":\"EntryPoint\",\"urlTemplate\":\"https:\/\/franciscanos.org.br\/noticias\/?s={search_term_string}\"},\"query-input\":\"required name=search_term_string\"}],\"inLanguage\":\"pt-BR\"},{\"@type\":\"ImageObject\",\"inLanguage\":\"pt-BR\",\"@id\":\"https:\/\/franciscanos.org.br\/noticias\/vigilia-pascal-com-jesus-nenhuma-noite-e-infinita-afirma-o-papa.html#primaryimage\",\"url\":\"https:\/\/franciscanos.org.br\/noticias\/wp-content\/uploads\/2022\/04\/vigilia_01.jpeg\",\"contentUrl\":\"https:\/\/franciscanos.org.br\/noticias\/wp-content\/uploads\/2022\/04\/vigilia_01.jpeg\",\"width\":1500,\"height\":844},{\"@type\":\"WebPage\",\"@id\":\"https:\/\/franciscanos.org.br\/noticias\/vigilia-pascal-com-jesus-nenhuma-noite-e-infinita-afirma-o-papa.html#webpage\",\"url\":\"https:\/\/franciscanos.org.br\/noticias\/vigilia-pascal-com-jesus-nenhuma-noite-e-infinita-afirma-o-papa.html\",\"name\":\"Vig\u00edlia pascal: Com Jesus, nenhuma noite \u00e9 infinita, afirma o Papa - Not\u00edcias - Franciscanos\",\"isPartOf\":{\"@id\":\"https:\/\/franciscanos.org.br\/noticias\/#website\"},\"primaryImageOfPage\":{\"@id\":\"https:\/\/franciscanos.org.br\/noticias\/vigilia-pascal-com-jesus-nenhuma-noite-e-infinita-afirma-o-papa.html#primaryimage\"},\"datePublished\":\"2022-04-16T21:16:06+00:00\",\"dateModified\":\"2022-04-16T21:16:06+00:00\",\"author\":{\"@id\":\"https:\/\/franciscanos.org.br\/noticias\/#\/schema\/person\/b5c8cba458c330ccff548b056e95a5d4\"},\"breadcrumb\":{\"@id\":\"https:\/\/franciscanos.org.br\/noticias\/vigilia-pascal-com-jesus-nenhuma-noite-e-infinita-afirma-o-papa.html#breadcrumb\"},\"inLanguage\":\"pt-BR\",\"potentialAction\":[{\"@type\":\"ReadAction\",\"target\":[\"https:\/\/franciscanos.org.br\/noticias\/vigilia-pascal-com-jesus-nenhuma-noite-e-infinita-afirma-o-papa.html\"]}]},{\"@type\":\"BreadcrumbList\",\"@id\":\"https:\/\/franciscanos.org.br\/noticias\/vigilia-pascal-com-jesus-nenhuma-noite-e-infinita-afirma-o-papa.html#breadcrumb\",\"itemListElement\":[{\"@type\":\"ListItem\",\"position\":1,\"name\":\"Home\",\"item\":\"https:\/\/franciscanos.org.br\/noticias\"},{\"@type\":\"ListItem\",\"position\":2,\"name\":\"Vig\u00edlia pascal: Com Jesus, nenhuma noite \u00e9 infinita, afirma o Papa\"}]},{\"@type\":\"Person\",\"@id\":\"https:\/\/franciscanos.org.br\/noticias\/#\/schema\/person\/b5c8cba458c330ccff548b056e95a5d4\",\"name\":\"moacir\",\"image\":{\"@type\":\"ImageObject\",\"inLanguage\":\"pt-BR\",\"@id\":\"https:\/\/franciscanos.org.br\/noticias\/#\/schema\/person\/image\/\",\"url\":\"https:\/\/secure.gravatar.com\/avatar\/d08aa2ce4c8dd416d4479aa8536fcf64?s=96&d=mm&r=g\",\"contentUrl\":\"https:\/\/secure.gravatar.com\/avatar\/d08aa2ce4c8dd416d4479aa8536fcf64?s=96&d=mm&r=g\",\"caption\":\"moacir\"},\"url\":\"https:\/\/franciscanos.org.br\/noticias\/author\/moacir\"}]}<\/script>\n<!-- \/ Yoast SEO plugin. -->","yoast_head_json":{"title":"Vig\u00edlia pascal: Com Jesus, nenhuma noite \u00e9 infinita, afirma o Papa - Not\u00edcias - Franciscanos","robots":{"index":"index","follow":"follow","max-snippet":"max-snippet:-1","max-image-preview":"max-image-preview:large","max-video-preview":"max-video-preview:-1"},"canonical":"https:\/\/franciscanos.org.br\/noticias\/vigilia-pascal-com-jesus-nenhuma-noite-e-infinita-afirma-o-papa.html","og_locale":"pt_BR","og_type":"article","og_title":"Vig\u00edlia pascal: Com Jesus, nenhuma noite \u00e9 infinita, afirma o Papa - Not\u00edcias - Franciscanos","og_description":"Tr\u00edduo Pascal","og_url":"https:\/\/franciscanos.org.br\/noticias\/vigilia-pascal-com-jesus-nenhuma-noite-e-infinita-afirma-o-papa.html","og_site_name":"Not\u00edcias - Franciscanos","article_published_time":"2022-04-16T21:16:06+00:00","og_image":[{"width":1500,"height":844,"url":"https:\/\/franciscanos.org.br\/noticias\/wp-content\/uploads\/2022\/04\/vigilia_01.jpeg","type":"image\/jpeg"}],"author":"moacir","twitter_card":"summary_large_image","twitter_misc":{"Escrito por":"moacir","Est. tempo de leitura":"3 minutos"},"schema":{"@context":"https:\/\/schema.org","@graph":[{"@type":"WebSite","@id":"https:\/\/franciscanos.org.br\/noticias\/#website","url":"https:\/\/franciscanos.org.br\/noticias\/","name":"Not\u00edcias - Franciscanos","description":"Prov\u00edncia Franciscana da Imaculada Concei\u00e7\u00e3o do Brasil - Ordem dos Frades Menores - OFM","potentialAction":[{"@type":"SearchAction","target":{"@type":"EntryPoint","urlTemplate":"https:\/\/franciscanos.org.br\/noticias\/?s={search_term_string}"},"query-input":"required name=search_term_string"}],"inLanguage":"pt-BR"},{"@type":"ImageObject","inLanguage":"pt-BR","@id":"https:\/\/franciscanos.org.br\/noticias\/vigilia-pascal-com-jesus-nenhuma-noite-e-infinita-afirma-o-papa.html#primaryimage","url":"https:\/\/franciscanos.org.br\/noticias\/wp-content\/uploads\/2022\/04\/vigilia_01.jpeg","contentUrl":"https:\/\/franciscanos.org.br\/noticias\/wp-content\/uploads\/2022\/04\/vigilia_01.jpeg","width":1500,"height":844},{"@type":"WebPage","@id":"https:\/\/franciscanos.org.br\/noticias\/vigilia-pascal-com-jesus-nenhuma-noite-e-infinita-afirma-o-papa.html#webpage","url":"https:\/\/franciscanos.org.br\/noticias\/vigilia-pascal-com-jesus-nenhuma-noite-e-infinita-afirma-o-papa.html","name":"Vig\u00edlia pascal: Com Jesus, nenhuma noite \u00e9 infinita, afirma o Papa - Not\u00edcias - Franciscanos","isPartOf":{"@id":"https:\/\/franciscanos.org.br\/noticias\/#website"},"primaryImageOfPage":{"@id":"https:\/\/franciscanos.org.br\/noticias\/vigilia-pascal-com-jesus-nenhuma-noite-e-infinita-afirma-o-papa.html#primaryimage"},"datePublished":"2022-04-16T21:16:06+00:00","dateModified":"2022-04-16T21:16:06+00:00","author":{"@id":"https:\/\/franciscanos.org.br\/noticias\/#\/schema\/person\/b5c8cba458c330ccff548b056e95a5d4"},"breadcrumb":{"@id":"https:\/\/franciscanos.org.br\/noticias\/vigilia-pascal-com-jesus-nenhuma-noite-e-infinita-afirma-o-papa.html#breadcrumb"},"inLanguage":"pt-BR","potentialAction":[{"@type":"ReadAction","target":["https:\/\/franciscanos.org.br\/noticias\/vigilia-pascal-com-jesus-nenhuma-noite-e-infinita-afirma-o-papa.html"]}]},{"@type":"BreadcrumbList","@id":"https:\/\/franciscanos.org.br\/noticias\/vigilia-pascal-com-jesus-nenhuma-noite-e-infinita-afirma-o-papa.html#breadcrumb","itemListElement":[{"@type":"ListItem","position":1,"name":"Home","item":"https:\/\/franciscanos.org.br\/noticias"},{"@type":"ListItem","position":2,"name":"Vig\u00edlia pascal: Com Jesus, nenhuma noite \u00e9 infinita, afirma o Papa"}]},{"@type":"Person","@id":"https:\/\/franciscanos.org.br\/noticias\/#\/schema\/person\/b5c8cba458c330ccff548b056e95a5d4","name":"moacir","image":{"@type":"ImageObject","inLanguage":"pt-BR","@id":"https:\/\/franciscanos.org.br\/noticias\/#\/schema\/person\/image\/","url":"https:\/\/secure.gravatar.com\/avatar\/d08aa2ce4c8dd416d4479aa8536fcf64?s=96&d=mm&r=g","contentUrl":"https:\/\/secure.gravatar.com\/avatar\/d08aa2ce4c8dd416d4479aa8536fcf64?s=96&d=mm&r=g","caption":"moacir"},"url":"https:\/\/franciscanos.org.br\/noticias\/author\/moacir"}]}},"_links":{"self":[{"href":"https:\/\/franciscanos.org.br\/noticias\/wp-json\/wp\/v2\/posts\/237292"}],"collection":[{"href":"https:\/\/franciscanos.org.br\/noticias\/wp-json\/wp\/v2\/posts"}],"about":[{"href":"https:\/\/franciscanos.org.br\/noticias\/wp-json\/wp\/v2\/types\/post"}],"author":[{"embeddable":true,"href":"https:\/\/franciscanos.org.br\/noticias\/wp-json\/wp\/v2\/users\/3"}],"replies":[{"embeddable":true,"href":"https:\/\/franciscanos.org.br\/noticias\/wp-json\/wp\/v2\/comments?post=237292"}],"version-history":[{"count":1,"href":"https:\/\/franciscanos.org.br\/noticias\/wp-json\/wp\/v2\/posts\/237292\/revisions"}],"predecessor-version":[{"id":237294,"href":"https:\/\/franciscanos.org.br\/noticias\/wp-json\/wp\/v2\/posts\/237292\/revisions\/237294"}],"wp:featuredmedia":[{"embeddable":true,"href":"https:\/\/franciscanos.org.br\/noticias\/wp-json\/wp\/v2\/media\/237293"}],"wp:attachment":[{"href":"https:\/\/franciscanos.org.br\/noticias\/wp-json\/wp\/v2\/media?parent=237292"}],"wp:term":[{"taxonomy":"category","embeddable":true,"href":"https:\/\/franciscanos.org.br\/noticias\/wp-json\/wp\/v2\/categories?post=237292"},{"taxonomy":"post_tag","embeddable":true,"href":"https:\/\/franciscanos.org.br\/noticias\/wp-json\/wp\/v2\/tags?post=237292"}],"curies":[{"name":"wp","href":"https:\/\/api.w.org\/{rel}","templated":true}]}}