{"id":237287,"date":"2022-04-15T15:48:13","date_gmt":"2022-04-15T18:48:13","guid":{"rendered":"https:\/\/franciscanos.org.br\/noticias\/?p=237287"},"modified":"2022-04-16T15:48:48","modified_gmt":"2022-04-16T18:48:48","slug":"vila-velha-e-serra-ganham-imagens-iluminadas-de-nossa-senhora-da-penha","status":"publish","type":"post","link":"https:\/\/franciscanos.org.br\/noticias\/vila-velha-e-serra-ganham-imagens-iluminadas-de-nossa-senhora-da-penha.html","title":{"rendered":"Vila Velha e Serra ganham imagens iluminadas de Nossa Senhora da Penha"},"content":{"rendered":"<div id=\"attachment_237288\" style=\"width: 1290px\" class=\"wp-caption alignnone\"><img aria-describedby=\"caption-attachment-237288\" loading=\"lazy\" class=\"wp-image-237288 size-full\" src=\"https:\/\/franciscanos.org.br\/noticias\/wp-content\/uploads\/2022\/04\/penha_01-1.jpg\" alt=\"\" width=\"1280\" height=\"720\" srcset=\"https:\/\/franciscanos.org.br\/noticias\/wp-content\/uploads\/2022\/04\/penha_01-1.jpg 1280w, https:\/\/franciscanos.org.br\/noticias\/wp-content\/uploads\/2022\/04\/penha_01-1-450x253.jpg 450w, https:\/\/franciscanos.org.br\/noticias\/wp-content\/uploads\/2022\/04\/penha_01-1-1024x576.jpg 1024w, https:\/\/franciscanos.org.br\/noticias\/wp-content\/uploads\/2022\/04\/penha_01-1-768x432.jpg 768w, https:\/\/franciscanos.org.br\/noticias\/wp-content\/uploads\/2022\/04\/penha_01-1-150x84.jpg 150w\" sizes=\"(max-width: 1280px) 100vw, 1280px\" \/><p id=\"caption-attachment-237288\" class=\"wp-caption-text\"><span style=\"font-size: 16px;\">A Festa da Penha deste ano tem duas imagens iluminadas: uma na Praia da Costa de Vila Velha e outra no munic\u00edpio de Serra.\u00a0 Na noite desta ter\u00e7a-feira, 12 de abril, foi inaugurada a Imagem Iluminada de Nossa Senhora da Penha, na Praia da Costa, em um dos pontos mais movimentados da cidade de Vila Velha, onde fica o Santu\u00e1rio da Padroeira do Esp\u00edrito Santo. O acendimento da Imagem foi ao som de uma queima de fogos diante de uma multid\u00e3o que presenciou o momento.<\/span><\/p><\/div>\n<p>A Pra\u00e7a Encontro das \u00c1guas, em Jacara\u00edpe, no mun\u00edcipio da Serra, tamb\u00e9m ganhou uma santa iluminada. Esta \u00e9 a primeira vez que parte da programa\u00e7\u00e3o da Festa ser\u00e1 realizada na cidade serrana, que tamb\u00e9m fica na Regi\u00e3o Metropolitana de Vit\u00f3ria.<\/p>\n<p>A estrutura de cada Imagem Iluminada \u00e9 met\u00e1lica e tem 17 metros de altura, com cerca de 120 mil l\u00e2mpadas. O trabalho foi projetado pelo artista Mario Gallerani. A imagem de luz costuma atrair visitantes por sua beleza e representatividade da f\u00e9 e devo\u00e7\u00e3o dos capixabas.<\/p>\n<p>O prefeito de Vila Velha, Arnaldinho Borgo, destacou que \u00e9 a primeira vez que a Santa Iluminada \u00e9 instalada na cidade.<\/p>\n<div id=\"attachment_237289\" style=\"width: 1290px\" class=\"wp-caption alignnone\"><img aria-describedby=\"caption-attachment-237289\" loading=\"lazy\" class=\"wp-image-237289 size-full\" src=\"https:\/\/franciscanos.org.br\/noticias\/wp-content\/uploads\/2022\/04\/penha_02.jpg\" alt=\"\" width=\"1280\" height=\"720\" srcset=\"https:\/\/franciscanos.org.br\/noticias\/wp-content\/uploads\/2022\/04\/penha_02.jpg 1280w, https:\/\/franciscanos.org.br\/noticias\/wp-content\/uploads\/2022\/04\/penha_02-450x253.jpg 450w, https:\/\/franciscanos.org.br\/noticias\/wp-content\/uploads\/2022\/04\/penha_02-1024x576.jpg 1024w, https:\/\/franciscanos.org.br\/noticias\/wp-content\/uploads\/2022\/04\/penha_02-768x432.jpg 768w, https:\/\/franciscanos.org.br\/noticias\/wp-content\/uploads\/2022\/04\/penha_02-150x84.jpg 150w\" sizes=\"(max-width: 1280px) 100vw, 1280px\" \/><p id=\"caption-attachment-237289\" class=\"wp-caption-text\"><span style=\"font-size: 16px;\">Muitos fi\u00e9is estiveram no acendimento da Imagem Iluminada em Vila Velha, aproveitaram para tirar muitos fotos e falaram sobre a expectativa para a festa deste ano, que volta a ser presencial ap\u00f3s dois anos devido \u00e0 Covid-19.<\/span><\/p><\/div>\n<p>A Imagem Iluminada representa as s\u00faplicas dos fi\u00e9is durante a pandemia, pela vida daqueles que se foram e em agradecimento de recupera\u00e7\u00e3o dos que passaram pela doen\u00e7a.<\/p>\n<p>As imagens v\u00e3o ficar iluminadas todas as noites at\u00e9 o fim da Festa da Penha, no dia 25 de abril. A festa se inicia no pr\u00f3ximo domingo, dia 17, e na sua edi\u00e7\u00e3o de n\u00famero 452 ter\u00e1 o tema \u201cSa\u00fade dos enfermos, rogai por n\u00f3s\u201d.<\/p>\n<hr \/>\n<p><em>Cristian Oliveira, Convento da Penha<\/em><\/p>\n","protected":false},"excerpt":{"rendered":"<p>Festa da Penha 2022<\/p>\n","protected":false},"author":3,"featured_media":237288,"comment_status":"open","ping_status":"open","sticky":false,"template":"","format":"standard","meta":[],"categories":[1],"tags":[1999],"acf":[],"yoast_head":"<!-- This site is optimized with the Yoast SEO plugin v19.2 - https:\/\/yoast.com\/wordpress\/plugins\/seo\/ -->\n<title>Vila Velha e Serra ganham imagens iluminadas de Nossa Senhora da Penha - Not\u00edcias - Franciscanos<\/title>\n<meta name=\"robots\" content=\"index, follow, max-snippet:-1, max-image-preview:large, max-video-preview:-1\" \/>\n<link rel=\"canonical\" href=\"https:\/\/franciscanos.org.br\/noticias\/vila-velha-e-serra-ganham-imagens-iluminadas-de-nossa-senhora-da-penha.html\" \/>\n<meta property=\"og:locale\" content=\"pt_BR\" \/>\n<meta property=\"og:type\" content=\"article\" \/>\n<meta property=\"og:title\" content=\"Vila Velha e Serra ganham imagens iluminadas de Nossa Senhora da Penha - Not\u00edcias - Franciscanos\" \/>\n<meta property=\"og:description\" content=\"Festa da Penha 2022\" \/>\n<meta property=\"og:url\" content=\"https:\/\/franciscanos.org.br\/noticias\/vila-velha-e-serra-ganham-imagens-iluminadas-de-nossa-senhora-da-penha.html\" \/>\n<meta property=\"og:site_name\" content=\"Not\u00edcias - Franciscanos\" \/>\n<meta property=\"article:published_time\" content=\"2022-04-15T18:48:13+00:00\" \/>\n<meta property=\"article:modified_time\" content=\"2022-04-16T18:48:48+00:00\" \/>\n<meta property=\"og:image\" content=\"https:\/\/franciscanos.org.br\/noticias\/wp-content\/uploads\/2022\/04\/penha_01-1.jpg\" \/>\n\t<meta property=\"og:image:width\" content=\"1280\" \/>\n\t<meta property=\"og:image:height\" content=\"720\" \/>\n\t<meta property=\"og:image:type\" content=\"image\/jpeg\" \/>\n<meta name=\"author\" content=\"moacir\" \/>\n<meta name=\"twitter:card\" content=\"summary_large_image\" \/>\n<meta name=\"twitter:label1\" content=\"Escrito por\" \/>\n\t<meta name=\"twitter:data1\" content=\"moacir\" \/>\n\t<meta name=\"twitter:label2\" content=\"Est. tempo de leitura\" \/>\n\t<meta name=\"twitter:data2\" content=\"2 minutos\" \/>\n<script type=\"application\/ld+json\" class=\"yoast-schema-graph\">{\"@context\":\"https:\/\/schema.org\",\"@graph\":[{\"@type\":\"WebSite\",\"@id\":\"https:\/\/franciscanos.org.br\/noticias\/#website\",\"url\":\"https:\/\/franciscanos.org.br\/noticias\/\",\"name\":\"Not\u00edcias - Franciscanos\",\"description\":\"Prov\u00edncia Franciscana da Imaculada Concei\u00e7\u00e3o do Brasil - Ordem dos Frades Menores - OFM\",\"potentialAction\":[{\"@type\":\"SearchAction\",\"target\":{\"@type\":\"EntryPoint\",\"urlTemplate\":\"https:\/\/franciscanos.org.br\/noticias\/?s={search_term_string}\"},\"query-input\":\"required name=search_term_string\"}],\"inLanguage\":\"pt-BR\"},{\"@type\":\"ImageObject\",\"inLanguage\":\"pt-BR\",\"@id\":\"https:\/\/franciscanos.org.br\/noticias\/vila-velha-e-serra-ganham-imagens-iluminadas-de-nossa-senhora-da-penha.html#primaryimage\",\"url\":\"https:\/\/franciscanos.org.br\/noticias\/wp-content\/uploads\/2022\/04\/penha_01-1.jpg\",\"contentUrl\":\"https:\/\/franciscanos.org.br\/noticias\/wp-content\/uploads\/2022\/04\/penha_01-1.jpg\",\"width\":1280,\"height\":720,\"caption\":\"DCIM100MEDIADJI_0032.JPG\"},{\"@type\":\"WebPage\",\"@id\":\"https:\/\/franciscanos.org.br\/noticias\/vila-velha-e-serra-ganham-imagens-iluminadas-de-nossa-senhora-da-penha.html#webpage\",\"url\":\"https:\/\/franciscanos.org.br\/noticias\/vila-velha-e-serra-ganham-imagens-iluminadas-de-nossa-senhora-da-penha.html\",\"name\":\"Vila Velha e Serra ganham imagens iluminadas de Nossa Senhora da Penha - Not\u00edcias - Franciscanos\",\"isPartOf\":{\"@id\":\"https:\/\/franciscanos.org.br\/noticias\/#website\"},\"primaryImageOfPage\":{\"@id\":\"https:\/\/franciscanos.org.br\/noticias\/vila-velha-e-serra-ganham-imagens-iluminadas-de-nossa-senhora-da-penha.html#primaryimage\"},\"datePublished\":\"2022-04-15T18:48:13+00:00\",\"dateModified\":\"2022-04-16T18:48:48+00:00\",\"author\":{\"@id\":\"https:\/\/franciscanos.org.br\/noticias\/#\/schema\/person\/b5c8cba458c330ccff548b056e95a5d4\"},\"breadcrumb\":{\"@id\":\"https:\/\/franciscanos.org.br\/noticias\/vila-velha-e-serra-ganham-imagens-iluminadas-de-nossa-senhora-da-penha.html#breadcrumb\"},\"inLanguage\":\"pt-BR\",\"potentialAction\":[{\"@type\":\"ReadAction\",\"target\":[\"https:\/\/franciscanos.org.br\/noticias\/vila-velha-e-serra-ganham-imagens-iluminadas-de-nossa-senhora-da-penha.html\"]}]},{\"@type\":\"BreadcrumbList\",\"@id\":\"https:\/\/franciscanos.org.br\/noticias\/vila-velha-e-serra-ganham-imagens-iluminadas-de-nossa-senhora-da-penha.html#breadcrumb\",\"itemListElement\":[{\"@type\":\"ListItem\",\"position\":1,\"name\":\"Home\",\"item\":\"https:\/\/franciscanos.org.br\/noticias\"},{\"@type\":\"ListItem\",\"position\":2,\"name\":\"Vila Velha e Serra ganham imagens iluminadas de Nossa Senhora da Penha\"}]},{\"@type\":\"Person\",\"@id\":\"https:\/\/franciscanos.org.br\/noticias\/#\/schema\/person\/b5c8cba458c330ccff548b056e95a5d4\",\"name\":\"moacir\",\"image\":{\"@type\":\"ImageObject\",\"inLanguage\":\"pt-BR\",\"@id\":\"https:\/\/franciscanos.org.br\/noticias\/#\/schema\/person\/image\/\",\"url\":\"https:\/\/secure.gravatar.com\/avatar\/d08aa2ce4c8dd416d4479aa8536fcf64?s=96&d=mm&r=g\",\"contentUrl\":\"https:\/\/secure.gravatar.com\/avatar\/d08aa2ce4c8dd416d4479aa8536fcf64?s=96&d=mm&r=g\",\"caption\":\"moacir\"},\"url\":\"https:\/\/franciscanos.org.br\/noticias\/author\/moacir\"}]}<\/script>\n<!-- \/ Yoast SEO plugin. -->","yoast_head_json":{"title":"Vila Velha e Serra ganham imagens iluminadas de Nossa Senhora da Penha - Not\u00edcias - Franciscanos","robots":{"index":"index","follow":"follow","max-snippet":"max-snippet:-1","max-image-preview":"max-image-preview:large","max-video-preview":"max-video-preview:-1"},"canonical":"https:\/\/franciscanos.org.br\/noticias\/vila-velha-e-serra-ganham-imagens-iluminadas-de-nossa-senhora-da-penha.html","og_locale":"pt_BR","og_type":"article","og_title":"Vila Velha e Serra ganham imagens iluminadas de Nossa Senhora da Penha - Not\u00edcias - Franciscanos","og_description":"Festa da Penha 2022","og_url":"https:\/\/franciscanos.org.br\/noticias\/vila-velha-e-serra-ganham-imagens-iluminadas-de-nossa-senhora-da-penha.html","og_site_name":"Not\u00edcias - Franciscanos","article_published_time":"2022-04-15T18:48:13+00:00","article_modified_time":"2022-04-16T18:48:48+00:00","og_image":[{"width":1280,"height":720,"url":"https:\/\/franciscanos.org.br\/noticias\/wp-content\/uploads\/2022\/04\/penha_01-1.jpg","type":"image\/jpeg"}],"author":"moacir","twitter_card":"summary_large_image","twitter_misc":{"Escrito por":"moacir","Est. tempo de leitura":"2 minutos"},"schema":{"@context":"https:\/\/schema.org","@graph":[{"@type":"WebSite","@id":"https:\/\/franciscanos.org.br\/noticias\/#website","url":"https:\/\/franciscanos.org.br\/noticias\/","name":"Not\u00edcias - Franciscanos","description":"Prov\u00edncia Franciscana da Imaculada Concei\u00e7\u00e3o do Brasil - Ordem dos Frades Menores - OFM","potentialAction":[{"@type":"SearchAction","target":{"@type":"EntryPoint","urlTemplate":"https:\/\/franciscanos.org.br\/noticias\/?s={search_term_string}"},"query-input":"required name=search_term_string"}],"inLanguage":"pt-BR"},{"@type":"ImageObject","inLanguage":"pt-BR","@id":"https:\/\/franciscanos.org.br\/noticias\/vila-velha-e-serra-ganham-imagens-iluminadas-de-nossa-senhora-da-penha.html#primaryimage","url":"https:\/\/franciscanos.org.br\/noticias\/wp-content\/uploads\/2022\/04\/penha_01-1.jpg","contentUrl":"https:\/\/franciscanos.org.br\/noticias\/wp-content\/uploads\/2022\/04\/penha_01-1.jpg","width":1280,"height":720,"caption":"DCIM100MEDIADJI_0032.JPG"},{"@type":"WebPage","@id":"https:\/\/franciscanos.org.br\/noticias\/vila-velha-e-serra-ganham-imagens-iluminadas-de-nossa-senhora-da-penha.html#webpage","url":"https:\/\/franciscanos.org.br\/noticias\/vila-velha-e-serra-ganham-imagens-iluminadas-de-nossa-senhora-da-penha.html","name":"Vila Velha e Serra ganham imagens iluminadas de Nossa Senhora da Penha - Not\u00edcias - Franciscanos","isPartOf":{"@id":"https:\/\/franciscanos.org.br\/noticias\/#website"},"primaryImageOfPage":{"@id":"https:\/\/franciscanos.org.br\/noticias\/vila-velha-e-serra-ganham-imagens-iluminadas-de-nossa-senhora-da-penha.html#primaryimage"},"datePublished":"2022-04-15T18:48:13+00:00","dateModified":"2022-04-16T18:48:48+00:00","author":{"@id":"https:\/\/franciscanos.org.br\/noticias\/#\/schema\/person\/b5c8cba458c330ccff548b056e95a5d4"},"breadcrumb":{"@id":"https:\/\/franciscanos.org.br\/noticias\/vila-velha-e-serra-ganham-imagens-iluminadas-de-nossa-senhora-da-penha.html#breadcrumb"},"inLanguage":"pt-BR","potentialAction":[{"@type":"ReadAction","target":["https:\/\/franciscanos.org.br\/noticias\/vila-velha-e-serra-ganham-imagens-iluminadas-de-nossa-senhora-da-penha.html"]}]},{"@type":"BreadcrumbList","@id":"https:\/\/franciscanos.org.br\/noticias\/vila-velha-e-serra-ganham-imagens-iluminadas-de-nossa-senhora-da-penha.html#breadcrumb","itemListElement":[{"@type":"ListItem","position":1,"name":"Home","item":"https:\/\/franciscanos.org.br\/noticias"},{"@type":"ListItem","position":2,"name":"Vila Velha e Serra ganham imagens iluminadas de Nossa Senhora da Penha"}]},{"@type":"Person","@id":"https:\/\/franciscanos.org.br\/noticias\/#\/schema\/person\/b5c8cba458c330ccff548b056e95a5d4","name":"moacir","image":{"@type":"ImageObject","inLanguage":"pt-BR","@id":"https:\/\/franciscanos.org.br\/noticias\/#\/schema\/person\/image\/","url":"https:\/\/secure.gravatar.com\/avatar\/d08aa2ce4c8dd416d4479aa8536fcf64?s=96&d=mm&r=g","contentUrl":"https:\/\/secure.gravatar.com\/avatar\/d08aa2ce4c8dd416d4479aa8536fcf64?s=96&d=mm&r=g","caption":"moacir"},"url":"https:\/\/franciscanos.org.br\/noticias\/author\/moacir"}]}},"_links":{"self":[{"href":"https:\/\/franciscanos.org.br\/noticias\/wp-json\/wp\/v2\/posts\/237287"}],"collection":[{"href":"https:\/\/franciscanos.org.br\/noticias\/wp-json\/wp\/v2\/posts"}],"about":[{"href":"https:\/\/franciscanos.org.br\/noticias\/wp-json\/wp\/v2\/types\/post"}],"author":[{"embeddable":true,"href":"https:\/\/franciscanos.org.br\/noticias\/wp-json\/wp\/v2\/users\/3"}],"replies":[{"embeddable":true,"href":"https:\/\/franciscanos.org.br\/noticias\/wp-json\/wp\/v2\/comments?post=237287"}],"version-history":[{"count":2,"href":"https:\/\/franciscanos.org.br\/noticias\/wp-json\/wp\/v2\/posts\/237287\/revisions"}],"predecessor-version":[{"id":237291,"href":"https:\/\/franciscanos.org.br\/noticias\/wp-json\/wp\/v2\/posts\/237287\/revisions\/237291"}],"wp:featuredmedia":[{"embeddable":true,"href":"https:\/\/franciscanos.org.br\/noticias\/wp-json\/wp\/v2\/media\/237288"}],"wp:attachment":[{"href":"https:\/\/franciscanos.org.br\/noticias\/wp-json\/wp\/v2\/media?parent=237287"}],"wp:term":[{"taxonomy":"category","embeddable":true,"href":"https:\/\/franciscanos.org.br\/noticias\/wp-json\/wp\/v2\/categories?post=237287"},{"taxonomy":"post_tag","embeddable":true,"href":"https:\/\/franciscanos.org.br\/noticias\/wp-json\/wp\/v2\/tags?post=237287"}],"curies":[{"name":"wp","href":"https:\/\/api.w.org\/{rel}","templated":true}]}}