{"id":237270,"date":"2022-04-16T13:23:16","date_gmt":"2022-04-16T16:23:16","guid":{"rendered":"https:\/\/franciscanos.org.br\/noticias\/?p=237270"},"modified":"2023-01-03T14:18:12","modified_gmt":"2023-01-03T17:18:12","slug":"terco-esta-entre-as-palmeiras-tudo-pronto-para-a-festa-da-penha-2022","status":"publish","type":"post","link":"https:\/\/franciscanos.org.br\/noticias\/terco-esta-entre-as-palmeiras-tudo-pronto-para-a-festa-da-penha-2022.html","title":{"rendered":"Ter\u00e7o est\u00e1 entre as palmeiras. Tudo pronto para a Festa da Penha 2022."},"content":{"rendered":"<p><img loading=\"lazy\" class=\"alignnone wp-image-237271 size-full\" src=\"https:\/\/franciscanos.org.br\/noticias\/wp-content\/uploads\/2022\/04\/terco_0104.jpg\" alt=\"\" width=\"1280\" height=\"885\" srcset=\"https:\/\/franciscanos.org.br\/noticias\/wp-content\/uploads\/2022\/04\/terco_0104.jpg 1280w, https:\/\/franciscanos.org.br\/noticias\/wp-content\/uploads\/2022\/04\/terco_0104-450x311.jpg 450w, https:\/\/franciscanos.org.br\/noticias\/wp-content\/uploads\/2022\/04\/terco_0104-1024x708.jpg 1024w, https:\/\/franciscanos.org.br\/noticias\/wp-content\/uploads\/2022\/04\/terco_0104-768x531.jpg 768w, https:\/\/franciscanos.org.br\/noticias\/wp-content\/uploads\/2022\/04\/terco_0104-150x104.jpg 150w, https:\/\/franciscanos.org.br\/noticias\/wp-content\/uploads\/2022\/04\/terco_0104-320x220.jpg 320w\" sizes=\"(max-width: 1280px) 100vw, 1280px\" \/><\/p>\n<p>O Ter\u00e7o Gigante, um dos s\u00edmbolos tradicionais da Festa da Penha e que ganha destaque todo ano entre as palmeiras do Convento da Penha, foi levantado neste s\u00e1bado da Vig\u00edlia Pascal (16\/4) pela 22\u00aa vez no Campinho <em>(dois anos da pandemia n\u00e3o teve o Ter\u00e7o)<\/em>, sinalizando o in\u00edcio do grande acontecimento religioso do Esp\u00edrito Santo: a Festa da Padroeira Nossa Senhora da Penha, que come\u00e7a neste domingo e s\u00f3 terminar\u00e1 depois de oito dias, em 25 de abril. Liturgicamente, a festa ser\u00e1 celebrada durante a Oitava da P\u00e1scoa, por isso os dias que antecedem a solenidade s\u00e3o chamados de Oitav\u00e1rios.<\/p>\n<p>Devido \u00e0 pandemia, o \u00faltimo Ter\u00e7o in\u00e9dito foi colocado pela equipe do m\u00e9dico Osmar Sales para a edi\u00e7\u00e3o da Festa de 2019. Neste ano, o s\u00edmbolo mariano foi confeccionado com base no tema principal da Festa: &#8220;Sa\u00fade dos enfermos, rogai por n\u00f3s&#8221;.<\/p>\n<p>O guardi\u00e3o do Convento da Penha, Frei Djalmo Fuck deu a b\u00ean\u00e7\u00e3o e agradeceu aos volunt\u00e1rios que se dedicaram neste trabalho: &#8220;Deus eterno e todo-poderoso, que com bondade paterna n\u00e3o deixais de atender \u00e0s nossas necessidades, concedei a todos os fi\u00e9is devotos de Nossa Senhora das Alegrias, a Virgem da Penha, que ao olharem com piedade e devo\u00e7\u00e3o este Ter\u00e7o a ela dedicado e, recordando sua humildade e generosidade para com Deus e o pr\u00f3ximo, imitem suas virtudes e obtenham de V\u00f3s, por sua intercess\u00e3o, as gra\u00e7as da sa\u00fade, sabedoria, paci\u00eancia, justi\u00e7a, alegria, esperan\u00e7a, f\u00e9, amor, paz e todo o bem&#8221;, rezou Frei Djalmo.<\/p>\n<p><img loading=\"lazy\" class=\"alignnone wp-image-237273 size-full\" src=\"https:\/\/franciscanos.org.br\/noticias\/wp-content\/uploads\/2022\/04\/terco_0404.jpg\" alt=\"\" width=\"1280\" height=\"1707\" srcset=\"https:\/\/franciscanos.org.br\/noticias\/wp-content\/uploads\/2022\/04\/terco_0404.jpg 810w, https:\/\/franciscanos.org.br\/noticias\/wp-content\/uploads\/2022\/04\/terco_0404-337x450.jpg 337w, https:\/\/franciscanos.org.br\/noticias\/wp-content\/uploads\/2022\/04\/terco_0404-768x1024.jpg 768w, https:\/\/franciscanos.org.br\/noticias\/wp-content\/uploads\/2022\/04\/terco_0404-1152x1536.jpg 1152w, https:\/\/franciscanos.org.br\/noticias\/wp-content\/uploads\/2022\/04\/terco_0404-150x200.jpg 150w\" sizes=\"(max-width: 1280px) 100vw, 1280px\" \/><\/p>\n<p>Com cerca de 20 metros de altura e pesando quase 50 kg, o Ter\u00e7o deste ano ter\u00e1 suas contas na cor verde de gramas sint\u00e9ticas, com l\u00e2mpadas LED brancas, para simbolizar as ave-marias. Os l\u00edrios indicam os pais-nossos que s\u00e3o rezados antes. Segundo o criador do Ter\u00e7o, as flores remetem \u00e0 pureza e beleza de Maria e s\u00e3o um ato de louvor e agradecimento depois dos anos de pandemia que paralisaram o mundo. Nesses dois anos, a Festa da Penha foi virtual e o Ter\u00e7o n\u00e3o foi confeccionado.<\/p>\n<p>Fiel ao tema, um quadro em \u00f3leo sobre tela, mostra Maria com um paciente no leito e, no crucifixo, a pintura do Cristo Ressuscitado, uma das sete alegrias de Nossa Senhora da Penha. &#8220;Queremos transmitir esta mensagem de que a nossa f\u00e9 prevalece e n\u00e3o fenece. O Cristo Ressuscitado \u00e9 o s\u00edmbolo de f\u00e9 e de esperan\u00e7a&#8221;, diz Osmar.<\/p>\n<p><img loading=\"lazy\" class=\"alignnone wp-image-237275 size-full\" src=\"https:\/\/franciscanos.org.br\/noticias\/wp-content\/uploads\/2022\/04\/terco_0504.jpg\" alt=\"\" width=\"1280\" height=\"702\" srcset=\"https:\/\/franciscanos.org.br\/noticias\/wp-content\/uploads\/2022\/04\/terco_0504.jpg 1280w, https:\/\/franciscanos.org.br\/noticias\/wp-content\/uploads\/2022\/04\/terco_0504-450x247.jpg 450w, https:\/\/franciscanos.org.br\/noticias\/wp-content\/uploads\/2022\/04\/terco_0504-1024x562.jpg 1024w, https:\/\/franciscanos.org.br\/noticias\/wp-content\/uploads\/2022\/04\/terco_0504-768x421.jpg 768w, https:\/\/franciscanos.org.br\/noticias\/wp-content\/uploads\/2022\/04\/terco_0504-150x82.jpg 150w\" sizes=\"(max-width: 1280px) 100vw, 1280px\" \/><\/p>\n<p>Osmar come\u00e7a a trabalhar na prepara\u00e7\u00e3o do ter\u00e7o tr\u00eas meses antes da Festa. Isso ele faz desde o in\u00edcio, h\u00e1 24 anos. Segundo ele, o primeiro ter\u00e7o, que foi feito para a Romaria das Mulheres, n\u00e3o deu certo e acabou sendo colocado entre as palmeiras. &#8220;A ideia nasceu por acaso. Em 1997, no Rio de Janeiro, durante o 2\u00ba Encontro de Fam\u00edlias com o Papa Jo\u00e3o Paulo II, vi um ter\u00e7o de isopor pendurado com bolas de g\u00e1s. A partir disso, comecei, no ano seguinte (1998), a preparar o s\u00edmbolo da Festa da Penha no Esp\u00edrito Santo&#8221;.<\/p>\n<div id=\"attachment_237281\" style=\"width: 1034px\" class=\"wp-caption alignnone\"><img aria-describedby=\"caption-attachment-237281\" loading=\"lazy\" class=\"wp-image-237281 size-large\" src=\"https:\/\/franciscanos.org.br\/noticias\/wp-content\/uploads\/2022\/04\/osmar_04-1024x576.jpg\" alt=\"\" width=\"1024\" height=\"576\" srcset=\"https:\/\/franciscanos.org.br\/noticias\/wp-content\/uploads\/2022\/04\/osmar_04-1024x576.jpg 1024w, https:\/\/franciscanos.org.br\/noticias\/wp-content\/uploads\/2022\/04\/osmar_04-450x253.jpg 450w, https:\/\/franciscanos.org.br\/noticias\/wp-content\/uploads\/2022\/04\/osmar_04-768x432.jpg 768w, https:\/\/franciscanos.org.br\/noticias\/wp-content\/uploads\/2022\/04\/osmar_04-150x84.jpg 150w, https:\/\/franciscanos.org.br\/noticias\/wp-content\/uploads\/2022\/04\/osmar_04.jpg 1280w\" sizes=\"(max-width: 1024px) 100vw, 1024px\" \/><p id=\"caption-attachment-237281\" class=\"wp-caption-text\"><em>\u00a0 \u00a0 \u00a0 \u00a0O m\u00e9dico Osmar, criador do Ter\u00e7o da Festa da Penha<\/em><\/p><\/div>\n<p>Depois de preparar e corrigir todos os detalhes da obra com sua equipe, ontem \u00e0 noite, com a ajuda do Corpo de Bombeiros, foi feita a instala\u00e7\u00e3o do Ter\u00e7o, durou um pouco mais de uma hora neste s\u00e1bado. O trabalho chamou a aten\u00e7\u00e3o dos visitantes ao Convento da Penha, um dos principais pontos tur\u00edsticos do estado.<\/p>\n<p><strong>CONGO DO MESTRE HON\u00d3RIO<\/strong><br \/>\nO Convento da Penha recebeu, neste S\u00e1bado de Aleluia, a banda de Congo Mestre Hon\u00f3rio, da Barra do Jucu, como parte das homenagens \u00e0 Nossa Senhora da Penha. O grupo subiu o morro cantando, mas quando chegou no port\u00e3o da ladeira, parou os instrumentos para visitar em sil\u00eancio a imagem da Padroeira. Todo ano a banda de congo Mestre Hon\u00f3rio sobe as ladeiras do Convento, marcando tamb\u00e9m o per\u00edodo de jejum da Quaresma, j\u00e1 que durante 40 dias a banda ficar sem tocar e sem cantar como forma de penit\u00eancia. Eles foram acolhidos pelo guardi\u00e3o do Convento da Penha, Frei Djalmo Fuck.<\/p>\n<p><img loading=\"lazy\" class=\"alignnone wp-image-237278 size-full\" src=\"https:\/\/franciscanos.org.br\/noticias\/wp-content\/uploads\/2022\/04\/congo_04.jpg\" alt=\"\" width=\"1280\" height=\"853\" srcset=\"https:\/\/franciscanos.org.br\/noticias\/wp-content\/uploads\/2022\/04\/congo_04.jpg 1280w, https:\/\/franciscanos.org.br\/noticias\/wp-content\/uploads\/2022\/04\/congo_04-450x300.jpg 450w, https:\/\/franciscanos.org.br\/noticias\/wp-content\/uploads\/2022\/04\/congo_04-1024x682.jpg 1024w, https:\/\/franciscanos.org.br\/noticias\/wp-content\/uploads\/2022\/04\/congo_04-768x512.jpg 768w, https:\/\/franciscanos.org.br\/noticias\/wp-content\/uploads\/2022\/04\/congo_04-150x100.jpg 150w\" sizes=\"(max-width: 1280px) 100vw, 1280px\" \/><\/p>\n<p>O congo \u00e9 um g\u00eanero musical brasileiro, t\u00edpico das regi\u00f5es litor\u00e2neas do Esp\u00edrito Santo. As banda de congo s\u00e3o conjuntos musicais que tocam e cantam principalmente em festas religiosas, como as de S\u00e3o Benedito, S\u00e3o Pedro, S\u00e3o Sebasti\u00e3o e Nossa Senhora da Penha. Segundo livros hist\u00f3ricos, as primeiras bandas teriam surgido no Estado por volta de 1855.<\/p>\n<p>A arte desenvolvida por diversos volunt\u00e1rios, com cerca de 20 metros de altura, \u00e9 uma tradi\u00e7\u00e3o que dura 23 anos e que j\u00e1 virou um s\u00edmbolo forte de devo\u00e7\u00e3o mariana e cen\u00e1rio para fotos de diversas fam\u00edlias. O ter\u00e7o fica no Campinho do Convento.<\/p>\n<p><strong>PROGRAMA\u00c7\u00c3O PARA ESTE DOMINGO<\/strong><\/p>\n<p><strong>Dia 17 &#8211; 1\u00ba dia do oitav\u00e1rio<\/strong><br \/>\n<strong>5h, 7h, 9h, 11h \u2013<\/strong> Missas presenciais no Campinho<\/p>\n<p><strong>7h30<\/strong> &#8211; Corrida da Penha &#8211; da Pra\u00e7a do Ciclista ao Parque da Prainha<\/p>\n<p><strong>14h<\/strong> &#8211; Programa &#8220;Salve M\u00e3e das Alegrias&#8221; (transmiss\u00e3o ao vivo)<\/p>\n<p><strong>16h<\/strong> &#8211; Missa de abertura da Festa da Penha (\u00c1rea Pastoral Vila Velha). Transmiss\u00e3o ao vivo e presencial no Campinho<\/p>\n<hr \/>\n<p><em>Comunica\u00e7\u00e3o da Prov\u00edncia da Imaculada Concei\u00e7\u00e3o<\/em><\/p>\n","protected":false},"excerpt":{"rendered":"<p>Ter\u00e7o Gigante <\/p>\n","protected":false},"author":3,"featured_media":0,"comment_status":"open","ping_status":"open","sticky":false,"template":"","format":"standard","meta":[],"categories":[1],"tags":[1999],"acf":[],"yoast_head":"<!-- This site is optimized with the Yoast SEO plugin v19.2 - https:\/\/yoast.com\/wordpress\/plugins\/seo\/ -->\n<title>Ter\u00e7o est\u00e1 entre as palmeiras. Tudo pronto para a Festa da Penha 2022. - Not\u00edcias - Franciscanos<\/title>\n<meta name=\"robots\" content=\"index, follow, max-snippet:-1, max-image-preview:large, max-video-preview:-1\" \/>\n<link rel=\"canonical\" href=\"https:\/\/franciscanos.org.br\/noticias\/terco-esta-entre-as-palmeiras-tudo-pronto-para-a-festa-da-penha-2022.html\" \/>\n<meta property=\"og:locale\" content=\"pt_BR\" \/>\n<meta property=\"og:type\" content=\"article\" \/>\n<meta property=\"og:title\" content=\"Ter\u00e7o est\u00e1 entre as palmeiras. Tudo pronto para a Festa da Penha 2022. - Not\u00edcias - Franciscanos\" \/>\n<meta property=\"og:description\" content=\"Ter\u00e7o Gigante\" \/>\n<meta property=\"og:url\" content=\"https:\/\/franciscanos.org.br\/noticias\/terco-esta-entre-as-palmeiras-tudo-pronto-para-a-festa-da-penha-2022.html\" \/>\n<meta property=\"og:site_name\" content=\"Not\u00edcias - Franciscanos\" \/>\n<meta property=\"article:published_time\" content=\"2022-04-16T16:23:16+00:00\" \/>\n<meta property=\"article:modified_time\" content=\"2023-01-03T17:18:12+00:00\" \/>\n<meta property=\"og:image\" content=\"https:\/\/franciscanos.org.br\/noticias\/wp-content\/uploads\/2022\/04\/terco_0104.jpg\" \/>\n<meta name=\"author\" content=\"moacir\" \/>\n<meta name=\"twitter:card\" content=\"summary_large_image\" \/>\n<meta name=\"twitter:label1\" content=\"Escrito por\" \/>\n\t<meta name=\"twitter:data1\" content=\"moacir\" \/>\n\t<meta name=\"twitter:label2\" content=\"Est. tempo de leitura\" \/>\n\t<meta name=\"twitter:data2\" content=\"5 minutos\" \/>\n<script type=\"application\/ld+json\" class=\"yoast-schema-graph\">{\"@context\":\"https:\/\/schema.org\",\"@graph\":[{\"@type\":\"WebSite\",\"@id\":\"https:\/\/franciscanos.org.br\/noticias\/#website\",\"url\":\"https:\/\/franciscanos.org.br\/noticias\/\",\"name\":\"Not\u00edcias - Franciscanos\",\"description\":\"Prov\u00edncia Franciscana da Imaculada Concei\u00e7\u00e3o do Brasil - Ordem dos Frades Menores - OFM\",\"potentialAction\":[{\"@type\":\"SearchAction\",\"target\":{\"@type\":\"EntryPoint\",\"urlTemplate\":\"https:\/\/franciscanos.org.br\/noticias\/?s={search_term_string}\"},\"query-input\":\"required name=search_term_string\"}],\"inLanguage\":\"pt-BR\"},{\"@type\":\"ImageObject\",\"inLanguage\":\"pt-BR\",\"@id\":\"https:\/\/franciscanos.org.br\/noticias\/terco-esta-entre-as-palmeiras-tudo-pronto-para-a-festa-da-penha-2022.html#primaryimage\",\"url\":\"https:\/\/franciscanos.org.br\/noticias\/wp-content\/uploads\/2022\/04\/terco_0104.jpg\",\"contentUrl\":\"https:\/\/franciscanos.org.br\/noticias\/wp-content\/uploads\/2022\/04\/terco_0104.jpg\",\"width\":1280,\"height\":885},{\"@type\":\"WebPage\",\"@id\":\"https:\/\/franciscanos.org.br\/noticias\/terco-esta-entre-as-palmeiras-tudo-pronto-para-a-festa-da-penha-2022.html#webpage\",\"url\":\"https:\/\/franciscanos.org.br\/noticias\/terco-esta-entre-as-palmeiras-tudo-pronto-para-a-festa-da-penha-2022.html\",\"name\":\"Ter\u00e7o est\u00e1 entre as palmeiras. Tudo pronto para a Festa da Penha 2022. - Not\u00edcias - Franciscanos\",\"isPartOf\":{\"@id\":\"https:\/\/franciscanos.org.br\/noticias\/#website\"},\"primaryImageOfPage\":{\"@id\":\"https:\/\/franciscanos.org.br\/noticias\/terco-esta-entre-as-palmeiras-tudo-pronto-para-a-festa-da-penha-2022.html#primaryimage\"},\"datePublished\":\"2022-04-16T16:23:16+00:00\",\"dateModified\":\"2023-01-03T17:18:12+00:00\",\"author\":{\"@id\":\"https:\/\/franciscanos.org.br\/noticias\/#\/schema\/person\/b5c8cba458c330ccff548b056e95a5d4\"},\"breadcrumb\":{\"@id\":\"https:\/\/franciscanos.org.br\/noticias\/terco-esta-entre-as-palmeiras-tudo-pronto-para-a-festa-da-penha-2022.html#breadcrumb\"},\"inLanguage\":\"pt-BR\",\"potentialAction\":[{\"@type\":\"ReadAction\",\"target\":[\"https:\/\/franciscanos.org.br\/noticias\/terco-esta-entre-as-palmeiras-tudo-pronto-para-a-festa-da-penha-2022.html\"]}]},{\"@type\":\"BreadcrumbList\",\"@id\":\"https:\/\/franciscanos.org.br\/noticias\/terco-esta-entre-as-palmeiras-tudo-pronto-para-a-festa-da-penha-2022.html#breadcrumb\",\"itemListElement\":[{\"@type\":\"ListItem\",\"position\":1,\"name\":\"Home\",\"item\":\"https:\/\/franciscanos.org.br\/noticias\"},{\"@type\":\"ListItem\",\"position\":2,\"name\":\"Ter\u00e7o est\u00e1 entre as palmeiras. Tudo pronto para a Festa da Penha 2022.\"}]},{\"@type\":\"Person\",\"@id\":\"https:\/\/franciscanos.org.br\/noticias\/#\/schema\/person\/b5c8cba458c330ccff548b056e95a5d4\",\"name\":\"moacir\",\"image\":{\"@type\":\"ImageObject\",\"inLanguage\":\"pt-BR\",\"@id\":\"https:\/\/franciscanos.org.br\/noticias\/#\/schema\/person\/image\/\",\"url\":\"https:\/\/secure.gravatar.com\/avatar\/d08aa2ce4c8dd416d4479aa8536fcf64?s=96&d=mm&r=g\",\"contentUrl\":\"https:\/\/secure.gravatar.com\/avatar\/d08aa2ce4c8dd416d4479aa8536fcf64?s=96&d=mm&r=g\",\"caption\":\"moacir\"},\"url\":\"https:\/\/franciscanos.org.br\/noticias\/author\/moacir\"}]}<\/script>\n<!-- \/ Yoast SEO plugin. -->","yoast_head_json":{"title":"Ter\u00e7o est\u00e1 entre as palmeiras. Tudo pronto para a Festa da Penha 2022. - Not\u00edcias - Franciscanos","robots":{"index":"index","follow":"follow","max-snippet":"max-snippet:-1","max-image-preview":"max-image-preview:large","max-video-preview":"max-video-preview:-1"},"canonical":"https:\/\/franciscanos.org.br\/noticias\/terco-esta-entre-as-palmeiras-tudo-pronto-para-a-festa-da-penha-2022.html","og_locale":"pt_BR","og_type":"article","og_title":"Ter\u00e7o est\u00e1 entre as palmeiras. Tudo pronto para a Festa da Penha 2022. - Not\u00edcias - Franciscanos","og_description":"Ter\u00e7o Gigante","og_url":"https:\/\/franciscanos.org.br\/noticias\/terco-esta-entre-as-palmeiras-tudo-pronto-para-a-festa-da-penha-2022.html","og_site_name":"Not\u00edcias - Franciscanos","article_published_time":"2022-04-16T16:23:16+00:00","article_modified_time":"2023-01-03T17:18:12+00:00","og_image":[{"url":"https:\/\/franciscanos.org.br\/noticias\/wp-content\/uploads\/2022\/04\/terco_0104.jpg"}],"author":"moacir","twitter_card":"summary_large_image","twitter_misc":{"Escrito por":"moacir","Est. tempo de leitura":"5 minutos"},"schema":{"@context":"https:\/\/schema.org","@graph":[{"@type":"WebSite","@id":"https:\/\/franciscanos.org.br\/noticias\/#website","url":"https:\/\/franciscanos.org.br\/noticias\/","name":"Not\u00edcias - Franciscanos","description":"Prov\u00edncia Franciscana da Imaculada Concei\u00e7\u00e3o do Brasil - Ordem dos Frades Menores - OFM","potentialAction":[{"@type":"SearchAction","target":{"@type":"EntryPoint","urlTemplate":"https:\/\/franciscanos.org.br\/noticias\/?s={search_term_string}"},"query-input":"required name=search_term_string"}],"inLanguage":"pt-BR"},{"@type":"ImageObject","inLanguage":"pt-BR","@id":"https:\/\/franciscanos.org.br\/noticias\/terco-esta-entre-as-palmeiras-tudo-pronto-para-a-festa-da-penha-2022.html#primaryimage","url":"https:\/\/franciscanos.org.br\/noticias\/wp-content\/uploads\/2022\/04\/terco_0104.jpg","contentUrl":"https:\/\/franciscanos.org.br\/noticias\/wp-content\/uploads\/2022\/04\/terco_0104.jpg","width":1280,"height":885},{"@type":"WebPage","@id":"https:\/\/franciscanos.org.br\/noticias\/terco-esta-entre-as-palmeiras-tudo-pronto-para-a-festa-da-penha-2022.html#webpage","url":"https:\/\/franciscanos.org.br\/noticias\/terco-esta-entre-as-palmeiras-tudo-pronto-para-a-festa-da-penha-2022.html","name":"Ter\u00e7o est\u00e1 entre as palmeiras. Tudo pronto para a Festa da Penha 2022. - Not\u00edcias - Franciscanos","isPartOf":{"@id":"https:\/\/franciscanos.org.br\/noticias\/#website"},"primaryImageOfPage":{"@id":"https:\/\/franciscanos.org.br\/noticias\/terco-esta-entre-as-palmeiras-tudo-pronto-para-a-festa-da-penha-2022.html#primaryimage"},"datePublished":"2022-04-16T16:23:16+00:00","dateModified":"2023-01-03T17:18:12+00:00","author":{"@id":"https:\/\/franciscanos.org.br\/noticias\/#\/schema\/person\/b5c8cba458c330ccff548b056e95a5d4"},"breadcrumb":{"@id":"https:\/\/franciscanos.org.br\/noticias\/terco-esta-entre-as-palmeiras-tudo-pronto-para-a-festa-da-penha-2022.html#breadcrumb"},"inLanguage":"pt-BR","potentialAction":[{"@type":"ReadAction","target":["https:\/\/franciscanos.org.br\/noticias\/terco-esta-entre-as-palmeiras-tudo-pronto-para-a-festa-da-penha-2022.html"]}]},{"@type":"BreadcrumbList","@id":"https:\/\/franciscanos.org.br\/noticias\/terco-esta-entre-as-palmeiras-tudo-pronto-para-a-festa-da-penha-2022.html#breadcrumb","itemListElement":[{"@type":"ListItem","position":1,"name":"Home","item":"https:\/\/franciscanos.org.br\/noticias"},{"@type":"ListItem","position":2,"name":"Ter\u00e7o est\u00e1 entre as palmeiras. Tudo pronto para a Festa da Penha 2022."}]},{"@type":"Person","@id":"https:\/\/franciscanos.org.br\/noticias\/#\/schema\/person\/b5c8cba458c330ccff548b056e95a5d4","name":"moacir","image":{"@type":"ImageObject","inLanguage":"pt-BR","@id":"https:\/\/franciscanos.org.br\/noticias\/#\/schema\/person\/image\/","url":"https:\/\/secure.gravatar.com\/avatar\/d08aa2ce4c8dd416d4479aa8536fcf64?s=96&d=mm&r=g","contentUrl":"https:\/\/secure.gravatar.com\/avatar\/d08aa2ce4c8dd416d4479aa8536fcf64?s=96&d=mm&r=g","caption":"moacir"},"url":"https:\/\/franciscanos.org.br\/noticias\/author\/moacir"}]}},"_links":{"self":[{"href":"https:\/\/franciscanos.org.br\/noticias\/wp-json\/wp\/v2\/posts\/237270"}],"collection":[{"href":"https:\/\/franciscanos.org.br\/noticias\/wp-json\/wp\/v2\/posts"}],"about":[{"href":"https:\/\/franciscanos.org.br\/noticias\/wp-json\/wp\/v2\/types\/post"}],"author":[{"embeddable":true,"href":"https:\/\/franciscanos.org.br\/noticias\/wp-json\/wp\/v2\/users\/3"}],"replies":[{"embeddable":true,"href":"https:\/\/franciscanos.org.br\/noticias\/wp-json\/wp\/v2\/comments?post=237270"}],"version-history":[{"count":10,"href":"https:\/\/franciscanos.org.br\/noticias\/wp-json\/wp\/v2\/posts\/237270\/revisions"}],"predecessor-version":[{"id":241534,"href":"https:\/\/franciscanos.org.br\/noticias\/wp-json\/wp\/v2\/posts\/237270\/revisions\/241534"}],"wp:attachment":[{"href":"https:\/\/franciscanos.org.br\/noticias\/wp-json\/wp\/v2\/media?parent=237270"}],"wp:term":[{"taxonomy":"category","embeddable":true,"href":"https:\/\/franciscanos.org.br\/noticias\/wp-json\/wp\/v2\/categories?post=237270"},{"taxonomy":"post_tag","embeddable":true,"href":"https:\/\/franciscanos.org.br\/noticias\/wp-json\/wp\/v2\/tags?post=237270"}],"curies":[{"name":"wp","href":"https:\/\/api.w.org\/{rel}","templated":true}]}}