{"id":237262,"date":"2022-04-15T20:29:30","date_gmt":"2022-04-15T23:29:30","guid":{"rendered":"https:\/\/franciscanos.org.br\/noticias\/?p=237262"},"modified":"2022-04-16T10:06:31","modified_gmt":"2022-04-16T13:06:31","slug":"papa-na-paixao-do-senhor-tudo-passa-menos-jesus","status":"publish","type":"post","link":"https:\/\/franciscanos.org.br\/noticias\/papa-na-paixao-do-senhor-tudo-passa-menos-jesus.html","title":{"rendered":"Paix\u00e3o do Senhor: &#8220;Tudo passa, menos Jesus&#8221;"},"content":{"rendered":"<div id=\"attachment_237264\" style=\"width: 1010px\" class=\"wp-caption alignnone\"><img aria-describedby=\"caption-attachment-237264\" loading=\"lazy\" class=\"wp-image-237264 size-full\" src=\"https:\/\/franciscanos.org.br\/noticias\/wp-content\/uploads\/2022\/04\/papa_150422.jpeg\" alt=\"\" width=\"1000\" height=\"563\" srcset=\"https:\/\/franciscanos.org.br\/noticias\/wp-content\/uploads\/2022\/04\/papa_150422.jpeg 1000w, https:\/\/franciscanos.org.br\/noticias\/wp-content\/uploads\/2022\/04\/papa_150422-450x253.jpeg 450w, https:\/\/franciscanos.org.br\/noticias\/wp-content\/uploads\/2022\/04\/papa_150422-768x432.jpeg 768w, https:\/\/franciscanos.org.br\/noticias\/wp-content\/uploads\/2022\/04\/papa_150422-150x84.jpeg 150w\" sizes=\"(max-width: 1000px) 100vw, 1000px\" \/><p id=\"caption-attachment-237264\" class=\"wp-caption-text\"><em>\u00a0 \u00a0 \u00a0 \u00a0 \u00a0 \u00a0 \u00a0 \u00a0 \u00a0 \u00a0 \u00a0 \u00a0 \u00a0 \u00a0 \u00a0 \u00a0 \u00a0 \u00a0 \u00a0 \u00a0 \u00a0 \u00a0 \u00a0 \u00a0 \u00a0 \u00a0 \u00a0 \u00a0 \u00a0 \u00a0 \u00a0 \u00a0 \u00a0 \u00a0 \u00a0 \u00a0 \u00a0 \u00a0 \u00a0 \u00a0 \u00a0 \u00a0 \u00a0 \u00a0 \u00a0 \u00a0 \u00a0 \u00a0 \u00a0 \u00a0 \u00a0 \u00a0 \u00a0 Imagens: Vatiican Media<\/em><\/p><\/div>\n<p>O convite da Igreja nesta Sexta-feira Santa \u00e9 para nos colocar diante do Crucificado em adora\u00e7\u00e3o, pedindo a Deus o dom da paz. E assim fez o Papa Francisco, ao presidir na Bas\u00edlica Vaticana \u00e0 celebra\u00e7\u00e3o da Paix\u00e3o do Senhor.\u00a0\u00c9 a \u00fanica celebra\u00e7\u00e3o do ano em que n\u00e3o h\u00e1 a Eucaristia, pois todo o momento \u00e9 dedicado \u00e0 Paix\u00e3o e \u00e0 morte de Jesus. A homilia d\u00e1 lugar \u00e0 prega\u00e7\u00e3o do cardeal Raniero Cantalamessa, que nesta ocasi\u00e3o refletiu sobre o di\u00e1logo de Jesus com Pilatos, detendo-se sobre uma pergunta: \u201cQue \u00e9 a Verdade?\u201d<\/p>\n<p>\u201cComo \u00e9 atual esta p\u00e1gina do Evangelho!\u201d, comentou o cardeal italiano, que em sua an\u00e1lise utilizou refer\u00eancias ecl\u00e9ticas: al\u00e9m das Escrituras, citou o fil\u00f3sofo S\u00f8eren Kierkegaard, mas tamb\u00e9m autores menos \u201ceclesi\u00e1sticos\u201d, como o autor do ciclo de romances e de filmes \u201cO Senhor dos an\u00e9is\u201d, John Ronald Tolkien. E n\u00e3o s\u00f3: mencionou os debates sobre f\u00e9 que correm pela internet.<\/p>\n<h2>A Verdade se fez carne<\/h2>\n<p>Tudo acontece como se no mundo jamais tivesse existido um homem chamado Jesus Cristo. O resultado \u00e9 que a palavra \u201cDeus\u201d se torna um recipiente vazio que cada um pode preencher ao seu bel-prazer.\u00a0Mas justamente por isso, observa Cantalamessa, Deus se preocupou em dar ele mesmo um conte\u00fado ao seu nome: \u201cO Verbo se fez carne\u201d. A Verdade se fez carne!<\/p>\n<p>H\u00e1 quem fa\u00e7a a obje\u00e7\u00e3o se tratar de um caso de megalomania demente e de uma fraude gigantesca ou h\u00e1 quem afirme que a verdade \u00e9 relativa. Afirma-se que h\u00e1 muita injusti\u00e7a e muito sofrimento no mundo para se crer em Deus.\u00a0\u201c\u00c9 verdade\u201d, responde o cardeal, mas o mal que nos circunda seria ainda mais absurdo e motivo de desespero sem a f\u00e9 no triunfo final da verdade e do bem. &#8220;A Ressurrei\u00e7\u00e3o de Jesus dos mortos, que celebraremos em dois dias, \u00e9 a promessa e a garantia de que haver\u00e1 aquele triunfo, porque j\u00e1 iniciou com Ele. (&#8230;) \u00c9 muito importante. Trata-se de saber se temos vivido por algo, ou em v\u00e3o.\u201d<\/p>\n<h2>A P\u00e1scoa sob o barulho de bombas<\/h2>\n<p>A falta de f\u00e9, todavia, acomete tamb\u00e9m os pr\u00f3prios crist\u00e3os diante dos pecados da Igreja e dos seus ministros: um motivo a mais para chorar por Jesus e chorar hoje com as v\u00edtimas e pelas v\u00edtimas dos nossos pecados.\u00a0Ao ceticismo difuso, acrescenta ainda o frade capuchinho, este ano a celebra\u00e7\u00e3o da P\u00e1scoa ser\u00e1 marcada n\u00e3o pelo som dos sinos, mas pelo barulho de bombas e explos\u00f5es. Cantalamessa cita ent\u00e3o as palavras do profeta Isa\u00edas: \u201cSe n\u00e3o mudardes as vossas lan\u00e7as em foices, as vossas espadas em arados (Is 2,4) e os vossos m\u00edsseis em f\u00e1bricas e casas, perecereis todos do mesmo modo!\u201d.<\/p>\n<h2>Passemos \u00c0quele que n\u00e3o passa<\/h2>\n<p>O cardeal conclui com um apelo urgente por uma \u201cverdadeira P\u00e1scoa\u201d:\u00a0\u201cOs eventos improvisamente nos recordaram uma coisa. As disposi\u00e7\u00f5es do mundo mudam de um dia para o outro. Tudo passa, tudo envelhece; tudo \u2012 n\u00e3o somente \u201ca feliz juventude\u201d \u2012 desvanece. H\u00e1 um s\u00f3 modo de se subtrair \u00e0 corrente do tempo, que arrasta tudo atr\u00e1s de si: passar ao que n\u00e3o passa! P\u00f4r os p\u00e9s em terra firme! P\u00e1scoa significa passagem. Este ano, fa\u00e7amos todos uma verdadeira P\u00e1scoa, Vener\u00e1veis Padres, irm\u00e3os e irm\u00e3s: passemos \u00c0quele que n\u00e3o passa. Passemos agora com o cora\u00e7\u00e3o, antes de passar um dia com o corpo!\u201d<\/p>\n<p>Depois da prega\u00e7\u00e3o e da ora\u00e7\u00e3o dos fi\u00e9is, se realizou o momento mais intenso da cerim\u00f4nia: a adora\u00e7\u00e3o da Cruz, com o Papa em ora\u00e7\u00e3o silenciosa diante do Crucifixo.<\/p>\n<hr \/>\n<h1 class=\"article__title\">A ora\u00e7\u00e3o do Papa na Via-Sacra: Senhor, desarmai a m\u00e3o levantada do irm\u00e3o contra o irm\u00e3o<\/h1>\n<p><img loading=\"lazy\" class=\"alignnone wp-image-237263 size-full\" src=\"https:\/\/franciscanos.org.br\/noticias\/wp-content\/uploads\/2022\/04\/viasacra_150422.jpeg\" alt=\"\" width=\"1000\" height=\"563\" srcset=\"https:\/\/franciscanos.org.br\/noticias\/wp-content\/uploads\/2022\/04\/viasacra_150422.jpeg 1000w, https:\/\/franciscanos.org.br\/noticias\/wp-content\/uploads\/2022\/04\/viasacra_150422-450x253.jpeg 450w, https:\/\/franciscanos.org.br\/noticias\/wp-content\/uploads\/2022\/04\/viasacra_150422-768x432.jpeg 768w, https:\/\/franciscanos.org.br\/noticias\/wp-content\/uploads\/2022\/04\/viasacra_150422-150x84.jpeg 150w\" sizes=\"(max-width: 1000px) 100vw, 1000px\" \/><\/p>\n<div class=\"article__text \">\n<p>A Paix\u00e3o de Cristo encarnada na vida das fam\u00edlias: o Coliseu de Roma concentrou hoje as alegrias e cruzes dos lares, durante a Via-Sacra desta Sexta-feira Santa, com a participa\u00e7\u00e3o de dez mil pessoas.\u00a0Adentrando na cotidianidade de pais, av\u00f3s e filhos, foram tocados temas da atualidade, como a educa\u00e7\u00e3o, a pobreza, a migra\u00e7\u00e3o, a pandemia, a doen\u00e7a e tamb\u00e9m a guerra. De fato, um dos momentos mais tocantes foi vivido durante a XIII Esta\u00e7\u00e3o, que narra a morte de Jesus. Neste momento, a Cruz \u00e9 carregada por duas fam\u00edlias, uma ucraniana e outra russa, em especial por duas mulheres amigas que trabalham juntas em Roma. A c\u00e2mera flagra o olhar de cumplicidade entre elas, enquanto o Pont\u00edfice cobre com a m\u00e3o o seu rosto em profunda ora\u00e7\u00e3o.<\/p>\n<p>O texto da medita\u00e7\u00e3o foi modificado no decorrer da celebra\u00e7\u00e3o, para dar mais espa\u00e7o \u00e0 ora\u00e7\u00e3o e ao sil\u00eancio, como explicou a Sala de Imprensa da Santa S\u00e9: &#8220;Diante da morte, o sil\u00eancio \u00e9 mais eloquente do que as palavras. Detemo-nos, portanto, num sil\u00eancio orante e cada um, no cora\u00e7\u00e3o, reze pela paz no mundo.&#8221;<\/p>\n<p>Ao final das 14 esta\u00e7\u00f5es, o Papa Francisco recitou a seguinte ora\u00e7\u00e3o:<\/p>\n<p>Pai misericordioso,<br \/>\nque fazeis nascer o sol sobre bons e maus,<br \/>\nn\u00e3o abandoneis a obra das vossas m\u00e3os,<br \/>\npela qual n\u00e3o hesitastes<br \/>\nem entregar o vosso \u00fanico Filho,<br \/>\nnascido da Virgem,<br \/>\ncrucificado sob P\u00f4ncio Pilatos,<br \/>\nmorto e sepultado no cora\u00e7\u00e3o da terra,<br \/>\nressuscitado dentre os mortos ao terceiro dia,<br \/>\naparecido a Maria de Magdala,<br \/>\na Pedro, aos outros ap\u00f3stolos e disc\u00edpulos,<br \/>\nsempre vivo na santa Igreja,<br \/>\no seu Corpo vivo no mundo.<\/p>\n<p>Mantende acesa nas nossas fam\u00edlias<br \/>\na l\u00e2mpada do Evangelho,<br \/>\nque ilumina alegrias e sofrimentos,<br \/>\nfadigas e esperan\u00e7as:<br \/>\ncada casa espelhe o rosto da Igreja,<br \/>\ncuja lei suprema \u00e9 o amor.<br \/>\nPela efus\u00e3o do vosso Esp\u00edrito,<br \/>\najudai a despojar-nos do homem velho,<br \/>\ncorrompido pelas paix\u00f5es enganadoras,<br \/>\ne revesti-nos do homem novo,<br \/>\ncriado segundo a justi\u00e7a e a santidade.<\/p>\n<p>Segurai-nos pela m\u00e3o, como um Pai,<br \/>\npara que n\u00e3o nos afastemos de V\u00f3s;<br \/>\nconvertei ao vosso cora\u00e7\u00e3o os nossos cora\u00e7\u00f5es rebeldes,<br \/>\npara que aprendamos a seguir des\u00edgnios de paz;<br \/>\nfazei que os advers\u00e1rios se deem as m\u00e3os,<br \/>\npara que saboreiem o perd\u00e3o rec\u00edproco;<br \/>\ndesarmai a m\u00e3o levantada do irm\u00e3o contra o irm\u00e3o,<br \/>\npara que, onde h\u00e1 \u00f3dio, flores\u00e7a a conc\u00f3rdia.<\/p>\n<p>Fazei que n\u00e3o nos comportemos como inimigos da cruz de Cristo,<br \/>\npara participar na gl\u00f3ria da sua ressurrei\u00e7\u00e3o.<br \/>\nEle que vive e reina convosco,<br \/>\nna unidade do Esp\u00edrito Santo,<br \/>\npara sempre.<br \/>\nAm\u00e9m<\/p>\n<\/div>\n<div id=\"banner-donazioni\" class=\"article_banner\">\n<hr \/>\n<\/div>\n<p><em>Fonte: Vatican News (texto de Bianca Fraccalvieri)<\/em><\/p>\n","protected":false},"excerpt":{"rendered":"<p>Tr\u00edduo Pascal<\/p>\n","protected":false},"author":3,"featured_media":237264,"comment_status":"open","ping_status":"open","sticky":false,"template":"","format":"standard","meta":[],"categories":[1428],"tags":[55,626],"acf":[],"yoast_head":"<!-- This site is optimized with the Yoast SEO plugin v19.2 - https:\/\/yoast.com\/wordpress\/plugins\/seo\/ -->\n<title>Paix\u00e3o do Senhor: &quot;Tudo passa, menos Jesus&quot; - Not\u00edcias - Franciscanos<\/title>\n<meta name=\"robots\" content=\"index, follow, max-snippet:-1, max-image-preview:large, max-video-preview:-1\" \/>\n<link rel=\"canonical\" href=\"https:\/\/franciscanos.org.br\/noticias\/papa-na-paixao-do-senhor-tudo-passa-menos-jesus.html\" \/>\n<meta property=\"og:locale\" content=\"pt_BR\" \/>\n<meta property=\"og:type\" content=\"article\" \/>\n<meta property=\"og:title\" content=\"Paix\u00e3o do Senhor: &quot;Tudo passa, menos Jesus&quot; - Not\u00edcias - Franciscanos\" \/>\n<meta property=\"og:description\" content=\"Tr\u00edduo Pascal\" \/>\n<meta property=\"og:url\" content=\"https:\/\/franciscanos.org.br\/noticias\/papa-na-paixao-do-senhor-tudo-passa-menos-jesus.html\" \/>\n<meta property=\"og:site_name\" content=\"Not\u00edcias - Franciscanos\" \/>\n<meta property=\"article:published_time\" content=\"2022-04-15T23:29:30+00:00\" \/>\n<meta property=\"article:modified_time\" content=\"2022-04-16T13:06:31+00:00\" \/>\n<meta property=\"og:image\" content=\"https:\/\/franciscanos.org.br\/noticias\/wp-content\/uploads\/2022\/04\/papa_150422.jpeg\" \/>\n\t<meta property=\"og:image:width\" content=\"1000\" \/>\n\t<meta property=\"og:image:height\" content=\"563\" \/>\n\t<meta property=\"og:image:type\" content=\"image\/jpeg\" \/>\n<meta name=\"author\" content=\"moacir\" \/>\n<meta name=\"twitter:card\" content=\"summary_large_image\" \/>\n<meta name=\"twitter:label1\" content=\"Escrito por\" \/>\n\t<meta name=\"twitter:data1\" content=\"moacir\" \/>\n\t<meta name=\"twitter:label2\" content=\"Est. tempo de leitura\" \/>\n\t<meta name=\"twitter:data2\" content=\"6 minutos\" \/>\n<script type=\"application\/ld+json\" class=\"yoast-schema-graph\">{\"@context\":\"https:\/\/schema.org\",\"@graph\":[{\"@type\":\"WebSite\",\"@id\":\"https:\/\/franciscanos.org.br\/noticias\/#website\",\"url\":\"https:\/\/franciscanos.org.br\/noticias\/\",\"name\":\"Not\u00edcias - Franciscanos\",\"description\":\"Prov\u00edncia Franciscana da Imaculada Concei\u00e7\u00e3o do Brasil - Ordem dos Frades Menores - OFM\",\"potentialAction\":[{\"@type\":\"SearchAction\",\"target\":{\"@type\":\"EntryPoint\",\"urlTemplate\":\"https:\/\/franciscanos.org.br\/noticias\/?s={search_term_string}\"},\"query-input\":\"required name=search_term_string\"}],\"inLanguage\":\"pt-BR\"},{\"@type\":\"ImageObject\",\"inLanguage\":\"pt-BR\",\"@id\":\"https:\/\/franciscanos.org.br\/noticias\/papa-na-paixao-do-senhor-tudo-passa-menos-jesus.html#primaryimage\",\"url\":\"https:\/\/franciscanos.org.br\/noticias\/wp-content\/uploads\/2022\/04\/papa_150422.jpeg\",\"contentUrl\":\"https:\/\/franciscanos.org.br\/noticias\/wp-content\/uploads\/2022\/04\/papa_150422.jpeg\",\"width\":1000,\"height\":563},{\"@type\":\"WebPage\",\"@id\":\"https:\/\/franciscanos.org.br\/noticias\/papa-na-paixao-do-senhor-tudo-passa-menos-jesus.html#webpage\",\"url\":\"https:\/\/franciscanos.org.br\/noticias\/papa-na-paixao-do-senhor-tudo-passa-menos-jesus.html\",\"name\":\"Paix\u00e3o do Senhor: \\\"Tudo passa, menos Jesus\\\" - Not\u00edcias - Franciscanos\",\"isPartOf\":{\"@id\":\"https:\/\/franciscanos.org.br\/noticias\/#website\"},\"primaryImageOfPage\":{\"@id\":\"https:\/\/franciscanos.org.br\/noticias\/papa-na-paixao-do-senhor-tudo-passa-menos-jesus.html#primaryimage\"},\"datePublished\":\"2022-04-15T23:29:30+00:00\",\"dateModified\":\"2022-04-16T13:06:31+00:00\",\"author\":{\"@id\":\"https:\/\/franciscanos.org.br\/noticias\/#\/schema\/person\/b5c8cba458c330ccff548b056e95a5d4\"},\"breadcrumb\":{\"@id\":\"https:\/\/franciscanos.org.br\/noticias\/papa-na-paixao-do-senhor-tudo-passa-menos-jesus.html#breadcrumb\"},\"inLanguage\":\"pt-BR\",\"potentialAction\":[{\"@type\":\"ReadAction\",\"target\":[\"https:\/\/franciscanos.org.br\/noticias\/papa-na-paixao-do-senhor-tudo-passa-menos-jesus.html\"]}]},{\"@type\":\"BreadcrumbList\",\"@id\":\"https:\/\/franciscanos.org.br\/noticias\/papa-na-paixao-do-senhor-tudo-passa-menos-jesus.html#breadcrumb\",\"itemListElement\":[{\"@type\":\"ListItem\",\"position\":1,\"name\":\"Home\",\"item\":\"https:\/\/franciscanos.org.br\/noticias\"},{\"@type\":\"ListItem\",\"position\":2,\"name\":\"Paix\u00e3o do Senhor: &#8220;Tudo passa, menos Jesus&#8221;\"}]},{\"@type\":\"Person\",\"@id\":\"https:\/\/franciscanos.org.br\/noticias\/#\/schema\/person\/b5c8cba458c330ccff548b056e95a5d4\",\"name\":\"moacir\",\"image\":{\"@type\":\"ImageObject\",\"inLanguage\":\"pt-BR\",\"@id\":\"https:\/\/franciscanos.org.br\/noticias\/#\/schema\/person\/image\/\",\"url\":\"https:\/\/secure.gravatar.com\/avatar\/d08aa2ce4c8dd416d4479aa8536fcf64?s=96&d=mm&r=g\",\"contentUrl\":\"https:\/\/secure.gravatar.com\/avatar\/d08aa2ce4c8dd416d4479aa8536fcf64?s=96&d=mm&r=g\",\"caption\":\"moacir\"},\"url\":\"https:\/\/franciscanos.org.br\/noticias\/author\/moacir\"}]}<\/script>\n<!-- \/ Yoast SEO plugin. -->","yoast_head_json":{"title":"Paix\u00e3o do Senhor: \"Tudo passa, menos Jesus\" - Not\u00edcias - Franciscanos","robots":{"index":"index","follow":"follow","max-snippet":"max-snippet:-1","max-image-preview":"max-image-preview:large","max-video-preview":"max-video-preview:-1"},"canonical":"https:\/\/franciscanos.org.br\/noticias\/papa-na-paixao-do-senhor-tudo-passa-menos-jesus.html","og_locale":"pt_BR","og_type":"article","og_title":"Paix\u00e3o do Senhor: \"Tudo passa, menos Jesus\" - Not\u00edcias - Franciscanos","og_description":"Tr\u00edduo Pascal","og_url":"https:\/\/franciscanos.org.br\/noticias\/papa-na-paixao-do-senhor-tudo-passa-menos-jesus.html","og_site_name":"Not\u00edcias - Franciscanos","article_published_time":"2022-04-15T23:29:30+00:00","article_modified_time":"2022-04-16T13:06:31+00:00","og_image":[{"width":1000,"height":563,"url":"https:\/\/franciscanos.org.br\/noticias\/wp-content\/uploads\/2022\/04\/papa_150422.jpeg","type":"image\/jpeg"}],"author":"moacir","twitter_card":"summary_large_image","twitter_misc":{"Escrito por":"moacir","Est. tempo de leitura":"6 minutos"},"schema":{"@context":"https:\/\/schema.org","@graph":[{"@type":"WebSite","@id":"https:\/\/franciscanos.org.br\/noticias\/#website","url":"https:\/\/franciscanos.org.br\/noticias\/","name":"Not\u00edcias - Franciscanos","description":"Prov\u00edncia Franciscana da Imaculada Concei\u00e7\u00e3o do Brasil - Ordem dos Frades Menores - OFM","potentialAction":[{"@type":"SearchAction","target":{"@type":"EntryPoint","urlTemplate":"https:\/\/franciscanos.org.br\/noticias\/?s={search_term_string}"},"query-input":"required name=search_term_string"}],"inLanguage":"pt-BR"},{"@type":"ImageObject","inLanguage":"pt-BR","@id":"https:\/\/franciscanos.org.br\/noticias\/papa-na-paixao-do-senhor-tudo-passa-menos-jesus.html#primaryimage","url":"https:\/\/franciscanos.org.br\/noticias\/wp-content\/uploads\/2022\/04\/papa_150422.jpeg","contentUrl":"https:\/\/franciscanos.org.br\/noticias\/wp-content\/uploads\/2022\/04\/papa_150422.jpeg","width":1000,"height":563},{"@type":"WebPage","@id":"https:\/\/franciscanos.org.br\/noticias\/papa-na-paixao-do-senhor-tudo-passa-menos-jesus.html#webpage","url":"https:\/\/franciscanos.org.br\/noticias\/papa-na-paixao-do-senhor-tudo-passa-menos-jesus.html","name":"Paix\u00e3o do Senhor: \"Tudo passa, menos Jesus\" - Not\u00edcias - Franciscanos","isPartOf":{"@id":"https:\/\/franciscanos.org.br\/noticias\/#website"},"primaryImageOfPage":{"@id":"https:\/\/franciscanos.org.br\/noticias\/papa-na-paixao-do-senhor-tudo-passa-menos-jesus.html#primaryimage"},"datePublished":"2022-04-15T23:29:30+00:00","dateModified":"2022-04-16T13:06:31+00:00","author":{"@id":"https:\/\/franciscanos.org.br\/noticias\/#\/schema\/person\/b5c8cba458c330ccff548b056e95a5d4"},"breadcrumb":{"@id":"https:\/\/franciscanos.org.br\/noticias\/papa-na-paixao-do-senhor-tudo-passa-menos-jesus.html#breadcrumb"},"inLanguage":"pt-BR","potentialAction":[{"@type":"ReadAction","target":["https:\/\/franciscanos.org.br\/noticias\/papa-na-paixao-do-senhor-tudo-passa-menos-jesus.html"]}]},{"@type":"BreadcrumbList","@id":"https:\/\/franciscanos.org.br\/noticias\/papa-na-paixao-do-senhor-tudo-passa-menos-jesus.html#breadcrumb","itemListElement":[{"@type":"ListItem","position":1,"name":"Home","item":"https:\/\/franciscanos.org.br\/noticias"},{"@type":"ListItem","position":2,"name":"Paix\u00e3o do Senhor: &#8220;Tudo passa, menos Jesus&#8221;"}]},{"@type":"Person","@id":"https:\/\/franciscanos.org.br\/noticias\/#\/schema\/person\/b5c8cba458c330ccff548b056e95a5d4","name":"moacir","image":{"@type":"ImageObject","inLanguage":"pt-BR","@id":"https:\/\/franciscanos.org.br\/noticias\/#\/schema\/person\/image\/","url":"https:\/\/secure.gravatar.com\/avatar\/d08aa2ce4c8dd416d4479aa8536fcf64?s=96&d=mm&r=g","contentUrl":"https:\/\/secure.gravatar.com\/avatar\/d08aa2ce4c8dd416d4479aa8536fcf64?s=96&d=mm&r=g","caption":"moacir"},"url":"https:\/\/franciscanos.org.br\/noticias\/author\/moacir"}]}},"_links":{"self":[{"href":"https:\/\/franciscanos.org.br\/noticias\/wp-json\/wp\/v2\/posts\/237262"}],"collection":[{"href":"https:\/\/franciscanos.org.br\/noticias\/wp-json\/wp\/v2\/posts"}],"about":[{"href":"https:\/\/franciscanos.org.br\/noticias\/wp-json\/wp\/v2\/types\/post"}],"author":[{"embeddable":true,"href":"https:\/\/franciscanos.org.br\/noticias\/wp-json\/wp\/v2\/users\/3"}],"replies":[{"embeddable":true,"href":"https:\/\/franciscanos.org.br\/noticias\/wp-json\/wp\/v2\/comments?post=237262"}],"version-history":[{"count":5,"href":"https:\/\/franciscanos.org.br\/noticias\/wp-json\/wp\/v2\/posts\/237262\/revisions"}],"predecessor-version":[{"id":237267,"href":"https:\/\/franciscanos.org.br\/noticias\/wp-json\/wp\/v2\/posts\/237262\/revisions\/237267"}],"wp:featuredmedia":[{"embeddable":true,"href":"https:\/\/franciscanos.org.br\/noticias\/wp-json\/wp\/v2\/media\/237264"}],"wp:attachment":[{"href":"https:\/\/franciscanos.org.br\/noticias\/wp-json\/wp\/v2\/media?parent=237262"}],"wp:term":[{"taxonomy":"category","embeddable":true,"href":"https:\/\/franciscanos.org.br\/noticias\/wp-json\/wp\/v2\/categories?post=237262"},{"taxonomy":"post_tag","embeddable":true,"href":"https:\/\/franciscanos.org.br\/noticias\/wp-json\/wp\/v2\/tags?post=237262"}],"curies":[{"name":"wp","href":"https:\/\/api.w.org\/{rel}","templated":true}]}}