{"id":237243,"date":"2022-04-13T22:17:59","date_gmt":"2022-04-14T01:17:59","guid":{"rendered":"https:\/\/franciscanos.org.br\/noticias\/?p=237243"},"modified":"2022-04-14T08:06:08","modified_gmt":"2022-04-14T11:06:08","slug":"celebracao-penitencial-bem-aventurados-os-que-buscam-trilhar-o-caminho-com-jesus","status":"publish","type":"post","link":"https:\/\/franciscanos.org.br\/noticias\/celebracao-penitencial-bem-aventurados-os-que-buscam-trilhar-o-caminho-com-jesus.html","title":{"rendered":"Celebra\u00e7\u00e3o Penitencial: \u201cBem-aventurados os que buscam trilhar o caminho com Jesus\u201d"},"content":{"rendered":"<p><img loading=\"lazy\" class=\"alignnone wp-image-237244 size-full\" src=\"https:\/\/franciscanos.org.br\/noticias\/wp-content\/uploads\/2022\/04\/celebracao_petropolis_01.jpg\" alt=\"\" width=\"1280\" height=\"720\" srcset=\"https:\/\/franciscanos.org.br\/noticias\/wp-content\/uploads\/2022\/04\/celebracao_petropolis_01.jpg 1280w, https:\/\/franciscanos.org.br\/noticias\/wp-content\/uploads\/2022\/04\/celebracao_petropolis_01-450x253.jpg 450w, https:\/\/franciscanos.org.br\/noticias\/wp-content\/uploads\/2022\/04\/celebracao_petropolis_01-1024x576.jpg 1024w, https:\/\/franciscanos.org.br\/noticias\/wp-content\/uploads\/2022\/04\/celebracao_petropolis_01-768x432.jpg 768w, https:\/\/franciscanos.org.br\/noticias\/wp-content\/uploads\/2022\/04\/celebracao_petropolis_01-150x84.jpg 150w\" sizes=\"(max-width: 1280px) 100vw, 1280px\" \/><\/p>\n<p><strong>Petr\u00f3polis (RJ)<\/strong> &#8211; \u201cBem-aventurados s\u00e3o todos aqueles que buscam trilhar um caminho com Jesus. Bem-aventurados, s\u00e3o felizes, porque na liberdade de Filhos de Deus escolheram a melhor parte, a realiza\u00e7\u00e3o, o bem e o amor\u201d. Com esta motiva\u00e7\u00e3o o vig\u00e1rio paroquial e vice-mestre dos frades do Tempo da Teologia, Frei Gilberto da Silva, presidiu a Celebra\u00e7\u00e3o Penitencial em prepara\u00e7\u00e3o \u00e0 P\u00e1scoa do Senhor, nesta quarta-feira (13\/04), \u00e0s 19h30, na Igreja do Sagrado Cora\u00e7\u00e3o de Jesus de Petr\u00f3polis (RJ). A celebra\u00e7\u00e3o contou com a presen\u00e7a de paroquianos, frades, irm\u00e3s e fi\u00e9is.<\/p>\n<p>Ap\u00f3s a leitura do Evangelho, Frei Gilberto iniciou sua reflex\u00e3o afirmando que a miseric\u00f3rdia e a felicidade ajudam o ser humano a se identificar com a proposta de Deus e a entrar na din\u00e2mica do Reino.<\/p>\n<p>\u201cEnt\u00e3o podemos perguntar: o que significa ser bem-aventurado hoje, em um mundo onde \u00e9 quase imposs\u00edvel ser feliz? O contr\u00e1rio a felicidades, \u00e9 a ilus\u00e3o em ocuparmos o lugar de Deus em nossas vidas com tantas coisas. Criamos uma imagem de Deus, que \u00e0s vezes castiga, pune, juiz severo, ou outras vezes, deixamos Deus \u2018preso numa redoma de vidro\u2019, na indiferen\u00e7a, se necess\u00e1rio eu o invoco, quase que num ritual m\u00e1gico\u201d, disse.<\/p>\n<p>Para o franciscano, \u00e9 necess\u00e1rio recuperar e estreitar os la\u00e7os com Deus de modo a repetirmos diariamente diante Dele: Tu \u00e9s. \u201cTu \u00e9s o Deus da vida, do afeto, da miseric\u00f3rdia. Tu \u00e9s paci\u00eancia; Tu \u00e9s di\u00e1logo, Tu \u00e9s sabedoria, Tu \u00e9s perd\u00e3o, Tu \u00e9s toler\u00e2ncia e compreens\u00e3o\u201d, frisou.<\/p>\n<p>Outro aspecto destacado por Frei Gilberto foi sobre o distanciamento do ser humano para com Deus, que tem como consequ\u00eancia a dificuldade nas rela\u00e7\u00f5es. \u201cO ser humano, confia mais em si, que em Deus, dominando as diferentes situa\u00e7\u00f5es, \u00e0s vezes: destruindo o meio ambiente e indiferentes \u00e0s causas dos desequil\u00edbrios ambientais\u201d, ressaltou. \u201cSer\u00e1 que estamos em uma situa\u00e7\u00e3o confort\u00e1vel diante da nossa consci\u00eancia e de Deus?\u201d, questionou. \u201cAinda se necess\u00e1rio podemos visitar nossas consci\u00eancias para ver se estamos usando o Evangelho como medida no relacionamento humano\u201d, acrescentou.<\/p>\n<p><img loading=\"lazy\" class=\"alignnone wp-image-237245 size-full\" src=\"https:\/\/franciscanos.org.br\/noticias\/wp-content\/uploads\/2022\/04\/celebracao_petropolis_02.jpg\" alt=\"\" width=\"1280\" height=\"853\" srcset=\"https:\/\/franciscanos.org.br\/noticias\/wp-content\/uploads\/2022\/04\/celebracao_petropolis_02.jpg 1280w, https:\/\/franciscanos.org.br\/noticias\/wp-content\/uploads\/2022\/04\/celebracao_petropolis_02-450x300.jpg 450w, https:\/\/franciscanos.org.br\/noticias\/wp-content\/uploads\/2022\/04\/celebracao_petropolis_02-1024x682.jpg 1024w, https:\/\/franciscanos.org.br\/noticias\/wp-content\/uploads\/2022\/04\/celebracao_petropolis_02-768x512.jpg 768w, https:\/\/franciscanos.org.br\/noticias\/wp-content\/uploads\/2022\/04\/celebracao_petropolis_02-150x100.jpg 150w\" sizes=\"(max-width: 1280px) 100vw, 1280px\" \/><\/p>\n<p><strong>JESUS O GRANDE COMUNICADOR DO PAI<\/strong><br \/>\nPara Frei Gilberto, bem-aventurado \u00e9 o ser humano que livremente e conscientemente usa a tecnologia e os meios de comunica\u00e7\u00e3o com sabedoria. Segundo ele, os meios de comunica\u00e7\u00e3o, bem como os aparelhos eletr\u00f4nicos, nasceram para facilitar nossa vida, \u201cagora isso depende do nosso uso\u201d, lembrou. \u201cOs conte\u00fados que vejo na internet me estimulam a ser um ser humano realizado ou ego\u00edsta? Os conte\u00fados publicados condizem com minha f\u00e9 ou meu estado de vida? Tenho compartilhado conte\u00fados crist\u00e3os?\u201d, perguntou. Segundo ele, Jesus \u00e9 o grande comunicador do Pai e comunica sempre a vida, a inclus\u00e3o, a dignidade.<\/p>\n<p>Por fim, o celebrante lembrou que a convers\u00e3o \u00e9 um processo em que cada um est\u00e1 em um est\u00e1gio. \u201cN\u00e3o somos perfeitos, e o que buscamos \u00e9 a miseric\u00f3rdia de Deus para avan\u00e7armos no caminho\u201d, ensinou. \u201cNesta noite, de prepara\u00e7\u00e3o para a \u2018P\u00e1scoa do Senhor\u2019 e \u2018nossa P\u00e1scoa\u2019, Deus repete o gesto do Pai misericordioso do Evangelho conhecido como o da par\u00e1bola do Filho Pr\u00f3digo. De longe, observa o filho, se alegra, corre, abra\u00e7a, beija, perdoa, coloca no nosso dedo o anel, a alian\u00e7a da uni\u00e3o com ele. As roupas novas, s\u00e3o a sua gra\u00e7a, o perd\u00e3o, a vida nova. Coloca nos nossos p\u00e9s as sand\u00e1lias, que nos identifica como seus filhos, prontos para recome\u00e7armos o caminho\u201d, concluiu.<\/p>\n<p><img loading=\"lazy\" class=\"alignnone wp-image-237246 size-full\" src=\"https:\/\/franciscanos.org.br\/noticias\/wp-content\/uploads\/2022\/04\/celebracao_petropolis_03.jpg\" alt=\"\" width=\"1280\" height=\"853\" srcset=\"https:\/\/franciscanos.org.br\/noticias\/wp-content\/uploads\/2022\/04\/celebracao_petropolis_03.jpg 1280w, https:\/\/franciscanos.org.br\/noticias\/wp-content\/uploads\/2022\/04\/celebracao_petropolis_03-450x300.jpg 450w, https:\/\/franciscanos.org.br\/noticias\/wp-content\/uploads\/2022\/04\/celebracao_petropolis_03-1024x682.jpg 1024w, https:\/\/franciscanos.org.br\/noticias\/wp-content\/uploads\/2022\/04\/celebracao_petropolis_03-768x512.jpg 768w, https:\/\/franciscanos.org.br\/noticias\/wp-content\/uploads\/2022\/04\/celebracao_petropolis_03-150x100.jpg 150w\" sizes=\"(max-width: 1280px) 100vw, 1280px\" \/><\/p>\n<p>Na sequ\u00eancia, o celebrante convidou todos para permanecerem em sil\u00eancio e prop\u00f4s o exame de consci\u00eancia. Seguidamente, os presentes recitaram o ato de contri\u00e7\u00e3o e foram aspergidos com \u00e1gua benta. Por fim, ap\u00f3s a b\u00ean\u00e7\u00e3o final, os fi\u00e9is puderam se confessar com os sacerdotes distribu\u00eddos nas capelas da Igreja do Sagrado.<\/p>\n<hr \/>\n<p><em>Frei Augusto Luiz Gabriel<\/em><\/p>\n<p><img loading=\"lazy\" class=\"alignnone size-full wp-image-237248\" src=\"https:\/\/franciscanos.org.br\/noticias\/wp-content\/uploads\/2022\/04\/PROGRAMA-_petropolis.jpg\" alt=\"\" width=\"1200\" height=\"1800\" srcset=\"https:\/\/franciscanos.org.br\/noticias\/wp-content\/uploads\/2022\/04\/PROGRAMA-_petropolis.jpg 720w, https:\/\/franciscanos.org.br\/noticias\/wp-content\/uploads\/2022\/04\/PROGRAMA-_petropolis-300x450.jpg 300w, https:\/\/franciscanos.org.br\/noticias\/wp-content\/uploads\/2022\/04\/PROGRAMA-_petropolis-683x1024.jpg 683w, https:\/\/franciscanos.org.br\/noticias\/wp-content\/uploads\/2022\/04\/PROGRAMA-_petropolis-768x1152.jpg 768w, https:\/\/franciscanos.org.br\/noticias\/wp-content\/uploads\/2022\/04\/PROGRAMA-_petropolis-1024x1536.jpg 1024w, https:\/\/franciscanos.org.br\/noticias\/wp-content\/uploads\/2022\/04\/PROGRAMA-_petropolis-150x225.jpg 150w\" sizes=\"(max-width: 1200px) 100vw, 1200px\" \/><\/p>\n","protected":false},"excerpt":{"rendered":"<p>Semana Santa<\/p>\n","protected":false},"author":3,"featured_media":237244,"comment_status":"open","ping_status":"open","sticky":false,"template":"","format":"standard","meta":[],"categories":[1],"tags":[1766,190],"acf":[],"yoast_head":"<!-- This site is optimized with the Yoast SEO plugin v19.2 - https:\/\/yoast.com\/wordpress\/plugins\/seo\/ -->\n<title>Celebra\u00e7\u00e3o Penitencial: \u201cBem-aventurados os que buscam trilhar o caminho com Jesus\u201d - Not\u00edcias - Franciscanos<\/title>\n<meta name=\"robots\" content=\"index, follow, max-snippet:-1, max-image-preview:large, max-video-preview:-1\" \/>\n<link rel=\"canonical\" href=\"https:\/\/franciscanos.org.br\/noticias\/celebracao-penitencial-bem-aventurados-os-que-buscam-trilhar-o-caminho-com-jesus.html\" \/>\n<meta property=\"og:locale\" content=\"pt_BR\" \/>\n<meta property=\"og:type\" content=\"article\" \/>\n<meta property=\"og:title\" content=\"Celebra\u00e7\u00e3o Penitencial: \u201cBem-aventurados os que buscam trilhar o caminho com Jesus\u201d - Not\u00edcias - Franciscanos\" \/>\n<meta property=\"og:description\" content=\"Semana Santa\" \/>\n<meta property=\"og:url\" content=\"https:\/\/franciscanos.org.br\/noticias\/celebracao-penitencial-bem-aventurados-os-que-buscam-trilhar-o-caminho-com-jesus.html\" \/>\n<meta property=\"og:site_name\" content=\"Not\u00edcias - Franciscanos\" \/>\n<meta property=\"article:published_time\" content=\"2022-04-14T01:17:59+00:00\" \/>\n<meta property=\"article:modified_time\" content=\"2022-04-14T11:06:08+00:00\" \/>\n<meta property=\"og:image\" content=\"https:\/\/franciscanos.org.br\/noticias\/wp-content\/uploads\/2022\/04\/celebracao_petropolis_01.jpg\" \/>\n\t<meta property=\"og:image:width\" content=\"1280\" \/>\n\t<meta property=\"og:image:height\" content=\"720\" \/>\n\t<meta property=\"og:image:type\" content=\"image\/jpeg\" \/>\n<meta name=\"author\" content=\"moacir\" \/>\n<meta name=\"twitter:card\" content=\"summary_large_image\" \/>\n<meta name=\"twitter:label1\" content=\"Escrito por\" \/>\n\t<meta name=\"twitter:data1\" content=\"moacir\" \/>\n\t<meta name=\"twitter:label2\" content=\"Est. tempo de leitura\" \/>\n\t<meta name=\"twitter:data2\" content=\"3 minutos\" \/>\n<script type=\"application\/ld+json\" class=\"yoast-schema-graph\">{\"@context\":\"https:\/\/schema.org\",\"@graph\":[{\"@type\":\"WebSite\",\"@id\":\"https:\/\/franciscanos.org.br\/noticias\/#website\",\"url\":\"https:\/\/franciscanos.org.br\/noticias\/\",\"name\":\"Not\u00edcias - Franciscanos\",\"description\":\"Prov\u00edncia Franciscana da Imaculada Concei\u00e7\u00e3o do Brasil - Ordem dos Frades Menores - OFM\",\"potentialAction\":[{\"@type\":\"SearchAction\",\"target\":{\"@type\":\"EntryPoint\",\"urlTemplate\":\"https:\/\/franciscanos.org.br\/noticias\/?s={search_term_string}\"},\"query-input\":\"required name=search_term_string\"}],\"inLanguage\":\"pt-BR\"},{\"@type\":\"ImageObject\",\"inLanguage\":\"pt-BR\",\"@id\":\"https:\/\/franciscanos.org.br\/noticias\/celebracao-penitencial-bem-aventurados-os-que-buscam-trilhar-o-caminho-com-jesus.html#primaryimage\",\"url\":\"https:\/\/franciscanos.org.br\/noticias\/wp-content\/uploads\/2022\/04\/celebracao_petropolis_01.jpg\",\"contentUrl\":\"https:\/\/franciscanos.org.br\/noticias\/wp-content\/uploads\/2022\/04\/celebracao_petropolis_01.jpg\",\"width\":1280,\"height\":720},{\"@type\":\"WebPage\",\"@id\":\"https:\/\/franciscanos.org.br\/noticias\/celebracao-penitencial-bem-aventurados-os-que-buscam-trilhar-o-caminho-com-jesus.html#webpage\",\"url\":\"https:\/\/franciscanos.org.br\/noticias\/celebracao-penitencial-bem-aventurados-os-que-buscam-trilhar-o-caminho-com-jesus.html\",\"name\":\"Celebra\u00e7\u00e3o Penitencial: \u201cBem-aventurados os que buscam trilhar o caminho com Jesus\u201d - Not\u00edcias - Franciscanos\",\"isPartOf\":{\"@id\":\"https:\/\/franciscanos.org.br\/noticias\/#website\"},\"primaryImageOfPage\":{\"@id\":\"https:\/\/franciscanos.org.br\/noticias\/celebracao-penitencial-bem-aventurados-os-que-buscam-trilhar-o-caminho-com-jesus.html#primaryimage\"},\"datePublished\":\"2022-04-14T01:17:59+00:00\",\"dateModified\":\"2022-04-14T11:06:08+00:00\",\"author\":{\"@id\":\"https:\/\/franciscanos.org.br\/noticias\/#\/schema\/person\/b5c8cba458c330ccff548b056e95a5d4\"},\"breadcrumb\":{\"@id\":\"https:\/\/franciscanos.org.br\/noticias\/celebracao-penitencial-bem-aventurados-os-que-buscam-trilhar-o-caminho-com-jesus.html#breadcrumb\"},\"inLanguage\":\"pt-BR\",\"potentialAction\":[{\"@type\":\"ReadAction\",\"target\":[\"https:\/\/franciscanos.org.br\/noticias\/celebracao-penitencial-bem-aventurados-os-que-buscam-trilhar-o-caminho-com-jesus.html\"]}]},{\"@type\":\"BreadcrumbList\",\"@id\":\"https:\/\/franciscanos.org.br\/noticias\/celebracao-penitencial-bem-aventurados-os-que-buscam-trilhar-o-caminho-com-jesus.html#breadcrumb\",\"itemListElement\":[{\"@type\":\"ListItem\",\"position\":1,\"name\":\"Home\",\"item\":\"https:\/\/franciscanos.org.br\/noticias\"},{\"@type\":\"ListItem\",\"position\":2,\"name\":\"Celebra\u00e7\u00e3o Penitencial: \u201cBem-aventurados os que buscam trilhar o caminho com Jesus\u201d\"}]},{\"@type\":\"Person\",\"@id\":\"https:\/\/franciscanos.org.br\/noticias\/#\/schema\/person\/b5c8cba458c330ccff548b056e95a5d4\",\"name\":\"moacir\",\"image\":{\"@type\":\"ImageObject\",\"inLanguage\":\"pt-BR\",\"@id\":\"https:\/\/franciscanos.org.br\/noticias\/#\/schema\/person\/image\/\",\"url\":\"https:\/\/secure.gravatar.com\/avatar\/d08aa2ce4c8dd416d4479aa8536fcf64?s=96&d=mm&r=g\",\"contentUrl\":\"https:\/\/secure.gravatar.com\/avatar\/d08aa2ce4c8dd416d4479aa8536fcf64?s=96&d=mm&r=g\",\"caption\":\"moacir\"},\"url\":\"https:\/\/franciscanos.org.br\/noticias\/author\/moacir\"}]}<\/script>\n<!-- \/ Yoast SEO plugin. -->","yoast_head_json":{"title":"Celebra\u00e7\u00e3o Penitencial: \u201cBem-aventurados os que buscam trilhar o caminho com Jesus\u201d - Not\u00edcias - Franciscanos","robots":{"index":"index","follow":"follow","max-snippet":"max-snippet:-1","max-image-preview":"max-image-preview:large","max-video-preview":"max-video-preview:-1"},"canonical":"https:\/\/franciscanos.org.br\/noticias\/celebracao-penitencial-bem-aventurados-os-que-buscam-trilhar-o-caminho-com-jesus.html","og_locale":"pt_BR","og_type":"article","og_title":"Celebra\u00e7\u00e3o Penitencial: \u201cBem-aventurados os que buscam trilhar o caminho com Jesus\u201d - Not\u00edcias - Franciscanos","og_description":"Semana Santa","og_url":"https:\/\/franciscanos.org.br\/noticias\/celebracao-penitencial-bem-aventurados-os-que-buscam-trilhar-o-caminho-com-jesus.html","og_site_name":"Not\u00edcias - Franciscanos","article_published_time":"2022-04-14T01:17:59+00:00","article_modified_time":"2022-04-14T11:06:08+00:00","og_image":[{"width":1280,"height":720,"url":"https:\/\/franciscanos.org.br\/noticias\/wp-content\/uploads\/2022\/04\/celebracao_petropolis_01.jpg","type":"image\/jpeg"}],"author":"moacir","twitter_card":"summary_large_image","twitter_misc":{"Escrito por":"moacir","Est. tempo de leitura":"3 minutos"},"schema":{"@context":"https:\/\/schema.org","@graph":[{"@type":"WebSite","@id":"https:\/\/franciscanos.org.br\/noticias\/#website","url":"https:\/\/franciscanos.org.br\/noticias\/","name":"Not\u00edcias - Franciscanos","description":"Prov\u00edncia Franciscana da Imaculada Concei\u00e7\u00e3o do Brasil - Ordem dos Frades Menores - OFM","potentialAction":[{"@type":"SearchAction","target":{"@type":"EntryPoint","urlTemplate":"https:\/\/franciscanos.org.br\/noticias\/?s={search_term_string}"},"query-input":"required name=search_term_string"}],"inLanguage":"pt-BR"},{"@type":"ImageObject","inLanguage":"pt-BR","@id":"https:\/\/franciscanos.org.br\/noticias\/celebracao-penitencial-bem-aventurados-os-que-buscam-trilhar-o-caminho-com-jesus.html#primaryimage","url":"https:\/\/franciscanos.org.br\/noticias\/wp-content\/uploads\/2022\/04\/celebracao_petropolis_01.jpg","contentUrl":"https:\/\/franciscanos.org.br\/noticias\/wp-content\/uploads\/2022\/04\/celebracao_petropolis_01.jpg","width":1280,"height":720},{"@type":"WebPage","@id":"https:\/\/franciscanos.org.br\/noticias\/celebracao-penitencial-bem-aventurados-os-que-buscam-trilhar-o-caminho-com-jesus.html#webpage","url":"https:\/\/franciscanos.org.br\/noticias\/celebracao-penitencial-bem-aventurados-os-que-buscam-trilhar-o-caminho-com-jesus.html","name":"Celebra\u00e7\u00e3o Penitencial: \u201cBem-aventurados os que buscam trilhar o caminho com Jesus\u201d - Not\u00edcias - Franciscanos","isPartOf":{"@id":"https:\/\/franciscanos.org.br\/noticias\/#website"},"primaryImageOfPage":{"@id":"https:\/\/franciscanos.org.br\/noticias\/celebracao-penitencial-bem-aventurados-os-que-buscam-trilhar-o-caminho-com-jesus.html#primaryimage"},"datePublished":"2022-04-14T01:17:59+00:00","dateModified":"2022-04-14T11:06:08+00:00","author":{"@id":"https:\/\/franciscanos.org.br\/noticias\/#\/schema\/person\/b5c8cba458c330ccff548b056e95a5d4"},"breadcrumb":{"@id":"https:\/\/franciscanos.org.br\/noticias\/celebracao-penitencial-bem-aventurados-os-que-buscam-trilhar-o-caminho-com-jesus.html#breadcrumb"},"inLanguage":"pt-BR","potentialAction":[{"@type":"ReadAction","target":["https:\/\/franciscanos.org.br\/noticias\/celebracao-penitencial-bem-aventurados-os-que-buscam-trilhar-o-caminho-com-jesus.html"]}]},{"@type":"BreadcrumbList","@id":"https:\/\/franciscanos.org.br\/noticias\/celebracao-penitencial-bem-aventurados-os-que-buscam-trilhar-o-caminho-com-jesus.html#breadcrumb","itemListElement":[{"@type":"ListItem","position":1,"name":"Home","item":"https:\/\/franciscanos.org.br\/noticias"},{"@type":"ListItem","position":2,"name":"Celebra\u00e7\u00e3o Penitencial: \u201cBem-aventurados os que buscam trilhar o caminho com Jesus\u201d"}]},{"@type":"Person","@id":"https:\/\/franciscanos.org.br\/noticias\/#\/schema\/person\/b5c8cba458c330ccff548b056e95a5d4","name":"moacir","image":{"@type":"ImageObject","inLanguage":"pt-BR","@id":"https:\/\/franciscanos.org.br\/noticias\/#\/schema\/person\/image\/","url":"https:\/\/secure.gravatar.com\/avatar\/d08aa2ce4c8dd416d4479aa8536fcf64?s=96&d=mm&r=g","contentUrl":"https:\/\/secure.gravatar.com\/avatar\/d08aa2ce4c8dd416d4479aa8536fcf64?s=96&d=mm&r=g","caption":"moacir"},"url":"https:\/\/franciscanos.org.br\/noticias\/author\/moacir"}]}},"_links":{"self":[{"href":"https:\/\/franciscanos.org.br\/noticias\/wp-json\/wp\/v2\/posts\/237243"}],"collection":[{"href":"https:\/\/franciscanos.org.br\/noticias\/wp-json\/wp\/v2\/posts"}],"about":[{"href":"https:\/\/franciscanos.org.br\/noticias\/wp-json\/wp\/v2\/types\/post"}],"author":[{"embeddable":true,"href":"https:\/\/franciscanos.org.br\/noticias\/wp-json\/wp\/v2\/users\/3"}],"replies":[{"embeddable":true,"href":"https:\/\/franciscanos.org.br\/noticias\/wp-json\/wp\/v2\/comments?post=237243"}],"version-history":[{"count":5,"href":"https:\/\/franciscanos.org.br\/noticias\/wp-json\/wp\/v2\/posts\/237243\/revisions"}],"predecessor-version":[{"id":237256,"href":"https:\/\/franciscanos.org.br\/noticias\/wp-json\/wp\/v2\/posts\/237243\/revisions\/237256"}],"wp:featuredmedia":[{"embeddable":true,"href":"https:\/\/franciscanos.org.br\/noticias\/wp-json\/wp\/v2\/media\/237244"}],"wp:attachment":[{"href":"https:\/\/franciscanos.org.br\/noticias\/wp-json\/wp\/v2\/media?parent=237243"}],"wp:term":[{"taxonomy":"category","embeddable":true,"href":"https:\/\/franciscanos.org.br\/noticias\/wp-json\/wp\/v2\/categories?post=237243"},{"taxonomy":"post_tag","embeddable":true,"href":"https:\/\/franciscanos.org.br\/noticias\/wp-json\/wp\/v2\/tags?post=237243"}],"curies":[{"name":"wp","href":"https:\/\/api.w.org\/{rel}","templated":true}]}}