{"id":237240,"date":"2022-04-14T05:54:12","date_gmt":"2022-04-14T08:54:12","guid":{"rendered":"https:\/\/franciscanos.org.br\/noticias\/?p=237240"},"modified":"2022-12-31T12:42:50","modified_gmt":"2022-12-31T15:42:50","slug":"papa-francisco-visita-bento-xvi","status":"publish","type":"post","link":"https:\/\/franciscanos.org.br\/noticias\/papa-francisco-visita-bento-xvi.html","title":{"rendered":"Papa Francisco visita Bento XVI"},"content":{"rendered":"<div id=\"attachment_237241\" style=\"width: 1510px\" class=\"wp-caption alignnone\"><img aria-describedby=\"caption-attachment-237241\" loading=\"lazy\" class=\"wp-image-237241 size-full\" src=\"https:\/\/franciscanos.org.br\/noticias\/wp-content\/uploads\/2022\/04\/visita.jpeg\" alt=\"\" width=\"1500\" height=\"844\" srcset=\"https:\/\/franciscanos.org.br\/noticias\/wp-content\/uploads\/2022\/04\/visita.jpeg 1500w, https:\/\/franciscanos.org.br\/noticias\/wp-content\/uploads\/2022\/04\/visita-450x253.jpeg 450w, https:\/\/franciscanos.org.br\/noticias\/wp-content\/uploads\/2022\/04\/visita-1024x576.jpeg 1024w, https:\/\/franciscanos.org.br\/noticias\/wp-content\/uploads\/2022\/04\/visita-768x432.jpeg 768w, https:\/\/franciscanos.org.br\/noticias\/wp-content\/uploads\/2022\/04\/visita-150x84.jpeg 150w\" sizes=\"(max-width: 1500px) 100vw, 1500px\" \/><p id=\"caption-attachment-237241\" class=\"wp-caption-text\">\u00a0 \u00a0 \u00a0 \u00a0 \u00a0 \u00a0 \u00a0 \u00a0 \u00a0 \u00a0 \u00a0 \u00a0 \u00a0 \u00a0 \u00a0 \u00a0 \u00a0 \u00a0 \u00a0 \u00a0 \u00a0 \u00a0 \u00a0 \u00a0 \u00a0 \u00a0 \u00a0 \u00a0 \u00a0 \u00a0 \u00a0 \u00a0 \u00a0 \u00a0 \u00a0 \u00a0 \u00a0 \u00a0 \u00a0 \u00a0 \u00a0 \u00a0 \u00a0 \u00a0 \u00a0 <em>\u00a0 \u00a0Imagem: Vatican Media (arquivo)<\/em><\/p><\/div>\n<p>\u201cEsta tarde, pouco depois das 18h, o Papa Francisco foi ao Mosteiro Mater Ecclesiae, para visitar o Papa em\u00e9rito por seu 95\u00ba anivers\u00e1rio. Depois de uma conversa curta e afetuosa, e depois de terem rezado juntos, o Papa Francisco voltou \u00e0 Casa Santa Marta\u201d, disse uma nota da Sala de Imprensa da Santa S\u00e9.<\/p>\n<p>Um h\u00e1bito j\u00e1 bem consolidado em toda P\u00e1scoa e Natal. Tamb\u00e9m este ano Francisco quis visitar o Papa em\u00e9rito Bento XVI para lhe apresentar pessoalmente as felicita\u00e7\u00f5es pela Solenidade da P\u00e1scoa. Na v\u00e9spera do Tr\u00edduo Pascal e tr\u00eas dias antes de completar 95 anos (16 de abril), Jorge Mario Bergoglio foi na tarde desta ter\u00e7a-feira ao Mater Ecclesiae, o mosteiro no cora\u00e7\u00e3o dos Jardins Vaticanos onde Joseph Ratzinger vive desde maio de 2013 , tr\u00eas meses depois de sua ren\u00fancia ao minist\u00e9rio petrino, conduzindo seus dias entre ora\u00e7\u00e3o, m\u00fasica e leitura, assistido pelo secret\u00e1rio particular, o arcebispo Georg G\u00e4nswein, e um grupo de Memores Domini.<\/p>\n<p><strong>O primeiro abra\u00e7o em Castel Gandolfo<\/strong><\/p>\n<p>J\u00e1 a partir desses os primeiros momentos de seu pontificado, poucos dias depois do Conclave que o elegeu 266\u00ba Sucessor de Pedro, Francisco iniciou a &#8216;tradi\u00e7\u00e3o&#8217; de encontrar seu predecessor, a come\u00e7ar pela primeira visita hist\u00f3rica do Papa rec\u00e9m-eleito, que foi de helic\u00f3ptero at\u00e9 Castel Gandolfo, onde Bento XVI se hospedou algumas semanas antes de se mudar para o Vaticano.<\/p>\n<p>Em vista das festividades ou por ocasi\u00e3o do Consist\u00f3rio com os novos cardeais, Francisco nunca quis deixar de realizar esse gesto de proximidade e cortesia para aquele que em uma entrevista no avi\u00e3o chamou de &#8220;um av\u00f4 s\u00e1bio em casa&#8221; e que em o Angelus de 29 de junho de 2021, o septuag\u00e9simo anivers\u00e1rio da ordena\u00e7\u00e3o sacerdotal de Ratzinger, chamou de &#8220;pai&#8221; e &#8220;irm\u00e3o&#8221;.<\/p>\n<p><strong>O &#8220;Feliz P\u00e1scoa&#8221; com os fi\u00e9is na Bas\u00edlica de S\u00e3o Pedro<\/strong><\/p>\n<p>Tamb\u00e9m em 2017, era 13 de abril, quando o Papa Francisco foi ao Mater Ecclesiae para uma visita com duplo car\u00e1ter comemorativo: a P\u00e1scoa e o 90\u00ba anivers\u00e1rio do Papa Em\u00e9rito. Em 28 de mar\u00e7o de 2018, o Pont\u00edfice voltou novamente na v\u00e9spera do Tr\u00edduo Pascal, permanecendo meia hora em conversa com Bento na sala de estar do mosteiro. Em seguida, na Audi\u00eancia Geral seguinte, em 4 de abril, pediu aos fi\u00e9is reunidos na Pra\u00e7a de S\u00e3o Pedro que dedicassem um pensamento a seu predecessor: \u201cO amado Papa Bento nos segue pela televis\u00e3o. E todos n\u00f3s lhe damos uma feliz P\u00e1scoa e um forte aplauso\u201d.<\/p>\n<p><strong>Felicita\u00e7\u00f5es de P\u00e1scoa e anivers\u00e1rio<\/strong><\/p>\n<p>Em 15 de abril de 2019, v\u00e9spera do anivers\u00e1rio de Ratzinger, Francisco foi v\u00ea-lo \u00e0 tarde e &#8220;o encontro &#8211; explicou a Sala de Imprensa do Vaticano na \u00e9poca &#8211; tamb\u00e9m ofereceu ao Papa a oportunidade de oferecer, com particular carinho, felicita\u00e7\u00f5es de anivers\u00e1rio ao Papa Em\u00e9rito que far\u00e1 92 anos amanh\u00e3\u201d.<\/p>\n<p>As restri\u00e7\u00f5es impostas pela pandemia de Covid impediram um novo encontro na P\u00e1scoa de 2020, por\u00e9m &#8216;recuperado&#8217; em 29 de novembro daquele ano, quando Francisco acompanhou os onze novos cardeais criados no Consist\u00f3rio daquele dia em visita ao pont\u00edfice em\u00e9rito. Este costume sempre foi renovado desde 2016. Nos dois primeiros anos, de fato, em 2014 e 2015, o Papa Em\u00e9rito participou da celebra\u00e7\u00e3o na Bas\u00edlica de S\u00e3o Pedro.<\/p>\n<hr \/>\n<p><em>Vatican News (texto de Salvatore Cernuzio)<\/em><\/p>\n","protected":false},"excerpt":{"rendered":"<p>Visita fraterna<\/p>\n","protected":false},"author":3,"featured_media":237241,"comment_status":"open","ping_status":"open","sticky":false,"template":"","format":"standard","meta":[],"categories":[1428],"tags":[340,55],"acf":[],"yoast_head":"<!-- This site is optimized with the Yoast SEO plugin v19.2 - https:\/\/yoast.com\/wordpress\/plugins\/seo\/ -->\n<title>Papa Francisco visita Bento XVI - Not\u00edcias - Franciscanos<\/title>\n<meta name=\"robots\" content=\"index, follow, max-snippet:-1, max-image-preview:large, max-video-preview:-1\" \/>\n<link rel=\"canonical\" href=\"https:\/\/franciscanos.org.br\/noticias\/papa-francisco-visita-bento-xvi.html\" \/>\n<meta property=\"og:locale\" content=\"pt_BR\" \/>\n<meta property=\"og:type\" content=\"article\" \/>\n<meta property=\"og:title\" content=\"Papa Francisco visita Bento XVI - Not\u00edcias - Franciscanos\" \/>\n<meta property=\"og:description\" content=\"Visita fraterna\" \/>\n<meta property=\"og:url\" content=\"https:\/\/franciscanos.org.br\/noticias\/papa-francisco-visita-bento-xvi.html\" \/>\n<meta property=\"og:site_name\" content=\"Not\u00edcias - Franciscanos\" \/>\n<meta property=\"article:published_time\" content=\"2022-04-14T08:54:12+00:00\" \/>\n<meta property=\"article:modified_time\" content=\"2022-12-31T15:42:50+00:00\" \/>\n<meta property=\"og:image\" content=\"https:\/\/franciscanos.org.br\/noticias\/wp-content\/uploads\/2022\/04\/visita.jpeg\" \/>\n\t<meta property=\"og:image:width\" content=\"1500\" \/>\n\t<meta property=\"og:image:height\" content=\"844\" \/>\n\t<meta property=\"og:image:type\" content=\"image\/jpeg\" \/>\n<meta name=\"author\" content=\"moacir\" \/>\n<meta name=\"twitter:card\" content=\"summary_large_image\" \/>\n<meta name=\"twitter:label1\" content=\"Escrito por\" \/>\n\t<meta name=\"twitter:data1\" content=\"moacir\" \/>\n\t<meta name=\"twitter:label2\" content=\"Est. tempo de leitura\" \/>\n\t<meta name=\"twitter:data2\" content=\"3 minutos\" \/>\n<script type=\"application\/ld+json\" class=\"yoast-schema-graph\">{\"@context\":\"https:\/\/schema.org\",\"@graph\":[{\"@type\":\"WebSite\",\"@id\":\"https:\/\/franciscanos.org.br\/noticias\/#website\",\"url\":\"https:\/\/franciscanos.org.br\/noticias\/\",\"name\":\"Not\u00edcias - Franciscanos\",\"description\":\"Prov\u00edncia Franciscana da Imaculada Concei\u00e7\u00e3o do Brasil - Ordem dos Frades Menores - OFM\",\"potentialAction\":[{\"@type\":\"SearchAction\",\"target\":{\"@type\":\"EntryPoint\",\"urlTemplate\":\"https:\/\/franciscanos.org.br\/noticias\/?s={search_term_string}\"},\"query-input\":\"required name=search_term_string\"}],\"inLanguage\":\"pt-BR\"},{\"@type\":\"ImageObject\",\"inLanguage\":\"pt-BR\",\"@id\":\"https:\/\/franciscanos.org.br\/noticias\/papa-francisco-visita-bento-xvi.html#primaryimage\",\"url\":\"https:\/\/franciscanos.org.br\/noticias\/wp-content\/uploads\/2022\/04\/visita.jpeg\",\"contentUrl\":\"https:\/\/franciscanos.org.br\/noticias\/wp-content\/uploads\/2022\/04\/visita.jpeg\",\"width\":1500,\"height\":844},{\"@type\":\"WebPage\",\"@id\":\"https:\/\/franciscanos.org.br\/noticias\/papa-francisco-visita-bento-xvi.html#webpage\",\"url\":\"https:\/\/franciscanos.org.br\/noticias\/papa-francisco-visita-bento-xvi.html\",\"name\":\"Papa Francisco visita Bento XVI - Not\u00edcias - Franciscanos\",\"isPartOf\":{\"@id\":\"https:\/\/franciscanos.org.br\/noticias\/#website\"},\"primaryImageOfPage\":{\"@id\":\"https:\/\/franciscanos.org.br\/noticias\/papa-francisco-visita-bento-xvi.html#primaryimage\"},\"datePublished\":\"2022-04-14T08:54:12+00:00\",\"dateModified\":\"2022-12-31T15:42:50+00:00\",\"author\":{\"@id\":\"https:\/\/franciscanos.org.br\/noticias\/#\/schema\/person\/b5c8cba458c330ccff548b056e95a5d4\"},\"breadcrumb\":{\"@id\":\"https:\/\/franciscanos.org.br\/noticias\/papa-francisco-visita-bento-xvi.html#breadcrumb\"},\"inLanguage\":\"pt-BR\",\"potentialAction\":[{\"@type\":\"ReadAction\",\"target\":[\"https:\/\/franciscanos.org.br\/noticias\/papa-francisco-visita-bento-xvi.html\"]}]},{\"@type\":\"BreadcrumbList\",\"@id\":\"https:\/\/franciscanos.org.br\/noticias\/papa-francisco-visita-bento-xvi.html#breadcrumb\",\"itemListElement\":[{\"@type\":\"ListItem\",\"position\":1,\"name\":\"Home\",\"item\":\"https:\/\/franciscanos.org.br\/noticias\"},{\"@type\":\"ListItem\",\"position\":2,\"name\":\"Papa Francisco visita Bento XVI\"}]},{\"@type\":\"Person\",\"@id\":\"https:\/\/franciscanos.org.br\/noticias\/#\/schema\/person\/b5c8cba458c330ccff548b056e95a5d4\",\"name\":\"moacir\",\"image\":{\"@type\":\"ImageObject\",\"inLanguage\":\"pt-BR\",\"@id\":\"https:\/\/franciscanos.org.br\/noticias\/#\/schema\/person\/image\/\",\"url\":\"https:\/\/secure.gravatar.com\/avatar\/d08aa2ce4c8dd416d4479aa8536fcf64?s=96&d=mm&r=g\",\"contentUrl\":\"https:\/\/secure.gravatar.com\/avatar\/d08aa2ce4c8dd416d4479aa8536fcf64?s=96&d=mm&r=g\",\"caption\":\"moacir\"},\"url\":\"https:\/\/franciscanos.org.br\/noticias\/author\/moacir\"}]}<\/script>\n<!-- \/ Yoast SEO plugin. -->","yoast_head_json":{"title":"Papa Francisco visita Bento XVI - Not\u00edcias - Franciscanos","robots":{"index":"index","follow":"follow","max-snippet":"max-snippet:-1","max-image-preview":"max-image-preview:large","max-video-preview":"max-video-preview:-1"},"canonical":"https:\/\/franciscanos.org.br\/noticias\/papa-francisco-visita-bento-xvi.html","og_locale":"pt_BR","og_type":"article","og_title":"Papa Francisco visita Bento XVI - Not\u00edcias - Franciscanos","og_description":"Visita fraterna","og_url":"https:\/\/franciscanos.org.br\/noticias\/papa-francisco-visita-bento-xvi.html","og_site_name":"Not\u00edcias - Franciscanos","article_published_time":"2022-04-14T08:54:12+00:00","article_modified_time":"2022-12-31T15:42:50+00:00","og_image":[{"width":1500,"height":844,"url":"https:\/\/franciscanos.org.br\/noticias\/wp-content\/uploads\/2022\/04\/visita.jpeg","type":"image\/jpeg"}],"author":"moacir","twitter_card":"summary_large_image","twitter_misc":{"Escrito por":"moacir","Est. tempo de leitura":"3 minutos"},"schema":{"@context":"https:\/\/schema.org","@graph":[{"@type":"WebSite","@id":"https:\/\/franciscanos.org.br\/noticias\/#website","url":"https:\/\/franciscanos.org.br\/noticias\/","name":"Not\u00edcias - Franciscanos","description":"Prov\u00edncia Franciscana da Imaculada Concei\u00e7\u00e3o do Brasil - Ordem dos Frades Menores - OFM","potentialAction":[{"@type":"SearchAction","target":{"@type":"EntryPoint","urlTemplate":"https:\/\/franciscanos.org.br\/noticias\/?s={search_term_string}"},"query-input":"required name=search_term_string"}],"inLanguage":"pt-BR"},{"@type":"ImageObject","inLanguage":"pt-BR","@id":"https:\/\/franciscanos.org.br\/noticias\/papa-francisco-visita-bento-xvi.html#primaryimage","url":"https:\/\/franciscanos.org.br\/noticias\/wp-content\/uploads\/2022\/04\/visita.jpeg","contentUrl":"https:\/\/franciscanos.org.br\/noticias\/wp-content\/uploads\/2022\/04\/visita.jpeg","width":1500,"height":844},{"@type":"WebPage","@id":"https:\/\/franciscanos.org.br\/noticias\/papa-francisco-visita-bento-xvi.html#webpage","url":"https:\/\/franciscanos.org.br\/noticias\/papa-francisco-visita-bento-xvi.html","name":"Papa Francisco visita Bento XVI - Not\u00edcias - Franciscanos","isPartOf":{"@id":"https:\/\/franciscanos.org.br\/noticias\/#website"},"primaryImageOfPage":{"@id":"https:\/\/franciscanos.org.br\/noticias\/papa-francisco-visita-bento-xvi.html#primaryimage"},"datePublished":"2022-04-14T08:54:12+00:00","dateModified":"2022-12-31T15:42:50+00:00","author":{"@id":"https:\/\/franciscanos.org.br\/noticias\/#\/schema\/person\/b5c8cba458c330ccff548b056e95a5d4"},"breadcrumb":{"@id":"https:\/\/franciscanos.org.br\/noticias\/papa-francisco-visita-bento-xvi.html#breadcrumb"},"inLanguage":"pt-BR","potentialAction":[{"@type":"ReadAction","target":["https:\/\/franciscanos.org.br\/noticias\/papa-francisco-visita-bento-xvi.html"]}]},{"@type":"BreadcrumbList","@id":"https:\/\/franciscanos.org.br\/noticias\/papa-francisco-visita-bento-xvi.html#breadcrumb","itemListElement":[{"@type":"ListItem","position":1,"name":"Home","item":"https:\/\/franciscanos.org.br\/noticias"},{"@type":"ListItem","position":2,"name":"Papa Francisco visita Bento XVI"}]},{"@type":"Person","@id":"https:\/\/franciscanos.org.br\/noticias\/#\/schema\/person\/b5c8cba458c330ccff548b056e95a5d4","name":"moacir","image":{"@type":"ImageObject","inLanguage":"pt-BR","@id":"https:\/\/franciscanos.org.br\/noticias\/#\/schema\/person\/image\/","url":"https:\/\/secure.gravatar.com\/avatar\/d08aa2ce4c8dd416d4479aa8536fcf64?s=96&d=mm&r=g","contentUrl":"https:\/\/secure.gravatar.com\/avatar\/d08aa2ce4c8dd416d4479aa8536fcf64?s=96&d=mm&r=g","caption":"moacir"},"url":"https:\/\/franciscanos.org.br\/noticias\/author\/moacir"}]}},"_links":{"self":[{"href":"https:\/\/franciscanos.org.br\/noticias\/wp-json\/wp\/v2\/posts\/237240"}],"collection":[{"href":"https:\/\/franciscanos.org.br\/noticias\/wp-json\/wp\/v2\/posts"}],"about":[{"href":"https:\/\/franciscanos.org.br\/noticias\/wp-json\/wp\/v2\/types\/post"}],"author":[{"embeddable":true,"href":"https:\/\/franciscanos.org.br\/noticias\/wp-json\/wp\/v2\/users\/3"}],"replies":[{"embeddable":true,"href":"https:\/\/franciscanos.org.br\/noticias\/wp-json\/wp\/v2\/comments?post=237240"}],"version-history":[{"count":1,"href":"https:\/\/franciscanos.org.br\/noticias\/wp-json\/wp\/v2\/posts\/237240\/revisions"}],"predecessor-version":[{"id":237242,"href":"https:\/\/franciscanos.org.br\/noticias\/wp-json\/wp\/v2\/posts\/237240\/revisions\/237242"}],"wp:featuredmedia":[{"embeddable":true,"href":"https:\/\/franciscanos.org.br\/noticias\/wp-json\/wp\/v2\/media\/237241"}],"wp:attachment":[{"href":"https:\/\/franciscanos.org.br\/noticias\/wp-json\/wp\/v2\/media?parent=237240"}],"wp:term":[{"taxonomy":"category","embeddable":true,"href":"https:\/\/franciscanos.org.br\/noticias\/wp-json\/wp\/v2\/categories?post=237240"},{"taxonomy":"post_tag","embeddable":true,"href":"https:\/\/franciscanos.org.br\/noticias\/wp-json\/wp\/v2\/tags?post=237240"}],"curies":[{"name":"wp","href":"https:\/\/api.w.org\/{rel}","templated":true}]}}