{"id":237216,"date":"2022-04-12T15:22:37","date_gmt":"2022-04-12T18:22:37","guid":{"rendered":"https:\/\/franciscanos.org.br\/noticias\/?p=237216"},"modified":"2022-04-12T15:22:37","modified_gmt":"2022-04-12T18:22:37","slug":"mensagem-do-ministro-provincial-para-a-pascoa-3","status":"publish","type":"post","link":"https:\/\/franciscanos.org.br\/noticias\/mensagem-do-ministro-provincial-para-a-pascoa-3.html","title":{"rendered":"Mensagem do Ministro Provincial para a P\u00e1scoa"},"content":{"rendered":"<div id=\"attachment_237217\" style=\"width: 1290px\" class=\"wp-caption alignnone\"><img aria-describedby=\"caption-attachment-237217\" loading=\"lazy\" class=\"wp-image-237217 size-full\" src=\"https:\/\/franciscanos.org.br\/noticias\/wp-content\/uploads\/2022\/04\/mensagem_1204.jpg\" alt=\"\" width=\"1280\" height=\"720\" srcset=\"https:\/\/franciscanos.org.br\/noticias\/wp-content\/uploads\/2022\/04\/mensagem_1204.jpg 1280w, https:\/\/franciscanos.org.br\/noticias\/wp-content\/uploads\/2022\/04\/mensagem_1204-450x253.jpg 450w, https:\/\/franciscanos.org.br\/noticias\/wp-content\/uploads\/2022\/04\/mensagem_1204-1024x576.jpg 1024w, https:\/\/franciscanos.org.br\/noticias\/wp-content\/uploads\/2022\/04\/mensagem_1204-768x432.jpg 768w, https:\/\/franciscanos.org.br\/noticias\/wp-content\/uploads\/2022\/04\/mensagem_1204-150x84.jpg 150w\" sizes=\"(max-width: 1280px) 100vw, 1280px\" \/><p id=\"caption-attachment-237217\" class=\"wp-caption-text\">\u00a0 \u00a0 \u00a0 \u00a0 \u00a0 \u00a0 \u00a0 \u00a0 \u00a0 \u00a0 \u00a0 \u00a0 \u00a0 \u00a0 \u00a0 \u00a0 \u00a0 \u00a0 \u00a0 \u00a0 \u00a0 \u00a0 \u00a0 \u00a0 \u00a0 \u00a0 \u00a0 \u00a0 \u00a0 \u00a0 \u00a0 \u00a0 \u00a0 \u00a0 \u00a0 \u00a0 \u00a0 \u00a0 \u00a0 \u00a0 \u00a0 \u00a0 \u00a0 \u00a0 \u00a0 \u00a0 \u00a0 \u00a0 \u00a0 \u00a0 \u00a0 \u00a0 \u00a0 \u00a0 \u00a0 \u00a0 \u00a0 \u00a0 \u00a0 \u00a0 \u00a0 \u00a0 \u00a0 \u00a0 \u00a0 \u00a0 \u00a0 \u00a0 \u00a0 \u00a0 \u00a0 \u00a0 \u00a0 <em>\u00a0 Imagem: Catholic Picture<\/em>s (<a href=\"https:\/\/www.cathopic.com\">https:\/\/www.cathopic.com<\/a>)<\/p><\/div>\n<h3><strong>\u201cEu vi o Senhor\u201d<\/strong><\/h3>\n<p>Movido por viva esperan\u00e7a me dirijo a voc\u00ea, minha irm\u00e3, meu irm\u00e3o, que viveu os \u00faltimos quarenta dias com o firme prop\u00f3sito de vencer o des\u00e2nimo e a desconfian\u00e7a, de abastecer-se de vigor, de firmar o passo e de seguir sendo fiel testemunha da ressurrei\u00e7\u00e3o do Senhor. A certeza de que, como diz o te\u00f3logo \u201cn\u00e3o nascemos para morrer, mas morremos para ressuscitar\u201d (L. Boff) nos fez viver a Quarema e nos prepara para acolher, com gratid\u00e3o, o an\u00fancio da ressurrei\u00e7\u00e3o de Jesus; dele como prim\u00edcias, e nossa por gra\u00e7a de Deus (cf. 1Cor 15,20-22) e pela fidelidade cultivada ao longo da exist\u00eancia.<\/p>\n<p>Partilhamos votos de P\u00e1scoa Feliz. Hoje, mais que nunca, necessitamos de P\u00e1scoa Feliz. Este desejo ser\u00e1 realiza\u00e7\u00e3o na medida em que, por op\u00e7\u00f5es e atitudes, o ser humano pautar sua exist\u00eancia no prop\u00f3sito fiel de fazer-se disc\u00edpulo de Jesus Cristo. Disc\u00edpulos e disc\u00edpulas que querem testemunhar a vida plena num mundo onde grassa a morte empunhando a bandeira do descaso e da indiferen\u00e7a, da ambi\u00e7\u00e3o e viol\u00eancia, do orgulho e prepot\u00eancia&#8230; mundo chagado, mundo que condena \u00e0 morte os mais fr\u00e1geis e os pobres.<\/p>\n<p>O Evangelho de Jo\u00e3o narra o epis\u00f3dio em que Maria Madalena, Jo\u00e3o e Pedro v\u00e3o ao sepulcro e o encontram vazio. A partir da experi\u00eancia dos disc\u00edpulos de ontem, podemos aprender o modo de viver o discipulado hoje. Maria Madalena deseja reencontrar-se com seu amado. Com os olhos turvados pela desilus\u00e3o, pela tristeza da separa\u00e7\u00e3o, vai ao sepulcro de madrugada, ainda escuro. Privada da claridade, num primeiro momento, s\u00f3 consegue enxergar a pedra removida.<\/p>\n<p>O disc\u00edpulo amado tamb\u00e9m precisa de tempo at\u00e9 ver com limpidez. Chega ao t\u00famulo correndo depressa, v\u00ea mais do que a pedra removida. O texto diz que viu as faixas de linho dobradas. Mas faltou-lhe o passo decisivo: entrar. Quando, certamente estimulado pelo \u00edmpeto de Sim\u00e3o Pedro que havia visto a pedra removida, os panos de linho dobrados e havia tamb\u00e9m entrado, ent\u00e3o houve o pleno entendimento daquilo que dizia a escritura, \u201csegundo a qual ele devia ressuscitar dos mortos\u201d (cf. Jo 20,9).<\/p>\n<p>O evangelista continua a narra\u00e7\u00e3o dizendo que os disc\u00edpulos voltaram para casa e Maria Madalena permaneceu nas proximidades do sepulcro. Tal decis\u00e3o valeu-lhe o di\u00e1logo mais eloquente, desejado por todo disc\u00edpulo, em todos os tempos: \u201cPor que choras? A quem procuras?\u201d Era Ele, o Mestre fiel; como prometera, vencedor da morte; Ressuscitado.<\/p>\n<p>Maria Madalena \u00e9 a s\u00edntese do itiner\u00e1rio virtuoso de todos os que se deixam encantar com as palavras do Mestre e, apesar de tantas fragilidades, ousam seguir seus passos. Ela viu a pedra removida, aproximou-se para atestar o t\u00famulo vazio, permaneceu nas proximidades do sepulcro, ouviu a voz que a chamara, creu e, por fim, saiu a anunciar.<\/p>\n<p>Em meio a tantas condena\u00e7\u00f5es injustas, a tanto flagelo, tantas chagas e cruzes, a P\u00e1scoa de Jesus nos convoca a reassumir com renovado vigor a intimidade com o Senhor, nosso Mestre fiel, nosso amado. Se, como Maria Madalena, permanecermos fi\u00e9is e insistirmos em buscar o Senhor, ainda que n\u00e3o enxerguemos com clareza, tamb\u00e9m teremos a gra\u00e7a daquele encontro transformador no jardim e nos tornaremos anunciadores da vit\u00f3ria da vida sobre a morte. An\u00fancio que traduz a quietude desejada pelo cora\u00e7\u00e3o humano.<\/p>\n<p>Feliz P\u00e1scoa! Paz e Bem.<\/p>\n<p><strong>FREI PAULO ROBERTO PEREIRA, OFM<\/strong><br \/>\n<em>MINISTRO PROVINCIAL<\/em><br \/>\n<strong>PROV\u00cdNCIA FRANCISCANA DA IMACULADA CONCEI\u00c7\u00c3O DO BRASIL<\/strong><\/p>\n","protected":false},"excerpt":{"rendered":"<p>Mensagem da P\u00e1scoa<\/p>\n","protected":false},"author":3,"featured_media":237217,"comment_status":"open","ping_status":"open","sticky":false,"template":"","format":"standard","meta":[],"categories":[1],"tags":[1179],"acf":[],"yoast_head":"<!-- This site is optimized with the Yoast SEO plugin v19.2 - https:\/\/yoast.com\/wordpress\/plugins\/seo\/ -->\n<title>Mensagem do Ministro Provincial para a P\u00e1scoa - Not\u00edcias - Franciscanos<\/title>\n<meta name=\"robots\" content=\"index, follow, max-snippet:-1, max-image-preview:large, max-video-preview:-1\" \/>\n<link rel=\"canonical\" href=\"https:\/\/franciscanos.org.br\/noticias\/mensagem-do-ministro-provincial-para-a-pascoa-3.html\" \/>\n<meta property=\"og:locale\" content=\"pt_BR\" \/>\n<meta property=\"og:type\" content=\"article\" \/>\n<meta property=\"og:title\" content=\"Mensagem do Ministro Provincial para a P\u00e1scoa - Not\u00edcias - Franciscanos\" \/>\n<meta property=\"og:description\" content=\"Mensagem da P\u00e1scoa\" \/>\n<meta property=\"og:url\" content=\"https:\/\/franciscanos.org.br\/noticias\/mensagem-do-ministro-provincial-para-a-pascoa-3.html\" \/>\n<meta property=\"og:site_name\" content=\"Not\u00edcias - Franciscanos\" \/>\n<meta property=\"article:published_time\" content=\"2022-04-12T18:22:37+00:00\" \/>\n<meta property=\"og:image\" content=\"https:\/\/franciscanos.org.br\/noticias\/wp-content\/uploads\/2022\/04\/mensagem_1204.jpg\" \/>\n\t<meta property=\"og:image:width\" content=\"1280\" \/>\n\t<meta property=\"og:image:height\" content=\"720\" \/>\n\t<meta property=\"og:image:type\" content=\"image\/jpeg\" \/>\n<meta name=\"author\" content=\"moacir\" \/>\n<meta name=\"twitter:card\" content=\"summary_large_image\" \/>\n<meta name=\"twitter:label1\" content=\"Escrito por\" \/>\n\t<meta name=\"twitter:data1\" content=\"moacir\" \/>\n\t<meta name=\"twitter:label2\" content=\"Est. tempo de leitura\" \/>\n\t<meta name=\"twitter:data2\" content=\"3 minutos\" \/>\n<script type=\"application\/ld+json\" class=\"yoast-schema-graph\">{\"@context\":\"https:\/\/schema.org\",\"@graph\":[{\"@type\":\"WebSite\",\"@id\":\"https:\/\/franciscanos.org.br\/noticias\/#website\",\"url\":\"https:\/\/franciscanos.org.br\/noticias\/\",\"name\":\"Not\u00edcias - Franciscanos\",\"description\":\"Prov\u00edncia Franciscana da Imaculada Concei\u00e7\u00e3o do Brasil - Ordem dos Frades Menores - OFM\",\"potentialAction\":[{\"@type\":\"SearchAction\",\"target\":{\"@type\":\"EntryPoint\",\"urlTemplate\":\"https:\/\/franciscanos.org.br\/noticias\/?s={search_term_string}\"},\"query-input\":\"required name=search_term_string\"}],\"inLanguage\":\"pt-BR\"},{\"@type\":\"ImageObject\",\"inLanguage\":\"pt-BR\",\"@id\":\"https:\/\/franciscanos.org.br\/noticias\/mensagem-do-ministro-provincial-para-a-pascoa-3.html#primaryimage\",\"url\":\"https:\/\/franciscanos.org.br\/noticias\/wp-content\/uploads\/2022\/04\/mensagem_1204.jpg\",\"contentUrl\":\"https:\/\/franciscanos.org.br\/noticias\/wp-content\/uploads\/2022\/04\/mensagem_1204.jpg\",\"width\":1280,\"height\":720,\"caption\":\"All-focus\"},{\"@type\":\"WebPage\",\"@id\":\"https:\/\/franciscanos.org.br\/noticias\/mensagem-do-ministro-provincial-para-a-pascoa-3.html#webpage\",\"url\":\"https:\/\/franciscanos.org.br\/noticias\/mensagem-do-ministro-provincial-para-a-pascoa-3.html\",\"name\":\"Mensagem do Ministro Provincial para a P\u00e1scoa - Not\u00edcias - Franciscanos\",\"isPartOf\":{\"@id\":\"https:\/\/franciscanos.org.br\/noticias\/#website\"},\"primaryImageOfPage\":{\"@id\":\"https:\/\/franciscanos.org.br\/noticias\/mensagem-do-ministro-provincial-para-a-pascoa-3.html#primaryimage\"},\"datePublished\":\"2022-04-12T18:22:37+00:00\",\"dateModified\":\"2022-04-12T18:22:37+00:00\",\"author\":{\"@id\":\"https:\/\/franciscanos.org.br\/noticias\/#\/schema\/person\/b5c8cba458c330ccff548b056e95a5d4\"},\"breadcrumb\":{\"@id\":\"https:\/\/franciscanos.org.br\/noticias\/mensagem-do-ministro-provincial-para-a-pascoa-3.html#breadcrumb\"},\"inLanguage\":\"pt-BR\",\"potentialAction\":[{\"@type\":\"ReadAction\",\"target\":[\"https:\/\/franciscanos.org.br\/noticias\/mensagem-do-ministro-provincial-para-a-pascoa-3.html\"]}]},{\"@type\":\"BreadcrumbList\",\"@id\":\"https:\/\/franciscanos.org.br\/noticias\/mensagem-do-ministro-provincial-para-a-pascoa-3.html#breadcrumb\",\"itemListElement\":[{\"@type\":\"ListItem\",\"position\":1,\"name\":\"Home\",\"item\":\"https:\/\/franciscanos.org.br\/noticias\"},{\"@type\":\"ListItem\",\"position\":2,\"name\":\"Mensagem do Ministro Provincial para a P\u00e1scoa\"}]},{\"@type\":\"Person\",\"@id\":\"https:\/\/franciscanos.org.br\/noticias\/#\/schema\/person\/b5c8cba458c330ccff548b056e95a5d4\",\"name\":\"moacir\",\"image\":{\"@type\":\"ImageObject\",\"inLanguage\":\"pt-BR\",\"@id\":\"https:\/\/franciscanos.org.br\/noticias\/#\/schema\/person\/image\/\",\"url\":\"https:\/\/secure.gravatar.com\/avatar\/d08aa2ce4c8dd416d4479aa8536fcf64?s=96&d=mm&r=g\",\"contentUrl\":\"https:\/\/secure.gravatar.com\/avatar\/d08aa2ce4c8dd416d4479aa8536fcf64?s=96&d=mm&r=g\",\"caption\":\"moacir\"},\"url\":\"https:\/\/franciscanos.org.br\/noticias\/author\/moacir\"}]}<\/script>\n<!-- \/ Yoast SEO plugin. -->","yoast_head_json":{"title":"Mensagem do Ministro Provincial para a P\u00e1scoa - Not\u00edcias - Franciscanos","robots":{"index":"index","follow":"follow","max-snippet":"max-snippet:-1","max-image-preview":"max-image-preview:large","max-video-preview":"max-video-preview:-1"},"canonical":"https:\/\/franciscanos.org.br\/noticias\/mensagem-do-ministro-provincial-para-a-pascoa-3.html","og_locale":"pt_BR","og_type":"article","og_title":"Mensagem do Ministro Provincial para a P\u00e1scoa - Not\u00edcias - Franciscanos","og_description":"Mensagem da P\u00e1scoa","og_url":"https:\/\/franciscanos.org.br\/noticias\/mensagem-do-ministro-provincial-para-a-pascoa-3.html","og_site_name":"Not\u00edcias - Franciscanos","article_published_time":"2022-04-12T18:22:37+00:00","og_image":[{"width":1280,"height":720,"url":"https:\/\/franciscanos.org.br\/noticias\/wp-content\/uploads\/2022\/04\/mensagem_1204.jpg","type":"image\/jpeg"}],"author":"moacir","twitter_card":"summary_large_image","twitter_misc":{"Escrito por":"moacir","Est. tempo de leitura":"3 minutos"},"schema":{"@context":"https:\/\/schema.org","@graph":[{"@type":"WebSite","@id":"https:\/\/franciscanos.org.br\/noticias\/#website","url":"https:\/\/franciscanos.org.br\/noticias\/","name":"Not\u00edcias - Franciscanos","description":"Prov\u00edncia Franciscana da Imaculada Concei\u00e7\u00e3o do Brasil - Ordem dos Frades Menores - OFM","potentialAction":[{"@type":"SearchAction","target":{"@type":"EntryPoint","urlTemplate":"https:\/\/franciscanos.org.br\/noticias\/?s={search_term_string}"},"query-input":"required name=search_term_string"}],"inLanguage":"pt-BR"},{"@type":"ImageObject","inLanguage":"pt-BR","@id":"https:\/\/franciscanos.org.br\/noticias\/mensagem-do-ministro-provincial-para-a-pascoa-3.html#primaryimage","url":"https:\/\/franciscanos.org.br\/noticias\/wp-content\/uploads\/2022\/04\/mensagem_1204.jpg","contentUrl":"https:\/\/franciscanos.org.br\/noticias\/wp-content\/uploads\/2022\/04\/mensagem_1204.jpg","width":1280,"height":720,"caption":"All-focus"},{"@type":"WebPage","@id":"https:\/\/franciscanos.org.br\/noticias\/mensagem-do-ministro-provincial-para-a-pascoa-3.html#webpage","url":"https:\/\/franciscanos.org.br\/noticias\/mensagem-do-ministro-provincial-para-a-pascoa-3.html","name":"Mensagem do Ministro Provincial para a P\u00e1scoa - Not\u00edcias - Franciscanos","isPartOf":{"@id":"https:\/\/franciscanos.org.br\/noticias\/#website"},"primaryImageOfPage":{"@id":"https:\/\/franciscanos.org.br\/noticias\/mensagem-do-ministro-provincial-para-a-pascoa-3.html#primaryimage"},"datePublished":"2022-04-12T18:22:37+00:00","dateModified":"2022-04-12T18:22:37+00:00","author":{"@id":"https:\/\/franciscanos.org.br\/noticias\/#\/schema\/person\/b5c8cba458c330ccff548b056e95a5d4"},"breadcrumb":{"@id":"https:\/\/franciscanos.org.br\/noticias\/mensagem-do-ministro-provincial-para-a-pascoa-3.html#breadcrumb"},"inLanguage":"pt-BR","potentialAction":[{"@type":"ReadAction","target":["https:\/\/franciscanos.org.br\/noticias\/mensagem-do-ministro-provincial-para-a-pascoa-3.html"]}]},{"@type":"BreadcrumbList","@id":"https:\/\/franciscanos.org.br\/noticias\/mensagem-do-ministro-provincial-para-a-pascoa-3.html#breadcrumb","itemListElement":[{"@type":"ListItem","position":1,"name":"Home","item":"https:\/\/franciscanos.org.br\/noticias"},{"@type":"ListItem","position":2,"name":"Mensagem do Ministro Provincial para a P\u00e1scoa"}]},{"@type":"Person","@id":"https:\/\/franciscanos.org.br\/noticias\/#\/schema\/person\/b5c8cba458c330ccff548b056e95a5d4","name":"moacir","image":{"@type":"ImageObject","inLanguage":"pt-BR","@id":"https:\/\/franciscanos.org.br\/noticias\/#\/schema\/person\/image\/","url":"https:\/\/secure.gravatar.com\/avatar\/d08aa2ce4c8dd416d4479aa8536fcf64?s=96&d=mm&r=g","contentUrl":"https:\/\/secure.gravatar.com\/avatar\/d08aa2ce4c8dd416d4479aa8536fcf64?s=96&d=mm&r=g","caption":"moacir"},"url":"https:\/\/franciscanos.org.br\/noticias\/author\/moacir"}]}},"_links":{"self":[{"href":"https:\/\/franciscanos.org.br\/noticias\/wp-json\/wp\/v2\/posts\/237216"}],"collection":[{"href":"https:\/\/franciscanos.org.br\/noticias\/wp-json\/wp\/v2\/posts"}],"about":[{"href":"https:\/\/franciscanos.org.br\/noticias\/wp-json\/wp\/v2\/types\/post"}],"author":[{"embeddable":true,"href":"https:\/\/franciscanos.org.br\/noticias\/wp-json\/wp\/v2\/users\/3"}],"replies":[{"embeddable":true,"href":"https:\/\/franciscanos.org.br\/noticias\/wp-json\/wp\/v2\/comments?post=237216"}],"version-history":[{"count":1,"href":"https:\/\/franciscanos.org.br\/noticias\/wp-json\/wp\/v2\/posts\/237216\/revisions"}],"predecessor-version":[{"id":237218,"href":"https:\/\/franciscanos.org.br\/noticias\/wp-json\/wp\/v2\/posts\/237216\/revisions\/237218"}],"wp:featuredmedia":[{"embeddable":true,"href":"https:\/\/franciscanos.org.br\/noticias\/wp-json\/wp\/v2\/media\/237217"}],"wp:attachment":[{"href":"https:\/\/franciscanos.org.br\/noticias\/wp-json\/wp\/v2\/media?parent=237216"}],"wp:term":[{"taxonomy":"category","embeddable":true,"href":"https:\/\/franciscanos.org.br\/noticias\/wp-json\/wp\/v2\/categories?post=237216"},{"taxonomy":"post_tag","embeddable":true,"href":"https:\/\/franciscanos.org.br\/noticias\/wp-json\/wp\/v2\/tags?post=237216"}],"curies":[{"name":"wp","href":"https:\/\/api.w.org\/{rel}","templated":true}]}}