{"id":237202,"date":"2022-04-10T08:10:51","date_gmt":"2022-04-10T11:10:51","guid":{"rendered":"https:\/\/franciscanos.org.br\/noticias\/?p=237202"},"modified":"2022-04-10T08:10:51","modified_gmt":"2022-04-10T11:10:51","slug":"papa-na-loucura-da-guerra-cristo-volta-a-ser-crucificado","status":"publish","type":"post","link":"https:\/\/franciscanos.org.br\/noticias\/papa-na-loucura-da-guerra-cristo-volta-a-ser-crucificado.html","title":{"rendered":"Papa: na loucura da guerra, Cristo volta a ser crucificado"},"content":{"rendered":"<div id=\"attachment_237203\" style=\"width: 1510px\" class=\"wp-caption alignnone\"><img aria-describedby=\"caption-attachment-237203\" loading=\"lazy\" class=\"wp-image-237203 size-full\" src=\"https:\/\/franciscanos.org.br\/noticias\/wp-content\/uploads\/2022\/04\/ramos_05.jpeg\" alt=\"\" width=\"1500\" height=\"844\" srcset=\"https:\/\/franciscanos.org.br\/noticias\/wp-content\/uploads\/2022\/04\/ramos_05.jpeg 1500w, https:\/\/franciscanos.org.br\/noticias\/wp-content\/uploads\/2022\/04\/ramos_05-450x253.jpeg 450w, https:\/\/franciscanos.org.br\/noticias\/wp-content\/uploads\/2022\/04\/ramos_05-1024x576.jpeg 1024w, https:\/\/franciscanos.org.br\/noticias\/wp-content\/uploads\/2022\/04\/ramos_05-768x432.jpeg 768w, https:\/\/franciscanos.org.br\/noticias\/wp-content\/uploads\/2022\/04\/ramos_05-150x84.jpeg 150w\" sizes=\"(max-width: 1500px) 100vw, 1500px\" \/><p id=\"caption-attachment-237203\" class=\"wp-caption-text\">\u00a0 \u00a0 \u00a0 \u00a0 \u00a0 \u00a0 \u00a0 \u00a0 \u00a0 \u00a0 \u00a0 \u00a0 \u00a0 \u00a0 \u00a0 \u00a0 \u00a0 \u00a0 \u00a0 \u00a0 \u00a0 \u00a0 \u00a0 \u00a0 \u00a0 \u00a0 \u00a0 \u00a0 \u00a0 \u00a0 \u00a0 \u00a0 \u00a0 \u00a0 \u00a0 \u00a0 \u00a0 \u00a0 \u00a0 \u00a0 \u00a0 \u00a0 \u00a0 \u00a0 \u00a0 \u00a0 \u00a0 \u00a0 \u00a0 \u00a0 \u00a0 \u00a0 \u00a0 \u00a0 \u00a0 \u00a0 \u00a0 \u00a0 \u00a0 \u00a0 \u00a0<em> \u00a0 \u00a0 \u00a0 Imagens: Vatican Media<\/em><\/p><\/div>\n<p>Depois de dois anos, a Pra\u00e7a S\u00e3o Pedro voltou a abrigar uma missa na presen\u00e7a de milhares de fi\u00e9is. O Domingo de Ramos inaugura a Semana Santa e a prociss\u00e3o que recorda a entrada triunfal de Jesus em Jerusal\u00e9m foi realizada segundo a tradi\u00e7\u00e3o, no obelisco no centro da Pra\u00e7a. O Papa Francisco ouviu a narra\u00e7\u00e3o do Evangelho de Lucas e aguardou do palco a chegada dos cardeais e bispos carregando os ramos de oliveira.<\/p>\n<p><strong>\u201cSalva-te a ti mesmo\u201d, o refr\u00e3o da humanidade<\/strong><br \/>\nJ\u00e1 na sua homilia, comentou o Evangelho da Paix\u00e3o do Senhor. Em especial, uma frase repetida como um refr\u00e3o: \u201cSalva-te a ti mesmo\u201d.<\/p>\n<p>No calv\u00e1rio, confrontam-se duas mentalidades, disse o Papa: a de Deus e a do mundo: \u201cSalvar-se a si mesmo, olhar por si mesmo, pensar em si mesmo; (&#8230;) ter, poder e aparecer. Salva-te a ti mesmo \u00e9 o refr\u00e3o da humanidade, que crucificou o Senhor.\u201d<\/p>\n<p>Mas \u00e0 mentalidade do \u201ceu\u201d, op\u00f5e-se a de Deus; o &#8220;salva-te a ti mesmo&#8221; se transforma em oferecer-se a Si mesmo. Em nenhum momento, Jesus reivindica qualquer coisa para Si. Pelo contr\u00e1rio, diz: \u201cPerdoa-lhes, Pai\u201d. E pronuncia estas palavras no momento da crucifix\u00e3o, quando sente os cravos perfurar seus pulsos e p\u00e9s.<\/p>\n<p>\u00c9 assim que Deus procede conosco, explicou Francisco. Quando Lhe provocamos dor com as nossas a\u00e7\u00f5es, Ele sofre e o \u00fanico desejo que tem \u00e9 poder perdoar-nos. Para entender isto, \u00e9 preciso contemplar o Crucificado. \u00c9 das suas chagas que brota o perd\u00e3o.<\/p>\n<p><strong>O amor aos inimigos: o mandamento mais dif\u00edcil<\/strong><br \/>\nNo momento da crucifica\u00e7\u00e3o, prosseguiu o Papa, Jesus vive o seu mandamento mais dif\u00edcil: o amor aos inimigos. Jesus nos ensina a romper o c\u00edrculo vicioso do mal, mas n\u00f3s, disc\u00edpulos, \u201cseguimos o Mestre ou o nosso instinto rancoroso? Se queremos verificar a nossa perten\u00e7a a Cristo, vejamos como nos comportamos com quem nos feriu\u201d.<\/p>\n<p>Ao pedir perd\u00e3o ao Pai, Jesus acrescenta uma frase: \u201cporque n\u00e3o sabem o que fazem\u201d. Ele \u00e9 o nosso advogado, n\u00e3o Se coloca contra n\u00f3s, mas por n\u00f3s contra o nosso pecado. \u201cN\u00e3o sabem o que fazem\u201d quem usa a viol\u00eancia, quem comete absurdas crueldades.<\/p>\n<p>\u201cVemo-lo na loucura da guerra, onde se torna a crucificar Cristo. Sim, Cristo \u00e9 pregado na cruz mais uma vez nas m\u00e3es que choram a morte injusta de maridos e filhos. \u00c9 crucificado nos refugiados que fogem das bombas com os meninos no bra\u00e7o. \u00c9 crucificado nos idosos deixados sozinhos a morrer, nos jovens privados de futuro, nos soldados mandados a matar os seus irm\u00e3os.\u201d<\/p>\n<p>O Papa concluiu convidando os fi\u00e9is, nesta Semana Santa, a se abrirem \u00e0 certeza de que Deus pode perdoar todo pecado, \u00e0 certeza de que, com Jesus, h\u00e1 sempre lugar para mais um.<\/p>\n<p>\u201cNunca \u00e9 tarde demais; com Deus, sempre se pode voltar a viver. Coragem! Caminhemos para a P\u00e1scoa com o seu perd\u00e3o. Porque Cristo intercede continuamente por n\u00f3s junto do Pai (cf. Heb 7, 25) e, olhando para o nosso mundo violento e ferido, n\u00e3o Se cansa de repetir: Perdoa-lhes, Pai, porque n\u00e3o sabem o que fazem.\u201d<\/p>\n<p><img loading=\"lazy\" class=\"alignnone wp-image-237204 size-full\" src=\"https:\/\/franciscanos.org.br\/noticias\/wp-content\/uploads\/2022\/04\/ramos_04.jpeg\" alt=\"\" width=\"1500\" height=\"844\" srcset=\"https:\/\/franciscanos.org.br\/noticias\/wp-content\/uploads\/2022\/04\/ramos_04.jpeg 1500w, https:\/\/franciscanos.org.br\/noticias\/wp-content\/uploads\/2022\/04\/ramos_04-450x253.jpeg 450w, https:\/\/franciscanos.org.br\/noticias\/wp-content\/uploads\/2022\/04\/ramos_04-1024x576.jpeg 1024w, https:\/\/franciscanos.org.br\/noticias\/wp-content\/uploads\/2022\/04\/ramos_04-768x432.jpeg 768w, https:\/\/franciscanos.org.br\/noticias\/wp-content\/uploads\/2022\/04\/ramos_04-150x84.jpeg 150w\" sizes=\"(max-width: 1500px) 100vw, 1500px\" \/><\/p>\n<hr \/>\n<p><strong>ANGELUS<\/strong><\/p>\n<p><strong>Guerra na Ucr\u00e2nia: Francisco pede uma &#8220;tr\u00e9gua pascal&#8221;<\/strong><\/p>\n<p>Uma \u201ctr\u00e9gua pascal\u201d: foi o que pediu o Papa Francisco ao final da missa do Domingo de Ramos, antes de rezar o Angelus com os fi\u00e9is reunidos na Pra\u00e7a S\u00e3o Pedro.<\/p>\n<p>Ao nos dirigir a Nossa Senhora, disse o Pont\u00edfice, recordamos o que o Anjo do Senhor disse a Maria na Anuncia\u00e7\u00e3o: \u201cNada \u00e9 imposs\u00edvel a Deus\u201d.<\/p>\n<p>\u201cNada \u00e9 imposs\u00edvel a Deus, repetiu o Papa, inclusive fazer cessar uma guerra da qual n\u00e3o se v\u00ea o fim, uma guerra que todos os dias nos coloca diante dos olhos massacres hediondos e atrozes crueldades realizados contra civis inermes. Rezemos por esta inten\u00e7\u00e3o.\u201d<\/p>\n<p>Estamos nos dias que precedem a P\u00e1scoa, disse ainda o Pont\u00edfice, ou seja, nos preparamos para celebrar a vit\u00f3ria de Jesus sobre o pecado e a morte e n\u00e3o contra algu\u00e9m.<\/p>\n<p>\u201cMas hoje h\u00e1 a guerra, porque se quer vencer assim, de maneira mundana, mas assim somente se perde. Por que n\u00e3o deixar que Ele ven\u00e7a? Cristo carregou a cruz para nos libertar do dom\u00ednio do mal, morreu para que reine a vida, o amor e a paz.\u201d<\/p>\n<p>E fez seu en\u00e9simo apelo:\u00a0\u201cDeponham-se as armas, se inicie uma tr\u00e9gua pascal, mas n\u00e3o para recarregar as armas e retomar o combate, n\u00e3o! Uma tr\u00e9gua para se chegar \u00e0 paz atrav\u00e9s de uma verdadeira negocia\u00e7\u00e3o, dispon\u00edveis tamb\u00e9m a qualquer sacrif\u00edcio pelo bem das pessoas. Com efeito, que vit\u00f3ria ser\u00e1 aquela que fincar\u00e1 uma bandeira sobre um ac\u00famulo de escombros? Nada \u00e9 imposs\u00edvel a Deus. A Ele confiamos por intercess\u00e3o da Virgem Maria.\u201d<\/p>\n<p><strong>A ora\u00e7\u00e3o do Papa pelos peruanos<\/strong><br \/>\nAntes da ora\u00e7\u00e3o mariana, o Pont\u00edfice saudou os peregrinos oriundos de v\u00e1rios pa\u00edses e quem acompanhou a cerim\u00f4nia atrav\u00e9s dos meios de comunica\u00e7\u00e3o. Em especial, saudou \u201co querido povo do Peru\u201d, que est\u00e1 atravessando um dif\u00edcil momento de tens\u00e3o social. Francisco garantiu sua ora\u00e7\u00e3o, fazendo votos de que todas as partes encontrem o mais r\u00e1pido poss\u00edvel uma solu\u00e7\u00e3o pac\u00edfica pelo bem do pa\u00eds.<\/p>\n<hr \/>\n<p><em>Fonte: Vatican News (texto de Bianca Fraccalvieri)<\/em><\/p>\n","protected":false},"excerpt":{"rendered":"<p>Missa de Domingo de Ramos e da Paix\u00e3o do Senhor<\/p>\n","protected":false},"author":3,"featured_media":237203,"comment_status":"open","ping_status":"open","sticky":false,"template":"","format":"standard","meta":[],"categories":[1428],"tags":[1432],"acf":[],"yoast_head":"<!-- This site is optimized with the Yoast SEO plugin v19.2 - https:\/\/yoast.com\/wordpress\/plugins\/seo\/ -->\n<title>Papa: na loucura da guerra, Cristo volta a ser crucificado - Not\u00edcias - Franciscanos<\/title>\n<meta name=\"robots\" content=\"index, follow, max-snippet:-1, max-image-preview:large, max-video-preview:-1\" \/>\n<link rel=\"canonical\" href=\"https:\/\/franciscanos.org.br\/noticias\/papa-na-loucura-da-guerra-cristo-volta-a-ser-crucificado.html\" \/>\n<meta property=\"og:locale\" content=\"pt_BR\" \/>\n<meta property=\"og:type\" content=\"article\" \/>\n<meta property=\"og:title\" content=\"Papa: na loucura da guerra, Cristo volta a ser crucificado - Not\u00edcias - Franciscanos\" \/>\n<meta property=\"og:description\" content=\"Missa de Domingo de Ramos e da Paix\u00e3o do Senhor\" \/>\n<meta property=\"og:url\" content=\"https:\/\/franciscanos.org.br\/noticias\/papa-na-loucura-da-guerra-cristo-volta-a-ser-crucificado.html\" \/>\n<meta property=\"og:site_name\" content=\"Not\u00edcias - Franciscanos\" \/>\n<meta property=\"article:published_time\" content=\"2022-04-10T11:10:51+00:00\" \/>\n<meta property=\"og:image\" content=\"https:\/\/franciscanos.org.br\/noticias\/wp-content\/uploads\/2022\/04\/ramos_05.jpeg\" \/>\n\t<meta property=\"og:image:width\" content=\"1500\" \/>\n\t<meta property=\"og:image:height\" content=\"844\" \/>\n\t<meta property=\"og:image:type\" content=\"image\/jpeg\" \/>\n<meta name=\"author\" content=\"moacir\" \/>\n<meta name=\"twitter:card\" content=\"summary_large_image\" \/>\n<meta name=\"twitter:label1\" content=\"Escrito por\" \/>\n\t<meta name=\"twitter:data1\" content=\"moacir\" \/>\n\t<meta name=\"twitter:label2\" content=\"Est. tempo de leitura\" \/>\n\t<meta name=\"twitter:data2\" content=\"5 minutos\" \/>\n<script type=\"application\/ld+json\" class=\"yoast-schema-graph\">{\"@context\":\"https:\/\/schema.org\",\"@graph\":[{\"@type\":\"WebSite\",\"@id\":\"https:\/\/franciscanos.org.br\/noticias\/#website\",\"url\":\"https:\/\/franciscanos.org.br\/noticias\/\",\"name\":\"Not\u00edcias - Franciscanos\",\"description\":\"Prov\u00edncia Franciscana da Imaculada Concei\u00e7\u00e3o do Brasil - Ordem dos Frades Menores - OFM\",\"potentialAction\":[{\"@type\":\"SearchAction\",\"target\":{\"@type\":\"EntryPoint\",\"urlTemplate\":\"https:\/\/franciscanos.org.br\/noticias\/?s={search_term_string}\"},\"query-input\":\"required name=search_term_string\"}],\"inLanguage\":\"pt-BR\"},{\"@type\":\"ImageObject\",\"inLanguage\":\"pt-BR\",\"@id\":\"https:\/\/franciscanos.org.br\/noticias\/papa-na-loucura-da-guerra-cristo-volta-a-ser-crucificado.html#primaryimage\",\"url\":\"https:\/\/franciscanos.org.br\/noticias\/wp-content\/uploads\/2022\/04\/ramos_05.jpeg\",\"contentUrl\":\"https:\/\/franciscanos.org.br\/noticias\/wp-content\/uploads\/2022\/04\/ramos_05.jpeg\",\"width\":1500,\"height\":844},{\"@type\":\"WebPage\",\"@id\":\"https:\/\/franciscanos.org.br\/noticias\/papa-na-loucura-da-guerra-cristo-volta-a-ser-crucificado.html#webpage\",\"url\":\"https:\/\/franciscanos.org.br\/noticias\/papa-na-loucura-da-guerra-cristo-volta-a-ser-crucificado.html\",\"name\":\"Papa: na loucura da guerra, Cristo volta a ser crucificado - Not\u00edcias - Franciscanos\",\"isPartOf\":{\"@id\":\"https:\/\/franciscanos.org.br\/noticias\/#website\"},\"primaryImageOfPage\":{\"@id\":\"https:\/\/franciscanos.org.br\/noticias\/papa-na-loucura-da-guerra-cristo-volta-a-ser-crucificado.html#primaryimage\"},\"datePublished\":\"2022-04-10T11:10:51+00:00\",\"dateModified\":\"2022-04-10T11:10:51+00:00\",\"author\":{\"@id\":\"https:\/\/franciscanos.org.br\/noticias\/#\/schema\/person\/b5c8cba458c330ccff548b056e95a5d4\"},\"breadcrumb\":{\"@id\":\"https:\/\/franciscanos.org.br\/noticias\/papa-na-loucura-da-guerra-cristo-volta-a-ser-crucificado.html#breadcrumb\"},\"inLanguage\":\"pt-BR\",\"potentialAction\":[{\"@type\":\"ReadAction\",\"target\":[\"https:\/\/franciscanos.org.br\/noticias\/papa-na-loucura-da-guerra-cristo-volta-a-ser-crucificado.html\"]}]},{\"@type\":\"BreadcrumbList\",\"@id\":\"https:\/\/franciscanos.org.br\/noticias\/papa-na-loucura-da-guerra-cristo-volta-a-ser-crucificado.html#breadcrumb\",\"itemListElement\":[{\"@type\":\"ListItem\",\"position\":1,\"name\":\"Home\",\"item\":\"https:\/\/franciscanos.org.br\/noticias\"},{\"@type\":\"ListItem\",\"position\":2,\"name\":\"Papa: na loucura da guerra, Cristo volta a ser crucificado\"}]},{\"@type\":\"Person\",\"@id\":\"https:\/\/franciscanos.org.br\/noticias\/#\/schema\/person\/b5c8cba458c330ccff548b056e95a5d4\",\"name\":\"moacir\",\"image\":{\"@type\":\"ImageObject\",\"inLanguage\":\"pt-BR\",\"@id\":\"https:\/\/franciscanos.org.br\/noticias\/#\/schema\/person\/image\/\",\"url\":\"https:\/\/secure.gravatar.com\/avatar\/d08aa2ce4c8dd416d4479aa8536fcf64?s=96&d=mm&r=g\",\"contentUrl\":\"https:\/\/secure.gravatar.com\/avatar\/d08aa2ce4c8dd416d4479aa8536fcf64?s=96&d=mm&r=g\",\"caption\":\"moacir\"},\"url\":\"https:\/\/franciscanos.org.br\/noticias\/author\/moacir\"}]}<\/script>\n<!-- \/ Yoast SEO plugin. -->","yoast_head_json":{"title":"Papa: na loucura da guerra, Cristo volta a ser crucificado - Not\u00edcias - Franciscanos","robots":{"index":"index","follow":"follow","max-snippet":"max-snippet:-1","max-image-preview":"max-image-preview:large","max-video-preview":"max-video-preview:-1"},"canonical":"https:\/\/franciscanos.org.br\/noticias\/papa-na-loucura-da-guerra-cristo-volta-a-ser-crucificado.html","og_locale":"pt_BR","og_type":"article","og_title":"Papa: na loucura da guerra, Cristo volta a ser crucificado - Not\u00edcias - Franciscanos","og_description":"Missa de Domingo de Ramos e da Paix\u00e3o do Senhor","og_url":"https:\/\/franciscanos.org.br\/noticias\/papa-na-loucura-da-guerra-cristo-volta-a-ser-crucificado.html","og_site_name":"Not\u00edcias - Franciscanos","article_published_time":"2022-04-10T11:10:51+00:00","og_image":[{"width":1500,"height":844,"url":"https:\/\/franciscanos.org.br\/noticias\/wp-content\/uploads\/2022\/04\/ramos_05.jpeg","type":"image\/jpeg"}],"author":"moacir","twitter_card":"summary_large_image","twitter_misc":{"Escrito por":"moacir","Est. tempo de leitura":"5 minutos"},"schema":{"@context":"https:\/\/schema.org","@graph":[{"@type":"WebSite","@id":"https:\/\/franciscanos.org.br\/noticias\/#website","url":"https:\/\/franciscanos.org.br\/noticias\/","name":"Not\u00edcias - Franciscanos","description":"Prov\u00edncia Franciscana da Imaculada Concei\u00e7\u00e3o do Brasil - Ordem dos Frades Menores - OFM","potentialAction":[{"@type":"SearchAction","target":{"@type":"EntryPoint","urlTemplate":"https:\/\/franciscanos.org.br\/noticias\/?s={search_term_string}"},"query-input":"required name=search_term_string"}],"inLanguage":"pt-BR"},{"@type":"ImageObject","inLanguage":"pt-BR","@id":"https:\/\/franciscanos.org.br\/noticias\/papa-na-loucura-da-guerra-cristo-volta-a-ser-crucificado.html#primaryimage","url":"https:\/\/franciscanos.org.br\/noticias\/wp-content\/uploads\/2022\/04\/ramos_05.jpeg","contentUrl":"https:\/\/franciscanos.org.br\/noticias\/wp-content\/uploads\/2022\/04\/ramos_05.jpeg","width":1500,"height":844},{"@type":"WebPage","@id":"https:\/\/franciscanos.org.br\/noticias\/papa-na-loucura-da-guerra-cristo-volta-a-ser-crucificado.html#webpage","url":"https:\/\/franciscanos.org.br\/noticias\/papa-na-loucura-da-guerra-cristo-volta-a-ser-crucificado.html","name":"Papa: na loucura da guerra, Cristo volta a ser crucificado - Not\u00edcias - Franciscanos","isPartOf":{"@id":"https:\/\/franciscanos.org.br\/noticias\/#website"},"primaryImageOfPage":{"@id":"https:\/\/franciscanos.org.br\/noticias\/papa-na-loucura-da-guerra-cristo-volta-a-ser-crucificado.html#primaryimage"},"datePublished":"2022-04-10T11:10:51+00:00","dateModified":"2022-04-10T11:10:51+00:00","author":{"@id":"https:\/\/franciscanos.org.br\/noticias\/#\/schema\/person\/b5c8cba458c330ccff548b056e95a5d4"},"breadcrumb":{"@id":"https:\/\/franciscanos.org.br\/noticias\/papa-na-loucura-da-guerra-cristo-volta-a-ser-crucificado.html#breadcrumb"},"inLanguage":"pt-BR","potentialAction":[{"@type":"ReadAction","target":["https:\/\/franciscanos.org.br\/noticias\/papa-na-loucura-da-guerra-cristo-volta-a-ser-crucificado.html"]}]},{"@type":"BreadcrumbList","@id":"https:\/\/franciscanos.org.br\/noticias\/papa-na-loucura-da-guerra-cristo-volta-a-ser-crucificado.html#breadcrumb","itemListElement":[{"@type":"ListItem","position":1,"name":"Home","item":"https:\/\/franciscanos.org.br\/noticias"},{"@type":"ListItem","position":2,"name":"Papa: na loucura da guerra, Cristo volta a ser crucificado"}]},{"@type":"Person","@id":"https:\/\/franciscanos.org.br\/noticias\/#\/schema\/person\/b5c8cba458c330ccff548b056e95a5d4","name":"moacir","image":{"@type":"ImageObject","inLanguage":"pt-BR","@id":"https:\/\/franciscanos.org.br\/noticias\/#\/schema\/person\/image\/","url":"https:\/\/secure.gravatar.com\/avatar\/d08aa2ce4c8dd416d4479aa8536fcf64?s=96&d=mm&r=g","contentUrl":"https:\/\/secure.gravatar.com\/avatar\/d08aa2ce4c8dd416d4479aa8536fcf64?s=96&d=mm&r=g","caption":"moacir"},"url":"https:\/\/franciscanos.org.br\/noticias\/author\/moacir"}]}},"_links":{"self":[{"href":"https:\/\/franciscanos.org.br\/noticias\/wp-json\/wp\/v2\/posts\/237202"}],"collection":[{"href":"https:\/\/franciscanos.org.br\/noticias\/wp-json\/wp\/v2\/posts"}],"about":[{"href":"https:\/\/franciscanos.org.br\/noticias\/wp-json\/wp\/v2\/types\/post"}],"author":[{"embeddable":true,"href":"https:\/\/franciscanos.org.br\/noticias\/wp-json\/wp\/v2\/users\/3"}],"replies":[{"embeddable":true,"href":"https:\/\/franciscanos.org.br\/noticias\/wp-json\/wp\/v2\/comments?post=237202"}],"version-history":[{"count":1,"href":"https:\/\/franciscanos.org.br\/noticias\/wp-json\/wp\/v2\/posts\/237202\/revisions"}],"predecessor-version":[{"id":237205,"href":"https:\/\/franciscanos.org.br\/noticias\/wp-json\/wp\/v2\/posts\/237202\/revisions\/237205"}],"wp:featuredmedia":[{"embeddable":true,"href":"https:\/\/franciscanos.org.br\/noticias\/wp-json\/wp\/v2\/media\/237203"}],"wp:attachment":[{"href":"https:\/\/franciscanos.org.br\/noticias\/wp-json\/wp\/v2\/media?parent=237202"}],"wp:term":[{"taxonomy":"category","embeddable":true,"href":"https:\/\/franciscanos.org.br\/noticias\/wp-json\/wp\/v2\/categories?post=237202"},{"taxonomy":"post_tag","embeddable":true,"href":"https:\/\/franciscanos.org.br\/noticias\/wp-json\/wp\/v2\/tags?post=237202"}],"curies":[{"name":"wp","href":"https:\/\/api.w.org\/{rel}","templated":true}]}}