{"id":237195,"date":"2022-04-09T06:53:19","date_gmt":"2022-04-09T09:53:19","guid":{"rendered":"https:\/\/franciscanos.org.br\/noticias\/?p=237195"},"modified":"2022-04-09T06:53:19","modified_gmt":"2022-04-09T09:53:19","slug":"festa-da-penha-fara-arrecadacao-para-campanha-paz-e-pao","status":"publish","type":"post","link":"https:\/\/franciscanos.org.br\/noticias\/festa-da-penha-fara-arrecadacao-para-campanha-paz-e-pao.html","title":{"rendered":"Festa da Penha far\u00e1 arrecada\u00e7\u00e3o para campanha &#8220;Paz e P\u00e3o&#8221;"},"content":{"rendered":"<p><img loading=\"lazy\" class=\"alignnone wp-image-237196 size-full\" src=\"https:\/\/franciscanos.org.br\/noticias\/wp-content\/uploads\/2022\/04\/penha_0904.jpeg\" alt=\"\" width=\"1024\" height=\"381\" srcset=\"https:\/\/franciscanos.org.br\/noticias\/wp-content\/uploads\/2022\/04\/penha_0904.jpeg 1024w, https:\/\/franciscanos.org.br\/noticias\/wp-content\/uploads\/2022\/04\/penha_0904-450x167.jpeg 450w, https:\/\/franciscanos.org.br\/noticias\/wp-content\/uploads\/2022\/04\/penha_0904-768x286.jpeg 768w, https:\/\/franciscanos.org.br\/noticias\/wp-content\/uploads\/2022\/04\/penha_0904-150x56.jpeg 150w\" sizes=\"(max-width: 1024px) 100vw, 1024px\" \/><\/p>\n<p>A Festa da Penha 2022 faz um importante convite a seus romeiros, fi\u00e9is e visitantes: que levem alimentos n\u00e3o perec\u00edveis para o evento. Postos de arrecada\u00e7\u00e3o ser\u00e3o montados em diversos pontos recolhendo itens como feij\u00e3o, arroz, p\u00f3 de caf\u00e9 e leite em p\u00f3. Todas as doa\u00e7\u00f5es ser\u00e3o entregues \u00e0 campanha &#8220;Paz e P\u00e3o&#8221;, da Arquidiocese de Vit\u00f3ria, que possui mais de 13 mil fam\u00edlias em situa\u00e7\u00e3o vulner\u00e1vel cadastradas.<\/p>\n<p>Os pontos de arrecada\u00e7\u00e3o ser\u00e3o distribu\u00eddos ao longo das Romarias dos Homens, no s\u00e1bado, dia 23; das Mulheres, dia 24; e na Missa de Encerramento, dia 25, al\u00e9m da entrada do Convento da Penha todos os dias. A meta \u00e9 atingir pelo menos 500 toneladas de alimentos.<\/p>\n<p>A &#8220;Paz e P\u00e3o&#8221; foi lan\u00e7ada em 2021 durante a Festa da Penha e j\u00e1 entregou mais de 25 mil cestas. A campanha \u00e9 permanente e pode receber doa\u00e7\u00f5es avulsas ou mensais. Atualmente cerca de 2 mil fam\u00edlias s\u00e3o atendidas todos os meses com doa\u00e7\u00f5es fixas.<\/p>\n<p>\u201cS\u00e3o pessoas que assumiram o compromisso de realizarem suas doa\u00e7\u00f5es todos os meses por um per\u00edodo de um ano, no entanto, ao fim desse per\u00edodo, precisamos sempre de mais volunt\u00e1rios. Al\u00e9m disso, temos 13 mil fam\u00edlias cadastradas, ent\u00e3o a demanda de quem necessita \u00e9 ainda maior\u201d, diz Pe. Kelder Brand\u00e3o, do Vicariato da A\u00e7\u00e3o Social, Pol\u00edtica e Ecum\u00eanica, que organiza a campanha.<\/p>\n<p>Ele lembra que a Arquidiocese de Vit\u00f3ria tem grande alcance, pois abrange 6 \u00c1reas Pastorais (que alcan\u00e7am 15 munic\u00edpios), 90 Par\u00f3quias e 1022 Comunidades, al\u00e9m de v\u00e1rias pastorais, grupos de volunt\u00e1rios e comiss\u00f5es. Tem, portanto, muita capilaridade e proximidade das comunidades e dos seus fi\u00e9is, chegando aos mais diferentes territ\u00f3rios da regi\u00e3o, sobretudo nas \u00e1reas de maior vulnerabilidade.<\/p>\n<p>\u201cPara quem convive pr\u00f3ximo \u00e0 popula\u00e7\u00e3o mais vulner\u00e1vel, \u00e9 percept\u00edvel o aumento da pobreza. A situa\u00e7\u00e3o j\u00e1 vinha se agravando antes mesmo da pandemia, mas se agravou nesse per\u00edodo, portanto, a solidariedade \u00e9 fundamental\u201d, diz Pe. Kelder.<\/p>\n<p>Quem quiser saber mais sobre a &#8220;Paz e P\u00e3o&#8221; e como ajudar, tamb\u00e9m pode acessar o site da campanha, no site www.pazepao.com.br.<\/p>\n<hr \/>\n<p>Veja mais: <a href=\"https:\/\/conventodapenha.org.br\/\">https:\/\/conventodapenha.org.br\/<\/a><\/p>\n","protected":false},"excerpt":{"rendered":"<p>Festa da Penha 2022<\/p>\n","protected":false},"author":3,"featured_media":237197,"comment_status":"open","ping_status":"open","sticky":false,"template":"","format":"standard","meta":[],"categories":[1],"tags":[1999],"acf":[],"yoast_head":"<!-- This site is optimized with the Yoast SEO plugin v19.2 - https:\/\/yoast.com\/wordpress\/plugins\/seo\/ -->\n<title>Festa da Penha far\u00e1 arrecada\u00e7\u00e3o para campanha &quot;Paz e P\u00e3o&quot; - Not\u00edcias - Franciscanos<\/title>\n<meta name=\"robots\" content=\"index, follow, max-snippet:-1, max-image-preview:large, max-video-preview:-1\" \/>\n<link rel=\"canonical\" href=\"https:\/\/franciscanos.org.br\/noticias\/festa-da-penha-fara-arrecadacao-para-campanha-paz-e-pao.html\" \/>\n<meta property=\"og:locale\" content=\"pt_BR\" \/>\n<meta property=\"og:type\" content=\"article\" \/>\n<meta property=\"og:title\" content=\"Festa da Penha far\u00e1 arrecada\u00e7\u00e3o para campanha &quot;Paz e P\u00e3o&quot; - Not\u00edcias - Franciscanos\" \/>\n<meta property=\"og:description\" content=\"Festa da Penha 2022\" \/>\n<meta property=\"og:url\" content=\"https:\/\/franciscanos.org.br\/noticias\/festa-da-penha-fara-arrecadacao-para-campanha-paz-e-pao.html\" \/>\n<meta property=\"og:site_name\" content=\"Not\u00edcias - Franciscanos\" \/>\n<meta property=\"article:published_time\" content=\"2022-04-09T09:53:19+00:00\" \/>\n<meta property=\"og:image\" content=\"https:\/\/franciscanos.org.br\/noticias\/wp-content\/uploads\/2022\/04\/penha_01.jpg\" \/>\n\t<meta property=\"og:image:width\" content=\"609\" \/>\n\t<meta property=\"og:image:height\" content=\"381\" \/>\n\t<meta property=\"og:image:type\" content=\"image\/jpeg\" \/>\n<meta name=\"author\" content=\"moacir\" \/>\n<meta name=\"twitter:card\" content=\"summary_large_image\" \/>\n<meta name=\"twitter:label1\" content=\"Escrito por\" \/>\n\t<meta name=\"twitter:data1\" content=\"moacir\" \/>\n\t<meta name=\"twitter:label2\" content=\"Est. tempo de leitura\" \/>\n\t<meta name=\"twitter:data2\" content=\"2 minutos\" \/>\n<script type=\"application\/ld+json\" class=\"yoast-schema-graph\">{\"@context\":\"https:\/\/schema.org\",\"@graph\":[{\"@type\":\"WebSite\",\"@id\":\"https:\/\/franciscanos.org.br\/noticias\/#website\",\"url\":\"https:\/\/franciscanos.org.br\/noticias\/\",\"name\":\"Not\u00edcias - Franciscanos\",\"description\":\"Prov\u00edncia Franciscana da Imaculada Concei\u00e7\u00e3o do Brasil - Ordem dos Frades Menores - OFM\",\"potentialAction\":[{\"@type\":\"SearchAction\",\"target\":{\"@type\":\"EntryPoint\",\"urlTemplate\":\"https:\/\/franciscanos.org.br\/noticias\/?s={search_term_string}\"},\"query-input\":\"required name=search_term_string\"}],\"inLanguage\":\"pt-BR\"},{\"@type\":\"ImageObject\",\"inLanguage\":\"pt-BR\",\"@id\":\"https:\/\/franciscanos.org.br\/noticias\/festa-da-penha-fara-arrecadacao-para-campanha-paz-e-pao.html#primaryimage\",\"url\":\"https:\/\/franciscanos.org.br\/noticias\/wp-content\/uploads\/2022\/04\/penha_01.jpg\",\"contentUrl\":\"https:\/\/franciscanos.org.br\/noticias\/wp-content\/uploads\/2022\/04\/penha_01.jpg\",\"width\":609,\"height\":381},{\"@type\":\"WebPage\",\"@id\":\"https:\/\/franciscanos.org.br\/noticias\/festa-da-penha-fara-arrecadacao-para-campanha-paz-e-pao.html#webpage\",\"url\":\"https:\/\/franciscanos.org.br\/noticias\/festa-da-penha-fara-arrecadacao-para-campanha-paz-e-pao.html\",\"name\":\"Festa da Penha far\u00e1 arrecada\u00e7\u00e3o para campanha \\\"Paz e P\u00e3o\\\" - Not\u00edcias - Franciscanos\",\"isPartOf\":{\"@id\":\"https:\/\/franciscanos.org.br\/noticias\/#website\"},\"primaryImageOfPage\":{\"@id\":\"https:\/\/franciscanos.org.br\/noticias\/festa-da-penha-fara-arrecadacao-para-campanha-paz-e-pao.html#primaryimage\"},\"datePublished\":\"2022-04-09T09:53:19+00:00\",\"dateModified\":\"2022-04-09T09:53:19+00:00\",\"author\":{\"@id\":\"https:\/\/franciscanos.org.br\/noticias\/#\/schema\/person\/b5c8cba458c330ccff548b056e95a5d4\"},\"breadcrumb\":{\"@id\":\"https:\/\/franciscanos.org.br\/noticias\/festa-da-penha-fara-arrecadacao-para-campanha-paz-e-pao.html#breadcrumb\"},\"inLanguage\":\"pt-BR\",\"potentialAction\":[{\"@type\":\"ReadAction\",\"target\":[\"https:\/\/franciscanos.org.br\/noticias\/festa-da-penha-fara-arrecadacao-para-campanha-paz-e-pao.html\"]}]},{\"@type\":\"BreadcrumbList\",\"@id\":\"https:\/\/franciscanos.org.br\/noticias\/festa-da-penha-fara-arrecadacao-para-campanha-paz-e-pao.html#breadcrumb\",\"itemListElement\":[{\"@type\":\"ListItem\",\"position\":1,\"name\":\"Home\",\"item\":\"https:\/\/franciscanos.org.br\/noticias\"},{\"@type\":\"ListItem\",\"position\":2,\"name\":\"Festa da Penha far\u00e1 arrecada\u00e7\u00e3o para campanha &#8220;Paz e P\u00e3o&#8221;\"}]},{\"@type\":\"Person\",\"@id\":\"https:\/\/franciscanos.org.br\/noticias\/#\/schema\/person\/b5c8cba458c330ccff548b056e95a5d4\",\"name\":\"moacir\",\"image\":{\"@type\":\"ImageObject\",\"inLanguage\":\"pt-BR\",\"@id\":\"https:\/\/franciscanos.org.br\/noticias\/#\/schema\/person\/image\/\",\"url\":\"https:\/\/secure.gravatar.com\/avatar\/d08aa2ce4c8dd416d4479aa8536fcf64?s=96&d=mm&r=g\",\"contentUrl\":\"https:\/\/secure.gravatar.com\/avatar\/d08aa2ce4c8dd416d4479aa8536fcf64?s=96&d=mm&r=g\",\"caption\":\"moacir\"},\"url\":\"https:\/\/franciscanos.org.br\/noticias\/author\/moacir\"}]}<\/script>\n<!-- \/ Yoast SEO plugin. -->","yoast_head_json":{"title":"Festa da Penha far\u00e1 arrecada\u00e7\u00e3o para campanha \"Paz e P\u00e3o\" - Not\u00edcias - Franciscanos","robots":{"index":"index","follow":"follow","max-snippet":"max-snippet:-1","max-image-preview":"max-image-preview:large","max-video-preview":"max-video-preview:-1"},"canonical":"https:\/\/franciscanos.org.br\/noticias\/festa-da-penha-fara-arrecadacao-para-campanha-paz-e-pao.html","og_locale":"pt_BR","og_type":"article","og_title":"Festa da Penha far\u00e1 arrecada\u00e7\u00e3o para campanha \"Paz e P\u00e3o\" - Not\u00edcias - Franciscanos","og_description":"Festa da Penha 2022","og_url":"https:\/\/franciscanos.org.br\/noticias\/festa-da-penha-fara-arrecadacao-para-campanha-paz-e-pao.html","og_site_name":"Not\u00edcias - Franciscanos","article_published_time":"2022-04-09T09:53:19+00:00","og_image":[{"width":609,"height":381,"url":"https:\/\/franciscanos.org.br\/noticias\/wp-content\/uploads\/2022\/04\/penha_01.jpg","type":"image\/jpeg"}],"author":"moacir","twitter_card":"summary_large_image","twitter_misc":{"Escrito por":"moacir","Est. tempo de leitura":"2 minutos"},"schema":{"@context":"https:\/\/schema.org","@graph":[{"@type":"WebSite","@id":"https:\/\/franciscanos.org.br\/noticias\/#website","url":"https:\/\/franciscanos.org.br\/noticias\/","name":"Not\u00edcias - Franciscanos","description":"Prov\u00edncia Franciscana da Imaculada Concei\u00e7\u00e3o do Brasil - Ordem dos Frades Menores - OFM","potentialAction":[{"@type":"SearchAction","target":{"@type":"EntryPoint","urlTemplate":"https:\/\/franciscanos.org.br\/noticias\/?s={search_term_string}"},"query-input":"required name=search_term_string"}],"inLanguage":"pt-BR"},{"@type":"ImageObject","inLanguage":"pt-BR","@id":"https:\/\/franciscanos.org.br\/noticias\/festa-da-penha-fara-arrecadacao-para-campanha-paz-e-pao.html#primaryimage","url":"https:\/\/franciscanos.org.br\/noticias\/wp-content\/uploads\/2022\/04\/penha_01.jpg","contentUrl":"https:\/\/franciscanos.org.br\/noticias\/wp-content\/uploads\/2022\/04\/penha_01.jpg","width":609,"height":381},{"@type":"WebPage","@id":"https:\/\/franciscanos.org.br\/noticias\/festa-da-penha-fara-arrecadacao-para-campanha-paz-e-pao.html#webpage","url":"https:\/\/franciscanos.org.br\/noticias\/festa-da-penha-fara-arrecadacao-para-campanha-paz-e-pao.html","name":"Festa da Penha far\u00e1 arrecada\u00e7\u00e3o para campanha \"Paz e P\u00e3o\" - Not\u00edcias - Franciscanos","isPartOf":{"@id":"https:\/\/franciscanos.org.br\/noticias\/#website"},"primaryImageOfPage":{"@id":"https:\/\/franciscanos.org.br\/noticias\/festa-da-penha-fara-arrecadacao-para-campanha-paz-e-pao.html#primaryimage"},"datePublished":"2022-04-09T09:53:19+00:00","dateModified":"2022-04-09T09:53:19+00:00","author":{"@id":"https:\/\/franciscanos.org.br\/noticias\/#\/schema\/person\/b5c8cba458c330ccff548b056e95a5d4"},"breadcrumb":{"@id":"https:\/\/franciscanos.org.br\/noticias\/festa-da-penha-fara-arrecadacao-para-campanha-paz-e-pao.html#breadcrumb"},"inLanguage":"pt-BR","potentialAction":[{"@type":"ReadAction","target":["https:\/\/franciscanos.org.br\/noticias\/festa-da-penha-fara-arrecadacao-para-campanha-paz-e-pao.html"]}]},{"@type":"BreadcrumbList","@id":"https:\/\/franciscanos.org.br\/noticias\/festa-da-penha-fara-arrecadacao-para-campanha-paz-e-pao.html#breadcrumb","itemListElement":[{"@type":"ListItem","position":1,"name":"Home","item":"https:\/\/franciscanos.org.br\/noticias"},{"@type":"ListItem","position":2,"name":"Festa da Penha far\u00e1 arrecada\u00e7\u00e3o para campanha &#8220;Paz e P\u00e3o&#8221;"}]},{"@type":"Person","@id":"https:\/\/franciscanos.org.br\/noticias\/#\/schema\/person\/b5c8cba458c330ccff548b056e95a5d4","name":"moacir","image":{"@type":"ImageObject","inLanguage":"pt-BR","@id":"https:\/\/franciscanos.org.br\/noticias\/#\/schema\/person\/image\/","url":"https:\/\/secure.gravatar.com\/avatar\/d08aa2ce4c8dd416d4479aa8536fcf64?s=96&d=mm&r=g","contentUrl":"https:\/\/secure.gravatar.com\/avatar\/d08aa2ce4c8dd416d4479aa8536fcf64?s=96&d=mm&r=g","caption":"moacir"},"url":"https:\/\/franciscanos.org.br\/noticias\/author\/moacir"}]}},"_links":{"self":[{"href":"https:\/\/franciscanos.org.br\/noticias\/wp-json\/wp\/v2\/posts\/237195"}],"collection":[{"href":"https:\/\/franciscanos.org.br\/noticias\/wp-json\/wp\/v2\/posts"}],"about":[{"href":"https:\/\/franciscanos.org.br\/noticias\/wp-json\/wp\/v2\/types\/post"}],"author":[{"embeddable":true,"href":"https:\/\/franciscanos.org.br\/noticias\/wp-json\/wp\/v2\/users\/3"}],"replies":[{"embeddable":true,"href":"https:\/\/franciscanos.org.br\/noticias\/wp-json\/wp\/v2\/comments?post=237195"}],"version-history":[{"count":1,"href":"https:\/\/franciscanos.org.br\/noticias\/wp-json\/wp\/v2\/posts\/237195\/revisions"}],"predecessor-version":[{"id":237198,"href":"https:\/\/franciscanos.org.br\/noticias\/wp-json\/wp\/v2\/posts\/237195\/revisions\/237198"}],"wp:featuredmedia":[{"embeddable":true,"href":"https:\/\/franciscanos.org.br\/noticias\/wp-json\/wp\/v2\/media\/237197"}],"wp:attachment":[{"href":"https:\/\/franciscanos.org.br\/noticias\/wp-json\/wp\/v2\/media?parent=237195"}],"wp:term":[{"taxonomy":"category","embeddable":true,"href":"https:\/\/franciscanos.org.br\/noticias\/wp-json\/wp\/v2\/categories?post=237195"},{"taxonomy":"post_tag","embeddable":true,"href":"https:\/\/franciscanos.org.br\/noticias\/wp-json\/wp\/v2\/tags?post=237195"}],"curies":[{"name":"wp","href":"https:\/\/api.w.org\/{rel}","templated":true}]}}