{"id":237188,"date":"2022-04-09T05:29:40","date_gmt":"2022-04-09T08:29:40","guid":{"rendered":"https:\/\/franciscanos.org.br\/noticias\/?p=237188"},"modified":"2022-04-09T05:29:40","modified_gmt":"2022-04-09T08:29:40","slug":"fundacoes-celinauta-e-frei-rogerio-promovem-formacao-a-seus-colaboradores","status":"publish","type":"post","link":"https:\/\/franciscanos.org.br\/noticias\/fundacoes-celinauta-e-frei-rogerio-promovem-formacao-a-seus-colaboradores.html","title":{"rendered":"Funda\u00e7\u00f5es Celinauta e Frei Rog\u00e9rio promovem forma\u00e7\u00e3o a seus colaboradores"},"content":{"rendered":"<p><img loading=\"lazy\" class=\"alignnone wp-image-237189 size-full\" src=\"https:\/\/franciscanos.org.br\/noticias\/wp-content\/uploads\/2022\/04\/celinauta_03.jpg\" alt=\"\" width=\"1280\" height=\"720\" srcset=\"https:\/\/franciscanos.org.br\/noticias\/wp-content\/uploads\/2022\/04\/celinauta_03.jpg 1280w, https:\/\/franciscanos.org.br\/noticias\/wp-content\/uploads\/2022\/04\/celinauta_03-450x253.jpg 450w, https:\/\/franciscanos.org.br\/noticias\/wp-content\/uploads\/2022\/04\/celinauta_03-1024x576.jpg 1024w, https:\/\/franciscanos.org.br\/noticias\/wp-content\/uploads\/2022\/04\/celinauta_03-768x432.jpg 768w, https:\/\/franciscanos.org.br\/noticias\/wp-content\/uploads\/2022\/04\/celinauta_03-150x84.jpg 150w\" sizes=\"(max-width: 1280px) 100vw, 1280px\" \/><\/p>\n<p>Nos dias 4 a 6 de abril, as Funda\u00e7\u00f5es Celinauta (Pato Branco) e Frei Rog\u00e9rio (Curitibanos) promoveram v\u00e1rios momentos de forma\u00e7\u00e3o para dirigentes e colaboradores. Frei Gustavo Medella assessorou o primeiro dia falando sobre o Plano de Evangeliza\u00e7\u00e3o de Prov\u00edncia e seus reflexos no servi\u00e7o da Frente de Comunica\u00e7\u00e3o. Segundo o frade, \u201ca evangeliza\u00e7\u00e3o \u00e9 tarefa de todos, frades e leigos\u201d. Ap\u00f3s a forma\u00e7\u00e3o, aconteceu um jantar de confraterniza\u00e7\u00e3o.<\/p>\n<p>No dia seguinte, no in\u00edcio da tarde, aconteceu o encontro da Frente da Comunica\u00e7\u00e3o. A exemplo das demais Frentes que tiveram encontro durante a semana, os frades puderam conhecer o Plano de Evangeliza\u00e7\u00e3o e conversar sobre o Plano Operacional. No final da tarde, um grande encontro envolvendo comunicadores, jornalistas, cinegrafistas, editores e produtores. Dessa vez quem assessorou o encontro, juntamente com Frei Gustavo, foi o Frei Marcelo Tadeu da Silva Cardoso, em ano pastoral na Fraternidade de Pato Branco. Seguindo o roteiro, os confrades recapitularam conceitos da comunica\u00e7\u00e3o e promoveram oficinas e din\u00e2micas com o grupo!<\/p>\n<p><img loading=\"lazy\" class=\"alignnone wp-image-237190 size-full\" src=\"https:\/\/franciscanos.org.br\/noticias\/wp-content\/uploads\/2022\/04\/celinauta_02.jpg\" alt=\"\" width=\"1280\" height=\"720\" srcset=\"https:\/\/franciscanos.org.br\/noticias\/wp-content\/uploads\/2022\/04\/celinauta_02.jpg 1280w, https:\/\/franciscanos.org.br\/noticias\/wp-content\/uploads\/2022\/04\/celinauta_02-450x253.jpg 450w, https:\/\/franciscanos.org.br\/noticias\/wp-content\/uploads\/2022\/04\/celinauta_02-1024x576.jpg 1024w, https:\/\/franciscanos.org.br\/noticias\/wp-content\/uploads\/2022\/04\/celinauta_02-768x432.jpg 768w, https:\/\/franciscanos.org.br\/noticias\/wp-content\/uploads\/2022\/04\/celinauta_02-150x84.jpg 150w\" sizes=\"(max-width: 1280px) 100vw, 1280px\" \/><\/p>\n<p>E para encerar, no dia 6 foi realizado o encontro de produ\u00e7\u00e3o das Funda\u00e7\u00f5es. Esse setor, entre outras coisas, desenvolve materiais religiosos para r\u00e1dios, TV e redes sociais. Frei Alan Leal de Matos, atualmente atuando na Fraternidade de Curitibanos e na Funda\u00e7\u00e3o Frei Rog\u00e9rio, enalteceu os passos dados no \u00faltimo tri\u00eanio, com a repagina\u00e7\u00e3o dos programas radiof\u00f4nicos \u201cEspa\u00e7o Fam\u00edlia\u201d e \u201cMadrugada Franciscana\u201d, al\u00e9m da grande quantidade de <em>podcast.<\/em> Na ocasi\u00e3o do encontro foi elaborada a programa\u00e7\u00e3o dos conte\u00fados a serem produzidos nos meses de maio e junho: <em>Campanha contra a Dengue, Maio Amarelo (Campanha contra os acidentes de Tr\u00e2nsito), Dia do Trabalho, S\u00e3o Jos\u00e9 Oper\u00e1rio, M\u00eas Mariano, Santo Ant\u00f4nio, S\u00e3o Jo\u00e3o e S\u00e3o Pedro, Semana do Meio Ambiente, Corpus Christi e outros<\/em>.<\/p>\n<p>Em nome das Funda\u00e7\u00f5es Celinauta e Frei Rog\u00e9rio, queremos agradecer aos assessores Frei Gustavo e Frei Marcelo e a todos os confrades e leigos que se envolvem na nobre miss\u00e3o de comunicar a Boa Nova de Cristo ao modo de Francisco de Assis, e almejamos continuar exercendo bem a miss\u00e3o para n\u00f3s confiada!<\/p>\n<hr \/>\n<p><strong>Frei Neuri Francisco Reinisch, <\/strong><em>coordenador da Frente de Comunica\u00e7\u00e3o<\/em><\/p>\n","protected":false},"excerpt":{"rendered":"<p>Frente da Comunica\u00e7\u00e3o<\/p>\n","protected":false},"author":3,"featured_media":237189,"comment_status":"open","ping_status":"open","sticky":false,"template":"","format":"standard","meta":[],"categories":[1],"tags":[550],"acf":[],"yoast_head":"<!-- This site is optimized with the Yoast SEO plugin v19.2 - https:\/\/yoast.com\/wordpress\/plugins\/seo\/ -->\n<title>Funda\u00e7\u00f5es Celinauta e Frei Rog\u00e9rio promovem forma\u00e7\u00e3o a seus colaboradores - Not\u00edcias - Franciscanos<\/title>\n<meta name=\"robots\" content=\"index, follow, max-snippet:-1, max-image-preview:large, max-video-preview:-1\" \/>\n<link rel=\"canonical\" href=\"https:\/\/franciscanos.org.br\/noticias\/fundacoes-celinauta-e-frei-rogerio-promovem-formacao-a-seus-colaboradores.html\" \/>\n<meta property=\"og:locale\" content=\"pt_BR\" \/>\n<meta property=\"og:type\" content=\"article\" \/>\n<meta property=\"og:title\" content=\"Funda\u00e7\u00f5es Celinauta e Frei Rog\u00e9rio promovem forma\u00e7\u00e3o a seus colaboradores - Not\u00edcias - Franciscanos\" \/>\n<meta property=\"og:description\" content=\"Frente da Comunica\u00e7\u00e3o\" \/>\n<meta property=\"og:url\" content=\"https:\/\/franciscanos.org.br\/noticias\/fundacoes-celinauta-e-frei-rogerio-promovem-formacao-a-seus-colaboradores.html\" \/>\n<meta property=\"og:site_name\" content=\"Not\u00edcias - Franciscanos\" \/>\n<meta property=\"article:published_time\" content=\"2022-04-09T08:29:40+00:00\" \/>\n<meta property=\"og:image\" content=\"https:\/\/franciscanos.org.br\/noticias\/wp-content\/uploads\/2022\/04\/celinauta_03.jpg\" \/>\n\t<meta property=\"og:image:width\" content=\"1280\" \/>\n\t<meta property=\"og:image:height\" content=\"720\" \/>\n\t<meta property=\"og:image:type\" content=\"image\/jpeg\" \/>\n<meta name=\"author\" content=\"moacir\" \/>\n<meta name=\"twitter:card\" content=\"summary_large_image\" \/>\n<meta name=\"twitter:label1\" content=\"Escrito por\" \/>\n\t<meta name=\"twitter:data1\" content=\"moacir\" \/>\n\t<meta name=\"twitter:label2\" content=\"Est. tempo de leitura\" \/>\n\t<meta name=\"twitter:data2\" content=\"2 minutos\" \/>\n<script type=\"application\/ld+json\" class=\"yoast-schema-graph\">{\"@context\":\"https:\/\/schema.org\",\"@graph\":[{\"@type\":\"WebSite\",\"@id\":\"https:\/\/franciscanos.org.br\/noticias\/#website\",\"url\":\"https:\/\/franciscanos.org.br\/noticias\/\",\"name\":\"Not\u00edcias - Franciscanos\",\"description\":\"Prov\u00edncia Franciscana da Imaculada Concei\u00e7\u00e3o do Brasil - Ordem dos Frades Menores - OFM\",\"potentialAction\":[{\"@type\":\"SearchAction\",\"target\":{\"@type\":\"EntryPoint\",\"urlTemplate\":\"https:\/\/franciscanos.org.br\/noticias\/?s={search_term_string}\"},\"query-input\":\"required name=search_term_string\"}],\"inLanguage\":\"pt-BR\"},{\"@type\":\"ImageObject\",\"inLanguage\":\"pt-BR\",\"@id\":\"https:\/\/franciscanos.org.br\/noticias\/fundacoes-celinauta-e-frei-rogerio-promovem-formacao-a-seus-colaboradores.html#primaryimage\",\"url\":\"https:\/\/franciscanos.org.br\/noticias\/wp-content\/uploads\/2022\/04\/celinauta_03.jpg\",\"contentUrl\":\"https:\/\/franciscanos.org.br\/noticias\/wp-content\/uploads\/2022\/04\/celinauta_03.jpg\",\"width\":1280,\"height\":720},{\"@type\":\"WebPage\",\"@id\":\"https:\/\/franciscanos.org.br\/noticias\/fundacoes-celinauta-e-frei-rogerio-promovem-formacao-a-seus-colaboradores.html#webpage\",\"url\":\"https:\/\/franciscanos.org.br\/noticias\/fundacoes-celinauta-e-frei-rogerio-promovem-formacao-a-seus-colaboradores.html\",\"name\":\"Funda\u00e7\u00f5es Celinauta e Frei Rog\u00e9rio promovem forma\u00e7\u00e3o a seus colaboradores - Not\u00edcias - Franciscanos\",\"isPartOf\":{\"@id\":\"https:\/\/franciscanos.org.br\/noticias\/#website\"},\"primaryImageOfPage\":{\"@id\":\"https:\/\/franciscanos.org.br\/noticias\/fundacoes-celinauta-e-frei-rogerio-promovem-formacao-a-seus-colaboradores.html#primaryimage\"},\"datePublished\":\"2022-04-09T08:29:40+00:00\",\"dateModified\":\"2022-04-09T08:29:40+00:00\",\"author\":{\"@id\":\"https:\/\/franciscanos.org.br\/noticias\/#\/schema\/person\/b5c8cba458c330ccff548b056e95a5d4\"},\"breadcrumb\":{\"@id\":\"https:\/\/franciscanos.org.br\/noticias\/fundacoes-celinauta-e-frei-rogerio-promovem-formacao-a-seus-colaboradores.html#breadcrumb\"},\"inLanguage\":\"pt-BR\",\"potentialAction\":[{\"@type\":\"ReadAction\",\"target\":[\"https:\/\/franciscanos.org.br\/noticias\/fundacoes-celinauta-e-frei-rogerio-promovem-formacao-a-seus-colaboradores.html\"]}]},{\"@type\":\"BreadcrumbList\",\"@id\":\"https:\/\/franciscanos.org.br\/noticias\/fundacoes-celinauta-e-frei-rogerio-promovem-formacao-a-seus-colaboradores.html#breadcrumb\",\"itemListElement\":[{\"@type\":\"ListItem\",\"position\":1,\"name\":\"Home\",\"item\":\"https:\/\/franciscanos.org.br\/noticias\"},{\"@type\":\"ListItem\",\"position\":2,\"name\":\"Funda\u00e7\u00f5es Celinauta e Frei Rog\u00e9rio promovem forma\u00e7\u00e3o a seus colaboradores\"}]},{\"@type\":\"Person\",\"@id\":\"https:\/\/franciscanos.org.br\/noticias\/#\/schema\/person\/b5c8cba458c330ccff548b056e95a5d4\",\"name\":\"moacir\",\"image\":{\"@type\":\"ImageObject\",\"inLanguage\":\"pt-BR\",\"@id\":\"https:\/\/franciscanos.org.br\/noticias\/#\/schema\/person\/image\/\",\"url\":\"https:\/\/secure.gravatar.com\/avatar\/d08aa2ce4c8dd416d4479aa8536fcf64?s=96&d=mm&r=g\",\"contentUrl\":\"https:\/\/secure.gravatar.com\/avatar\/d08aa2ce4c8dd416d4479aa8536fcf64?s=96&d=mm&r=g\",\"caption\":\"moacir\"},\"url\":\"https:\/\/franciscanos.org.br\/noticias\/author\/moacir\"}]}<\/script>\n<!-- \/ Yoast SEO plugin. -->","yoast_head_json":{"title":"Funda\u00e7\u00f5es Celinauta e Frei Rog\u00e9rio promovem forma\u00e7\u00e3o a seus colaboradores - Not\u00edcias - Franciscanos","robots":{"index":"index","follow":"follow","max-snippet":"max-snippet:-1","max-image-preview":"max-image-preview:large","max-video-preview":"max-video-preview:-1"},"canonical":"https:\/\/franciscanos.org.br\/noticias\/fundacoes-celinauta-e-frei-rogerio-promovem-formacao-a-seus-colaboradores.html","og_locale":"pt_BR","og_type":"article","og_title":"Funda\u00e7\u00f5es Celinauta e Frei Rog\u00e9rio promovem forma\u00e7\u00e3o a seus colaboradores - Not\u00edcias - Franciscanos","og_description":"Frente da Comunica\u00e7\u00e3o","og_url":"https:\/\/franciscanos.org.br\/noticias\/fundacoes-celinauta-e-frei-rogerio-promovem-formacao-a-seus-colaboradores.html","og_site_name":"Not\u00edcias - Franciscanos","article_published_time":"2022-04-09T08:29:40+00:00","og_image":[{"width":1280,"height":720,"url":"https:\/\/franciscanos.org.br\/noticias\/wp-content\/uploads\/2022\/04\/celinauta_03.jpg","type":"image\/jpeg"}],"author":"moacir","twitter_card":"summary_large_image","twitter_misc":{"Escrito por":"moacir","Est. tempo de leitura":"2 minutos"},"schema":{"@context":"https:\/\/schema.org","@graph":[{"@type":"WebSite","@id":"https:\/\/franciscanos.org.br\/noticias\/#website","url":"https:\/\/franciscanos.org.br\/noticias\/","name":"Not\u00edcias - Franciscanos","description":"Prov\u00edncia Franciscana da Imaculada Concei\u00e7\u00e3o do Brasil - Ordem dos Frades Menores - OFM","potentialAction":[{"@type":"SearchAction","target":{"@type":"EntryPoint","urlTemplate":"https:\/\/franciscanos.org.br\/noticias\/?s={search_term_string}"},"query-input":"required name=search_term_string"}],"inLanguage":"pt-BR"},{"@type":"ImageObject","inLanguage":"pt-BR","@id":"https:\/\/franciscanos.org.br\/noticias\/fundacoes-celinauta-e-frei-rogerio-promovem-formacao-a-seus-colaboradores.html#primaryimage","url":"https:\/\/franciscanos.org.br\/noticias\/wp-content\/uploads\/2022\/04\/celinauta_03.jpg","contentUrl":"https:\/\/franciscanos.org.br\/noticias\/wp-content\/uploads\/2022\/04\/celinauta_03.jpg","width":1280,"height":720},{"@type":"WebPage","@id":"https:\/\/franciscanos.org.br\/noticias\/fundacoes-celinauta-e-frei-rogerio-promovem-formacao-a-seus-colaboradores.html#webpage","url":"https:\/\/franciscanos.org.br\/noticias\/fundacoes-celinauta-e-frei-rogerio-promovem-formacao-a-seus-colaboradores.html","name":"Funda\u00e7\u00f5es Celinauta e Frei Rog\u00e9rio promovem forma\u00e7\u00e3o a seus colaboradores - Not\u00edcias - Franciscanos","isPartOf":{"@id":"https:\/\/franciscanos.org.br\/noticias\/#website"},"primaryImageOfPage":{"@id":"https:\/\/franciscanos.org.br\/noticias\/fundacoes-celinauta-e-frei-rogerio-promovem-formacao-a-seus-colaboradores.html#primaryimage"},"datePublished":"2022-04-09T08:29:40+00:00","dateModified":"2022-04-09T08:29:40+00:00","author":{"@id":"https:\/\/franciscanos.org.br\/noticias\/#\/schema\/person\/b5c8cba458c330ccff548b056e95a5d4"},"breadcrumb":{"@id":"https:\/\/franciscanos.org.br\/noticias\/fundacoes-celinauta-e-frei-rogerio-promovem-formacao-a-seus-colaboradores.html#breadcrumb"},"inLanguage":"pt-BR","potentialAction":[{"@type":"ReadAction","target":["https:\/\/franciscanos.org.br\/noticias\/fundacoes-celinauta-e-frei-rogerio-promovem-formacao-a-seus-colaboradores.html"]}]},{"@type":"BreadcrumbList","@id":"https:\/\/franciscanos.org.br\/noticias\/fundacoes-celinauta-e-frei-rogerio-promovem-formacao-a-seus-colaboradores.html#breadcrumb","itemListElement":[{"@type":"ListItem","position":1,"name":"Home","item":"https:\/\/franciscanos.org.br\/noticias"},{"@type":"ListItem","position":2,"name":"Funda\u00e7\u00f5es Celinauta e Frei Rog\u00e9rio promovem forma\u00e7\u00e3o a seus colaboradores"}]},{"@type":"Person","@id":"https:\/\/franciscanos.org.br\/noticias\/#\/schema\/person\/b5c8cba458c330ccff548b056e95a5d4","name":"moacir","image":{"@type":"ImageObject","inLanguage":"pt-BR","@id":"https:\/\/franciscanos.org.br\/noticias\/#\/schema\/person\/image\/","url":"https:\/\/secure.gravatar.com\/avatar\/d08aa2ce4c8dd416d4479aa8536fcf64?s=96&d=mm&r=g","contentUrl":"https:\/\/secure.gravatar.com\/avatar\/d08aa2ce4c8dd416d4479aa8536fcf64?s=96&d=mm&r=g","caption":"moacir"},"url":"https:\/\/franciscanos.org.br\/noticias\/author\/moacir"}]}},"_links":{"self":[{"href":"https:\/\/franciscanos.org.br\/noticias\/wp-json\/wp\/v2\/posts\/237188"}],"collection":[{"href":"https:\/\/franciscanos.org.br\/noticias\/wp-json\/wp\/v2\/posts"}],"about":[{"href":"https:\/\/franciscanos.org.br\/noticias\/wp-json\/wp\/v2\/types\/post"}],"author":[{"embeddable":true,"href":"https:\/\/franciscanos.org.br\/noticias\/wp-json\/wp\/v2\/users\/3"}],"replies":[{"embeddable":true,"href":"https:\/\/franciscanos.org.br\/noticias\/wp-json\/wp\/v2\/comments?post=237188"}],"version-history":[{"count":1,"href":"https:\/\/franciscanos.org.br\/noticias\/wp-json\/wp\/v2\/posts\/237188\/revisions"}],"predecessor-version":[{"id":237191,"href":"https:\/\/franciscanos.org.br\/noticias\/wp-json\/wp\/v2\/posts\/237188\/revisions\/237191"}],"wp:featuredmedia":[{"embeddable":true,"href":"https:\/\/franciscanos.org.br\/noticias\/wp-json\/wp\/v2\/media\/237189"}],"wp:attachment":[{"href":"https:\/\/franciscanos.org.br\/noticias\/wp-json\/wp\/v2\/media?parent=237188"}],"wp:term":[{"taxonomy":"category","embeddable":true,"href":"https:\/\/franciscanos.org.br\/noticias\/wp-json\/wp\/v2\/categories?post=237188"},{"taxonomy":"post_tag","embeddable":true,"href":"https:\/\/franciscanos.org.br\/noticias\/wp-json\/wp\/v2\/tags?post=237188"}],"curies":[{"name":"wp","href":"https:\/\/api.w.org\/{rel}","templated":true}]}}