{"id":237183,"date":"2022-04-07T10:24:43","date_gmt":"2022-04-07T13:24:43","guid":{"rendered":"https:\/\/franciscanos.org.br\/noticias\/?p=237183"},"modified":"2022-04-07T10:25:28","modified_gmt":"2022-04-07T13:25:28","slug":"novas-regras-de-acesso-de-automoveis-ao-campinho-do-convento","status":"publish","type":"post","link":"https:\/\/franciscanos.org.br\/noticias\/novas-regras-de-acesso-de-automoveis-ao-campinho-do-convento.html","title":{"rendered":"Novas regras de acesso de autom\u00f3veis ao Campinho do Convento da Penha"},"content":{"rendered":"<p><img loading=\"lazy\" class=\"alignnone wp-image-237184 size-full\" src=\"https:\/\/franciscanos.org.br\/noticias\/wp-content\/uploads\/2022\/04\/penha_0704.jpg\" alt=\"\" width=\"1024\" height=\"576\" srcset=\"https:\/\/franciscanos.org.br\/noticias\/wp-content\/uploads\/2022\/04\/penha_0704.jpg 1024w, https:\/\/franciscanos.org.br\/noticias\/wp-content\/uploads\/2022\/04\/penha_0704-450x253.jpg 450w, https:\/\/franciscanos.org.br\/noticias\/wp-content\/uploads\/2022\/04\/penha_0704-768x432.jpg 768w, https:\/\/franciscanos.org.br\/noticias\/wp-content\/uploads\/2022\/04\/penha_0704-150x84.jpg 150w\" sizes=\"(max-width: 1024px) 100vw, 1024px\" \/><\/p>\n<p>Com o objetivo de garantir a seguran\u00e7a e comodidade para todos os que visitam o Convento da Penha, sobretudo neste per\u00edodo em que h\u00e1 um aumento expressivo de fi\u00e9is por ocasi\u00e3o da Festa da Penha (este ano de 17 a 25 de abril), a subida de ve\u00edculos ao Campinho ser\u00e1 proibida. O Convento \u00e9 o Santu\u00e1rio do Perd\u00e3o e da Gra\u00e7a, \u00e9 a casa de Nossa Senhora da Penha. Com alegria, acolhemos a todos e desejamos que a experi\u00eancia da visita fique guardada sempre nas mem\u00f3rias e nos cora\u00e7\u00f5es.<\/p>\n<p><strong>Confira abaixo o comunicado oficial.<\/strong><\/p>\n<hr \/>\n<p style=\"padding-left: 40px;\">A partir deste s\u00e1bado (09 de abril de 2022), em fun\u00e7\u00e3o do crescente n\u00famero de pedestres que sobem ao Convento, zelando por sua seguran\u00e7a, e tamb\u00e9m os preparativos para Festa da Penha no Campinho,\u00a0<strong>fica totalmente proibida a subida de carros particulares ao Campinho do Convento, durante a semana e finais de semana.<\/strong>\u00a0A nova regra de restri\u00e7\u00e3o\u00a0<strong>vale para todos, inclusive para as equipes de liturgia, cantores e ministros da Eucaristia, que poder\u00e3o usar gratuitamente o servi\u00e7o de vans, sem necessidade de filas.<\/strong><\/p>\n<p style=\"padding-left: 40px;\">A \u00fanica exce\u00e7\u00e3o para subir de carro ao Convento s\u00e3o pessoas com mobilidade reduzida extrema, controlada rigorosamente pelos porteiros.<\/p>\n<p style=\"padding-left: 40px;\">\u00c9 importante ressaltar que o Convento oferece o servi\u00e7o de transporte em vans com valores acess\u00edveis. Para subir e descer de van, o devoto paga R$5,00; se preferir apenas subir ou descer de van, o custo \u00e9 de apenas R$3,50. As formas de pagamento s\u00e3o: dinheiro, Pix ou PicPay. Os bilhetes podem ser adquiridos na portaria do Convento e no ponto de embarque e desembarque localizado no Campinho. A outra modalidade pode ser realizada caminhando, seja pela \u201cEstrada Principal\u201d que possui apenas 1.200 metros ou pela \u201cLadeira da Penit\u00eancia\u201d, que possui 500 metros de subida \u00edngreme. Al\u00e9m de contemplar a beleza do santu\u00e1rio da natureza, o visitante pode observar plantas, animais e os encantos da mata atl\u00e2ntica.<\/p>\n<p style=\"padding-left: 40px;\">Agradecemos sua compreens\u00e3o e coopera\u00e7\u00e3o. Paz e Bem!<\/p>\n","protected":false},"excerpt":{"rendered":"<p>Festa da Penha 2022<\/p>\n","protected":false},"author":3,"featured_media":237184,"comment_status":"open","ping_status":"open","sticky":false,"template":"","format":"standard","meta":[],"categories":[1],"tags":[248],"acf":[],"yoast_head":"<!-- This site is optimized with the Yoast SEO plugin v19.2 - https:\/\/yoast.com\/wordpress\/plugins\/seo\/ -->\n<title>Novas regras de acesso de autom\u00f3veis ao Campinho do Convento da Penha - Not\u00edcias - Franciscanos<\/title>\n<meta name=\"robots\" content=\"index, follow, max-snippet:-1, max-image-preview:large, max-video-preview:-1\" \/>\n<link rel=\"canonical\" href=\"https:\/\/franciscanos.org.br\/noticias\/novas-regras-de-acesso-de-automoveis-ao-campinho-do-convento.html\" \/>\n<meta property=\"og:locale\" content=\"pt_BR\" \/>\n<meta property=\"og:type\" content=\"article\" \/>\n<meta property=\"og:title\" content=\"Novas regras de acesso de autom\u00f3veis ao Campinho do Convento da Penha - Not\u00edcias - Franciscanos\" \/>\n<meta property=\"og:description\" content=\"Festa da Penha 2022\" \/>\n<meta property=\"og:url\" content=\"https:\/\/franciscanos.org.br\/noticias\/novas-regras-de-acesso-de-automoveis-ao-campinho-do-convento.html\" \/>\n<meta property=\"og:site_name\" content=\"Not\u00edcias - Franciscanos\" \/>\n<meta property=\"article:published_time\" content=\"2022-04-07T13:24:43+00:00\" \/>\n<meta property=\"article:modified_time\" content=\"2022-04-07T13:25:28+00:00\" \/>\n<meta property=\"og:image\" content=\"https:\/\/franciscanos.org.br\/noticias\/wp-content\/uploads\/2022\/04\/penha_0704.jpg\" \/>\n\t<meta property=\"og:image:width\" content=\"1024\" \/>\n\t<meta property=\"og:image:height\" content=\"576\" \/>\n\t<meta property=\"og:image:type\" content=\"image\/jpeg\" \/>\n<meta name=\"author\" content=\"moacir\" \/>\n<meta name=\"twitter:card\" content=\"summary_large_image\" \/>\n<meta name=\"twitter:label1\" content=\"Escrito por\" \/>\n\t<meta name=\"twitter:data1\" content=\"moacir\" \/>\n\t<meta name=\"twitter:label2\" content=\"Est. tempo de leitura\" \/>\n\t<meta name=\"twitter:data2\" content=\"2 minutos\" \/>\n<script type=\"application\/ld+json\" class=\"yoast-schema-graph\">{\"@context\":\"https:\/\/schema.org\",\"@graph\":[{\"@type\":\"WebSite\",\"@id\":\"https:\/\/franciscanos.org.br\/noticias\/#website\",\"url\":\"https:\/\/franciscanos.org.br\/noticias\/\",\"name\":\"Not\u00edcias - Franciscanos\",\"description\":\"Prov\u00edncia Franciscana da Imaculada Concei\u00e7\u00e3o do Brasil - Ordem dos Frades Menores - OFM\",\"potentialAction\":[{\"@type\":\"SearchAction\",\"target\":{\"@type\":\"EntryPoint\",\"urlTemplate\":\"https:\/\/franciscanos.org.br\/noticias\/?s={search_term_string}\"},\"query-input\":\"required name=search_term_string\"}],\"inLanguage\":\"pt-BR\"},{\"@type\":\"ImageObject\",\"inLanguage\":\"pt-BR\",\"@id\":\"https:\/\/franciscanos.org.br\/noticias\/novas-regras-de-acesso-de-automoveis-ao-campinho-do-convento.html#primaryimage\",\"url\":\"https:\/\/franciscanos.org.br\/noticias\/wp-content\/uploads\/2022\/04\/penha_0704.jpg\",\"contentUrl\":\"https:\/\/franciscanos.org.br\/noticias\/wp-content\/uploads\/2022\/04\/penha_0704.jpg\",\"width\":1024,\"height\":576},{\"@type\":\"WebPage\",\"@id\":\"https:\/\/franciscanos.org.br\/noticias\/novas-regras-de-acesso-de-automoveis-ao-campinho-do-convento.html#webpage\",\"url\":\"https:\/\/franciscanos.org.br\/noticias\/novas-regras-de-acesso-de-automoveis-ao-campinho-do-convento.html\",\"name\":\"Novas regras de acesso de autom\u00f3veis ao Campinho do Convento da Penha - Not\u00edcias - Franciscanos\",\"isPartOf\":{\"@id\":\"https:\/\/franciscanos.org.br\/noticias\/#website\"},\"primaryImageOfPage\":{\"@id\":\"https:\/\/franciscanos.org.br\/noticias\/novas-regras-de-acesso-de-automoveis-ao-campinho-do-convento.html#primaryimage\"},\"datePublished\":\"2022-04-07T13:24:43+00:00\",\"dateModified\":\"2022-04-07T13:25:28+00:00\",\"author\":{\"@id\":\"https:\/\/franciscanos.org.br\/noticias\/#\/schema\/person\/b5c8cba458c330ccff548b056e95a5d4\"},\"breadcrumb\":{\"@id\":\"https:\/\/franciscanos.org.br\/noticias\/novas-regras-de-acesso-de-automoveis-ao-campinho-do-convento.html#breadcrumb\"},\"inLanguage\":\"pt-BR\",\"potentialAction\":[{\"@type\":\"ReadAction\",\"target\":[\"https:\/\/franciscanos.org.br\/noticias\/novas-regras-de-acesso-de-automoveis-ao-campinho-do-convento.html\"]}]},{\"@type\":\"BreadcrumbList\",\"@id\":\"https:\/\/franciscanos.org.br\/noticias\/novas-regras-de-acesso-de-automoveis-ao-campinho-do-convento.html#breadcrumb\",\"itemListElement\":[{\"@type\":\"ListItem\",\"position\":1,\"name\":\"Home\",\"item\":\"https:\/\/franciscanos.org.br\/noticias\"},{\"@type\":\"ListItem\",\"position\":2,\"name\":\"Novas regras de acesso de autom\u00f3veis ao Campinho do Convento da Penha\"}]},{\"@type\":\"Person\",\"@id\":\"https:\/\/franciscanos.org.br\/noticias\/#\/schema\/person\/b5c8cba458c330ccff548b056e95a5d4\",\"name\":\"moacir\",\"image\":{\"@type\":\"ImageObject\",\"inLanguage\":\"pt-BR\",\"@id\":\"https:\/\/franciscanos.org.br\/noticias\/#\/schema\/person\/image\/\",\"url\":\"https:\/\/secure.gravatar.com\/avatar\/d08aa2ce4c8dd416d4479aa8536fcf64?s=96&d=mm&r=g\",\"contentUrl\":\"https:\/\/secure.gravatar.com\/avatar\/d08aa2ce4c8dd416d4479aa8536fcf64?s=96&d=mm&r=g\",\"caption\":\"moacir\"},\"url\":\"https:\/\/franciscanos.org.br\/noticias\/author\/moacir\"}]}<\/script>\n<!-- \/ Yoast SEO plugin. -->","yoast_head_json":{"title":"Novas regras de acesso de autom\u00f3veis ao Campinho do Convento da Penha - Not\u00edcias - Franciscanos","robots":{"index":"index","follow":"follow","max-snippet":"max-snippet:-1","max-image-preview":"max-image-preview:large","max-video-preview":"max-video-preview:-1"},"canonical":"https:\/\/franciscanos.org.br\/noticias\/novas-regras-de-acesso-de-automoveis-ao-campinho-do-convento.html","og_locale":"pt_BR","og_type":"article","og_title":"Novas regras de acesso de autom\u00f3veis ao Campinho do Convento da Penha - Not\u00edcias - Franciscanos","og_description":"Festa da Penha 2022","og_url":"https:\/\/franciscanos.org.br\/noticias\/novas-regras-de-acesso-de-automoveis-ao-campinho-do-convento.html","og_site_name":"Not\u00edcias - Franciscanos","article_published_time":"2022-04-07T13:24:43+00:00","article_modified_time":"2022-04-07T13:25:28+00:00","og_image":[{"width":1024,"height":576,"url":"https:\/\/franciscanos.org.br\/noticias\/wp-content\/uploads\/2022\/04\/penha_0704.jpg","type":"image\/jpeg"}],"author":"moacir","twitter_card":"summary_large_image","twitter_misc":{"Escrito por":"moacir","Est. tempo de leitura":"2 minutos"},"schema":{"@context":"https:\/\/schema.org","@graph":[{"@type":"WebSite","@id":"https:\/\/franciscanos.org.br\/noticias\/#website","url":"https:\/\/franciscanos.org.br\/noticias\/","name":"Not\u00edcias - Franciscanos","description":"Prov\u00edncia Franciscana da Imaculada Concei\u00e7\u00e3o do Brasil - Ordem dos Frades Menores - OFM","potentialAction":[{"@type":"SearchAction","target":{"@type":"EntryPoint","urlTemplate":"https:\/\/franciscanos.org.br\/noticias\/?s={search_term_string}"},"query-input":"required name=search_term_string"}],"inLanguage":"pt-BR"},{"@type":"ImageObject","inLanguage":"pt-BR","@id":"https:\/\/franciscanos.org.br\/noticias\/novas-regras-de-acesso-de-automoveis-ao-campinho-do-convento.html#primaryimage","url":"https:\/\/franciscanos.org.br\/noticias\/wp-content\/uploads\/2022\/04\/penha_0704.jpg","contentUrl":"https:\/\/franciscanos.org.br\/noticias\/wp-content\/uploads\/2022\/04\/penha_0704.jpg","width":1024,"height":576},{"@type":"WebPage","@id":"https:\/\/franciscanos.org.br\/noticias\/novas-regras-de-acesso-de-automoveis-ao-campinho-do-convento.html#webpage","url":"https:\/\/franciscanos.org.br\/noticias\/novas-regras-de-acesso-de-automoveis-ao-campinho-do-convento.html","name":"Novas regras de acesso de autom\u00f3veis ao Campinho do Convento da Penha - Not\u00edcias - Franciscanos","isPartOf":{"@id":"https:\/\/franciscanos.org.br\/noticias\/#website"},"primaryImageOfPage":{"@id":"https:\/\/franciscanos.org.br\/noticias\/novas-regras-de-acesso-de-automoveis-ao-campinho-do-convento.html#primaryimage"},"datePublished":"2022-04-07T13:24:43+00:00","dateModified":"2022-04-07T13:25:28+00:00","author":{"@id":"https:\/\/franciscanos.org.br\/noticias\/#\/schema\/person\/b5c8cba458c330ccff548b056e95a5d4"},"breadcrumb":{"@id":"https:\/\/franciscanos.org.br\/noticias\/novas-regras-de-acesso-de-automoveis-ao-campinho-do-convento.html#breadcrumb"},"inLanguage":"pt-BR","potentialAction":[{"@type":"ReadAction","target":["https:\/\/franciscanos.org.br\/noticias\/novas-regras-de-acesso-de-automoveis-ao-campinho-do-convento.html"]}]},{"@type":"BreadcrumbList","@id":"https:\/\/franciscanos.org.br\/noticias\/novas-regras-de-acesso-de-automoveis-ao-campinho-do-convento.html#breadcrumb","itemListElement":[{"@type":"ListItem","position":1,"name":"Home","item":"https:\/\/franciscanos.org.br\/noticias"},{"@type":"ListItem","position":2,"name":"Novas regras de acesso de autom\u00f3veis ao Campinho do Convento da Penha"}]},{"@type":"Person","@id":"https:\/\/franciscanos.org.br\/noticias\/#\/schema\/person\/b5c8cba458c330ccff548b056e95a5d4","name":"moacir","image":{"@type":"ImageObject","inLanguage":"pt-BR","@id":"https:\/\/franciscanos.org.br\/noticias\/#\/schema\/person\/image\/","url":"https:\/\/secure.gravatar.com\/avatar\/d08aa2ce4c8dd416d4479aa8536fcf64?s=96&d=mm&r=g","contentUrl":"https:\/\/secure.gravatar.com\/avatar\/d08aa2ce4c8dd416d4479aa8536fcf64?s=96&d=mm&r=g","caption":"moacir"},"url":"https:\/\/franciscanos.org.br\/noticias\/author\/moacir"}]}},"_links":{"self":[{"href":"https:\/\/franciscanos.org.br\/noticias\/wp-json\/wp\/v2\/posts\/237183"}],"collection":[{"href":"https:\/\/franciscanos.org.br\/noticias\/wp-json\/wp\/v2\/posts"}],"about":[{"href":"https:\/\/franciscanos.org.br\/noticias\/wp-json\/wp\/v2\/types\/post"}],"author":[{"embeddable":true,"href":"https:\/\/franciscanos.org.br\/noticias\/wp-json\/wp\/v2\/users\/3"}],"replies":[{"embeddable":true,"href":"https:\/\/franciscanos.org.br\/noticias\/wp-json\/wp\/v2\/comments?post=237183"}],"version-history":[{"count":2,"href":"https:\/\/franciscanos.org.br\/noticias\/wp-json\/wp\/v2\/posts\/237183\/revisions"}],"predecessor-version":[{"id":237186,"href":"https:\/\/franciscanos.org.br\/noticias\/wp-json\/wp\/v2\/posts\/237183\/revisions\/237186"}],"wp:featuredmedia":[{"embeddable":true,"href":"https:\/\/franciscanos.org.br\/noticias\/wp-json\/wp\/v2\/media\/237184"}],"wp:attachment":[{"href":"https:\/\/franciscanos.org.br\/noticias\/wp-json\/wp\/v2\/media?parent=237183"}],"wp:term":[{"taxonomy":"category","embeddable":true,"href":"https:\/\/franciscanos.org.br\/noticias\/wp-json\/wp\/v2\/categories?post=237183"},{"taxonomy":"post_tag","embeddable":true,"href":"https:\/\/franciscanos.org.br\/noticias\/wp-json\/wp\/v2\/tags?post=237183"}],"curies":[{"name":"wp","href":"https:\/\/api.w.org\/{rel}","templated":true}]}}