{"id":237175,"date":"2022-04-06T08:52:37","date_gmt":"2022-04-06T11:52:37","guid":{"rendered":"https:\/\/franciscanos.org.br\/noticias\/?p=237175"},"modified":"2022-04-07T06:51:39","modified_gmt":"2022-04-07T09:51:39","slug":"podcast-renato-pezenti-fala-da-influencia-das-tecnologias-na-formacao-do-ser-humano","status":"publish","type":"post","link":"https:\/\/franciscanos.org.br\/noticias\/podcast-renato-pezenti-fala-da-influencia-das-tecnologias-na-formacao-do-ser-humano.html","title":{"rendered":"Podcast: Renato Pezenti fala da influ\u00eancia das tecnologias na forma\u00e7\u00e3o do ser humano"},"content":{"rendered":"<p><img loading=\"lazy\" class=\"alignnone wp-image-237176 size-full\" src=\"https:\/\/franciscanos.org.br\/noticias\/wp-content\/uploads\/2022\/04\/pezenti_06.jpg\" alt=\"\" width=\"1280\" height=\"720\" srcset=\"https:\/\/franciscanos.org.br\/noticias\/wp-content\/uploads\/2022\/04\/pezenti_06.jpg 1280w, https:\/\/franciscanos.org.br\/noticias\/wp-content\/uploads\/2022\/04\/pezenti_06-450x253.jpg 450w, https:\/\/franciscanos.org.br\/noticias\/wp-content\/uploads\/2022\/04\/pezenti_06-1024x576.jpg 1024w, https:\/\/franciscanos.org.br\/noticias\/wp-content\/uploads\/2022\/04\/pezenti_06-768x432.jpg 768w, https:\/\/franciscanos.org.br\/noticias\/wp-content\/uploads\/2022\/04\/pezenti_06-150x84.jpg 150w\" sizes=\"(max-width: 1280px) 100vw, 1280px\" \/><\/p>\n<p>\u201cEduca\u00e7\u00e3o e tecnologia\u201d \u00e9 o tema deste d\u00e9cimo primeiro epis\u00f3dio da S\u00e9rie da Campanha da Fraternidade, promovida pela Prov\u00edncia da Imaculada Concei\u00e7\u00e3o, no formato <em>podcast. <\/em>O coordenador do Ensino \u00e0 Dist\u00e2ncia da Universidade S\u00e3o Francisco (USF), Renato Pezenti, conversou com Frei Gustavo Medella sobre este assunto, tendo em vista o tema \u201cFraternidade e Educa\u00e7\u00e3o\u201d e o lema \u201cFala com sabedoria, ensina com amor\u201d (cf. Pr 31, 26) da CF 2022.<\/p>\n<p><a href=\"https:\/\/open.spotify.com\/episode\/0QtTDxFBNHzXcRuM68TGCu\"><strong>OU\u00c7A TODO O PODCAST E COMPARTILHE!<\/strong><\/a><\/p>\n<p><iframe loading=\"lazy\" style=\"border-radius: 12px;\" src=\"https:\/\/open.spotify.com\/embed\/episode\/0QtTDxFBNHzXcRuM68TGCu?utm_source=generator\" width=\"100%\" height=\"232\" frameborder=\"0\" allowfullscreen=\"allowfullscreen\"><\/iframe><\/p>\n<p>Na educa\u00e7\u00e3o, a tecnologia tem se consolidado como uma plataforma importante para o ensino, para o aprendizado. Mas al\u00e9m de ser essa plataforma t\u00e9cnica, esse lugar de comunica\u00e7\u00e3o, ela tamb\u00e9m est\u00e1 influindo na forma\u00e7\u00e3o do ser humano como um todo.<\/p>\n<p>&#8220;Antes de mais nada, a forma\u00e7\u00e3o do ser humano \u00e9 constante. Estamos em forma\u00e7\u00e3o o tempo todo, \u00e0s vezes em evolu\u00e7\u00e3o, \u00e0s vezes em involu\u00e7\u00e3o. E acredito que, em grande medida, a forma\u00e7\u00e3o do ser humano acontece numa din\u00e2mica de relacionamento, seja no relacionamento interpessoal, com colegas do trabalho, seja tamb\u00e9m na rela\u00e7\u00e3o com a natureza, na rela\u00e7\u00e3o com os dramas humanos e tamb\u00e9m com a tecnologia. Eu acredito que, nesse caso, a tecnologia n\u00e3o \u00e9 s\u00f3 mais uma frente de relacionamento, mas ela \u00e9 um meio que revolucionou ou tem revolucionado fortemente as nossas formas de rela\u00e7\u00e3o&#8221;, avalia o professor.<\/p>\n<p>Segundo ele, as tecnologias influenciaram tamb\u00e9m a nossa maneira de nos relacionarmos com o tempo e com o espa\u00e7o. &#8220;Eu gosto da imagem que as tecnologias nos deixaram menos anal\u00f3gicos. O relacionamento se tornou muito mais din\u00e2mico. A rela\u00e7\u00e3o com o tempo ficou mais fora do ambiente: no hor\u00e1rio comercial, com o relacionamento profissional, e em outros hor\u00e1rios o relacionamento fraterno, familiar, etc. Essas fronteiras de rela\u00e7\u00e3o com o tempo mudaram muito e a rela\u00e7\u00e3o com o espa\u00e7o tamb\u00e9m. N\u00f3s temos oportunidade &#8211; e isso julgo como muito interessante &#8211; de nos relacionarmos com pessoas do outro lado do mundo ou mesmo que est\u00e3o distantes de n\u00f3s, com muito mais facilidade. Acho que isso incide fortemente sobre o perfil do ser humano e, claro, sobre sua forma\u00e7\u00e3o&#8221;, observa Pezenti.<\/p>\n<p>Pezenti fala das vantagens e dos limites da educa\u00e7\u00e3o a dist\u00e2ncia, principalmente depois do crescimento das tecnologias nesses dois anos de pandemia. &#8220;Eu acredito que a educa\u00e7\u00e3o a dist\u00e2ncia, \u00e9 claro, tem uma vincula\u00e7\u00e3o muito forte com a tecnologia, especialmente as Tecnologias da Informa\u00e7\u00e3o, que potencializaram muito os meios atrav\u00e9s dos quais a educa\u00e7\u00e3o a dist\u00e2ncia acontece. Ela est\u00e1 mergulhada nesse processo que afeta a nossa din\u00e2mica de relacionamento, muda, na verdade, a nossa pr\u00f3pria din\u00e2mica de vida, de organiza\u00e7\u00e3o da vida, muda a forma de nos alimentarmos, de nos transportarmos e muda a din\u00e2mica de comunica\u00e7\u00e3o, mudando tamb\u00e9m as din\u00e2micas da pr\u00f3pria educa\u00e7\u00e3o. E, nesse sentido, a educa\u00e7\u00e3o a dist\u00e2ncia entra como uma express\u00e3o muito forte desse advento da tecnologia&#8221;, ressalta Pezenti.<\/p>\n<p>Segundo o coordenador da USF, ele mesmo no come\u00e7o n\u00e3o acreditava na EAD. &#8220;Fui convertido para a educa\u00e7\u00e3o a dist\u00e2ncia pelos estudantes, porque trabalhava diretamente com eles, e ouvia relatos de estudantes que, com absoluta certeza, jamais teriam acesso ao ensino superior n\u00e3o fosse a educa\u00e7\u00e3o a dist\u00e2ncia. Por v\u00e1rios fatores, inclusive fatores de ordem econ\u00f4mica. A educa\u00e7\u00e3o a dist\u00e2ncia permite, ainda n\u00e3o sendo poss\u00edvel o acesso ao ensino superior p\u00fablico e gratuito para todos, que esse acesso fique facilitado por conta de praticar valores mais acess\u00edveis e por conta da flexibilidade do tempo. Me lembro de uma senhora que acordava de madrugada, tirava leite de suas vacas, l\u00e1 no interior de Santa Catarina, costurava o dia todo, e a\u00ed encontrava f\u00f4lego para algumas vezes por semana vir at\u00e9 a universidade ou terminar seu dia estudando. Essa senhora, que se locomovia quase 100 km para chegar no polo de educa\u00e7\u00e3o a dist\u00e2ncia, jamais teria tido oportunidade de aceder ao ensino superior. Ent\u00e3o, isso eu acho que \u00e9 um grande s\u00edmbolo da vantagem da educa\u00e7\u00e3o a dist\u00e2ncia. E eu chamo isso a\u00ed de acessibilidade, inclus\u00e3o, de democratiza\u00e7\u00e3o do ensino superior, que ainda \u00e9 uma dor no Brasil porque um percentual muito pequeno tem o ensino superior&#8221;, explica Pezenti.<\/p>\n<p>Para ele, no caso espec\u00edfico do ensino superior, a educa\u00e7\u00e3o a dist\u00e2ncia cumpre um papel muito importante, mas esse cen\u00e1rio muda na educa\u00e7\u00e3o b\u00e1sica, onde a equa\u00e7\u00e3o \u00e9 um pouco diferente. &#8220;Felizmente existe um acesso significativo \u00e0 educa\u00e7\u00e3o b\u00e1sica para as crian\u00e7as at\u00e9 os 14 anos. Grandes desafios existem ainda, especialmente quando a gente vai para ambientes de limites de acesso \u00e0 renda, acesso ao trabalho cada vez mais precoce, o que aparta os jovens da educa\u00e7\u00e3o. No entanto, a educa\u00e7\u00e3o b\u00e1sica cumpre um papel louv\u00e1vel nesse sentido. Mas talvez a dor a\u00ed seja a possibilidade de acesso \u00e0 tecnologia, tendo em vista ser este um pressuposto de educa\u00e7\u00e3o a dist\u00e2ncia. Este seria, a meu ver, um primeiro desafio. Tamb\u00e9m em termos de desafios, o desenvolvimento das tecnologias ainda nos imp\u00f5e buscarmos novas formas de intera\u00e7\u00e3o. E a\u00ed quando a gente vem para aquele tipo de intera\u00e7\u00e3o que imperativamente precisa acontecer de forma presencial, por exemplo, alguma din\u00e2mica de aprendizagem que demande laborat\u00f3rios ou at\u00e9 intera\u00e7\u00e3o em grupos, a gente encontra algum limite. E talvez a tecnologia n\u00e3o vai dar conta de superar essa fronteira. Enquanto limite especificamente eu vou tamb\u00e9m nesse sentido. Acho que n\u00f3s temos uma interpela\u00e7\u00e3o de rela\u00e7\u00e3o e intera\u00e7\u00e3o que passa pelo f\u00edsico. Eu acho que a corporeidade \u00e9 um elemento fundamental da rela\u00e7\u00e3o humana. \u00a0A Campanha da Fraternidade nos faz esse apelo de ensinar com amor, com sabedoria. O amor acho que \u00e9 um apelo da dimens\u00e3o do afeto, do cuidado que de novo traz para o centro o discurso da corporeidade. E claro, de novo, o limite ainda de acesso \u00e0 tecnologia e passando por quest\u00f5es b\u00e1sicas como acesso \u00e0 internet de qualidade, que ainda \u00e9 um desafio muito grande de algumas realidades do nosso grande Brasil\u201d.<\/p>\n<hr \/>\n<h3><a href=\"https:\/\/franciscanos.org.br\/noticias\/cf-2022-provincia-lanca-serie-de-podcasts-acompanhe.html#gsc.tab=0\">ACOMPANHE A S\u00c9RIE DA CF 2022<\/a><\/h3>\n","protected":false},"excerpt":{"rendered":"<p>S\u00e9rie Especial CF 2022<\/p>\n","protected":false},"author":3,"featured_media":237176,"comment_status":"open","ping_status":"open","sticky":false,"template":"","format":"standard","meta":[],"categories":[1],"tags":[1986],"acf":[],"yoast_head":"<!-- This site is optimized with the Yoast SEO plugin v19.2 - https:\/\/yoast.com\/wordpress\/plugins\/seo\/ -->\n<title>Podcast: Renato Pezenti fala da influ\u00eancia das tecnologias na forma\u00e7\u00e3o do ser humano - Not\u00edcias - Franciscanos<\/title>\n<meta name=\"robots\" content=\"index, follow, max-snippet:-1, max-image-preview:large, max-video-preview:-1\" \/>\n<link rel=\"canonical\" href=\"https:\/\/franciscanos.org.br\/noticias\/podcast-renato-pezenti-fala-da-influencia-das-tecnologias-na-formacao-do-ser-humano.html\" \/>\n<meta property=\"og:locale\" content=\"pt_BR\" \/>\n<meta property=\"og:type\" content=\"article\" \/>\n<meta property=\"og:title\" content=\"Podcast: Renato Pezenti fala da influ\u00eancia das tecnologias na forma\u00e7\u00e3o do ser humano - Not\u00edcias - Franciscanos\" \/>\n<meta property=\"og:description\" content=\"S\u00e9rie Especial CF 2022\" \/>\n<meta property=\"og:url\" content=\"https:\/\/franciscanos.org.br\/noticias\/podcast-renato-pezenti-fala-da-influencia-das-tecnologias-na-formacao-do-ser-humano.html\" \/>\n<meta property=\"og:site_name\" content=\"Not\u00edcias - Franciscanos\" \/>\n<meta property=\"article:published_time\" content=\"2022-04-06T11:52:37+00:00\" \/>\n<meta property=\"article:modified_time\" content=\"2022-04-07T09:51:39+00:00\" \/>\n<meta property=\"og:image\" content=\"https:\/\/franciscanos.org.br\/noticias\/wp-content\/uploads\/2022\/04\/pezenti_06.jpg\" \/>\n\t<meta property=\"og:image:width\" content=\"1280\" \/>\n\t<meta property=\"og:image:height\" content=\"720\" \/>\n\t<meta property=\"og:image:type\" content=\"image\/jpeg\" \/>\n<meta name=\"author\" content=\"moacir\" \/>\n<meta name=\"twitter:card\" content=\"summary_large_image\" \/>\n<meta name=\"twitter:label1\" content=\"Escrito por\" \/>\n\t<meta name=\"twitter:data1\" content=\"moacir\" \/>\n\t<meta name=\"twitter:label2\" content=\"Est. tempo de leitura\" \/>\n\t<meta name=\"twitter:data2\" content=\"5 minutos\" \/>\n<script type=\"application\/ld+json\" class=\"yoast-schema-graph\">{\"@context\":\"https:\/\/schema.org\",\"@graph\":[{\"@type\":\"WebSite\",\"@id\":\"https:\/\/franciscanos.org.br\/noticias\/#website\",\"url\":\"https:\/\/franciscanos.org.br\/noticias\/\",\"name\":\"Not\u00edcias - Franciscanos\",\"description\":\"Prov\u00edncia Franciscana da Imaculada Concei\u00e7\u00e3o do Brasil - Ordem dos Frades Menores - OFM\",\"potentialAction\":[{\"@type\":\"SearchAction\",\"target\":{\"@type\":\"EntryPoint\",\"urlTemplate\":\"https:\/\/franciscanos.org.br\/noticias\/?s={search_term_string}\"},\"query-input\":\"required name=search_term_string\"}],\"inLanguage\":\"pt-BR\"},{\"@type\":\"ImageObject\",\"inLanguage\":\"pt-BR\",\"@id\":\"https:\/\/franciscanos.org.br\/noticias\/podcast-renato-pezenti-fala-da-influencia-das-tecnologias-na-formacao-do-ser-humano.html#primaryimage\",\"url\":\"https:\/\/franciscanos.org.br\/noticias\/wp-content\/uploads\/2022\/04\/pezenti_06.jpg\",\"contentUrl\":\"https:\/\/franciscanos.org.br\/noticias\/wp-content\/uploads\/2022\/04\/pezenti_06.jpg\",\"width\":1280,\"height\":720},{\"@type\":\"WebPage\",\"@id\":\"https:\/\/franciscanos.org.br\/noticias\/podcast-renato-pezenti-fala-da-influencia-das-tecnologias-na-formacao-do-ser-humano.html#webpage\",\"url\":\"https:\/\/franciscanos.org.br\/noticias\/podcast-renato-pezenti-fala-da-influencia-das-tecnologias-na-formacao-do-ser-humano.html\",\"name\":\"Podcast: Renato Pezenti fala da influ\u00eancia das tecnologias na forma\u00e7\u00e3o do ser humano - Not\u00edcias - Franciscanos\",\"isPartOf\":{\"@id\":\"https:\/\/franciscanos.org.br\/noticias\/#website\"},\"primaryImageOfPage\":{\"@id\":\"https:\/\/franciscanos.org.br\/noticias\/podcast-renato-pezenti-fala-da-influencia-das-tecnologias-na-formacao-do-ser-humano.html#primaryimage\"},\"datePublished\":\"2022-04-06T11:52:37+00:00\",\"dateModified\":\"2022-04-07T09:51:39+00:00\",\"author\":{\"@id\":\"https:\/\/franciscanos.org.br\/noticias\/#\/schema\/person\/b5c8cba458c330ccff548b056e95a5d4\"},\"breadcrumb\":{\"@id\":\"https:\/\/franciscanos.org.br\/noticias\/podcast-renato-pezenti-fala-da-influencia-das-tecnologias-na-formacao-do-ser-humano.html#breadcrumb\"},\"inLanguage\":\"pt-BR\",\"potentialAction\":[{\"@type\":\"ReadAction\",\"target\":[\"https:\/\/franciscanos.org.br\/noticias\/podcast-renato-pezenti-fala-da-influencia-das-tecnologias-na-formacao-do-ser-humano.html\"]}]},{\"@type\":\"BreadcrumbList\",\"@id\":\"https:\/\/franciscanos.org.br\/noticias\/podcast-renato-pezenti-fala-da-influencia-das-tecnologias-na-formacao-do-ser-humano.html#breadcrumb\",\"itemListElement\":[{\"@type\":\"ListItem\",\"position\":1,\"name\":\"Home\",\"item\":\"https:\/\/franciscanos.org.br\/noticias\"},{\"@type\":\"ListItem\",\"position\":2,\"name\":\"Podcast: Renato Pezenti fala da influ\u00eancia das tecnologias na forma\u00e7\u00e3o do ser humano\"}]},{\"@type\":\"Person\",\"@id\":\"https:\/\/franciscanos.org.br\/noticias\/#\/schema\/person\/b5c8cba458c330ccff548b056e95a5d4\",\"name\":\"moacir\",\"image\":{\"@type\":\"ImageObject\",\"inLanguage\":\"pt-BR\",\"@id\":\"https:\/\/franciscanos.org.br\/noticias\/#\/schema\/person\/image\/\",\"url\":\"https:\/\/secure.gravatar.com\/avatar\/d08aa2ce4c8dd416d4479aa8536fcf64?s=96&d=mm&r=g\",\"contentUrl\":\"https:\/\/secure.gravatar.com\/avatar\/d08aa2ce4c8dd416d4479aa8536fcf64?s=96&d=mm&r=g\",\"caption\":\"moacir\"},\"url\":\"https:\/\/franciscanos.org.br\/noticias\/author\/moacir\"}]}<\/script>\n<!-- \/ Yoast SEO plugin. -->","yoast_head_json":{"title":"Podcast: Renato Pezenti fala da influ\u00eancia das tecnologias na forma\u00e7\u00e3o do ser humano - Not\u00edcias - Franciscanos","robots":{"index":"index","follow":"follow","max-snippet":"max-snippet:-1","max-image-preview":"max-image-preview:large","max-video-preview":"max-video-preview:-1"},"canonical":"https:\/\/franciscanos.org.br\/noticias\/podcast-renato-pezenti-fala-da-influencia-das-tecnologias-na-formacao-do-ser-humano.html","og_locale":"pt_BR","og_type":"article","og_title":"Podcast: Renato Pezenti fala da influ\u00eancia das tecnologias na forma\u00e7\u00e3o do ser humano - Not\u00edcias - Franciscanos","og_description":"S\u00e9rie Especial CF 2022","og_url":"https:\/\/franciscanos.org.br\/noticias\/podcast-renato-pezenti-fala-da-influencia-das-tecnologias-na-formacao-do-ser-humano.html","og_site_name":"Not\u00edcias - Franciscanos","article_published_time":"2022-04-06T11:52:37+00:00","article_modified_time":"2022-04-07T09:51:39+00:00","og_image":[{"width":1280,"height":720,"url":"https:\/\/franciscanos.org.br\/noticias\/wp-content\/uploads\/2022\/04\/pezenti_06.jpg","type":"image\/jpeg"}],"author":"moacir","twitter_card":"summary_large_image","twitter_misc":{"Escrito por":"moacir","Est. tempo de leitura":"5 minutos"},"schema":{"@context":"https:\/\/schema.org","@graph":[{"@type":"WebSite","@id":"https:\/\/franciscanos.org.br\/noticias\/#website","url":"https:\/\/franciscanos.org.br\/noticias\/","name":"Not\u00edcias - Franciscanos","description":"Prov\u00edncia Franciscana da Imaculada Concei\u00e7\u00e3o do Brasil - Ordem dos Frades Menores - OFM","potentialAction":[{"@type":"SearchAction","target":{"@type":"EntryPoint","urlTemplate":"https:\/\/franciscanos.org.br\/noticias\/?s={search_term_string}"},"query-input":"required name=search_term_string"}],"inLanguage":"pt-BR"},{"@type":"ImageObject","inLanguage":"pt-BR","@id":"https:\/\/franciscanos.org.br\/noticias\/podcast-renato-pezenti-fala-da-influencia-das-tecnologias-na-formacao-do-ser-humano.html#primaryimage","url":"https:\/\/franciscanos.org.br\/noticias\/wp-content\/uploads\/2022\/04\/pezenti_06.jpg","contentUrl":"https:\/\/franciscanos.org.br\/noticias\/wp-content\/uploads\/2022\/04\/pezenti_06.jpg","width":1280,"height":720},{"@type":"WebPage","@id":"https:\/\/franciscanos.org.br\/noticias\/podcast-renato-pezenti-fala-da-influencia-das-tecnologias-na-formacao-do-ser-humano.html#webpage","url":"https:\/\/franciscanos.org.br\/noticias\/podcast-renato-pezenti-fala-da-influencia-das-tecnologias-na-formacao-do-ser-humano.html","name":"Podcast: Renato Pezenti fala da influ\u00eancia das tecnologias na forma\u00e7\u00e3o do ser humano - Not\u00edcias - Franciscanos","isPartOf":{"@id":"https:\/\/franciscanos.org.br\/noticias\/#website"},"primaryImageOfPage":{"@id":"https:\/\/franciscanos.org.br\/noticias\/podcast-renato-pezenti-fala-da-influencia-das-tecnologias-na-formacao-do-ser-humano.html#primaryimage"},"datePublished":"2022-04-06T11:52:37+00:00","dateModified":"2022-04-07T09:51:39+00:00","author":{"@id":"https:\/\/franciscanos.org.br\/noticias\/#\/schema\/person\/b5c8cba458c330ccff548b056e95a5d4"},"breadcrumb":{"@id":"https:\/\/franciscanos.org.br\/noticias\/podcast-renato-pezenti-fala-da-influencia-das-tecnologias-na-formacao-do-ser-humano.html#breadcrumb"},"inLanguage":"pt-BR","potentialAction":[{"@type":"ReadAction","target":["https:\/\/franciscanos.org.br\/noticias\/podcast-renato-pezenti-fala-da-influencia-das-tecnologias-na-formacao-do-ser-humano.html"]}]},{"@type":"BreadcrumbList","@id":"https:\/\/franciscanos.org.br\/noticias\/podcast-renato-pezenti-fala-da-influencia-das-tecnologias-na-formacao-do-ser-humano.html#breadcrumb","itemListElement":[{"@type":"ListItem","position":1,"name":"Home","item":"https:\/\/franciscanos.org.br\/noticias"},{"@type":"ListItem","position":2,"name":"Podcast: Renato Pezenti fala da influ\u00eancia das tecnologias na forma\u00e7\u00e3o do ser humano"}]},{"@type":"Person","@id":"https:\/\/franciscanos.org.br\/noticias\/#\/schema\/person\/b5c8cba458c330ccff548b056e95a5d4","name":"moacir","image":{"@type":"ImageObject","inLanguage":"pt-BR","@id":"https:\/\/franciscanos.org.br\/noticias\/#\/schema\/person\/image\/","url":"https:\/\/secure.gravatar.com\/avatar\/d08aa2ce4c8dd416d4479aa8536fcf64?s=96&d=mm&r=g","contentUrl":"https:\/\/secure.gravatar.com\/avatar\/d08aa2ce4c8dd416d4479aa8536fcf64?s=96&d=mm&r=g","caption":"moacir"},"url":"https:\/\/franciscanos.org.br\/noticias\/author\/moacir"}]}},"_links":{"self":[{"href":"https:\/\/franciscanos.org.br\/noticias\/wp-json\/wp\/v2\/posts\/237175"}],"collection":[{"href":"https:\/\/franciscanos.org.br\/noticias\/wp-json\/wp\/v2\/posts"}],"about":[{"href":"https:\/\/franciscanos.org.br\/noticias\/wp-json\/wp\/v2\/types\/post"}],"author":[{"embeddable":true,"href":"https:\/\/franciscanos.org.br\/noticias\/wp-json\/wp\/v2\/users\/3"}],"replies":[{"embeddable":true,"href":"https:\/\/franciscanos.org.br\/noticias\/wp-json\/wp\/v2\/comments?post=237175"}],"version-history":[{"count":3,"href":"https:\/\/franciscanos.org.br\/noticias\/wp-json\/wp\/v2\/posts\/237175\/revisions"}],"predecessor-version":[{"id":237180,"href":"https:\/\/franciscanos.org.br\/noticias\/wp-json\/wp\/v2\/posts\/237175\/revisions\/237180"}],"wp:featuredmedia":[{"embeddable":true,"href":"https:\/\/franciscanos.org.br\/noticias\/wp-json\/wp\/v2\/media\/237176"}],"wp:attachment":[{"href":"https:\/\/franciscanos.org.br\/noticias\/wp-json\/wp\/v2\/media?parent=237175"}],"wp:term":[{"taxonomy":"category","embeddable":true,"href":"https:\/\/franciscanos.org.br\/noticias\/wp-json\/wp\/v2\/categories?post=237175"},{"taxonomy":"post_tag","embeddable":true,"href":"https:\/\/franciscanos.org.br\/noticias\/wp-json\/wp\/v2\/tags?post=237175"}],"curies":[{"name":"wp","href":"https:\/\/api.w.org\/{rel}","templated":true}]}}