{"id":237158,"date":"2022-04-05T12:44:36","date_gmt":"2022-04-05T15:44:36","guid":{"rendered":"https:\/\/franciscanos.org.br\/noticias\/?p=237158"},"modified":"2022-04-05T12:44:36","modified_gmt":"2022-04-05T15:44:36","slug":"unifag-comemora-20-anos-de-certificacao-com-ampliacao-de-suas-instalacoes","status":"publish","type":"post","link":"https:\/\/franciscanos.org.br\/noticias\/unifag-comemora-20-anos-de-certificacao-com-ampliacao-de-suas-instalacoes.html","title":{"rendered":"UNIFAG comemora 20 anos de certifica\u00e7\u00e3o com amplia\u00e7\u00e3o de suas instala\u00e7\u00f5es"},"content":{"rendered":"<p><img loading=\"lazy\" class=\"alignnone wp-image-237159 size-full\" src=\"https:\/\/franciscanos.org.br\/noticias\/wp-content\/uploads\/2022\/04\/unifag_05.jpg\" alt=\"\" width=\"900\" height=\"515\" srcset=\"https:\/\/franciscanos.org.br\/noticias\/wp-content\/uploads\/2022\/04\/unifag_05.jpg 900w, https:\/\/franciscanos.org.br\/noticias\/wp-content\/uploads\/2022\/04\/unifag_05-450x258.jpg 450w, https:\/\/franciscanos.org.br\/noticias\/wp-content\/uploads\/2022\/04\/unifag_05-768x439.jpg 768w, https:\/\/franciscanos.org.br\/noticias\/wp-content\/uploads\/2022\/04\/unifag_05-150x86.jpg 150w\" sizes=\"(max-width: 900px) 100vw, 900px\" \/><\/p>\n<p>Com larga experi\u00eancia e tradi\u00e7\u00e3o, a Unidade Integrada de Farmacologia e Gastroenterologia (UNIFAG) comemora seus 21 anos de certifica\u00e7\u00e3o com um projeto de amplia\u00e7\u00e3o de sua estrutura f\u00edsica, sendo criada a Unidade Cl\u00ednica II, com inaugura\u00e7\u00e3o prevista para junho de 2022. A nova \u00e1rea tem um espa\u00e7o de aproximadamente 1.700m\u00b2 e 72 leitos, contando ainda consult\u00f3rios, salas de coleta, uma Unidade Semi intensiva de Terapia, farm\u00e1cia e espa\u00e7os administrativos, dentre outros. Com as duas unidades cl\u00ednicas, a UNIFAG contar\u00e1 com uma \u00e1rea total de cerca de 3 mil m\u00b2 com 120 leitos, aumentando sua capacidade em mais de 150%.<\/p>\n<p>Fundada em 1994, a UNIFAG, uma Unidade de Pesquisa da Universidade S\u00e3o Francisco (USF), mantida pela Casa de Nossa Senhora da Paz \u2013 A\u00e7\u00e3o Social Franciscana, \u00e9 um dos maiores Centros de Pesquisa de Bioequival\u00eancia do Brasil, voltada para a presta\u00e7\u00e3o de servi\u00e7os e para a pesquisa, contribuindo, assim, para a pol\u00edtica de sa\u00fade p\u00fablica e desenvolvimento cient\u00edfico e tecnol\u00f3gico no pa\u00eds.<\/p>\n<p><img loading=\"lazy\" class=\"alignnone wp-image-237160 size-full\" src=\"https:\/\/franciscanos.org.br\/noticias\/wp-content\/uploads\/2022\/04\/unifag_2.jpg\" alt=\"\" width=\"900\" height=\"494\" srcset=\"https:\/\/franciscanos.org.br\/noticias\/wp-content\/uploads\/2022\/04\/unifag_2.jpg 900w, https:\/\/franciscanos.org.br\/noticias\/wp-content\/uploads\/2022\/04\/unifag_2-450x247.jpg 450w, https:\/\/franciscanos.org.br\/noticias\/wp-content\/uploads\/2022\/04\/unifag_2-768x422.jpg 768w, https:\/\/franciscanos.org.br\/noticias\/wp-content\/uploads\/2022\/04\/unifag_2-150x82.jpg 150w\" sizes=\"(max-width: 900px) 100vw, 900px\" \/><\/p>\n<p>Na segunda fase do projeto, prevista para o segundo semestre de 2022, a UNIFAG ir\u00e1 ampliar sua estrutura anal\u00edtica em um novo pr\u00e9dio, que tamb\u00e9m abrigar\u00e1 os laborat\u00f3rios do Programa de P\u00f3s-Gradua\u00e7\u00e3o Stricto Sensu em Ci\u00eancias da Sa\u00fade da USF. Com as novas instala\u00e7\u00f5es, constituiremos um grande complexo de pesquisa em sa\u00fade e ser\u00e1 poss\u00edvel realizar estudos mais complexos e atender aos desafios da ind\u00fastria farmac\u00eautica, sempre na perspectiva de fomentar o desenvolvimento cient\u00edfico e tecnol\u00f3gico na \u00e1rea da sa\u00fade e democratizar o acesso aos medicamentos, comenta a Profa. M\u00e1rcia Aparecida Ant\u00f4nio, Pesquisadora Principal da UNIFAG.<\/p>\n<p>Para o Presidente da Casa de Nossa Senhora da Paz \u2013 A\u00e7\u00e3o Social Franciscana, mantenedora da UNIFAG, Frei Thiago Alexandre Hayakawa, a UNIFAG precisa estar em constante transforma\u00e7\u00e3o para manter e cumprir sua miss\u00e3o de contribuir com a consolida\u00e7\u00e3o do programa de medicamentos gen\u00e9ricos no Brasil e com a ci\u00eancia brasileira, com profissionalismo e capacidade t\u00e9cnica, origin\u00e1ria de sua tradi\u00e7\u00e3o e inquestion\u00e1vel idoneidade.<\/p>\n<hr \/>\n<p><em>Ana Paula Moreira<\/em><\/p>\n","protected":false},"excerpt":{"rendered":"<p>Universidade S\u00e3o Francisco<\/p>\n","protected":false},"author":3,"featured_media":237159,"comment_status":"open","ping_status":"open","sticky":false,"template":"","format":"standard","meta":[],"categories":[1],"tags":[354],"acf":[],"yoast_head":"<!-- This site is optimized with the Yoast SEO plugin v19.2 - https:\/\/yoast.com\/wordpress\/plugins\/seo\/ -->\n<title>UNIFAG comemora 20 anos de certifica\u00e7\u00e3o com amplia\u00e7\u00e3o de suas instala\u00e7\u00f5es - Not\u00edcias - Franciscanos<\/title>\n<meta name=\"robots\" content=\"index, follow, max-snippet:-1, max-image-preview:large, max-video-preview:-1\" \/>\n<link rel=\"canonical\" href=\"https:\/\/franciscanos.org.br\/noticias\/unifag-comemora-20-anos-de-certificacao-com-ampliacao-de-suas-instalacoes.html\" \/>\n<meta property=\"og:locale\" content=\"pt_BR\" \/>\n<meta property=\"og:type\" content=\"article\" \/>\n<meta property=\"og:title\" content=\"UNIFAG comemora 20 anos de certifica\u00e7\u00e3o com amplia\u00e7\u00e3o de suas instala\u00e7\u00f5es - Not\u00edcias - Franciscanos\" \/>\n<meta property=\"og:description\" content=\"Universidade S\u00e3o Francisco\" \/>\n<meta property=\"og:url\" content=\"https:\/\/franciscanos.org.br\/noticias\/unifag-comemora-20-anos-de-certificacao-com-ampliacao-de-suas-instalacoes.html\" \/>\n<meta property=\"og:site_name\" content=\"Not\u00edcias - Franciscanos\" \/>\n<meta property=\"article:published_time\" content=\"2022-04-05T15:44:36+00:00\" \/>\n<meta property=\"og:image\" content=\"https:\/\/franciscanos.org.br\/noticias\/wp-content\/uploads\/2022\/04\/unifag_05.jpg\" \/>\n\t<meta property=\"og:image:width\" content=\"900\" \/>\n\t<meta property=\"og:image:height\" content=\"515\" \/>\n\t<meta property=\"og:image:type\" content=\"image\/jpeg\" \/>\n<meta name=\"author\" content=\"moacir\" \/>\n<meta name=\"twitter:card\" content=\"summary_large_image\" \/>\n<meta name=\"twitter:label1\" content=\"Escrito por\" \/>\n\t<meta name=\"twitter:data1\" content=\"moacir\" \/>\n\t<meta name=\"twitter:label2\" content=\"Est. tempo de leitura\" \/>\n\t<meta name=\"twitter:data2\" content=\"2 minutos\" \/>\n<script type=\"application\/ld+json\" class=\"yoast-schema-graph\">{\"@context\":\"https:\/\/schema.org\",\"@graph\":[{\"@type\":\"WebSite\",\"@id\":\"https:\/\/franciscanos.org.br\/noticias\/#website\",\"url\":\"https:\/\/franciscanos.org.br\/noticias\/\",\"name\":\"Not\u00edcias - Franciscanos\",\"description\":\"Prov\u00edncia Franciscana da Imaculada Concei\u00e7\u00e3o do Brasil - Ordem dos Frades Menores - OFM\",\"potentialAction\":[{\"@type\":\"SearchAction\",\"target\":{\"@type\":\"EntryPoint\",\"urlTemplate\":\"https:\/\/franciscanos.org.br\/noticias\/?s={search_term_string}\"},\"query-input\":\"required name=search_term_string\"}],\"inLanguage\":\"pt-BR\"},{\"@type\":\"ImageObject\",\"inLanguage\":\"pt-BR\",\"@id\":\"https:\/\/franciscanos.org.br\/noticias\/unifag-comemora-20-anos-de-certificacao-com-ampliacao-de-suas-instalacoes.html#primaryimage\",\"url\":\"https:\/\/franciscanos.org.br\/noticias\/wp-content\/uploads\/2022\/04\/unifag_05.jpg\",\"contentUrl\":\"https:\/\/franciscanos.org.br\/noticias\/wp-content\/uploads\/2022\/04\/unifag_05.jpg\",\"width\":900,\"height\":515},{\"@type\":\"WebPage\",\"@id\":\"https:\/\/franciscanos.org.br\/noticias\/unifag-comemora-20-anos-de-certificacao-com-ampliacao-de-suas-instalacoes.html#webpage\",\"url\":\"https:\/\/franciscanos.org.br\/noticias\/unifag-comemora-20-anos-de-certificacao-com-ampliacao-de-suas-instalacoes.html\",\"name\":\"UNIFAG comemora 20 anos de certifica\u00e7\u00e3o com amplia\u00e7\u00e3o de suas instala\u00e7\u00f5es - Not\u00edcias - Franciscanos\",\"isPartOf\":{\"@id\":\"https:\/\/franciscanos.org.br\/noticias\/#website\"},\"primaryImageOfPage\":{\"@id\":\"https:\/\/franciscanos.org.br\/noticias\/unifag-comemora-20-anos-de-certificacao-com-ampliacao-de-suas-instalacoes.html#primaryimage\"},\"datePublished\":\"2022-04-05T15:44:36+00:00\",\"dateModified\":\"2022-04-05T15:44:36+00:00\",\"author\":{\"@id\":\"https:\/\/franciscanos.org.br\/noticias\/#\/schema\/person\/b5c8cba458c330ccff548b056e95a5d4\"},\"breadcrumb\":{\"@id\":\"https:\/\/franciscanos.org.br\/noticias\/unifag-comemora-20-anos-de-certificacao-com-ampliacao-de-suas-instalacoes.html#breadcrumb\"},\"inLanguage\":\"pt-BR\",\"potentialAction\":[{\"@type\":\"ReadAction\",\"target\":[\"https:\/\/franciscanos.org.br\/noticias\/unifag-comemora-20-anos-de-certificacao-com-ampliacao-de-suas-instalacoes.html\"]}]},{\"@type\":\"BreadcrumbList\",\"@id\":\"https:\/\/franciscanos.org.br\/noticias\/unifag-comemora-20-anos-de-certificacao-com-ampliacao-de-suas-instalacoes.html#breadcrumb\",\"itemListElement\":[{\"@type\":\"ListItem\",\"position\":1,\"name\":\"Home\",\"item\":\"https:\/\/franciscanos.org.br\/noticias\"},{\"@type\":\"ListItem\",\"position\":2,\"name\":\"UNIFAG comemora 20 anos de certifica\u00e7\u00e3o com amplia\u00e7\u00e3o de suas instala\u00e7\u00f5es\"}]},{\"@type\":\"Person\",\"@id\":\"https:\/\/franciscanos.org.br\/noticias\/#\/schema\/person\/b5c8cba458c330ccff548b056e95a5d4\",\"name\":\"moacir\",\"image\":{\"@type\":\"ImageObject\",\"inLanguage\":\"pt-BR\",\"@id\":\"https:\/\/franciscanos.org.br\/noticias\/#\/schema\/person\/image\/\",\"url\":\"https:\/\/secure.gravatar.com\/avatar\/d08aa2ce4c8dd416d4479aa8536fcf64?s=96&d=mm&r=g\",\"contentUrl\":\"https:\/\/secure.gravatar.com\/avatar\/d08aa2ce4c8dd416d4479aa8536fcf64?s=96&d=mm&r=g\",\"caption\":\"moacir\"},\"url\":\"https:\/\/franciscanos.org.br\/noticias\/author\/moacir\"}]}<\/script>\n<!-- \/ Yoast SEO plugin. -->","yoast_head_json":{"title":"UNIFAG comemora 20 anos de certifica\u00e7\u00e3o com amplia\u00e7\u00e3o de suas instala\u00e7\u00f5es - Not\u00edcias - Franciscanos","robots":{"index":"index","follow":"follow","max-snippet":"max-snippet:-1","max-image-preview":"max-image-preview:large","max-video-preview":"max-video-preview:-1"},"canonical":"https:\/\/franciscanos.org.br\/noticias\/unifag-comemora-20-anos-de-certificacao-com-ampliacao-de-suas-instalacoes.html","og_locale":"pt_BR","og_type":"article","og_title":"UNIFAG comemora 20 anos de certifica\u00e7\u00e3o com amplia\u00e7\u00e3o de suas instala\u00e7\u00f5es - Not\u00edcias - Franciscanos","og_description":"Universidade S\u00e3o Francisco","og_url":"https:\/\/franciscanos.org.br\/noticias\/unifag-comemora-20-anos-de-certificacao-com-ampliacao-de-suas-instalacoes.html","og_site_name":"Not\u00edcias - Franciscanos","article_published_time":"2022-04-05T15:44:36+00:00","og_image":[{"width":900,"height":515,"url":"https:\/\/franciscanos.org.br\/noticias\/wp-content\/uploads\/2022\/04\/unifag_05.jpg","type":"image\/jpeg"}],"author":"moacir","twitter_card":"summary_large_image","twitter_misc":{"Escrito por":"moacir","Est. tempo de leitura":"2 minutos"},"schema":{"@context":"https:\/\/schema.org","@graph":[{"@type":"WebSite","@id":"https:\/\/franciscanos.org.br\/noticias\/#website","url":"https:\/\/franciscanos.org.br\/noticias\/","name":"Not\u00edcias - Franciscanos","description":"Prov\u00edncia Franciscana da Imaculada Concei\u00e7\u00e3o do Brasil - Ordem dos Frades Menores - OFM","potentialAction":[{"@type":"SearchAction","target":{"@type":"EntryPoint","urlTemplate":"https:\/\/franciscanos.org.br\/noticias\/?s={search_term_string}"},"query-input":"required name=search_term_string"}],"inLanguage":"pt-BR"},{"@type":"ImageObject","inLanguage":"pt-BR","@id":"https:\/\/franciscanos.org.br\/noticias\/unifag-comemora-20-anos-de-certificacao-com-ampliacao-de-suas-instalacoes.html#primaryimage","url":"https:\/\/franciscanos.org.br\/noticias\/wp-content\/uploads\/2022\/04\/unifag_05.jpg","contentUrl":"https:\/\/franciscanos.org.br\/noticias\/wp-content\/uploads\/2022\/04\/unifag_05.jpg","width":900,"height":515},{"@type":"WebPage","@id":"https:\/\/franciscanos.org.br\/noticias\/unifag-comemora-20-anos-de-certificacao-com-ampliacao-de-suas-instalacoes.html#webpage","url":"https:\/\/franciscanos.org.br\/noticias\/unifag-comemora-20-anos-de-certificacao-com-ampliacao-de-suas-instalacoes.html","name":"UNIFAG comemora 20 anos de certifica\u00e7\u00e3o com amplia\u00e7\u00e3o de suas instala\u00e7\u00f5es - Not\u00edcias - Franciscanos","isPartOf":{"@id":"https:\/\/franciscanos.org.br\/noticias\/#website"},"primaryImageOfPage":{"@id":"https:\/\/franciscanos.org.br\/noticias\/unifag-comemora-20-anos-de-certificacao-com-ampliacao-de-suas-instalacoes.html#primaryimage"},"datePublished":"2022-04-05T15:44:36+00:00","dateModified":"2022-04-05T15:44:36+00:00","author":{"@id":"https:\/\/franciscanos.org.br\/noticias\/#\/schema\/person\/b5c8cba458c330ccff548b056e95a5d4"},"breadcrumb":{"@id":"https:\/\/franciscanos.org.br\/noticias\/unifag-comemora-20-anos-de-certificacao-com-ampliacao-de-suas-instalacoes.html#breadcrumb"},"inLanguage":"pt-BR","potentialAction":[{"@type":"ReadAction","target":["https:\/\/franciscanos.org.br\/noticias\/unifag-comemora-20-anos-de-certificacao-com-ampliacao-de-suas-instalacoes.html"]}]},{"@type":"BreadcrumbList","@id":"https:\/\/franciscanos.org.br\/noticias\/unifag-comemora-20-anos-de-certificacao-com-ampliacao-de-suas-instalacoes.html#breadcrumb","itemListElement":[{"@type":"ListItem","position":1,"name":"Home","item":"https:\/\/franciscanos.org.br\/noticias"},{"@type":"ListItem","position":2,"name":"UNIFAG comemora 20 anos de certifica\u00e7\u00e3o com amplia\u00e7\u00e3o de suas instala\u00e7\u00f5es"}]},{"@type":"Person","@id":"https:\/\/franciscanos.org.br\/noticias\/#\/schema\/person\/b5c8cba458c330ccff548b056e95a5d4","name":"moacir","image":{"@type":"ImageObject","inLanguage":"pt-BR","@id":"https:\/\/franciscanos.org.br\/noticias\/#\/schema\/person\/image\/","url":"https:\/\/secure.gravatar.com\/avatar\/d08aa2ce4c8dd416d4479aa8536fcf64?s=96&d=mm&r=g","contentUrl":"https:\/\/secure.gravatar.com\/avatar\/d08aa2ce4c8dd416d4479aa8536fcf64?s=96&d=mm&r=g","caption":"moacir"},"url":"https:\/\/franciscanos.org.br\/noticias\/author\/moacir"}]}},"_links":{"self":[{"href":"https:\/\/franciscanos.org.br\/noticias\/wp-json\/wp\/v2\/posts\/237158"}],"collection":[{"href":"https:\/\/franciscanos.org.br\/noticias\/wp-json\/wp\/v2\/posts"}],"about":[{"href":"https:\/\/franciscanos.org.br\/noticias\/wp-json\/wp\/v2\/types\/post"}],"author":[{"embeddable":true,"href":"https:\/\/franciscanos.org.br\/noticias\/wp-json\/wp\/v2\/users\/3"}],"replies":[{"embeddable":true,"href":"https:\/\/franciscanos.org.br\/noticias\/wp-json\/wp\/v2\/comments?post=237158"}],"version-history":[{"count":1,"href":"https:\/\/franciscanos.org.br\/noticias\/wp-json\/wp\/v2\/posts\/237158\/revisions"}],"predecessor-version":[{"id":237161,"href":"https:\/\/franciscanos.org.br\/noticias\/wp-json\/wp\/v2\/posts\/237158\/revisions\/237161"}],"wp:featuredmedia":[{"embeddable":true,"href":"https:\/\/franciscanos.org.br\/noticias\/wp-json\/wp\/v2\/media\/237159"}],"wp:attachment":[{"href":"https:\/\/franciscanos.org.br\/noticias\/wp-json\/wp\/v2\/media?parent=237158"}],"wp:term":[{"taxonomy":"category","embeddable":true,"href":"https:\/\/franciscanos.org.br\/noticias\/wp-json\/wp\/v2\/categories?post=237158"},{"taxonomy":"post_tag","embeddable":true,"href":"https:\/\/franciscanos.org.br\/noticias\/wp-json\/wp\/v2\/tags?post=237158"}],"curies":[{"name":"wp","href":"https:\/\/api.w.org\/{rel}","templated":true}]}}