{"id":237125,"date":"2022-04-04T06:02:42","date_gmt":"2022-04-04T09:02:42","guid":{"rendered":"https:\/\/franciscanos.org.br\/noticias\/?p=237125"},"modified":"2022-04-04T06:13:48","modified_gmt":"2022-04-04T09:13:48","slug":"coral-das-meninas-dos-canarinhos-recebe-novas-integrantes-e-lanca-musica-inedita","status":"publish","type":"post","link":"https:\/\/franciscanos.org.br\/noticias\/coral-das-meninas-dos-canarinhos-recebe-novas-integrantes-e-lanca-musica-inedita.html","title":{"rendered":"Coral das Meninas dos Canarinhos recebe novas integrantes e lan\u00e7a m\u00fasica in\u00e9dita"},"content":{"rendered":"<p>&nbsp;<\/p>\n<p><img loading=\"lazy\" class=\"alignnone size-full wp-image-237146\" src=\"https:\/\/franciscanos.org.br\/noticias\/wp-content\/uploads\/2022\/04\/meninas_destaque_01.jpg\" alt=\"\" width=\"1280\" height=\"853\" srcset=\"https:\/\/franciscanos.org.br\/noticias\/wp-content\/uploads\/2022\/04\/meninas_destaque_01.jpg 1280w, https:\/\/franciscanos.org.br\/noticias\/wp-content\/uploads\/2022\/04\/meninas_destaque_01-450x300.jpg 450w, https:\/\/franciscanos.org.br\/noticias\/wp-content\/uploads\/2022\/04\/meninas_destaque_01-1024x682.jpg 1024w, https:\/\/franciscanos.org.br\/noticias\/wp-content\/uploads\/2022\/04\/meninas_destaque_01-768x512.jpg 768w, https:\/\/franciscanos.org.br\/noticias\/wp-content\/uploads\/2022\/04\/meninas_destaque_01-150x100.jpg 150w\" sizes=\"(max-width: 1280px) 100vw, 1280px\" \/><\/p>\n<p><strong>Petr\u00f3polis (RJ) \u2013<\/strong> Neste domingo (3\/04), foi a vez do Coral das Meninas dos Canarinhos de Petr\u00f3polis receber novas integrantes para o seu coro principal. O Rito de Investidura de nove meninas se deu durante a Celebra\u00e7\u00e3o Eucar\u00edstica das 10 horas, na Igreja do Sagrado Cora\u00e7\u00e3o de Jesus. Frei Marcos Antonio de Andrade, presidente do Instituto dos Meninos Cantores (IMCP) e Definidor Provincial, presidiu a Santa Missa que contou com a presen\u00e7a de familiares, amigos e fi\u00e9is que lotaram a centen\u00e1ria Igreja da Rua Montecaseros. A celebra\u00e7\u00e3o tamb\u00e9m foi transmitida pela R\u00e1dio Imperial e pelas m\u00eddias digitais da Par\u00f3quia e dos Canarinhos.<\/p>\n<p>\u201c\u00c9 com muita alegria que mais uma vez nos reunimos no dia do Senhor para celebrarmos a nossa P\u00e1scoa semanal neste tempo forte da Quaresma. Nesta celebra\u00e7\u00e3o, tamb\u00e9m o nosso coro das meninas receber\u00e1 nove novas meninas\u201d, afirmou o celebrante.<\/p>\n<p><img loading=\"lazy\" class=\"alignnone size-full wp-image-237127\" src=\"https:\/\/franciscanos.org.br\/noticias\/wp-content\/uploads\/2022\/04\/meninas_0504_1.jpg\" alt=\"\" width=\"1280\" height=\"853\" srcset=\"https:\/\/franciscanos.org.br\/noticias\/wp-content\/uploads\/2022\/04\/meninas_0504_1.jpg 1280w, https:\/\/franciscanos.org.br\/noticias\/wp-content\/uploads\/2022\/04\/meninas_0504_1-450x300.jpg 450w, https:\/\/franciscanos.org.br\/noticias\/wp-content\/uploads\/2022\/04\/meninas_0504_1-1024x682.jpg 1024w, https:\/\/franciscanos.org.br\/noticias\/wp-content\/uploads\/2022\/04\/meninas_0504_1-768x512.jpg 768w, https:\/\/franciscanos.org.br\/noticias\/wp-content\/uploads\/2022\/04\/meninas_0504_1-150x100.jpg 150w\" sizes=\"(max-width: 1280px) 100vw, 1280px\" \/><\/p>\n<p><strong>RITO DA INVESTIDURA<\/strong><\/p>\n<p>Ap\u00f3s a homilia, Frei Marcos convidou o regente do Coral das Meninas dos Canarinhos, Marcelo Vizzani, para que fizesse a chamada das novas integrantes e explicou que esse chamado n\u00e3o \u00e9 feito pelo regente, mas sim, pelo pr\u00f3prio Deus. \u201cEste chamado \u00e9 para que voc\u00eas assumam uma importante miss\u00e3o no coro das meninas\u201d, disse.<\/p>\n\n\t\t<style type=\"text\/css\">\n\t\t\t#gallery-1 {\n\t\t\t\tmargin: auto;\n\t\t\t}\n\t\t\t#gallery-1 .gallery-item {\n\t\t\t\tfloat: left;\n\t\t\t\tmargin-top: 10px;\n\t\t\t\ttext-align: center;\n\t\t\t\twidth: 11%;\n\t\t\t}\n\t\t\t#gallery-1 img {\n\t\t\t\tborder: 2px solid #cfcfcf;\n\t\t\t}\n\t\t\t#gallery-1 .gallery-caption {\n\t\t\t\tmargin-left: 0;\n\t\t\t}\n\t\t\t\/* see gallery_shortcode() in wp-includes\/media.php *\/\n\t\t<\/style>\n\t\t<div id='gallery-1' class='gallery galleryid-237125 gallery-columns-9 gallery-size-thumbnail'><dl class='gallery-item'>\n\t\t\t<dt class='gallery-icon landscape'>\n\t\t\t\t<a href='https:\/\/franciscanos.org.br\/noticias\/wp-content\/uploads\/2022\/04\/meninas_03.jpg'><img width=\"300\" height=\"300\" src=\"https:\/\/franciscanos.org.br\/noticias\/wp-content\/uploads\/2022\/04\/meninas_03-300x300.jpg\" class=\"attachment-thumbnail size-thumbnail\" alt=\"\" loading=\"lazy\" srcset=\"https:\/\/franciscanos.org.br\/noticias\/wp-content\/uploads\/2022\/04\/meninas_03-300x300.jpg 300w, https:\/\/franciscanos.org.br\/noticias\/wp-content\/uploads\/2022\/04\/meninas_03-100x100.jpg 100w\" sizes=\"(max-width: 300px) 100vw, 300px\" \/><\/a>\n\t\t\t<\/dt><\/dl><dl class='gallery-item'>\n\t\t\t<dt class='gallery-icon landscape'>\n\t\t\t\t<a href='https:\/\/franciscanos.org.br\/noticias\/wp-content\/uploads\/2022\/04\/meninas_04.jpg'><img width=\"300\" height=\"300\" src=\"https:\/\/franciscanos.org.br\/noticias\/wp-content\/uploads\/2022\/04\/meninas_04-300x300.jpg\" class=\"attachment-thumbnail size-thumbnail\" alt=\"\" loading=\"lazy\" srcset=\"https:\/\/franciscanos.org.br\/noticias\/wp-content\/uploads\/2022\/04\/meninas_04-300x300.jpg 300w, https:\/\/franciscanos.org.br\/noticias\/wp-content\/uploads\/2022\/04\/meninas_04-100x100.jpg 100w\" sizes=\"(max-width: 300px) 100vw, 300px\" \/><\/a>\n\t\t\t<\/dt><\/dl><dl class='gallery-item'>\n\t\t\t<dt class='gallery-icon landscape'>\n\t\t\t\t<a href='https:\/\/franciscanos.org.br\/noticias\/wp-content\/uploads\/2022\/04\/meninas_05.jpg'><img width=\"300\" height=\"300\" src=\"https:\/\/franciscanos.org.br\/noticias\/wp-content\/uploads\/2022\/04\/meninas_05-300x300.jpg\" class=\"attachment-thumbnail size-thumbnail\" alt=\"\" loading=\"lazy\" srcset=\"https:\/\/franciscanos.org.br\/noticias\/wp-content\/uploads\/2022\/04\/meninas_05-300x300.jpg 300w, https:\/\/franciscanos.org.br\/noticias\/wp-content\/uploads\/2022\/04\/meninas_05-100x100.jpg 100w\" sizes=\"(max-width: 300px) 100vw, 300px\" \/><\/a>\n\t\t\t<\/dt><\/dl><dl class='gallery-item'>\n\t\t\t<dt class='gallery-icon landscape'>\n\t\t\t\t<a href='https:\/\/franciscanos.org.br\/noticias\/wp-content\/uploads\/2022\/04\/meninas_07.jpg'><img width=\"300\" height=\"300\" src=\"https:\/\/franciscanos.org.br\/noticias\/wp-content\/uploads\/2022\/04\/meninas_07-300x300.jpg\" class=\"attachment-thumbnail size-thumbnail\" alt=\"\" loading=\"lazy\" srcset=\"https:\/\/franciscanos.org.br\/noticias\/wp-content\/uploads\/2022\/04\/meninas_07-300x300.jpg 300w, https:\/\/franciscanos.org.br\/noticias\/wp-content\/uploads\/2022\/04\/meninas_07-100x100.jpg 100w\" sizes=\"(max-width: 300px) 100vw, 300px\" \/><\/a>\n\t\t\t<\/dt><\/dl><dl class='gallery-item'>\n\t\t\t<dt class='gallery-icon landscape'>\n\t\t\t\t<a href='https:\/\/franciscanos.org.br\/noticias\/wp-content\/uploads\/2022\/04\/meninas_08.jpg'><img width=\"300\" height=\"300\" src=\"https:\/\/franciscanos.org.br\/noticias\/wp-content\/uploads\/2022\/04\/meninas_08-300x300.jpg\" class=\"attachment-thumbnail size-thumbnail\" alt=\"\" loading=\"lazy\" srcset=\"https:\/\/franciscanos.org.br\/noticias\/wp-content\/uploads\/2022\/04\/meninas_08-300x300.jpg 300w, https:\/\/franciscanos.org.br\/noticias\/wp-content\/uploads\/2022\/04\/meninas_08-100x100.jpg 100w\" sizes=\"(max-width: 300px) 100vw, 300px\" \/><\/a>\n\t\t\t<\/dt><\/dl><dl class='gallery-item'>\n\t\t\t<dt class='gallery-icon landscape'>\n\t\t\t\t<a href='https:\/\/franciscanos.org.br\/noticias\/wp-content\/uploads\/2022\/04\/meninas_09.jpg'><img width=\"300\" height=\"300\" src=\"https:\/\/franciscanos.org.br\/noticias\/wp-content\/uploads\/2022\/04\/meninas_09-300x300.jpg\" class=\"attachment-thumbnail size-thumbnail\" alt=\"\" loading=\"lazy\" srcset=\"https:\/\/franciscanos.org.br\/noticias\/wp-content\/uploads\/2022\/04\/meninas_09-300x300.jpg 300w, https:\/\/franciscanos.org.br\/noticias\/wp-content\/uploads\/2022\/04\/meninas_09-100x100.jpg 100w\" sizes=\"(max-width: 300px) 100vw, 300px\" \/><\/a>\n\t\t\t<\/dt><\/dl><dl class='gallery-item'>\n\t\t\t<dt class='gallery-icon landscape'>\n\t\t\t\t<a href='https:\/\/franciscanos.org.br\/noticias\/wp-content\/uploads\/2022\/04\/meninas_10.jpg'><img width=\"300\" height=\"300\" src=\"https:\/\/franciscanos.org.br\/noticias\/wp-content\/uploads\/2022\/04\/meninas_10-300x300.jpg\" class=\"attachment-thumbnail size-thumbnail\" alt=\"\" loading=\"lazy\" srcset=\"https:\/\/franciscanos.org.br\/noticias\/wp-content\/uploads\/2022\/04\/meninas_10-300x300.jpg 300w, https:\/\/franciscanos.org.br\/noticias\/wp-content\/uploads\/2022\/04\/meninas_10-100x100.jpg 100w\" sizes=\"(max-width: 300px) 100vw, 300px\" \/><\/a>\n\t\t\t<\/dt><\/dl><dl class='gallery-item'>\n\t\t\t<dt class='gallery-icon landscape'>\n\t\t\t\t<a href='https:\/\/franciscanos.org.br\/noticias\/wp-content\/uploads\/2022\/04\/meninas_11.jpg'><img width=\"300\" height=\"300\" src=\"https:\/\/franciscanos.org.br\/noticias\/wp-content\/uploads\/2022\/04\/meninas_11-300x300.jpg\" class=\"attachment-thumbnail size-thumbnail\" alt=\"\" loading=\"lazy\" srcset=\"https:\/\/franciscanos.org.br\/noticias\/wp-content\/uploads\/2022\/04\/meninas_11-300x300.jpg 300w, https:\/\/franciscanos.org.br\/noticias\/wp-content\/uploads\/2022\/04\/meninas_11-100x100.jpg 100w\" sizes=\"(max-width: 300px) 100vw, 300px\" \/><\/a>\n\t\t\t<\/dt><\/dl><dl class='gallery-item'>\n\t\t\t<dt class='gallery-icon landscape'>\n\t\t\t\t<a href='https:\/\/franciscanos.org.br\/noticias\/wp-content\/uploads\/2022\/04\/meninas_12.jpg'><img width=\"300\" height=\"300\" src=\"https:\/\/franciscanos.org.br\/noticias\/wp-content\/uploads\/2022\/04\/meninas_12-300x300.jpg\" class=\"attachment-thumbnail size-thumbnail\" alt=\"\" loading=\"lazy\" srcset=\"https:\/\/franciscanos.org.br\/noticias\/wp-content\/uploads\/2022\/04\/meninas_12-300x300.jpg 300w, https:\/\/franciscanos.org.br\/noticias\/wp-content\/uploads\/2022\/04\/meninas_12-100x100.jpg 100w\" sizes=\"(max-width: 300px) 100vw, 300px\" \/><\/a>\n\t\t\t<\/dt><\/dl><br style=\"clear: both\" \/>\n\t\t<\/div>\n\n<p><em>\u00a0 \u00a0 \u00a0 \u00a0 \u00a0 \u00a0 \u00a0 \u00a0 \u00a0 \u00a0 \u00a0 \u00a0 \u00a0 \u00a0 \u00a0 \u00a0 \u00a0 \u00a0 \u00a0 \u00a0 \u00a0 \u00a0 \u00a0 \u00a0 \u00a0 \u00a0 \u00a0 \u00a0 \u00a0(clique nas imagens para ampli\u00e1-las)<\/em><\/p>\n<p>Colocando-se em frente ao altar, o celebrante as interrogou: \u201cQueridas meninas, o que desejais?\u201d e em coro todas responderam: \u201cDesejamos receber a veste coral das Meninas dos Canarinhos de Petr\u00f3polis\u201d. O celebrante ent\u00e3o disse: \u201cJ\u00e1\u0301 que voc\u00eas demonstraram disposi\u00e7\u00e3o, comprometimento e assiduidade no per\u00edodo de prepara\u00e7\u00e3o enquanto \u2018aprendizes\u2019, hoje, em nome da Igreja e do Instituto dos Meninos Cantores de Petr\u00f3polis, eu vos recebo no Coral das Meninas dos Canarinhos de Petr\u00f3polis\u201d. A assembleia em un\u00edssono exclamou: \u201cGra\u00e7as a Deus\u201d.<\/p>\n<p><img loading=\"lazy\" class=\"alignnone size-full wp-image-237137\" src=\"https:\/\/franciscanos.org.br\/noticias\/wp-content\/uploads\/2022\/04\/meninas_0504_5.jpg\" alt=\"\" width=\"1280\" height=\"853\" srcset=\"https:\/\/franciscanos.org.br\/noticias\/wp-content\/uploads\/2022\/04\/meninas_0504_5.jpg 1280w, https:\/\/franciscanos.org.br\/noticias\/wp-content\/uploads\/2022\/04\/meninas_0504_5-450x300.jpg 450w, https:\/\/franciscanos.org.br\/noticias\/wp-content\/uploads\/2022\/04\/meninas_0504_5-1024x682.jpg 1024w, https:\/\/franciscanos.org.br\/noticias\/wp-content\/uploads\/2022\/04\/meninas_0504_5-768x512.jpg 768w, https:\/\/franciscanos.org.br\/noticias\/wp-content\/uploads\/2022\/04\/meninas_0504_5-150x100.jpg 150w\" sizes=\"(max-width: 1280px) 100vw, 1280px\" \/><\/p>\n<p>Na sequ\u00eancia, Frei Marcos invocou as b\u00ean\u00e7\u00e3os de Deus sobre as meninas que \u201cestar\u00e3o assumindo a miss\u00e3o de cantar as maravilhas que Ele continua a realizar em nossas vidas\u201d e aspergiu com \u00e1gua benta as novas cantoras, as vestes e pastas. Ap\u00f3s a aspers\u00e3o, o celebrante apresentou as meninas a\u0300 comunidade, que as acolheu com uma calorosa salva de palmas.<\/p>\n<p>O diretor art\u00edstico, Marco Aur\u00e9lio Lischt, deu as boas-vindas as novas integrantes do coral. \u201c\u00c9 uma alegria receber voc\u00eas e eu diria que voc\u00eas assumem uma miss\u00e3o social. Desde que a humanidade se entende como gente ela faz coisas juntas. Essa miss\u00e3o, \u00e0s vezes, exige um pouquinho de sacrif\u00edcio, mas como diz o Salmo de hoje, \u2018aqueles que semeiam com l\u00e1grimas, ceifar\u00e3o com alegria\u2019. \u00c9 um servi\u00e7o que voc\u00eas fazem para Deus e para a Igreja! Este servi\u00e7o pode exigir um pouco de sacrif\u00edcio, mas tenho a certeza de que \u00e9 para o vosso engrandecimento e para que voc\u00eas possam colher no futuro os frutos, com alegria\u201d, ressaltou.<\/p>\n\n\t\t<style type=\"text\/css\">\n\t\t\t#gallery-2 {\n\t\t\t\tmargin: auto;\n\t\t\t}\n\t\t\t#gallery-2 .gallery-item {\n\t\t\t\tfloat: left;\n\t\t\t\tmargin-top: 10px;\n\t\t\t\ttext-align: center;\n\t\t\t\twidth: 25%;\n\t\t\t}\n\t\t\t#gallery-2 img {\n\t\t\t\tborder: 2px solid #cfcfcf;\n\t\t\t}\n\t\t\t#gallery-2 .gallery-caption {\n\t\t\t\tmargin-left: 0;\n\t\t\t}\n\t\t\t\/* see gallery_shortcode() in wp-includes\/media.php *\/\n\t\t<\/style>\n\t\t<div id='gallery-2' class='gallery galleryid-237125 gallery-columns-4 gallery-size-thumbnail'><dl class='gallery-item'>\n\t\t\t<dt class='gallery-icon landscape'>\n\t\t\t\t<a href='https:\/\/franciscanos.org.br\/noticias\/wp-content\/uploads\/2022\/04\/meninas_01.jpg'><img width=\"300\" height=\"300\" src=\"https:\/\/franciscanos.org.br\/noticias\/wp-content\/uploads\/2022\/04\/meninas_01-300x300.jpg\" class=\"attachment-thumbnail size-thumbnail\" alt=\"\" loading=\"lazy\" srcset=\"https:\/\/franciscanos.org.br\/noticias\/wp-content\/uploads\/2022\/04\/meninas_01-300x300.jpg 300w, https:\/\/franciscanos.org.br\/noticias\/wp-content\/uploads\/2022\/04\/meninas_01-100x100.jpg 100w\" sizes=\"(max-width: 300px) 100vw, 300px\" \/><\/a>\n\t\t\t<\/dt><\/dl><dl class='gallery-item'>\n\t\t\t<dt class='gallery-icon landscape'>\n\t\t\t\t<a href='https:\/\/franciscanos.org.br\/noticias\/wp-content\/uploads\/2022\/04\/meninas_02.jpg'><img width=\"300\" height=\"300\" src=\"https:\/\/franciscanos.org.br\/noticias\/wp-content\/uploads\/2022\/04\/meninas_02-300x300.jpg\" class=\"attachment-thumbnail size-thumbnail\" alt=\"\" loading=\"lazy\" srcset=\"https:\/\/franciscanos.org.br\/noticias\/wp-content\/uploads\/2022\/04\/meninas_02-300x300.jpg 300w, https:\/\/franciscanos.org.br\/noticias\/wp-content\/uploads\/2022\/04\/meninas_02-100x100.jpg 100w\" sizes=\"(max-width: 300px) 100vw, 300px\" \/><\/a>\n\t\t\t<\/dt><\/dl><dl class='gallery-item'>\n\t\t\t<dt class='gallery-icon landscape'>\n\t\t\t\t<a href='https:\/\/franciscanos.org.br\/noticias\/wp-content\/uploads\/2022\/04\/meninas_0504_2.jpg'><img width=\"300\" height=\"300\" src=\"https:\/\/franciscanos.org.br\/noticias\/wp-content\/uploads\/2022\/04\/meninas_0504_2-300x300.jpg\" class=\"attachment-thumbnail size-thumbnail\" alt=\"\" loading=\"lazy\" srcset=\"https:\/\/franciscanos.org.br\/noticias\/wp-content\/uploads\/2022\/04\/meninas_0504_2-300x300.jpg 300w, https:\/\/franciscanos.org.br\/noticias\/wp-content\/uploads\/2022\/04\/meninas_0504_2-100x100.jpg 100w\" sizes=\"(max-width: 300px) 100vw, 300px\" \/><\/a>\n\t\t\t<\/dt><\/dl><dl class='gallery-item'>\n\t\t\t<dt class='gallery-icon landscape'>\n\t\t\t\t<a href='https:\/\/franciscanos.org.br\/noticias\/wp-content\/uploads\/2022\/04\/meninas_0504_4.jpg'><img width=\"300\" height=\"300\" src=\"https:\/\/franciscanos.org.br\/noticias\/wp-content\/uploads\/2022\/04\/meninas_0504_4-300x300.jpg\" class=\"attachment-thumbnail size-thumbnail\" alt=\"\" loading=\"lazy\" srcset=\"https:\/\/franciscanos.org.br\/noticias\/wp-content\/uploads\/2022\/04\/meninas_0504_4-300x300.jpg 300w, https:\/\/franciscanos.org.br\/noticias\/wp-content\/uploads\/2022\/04\/meninas_0504_4-100x100.jpg 100w\" sizes=\"(max-width: 300px) 100vw, 300px\" \/><\/a>\n\t\t\t<\/dt><\/dl><br style=\"clear: both\" \/>\n\t\t<\/div>\n\n<p>Segundo o maestro Marcelo Vizzani, ap\u00f3s um ano de aperfei\u00e7oamento musical, cumprido com muita responsabilidade e dedica\u00e7\u00e3o, e\u0301 chegada a hora de colher os frutos das sementes plantadas. \u201cNeste momento as chamo para ingressarem oficialmente no Coral das Meninas dos Canarinhos de Petr\u00f3polis, para juntos cantarmos os louvores a Deus\u201d. Convidou ent\u00e3o as madrinhas para entregarem \u00e0s suas respectivas afilhadas a pasta do coral e na sequ\u00eancia as conduzir at\u00e9 o coro. \u201cA pasta traz consigo as m\u00fasicas cantadas durante sua vida coral. Nela vem estampado o s\u00edmbolo do Canarinhos, marca de grande valor na vida de muitos homens e mulheres que j\u00e1 passaram por esta institui\u00e7\u00e3o\u201d, explicou.<\/p>\n<p><strong>ENQUANTO ELES FALAVAM, JESUS ESCREVIA COM O DEDO NO CH\u00c3O<\/strong><\/p>\n<p>Ap\u00f3s a proclama\u00e7\u00e3o do Evangelho do 5\u00ba Domingo do Tempo Quaresmal, Frei Marcos deu in\u00edcio \u00e0 sua homilia, dividindo sua reflex\u00e3o em tr\u00eas passos. Mas antes, fez uma retrospectiva da tem\u00e1tica do 4\u00ba Domingo da Quaresma, explicando que o Senhor recorda sempre de sua miseric\u00f3rdia. \u201cDeus nos ama a tal ponto que sempre est\u00e1 de bra\u00e7os abertos com roupa novas, sand\u00e1lias novas, festa, boi gordo, para fazermos uma festa porque Deus est\u00e1 sempre pronto a nos receber, apesar de todas as nossas falhas\u201d, disse, lembrando da Par\u00e1bola do Filho Pr\u00f3digo.<\/p>\n<p><img loading=\"lazy\" class=\"alignnone size-full wp-image-237142\" src=\"https:\/\/franciscanos.org.br\/noticias\/wp-content\/uploads\/2022\/04\/meninas_0504_6.jpg\" alt=\"\" width=\"1280\" height=\"853\" srcset=\"https:\/\/franciscanos.org.br\/noticias\/wp-content\/uploads\/2022\/04\/meninas_0504_6.jpg 1280w, https:\/\/franciscanos.org.br\/noticias\/wp-content\/uploads\/2022\/04\/meninas_0504_6-450x300.jpg 450w, https:\/\/franciscanos.org.br\/noticias\/wp-content\/uploads\/2022\/04\/meninas_0504_6-1024x682.jpg 1024w, https:\/\/franciscanos.org.br\/noticias\/wp-content\/uploads\/2022\/04\/meninas_0504_6-768x512.jpg 768w, https:\/\/franciscanos.org.br\/noticias\/wp-content\/uploads\/2022\/04\/meninas_0504_6-150x100.jpg 150w\" sizes=\"(max-width: 1280px) 100vw, 1280px\" \/><\/p>\n<p>Para Frei Marcos, a tem\u00e1tica do Evangelho de hoje \u00e9 a mesma do Deus misericordioso. \u201cSe domingo passado era uma par\u00e1bola, hoje neste domingo \u00e9 um fato, \u00e9 uma realidade. Deus agora se mostra misericordioso em Cristo. Se domingo passado era o Pai que recebia o filho pr\u00f3digo, hoje Deus mostra como \u00e9 o seu amor, capaz de dar a vida, capaz de perdoar em seu Filho Jesus\u201d, destacou.<\/p>\n<p>Segundo Frei Marcos, o primeiro passo se d\u00e1 a partir do fato de uma multid\u00e3o levar at\u00e9 Jesus uma mulher, acusando-a de um pecado e esperando que Jesus fosse um juiz, para coloc\u00e1-lo em contradi\u00e7\u00e3o. \u201cNa verdade, usavam de uma pessoa para poder pegar o pr\u00f3prio Jesus\u201d. Complementou dizendo que todos estavam acusando a pecadora e Jesus come\u00e7ou a escrever no ch\u00e3o, na areia. \u201cFico imaginando a cena\u201d, disse o celebrante, fazendo men\u00e7\u00e3o do per\u00edodo turbulento que a humanidade vive com a pandemia, guerras e desastres. \u201cE Jesus nos mostra um gesto, escreve no ch\u00e3o, respira fundo e para. N\u00f3s n\u00e3o podemos entrar nessa pilha estressante, \u00e9 dif\u00edcil, eu sei. Vamos escrever no ch\u00e3o como Jesus\u201d, indicou.<\/p>\n<p><img loading=\"lazy\" class=\"alignnone size-full wp-image-237143\" src=\"https:\/\/franciscanos.org.br\/noticias\/wp-content\/uploads\/2022\/04\/meninas_0504_3.jpg\" alt=\"\" width=\"1280\" height=\"853\" srcset=\"https:\/\/franciscanos.org.br\/noticias\/wp-content\/uploads\/2022\/04\/meninas_0504_3.jpg 1280w, https:\/\/franciscanos.org.br\/noticias\/wp-content\/uploads\/2022\/04\/meninas_0504_3-450x300.jpg 450w, https:\/\/franciscanos.org.br\/noticias\/wp-content\/uploads\/2022\/04\/meninas_0504_3-1024x682.jpg 1024w, https:\/\/franciscanos.org.br\/noticias\/wp-content\/uploads\/2022\/04\/meninas_0504_3-768x512.jpg 768w, https:\/\/franciscanos.org.br\/noticias\/wp-content\/uploads\/2022\/04\/meninas_0504_3-150x100.jpg 150w\" sizes=\"(max-width: 1280px) 100vw, 1280px\" \/><\/p>\n<p>No segundo passo, a cena \u00e9 entre Jesus e a mulher, um di\u00e1logo de encontro pessoal da pecadora com o Senhor, no qual Jesus afirma que quem n\u00e3o tiver pecado ent\u00e3o que atire a primeira pedra. Segundo Frei Marcos, um a um eles v\u00e3o se retirando, at\u00e9 que n\u00e3o sobra ningu\u00e9m. \u201cDeus nos ama a tal ponto que perdoa sempre. N\u00e3o perdoa o pecado, mas perdoa a pecadora, perdoa cada um de n\u00f3s, n\u00e3o o pecado. Toda a nossa caminhada Pascal \u00e9 de passagens, de quedas, de ficar de p\u00e9 novamente, de erros e de acertos, porque Deus nos perdoa sempre, perdoa porque nos ama\u201d, revelou.<\/p>\n<p>\u201cO terceiro passo \u00e9 entre Jesus e n\u00f3s. Nesse nosso caminho de seguimento de Jesus, os seus gestos de perd\u00e3o e miseric\u00f3rdia nos ensinam a n\u00e3o sermos ju\u00edzes uns dos outros, mas de termos as mesmas atitudes de Jesus. Perdoemos porque amamos, apesar de todos os nossos limites, mas procuremos deixar todos eles para tr\u00e1s em vista de um \u00fanico objetivo: celebrarmos verdadeiramente o sacramento da P\u00e1scoa. Em Jesus acreditamos que \u00e9 poss\u00edvel fazer passagens em nossas vidas cotidianamente e o perd\u00e3o \u00e9 uma delas. Que o Senhor nos ajude\u201d, rogou.<\/p>\n<p>Concluiu, dirigindo-se as meninas: \u201cVoc\u00eas t\u00eam a bonita miss\u00e3o de nos ajudar a rezar atrav\u00e9s das vozes de voc\u00eas e de levar tamb\u00e9m a nossa voz at\u00e9 Deus com as vossas vozes\u201d.<\/p>\n<p>A Santa Missa teve continuidade com a profiss\u00e3o de f\u00e9 e a liturgia eucar\u00edstica. Ap\u00f3s a comunh\u00e3o, o coral j\u00e1 com sua forma\u00e7\u00e3o completa entoou a m\u00fasica \u201cJudica Me\u201d, de Ant\u00f4nio Gast\u00e3o, composta especialmente e exclusivamente para a Celebra\u00e7\u00e3o de Investidura, que teve sua estreia hoje. VEJA O V\u00cdDEO ABAIXO:<\/p>\n<p><iframe loading=\"lazy\" title=\"YouTube video player\" src=\"https:\/\/www.youtube.com\/embed\/iySUEY-I92Q\" width=\"100%\" height=\"500\" frameborder=\"0\" allowfullscreen=\"allowfullscreen\"><span data-mce-type=\"bookmark\" style=\"display: inline-block; width: 0px; overflow: hidden; line-height: 0;\" class=\"mce_SELRES_start\">\ufeff<\/span><\/iframe><\/p>\n<hr \/>\n<p><em>Frei Augusto Luiz Gabriel e Frei Ruan Felipe Sguissardi<\/em><\/p>\n","protected":false},"excerpt":{"rendered":"<p>Coral das Meninas dos Canarinhos de Petr\u00f3polis<\/p>\n","protected":false},"author":3,"featured_media":237147,"comment_status":"open","ping_status":"open","sticky":false,"template":"","format":"standard","meta":[],"categories":[1],"tags":[1531],"acf":[],"yoast_head":"<!-- This site is optimized with the Yoast SEO plugin v19.2 - https:\/\/yoast.com\/wordpress\/plugins\/seo\/ -->\n<title>Coral das Meninas dos Canarinhos recebe novas integrantes e lan\u00e7a m\u00fasica in\u00e9dita - Not\u00edcias - Franciscanos<\/title>\n<meta name=\"robots\" content=\"index, follow, max-snippet:-1, max-image-preview:large, max-video-preview:-1\" \/>\n<link rel=\"canonical\" href=\"https:\/\/franciscanos.org.br\/noticias\/coral-das-meninas-dos-canarinhos-recebe-novas-integrantes-e-lanca-musica-inedita.html\" \/>\n<meta property=\"og:locale\" content=\"pt_BR\" \/>\n<meta property=\"og:type\" content=\"article\" \/>\n<meta property=\"og:title\" content=\"Coral das Meninas dos Canarinhos recebe novas integrantes e lan\u00e7a m\u00fasica in\u00e9dita - Not\u00edcias - Franciscanos\" \/>\n<meta property=\"og:description\" content=\"Coral das Meninas dos Canarinhos de Petr\u00f3polis\" \/>\n<meta property=\"og:url\" content=\"https:\/\/franciscanos.org.br\/noticias\/coral-das-meninas-dos-canarinhos-recebe-novas-integrantes-e-lanca-musica-inedita.html\" \/>\n<meta property=\"og:site_name\" content=\"Not\u00edcias - Franciscanos\" \/>\n<meta property=\"article:published_time\" content=\"2022-04-04T09:02:42+00:00\" \/>\n<meta property=\"article:modified_time\" content=\"2022-04-04T09:13:48+00:00\" \/>\n<meta property=\"og:image\" content=\"https:\/\/franciscanos.org.br\/noticias\/wp-content\/uploads\/2022\/04\/meninas_destaque.jpg\" \/>\n\t<meta property=\"og:image:width\" content=\"800\" \/>\n\t<meta property=\"og:image:height\" content=\"533\" \/>\n\t<meta property=\"og:image:type\" content=\"image\/jpeg\" \/>\n<meta name=\"author\" content=\"moacir\" \/>\n<meta name=\"twitter:card\" content=\"summary_large_image\" \/>\n<meta name=\"twitter:label1\" content=\"Escrito por\" \/>\n\t<meta name=\"twitter:data1\" content=\"moacir\" \/>\n\t<meta name=\"twitter:label2\" content=\"Est. tempo de leitura\" \/>\n\t<meta name=\"twitter:data2\" content=\"6 minutos\" \/>\n<script type=\"application\/ld+json\" class=\"yoast-schema-graph\">{\"@context\":\"https:\/\/schema.org\",\"@graph\":[{\"@type\":\"WebSite\",\"@id\":\"https:\/\/franciscanos.org.br\/noticias\/#website\",\"url\":\"https:\/\/franciscanos.org.br\/noticias\/\",\"name\":\"Not\u00edcias - Franciscanos\",\"description\":\"Prov\u00edncia Franciscana da Imaculada Concei\u00e7\u00e3o do Brasil - Ordem dos Frades Menores - OFM\",\"potentialAction\":[{\"@type\":\"SearchAction\",\"target\":{\"@type\":\"EntryPoint\",\"urlTemplate\":\"https:\/\/franciscanos.org.br\/noticias\/?s={search_term_string}\"},\"query-input\":\"required name=search_term_string\"}],\"inLanguage\":\"pt-BR\"},{\"@type\":\"ImageObject\",\"inLanguage\":\"pt-BR\",\"@id\":\"https:\/\/franciscanos.org.br\/noticias\/coral-das-meninas-dos-canarinhos-recebe-novas-integrantes-e-lanca-musica-inedita.html#primaryimage\",\"url\":\"https:\/\/franciscanos.org.br\/noticias\/wp-content\/uploads\/2022\/04\/meninas_destaque.jpg\",\"contentUrl\":\"https:\/\/franciscanos.org.br\/noticias\/wp-content\/uploads\/2022\/04\/meninas_destaque.jpg\",\"width\":800,\"height\":533},{\"@type\":\"WebPage\",\"@id\":\"https:\/\/franciscanos.org.br\/noticias\/coral-das-meninas-dos-canarinhos-recebe-novas-integrantes-e-lanca-musica-inedita.html#webpage\",\"url\":\"https:\/\/franciscanos.org.br\/noticias\/coral-das-meninas-dos-canarinhos-recebe-novas-integrantes-e-lanca-musica-inedita.html\",\"name\":\"Coral das Meninas dos Canarinhos recebe novas integrantes e lan\u00e7a m\u00fasica in\u00e9dita - Not\u00edcias - Franciscanos\",\"isPartOf\":{\"@id\":\"https:\/\/franciscanos.org.br\/noticias\/#website\"},\"primaryImageOfPage\":{\"@id\":\"https:\/\/franciscanos.org.br\/noticias\/coral-das-meninas-dos-canarinhos-recebe-novas-integrantes-e-lanca-musica-inedita.html#primaryimage\"},\"datePublished\":\"2022-04-04T09:02:42+00:00\",\"dateModified\":\"2022-04-04T09:13:48+00:00\",\"author\":{\"@id\":\"https:\/\/franciscanos.org.br\/noticias\/#\/schema\/person\/b5c8cba458c330ccff548b056e95a5d4\"},\"breadcrumb\":{\"@id\":\"https:\/\/franciscanos.org.br\/noticias\/coral-das-meninas-dos-canarinhos-recebe-novas-integrantes-e-lanca-musica-inedita.html#breadcrumb\"},\"inLanguage\":\"pt-BR\",\"potentialAction\":[{\"@type\":\"ReadAction\",\"target\":[\"https:\/\/franciscanos.org.br\/noticias\/coral-das-meninas-dos-canarinhos-recebe-novas-integrantes-e-lanca-musica-inedita.html\"]}]},{\"@type\":\"BreadcrumbList\",\"@id\":\"https:\/\/franciscanos.org.br\/noticias\/coral-das-meninas-dos-canarinhos-recebe-novas-integrantes-e-lanca-musica-inedita.html#breadcrumb\",\"itemListElement\":[{\"@type\":\"ListItem\",\"position\":1,\"name\":\"Home\",\"item\":\"https:\/\/franciscanos.org.br\/noticias\"},{\"@type\":\"ListItem\",\"position\":2,\"name\":\"Coral das Meninas dos Canarinhos recebe novas integrantes e lan\u00e7a m\u00fasica in\u00e9dita\"}]},{\"@type\":\"Person\",\"@id\":\"https:\/\/franciscanos.org.br\/noticias\/#\/schema\/person\/b5c8cba458c330ccff548b056e95a5d4\",\"name\":\"moacir\",\"image\":{\"@type\":\"ImageObject\",\"inLanguage\":\"pt-BR\",\"@id\":\"https:\/\/franciscanos.org.br\/noticias\/#\/schema\/person\/image\/\",\"url\":\"https:\/\/secure.gravatar.com\/avatar\/d08aa2ce4c8dd416d4479aa8536fcf64?s=96&d=mm&r=g\",\"contentUrl\":\"https:\/\/secure.gravatar.com\/avatar\/d08aa2ce4c8dd416d4479aa8536fcf64?s=96&d=mm&r=g\",\"caption\":\"moacir\"},\"url\":\"https:\/\/franciscanos.org.br\/noticias\/author\/moacir\"}]}<\/script>\n<!-- \/ Yoast SEO plugin. -->","yoast_head_json":{"title":"Coral das Meninas dos Canarinhos recebe novas integrantes e lan\u00e7a m\u00fasica in\u00e9dita - Not\u00edcias - Franciscanos","robots":{"index":"index","follow":"follow","max-snippet":"max-snippet:-1","max-image-preview":"max-image-preview:large","max-video-preview":"max-video-preview:-1"},"canonical":"https:\/\/franciscanos.org.br\/noticias\/coral-das-meninas-dos-canarinhos-recebe-novas-integrantes-e-lanca-musica-inedita.html","og_locale":"pt_BR","og_type":"article","og_title":"Coral das Meninas dos Canarinhos recebe novas integrantes e lan\u00e7a m\u00fasica in\u00e9dita - Not\u00edcias - Franciscanos","og_description":"Coral das Meninas dos Canarinhos de Petr\u00f3polis","og_url":"https:\/\/franciscanos.org.br\/noticias\/coral-das-meninas-dos-canarinhos-recebe-novas-integrantes-e-lanca-musica-inedita.html","og_site_name":"Not\u00edcias - Franciscanos","article_published_time":"2022-04-04T09:02:42+00:00","article_modified_time":"2022-04-04T09:13:48+00:00","og_image":[{"width":800,"height":533,"url":"https:\/\/franciscanos.org.br\/noticias\/wp-content\/uploads\/2022\/04\/meninas_destaque.jpg","type":"image\/jpeg"}],"author":"moacir","twitter_card":"summary_large_image","twitter_misc":{"Escrito por":"moacir","Est. tempo de leitura":"6 minutos"},"schema":{"@context":"https:\/\/schema.org","@graph":[{"@type":"WebSite","@id":"https:\/\/franciscanos.org.br\/noticias\/#website","url":"https:\/\/franciscanos.org.br\/noticias\/","name":"Not\u00edcias - Franciscanos","description":"Prov\u00edncia Franciscana da Imaculada Concei\u00e7\u00e3o do Brasil - Ordem dos Frades Menores - OFM","potentialAction":[{"@type":"SearchAction","target":{"@type":"EntryPoint","urlTemplate":"https:\/\/franciscanos.org.br\/noticias\/?s={search_term_string}"},"query-input":"required name=search_term_string"}],"inLanguage":"pt-BR"},{"@type":"ImageObject","inLanguage":"pt-BR","@id":"https:\/\/franciscanos.org.br\/noticias\/coral-das-meninas-dos-canarinhos-recebe-novas-integrantes-e-lanca-musica-inedita.html#primaryimage","url":"https:\/\/franciscanos.org.br\/noticias\/wp-content\/uploads\/2022\/04\/meninas_destaque.jpg","contentUrl":"https:\/\/franciscanos.org.br\/noticias\/wp-content\/uploads\/2022\/04\/meninas_destaque.jpg","width":800,"height":533},{"@type":"WebPage","@id":"https:\/\/franciscanos.org.br\/noticias\/coral-das-meninas-dos-canarinhos-recebe-novas-integrantes-e-lanca-musica-inedita.html#webpage","url":"https:\/\/franciscanos.org.br\/noticias\/coral-das-meninas-dos-canarinhos-recebe-novas-integrantes-e-lanca-musica-inedita.html","name":"Coral das Meninas dos Canarinhos recebe novas integrantes e lan\u00e7a m\u00fasica in\u00e9dita - Not\u00edcias - Franciscanos","isPartOf":{"@id":"https:\/\/franciscanos.org.br\/noticias\/#website"},"primaryImageOfPage":{"@id":"https:\/\/franciscanos.org.br\/noticias\/coral-das-meninas-dos-canarinhos-recebe-novas-integrantes-e-lanca-musica-inedita.html#primaryimage"},"datePublished":"2022-04-04T09:02:42+00:00","dateModified":"2022-04-04T09:13:48+00:00","author":{"@id":"https:\/\/franciscanos.org.br\/noticias\/#\/schema\/person\/b5c8cba458c330ccff548b056e95a5d4"},"breadcrumb":{"@id":"https:\/\/franciscanos.org.br\/noticias\/coral-das-meninas-dos-canarinhos-recebe-novas-integrantes-e-lanca-musica-inedita.html#breadcrumb"},"inLanguage":"pt-BR","potentialAction":[{"@type":"ReadAction","target":["https:\/\/franciscanos.org.br\/noticias\/coral-das-meninas-dos-canarinhos-recebe-novas-integrantes-e-lanca-musica-inedita.html"]}]},{"@type":"BreadcrumbList","@id":"https:\/\/franciscanos.org.br\/noticias\/coral-das-meninas-dos-canarinhos-recebe-novas-integrantes-e-lanca-musica-inedita.html#breadcrumb","itemListElement":[{"@type":"ListItem","position":1,"name":"Home","item":"https:\/\/franciscanos.org.br\/noticias"},{"@type":"ListItem","position":2,"name":"Coral das Meninas dos Canarinhos recebe novas integrantes e lan\u00e7a m\u00fasica in\u00e9dita"}]},{"@type":"Person","@id":"https:\/\/franciscanos.org.br\/noticias\/#\/schema\/person\/b5c8cba458c330ccff548b056e95a5d4","name":"moacir","image":{"@type":"ImageObject","inLanguage":"pt-BR","@id":"https:\/\/franciscanos.org.br\/noticias\/#\/schema\/person\/image\/","url":"https:\/\/secure.gravatar.com\/avatar\/d08aa2ce4c8dd416d4479aa8536fcf64?s=96&d=mm&r=g","contentUrl":"https:\/\/secure.gravatar.com\/avatar\/d08aa2ce4c8dd416d4479aa8536fcf64?s=96&d=mm&r=g","caption":"moacir"},"url":"https:\/\/franciscanos.org.br\/noticias\/author\/moacir"}]}},"_links":{"self":[{"href":"https:\/\/franciscanos.org.br\/noticias\/wp-json\/wp\/v2\/posts\/237125"}],"collection":[{"href":"https:\/\/franciscanos.org.br\/noticias\/wp-json\/wp\/v2\/posts"}],"about":[{"href":"https:\/\/franciscanos.org.br\/noticias\/wp-json\/wp\/v2\/types\/post"}],"author":[{"embeddable":true,"href":"https:\/\/franciscanos.org.br\/noticias\/wp-json\/wp\/v2\/users\/3"}],"replies":[{"embeddable":true,"href":"https:\/\/franciscanos.org.br\/noticias\/wp-json\/wp\/v2\/comments?post=237125"}],"version-history":[{"count":4,"href":"https:\/\/franciscanos.org.br\/noticias\/wp-json\/wp\/v2\/posts\/237125\/revisions"}],"predecessor-version":[{"id":237149,"href":"https:\/\/franciscanos.org.br\/noticias\/wp-json\/wp\/v2\/posts\/237125\/revisions\/237149"}],"wp:featuredmedia":[{"embeddable":true,"href":"https:\/\/franciscanos.org.br\/noticias\/wp-json\/wp\/v2\/media\/237147"}],"wp:attachment":[{"href":"https:\/\/franciscanos.org.br\/noticias\/wp-json\/wp\/v2\/media?parent=237125"}],"wp:term":[{"taxonomy":"category","embeddable":true,"href":"https:\/\/franciscanos.org.br\/noticias\/wp-json\/wp\/v2\/categories?post=237125"},{"taxonomy":"post_tag","embeddable":true,"href":"https:\/\/franciscanos.org.br\/noticias\/wp-json\/wp\/v2\/tags?post=237125"}],"curies":[{"name":"wp","href":"https:\/\/api.w.org\/{rel}","templated":true}]}}