{"id":237114,"date":"2022-04-01T15:16:23","date_gmt":"2022-04-01T18:16:23","guid":{"rendered":"https:\/\/franciscanos.org.br\/noticias\/?p=237114"},"modified":"2022-04-07T06:52:16","modified_gmt":"2022-04-07T09:52:16","slug":"esterbaptistella","status":"publish","type":"post","link":"https:\/\/franciscanos.org.br\/noticias\/esterbaptistella.html","title":{"rendered":"Podcast: Ester Baptistella fala do tema \u201cEducar para o di\u00e1logo\u201d no d\u00e9cimo epis\u00f3dio da S\u00e9rie CF 2022"},"content":{"rendered":"<p><img loading=\"lazy\" class=\"alignnone size-full wp-image-237115\" src=\"https:\/\/franciscanos.org.br\/noticias\/wp-content\/uploads\/2022\/04\/episodio_10_03.jpg\" alt=\"\" width=\"900\" height=\"506\" srcset=\"https:\/\/franciscanos.org.br\/noticias\/wp-content\/uploads\/2022\/04\/episodio_10_03.jpg 900w, https:\/\/franciscanos.org.br\/noticias\/wp-content\/uploads\/2022\/04\/episodio_10_03-450x253.jpg 450w, https:\/\/franciscanos.org.br\/noticias\/wp-content\/uploads\/2022\/04\/episodio_10_03-768x432.jpg 768w, https:\/\/franciscanos.org.br\/noticias\/wp-content\/uploads\/2022\/04\/episodio_10_03-150x84.jpg 150w\" sizes=\"(max-width: 900px) 100vw, 900px\" \/><\/p>\n<p>\u201cEducar para o di\u00e1logo\u201d \u00e9 o tema deste d\u00e9cimo epis\u00f3dio da S\u00e9rie da Campanha da Fraternidade, promovida pela Prov\u00edncia da Imaculada Concei\u00e7\u00e3o, no formato <em>podcast<\/em>. A professora do curso de Psicologia da Universidade S\u00e3o Francisco (USF), Ester Cecilia Fernandes Baptistella, conversou com Frei Gustavo Medella sobre este assunto, tendo em vista o tema \u201cFraternidade e Educa\u00e7\u00e3o\u201d e o lema \u201cFala com sabedoria, ensina com amor\u201d (cf. Pr 31, 26) da CF 2022.<\/p>\n<p><strong><a href=\"https:\/\/open.spotify.com\/episode\/3SkDzwPzHcmdzwGfurDVUo\">OU\u00c7A TODO O EPIS\u00d3DIO E COMPARTILHE!<\/a><\/strong><\/p>\n<p><iframe loading=\"lazy\" style=\"border-radius: 12px;\" src=\"https:\/\/open.spotify.com\/embed\/episode\/3SkDzwPzHcmdzwGfurDVUo?utm_source=generator&amp;theme=0\" width=\"100%\" height=\"232\" frameborder=\"0\" allowfullscreen=\"allowfullscreen\"><\/iframe><\/p>\n<p>Para a professora, o di\u00e1logo deve ser a base de toda a educa\u00e7\u00e3o, em qualquer \u00e2mbito onde haja uma intera\u00e7\u00e3o entre dois ou mais indiv\u00edduos, seja na fam\u00edlia, na escola, no trabalho e na vida social. &#8220;\u00c9 o di\u00e1logo que permeia essa rela\u00e7\u00e3o. Por isso, dialogar implica, sobretudo, escutar ativamente o outro, antes de expressar a sua ideia ou opini\u00e3o. Quando escutamos verdadeiramente o outro, demonstramos nosso apre\u00e7o ao uso da palavra, como uma forma de envolver a outra pessoa e tudo aquilo que ela traz: seus medos, seus afetos, sentimentos, ideias&#8221;, explica.<\/p>\n<p>&#8220;As rela\u00e7\u00f5es interpessoais, no meu ponto de vista e de v\u00e1rios autores da pedagogia e da educa\u00e7\u00e3o, devem ser pautadas no di\u00e1logo. Dialogar n\u00e3o significa ter que aceitar tudo, concordar com tudo o que a outra pessoa diz. Isso n\u00e3o \u00e9 di\u00e1logo. \u00c9 uma forma de submiss\u00e3o ao outro. No di\u00e1logo, a rela\u00e7\u00e3o \u00e9 entre iguais, uma rela\u00e7\u00e3o fraterna. O importante, numa boa comunica\u00e7\u00e3o, \u00e9 valer do di\u00e1logo para percebermos e escutarmos o ponto de vista do outro, nos dando a possibilidade de concordar com que o outro diz. \u00c9 uma escuta baseada no sentimento de respeito e que precisa ser exercitada diariamente, aprendida e ensinada como a pedagogia do di\u00e1logo&#8221;, acrescenta Ester.<\/p>\n<p>Segundo ela, a pedagogia do di\u00e1logo pode ser exemplificada pela importante rela\u00e7\u00e3o que estabelece entre a fraternidade e o di\u00e1logo, constituindo uma atitude fundamental para rela\u00e7\u00f5es mais saud\u00e1veis e humanizadas no processo educativo.<\/p>\n<p>&#8220;\u00c9 certo considerar que o exerc\u00edcio de educar tamb\u00e9m pressup\u00f5e a tarefa de impor limites \u00e0quele que se educa&#8221;, perguntou Frei Medella.<\/p>\n<p>Para a professora, o limite faz parte do educar. &#8220;No entanto, diria que mesmo o limite deve ser constru\u00eddo pelo di\u00e1logo e n\u00e3o pela imposi\u00e7\u00e3o. N\u00e3o negociar o que \u00e9 inegoci\u00e1vel faz parte do processo educativo. Mas ao conversar sobre os limites, ao explicar as raz\u00f5es do que n\u00e3o pode ser feito com qualquer pessoa, em qualquer faixa et\u00e1ria, devemos ser autoridades e n\u00e3o autorit\u00e1rios, que s\u00e3o coisas completamente diferentes. Ser autoridade significa ter responsabilidade, cuidado e respeito pelo outro. J\u00e1 ser autorit\u00e1rio implica numa rela\u00e7\u00e3o de desigualdade de um sobre outro. Um manda, o outro obedece; um fala, o outro cumpre, sem que haja um entendimento, uma explica\u00e7\u00e3o, um di\u00e1logo sobre as raz\u00f5es da proibi\u00e7\u00e3o&#8221;, esclareceu.<\/p>\n<p>Para ela, o of\u00edcio do di\u00e1logo com o cultivo da cultura do encontro, t\u00e3o propagada pelo nosso querido Papa Francisco, seja pr\u00f3prio de quem educa, cultiva, incentiva e promove a cultura do encontro. &#8220;A educa\u00e7\u00e3o sendo uma tarefa da fam\u00edlia, das institui\u00e7\u00f5es educativas e toda uma sociedade, ela n\u00e3o acontece isoladamente. \u00c9 um processo coletivo e construtivo, onde um aprende com o outro dialogando. Assim, somos todos educandos e educadores, indo ao encontro do outro e suas necessidades e suas realidades. A cultura do encontro n\u00e3o aceita nenhum tipo de preconceito, de injusti\u00e7a, pois busca resgatar no ser humano a capacidade de promover o cuidado, o acolhimento do outro. Eu acredito que as boas rela\u00e7\u00f5es humanas podem promover os verdadeiros valores humanos: a fraternidade, a solidariedade e a coopera\u00e7\u00e3o. Sempre quando elas forem mediadas pelo di\u00e1logo.<\/p>\n<hr \/>\n<h3><a href=\"https:\/\/franciscanos.org.br\/noticias\/cf-2022-provincia-lanca-serie-de-podcasts-acompanhe.html#gsc.tab=0\">ACOMPANHE A S\u00c9RIE DA CF 2022<\/a><\/h3>\n","protected":false},"excerpt":{"rendered":"<p>S\u00e9rie Especial CF 2022<\/p>\n","protected":false},"author":3,"featured_media":237115,"comment_status":"open","ping_status":"open","sticky":false,"template":"","format":"standard","meta":[],"categories":[1],"tags":[1986],"acf":[],"yoast_head":"<!-- This site is optimized with the Yoast SEO plugin v19.2 - https:\/\/yoast.com\/wordpress\/plugins\/seo\/ -->\n<title>Podcast: Ester Baptistella fala do tema \u201cEducar para o di\u00e1logo\u201d no d\u00e9cimo epis\u00f3dio da S\u00e9rie CF 2022 - Not\u00edcias - Franciscanos<\/title>\n<meta name=\"robots\" content=\"index, follow, max-snippet:-1, max-image-preview:large, max-video-preview:-1\" \/>\n<link rel=\"canonical\" href=\"https:\/\/franciscanos.org.br\/noticias\/esterbaptistella.html\" \/>\n<meta property=\"og:locale\" content=\"pt_BR\" \/>\n<meta property=\"og:type\" content=\"article\" \/>\n<meta property=\"og:title\" content=\"Podcast: Ester Baptistella fala do tema \u201cEducar para o di\u00e1logo\u201d no d\u00e9cimo epis\u00f3dio da S\u00e9rie CF 2022 - Not\u00edcias - Franciscanos\" \/>\n<meta property=\"og:description\" content=\"S\u00e9rie Especial CF 2022\" \/>\n<meta property=\"og:url\" content=\"https:\/\/franciscanos.org.br\/noticias\/esterbaptistella.html\" \/>\n<meta property=\"og:site_name\" content=\"Not\u00edcias - Franciscanos\" \/>\n<meta property=\"article:published_time\" content=\"2022-04-01T18:16:23+00:00\" \/>\n<meta property=\"article:modified_time\" content=\"2022-04-07T09:52:16+00:00\" \/>\n<meta property=\"og:image\" content=\"https:\/\/franciscanos.org.br\/noticias\/wp-content\/uploads\/2022\/04\/episodio_10_03.jpg\" \/>\n\t<meta property=\"og:image:width\" content=\"900\" \/>\n\t<meta property=\"og:image:height\" content=\"506\" \/>\n\t<meta property=\"og:image:type\" content=\"image\/jpeg\" \/>\n<meta name=\"author\" content=\"moacir\" \/>\n<meta name=\"twitter:card\" content=\"summary_large_image\" \/>\n<meta name=\"twitter:label1\" content=\"Escrito por\" \/>\n\t<meta name=\"twitter:data1\" content=\"moacir\" \/>\n\t<meta name=\"twitter:label2\" content=\"Est. tempo de leitura\" \/>\n\t<meta name=\"twitter:data2\" content=\"3 minutos\" \/>\n<script type=\"application\/ld+json\" class=\"yoast-schema-graph\">{\"@context\":\"https:\/\/schema.org\",\"@graph\":[{\"@type\":\"WebSite\",\"@id\":\"https:\/\/franciscanos.org.br\/noticias\/#website\",\"url\":\"https:\/\/franciscanos.org.br\/noticias\/\",\"name\":\"Not\u00edcias - Franciscanos\",\"description\":\"Prov\u00edncia Franciscana da Imaculada Concei\u00e7\u00e3o do Brasil - Ordem dos Frades Menores - OFM\",\"potentialAction\":[{\"@type\":\"SearchAction\",\"target\":{\"@type\":\"EntryPoint\",\"urlTemplate\":\"https:\/\/franciscanos.org.br\/noticias\/?s={search_term_string}\"},\"query-input\":\"required name=search_term_string\"}],\"inLanguage\":\"pt-BR\"},{\"@type\":\"ImageObject\",\"inLanguage\":\"pt-BR\",\"@id\":\"https:\/\/franciscanos.org.br\/noticias\/esterbaptistella.html#primaryimage\",\"url\":\"https:\/\/franciscanos.org.br\/noticias\/wp-content\/uploads\/2022\/04\/episodio_10_03.jpg\",\"contentUrl\":\"https:\/\/franciscanos.org.br\/noticias\/wp-content\/uploads\/2022\/04\/episodio_10_03.jpg\",\"width\":900,\"height\":506},{\"@type\":\"WebPage\",\"@id\":\"https:\/\/franciscanos.org.br\/noticias\/esterbaptistella.html#webpage\",\"url\":\"https:\/\/franciscanos.org.br\/noticias\/esterbaptistella.html\",\"name\":\"Podcast: Ester Baptistella fala do tema \u201cEducar para o di\u00e1logo\u201d no d\u00e9cimo epis\u00f3dio da S\u00e9rie CF 2022 - Not\u00edcias - Franciscanos\",\"isPartOf\":{\"@id\":\"https:\/\/franciscanos.org.br\/noticias\/#website\"},\"primaryImageOfPage\":{\"@id\":\"https:\/\/franciscanos.org.br\/noticias\/esterbaptistella.html#primaryimage\"},\"datePublished\":\"2022-04-01T18:16:23+00:00\",\"dateModified\":\"2022-04-07T09:52:16+00:00\",\"author\":{\"@id\":\"https:\/\/franciscanos.org.br\/noticias\/#\/schema\/person\/b5c8cba458c330ccff548b056e95a5d4\"},\"breadcrumb\":{\"@id\":\"https:\/\/franciscanos.org.br\/noticias\/esterbaptistella.html#breadcrumb\"},\"inLanguage\":\"pt-BR\",\"potentialAction\":[{\"@type\":\"ReadAction\",\"target\":[\"https:\/\/franciscanos.org.br\/noticias\/esterbaptistella.html\"]}]},{\"@type\":\"BreadcrumbList\",\"@id\":\"https:\/\/franciscanos.org.br\/noticias\/esterbaptistella.html#breadcrumb\",\"itemListElement\":[{\"@type\":\"ListItem\",\"position\":1,\"name\":\"Home\",\"item\":\"https:\/\/franciscanos.org.br\/noticias\"},{\"@type\":\"ListItem\",\"position\":2,\"name\":\"Podcast: Ester Baptistella fala do tema \u201cEducar para o di\u00e1logo\u201d no d\u00e9cimo epis\u00f3dio da S\u00e9rie CF 2022\"}]},{\"@type\":\"Person\",\"@id\":\"https:\/\/franciscanos.org.br\/noticias\/#\/schema\/person\/b5c8cba458c330ccff548b056e95a5d4\",\"name\":\"moacir\",\"image\":{\"@type\":\"ImageObject\",\"inLanguage\":\"pt-BR\",\"@id\":\"https:\/\/franciscanos.org.br\/noticias\/#\/schema\/person\/image\/\",\"url\":\"https:\/\/secure.gravatar.com\/avatar\/d08aa2ce4c8dd416d4479aa8536fcf64?s=96&d=mm&r=g\",\"contentUrl\":\"https:\/\/secure.gravatar.com\/avatar\/d08aa2ce4c8dd416d4479aa8536fcf64?s=96&d=mm&r=g\",\"caption\":\"moacir\"},\"url\":\"https:\/\/franciscanos.org.br\/noticias\/author\/moacir\"}]}<\/script>\n<!-- \/ Yoast SEO plugin. -->","yoast_head_json":{"title":"Podcast: Ester Baptistella fala do tema \u201cEducar para o di\u00e1logo\u201d no d\u00e9cimo epis\u00f3dio da S\u00e9rie CF 2022 - Not\u00edcias - Franciscanos","robots":{"index":"index","follow":"follow","max-snippet":"max-snippet:-1","max-image-preview":"max-image-preview:large","max-video-preview":"max-video-preview:-1"},"canonical":"https:\/\/franciscanos.org.br\/noticias\/esterbaptistella.html","og_locale":"pt_BR","og_type":"article","og_title":"Podcast: Ester Baptistella fala do tema \u201cEducar para o di\u00e1logo\u201d no d\u00e9cimo epis\u00f3dio da S\u00e9rie CF 2022 - Not\u00edcias - Franciscanos","og_description":"S\u00e9rie Especial CF 2022","og_url":"https:\/\/franciscanos.org.br\/noticias\/esterbaptistella.html","og_site_name":"Not\u00edcias - Franciscanos","article_published_time":"2022-04-01T18:16:23+00:00","article_modified_time":"2022-04-07T09:52:16+00:00","og_image":[{"width":900,"height":506,"url":"https:\/\/franciscanos.org.br\/noticias\/wp-content\/uploads\/2022\/04\/episodio_10_03.jpg","type":"image\/jpeg"}],"author":"moacir","twitter_card":"summary_large_image","twitter_misc":{"Escrito por":"moacir","Est. tempo de leitura":"3 minutos"},"schema":{"@context":"https:\/\/schema.org","@graph":[{"@type":"WebSite","@id":"https:\/\/franciscanos.org.br\/noticias\/#website","url":"https:\/\/franciscanos.org.br\/noticias\/","name":"Not\u00edcias - Franciscanos","description":"Prov\u00edncia Franciscana da Imaculada Concei\u00e7\u00e3o do Brasil - Ordem dos Frades Menores - OFM","potentialAction":[{"@type":"SearchAction","target":{"@type":"EntryPoint","urlTemplate":"https:\/\/franciscanos.org.br\/noticias\/?s={search_term_string}"},"query-input":"required name=search_term_string"}],"inLanguage":"pt-BR"},{"@type":"ImageObject","inLanguage":"pt-BR","@id":"https:\/\/franciscanos.org.br\/noticias\/esterbaptistella.html#primaryimage","url":"https:\/\/franciscanos.org.br\/noticias\/wp-content\/uploads\/2022\/04\/episodio_10_03.jpg","contentUrl":"https:\/\/franciscanos.org.br\/noticias\/wp-content\/uploads\/2022\/04\/episodio_10_03.jpg","width":900,"height":506},{"@type":"WebPage","@id":"https:\/\/franciscanos.org.br\/noticias\/esterbaptistella.html#webpage","url":"https:\/\/franciscanos.org.br\/noticias\/esterbaptistella.html","name":"Podcast: Ester Baptistella fala do tema \u201cEducar para o di\u00e1logo\u201d no d\u00e9cimo epis\u00f3dio da S\u00e9rie CF 2022 - Not\u00edcias - Franciscanos","isPartOf":{"@id":"https:\/\/franciscanos.org.br\/noticias\/#website"},"primaryImageOfPage":{"@id":"https:\/\/franciscanos.org.br\/noticias\/esterbaptistella.html#primaryimage"},"datePublished":"2022-04-01T18:16:23+00:00","dateModified":"2022-04-07T09:52:16+00:00","author":{"@id":"https:\/\/franciscanos.org.br\/noticias\/#\/schema\/person\/b5c8cba458c330ccff548b056e95a5d4"},"breadcrumb":{"@id":"https:\/\/franciscanos.org.br\/noticias\/esterbaptistella.html#breadcrumb"},"inLanguage":"pt-BR","potentialAction":[{"@type":"ReadAction","target":["https:\/\/franciscanos.org.br\/noticias\/esterbaptistella.html"]}]},{"@type":"BreadcrumbList","@id":"https:\/\/franciscanos.org.br\/noticias\/esterbaptistella.html#breadcrumb","itemListElement":[{"@type":"ListItem","position":1,"name":"Home","item":"https:\/\/franciscanos.org.br\/noticias"},{"@type":"ListItem","position":2,"name":"Podcast: Ester Baptistella fala do tema \u201cEducar para o di\u00e1logo\u201d no d\u00e9cimo epis\u00f3dio da S\u00e9rie CF 2022"}]},{"@type":"Person","@id":"https:\/\/franciscanos.org.br\/noticias\/#\/schema\/person\/b5c8cba458c330ccff548b056e95a5d4","name":"moacir","image":{"@type":"ImageObject","inLanguage":"pt-BR","@id":"https:\/\/franciscanos.org.br\/noticias\/#\/schema\/person\/image\/","url":"https:\/\/secure.gravatar.com\/avatar\/d08aa2ce4c8dd416d4479aa8536fcf64?s=96&d=mm&r=g","contentUrl":"https:\/\/secure.gravatar.com\/avatar\/d08aa2ce4c8dd416d4479aa8536fcf64?s=96&d=mm&r=g","caption":"moacir"},"url":"https:\/\/franciscanos.org.br\/noticias\/author\/moacir"}]}},"_links":{"self":[{"href":"https:\/\/franciscanos.org.br\/noticias\/wp-json\/wp\/v2\/posts\/237114"}],"collection":[{"href":"https:\/\/franciscanos.org.br\/noticias\/wp-json\/wp\/v2\/posts"}],"about":[{"href":"https:\/\/franciscanos.org.br\/noticias\/wp-json\/wp\/v2\/types\/post"}],"author":[{"embeddable":true,"href":"https:\/\/franciscanos.org.br\/noticias\/wp-json\/wp\/v2\/users\/3"}],"replies":[{"embeddable":true,"href":"https:\/\/franciscanos.org.br\/noticias\/wp-json\/wp\/v2\/comments?post=237114"}],"version-history":[{"count":4,"href":"https:\/\/franciscanos.org.br\/noticias\/wp-json\/wp\/v2\/posts\/237114\/revisions"}],"predecessor-version":[{"id":237181,"href":"https:\/\/franciscanos.org.br\/noticias\/wp-json\/wp\/v2\/posts\/237114\/revisions\/237181"}],"wp:featuredmedia":[{"embeddable":true,"href":"https:\/\/franciscanos.org.br\/noticias\/wp-json\/wp\/v2\/media\/237115"}],"wp:attachment":[{"href":"https:\/\/franciscanos.org.br\/noticias\/wp-json\/wp\/v2\/media?parent=237114"}],"wp:term":[{"taxonomy":"category","embeddable":true,"href":"https:\/\/franciscanos.org.br\/noticias\/wp-json\/wp\/v2\/categories?post=237114"},{"taxonomy":"post_tag","embeddable":true,"href":"https:\/\/franciscanos.org.br\/noticias\/wp-json\/wp\/v2\/tags?post=237114"}],"curies":[{"name":"wp","href":"https:\/\/api.w.org\/{rel}","templated":true}]}}