{"id":237109,"date":"2022-03-31T10:14:10","date_gmt":"2022-03-31T13:14:10","guid":{"rendered":"https:\/\/franciscanos.org.br\/noticias\/?p=237109"},"modified":"2023-01-09T11:12:56","modified_gmt":"2023-01-09T14:12:56","slug":"sinodalidade-assembleia-indica-caminhos-para-a-animacao-vocacional","status":"publish","type":"post","link":"https:\/\/franciscanos.org.br\/noticias\/sinodalidade-assembleia-indica-caminhos-para-a-animacao-vocacional.html","title":{"rendered":"Sinodalidade: Assembleia indica caminhos para a Anima\u00e7\u00e3o Vocacional"},"content":{"rendered":"<p><img loading=\"lazy\" class=\"alignnone size-full wp-image-237110\" src=\"https:\/\/franciscanos.org.br\/noticias\/wp-content\/uploads\/2022\/03\/sav_31.jpg\" alt=\"\" width=\"1280\" height=\"720\" srcset=\"https:\/\/franciscanos.org.br\/noticias\/wp-content\/uploads\/2022\/03\/sav_31.jpg 1280w, https:\/\/franciscanos.org.br\/noticias\/wp-content\/uploads\/2022\/03\/sav_31-450x253.jpg 450w, https:\/\/franciscanos.org.br\/noticias\/wp-content\/uploads\/2022\/03\/sav_31-1024x576.jpg 1024w, https:\/\/franciscanos.org.br\/noticias\/wp-content\/uploads\/2022\/03\/sav_31-768x432.jpg 768w, https:\/\/franciscanos.org.br\/noticias\/wp-content\/uploads\/2022\/03\/sav_31-150x84.jpg 150w\" sizes=\"(max-width: 1280px) 100vw, 1280px\" \/><\/p>\n<p>O Papa Francisco tem recordado com frequ\u00eancia o tema da sinodalidade. Isto \u00e9 uma grande e prof\u00e9tica perspectiva de trabalho. Entretanto, este \u00e9, na verdade, um modo de ser da Igreja desde os seus prim\u00f3rdios. Ser sinodal, antes de uma op\u00e7\u00e3o, uma ideia nova, \u00e9 uma ess\u00eancia da caminhada eclesial, que j\u00e1 nas primeiras comunidades tudo realizava em forma de partilha, conversa e escuta m\u00fatua. O Papa, deste modo, refor\u00e7a que este \u00e9 o modo de ser da Igreja ao indicar que o prop\u00f3sito do S\u00ednodo que estamos vivendo este ano, sobre este tema, quer antes de produzir documentos, gerar um movimento sinodal como resultado de sua atividade.<\/p>\n<p>E a Prov\u00edncia Franciscana da Imaculada Concei\u00e7\u00e3o do Brasil n\u00e3o poderia ser diferente. Diante disso, uma das articula\u00e7\u00f5es em chave sinodal a partir do cap\u00edtulo provincial do ano passado se tornou, dentre tantas outras, a assembleia anual do Servi\u00e7o de Anima\u00e7\u00e3o Vocacional (SAV), que aconteceu na Fraternidade Franciscana Boaventura em Campo Largo\/PR, nos dias 29-30\/03.<\/p>\n<p>Retomando os grandes passos que o SAV j\u00e1 realizou nos \u00faltimos anos, a assembleia quis ser um momento de encontro com os animadores vocacionais de cada fraternidade para: situ\u00e1-los quanto \u00e0 sua miss\u00e3o, estabelecer crit\u00e9rios e oferecer dicas, ouvi-los quanto poss\u00edveis sugest\u00f5es para a articula\u00e7\u00e3o do trabalho a n\u00edvel provincial e apresentar frentes de trabalho que j\u00e1 est\u00e3o em execu\u00e7\u00e3o. Frei Je\u00e2 Paulo Andrade e Frei Gabriel Dellandrea, animadores vocacionais da Prov\u00edncia, buscaram apresentar os documentos que contextualizam o trabalho de cuidado para com as voca\u00e7\u00f5es e tra\u00e7aram propostas para um planejamento das atividades. Para tal, os 27 frades participantes foram divididos em grupos para melhor poder expressar suas ideias e assim ajudarem a construir um projeto comum de sensibiliza\u00e7\u00e3o vocacional.<\/p>\n<p><img loading=\"lazy\" class=\"alignnone size-full wp-image-237111\" src=\"https:\/\/franciscanos.org.br\/noticias\/wp-content\/uploads\/2022\/03\/sav_31_2.jpg\" alt=\"\" width=\"1280\" height=\"720\" srcset=\"https:\/\/franciscanos.org.br\/noticias\/wp-content\/uploads\/2022\/03\/sav_31_2.jpg 1280w, https:\/\/franciscanos.org.br\/noticias\/wp-content\/uploads\/2022\/03\/sav_31_2-450x253.jpg 450w, https:\/\/franciscanos.org.br\/noticias\/wp-content\/uploads\/2022\/03\/sav_31_2-1024x576.jpg 1024w, https:\/\/franciscanos.org.br\/noticias\/wp-content\/uploads\/2022\/03\/sav_31_2-768x432.jpg 768w, https:\/\/franciscanos.org.br\/noticias\/wp-content\/uploads\/2022\/03\/sav_31_2-150x84.jpg 150w\" sizes=\"(max-width: 1280px) 100vw, 1280px\" \/><\/p>\n<p>Al\u00e9m disso, foram apresentadas iniciativas que j\u00e1 est\u00e3o em vigor nas redes sociais da Prov\u00edncia, bem como atividades que foram realizadas nos tempos fortes das Ordena\u00e7\u00f5es Presbiterais que aconteceram na Prov\u00edncia nos \u00faltimos meses. Os animadores provinciais tamb\u00e9m apresentaram um panorama de outras atividades que aos poucos v\u00e3o ser inseridas neste trabalho, tais como um espa\u00e7o franciscano em algumas das grandes festas da Prov\u00edncia, cria\u00e7\u00e3o da Pastoral Vocacional onde for poss\u00edvel, visita \u00e0s fraternidades para pensar uma atividade vocacional, anima\u00e7\u00e3o dos jubileus e outros momentos fortes da vida provincial e entre outras propostas.<\/p>\n<p>Frei Daniel Dellandrea, definidor provincial e guardi\u00e3o, durante o encontro, falou em nome do Ministro Provincial Frei Paulo Roberto Pereira, recordando que mais do que meios e articula\u00e7\u00f5es para o servi\u00e7o, a vida de cada frade \u00e9 um convite constante \u00e0 anima\u00e7\u00e3o. Cada frade, na sua miss\u00e3o, \u00e9 chamado a ser sinal de promo\u00e7\u00e3o vocacional, pois \u00e9 a partir de sua vida que outros irm\u00e3os poder\u00e3o se sentir encantados a conhecer o carisma franciscano. Frei Paulo ainda enviou uma mensagem aos frades com as seguintes provoca\u00e7\u00f5es: \u201cao saudar os irm\u00e3os Animadores Vocacionais Locais, reunidos em Rondinha nestes dias, agrade\u00e7o por terem aceitado a indica\u00e7\u00e3o e a nomea\u00e7\u00e3o para serem, a partir de cada Casa e em todas as Frentes de Evangeliza\u00e7\u00e3o, os guardi\u00e3es e promotores desta prioridade. Aqui quero insistir, antes de ser um an\u00fancio para os outros o \u201cEvangelho Vocacional\u201d seja um convite para que cada um de n\u00f3s, para que cada fraternidade da Prov\u00edncia, deixe-se revigorar a partir da alegria que um dia nos fez sonhar com a fraternidade, com a promo\u00e7\u00e3o da justi\u00e7a, da paz e do bem. Por isso, entre os mandatos do Cap\u00edtulo est\u00e1 a proposi\u00e7\u00e3o: \u201cCada fraternidade, uma nova voca\u00e7\u00e3o\u201d. Notem, na frase tem a express\u00e3o \u201cnova voca\u00e7\u00e3o\u201d, afinal nossas Casas j\u00e1 re\u00fanem os irm\u00e3os chamados a viver o Evangelho de Nosso Senhor Jesus Cristo. Este vocacionados somos n\u00f3s mesmos. Por isso, vale a insist\u00eancia: o testemunho alegre da pr\u00f3pria voca\u00e7\u00e3o continua a ser a mais eficiente maneira de gestar novos irm\u00e3os\u201d.<\/p>\n<p>Sendo assim, procurando ouvir a voz do Esp\u00edrito na contribui\u00e7\u00e3o de cada irm\u00e3o, a Assembleia estabeleceu alguns nortes para executar a prioridade do \u00faltimo Cap\u00edtulo Provincial, no ano passado, que pediu a consolida\u00e7\u00e3o da Anima\u00e7\u00e3o Vocacional como prioridade provincial. Al\u00e9m dos momentos de plen\u00e1ria e conversa para crit\u00e9rios e dicas aos trabalhos, os frades puderam animarem-se a partir de momentos de ora\u00e7\u00e3o, conviv\u00eancia fraterna e reencontro.<\/p>\n<hr \/>\n<p><em>Frei Gabriel Dellandrea<\/em><\/p>\n","protected":false},"excerpt":{"rendered":"<p>Servi\u00e7o de Anima\u00e7\u00e3o Vocacional<\/p>\n","protected":false},"author":3,"featured_media":237110,"comment_status":"open","ping_status":"open","sticky":false,"template":"","format":"standard","meta":[],"categories":[1],"tags":[552],"acf":[],"yoast_head":"<!-- This site is optimized with the Yoast SEO plugin v19.2 - https:\/\/yoast.com\/wordpress\/plugins\/seo\/ -->\n<title>Sinodalidade: Assembleia indica caminhos para a Anima\u00e7\u00e3o Vocacional - Not\u00edcias - Franciscanos<\/title>\n<meta name=\"robots\" content=\"index, follow, max-snippet:-1, max-image-preview:large, max-video-preview:-1\" \/>\n<link rel=\"canonical\" href=\"https:\/\/franciscanos.org.br\/noticias\/sinodalidade-assembleia-indica-caminhos-para-a-animacao-vocacional.html\" \/>\n<meta property=\"og:locale\" content=\"pt_BR\" \/>\n<meta property=\"og:type\" content=\"article\" \/>\n<meta property=\"og:title\" content=\"Sinodalidade: Assembleia indica caminhos para a Anima\u00e7\u00e3o Vocacional - Not\u00edcias - Franciscanos\" \/>\n<meta property=\"og:description\" content=\"Servi\u00e7o de Anima\u00e7\u00e3o Vocacional\" \/>\n<meta property=\"og:url\" content=\"https:\/\/franciscanos.org.br\/noticias\/sinodalidade-assembleia-indica-caminhos-para-a-animacao-vocacional.html\" \/>\n<meta property=\"og:site_name\" content=\"Not\u00edcias - Franciscanos\" \/>\n<meta property=\"article:published_time\" content=\"2022-03-31T13:14:10+00:00\" \/>\n<meta property=\"article:modified_time\" content=\"2023-01-09T14:12:56+00:00\" \/>\n<meta property=\"og:image\" content=\"https:\/\/franciscanos.org.br\/noticias\/wp-content\/uploads\/2022\/03\/sav_31.jpg\" \/>\n\t<meta property=\"og:image:width\" content=\"1280\" \/>\n\t<meta property=\"og:image:height\" content=\"720\" \/>\n\t<meta property=\"og:image:type\" content=\"image\/jpeg\" \/>\n<meta name=\"author\" content=\"moacir\" \/>\n<meta name=\"twitter:card\" content=\"summary_large_image\" \/>\n<meta name=\"twitter:label1\" content=\"Escrito por\" \/>\n\t<meta name=\"twitter:data1\" content=\"moacir\" \/>\n\t<meta name=\"twitter:label2\" content=\"Est. tempo de leitura\" \/>\n\t<meta name=\"twitter:data2\" content=\"4 minutos\" \/>\n<script type=\"application\/ld+json\" class=\"yoast-schema-graph\">{\"@context\":\"https:\/\/schema.org\",\"@graph\":[{\"@type\":\"WebSite\",\"@id\":\"https:\/\/franciscanos.org.br\/noticias\/#website\",\"url\":\"https:\/\/franciscanos.org.br\/noticias\/\",\"name\":\"Not\u00edcias - Franciscanos\",\"description\":\"Prov\u00edncia Franciscana da Imaculada Concei\u00e7\u00e3o do Brasil - Ordem dos Frades Menores - OFM\",\"potentialAction\":[{\"@type\":\"SearchAction\",\"target\":{\"@type\":\"EntryPoint\",\"urlTemplate\":\"https:\/\/franciscanos.org.br\/noticias\/?s={search_term_string}\"},\"query-input\":\"required name=search_term_string\"}],\"inLanguage\":\"pt-BR\"},{\"@type\":\"ImageObject\",\"inLanguage\":\"pt-BR\",\"@id\":\"https:\/\/franciscanos.org.br\/noticias\/sinodalidade-assembleia-indica-caminhos-para-a-animacao-vocacional.html#primaryimage\",\"url\":\"https:\/\/franciscanos.org.br\/noticias\/wp-content\/uploads\/2022\/03\/sav_31.jpg\",\"contentUrl\":\"https:\/\/franciscanos.org.br\/noticias\/wp-content\/uploads\/2022\/03\/sav_31.jpg\",\"width\":1280,\"height\":720},{\"@type\":\"WebPage\",\"@id\":\"https:\/\/franciscanos.org.br\/noticias\/sinodalidade-assembleia-indica-caminhos-para-a-animacao-vocacional.html#webpage\",\"url\":\"https:\/\/franciscanos.org.br\/noticias\/sinodalidade-assembleia-indica-caminhos-para-a-animacao-vocacional.html\",\"name\":\"Sinodalidade: Assembleia indica caminhos para a Anima\u00e7\u00e3o Vocacional - Not\u00edcias - Franciscanos\",\"isPartOf\":{\"@id\":\"https:\/\/franciscanos.org.br\/noticias\/#website\"},\"primaryImageOfPage\":{\"@id\":\"https:\/\/franciscanos.org.br\/noticias\/sinodalidade-assembleia-indica-caminhos-para-a-animacao-vocacional.html#primaryimage\"},\"datePublished\":\"2022-03-31T13:14:10+00:00\",\"dateModified\":\"2023-01-09T14:12:56+00:00\",\"author\":{\"@id\":\"https:\/\/franciscanos.org.br\/noticias\/#\/schema\/person\/b5c8cba458c330ccff548b056e95a5d4\"},\"breadcrumb\":{\"@id\":\"https:\/\/franciscanos.org.br\/noticias\/sinodalidade-assembleia-indica-caminhos-para-a-animacao-vocacional.html#breadcrumb\"},\"inLanguage\":\"pt-BR\",\"potentialAction\":[{\"@type\":\"ReadAction\",\"target\":[\"https:\/\/franciscanos.org.br\/noticias\/sinodalidade-assembleia-indica-caminhos-para-a-animacao-vocacional.html\"]}]},{\"@type\":\"BreadcrumbList\",\"@id\":\"https:\/\/franciscanos.org.br\/noticias\/sinodalidade-assembleia-indica-caminhos-para-a-animacao-vocacional.html#breadcrumb\",\"itemListElement\":[{\"@type\":\"ListItem\",\"position\":1,\"name\":\"Home\",\"item\":\"https:\/\/franciscanos.org.br\/noticias\"},{\"@type\":\"ListItem\",\"position\":2,\"name\":\"Sinodalidade: Assembleia indica caminhos para a Anima\u00e7\u00e3o Vocacional\"}]},{\"@type\":\"Person\",\"@id\":\"https:\/\/franciscanos.org.br\/noticias\/#\/schema\/person\/b5c8cba458c330ccff548b056e95a5d4\",\"name\":\"moacir\",\"image\":{\"@type\":\"ImageObject\",\"inLanguage\":\"pt-BR\",\"@id\":\"https:\/\/franciscanos.org.br\/noticias\/#\/schema\/person\/image\/\",\"url\":\"https:\/\/secure.gravatar.com\/avatar\/d08aa2ce4c8dd416d4479aa8536fcf64?s=96&d=mm&r=g\",\"contentUrl\":\"https:\/\/secure.gravatar.com\/avatar\/d08aa2ce4c8dd416d4479aa8536fcf64?s=96&d=mm&r=g\",\"caption\":\"moacir\"},\"url\":\"https:\/\/franciscanos.org.br\/noticias\/author\/moacir\"}]}<\/script>\n<!-- \/ Yoast SEO plugin. -->","yoast_head_json":{"title":"Sinodalidade: Assembleia indica caminhos para a Anima\u00e7\u00e3o Vocacional - Not\u00edcias - Franciscanos","robots":{"index":"index","follow":"follow","max-snippet":"max-snippet:-1","max-image-preview":"max-image-preview:large","max-video-preview":"max-video-preview:-1"},"canonical":"https:\/\/franciscanos.org.br\/noticias\/sinodalidade-assembleia-indica-caminhos-para-a-animacao-vocacional.html","og_locale":"pt_BR","og_type":"article","og_title":"Sinodalidade: Assembleia indica caminhos para a Anima\u00e7\u00e3o Vocacional - Not\u00edcias - Franciscanos","og_description":"Servi\u00e7o de Anima\u00e7\u00e3o Vocacional","og_url":"https:\/\/franciscanos.org.br\/noticias\/sinodalidade-assembleia-indica-caminhos-para-a-animacao-vocacional.html","og_site_name":"Not\u00edcias - Franciscanos","article_published_time":"2022-03-31T13:14:10+00:00","article_modified_time":"2023-01-09T14:12:56+00:00","og_image":[{"width":1280,"height":720,"url":"https:\/\/franciscanos.org.br\/noticias\/wp-content\/uploads\/2022\/03\/sav_31.jpg","type":"image\/jpeg"}],"author":"moacir","twitter_card":"summary_large_image","twitter_misc":{"Escrito por":"moacir","Est. tempo de leitura":"4 minutos"},"schema":{"@context":"https:\/\/schema.org","@graph":[{"@type":"WebSite","@id":"https:\/\/franciscanos.org.br\/noticias\/#website","url":"https:\/\/franciscanos.org.br\/noticias\/","name":"Not\u00edcias - Franciscanos","description":"Prov\u00edncia Franciscana da Imaculada Concei\u00e7\u00e3o do Brasil - Ordem dos Frades Menores - OFM","potentialAction":[{"@type":"SearchAction","target":{"@type":"EntryPoint","urlTemplate":"https:\/\/franciscanos.org.br\/noticias\/?s={search_term_string}"},"query-input":"required name=search_term_string"}],"inLanguage":"pt-BR"},{"@type":"ImageObject","inLanguage":"pt-BR","@id":"https:\/\/franciscanos.org.br\/noticias\/sinodalidade-assembleia-indica-caminhos-para-a-animacao-vocacional.html#primaryimage","url":"https:\/\/franciscanos.org.br\/noticias\/wp-content\/uploads\/2022\/03\/sav_31.jpg","contentUrl":"https:\/\/franciscanos.org.br\/noticias\/wp-content\/uploads\/2022\/03\/sav_31.jpg","width":1280,"height":720},{"@type":"WebPage","@id":"https:\/\/franciscanos.org.br\/noticias\/sinodalidade-assembleia-indica-caminhos-para-a-animacao-vocacional.html#webpage","url":"https:\/\/franciscanos.org.br\/noticias\/sinodalidade-assembleia-indica-caminhos-para-a-animacao-vocacional.html","name":"Sinodalidade: Assembleia indica caminhos para a Anima\u00e7\u00e3o Vocacional - Not\u00edcias - Franciscanos","isPartOf":{"@id":"https:\/\/franciscanos.org.br\/noticias\/#website"},"primaryImageOfPage":{"@id":"https:\/\/franciscanos.org.br\/noticias\/sinodalidade-assembleia-indica-caminhos-para-a-animacao-vocacional.html#primaryimage"},"datePublished":"2022-03-31T13:14:10+00:00","dateModified":"2023-01-09T14:12:56+00:00","author":{"@id":"https:\/\/franciscanos.org.br\/noticias\/#\/schema\/person\/b5c8cba458c330ccff548b056e95a5d4"},"breadcrumb":{"@id":"https:\/\/franciscanos.org.br\/noticias\/sinodalidade-assembleia-indica-caminhos-para-a-animacao-vocacional.html#breadcrumb"},"inLanguage":"pt-BR","potentialAction":[{"@type":"ReadAction","target":["https:\/\/franciscanos.org.br\/noticias\/sinodalidade-assembleia-indica-caminhos-para-a-animacao-vocacional.html"]}]},{"@type":"BreadcrumbList","@id":"https:\/\/franciscanos.org.br\/noticias\/sinodalidade-assembleia-indica-caminhos-para-a-animacao-vocacional.html#breadcrumb","itemListElement":[{"@type":"ListItem","position":1,"name":"Home","item":"https:\/\/franciscanos.org.br\/noticias"},{"@type":"ListItem","position":2,"name":"Sinodalidade: Assembleia indica caminhos para a Anima\u00e7\u00e3o Vocacional"}]},{"@type":"Person","@id":"https:\/\/franciscanos.org.br\/noticias\/#\/schema\/person\/b5c8cba458c330ccff548b056e95a5d4","name":"moacir","image":{"@type":"ImageObject","inLanguage":"pt-BR","@id":"https:\/\/franciscanos.org.br\/noticias\/#\/schema\/person\/image\/","url":"https:\/\/secure.gravatar.com\/avatar\/d08aa2ce4c8dd416d4479aa8536fcf64?s=96&d=mm&r=g","contentUrl":"https:\/\/secure.gravatar.com\/avatar\/d08aa2ce4c8dd416d4479aa8536fcf64?s=96&d=mm&r=g","caption":"moacir"},"url":"https:\/\/franciscanos.org.br\/noticias\/author\/moacir"}]}},"_links":{"self":[{"href":"https:\/\/franciscanos.org.br\/noticias\/wp-json\/wp\/v2\/posts\/237109"}],"collection":[{"href":"https:\/\/franciscanos.org.br\/noticias\/wp-json\/wp\/v2\/posts"}],"about":[{"href":"https:\/\/franciscanos.org.br\/noticias\/wp-json\/wp\/v2\/types\/post"}],"author":[{"embeddable":true,"href":"https:\/\/franciscanos.org.br\/noticias\/wp-json\/wp\/v2\/users\/3"}],"replies":[{"embeddable":true,"href":"https:\/\/franciscanos.org.br\/noticias\/wp-json\/wp\/v2\/comments?post=237109"}],"version-history":[{"count":1,"href":"https:\/\/franciscanos.org.br\/noticias\/wp-json\/wp\/v2\/posts\/237109\/revisions"}],"predecessor-version":[{"id":237112,"href":"https:\/\/franciscanos.org.br\/noticias\/wp-json\/wp\/v2\/posts\/237109\/revisions\/237112"}],"wp:featuredmedia":[{"embeddable":true,"href":"https:\/\/franciscanos.org.br\/noticias\/wp-json\/wp\/v2\/media\/237110"}],"wp:attachment":[{"href":"https:\/\/franciscanos.org.br\/noticias\/wp-json\/wp\/v2\/media?parent=237109"}],"wp:term":[{"taxonomy":"category","embeddable":true,"href":"https:\/\/franciscanos.org.br\/noticias\/wp-json\/wp\/v2\/categories?post=237109"},{"taxonomy":"post_tag","embeddable":true,"href":"https:\/\/franciscanos.org.br\/noticias\/wp-json\/wp\/v2\/tags?post=237109"}],"curies":[{"name":"wp","href":"https:\/\/api.w.org\/{rel}","templated":true}]}}