{"id":237100,"date":"2022-04-21T09:26:14","date_gmt":"2022-04-21T12:26:14","guid":{"rendered":"https:\/\/franciscanos.org.br\/noticias\/?p=237100"},"modified":"2022-04-23T08:11:54","modified_gmt":"2022-04-23T11:11:54","slug":"festa-da-penha-volta-a-ser-presencial","status":"publish","type":"post","link":"https:\/\/franciscanos.org.br\/noticias\/festa-da-penha-volta-a-ser-presencial.html","title":{"rendered":"Festa da Penha volta a ser presencial"},"content":{"rendered":"<div id=\"attachment_237103\" style=\"width: 1290px\" class=\"wp-caption alignnone\"><img aria-describedby=\"caption-attachment-237103\" loading=\"lazy\" class=\"wp-image-237103 size-full\" src=\"https:\/\/franciscanos.org.br\/noticias\/wp-content\/uploads\/2022\/03\/penha_310322_1.jpg\" alt=\"\" width=\"1280\" height=\"720\" srcset=\"https:\/\/franciscanos.org.br\/noticias\/wp-content\/uploads\/2022\/03\/penha_310322_1.jpg 1280w, https:\/\/franciscanos.org.br\/noticias\/wp-content\/uploads\/2022\/03\/penha_310322_1-450x253.jpg 450w, https:\/\/franciscanos.org.br\/noticias\/wp-content\/uploads\/2022\/03\/penha_310322_1-1024x576.jpg 1024w, https:\/\/franciscanos.org.br\/noticias\/wp-content\/uploads\/2022\/03\/penha_310322_1-768x432.jpg 768w, https:\/\/franciscanos.org.br\/noticias\/wp-content\/uploads\/2022\/03\/penha_310322_1-150x84.jpg 150w\" sizes=\"(max-width: 1280px) 100vw, 1280px\" \/><p id=\"caption-attachment-237103\" class=\"wp-caption-text\"><em>Imagem da Festa da Penha de 2017 (Acervo Prov\u00edncia)<\/em><\/p><\/div>\n<p>A 452\u00aa Festa da Penha, que tem in\u00edcio hoje, 17 de abril, e vai at\u00e9 25 de abril, ser\u00e1 realizada de forma presencial ap\u00f3s duas edi\u00e7\u00f5es exclusivamente<em> on-line.<\/em> Missas no Campinho, romarias e shows fazem parte da programa\u00e7\u00e3o desta nova edi\u00e7\u00e3o.<\/p>\n<p>\u201cEstamos divulgando a programa\u00e7\u00e3o fazendo esse convite para que os fi\u00e9is celebrem o amor e a f\u00e9 em Nossa Senhora, amparados nas avalia\u00e7\u00f5es t\u00e9cnicas das autoridades de sa\u00fade para que n\u00e3o coloquemos a sa\u00fade da nossa popula\u00e7\u00e3o em risco. Manteremos tamb\u00e9m a vers\u00e3o <em>on-line<\/em>, para chegar a todos os lares levando a mensagem do Evangelho. \u00c9 tempo de seguirmos em comunh\u00e3o, em ora\u00e7\u00e3o, para que Maria continue cuidando de n\u00f3s\u201d, disse Frei Djalmo Fuck, guardi\u00e3o do Convento.<\/p>\n<p>Pe. Renato Criste, membro da Comiss\u00e3o Organizadora da Festa, destaca a amplitude da Festa. \u201c\u00c9 um evento religioso e tamb\u00e9m cultural, de todo o Esp\u00edrito Santo. Uma das mais antigas manifesta\u00e7\u00f5es populares do Pa\u00eds, com 452 anos. Nossas dioceses em todo o Estado est\u00e3o envolvidas, os romeiros est\u00e3o ansiosos, a popula\u00e7\u00e3o anseia por esse momento. \u00c9 grande a expectativa de, juntos, fazermos uma linda festa, de reencontro, retomada e muita f\u00e9\u201d, diz.<\/p>\n<p>Vale destacar que, entre os dias da festa, de 17 a 25 de abril, haver\u00e1 dois feriados: 21, que \u00e9 nacional, Dia de Tiradentes, e o outro dia 25, feriado estadual de Nossa Senhora da Penha. Com isso, a expectativa \u00e9 que p\u00fablico esteja ainda mais presente na programa\u00e7\u00e3o do evento.<\/p>\n<p>Esta edi\u00e7\u00e3o ter\u00e1 como tema \u201cSa\u00fade dos enfermos, rogai por n\u00f3s\u201d, trecho da Ladainha de Nossa Senhora. A escolha leva em conta a retomada das atividades e a cautela tendo em vista que a pandemia ainda n\u00e3o acabou.<\/p>\n<p>Segundo o guardi\u00e3o do Convento da Penha, Frei Djalmo Fuck, a expectativa \u00e9 grande no cora\u00e7\u00e3o do povo, sobretudo pelo retorno presencial da festa, em particular as romarias. \u201cH\u00e1 um desejo grande de encontro, de proximidade, depois de 2 anos sem atividades presenciais. Os grupos todos est\u00e3o se mobilizando, especialmente nossos volunt\u00e1rios. As grandes romarias, dos homens e das mulheres e tamb\u00e9m de nossas Dioceses que comp\u00f5em o Prov\u00edncia Eclesi\u00e1stica, est\u00e3o se organizando. O povo capixaba \u00e9 festeiro, especialmente quando celebra sua Padroeira&#8221;, disse o guardi\u00e3o.<\/p>\n<p>Frei Djalmo adianta que o povo pode esperar uma festa \u00fanica e inesquec\u00edvel depois de 2 anos sem o formato presencial. \u201cEntre as novidades est\u00e3o diversos shows noturnos, tamb\u00e9m parte do Oitav\u00e1rio. Entre eles, o show da Faf\u00e1 de Bel\u00e9m que encerrar\u00e1 a Romaria das Mulheres, no domingo, dia 24. Teremos tamb\u00e9m uma expans\u00e3o da festa para outros munic\u00edpios da grande Vit\u00f3ria, como Serra e Cariacica. Este ano teremos 2 imagens de Nossa Senhora iluminadas: , Velha Velha e Serra. Al\u00e9m do mais estamos em um di\u00e1logo fecundo com as associa\u00e7\u00f5es de bares e restaurantes, e tamb\u00e9m hotelaria e com\u00e9rcio de Vila Velha, para que possam se apropriar tamb\u00e9m da festa. \u00c9 uma constru\u00e7\u00e3o coletiva para celebrar a Padroeira de nosso Estado\u201d, adiantou.<\/p>\n<p>Frei Djalmo era p\u00e1roco do Santu\u00e1rio do Divino Esp\u00edrito Santo e, neste ano, assumiu como guardi\u00e3o do Convento e prepara a primeira Festa da Penha. \u201cN\u00e3o me imaginava envolvido numa festa t\u00e3o grande e importante para o Estado do Esp\u00edrito Santo e para a Prov\u00edncia. \u00c9 a terceira maior festa mariana do Brasil, depois do C\u00edrio de Nazar\u00e9 e Aparecida. Sozinho n\u00e3o sou nada. Temos uma comiss\u00e3o central formada pelo Convento da Penha, Associa\u00e7\u00e3o dos Amigos do Convento da Penha e da Arquidiocese de Vit\u00f3ria, elaborando e construindo a festa. Minha miss\u00e3o \u00e9 animar e incentivar este grupo e tamb\u00e9m os volunt\u00e1rios. Estou aprendendo. Estamos todos na expectativa de uma linda festa. E ser\u00e1, com a intercess\u00e3o da Virgem da Penha\u201d, pede.<\/p>\n<p>O tema da Festa, segundo do guardi\u00e3o, est\u00e1 embasado em tudo aquilo que vivemos nestes \u00faltimos dois anos, com a perda de muitos entes queridos e tantos adoentados. \u201cO tema foi retirado da Ladainha de Nossa Senhora e queremos celebrar a sa\u00fade em seu sentido amplo: sa\u00fade do planeta, sa\u00fade do corpo, sa\u00fade do esp\u00edrito, sa\u00fade emocional e sobretudo a sa\u00fade das rela\u00e7\u00f5es. O mundo e as pessoas precisam continuar sendo cuidados, pois foram feridos em tantos aspectos\u201d, observa Frei Djalmo.<\/p>\n<p>A Festa da Penha est\u00e1 entre os maiores e mais antigos eventos religiosos do Brasil, de grande relev\u00e2ncia na identidade e na cultura do povo capixaba. Ela \u00e9 uma realiza\u00e7\u00e3o do Convento da Penha, Arquidiocese de Vit\u00f3ria e da Associa\u00e7\u00e3o de Amigos do Convento da Penha.<\/p>\n<p><strong>Aquarela em marca da 452\u00aa Festa da Penha remete \u00e0 esperan\u00e7a em novos tempos<\/strong><br \/>\nA arte da Festa da Penha 2022 traz Nossa Senhora com os menino Jesus aos bra\u00e7os pintada em aquarela. A ilustra\u00e7\u00e3o, que estar\u00e1 em pe\u00e7as de divulga\u00e7\u00e3o do evento, remete aos novos tempos de esperan\u00e7a e alegria e tamb\u00e9m relembra a obra que deu origem \u00e0 hist\u00f3ria do Convento: a tela trazida por Frei Pedro Pal\u00e1cios.<\/p>\n<p>\u201cA M\u00e3e nos incentiva a n\u00e3o perdermos a esperan\u00e7a e a n\u00e3o permanecermos somente nas dores, essa \u00e9 a mensagem que queremos passar nas homenagens \u00e0 Nossa Senhora das Alegrias em 2022\u201d, diz Frei Pedro de Oliveira.<\/p>\n<p>Em 1558, Frei Pedro Pal\u00e1cios, vindo de Portugal, trouxe para Vila Velha um quadro de Nossa Senhora das Alegrias e numa gruta ao p\u00e9 da montanha reunia moradores da regi\u00e3o, escravos e ind\u00edgenas para rezar diante da pintura.<\/p>\n<p>Segundo a hist\u00f3ria, esse quadro sumiu v\u00e1rias vezes para sempre reaparecer no alto do morro. Pedro Pal\u00e1cios, ent\u00e3o, entendeu que deveria construir uma capela no topo do morro e mandou vir de Portugal uma imagem que logo ficou conhecida como Nossa Senhora da Penha, nome dado pelo povo por causa da localiza\u00e7\u00e3o da igreja: Penha significa pedra, rochedo.<\/p>\n<p>O evento \u00e9 uma realiza\u00e7\u00e3o do Convento da Penha, Arquidiocese de Vit\u00f3ria e da Associa\u00e7\u00e3o de Amigos do Convento da Penha. Tem o patroc\u00ednio do Banestes e da Cesan e o apoio da Vale e Arcelor Mittal, al\u00e9m dos apoios institucionais da Prefeitura de Vila Velha, Prefeitura da Serra, Governo do Estado do Esp\u00edrito Santo e Rede Gazeta.<\/p>\n<p><img loading=\"lazy\" class=\"alignnone size-full wp-image-237102\" src=\"https:\/\/franciscanos.org.br\/noticias\/wp-content\/uploads\/2022\/03\/penha_310322_2.png\" alt=\"\" width=\"1099\" height=\"617\" srcset=\"https:\/\/franciscanos.org.br\/noticias\/wp-content\/uploads\/2022\/03\/penha_310322_2.png 1099w, https:\/\/franciscanos.org.br\/noticias\/wp-content\/uploads\/2022\/03\/penha_310322_2-450x253.png 450w, https:\/\/franciscanos.org.br\/noticias\/wp-content\/uploads\/2022\/03\/penha_310322_2-1024x575.png 1024w, https:\/\/franciscanos.org.br\/noticias\/wp-content\/uploads\/2022\/03\/penha_310322_2-768x431.png 768w, https:\/\/franciscanos.org.br\/noticias\/wp-content\/uploads\/2022\/03\/penha_310322_2-150x84.png 150w\" sizes=\"(max-width: 1099px) 100vw, 1099px\" \/><\/p>\n<h3>PROGRAMA\u00c7\u00c3O FESTA DA PENHA 2022 \u2013 EDI\u00c7\u00c3O 452<br \/>\nTEMA: \u201cSA\u00daDE DOS ENFERMOS, ROGAI POR N\u00d3S\u201d<\/h3>\n<p><strong>Dia 17, domingo &#8211; 1\u00ba Dia Oitav\u00e1rio<\/strong><br \/>\nTema do dia: Sa\u00fade para todos<br \/>\n5h, 7h, 9h, 11h \u2013 Missas (Comunidade Franciscana), presenciais no Campinho<br \/>\n7h30 &#8211; Corrida da Penha na Pra\u00e7a do Ciclista x Parque da Prainha<br \/>\n14h &#8211; Programa Salve M\u00e3e das Alegrias (transmiss\u00e3o ao vivo &#8211; TVs, r\u00e1dios, internet)<br \/>\n16h &#8211; Missa Abertura da Festa da Penha (\u00c1rea Pastoral Vila Velha). Transmiss\u00e3o ao vivo (TVs, r\u00e1dios, internet), presencial no Campinho<\/p>\n<p><strong>Dia 18, segunda-feira &#8211; 2\u00ba Dia Oitav\u00e1rio<\/strong><br \/>\nTema do dia: Sa\u00fade do corpo<br \/>\n7h, 9h, 11h \u2013 Missas (Comunidade Franciscana), presenciais no Campinho<br \/>\n14h &#8211; Programa Salve M\u00e3e das Alegrias &#8211; Transmiss\u00e3o ao vivo (TVs, r\u00e1dios, internet)<br \/>\n15h30 &#8211; Devocional Oitav\u00e1rio &#8211; Comunidade Franciscana Transmiss\u00e3o ao vivo (TVs, r\u00e1dios, internet), presencial no Campinho<br \/>\n16h &#8211; Missa 2\u00ba Dia Oitav\u00e1rio \u00c1rea pastoral Serrana &#8211; Transmiss\u00e3o ao vivo (TVs, r\u00e1dios, internet) \u2013 presencial no Campinho<br \/>\n19h30 \u2013 B\u00ean\u00e7\u00e3o para os casais e show musical com Padre Renato Criste e Comunidade \u00c1gua Viva &#8211; Transmiss\u00e3o ao vivo (TVs, r\u00e1dios, internet), presencial no Campinho<\/p>\n<p><strong>Dia 19, ter\u00e7a-feira &#8211; 3\u00ba Dia Oitav\u00e1rio<\/strong><br \/>\nTema do dia: Sa\u00fade emocional<br \/>\n7h, 9h, 11h &#8211; Missas (Comunidade Franciscana), presenciais no Campinho<br \/>\n14h &#8211; Programa Salve M\u00e3e das Alegrias &#8211; Transmiss\u00e3o ao vivo (TVs, r\u00e1dios, internet)<br \/>\n15h30 &#8211; Devocional Oitav\u00e1rio (Comunidade Franciscana). Transmiss\u00e3o ao vivo (TVs, r\u00e1dios, internet), presencial no Campinho<br \/>\n16h &#8211; Missa 3\u00ba Dia Oitav\u00e1rio (\u00c1rea Pastoral Cariacica\/Viana). Transmiss\u00e3o ao vivo (TVs, r\u00e1dios, internet), presencial no Campinho<br \/>\n19h30 &#8211; Prega\u00e7\u00e3o e B\u00ean\u00e7\u00e3o com Pe. Patrick Fernandes &#8211; Transmiss\u00e3o ao vivo (TVs, r\u00e1dios, internet), presencial no Campinho<\/p>\n<p><strong>Dia 20, quarta-feira &#8211; 4\u00ba Dia Oitav\u00e1rio<\/strong><br \/>\nTema do dia: Sa\u00fade da f\u00e9<br \/>\n7h, 9h, 11h \u2013 Missas (Comunidade Franciscana), presenciais no Campinho<br \/>\n11h &#8211; Visita da Imagem da Santa a Cariacica<br \/>\n14h &#8211; Programa Salve M\u00e3e das Alegrias &#8211; Transmiss\u00e3o ao vivo (TVs, r\u00e1dios, internet)<br \/>\n15h30 &#8211; Devocional Oitav\u00e1rio (Comunidade Franciscana) &#8211; Transmiss\u00e3o ao vivo (TVs, r\u00e1dios, internet), presencial no Campinho<br \/>\n16h &#8211; Missa 4\u00ba Dia Oitav\u00e1rio (\u00c1rea Pastoral Benevente). Transmiss\u00e3o ao vivo (TVs, r\u00e1dios, internet), presencial no Campinho<br \/>\n19h30 &#8211; Apresenta\u00e7\u00e3o da Orquestra Sinf\u00f4nica do ES &#8211; Transmiss\u00e3o ao vivo (TVs, r\u00e1dios, internet), presencial no Santu\u00e1rio de Vila Velha<\/p>\n<p><strong>Dia 21, quinta-feira &#8211; 5\u00ba Dia Oitav\u00e1rio<\/strong><br \/>\nTema do dia: Sa\u00fade das rela\u00e7\u00f5es<br \/>\n7h, 9h, 11h \u2013 Missas (Comunidade Franciscana), presenciais no Campinho<br \/>\n10h &#8211; Plantio muda de \u00e1rvore, presencial no Convento<br \/>\n14h &#8211; Programa Salve M\u00e3e das Alegrias &#8211; Transmiss\u00e3o ao vivo (TVs, r\u00e1dios, internet)<br \/>\n15h30 &#8211; Devocional Oitav\u00e1rio (Comunidade Franciscana) &#8211; Transmiss\u00e3o ao vivo (TVs, r\u00e1dios, internet), presencial no Campinho<br \/>\n16h &#8211; Missa 5\u00ba. Dia Oitav\u00e1rio &#8211; \u00c1rea Pastoral Serra-Fund\u00e3o &#8211; Transmiss\u00e3o ao vivo (TVs, r\u00e1dios, internet), presencial no Campinho<br \/>\n19h30 &#8211; Apresenta\u00e7\u00e3o cultural da Banda Big Beatles com participa\u00e7\u00e3o do Padre Anderson Gomes &#8211; Transmiss\u00e3o ao vivo (TVs, r\u00e1dios, internet), presencial no Campinho<\/p>\n<p><strong>Dia 22, sexta-feira &#8211; 6\u00ba Dia Oitav\u00e1rio<\/strong><br \/>\nTema do dia: Sa\u00fade do planeta<br \/>\n7h, 9h, 11h \u2013 Missas (Comunidade Franciscana), presenciais no Campinho<br \/>\n14h &#8211; Programa Salve M\u00e3e das Alegrias &#8211; Transmiss\u00e3o ao vivo (TVs, r\u00e1dios, internet)<br \/>\n14h &#8211; Romaria dos militares &#8211; Sa\u00edda do port\u00e3o do Convento<br \/>\n15h30 &#8211; Devocional Oitav\u00e1rio &#8211; Comunidade Franciscana Transmiss\u00e3o ao vivo (TVs, r\u00e1dios, internet), presencial no Campinho<br \/>\n16h &#8211; Missa 6\u00ba Dia Oitav\u00e1rio &#8211; \u00c1rea Pastoral Vit\u00f3ria &#8211; Transmiss\u00e3o ao vivo (TVs, r\u00e1dios, internet), presencial no Campinho<br \/>\n17 \u00e0 0h \u2013 Coletivo Criativo Prainha na Festa da Penha, Pra\u00e7a Ot\u00e1vio Ara\u00fajo, atr\u00e1s da Igreja do Ros\u00e1rio<br \/>\n17h &#8211; Romaria dos Ciclistas da Serra &#8211; Concentra\u00e7\u00e3o Pra\u00e7a Encontro das \u00c1guas em Jacara\u00edpe<br \/>\n18h &#8211; Show com Pe. Anderson Gomes, com arrecada\u00e7\u00e3o de alimentos para a campanha Paz e P\u00e3o &#8211; Transmiss\u00e3o ao vivo (TVs, r\u00e1dios, internet) &#8211; P\u00e1tio da Igreja dos Reis Magos em Nova Almeida, Serra<br \/>\n19h30 &#8211; Vig\u00edlia com a Juventude durante toda a noite &#8211; Transmiss\u00e3o ao vivo (TVs, r\u00e1dios, internet) \u2013 presencial no Campinho<\/p>\n<p><strong>Dia 23, s\u00e1bado \u2013 7\u00ba dia do Oitav\u00e1rio<\/strong><br \/>\nTema do dia: Maria, caminho de sa\u00fade e salva\u00e7\u00e3o<br \/>\n7h \u2013 Missa (Comunidade Franciscana), presenciais no Campinho<br \/>\n8h &#8211; Romaria das pessoas com defici\u00eancia e missa, Igreja do Ros\u00e1rio na Prainha<br \/>\n8h \u2013 Remaria, Concentra\u00e7\u00e3o Praia da Costa<br \/>\n9h &#8211; Missa com a Romaria da Diocese de S\u00e3o Mateus &#8211; Transmiss\u00e3o ao vivo (Tvs, r\u00e1dios, internet), presencial no Campinho<br \/>\n10h &#8211; Translado da imagem de N. Sra da Penha pela Ba\u00eda de Vit\u00f3ria \u2013 sa\u00edda da EAMES<br \/>\n10 \u00e0s 22h \u2013 Coletivo Criativo Prainha na Festa da Penha, Pra\u00e7a Ot\u00e1vio Ara\u00fajo, atr\u00e1s da Igreja do Ros\u00e1rio<br \/>\n10h &#8211; Romaria dos Adolescentes &#8211; Concentra\u00e7\u00e3o Port\u00e3o do Convento<br \/>\n11h &#8211; Missa com os adolescentes, presencial no Campinho<br \/>\n14h &#8211; Programa Salve M\u00e3e das Alegrias &#8211; Transmiss\u00e3o ao vivo (TVs, r\u00e1dios, internet)<br \/>\n15h30 &#8211; Devocional Oitav\u00e1rio (Comunidade Franciscana) &#8211; Transmiss\u00e3o ao vivo (TVs, r\u00e1dios, internet), presencial no Campinho<br \/>\n16h &#8211; Missa 7\u00ba Dia Oitav\u00e1rio &#8211; Romaria da Diocese de Cachoeiro de Itapemirim &#8211; Transmiss\u00e3o ao vivo (TVs, r\u00e1dios, internet), presencial no Campinho<br \/>\n18h &#8211; Missa de Envio da Romaria dos Homens, Catedral de Vit\u00f3ria<br \/>\n23h &#8211; Missa de encerramento da Romaria dos Homens, no Parque da Prainha Vila Velha<\/p>\n<p><strong>Dia 24, domingo &#8211; 8\u00ba dia do Oitav\u00e1rio<\/strong><br \/>\nTema do dia: Sa\u00fade integral<br \/>\n5h, 7h, 9h, 11h \u2013 Missas (Comunidade Franciscana), presenciais no Campinho<br \/>\n9h &#8211; Missa com a Romaria da Diocese de Colatina &#8211; Transmiss\u00e3o ao vivo (TVs, r\u00e1dios, internet), presencial no Campinho<br \/>\n14h &#8211; Programa Salve M\u00e3e das Alegrias &#8211; Transmiss\u00e3o ao vivo (TVs, r\u00e1dios, internet)<br \/>\n15h &#8211; Romaria das Mulheres, Sa\u00edda do Santu\u00e1rio de Vila Velha<br \/>\n17h &#8211; Missa de encerramento da Romaria das Mulheres &#8211; Transmiss\u00e3o ao vivo (TVs, r\u00e1dios, internet), presencial no Parque da Prainha Vila Velha<br \/>\n19h &#8211; Show musical \u2013 Parque da Prainha Vila Velha<\/p>\n<p><strong>Dia 25, segunda-feira, Dia de Nossa Senhora da Penha<\/strong><br \/>\n00h, 01h, 02h, 03h, 04h, 05h, 06h, 09h e 12h &#8211; Missas na Capela (Comunidade Franciscana) &#8211; Capela do Convento<br \/>\n07h \u2013 Missa &#8211; CRB e Semin\u00e1rio &#8211; Transmiss\u00e3o ao vivo (TVs, r\u00e1dios, internet), presencial no Campinho<br \/>\n08h &#8211; Romaria dos Ciclistas de Vila Velha &#8211; Sa\u00edda, em frente \u00e0 Pra\u00e7a Sebasti\u00e3o Cibien, em Cobil\u00e2ndia, Vila Velha<br \/>\n08h &#8211; Romaria dos Conguistas, Sa\u00edda port\u00e3o do Convento<br \/>\n10h \u2013 Missa &#8211; Pastorais Sociais \u2013 Vicariato para a\u00e7\u00e3o social, presencial no Campinho<br \/>\n14h &#8211; Programa Salve M\u00e3e das Alegrias &#8211; Transmiss\u00e3o ao vivo (TVs, r\u00e1dios, internet)<br \/>\n17h &#8211; Missa de encerramento, com transmiss\u00e3o ao vivo e presencial no Parque da Prainha<\/p>\n","protected":false},"excerpt":{"rendered":"<p>Programa\u00e7\u00e3o da Festa da Penha 2022<\/p>\n","protected":false},"author":3,"featured_media":237103,"comment_status":"open","ping_status":"open","sticky":false,"template":"","format":"standard","meta":[],"categories":[1],"tags":[1999],"acf":[],"yoast_head":"<!-- This site is optimized with the Yoast SEO plugin v19.2 - https:\/\/yoast.com\/wordpress\/plugins\/seo\/ -->\n<title>Festa da Penha volta a ser presencial - Not\u00edcias - Franciscanos<\/title>\n<meta name=\"robots\" content=\"index, follow, max-snippet:-1, max-image-preview:large, max-video-preview:-1\" \/>\n<link rel=\"canonical\" href=\"https:\/\/franciscanos.org.br\/noticias\/festa-da-penha-volta-a-ser-presencial.html\" \/>\n<meta property=\"og:locale\" content=\"pt_BR\" \/>\n<meta property=\"og:type\" content=\"article\" \/>\n<meta property=\"og:title\" content=\"Festa da Penha volta a ser presencial - Not\u00edcias - Franciscanos\" \/>\n<meta property=\"og:description\" content=\"Programa\u00e7\u00e3o da Festa da Penha 2022\" \/>\n<meta property=\"og:url\" content=\"https:\/\/franciscanos.org.br\/noticias\/festa-da-penha-volta-a-ser-presencial.html\" \/>\n<meta property=\"og:site_name\" content=\"Not\u00edcias - Franciscanos\" \/>\n<meta property=\"article:published_time\" content=\"2022-04-21T12:26:14+00:00\" \/>\n<meta property=\"article:modified_time\" content=\"2022-04-23T11:11:54+00:00\" \/>\n<meta property=\"og:image\" content=\"https:\/\/franciscanos.org.br\/noticias\/wp-content\/uploads\/2022\/03\/penha_310322_1.jpg\" \/>\n\t<meta property=\"og:image:width\" content=\"1280\" \/>\n\t<meta property=\"og:image:height\" content=\"720\" \/>\n\t<meta property=\"og:image:type\" content=\"image\/jpeg\" \/>\n<meta name=\"author\" content=\"moacir\" \/>\n<meta name=\"twitter:card\" content=\"summary_large_image\" \/>\n<meta name=\"twitter:label1\" content=\"Escrito por\" \/>\n\t<meta name=\"twitter:data1\" content=\"moacir\" \/>\n\t<meta name=\"twitter:label2\" content=\"Est. tempo de leitura\" \/>\n\t<meta name=\"twitter:data2\" content=\"10 minutos\" \/>\n<script type=\"application\/ld+json\" class=\"yoast-schema-graph\">{\"@context\":\"https:\/\/schema.org\",\"@graph\":[{\"@type\":\"WebSite\",\"@id\":\"https:\/\/franciscanos.org.br\/noticias\/#website\",\"url\":\"https:\/\/franciscanos.org.br\/noticias\/\",\"name\":\"Not\u00edcias - Franciscanos\",\"description\":\"Prov\u00edncia Franciscana da Imaculada Concei\u00e7\u00e3o do Brasil - Ordem dos Frades Menores - OFM\",\"potentialAction\":[{\"@type\":\"SearchAction\",\"target\":{\"@type\":\"EntryPoint\",\"urlTemplate\":\"https:\/\/franciscanos.org.br\/noticias\/?s={search_term_string}\"},\"query-input\":\"required name=search_term_string\"}],\"inLanguage\":\"pt-BR\"},{\"@type\":\"ImageObject\",\"inLanguage\":\"pt-BR\",\"@id\":\"https:\/\/franciscanos.org.br\/noticias\/festa-da-penha-volta-a-ser-presencial.html#primaryimage\",\"url\":\"https:\/\/franciscanos.org.br\/noticias\/wp-content\/uploads\/2022\/03\/penha_310322_1.jpg\",\"contentUrl\":\"https:\/\/franciscanos.org.br\/noticias\/wp-content\/uploads\/2022\/03\/penha_310322_1.jpg\",\"width\":1280,\"height\":720},{\"@type\":\"WebPage\",\"@id\":\"https:\/\/franciscanos.org.br\/noticias\/festa-da-penha-volta-a-ser-presencial.html#webpage\",\"url\":\"https:\/\/franciscanos.org.br\/noticias\/festa-da-penha-volta-a-ser-presencial.html\",\"name\":\"Festa da Penha volta a ser presencial - Not\u00edcias - Franciscanos\",\"isPartOf\":{\"@id\":\"https:\/\/franciscanos.org.br\/noticias\/#website\"},\"primaryImageOfPage\":{\"@id\":\"https:\/\/franciscanos.org.br\/noticias\/festa-da-penha-volta-a-ser-presencial.html#primaryimage\"},\"datePublished\":\"2022-04-21T12:26:14+00:00\",\"dateModified\":\"2022-04-23T11:11:54+00:00\",\"author\":{\"@id\":\"https:\/\/franciscanos.org.br\/noticias\/#\/schema\/person\/b5c8cba458c330ccff548b056e95a5d4\"},\"breadcrumb\":{\"@id\":\"https:\/\/franciscanos.org.br\/noticias\/festa-da-penha-volta-a-ser-presencial.html#breadcrumb\"},\"inLanguage\":\"pt-BR\",\"potentialAction\":[{\"@type\":\"ReadAction\",\"target\":[\"https:\/\/franciscanos.org.br\/noticias\/festa-da-penha-volta-a-ser-presencial.html\"]}]},{\"@type\":\"BreadcrumbList\",\"@id\":\"https:\/\/franciscanos.org.br\/noticias\/festa-da-penha-volta-a-ser-presencial.html#breadcrumb\",\"itemListElement\":[{\"@type\":\"ListItem\",\"position\":1,\"name\":\"Home\",\"item\":\"https:\/\/franciscanos.org.br\/noticias\"},{\"@type\":\"ListItem\",\"position\":2,\"name\":\"Festa da Penha volta a ser presencial\"}]},{\"@type\":\"Person\",\"@id\":\"https:\/\/franciscanos.org.br\/noticias\/#\/schema\/person\/b5c8cba458c330ccff548b056e95a5d4\",\"name\":\"moacir\",\"image\":{\"@type\":\"ImageObject\",\"inLanguage\":\"pt-BR\",\"@id\":\"https:\/\/franciscanos.org.br\/noticias\/#\/schema\/person\/image\/\",\"url\":\"https:\/\/secure.gravatar.com\/avatar\/d08aa2ce4c8dd416d4479aa8536fcf64?s=96&d=mm&r=g\",\"contentUrl\":\"https:\/\/secure.gravatar.com\/avatar\/d08aa2ce4c8dd416d4479aa8536fcf64?s=96&d=mm&r=g\",\"caption\":\"moacir\"},\"url\":\"https:\/\/franciscanos.org.br\/noticias\/author\/moacir\"}]}<\/script>\n<!-- \/ Yoast SEO plugin. -->","yoast_head_json":{"title":"Festa da Penha volta a ser presencial - Not\u00edcias - Franciscanos","robots":{"index":"index","follow":"follow","max-snippet":"max-snippet:-1","max-image-preview":"max-image-preview:large","max-video-preview":"max-video-preview:-1"},"canonical":"https:\/\/franciscanos.org.br\/noticias\/festa-da-penha-volta-a-ser-presencial.html","og_locale":"pt_BR","og_type":"article","og_title":"Festa da Penha volta a ser presencial - Not\u00edcias - Franciscanos","og_description":"Programa\u00e7\u00e3o da Festa da Penha 2022","og_url":"https:\/\/franciscanos.org.br\/noticias\/festa-da-penha-volta-a-ser-presencial.html","og_site_name":"Not\u00edcias - Franciscanos","article_published_time":"2022-04-21T12:26:14+00:00","article_modified_time":"2022-04-23T11:11:54+00:00","og_image":[{"width":1280,"height":720,"url":"https:\/\/franciscanos.org.br\/noticias\/wp-content\/uploads\/2022\/03\/penha_310322_1.jpg","type":"image\/jpeg"}],"author":"moacir","twitter_card":"summary_large_image","twitter_misc":{"Escrito por":"moacir","Est. tempo de leitura":"10 minutos"},"schema":{"@context":"https:\/\/schema.org","@graph":[{"@type":"WebSite","@id":"https:\/\/franciscanos.org.br\/noticias\/#website","url":"https:\/\/franciscanos.org.br\/noticias\/","name":"Not\u00edcias - Franciscanos","description":"Prov\u00edncia Franciscana da Imaculada Concei\u00e7\u00e3o do Brasil - Ordem dos Frades Menores - OFM","potentialAction":[{"@type":"SearchAction","target":{"@type":"EntryPoint","urlTemplate":"https:\/\/franciscanos.org.br\/noticias\/?s={search_term_string}"},"query-input":"required name=search_term_string"}],"inLanguage":"pt-BR"},{"@type":"ImageObject","inLanguage":"pt-BR","@id":"https:\/\/franciscanos.org.br\/noticias\/festa-da-penha-volta-a-ser-presencial.html#primaryimage","url":"https:\/\/franciscanos.org.br\/noticias\/wp-content\/uploads\/2022\/03\/penha_310322_1.jpg","contentUrl":"https:\/\/franciscanos.org.br\/noticias\/wp-content\/uploads\/2022\/03\/penha_310322_1.jpg","width":1280,"height":720},{"@type":"WebPage","@id":"https:\/\/franciscanos.org.br\/noticias\/festa-da-penha-volta-a-ser-presencial.html#webpage","url":"https:\/\/franciscanos.org.br\/noticias\/festa-da-penha-volta-a-ser-presencial.html","name":"Festa da Penha volta a ser presencial - Not\u00edcias - Franciscanos","isPartOf":{"@id":"https:\/\/franciscanos.org.br\/noticias\/#website"},"primaryImageOfPage":{"@id":"https:\/\/franciscanos.org.br\/noticias\/festa-da-penha-volta-a-ser-presencial.html#primaryimage"},"datePublished":"2022-04-21T12:26:14+00:00","dateModified":"2022-04-23T11:11:54+00:00","author":{"@id":"https:\/\/franciscanos.org.br\/noticias\/#\/schema\/person\/b5c8cba458c330ccff548b056e95a5d4"},"breadcrumb":{"@id":"https:\/\/franciscanos.org.br\/noticias\/festa-da-penha-volta-a-ser-presencial.html#breadcrumb"},"inLanguage":"pt-BR","potentialAction":[{"@type":"ReadAction","target":["https:\/\/franciscanos.org.br\/noticias\/festa-da-penha-volta-a-ser-presencial.html"]}]},{"@type":"BreadcrumbList","@id":"https:\/\/franciscanos.org.br\/noticias\/festa-da-penha-volta-a-ser-presencial.html#breadcrumb","itemListElement":[{"@type":"ListItem","position":1,"name":"Home","item":"https:\/\/franciscanos.org.br\/noticias"},{"@type":"ListItem","position":2,"name":"Festa da Penha volta a ser presencial"}]},{"@type":"Person","@id":"https:\/\/franciscanos.org.br\/noticias\/#\/schema\/person\/b5c8cba458c330ccff548b056e95a5d4","name":"moacir","image":{"@type":"ImageObject","inLanguage":"pt-BR","@id":"https:\/\/franciscanos.org.br\/noticias\/#\/schema\/person\/image\/","url":"https:\/\/secure.gravatar.com\/avatar\/d08aa2ce4c8dd416d4479aa8536fcf64?s=96&d=mm&r=g","contentUrl":"https:\/\/secure.gravatar.com\/avatar\/d08aa2ce4c8dd416d4479aa8536fcf64?s=96&d=mm&r=g","caption":"moacir"},"url":"https:\/\/franciscanos.org.br\/noticias\/author\/moacir"}]}},"_links":{"self":[{"href":"https:\/\/franciscanos.org.br\/noticias\/wp-json\/wp\/v2\/posts\/237100"}],"collection":[{"href":"https:\/\/franciscanos.org.br\/noticias\/wp-json\/wp\/v2\/posts"}],"about":[{"href":"https:\/\/franciscanos.org.br\/noticias\/wp-json\/wp\/v2\/types\/post"}],"author":[{"embeddable":true,"href":"https:\/\/franciscanos.org.br\/noticias\/wp-json\/wp\/v2\/users\/3"}],"replies":[{"embeddable":true,"href":"https:\/\/franciscanos.org.br\/noticias\/wp-json\/wp\/v2\/comments?post=237100"}],"version-history":[{"count":4,"href":"https:\/\/franciscanos.org.br\/noticias\/wp-json\/wp\/v2\/posts\/237100\/revisions"}],"predecessor-version":[{"id":237296,"href":"https:\/\/franciscanos.org.br\/noticias\/wp-json\/wp\/v2\/posts\/237100\/revisions\/237296"}],"wp:featuredmedia":[{"embeddable":true,"href":"https:\/\/franciscanos.org.br\/noticias\/wp-json\/wp\/v2\/media\/237103"}],"wp:attachment":[{"href":"https:\/\/franciscanos.org.br\/noticias\/wp-json\/wp\/v2\/media?parent=237100"}],"wp:term":[{"taxonomy":"category","embeddable":true,"href":"https:\/\/franciscanos.org.br\/noticias\/wp-json\/wp\/v2\/categories?post=237100"},{"taxonomy":"post_tag","embeddable":true,"href":"https:\/\/franciscanos.org.br\/noticias\/wp-json\/wp\/v2\/tags?post=237100"}],"curies":[{"name":"wp","href":"https:\/\/api.w.org\/{rel}","templated":true}]}}