{"id":237088,"date":"2022-03-30T06:49:12","date_gmt":"2022-03-30T09:49:12","guid":{"rendered":"https:\/\/franciscanos.org.br\/noticias\/?p=237088"},"modified":"2022-03-30T07:27:50","modified_gmt":"2022-03-30T10:27:50","slug":"podcast-educar-para-a-construcao-da-cidadania-global-no-nono-episodio-da-serie-cf-2022","status":"publish","type":"post","link":"https:\/\/franciscanos.org.br\/noticias\/podcast-educar-para-a-construcao-da-cidadania-global-no-nono-episodio-da-serie-cf-2022.html","title":{"rendered":"Podcast: &#8220;Educar para a constru\u00e7\u00e3o da cidadania global&#8221;, no nono epis\u00f3dio da S\u00e9rie CF 2022"},"content":{"rendered":"<p><img loading=\"lazy\" class=\"alignnone size-full wp-image-237089\" src=\"https:\/\/franciscanos.org.br\/noticias\/wp-content\/uploads\/2022\/03\/mario_30.jpg\" alt=\"\" width=\"1280\" height=\"720\" srcset=\"https:\/\/franciscanos.org.br\/noticias\/wp-content\/uploads\/2022\/03\/mario_30.jpg 1280w, https:\/\/franciscanos.org.br\/noticias\/wp-content\/uploads\/2022\/03\/mario_30-450x253.jpg 450w, https:\/\/franciscanos.org.br\/noticias\/wp-content\/uploads\/2022\/03\/mario_30-1024x576.jpg 1024w, https:\/\/franciscanos.org.br\/noticias\/wp-content\/uploads\/2022\/03\/mario_30-768x432.jpg 768w, https:\/\/franciscanos.org.br\/noticias\/wp-content\/uploads\/2022\/03\/mario_30-150x84.jpg 150w\" sizes=\"(max-width: 1280px) 100vw, 1280px\" \/><\/p>\n<p>\u201cPacto Educativo Global\u201d \u00e9 o tema deste nono epis\u00f3dio da S\u00e9rie da Campanha da Fraternidade, promovida pela Prov\u00edncia da Imaculada Concei\u00e7\u00e3o, no formato podcast. O vice-presidente da Associa\u00e7\u00e3o de Ensino Senhor Bom Jesus, Frei M\u00e1rio Knapik, conversou com Frei Gustavo Medella sobre este assunto, tendo em vista o tema \u201cFraternidade e Educa\u00e7\u00e3o\u201d e o lema \u201cFala com sabedoria, ensina com amor\u201d (cf. Pr 31, 26) da CF 2022.<\/p>\n<p><a href=\"https:\/\/open.spotify.com\/episode\/2lt30sHNl8ydo90lU6IPTK\">OU\u00c7A TODO O PODCAST E COMPARTILHE!<\/a><\/p>\n<p><iframe loading=\"lazy\" style=\"border-radius:12px\" src=\"https:\/\/open.spotify.com\/embed\/episode\/2lt30sHNl8ydo90lU6IPTK?utm_source=generator\" width=\"100%\" height=\"232\" frameBorder=\"0\" allowfullscreen=\"\" allow=\"autoplay; clipboard-write; encrypted-media; fullscreen; picture-in-picture\"><\/iframe><\/p>\n<p>Segundo Frei M\u00e1rio, o Pacto Educativo Global \u00e9 um convite do Papa Francisco para que todas as pessoas no mundo priorize uma educa\u00e7\u00e3o humanista e solid\u00e1ria. &#8220;Nessa perspectiva, o Pacto tem como principal proposta reavivar o compromisso em prol e com as gera\u00e7\u00f5es jovens, renovando a paix\u00e3o por uma educa\u00e7\u00e3o mais aberta e inclusiva, capaz de escuta paciente, di\u00e1logo construtivo e m\u00fatua compreens\u00e3o. Essa proposta requer uma caminhada educativa que envolva todos os seres do planeta, independentemente de idade, cultura, religi\u00e3o, classe social&#8221;, explicou o educador.<\/p>\n<p>Para ele, o Papa defende uma educa\u00e7\u00e3o que seja fruto do empenho da fam\u00edlia, da escola e da sociedade. &#8220;E a iniciativa do Papa por um Pacto Educativo Global revela a sua voca\u00e7\u00e3o de educador e explicita uma vez mais sua capacidade de agregar pessoas em torno de projetos fundamentais para o desenvolvimento integral do ser humano, a promo\u00e7\u00e3o do bem e o terno cuidado do planeta&#8221;, acrescentou.<\/p>\n<p>&#8220;O pacto se expressa, portanto, nas diferentes e distintas manifesta\u00e7\u00f5es educativas que se expandem por todo o pa\u00eds e o mundo. Ele traduz valores de uma educa\u00e7\u00e3o integral, humanizadora, solid\u00e1ria e sustent\u00e1vel. Eis a bela e desafiante miss\u00e3o educativa do Pacto, envolvendo as fam\u00edlias, os educadores e toda sociedade&#8221;, enfatizou.<\/p>\n<p>Frei M\u00e1rio comentou a cita\u00e7\u00e3o do Papa Francisco, quando ele diz: &#8220;Para se educar uma crian\u00e7a \u00e9 necess\u00e1ria uma aldeia inteira&#8221;. Segundo ele, ao propor o Pacto Educativa Global, o Papa se inspira nesse prov\u00e9rbio da sabedoria africana. &#8220;De fato, \u00e9 necess\u00e1rio envolver toda uma aldeia inteira nesse processo de educa\u00e7\u00e3o da crian\u00e7a. Ent\u00e3o, essa imagem da aldeia evoca uma ampla alian\u00e7a pela educa\u00e7\u00e3o e pressup\u00f5e o envolvimento de toda a sociedade. Aldeia como conhecemos \u00e9 uma forma de organizar a sociedade baseada na corresponsabilidade, onde cada ser humano \u00e9 respons\u00e1vel por sua comunidade. A educa\u00e7\u00e3o pensada a partir da aldeia real\u00e7a que todas as pessoas sabem o valor de ensinar crian\u00e7as e jovens para o futuro e a longevidade daquela comunidade&#8221;, explicou.<\/p>\n<p>Frei M\u00e1rio lembrou todavia que na sociedade contempor\u00e2nea ainda \u00e9 bastante comum transferir essa responsabilidade para a escola. &#8220;A educa\u00e7\u00e3o, orientada para o Pacto Educativo Global, n\u00e3o apenas almeja formar pessoas integradas e conscientes do seu papel na sociedade, mas prioriza o educador que caminha com os educandos, que educa com amor e para o amor ao pr\u00f3ximo, que estimula os estudantes a darem o melhor. Esse prov\u00e9rbio africano, citado pelo Papa em rela\u00e7\u00e3o \u00e0 aldeia, reafirma o lugar central que a fam\u00edlia ocupa na forma\u00e7\u00e3o das crian\u00e7as. A fam\u00edlia educa, corrige, estimula a pessoa para um crescimento saud\u00e1vel e consciente do seu papel na sociedade&#8221;, destacou.<\/p>\n<p>Segundo ele, o Papa enfatiza a necessidade de acolher as fam\u00edlias em suas m\u00faltiplas formas de composi\u00e7\u00e3o familiar, a fim de garantir a presen\u00e7a referencial do pai, da m\u00e3e, dos tutores familiares no processo formativo das crian\u00e7as. &#8220;O mesmo prov\u00e9rbio africano inclui tamb\u00e9m a situa\u00e7\u00e3o da sociedade nesse processo formativo. A sociedade promove a educa\u00e7\u00e3o por meio das institui\u00e7\u00f5es governamentais, das associa\u00e7\u00f5es, funda\u00e7\u00f5es, institutos, projetos sociais entre outras iniciativas. Na \u00f3tica do Pacto Global, a sociedade assume o compromisso pela forma\u00e7\u00e3o do ser humano em sua integridade, sem instrumentalizar a educa\u00e7\u00e3o. O papel da sociedade n\u00e3o \u00e9 apenas confirmar o pacto como aldeia educativa para que as fam\u00edlias e as escolas mantenham seus esfor\u00e7os de educar para o desenvolvimento integral do ser humano. Mas o papel da sociedade \u00e9 incentivar e apoiar a participa\u00e7\u00e3o dos estudantes na vida social, nas a\u00e7\u00f5es coletivas. Portanto, o Papa cita esse prov\u00e9rbio no sentido de que \u00e9 necess\u00e1rio alinhar escola, Igreja, fam\u00edlia, sociedade em um \u00fanico objetivo: educar para a constru\u00e7\u00e3o da cidadania global. Com isso \u00e9 necess\u00e1rio construir uma aldeia educativa, onde se partilhe o compromisso de gerar uma rede de rela\u00e7\u00f5es humanas abertas integradoras e construtoras de um novo humanismo. O Papa prop\u00f5e que cada pa\u00eds busque ampliar e fortalecer a aldeia educativa, incluindo todas as for\u00e7as vivas da sociedade em prol da educa\u00e7\u00e3o. Nesse sentido, a nossa Prov\u00edncia \u00e9 uma for\u00e7a viva da sociedade, ou seja, uma grande aldeia que educa e evangeliza&#8221;, avaliou.<\/p>\n<hr \/>\n<h3><a href=\"https:\/\/franciscanos.org.br\/noticias\/cf-2022-provincia-lanca-serie-de-podcasts-acompanhe.html#gsc.tab=0\">ACOMPANHE A S\u00c9RIE DA CF 2022<\/a><\/h3>\n","protected":false},"excerpt":{"rendered":"<p>S\u00e9rie CF 2022<\/p>\n","protected":false},"author":3,"featured_media":237089,"comment_status":"open","ping_status":"open","sticky":false,"template":"","format":"standard","meta":[],"categories":[1],"tags":[1986],"acf":[],"yoast_head":"<!-- This site is optimized with the Yoast SEO plugin v19.2 - https:\/\/yoast.com\/wordpress\/plugins\/seo\/ -->\n<title>Podcast: &quot;Educar para a constru\u00e7\u00e3o da cidadania global&quot;, no nono epis\u00f3dio da S\u00e9rie CF 2022 - Not\u00edcias - Franciscanos<\/title>\n<meta name=\"robots\" content=\"index, follow, max-snippet:-1, max-image-preview:large, max-video-preview:-1\" \/>\n<link rel=\"canonical\" href=\"https:\/\/franciscanos.org.br\/noticias\/podcast-educar-para-a-construcao-da-cidadania-global-no-nono-episodio-da-serie-cf-2022.html\" \/>\n<meta property=\"og:locale\" content=\"pt_BR\" \/>\n<meta property=\"og:type\" content=\"article\" \/>\n<meta property=\"og:title\" content=\"Podcast: &quot;Educar para a constru\u00e7\u00e3o da cidadania global&quot;, no nono epis\u00f3dio da S\u00e9rie CF 2022 - Not\u00edcias - Franciscanos\" \/>\n<meta property=\"og:description\" content=\"S\u00e9rie CF 2022\" \/>\n<meta property=\"og:url\" content=\"https:\/\/franciscanos.org.br\/noticias\/podcast-educar-para-a-construcao-da-cidadania-global-no-nono-episodio-da-serie-cf-2022.html\" \/>\n<meta property=\"og:site_name\" content=\"Not\u00edcias - Franciscanos\" \/>\n<meta property=\"article:published_time\" content=\"2022-03-30T09:49:12+00:00\" \/>\n<meta property=\"article:modified_time\" content=\"2022-03-30T10:27:50+00:00\" \/>\n<meta property=\"og:image\" content=\"https:\/\/franciscanos.org.br\/noticias\/wp-content\/uploads\/2022\/03\/mario_30.jpg\" \/>\n\t<meta property=\"og:image:width\" content=\"1280\" \/>\n\t<meta property=\"og:image:height\" content=\"720\" \/>\n\t<meta property=\"og:image:type\" content=\"image\/jpeg\" \/>\n<meta name=\"author\" content=\"moacir\" \/>\n<meta name=\"twitter:card\" content=\"summary_large_image\" \/>\n<meta name=\"twitter:label1\" content=\"Escrito por\" \/>\n\t<meta name=\"twitter:data1\" content=\"moacir\" \/>\n\t<meta name=\"twitter:label2\" content=\"Est. tempo de leitura\" \/>\n\t<meta name=\"twitter:data2\" content=\"4 minutos\" \/>\n<script type=\"application\/ld+json\" class=\"yoast-schema-graph\">{\"@context\":\"https:\/\/schema.org\",\"@graph\":[{\"@type\":\"WebSite\",\"@id\":\"https:\/\/franciscanos.org.br\/noticias\/#website\",\"url\":\"https:\/\/franciscanos.org.br\/noticias\/\",\"name\":\"Not\u00edcias - Franciscanos\",\"description\":\"Prov\u00edncia Franciscana da Imaculada Concei\u00e7\u00e3o do Brasil - Ordem dos Frades Menores - OFM\",\"potentialAction\":[{\"@type\":\"SearchAction\",\"target\":{\"@type\":\"EntryPoint\",\"urlTemplate\":\"https:\/\/franciscanos.org.br\/noticias\/?s={search_term_string}\"},\"query-input\":\"required name=search_term_string\"}],\"inLanguage\":\"pt-BR\"},{\"@type\":\"ImageObject\",\"inLanguage\":\"pt-BR\",\"@id\":\"https:\/\/franciscanos.org.br\/noticias\/podcast-educar-para-a-construcao-da-cidadania-global-no-nono-episodio-da-serie-cf-2022.html#primaryimage\",\"url\":\"https:\/\/franciscanos.org.br\/noticias\/wp-content\/uploads\/2022\/03\/mario_30.jpg\",\"contentUrl\":\"https:\/\/franciscanos.org.br\/noticias\/wp-content\/uploads\/2022\/03\/mario_30.jpg\",\"width\":1280,\"height\":720},{\"@type\":\"WebPage\",\"@id\":\"https:\/\/franciscanos.org.br\/noticias\/podcast-educar-para-a-construcao-da-cidadania-global-no-nono-episodio-da-serie-cf-2022.html#webpage\",\"url\":\"https:\/\/franciscanos.org.br\/noticias\/podcast-educar-para-a-construcao-da-cidadania-global-no-nono-episodio-da-serie-cf-2022.html\",\"name\":\"Podcast: \\\"Educar para a constru\u00e7\u00e3o da cidadania global\\\", no nono epis\u00f3dio da S\u00e9rie CF 2022 - Not\u00edcias - Franciscanos\",\"isPartOf\":{\"@id\":\"https:\/\/franciscanos.org.br\/noticias\/#website\"},\"primaryImageOfPage\":{\"@id\":\"https:\/\/franciscanos.org.br\/noticias\/podcast-educar-para-a-construcao-da-cidadania-global-no-nono-episodio-da-serie-cf-2022.html#primaryimage\"},\"datePublished\":\"2022-03-30T09:49:12+00:00\",\"dateModified\":\"2022-03-30T10:27:50+00:00\",\"author\":{\"@id\":\"https:\/\/franciscanos.org.br\/noticias\/#\/schema\/person\/b5c8cba458c330ccff548b056e95a5d4\"},\"breadcrumb\":{\"@id\":\"https:\/\/franciscanos.org.br\/noticias\/podcast-educar-para-a-construcao-da-cidadania-global-no-nono-episodio-da-serie-cf-2022.html#breadcrumb\"},\"inLanguage\":\"pt-BR\",\"potentialAction\":[{\"@type\":\"ReadAction\",\"target\":[\"https:\/\/franciscanos.org.br\/noticias\/podcast-educar-para-a-construcao-da-cidadania-global-no-nono-episodio-da-serie-cf-2022.html\"]}]},{\"@type\":\"BreadcrumbList\",\"@id\":\"https:\/\/franciscanos.org.br\/noticias\/podcast-educar-para-a-construcao-da-cidadania-global-no-nono-episodio-da-serie-cf-2022.html#breadcrumb\",\"itemListElement\":[{\"@type\":\"ListItem\",\"position\":1,\"name\":\"Home\",\"item\":\"https:\/\/franciscanos.org.br\/noticias\"},{\"@type\":\"ListItem\",\"position\":2,\"name\":\"Podcast: &#8220;Educar para a constru\u00e7\u00e3o da cidadania global&#8221;, no nono epis\u00f3dio da S\u00e9rie CF 2022\"}]},{\"@type\":\"Person\",\"@id\":\"https:\/\/franciscanos.org.br\/noticias\/#\/schema\/person\/b5c8cba458c330ccff548b056e95a5d4\",\"name\":\"moacir\",\"image\":{\"@type\":\"ImageObject\",\"inLanguage\":\"pt-BR\",\"@id\":\"https:\/\/franciscanos.org.br\/noticias\/#\/schema\/person\/image\/\",\"url\":\"https:\/\/secure.gravatar.com\/avatar\/d08aa2ce4c8dd416d4479aa8536fcf64?s=96&d=mm&r=g\",\"contentUrl\":\"https:\/\/secure.gravatar.com\/avatar\/d08aa2ce4c8dd416d4479aa8536fcf64?s=96&d=mm&r=g\",\"caption\":\"moacir\"},\"url\":\"https:\/\/franciscanos.org.br\/noticias\/author\/moacir\"}]}<\/script>\n<!-- \/ Yoast SEO plugin. -->","yoast_head_json":{"title":"Podcast: \"Educar para a constru\u00e7\u00e3o da cidadania global\", no nono epis\u00f3dio da S\u00e9rie CF 2022 - Not\u00edcias - Franciscanos","robots":{"index":"index","follow":"follow","max-snippet":"max-snippet:-1","max-image-preview":"max-image-preview:large","max-video-preview":"max-video-preview:-1"},"canonical":"https:\/\/franciscanos.org.br\/noticias\/podcast-educar-para-a-construcao-da-cidadania-global-no-nono-episodio-da-serie-cf-2022.html","og_locale":"pt_BR","og_type":"article","og_title":"Podcast: \"Educar para a constru\u00e7\u00e3o da cidadania global\", no nono epis\u00f3dio da S\u00e9rie CF 2022 - Not\u00edcias - Franciscanos","og_description":"S\u00e9rie CF 2022","og_url":"https:\/\/franciscanos.org.br\/noticias\/podcast-educar-para-a-construcao-da-cidadania-global-no-nono-episodio-da-serie-cf-2022.html","og_site_name":"Not\u00edcias - Franciscanos","article_published_time":"2022-03-30T09:49:12+00:00","article_modified_time":"2022-03-30T10:27:50+00:00","og_image":[{"width":1280,"height":720,"url":"https:\/\/franciscanos.org.br\/noticias\/wp-content\/uploads\/2022\/03\/mario_30.jpg","type":"image\/jpeg"}],"author":"moacir","twitter_card":"summary_large_image","twitter_misc":{"Escrito por":"moacir","Est. tempo de leitura":"4 minutos"},"schema":{"@context":"https:\/\/schema.org","@graph":[{"@type":"WebSite","@id":"https:\/\/franciscanos.org.br\/noticias\/#website","url":"https:\/\/franciscanos.org.br\/noticias\/","name":"Not\u00edcias - Franciscanos","description":"Prov\u00edncia Franciscana da Imaculada Concei\u00e7\u00e3o do Brasil - Ordem dos Frades Menores - OFM","potentialAction":[{"@type":"SearchAction","target":{"@type":"EntryPoint","urlTemplate":"https:\/\/franciscanos.org.br\/noticias\/?s={search_term_string}"},"query-input":"required name=search_term_string"}],"inLanguage":"pt-BR"},{"@type":"ImageObject","inLanguage":"pt-BR","@id":"https:\/\/franciscanos.org.br\/noticias\/podcast-educar-para-a-construcao-da-cidadania-global-no-nono-episodio-da-serie-cf-2022.html#primaryimage","url":"https:\/\/franciscanos.org.br\/noticias\/wp-content\/uploads\/2022\/03\/mario_30.jpg","contentUrl":"https:\/\/franciscanos.org.br\/noticias\/wp-content\/uploads\/2022\/03\/mario_30.jpg","width":1280,"height":720},{"@type":"WebPage","@id":"https:\/\/franciscanos.org.br\/noticias\/podcast-educar-para-a-construcao-da-cidadania-global-no-nono-episodio-da-serie-cf-2022.html#webpage","url":"https:\/\/franciscanos.org.br\/noticias\/podcast-educar-para-a-construcao-da-cidadania-global-no-nono-episodio-da-serie-cf-2022.html","name":"Podcast: \"Educar para a constru\u00e7\u00e3o da cidadania global\", no nono epis\u00f3dio da S\u00e9rie CF 2022 - Not\u00edcias - Franciscanos","isPartOf":{"@id":"https:\/\/franciscanos.org.br\/noticias\/#website"},"primaryImageOfPage":{"@id":"https:\/\/franciscanos.org.br\/noticias\/podcast-educar-para-a-construcao-da-cidadania-global-no-nono-episodio-da-serie-cf-2022.html#primaryimage"},"datePublished":"2022-03-30T09:49:12+00:00","dateModified":"2022-03-30T10:27:50+00:00","author":{"@id":"https:\/\/franciscanos.org.br\/noticias\/#\/schema\/person\/b5c8cba458c330ccff548b056e95a5d4"},"breadcrumb":{"@id":"https:\/\/franciscanos.org.br\/noticias\/podcast-educar-para-a-construcao-da-cidadania-global-no-nono-episodio-da-serie-cf-2022.html#breadcrumb"},"inLanguage":"pt-BR","potentialAction":[{"@type":"ReadAction","target":["https:\/\/franciscanos.org.br\/noticias\/podcast-educar-para-a-construcao-da-cidadania-global-no-nono-episodio-da-serie-cf-2022.html"]}]},{"@type":"BreadcrumbList","@id":"https:\/\/franciscanos.org.br\/noticias\/podcast-educar-para-a-construcao-da-cidadania-global-no-nono-episodio-da-serie-cf-2022.html#breadcrumb","itemListElement":[{"@type":"ListItem","position":1,"name":"Home","item":"https:\/\/franciscanos.org.br\/noticias"},{"@type":"ListItem","position":2,"name":"Podcast: &#8220;Educar para a constru\u00e7\u00e3o da cidadania global&#8221;, no nono epis\u00f3dio da S\u00e9rie CF 2022"}]},{"@type":"Person","@id":"https:\/\/franciscanos.org.br\/noticias\/#\/schema\/person\/b5c8cba458c330ccff548b056e95a5d4","name":"moacir","image":{"@type":"ImageObject","inLanguage":"pt-BR","@id":"https:\/\/franciscanos.org.br\/noticias\/#\/schema\/person\/image\/","url":"https:\/\/secure.gravatar.com\/avatar\/d08aa2ce4c8dd416d4479aa8536fcf64?s=96&d=mm&r=g","contentUrl":"https:\/\/secure.gravatar.com\/avatar\/d08aa2ce4c8dd416d4479aa8536fcf64?s=96&d=mm&r=g","caption":"moacir"},"url":"https:\/\/franciscanos.org.br\/noticias\/author\/moacir"}]}},"_links":{"self":[{"href":"https:\/\/franciscanos.org.br\/noticias\/wp-json\/wp\/v2\/posts\/237088"}],"collection":[{"href":"https:\/\/franciscanos.org.br\/noticias\/wp-json\/wp\/v2\/posts"}],"about":[{"href":"https:\/\/franciscanos.org.br\/noticias\/wp-json\/wp\/v2\/types\/post"}],"author":[{"embeddable":true,"href":"https:\/\/franciscanos.org.br\/noticias\/wp-json\/wp\/v2\/users\/3"}],"replies":[{"embeddable":true,"href":"https:\/\/franciscanos.org.br\/noticias\/wp-json\/wp\/v2\/comments?post=237088"}],"version-history":[{"count":5,"href":"https:\/\/franciscanos.org.br\/noticias\/wp-json\/wp\/v2\/posts\/237088\/revisions"}],"predecessor-version":[{"id":237099,"href":"https:\/\/franciscanos.org.br\/noticias\/wp-json\/wp\/v2\/posts\/237088\/revisions\/237099"}],"wp:featuredmedia":[{"embeddable":true,"href":"https:\/\/franciscanos.org.br\/noticias\/wp-json\/wp\/v2\/media\/237089"}],"wp:attachment":[{"href":"https:\/\/franciscanos.org.br\/noticias\/wp-json\/wp\/v2\/media?parent=237088"}],"wp:term":[{"taxonomy":"category","embeddable":true,"href":"https:\/\/franciscanos.org.br\/noticias\/wp-json\/wp\/v2\/categories?post=237088"},{"taxonomy":"post_tag","embeddable":true,"href":"https:\/\/franciscanos.org.br\/noticias\/wp-json\/wp\/v2\/tags?post=237088"}],"curies":[{"name":"wp","href":"https:\/\/api.w.org\/{rel}","templated":true}]}}