{"id":237082,"date":"2022-03-29T10:06:49","date_gmt":"2022-03-29T13:06:49","guid":{"rendered":"https:\/\/franciscanos.org.br\/noticias\/?p=237082"},"modified":"2022-03-29T10:07:17","modified_gmt":"2022-03-29T13:07:17","slug":"nuncio-apostolico-faz-visita-ao-convento-da-penha","status":"publish","type":"post","link":"https:\/\/franciscanos.org.br\/noticias\/nuncio-apostolico-faz-visita-ao-convento-da-penha.html","title":{"rendered":"N\u00fancio Apost\u00f3lico faz visita ao Convento da Penha"},"content":{"rendered":"<p><img loading=\"lazy\" class=\"alignnone size-full wp-image-237083\" src=\"https:\/\/franciscanos.org.br\/noticias\/wp-content\/uploads\/2022\/03\/nuncio_29.jpg\" alt=\"\" width=\"1280\" height=\"720\" srcset=\"https:\/\/franciscanos.org.br\/noticias\/wp-content\/uploads\/2022\/03\/nuncio_29.jpg 1280w, https:\/\/franciscanos.org.br\/noticias\/wp-content\/uploads\/2022\/03\/nuncio_29-450x253.jpg 450w, https:\/\/franciscanos.org.br\/noticias\/wp-content\/uploads\/2022\/03\/nuncio_29-1024x576.jpg 1024w, https:\/\/franciscanos.org.br\/noticias\/wp-content\/uploads\/2022\/03\/nuncio_29-768x432.jpg 768w, https:\/\/franciscanos.org.br\/noticias\/wp-content\/uploads\/2022\/03\/nuncio_29-150x84.jpg 150w\" sizes=\"(max-width: 1280px) 100vw, 1280px\" \/><\/p>\n<p>A Arquidiocese de Vit\u00f3ria do Esp\u00edrito Santo, recebeu a visita do N\u00fancio Apost\u00f3lico Dom Giambattista Diquattro, o representante do Papa Francisco no Brasil. Ele chegou \u00e0 Capital capixaba na tarde deste domingo, dia 27 de mar\u00e7o e foi recebido na Catedral Metropolitana de Vit\u00f3ria pelos bispos da Prov\u00edncia Eclesi\u00e1stica e do rec\u00e9m criado Regional Leste 3 da CNBB.<\/p>\n<p>Esta \u00e9 a primeira visita do N\u00fancio que est\u00e1 em miss\u00e3o no Brasil desde 7 de janeiro de 2021, tendo sido nomeado por Francisco em 29 de agosto de 2020. Nascido em Bolonha, Em\u00edlia-Romanha, It\u00e1lia, em 18 de mar\u00e7o de 1954, Giambattista Diquattro \u00e9 arcebispo, diplomata, te\u00f3logo e canonista. Foi ordenado sacerdote em 1981. \u00c9 mestre em Direito Civil pela Universidade de Cat\u00e2nia, e doutor em Direito Can\u00f4nico pela Pontif\u00edcia Universidade Lateranense de Roma, al\u00e9m de mestre em Teologia Dogm\u00e1tica pela Pontif\u00edcia Universidade Gregoriana de Roma. O N\u00fancio Apost\u00f3lico tem dupla miss\u00e3o em um pa\u00eds. A primeira delas consiste em representar o Santo Padre, a Santa S\u00e9, como o embaixador. A segunda dimens\u00e3o \u00e9 a miss\u00e3o pastoral, ou seja, ele est\u00e1 em comunh\u00e3o com os bispos e o clero, tendo como responsabilidade, por exemplo, fazer indica\u00e7\u00f5es ao Papa Francisco para nomea\u00e7\u00f5es de bispos.<\/p>\n<p>Na Catedral de Vit\u00f3ria, ap\u00f3s um momento orante diante do Imaculado Cora\u00e7\u00e3o de Nossa Senhora, Dom Giambattista presidiu a Santa Missa do 4\u00ba Domingo da Quaresma, com presen\u00e7a dos bispos das dioceses de Colatina, Cachoeiro de Itapemirim e S\u00e3o Mateus, al\u00e9m de bispos em\u00e9ritos. O povo fiel tamb\u00e9m compareceu em grande n\u00famero, saudando a autoridade pontif\u00edcia no pa\u00eds.<\/p>\n<p>Ao iniciar, Dom Dario Campos, Arcebispo Arquidiocesano de Vit\u00f3ria, acolheu o N\u00fancio e pediu uma salva de palmas, mostrando a hospitalidade e a religiosidade t\u00e3o presente na identidade dos capixabas. &#8220;Dom Giambattista, receba do nosso povo t\u00e3o devoto de Nossa Senhora da Penha, nossas calorosas palmas, como um gesto de acolhida e comunh\u00e3o fraterna! Seja bem-vindo, N\u00fancio!&#8221;, animou.<\/p>\n<p>Na homilia, Dom Giambattista falou do carinho grande que os devotos t\u00eam pela M\u00e3e de Jesus, aqui sob o t\u00edtulo de Nossa Senhora da Penha. O N\u00fancio tamb\u00e9m falou da momento da Igreja que se prepara para o S\u00ednodo, um importante momento para continuarmos caminhando todos juntos, refor\u00e7ando a import\u00e2ncia da unidade. &#8220;Minha miss\u00e3o como N\u00fancio Apost\u00f3lico \u00e9 de animar e de ser animado, viver em comunh\u00e3o. A miss\u00e3o do N\u00fancio \u00e9 miss\u00e3o de todo bispo, \u00e9 viver a comunh\u00e3o, testemunhar a comunh\u00e3o e promover a comunh\u00e3o da Igreja, comunh\u00e3o de todos como fam\u00edlia de filhos de Deus&#8221;, afirmou.<\/p>\n<p><img loading=\"lazy\" class=\"alignnone wp-image-237085 size-full\" src=\"https:\/\/franciscanos.org.br\/noticias\/wp-content\/uploads\/2022\/03\/nuncio_29_1.jpg\" alt=\"\" width=\"913\" height=\"646\" srcset=\"https:\/\/franciscanos.org.br\/noticias\/wp-content\/uploads\/2022\/03\/nuncio_29_1.jpg 913w, https:\/\/franciscanos.org.br\/noticias\/wp-content\/uploads\/2022\/03\/nuncio_29_1-450x318.jpg 450w, https:\/\/franciscanos.org.br\/noticias\/wp-content\/uploads\/2022\/03\/nuncio_29_1-768x543.jpg 768w, https:\/\/franciscanos.org.br\/noticias\/wp-content\/uploads\/2022\/03\/nuncio_29_1-150x106.jpg 150w, https:\/\/franciscanos.org.br\/noticias\/wp-content\/uploads\/2022\/03\/nuncio_29_1-460x325.jpg 460w\" sizes=\"(max-width: 913px) 100vw, 913px\" \/><\/p>\n<p>&#8220;Essa visita \u00e9 uma visita aos bispos, aos sacerdotes, afim de conhecer tamb\u00e9m os religiosos, religiosas, di\u00e1conos, leigos&#8230; \u00c9 o primeiro encontro com as dioceses daqui e espero tamb\u00e9m voltar no futuro. Essa \u00e9 uma maneira de conhecer a f\u00e9 no Brasil&#8221;, explicou Dom Giambattista.<\/p>\n<p>Ainda em agenda oficial no Esp\u00edrito Santo, no fim da manh\u00e3 desta segunda-feira, dia 28 de mar\u00e7o, o destino da comitiva episcopal foi o Convento da Penha, o principal monumento religioso e tur\u00edstico do Estado. Ele foi recebido pelo Guardi\u00e3o do Convento, Frei Djalmo Fuck. Conheceu as Salas dos Milagres e de Exposi\u00e7\u00f5es; em seguida, contemplou a bel\u00edssima vista de um dos Santu\u00e1rios marianos mais antigos do Brasil e, por fim, foi acolhido pelos demais frades franciscanos que residem na Penha. Ainda fez um lanche e teve a oportunidade de dialogar com a fraternidade, onde conheceu um pouco sobre a Festa da Penha.<\/p>\n<p>A visita foi encerrada no Campinho do Convento, onde agradeceu pela acolhida e deixou uma b\u00ean\u00e7\u00e3o do Papa os fi\u00e9is capixabas.<\/p>\n<p>O Arcebispo Dom Dario falou da import\u00e2ncia de receber o representante do Bispo de Roma. &#8220;\u00c9 uma alegria muito grande para n\u00f3s, especialmente para mim como Arcebispo da Arquidiocese de Vit\u00f3ria, receber o representante do Papa Francisco e principalmente agora neste momento em que nos preparamos para a Festa da nossa Padroeira, a Festa da Penha, ent\u00e3o, ele vem aqui hoje nos aben\u00e7oar para que possamos come\u00e7ar bem, tendo a b\u00ean\u00e7\u00e3o dele, a b\u00ean\u00e7\u00e3o do Papa Francisco&#8221;.<\/p>\n<p>Frei Djalmo tamb\u00e9m comentou que o N\u00fancio desejou um bom \u00eaxito para a Festa da Penha que ser\u00e1 realizada de 17 a 25 de abril. &#8220;Ele manifestou alegria, contentamento e sobretudo desejou a todos n\u00f3s uma feliz e aben\u00e7oada festa&#8221;.<\/p>\n<hr \/>\n<p><em>Cristian Oliveira, Assessoria de Imprensa do Convento da Penha<\/em><\/p>\n","protected":false},"excerpt":{"rendered":"<p>Visita de Dom Giambattista Diquattro<\/p>\n","protected":false},"author":3,"featured_media":237083,"comment_status":"open","ping_status":"open","sticky":false,"template":"","format":"standard","meta":[],"categories":[1],"tags":[1998],"acf":[],"yoast_head":"<!-- This site is optimized with the Yoast SEO plugin v19.2 - https:\/\/yoast.com\/wordpress\/plugins\/seo\/ -->\n<title>N\u00fancio Apost\u00f3lico faz visita ao Convento da Penha - Not\u00edcias - Franciscanos<\/title>\n<meta name=\"robots\" content=\"index, follow, max-snippet:-1, max-image-preview:large, max-video-preview:-1\" \/>\n<link rel=\"canonical\" href=\"https:\/\/franciscanos.org.br\/noticias\/nuncio-apostolico-faz-visita-ao-convento-da-penha.html\" \/>\n<meta property=\"og:locale\" content=\"pt_BR\" \/>\n<meta property=\"og:type\" content=\"article\" \/>\n<meta property=\"og:title\" content=\"N\u00fancio Apost\u00f3lico faz visita ao Convento da Penha - Not\u00edcias - Franciscanos\" \/>\n<meta property=\"og:description\" content=\"Visita de Dom Giambattista Diquattro\" \/>\n<meta property=\"og:url\" content=\"https:\/\/franciscanos.org.br\/noticias\/nuncio-apostolico-faz-visita-ao-convento-da-penha.html\" \/>\n<meta property=\"og:site_name\" content=\"Not\u00edcias - Franciscanos\" \/>\n<meta property=\"article:published_time\" content=\"2022-03-29T13:06:49+00:00\" \/>\n<meta property=\"article:modified_time\" content=\"2022-03-29T13:07:17+00:00\" \/>\n<meta property=\"og:image\" content=\"https:\/\/franciscanos.org.br\/noticias\/wp-content\/uploads\/2022\/03\/nuncio_29.jpg\" \/>\n\t<meta property=\"og:image:width\" content=\"1280\" \/>\n\t<meta property=\"og:image:height\" content=\"720\" \/>\n\t<meta property=\"og:image:type\" content=\"image\/jpeg\" \/>\n<meta name=\"author\" content=\"moacir\" \/>\n<meta name=\"twitter:card\" content=\"summary_large_image\" \/>\n<meta name=\"twitter:label1\" content=\"Escrito por\" \/>\n\t<meta name=\"twitter:data1\" content=\"moacir\" \/>\n\t<meta name=\"twitter:label2\" content=\"Est. tempo de leitura\" \/>\n\t<meta name=\"twitter:data2\" content=\"4 minutos\" \/>\n<script type=\"application\/ld+json\" class=\"yoast-schema-graph\">{\"@context\":\"https:\/\/schema.org\",\"@graph\":[{\"@type\":\"WebSite\",\"@id\":\"https:\/\/franciscanos.org.br\/noticias\/#website\",\"url\":\"https:\/\/franciscanos.org.br\/noticias\/\",\"name\":\"Not\u00edcias - Franciscanos\",\"description\":\"Prov\u00edncia Franciscana da Imaculada Concei\u00e7\u00e3o do Brasil - Ordem dos Frades Menores - OFM\",\"potentialAction\":[{\"@type\":\"SearchAction\",\"target\":{\"@type\":\"EntryPoint\",\"urlTemplate\":\"https:\/\/franciscanos.org.br\/noticias\/?s={search_term_string}\"},\"query-input\":\"required name=search_term_string\"}],\"inLanguage\":\"pt-BR\"},{\"@type\":\"ImageObject\",\"inLanguage\":\"pt-BR\",\"@id\":\"https:\/\/franciscanos.org.br\/noticias\/nuncio-apostolico-faz-visita-ao-convento-da-penha.html#primaryimage\",\"url\":\"https:\/\/franciscanos.org.br\/noticias\/wp-content\/uploads\/2022\/03\/nuncio_29.jpg\",\"contentUrl\":\"https:\/\/franciscanos.org.br\/noticias\/wp-content\/uploads\/2022\/03\/nuncio_29.jpg\",\"width\":1280,\"height\":720},{\"@type\":\"WebPage\",\"@id\":\"https:\/\/franciscanos.org.br\/noticias\/nuncio-apostolico-faz-visita-ao-convento-da-penha.html#webpage\",\"url\":\"https:\/\/franciscanos.org.br\/noticias\/nuncio-apostolico-faz-visita-ao-convento-da-penha.html\",\"name\":\"N\u00fancio Apost\u00f3lico faz visita ao Convento da Penha - Not\u00edcias - Franciscanos\",\"isPartOf\":{\"@id\":\"https:\/\/franciscanos.org.br\/noticias\/#website\"},\"primaryImageOfPage\":{\"@id\":\"https:\/\/franciscanos.org.br\/noticias\/nuncio-apostolico-faz-visita-ao-convento-da-penha.html#primaryimage\"},\"datePublished\":\"2022-03-29T13:06:49+00:00\",\"dateModified\":\"2022-03-29T13:07:17+00:00\",\"author\":{\"@id\":\"https:\/\/franciscanos.org.br\/noticias\/#\/schema\/person\/b5c8cba458c330ccff548b056e95a5d4\"},\"breadcrumb\":{\"@id\":\"https:\/\/franciscanos.org.br\/noticias\/nuncio-apostolico-faz-visita-ao-convento-da-penha.html#breadcrumb\"},\"inLanguage\":\"pt-BR\",\"potentialAction\":[{\"@type\":\"ReadAction\",\"target\":[\"https:\/\/franciscanos.org.br\/noticias\/nuncio-apostolico-faz-visita-ao-convento-da-penha.html\"]}]},{\"@type\":\"BreadcrumbList\",\"@id\":\"https:\/\/franciscanos.org.br\/noticias\/nuncio-apostolico-faz-visita-ao-convento-da-penha.html#breadcrumb\",\"itemListElement\":[{\"@type\":\"ListItem\",\"position\":1,\"name\":\"Home\",\"item\":\"https:\/\/franciscanos.org.br\/noticias\"},{\"@type\":\"ListItem\",\"position\":2,\"name\":\"N\u00fancio Apost\u00f3lico faz visita ao Convento da Penha\"}]},{\"@type\":\"Person\",\"@id\":\"https:\/\/franciscanos.org.br\/noticias\/#\/schema\/person\/b5c8cba458c330ccff548b056e95a5d4\",\"name\":\"moacir\",\"image\":{\"@type\":\"ImageObject\",\"inLanguage\":\"pt-BR\",\"@id\":\"https:\/\/franciscanos.org.br\/noticias\/#\/schema\/person\/image\/\",\"url\":\"https:\/\/secure.gravatar.com\/avatar\/d08aa2ce4c8dd416d4479aa8536fcf64?s=96&d=mm&r=g\",\"contentUrl\":\"https:\/\/secure.gravatar.com\/avatar\/d08aa2ce4c8dd416d4479aa8536fcf64?s=96&d=mm&r=g\",\"caption\":\"moacir\"},\"url\":\"https:\/\/franciscanos.org.br\/noticias\/author\/moacir\"}]}<\/script>\n<!-- \/ Yoast SEO plugin. -->","yoast_head_json":{"title":"N\u00fancio Apost\u00f3lico faz visita ao Convento da Penha - Not\u00edcias - Franciscanos","robots":{"index":"index","follow":"follow","max-snippet":"max-snippet:-1","max-image-preview":"max-image-preview:large","max-video-preview":"max-video-preview:-1"},"canonical":"https:\/\/franciscanos.org.br\/noticias\/nuncio-apostolico-faz-visita-ao-convento-da-penha.html","og_locale":"pt_BR","og_type":"article","og_title":"N\u00fancio Apost\u00f3lico faz visita ao Convento da Penha - Not\u00edcias - Franciscanos","og_description":"Visita de Dom Giambattista Diquattro","og_url":"https:\/\/franciscanos.org.br\/noticias\/nuncio-apostolico-faz-visita-ao-convento-da-penha.html","og_site_name":"Not\u00edcias - Franciscanos","article_published_time":"2022-03-29T13:06:49+00:00","article_modified_time":"2022-03-29T13:07:17+00:00","og_image":[{"width":1280,"height":720,"url":"https:\/\/franciscanos.org.br\/noticias\/wp-content\/uploads\/2022\/03\/nuncio_29.jpg","type":"image\/jpeg"}],"author":"moacir","twitter_card":"summary_large_image","twitter_misc":{"Escrito por":"moacir","Est. tempo de leitura":"4 minutos"},"schema":{"@context":"https:\/\/schema.org","@graph":[{"@type":"WebSite","@id":"https:\/\/franciscanos.org.br\/noticias\/#website","url":"https:\/\/franciscanos.org.br\/noticias\/","name":"Not\u00edcias - Franciscanos","description":"Prov\u00edncia Franciscana da Imaculada Concei\u00e7\u00e3o do Brasil - Ordem dos Frades Menores - OFM","potentialAction":[{"@type":"SearchAction","target":{"@type":"EntryPoint","urlTemplate":"https:\/\/franciscanos.org.br\/noticias\/?s={search_term_string}"},"query-input":"required name=search_term_string"}],"inLanguage":"pt-BR"},{"@type":"ImageObject","inLanguage":"pt-BR","@id":"https:\/\/franciscanos.org.br\/noticias\/nuncio-apostolico-faz-visita-ao-convento-da-penha.html#primaryimage","url":"https:\/\/franciscanos.org.br\/noticias\/wp-content\/uploads\/2022\/03\/nuncio_29.jpg","contentUrl":"https:\/\/franciscanos.org.br\/noticias\/wp-content\/uploads\/2022\/03\/nuncio_29.jpg","width":1280,"height":720},{"@type":"WebPage","@id":"https:\/\/franciscanos.org.br\/noticias\/nuncio-apostolico-faz-visita-ao-convento-da-penha.html#webpage","url":"https:\/\/franciscanos.org.br\/noticias\/nuncio-apostolico-faz-visita-ao-convento-da-penha.html","name":"N\u00fancio Apost\u00f3lico faz visita ao Convento da Penha - Not\u00edcias - Franciscanos","isPartOf":{"@id":"https:\/\/franciscanos.org.br\/noticias\/#website"},"primaryImageOfPage":{"@id":"https:\/\/franciscanos.org.br\/noticias\/nuncio-apostolico-faz-visita-ao-convento-da-penha.html#primaryimage"},"datePublished":"2022-03-29T13:06:49+00:00","dateModified":"2022-03-29T13:07:17+00:00","author":{"@id":"https:\/\/franciscanos.org.br\/noticias\/#\/schema\/person\/b5c8cba458c330ccff548b056e95a5d4"},"breadcrumb":{"@id":"https:\/\/franciscanos.org.br\/noticias\/nuncio-apostolico-faz-visita-ao-convento-da-penha.html#breadcrumb"},"inLanguage":"pt-BR","potentialAction":[{"@type":"ReadAction","target":["https:\/\/franciscanos.org.br\/noticias\/nuncio-apostolico-faz-visita-ao-convento-da-penha.html"]}]},{"@type":"BreadcrumbList","@id":"https:\/\/franciscanos.org.br\/noticias\/nuncio-apostolico-faz-visita-ao-convento-da-penha.html#breadcrumb","itemListElement":[{"@type":"ListItem","position":1,"name":"Home","item":"https:\/\/franciscanos.org.br\/noticias"},{"@type":"ListItem","position":2,"name":"N\u00fancio Apost\u00f3lico faz visita ao Convento da Penha"}]},{"@type":"Person","@id":"https:\/\/franciscanos.org.br\/noticias\/#\/schema\/person\/b5c8cba458c330ccff548b056e95a5d4","name":"moacir","image":{"@type":"ImageObject","inLanguage":"pt-BR","@id":"https:\/\/franciscanos.org.br\/noticias\/#\/schema\/person\/image\/","url":"https:\/\/secure.gravatar.com\/avatar\/d08aa2ce4c8dd416d4479aa8536fcf64?s=96&d=mm&r=g","contentUrl":"https:\/\/secure.gravatar.com\/avatar\/d08aa2ce4c8dd416d4479aa8536fcf64?s=96&d=mm&r=g","caption":"moacir"},"url":"https:\/\/franciscanos.org.br\/noticias\/author\/moacir"}]}},"_links":{"self":[{"href":"https:\/\/franciscanos.org.br\/noticias\/wp-json\/wp\/v2\/posts\/237082"}],"collection":[{"href":"https:\/\/franciscanos.org.br\/noticias\/wp-json\/wp\/v2\/posts"}],"about":[{"href":"https:\/\/franciscanos.org.br\/noticias\/wp-json\/wp\/v2\/types\/post"}],"author":[{"embeddable":true,"href":"https:\/\/franciscanos.org.br\/noticias\/wp-json\/wp\/v2\/users\/3"}],"replies":[{"embeddable":true,"href":"https:\/\/franciscanos.org.br\/noticias\/wp-json\/wp\/v2\/comments?post=237082"}],"version-history":[{"count":2,"href":"https:\/\/franciscanos.org.br\/noticias\/wp-json\/wp\/v2\/posts\/237082\/revisions"}],"predecessor-version":[{"id":237086,"href":"https:\/\/franciscanos.org.br\/noticias\/wp-json\/wp\/v2\/posts\/237082\/revisions\/237086"}],"wp:featuredmedia":[{"embeddable":true,"href":"https:\/\/franciscanos.org.br\/noticias\/wp-json\/wp\/v2\/media\/237083"}],"wp:attachment":[{"href":"https:\/\/franciscanos.org.br\/noticias\/wp-json\/wp\/v2\/media?parent=237082"}],"wp:term":[{"taxonomy":"category","embeddable":true,"href":"https:\/\/franciscanos.org.br\/noticias\/wp-json\/wp\/v2\/categories?post=237082"},{"taxonomy":"post_tag","embeddable":true,"href":"https:\/\/franciscanos.org.br\/noticias\/wp-json\/wp\/v2\/tags?post=237082"}],"curies":[{"name":"wp","href":"https:\/\/api.w.org\/{rel}","templated":true}]}}