{"id":237008,"date":"2022-03-26T18:03:52","date_gmt":"2022-03-26T21:03:52","guid":{"rendered":"https:\/\/franciscanos.org.br\/noticias\/?p=237008"},"modified":"2023-01-03T14:21:28","modified_gmt":"2023-01-03T17:21:28","slug":"d-mauricio-essa-e-a-palavra-de-frei-jhones-a-jesus-hoje-senhor-tu-sabes-que-eu-te-amo","status":"publish","type":"post","link":"https:\/\/franciscanos.org.br\/noticias\/d-mauricio-essa-e-a-palavra-de-frei-jhones-a-jesus-hoje-senhor-tu-sabes-que-eu-te-amo.html","title":{"rendered":"D. Maur\u00edcio: &#8220;Essa \u00e9 a palavra de Frei Jhones a Jesus hoje: Senhor, tu sabes que eu te amo!&#8221;"},"content":{"rendered":"<p>&nbsp;<\/p>\n<p><img loading=\"lazy\" class=\"alignnone size-full wp-image-237016\" src=\"https:\/\/franciscanos.org.br\/noticias\/wp-content\/uploads\/2022\/03\/ordenacao_26_01.jpg\" alt=\"\" width=\"1244\" height=\"734\" srcset=\"https:\/\/franciscanos.org.br\/noticias\/wp-content\/uploads\/2022\/03\/ordenacao_26_01.jpg 1244w, https:\/\/franciscanos.org.br\/noticias\/wp-content\/uploads\/2022\/03\/ordenacao_26_01-450x266.jpg 450w, https:\/\/franciscanos.org.br\/noticias\/wp-content\/uploads\/2022\/03\/ordenacao_26_01-1024x604.jpg 1024w, https:\/\/franciscanos.org.br\/noticias\/wp-content\/uploads\/2022\/03\/ordenacao_26_01-768x453.jpg 768w, https:\/\/franciscanos.org.br\/noticias\/wp-content\/uploads\/2022\/03\/ordenacao_26_01-150x89.jpg 150w\" sizes=\"(max-width: 1244px) 100vw, 1244px\" \/><\/p>\n<p><strong>Macatuba (SP) &#8211;<\/strong> A bela Igreja Matriz de Macatuba, no interior de S\u00e3o Paulo, lotou neste s\u00e1bado, 26 de mar\u00e7o, para ver um dos momentos mais sublimes e esperados de um jovem que se prepara anos para o minist\u00e9rio do servi\u00e7o de Pastor: Frei Jhones Lucas Martins recebeu o sacramento da Ordem, o Presbiterato, das m\u00e3os do Arcebispo de Botucatu, Dom Maur\u00edcio Grotto de Camargo, para ser, em nome de Cristo, pela palavra e pela gra\u00e7a de Deus, pastor da Igreja.<\/p>\n<p>A celebra\u00e7\u00e3o, que durou mais de duas horas, marcou pela solenidade, emo\u00e7\u00e3o e alegria. Al\u00e9m dos seus confrades de turma, que j\u00e1 estavam presentes durante a Semana Mission\u00e1ria, frades do Convento S\u00e3o Francisco, onde residiu recentemente, e da regi\u00e3o marcaram presen\u00e7a, bem como o Ministro Provincial, Frei Paulo Roberto Pereira, e o Vig\u00e1rio Provincial, Frei Gustavo Medella, assim como religiosos, sacerdotes e seminaristas da Arquidiocese. Presente tamb\u00e9m o Prefeito de Macatuba, Anderson Ferreira.<\/p>\n<p><img loading=\"lazy\" class=\"alignnone size-full wp-image-237010\" src=\"https:\/\/franciscanos.org.br\/noticias\/wp-content\/uploads\/2022\/03\/ordenacao_26_18.jpg\" alt=\"\" width=\"1244\" height=\"829\" srcset=\"https:\/\/franciscanos.org.br\/noticias\/wp-content\/uploads\/2022\/03\/ordenacao_26_18.jpg 1244w, https:\/\/franciscanos.org.br\/noticias\/wp-content\/uploads\/2022\/03\/ordenacao_26_18-450x300.jpg 450w, https:\/\/franciscanos.org.br\/noticias\/wp-content\/uploads\/2022\/03\/ordenacao_26_18-1024x682.jpg 1024w, https:\/\/franciscanos.org.br\/noticias\/wp-content\/uploads\/2022\/03\/ordenacao_26_18-768x512.jpg 768w, https:\/\/franciscanos.org.br\/noticias\/wp-content\/uploads\/2022\/03\/ordenacao_26_18-150x100.jpg 150w\" sizes=\"(max-width: 1244px) 100vw, 1244px\" \/><\/p>\n\n\t\t<style type=\"text\/css\">\n\t\t\t#gallery-1 {\n\t\t\t\tmargin: auto;\n\t\t\t}\n\t\t\t#gallery-1 .gallery-item {\n\t\t\t\tfloat: left;\n\t\t\t\tmargin-top: 10px;\n\t\t\t\ttext-align: center;\n\t\t\t\twidth: 25%;\n\t\t\t}\n\t\t\t#gallery-1 img {\n\t\t\t\tborder: 2px solid #cfcfcf;\n\t\t\t}\n\t\t\t#gallery-1 .gallery-caption {\n\t\t\t\tmargin-left: 0;\n\t\t\t}\n\t\t\t\/* see gallery_shortcode() in wp-includes\/media.php *\/\n\t\t<\/style>\n\t\t<div id='gallery-1' class='gallery galleryid-237008 gallery-columns-4 gallery-size-thumbnail'><dl class='gallery-item'>\n\t\t\t<dt class='gallery-icon landscape'>\n\t\t\t\t<a href='https:\/\/franciscanos.org.br\/noticias\/wp-content\/uploads\/2022\/03\/ordenacao_26_03.jpg'><img width=\"300\" height=\"300\" src=\"https:\/\/franciscanos.org.br\/noticias\/wp-content\/uploads\/2022\/03\/ordenacao_26_03-300x300.jpg\" class=\"attachment-thumbnail size-thumbnail\" alt=\"\" loading=\"lazy\" srcset=\"https:\/\/franciscanos.org.br\/noticias\/wp-content\/uploads\/2022\/03\/ordenacao_26_03-300x300.jpg 300w, https:\/\/franciscanos.org.br\/noticias\/wp-content\/uploads\/2022\/03\/ordenacao_26_03-100x100.jpg 100w\" sizes=\"(max-width: 300px) 100vw, 300px\" \/><\/a>\n\t\t\t<\/dt><\/dl><dl class='gallery-item'>\n\t\t\t<dt class='gallery-icon landscape'>\n\t\t\t\t<a href='https:\/\/franciscanos.org.br\/noticias\/wp-content\/uploads\/2022\/03\/ordenacao_26_09.jpg'><img width=\"300\" height=\"300\" src=\"https:\/\/franciscanos.org.br\/noticias\/wp-content\/uploads\/2022\/03\/ordenacao_26_09-300x300.jpg\" class=\"attachment-thumbnail size-thumbnail\" alt=\"\" loading=\"lazy\" srcset=\"https:\/\/franciscanos.org.br\/noticias\/wp-content\/uploads\/2022\/03\/ordenacao_26_09-300x300.jpg 300w, https:\/\/franciscanos.org.br\/noticias\/wp-content\/uploads\/2022\/03\/ordenacao_26_09-100x100.jpg 100w\" sizes=\"(max-width: 300px) 100vw, 300px\" \/><\/a>\n\t\t\t<\/dt><\/dl><dl class='gallery-item'>\n\t\t\t<dt class='gallery-icon landscape'>\n\t\t\t\t<a href='https:\/\/franciscanos.org.br\/noticias\/wp-content\/uploads\/2022\/03\/ordenacao_26_27.jpg'><img width=\"300\" height=\"300\" src=\"https:\/\/franciscanos.org.br\/noticias\/wp-content\/uploads\/2022\/03\/ordenacao_26_27-300x300.jpg\" class=\"attachment-thumbnail size-thumbnail\" alt=\"\" loading=\"lazy\" srcset=\"https:\/\/franciscanos.org.br\/noticias\/wp-content\/uploads\/2022\/03\/ordenacao_26_27-300x300.jpg 300w, https:\/\/franciscanos.org.br\/noticias\/wp-content\/uploads\/2022\/03\/ordenacao_26_27-100x100.jpg 100w\" sizes=\"(max-width: 300px) 100vw, 300px\" \/><\/a>\n\t\t\t<\/dt><\/dl><dl class='gallery-item'>\n\t\t\t<dt class='gallery-icon landscape'>\n\t\t\t\t<a href='https:\/\/franciscanos.org.br\/noticias\/wp-content\/uploads\/2022\/03\/ordenacao_26_28.jpg'><img width=\"300\" height=\"300\" src=\"https:\/\/franciscanos.org.br\/noticias\/wp-content\/uploads\/2022\/03\/ordenacao_26_28-300x300.jpg\" class=\"attachment-thumbnail size-thumbnail\" alt=\"\" loading=\"lazy\" srcset=\"https:\/\/franciscanos.org.br\/noticias\/wp-content\/uploads\/2022\/03\/ordenacao_26_28-300x300.jpg 300w, https:\/\/franciscanos.org.br\/noticias\/wp-content\/uploads\/2022\/03\/ordenacao_26_28-100x100.jpg 100w\" sizes=\"(max-width: 300px) 100vw, 300px\" \/><\/a>\n\t\t\t<\/dt><\/dl><br style=\"clear: both\" \/>\n\t\t<\/div>\n\n<p>Frei Gabriel Dellandrea, animador do Servi\u00e7o Vocacional, saudou a todos com caloroso \u201cpaz e bem\u201d, acolhendo os irm\u00e3os e as irm\u00e3s que vieram de perto e de longe, como as caravanas de Duque de Caxias (RJ) e Gaspar (SC).<\/p>\n<p>Frei Jhones, que escolheu o lema &#8220;Completai em mim a obra come\u00e7ada&#8221; (Salmo 137) para sua ordena\u00e7\u00e3o, foi apresentado ao Senhor tendo seus pais, Donizetti Martins e Maria Aparecida dos Santos Martins, a seu lado na prociss\u00e3o inicial.<\/p>\n<p>O rito da ordena\u00e7\u00e3o presbiteral come\u00e7ou antes da homilia de Dom Maur\u00edcio, com a chamada do candidato. Animado e alimentado com a Palavra de Deus, Frei Jhones foi chamado pelo di\u00e1cono Frei Josemberg Cardozo Aranha para frente do altar: \u201cQueira se aproximar o que ser\u00e1 ordenado presb\u00edtero, Frei Jhones Lucas Martins\u201d. Ele, ent\u00e3o, respondeu: \u201cAqui estou!\u201d.<\/p>\n<p><img loading=\"lazy\" class=\"alignnone size-full wp-image-237015\" src=\"https:\/\/franciscanos.org.br\/noticias\/wp-content\/uploads\/2022\/03\/ordenacao_26_04.jpg\" alt=\"\" width=\"1280\" height=\"960\" srcset=\"https:\/\/franciscanos.org.br\/noticias\/wp-content\/uploads\/2022\/03\/ordenacao_26_04.jpg 1280w, https:\/\/franciscanos.org.br\/noticias\/wp-content\/uploads\/2022\/03\/ordenacao_26_04-450x338.jpg 450w, https:\/\/franciscanos.org.br\/noticias\/wp-content\/uploads\/2022\/03\/ordenacao_26_04-1024x768.jpg 1024w, https:\/\/franciscanos.org.br\/noticias\/wp-content\/uploads\/2022\/03\/ordenacao_26_04-768x576.jpg 768w, https:\/\/franciscanos.org.br\/noticias\/wp-content\/uploads\/2022\/03\/ordenacao_26_04-150x113.jpg 150w, https:\/\/franciscanos.org.br\/noticias\/wp-content\/uploads\/2022\/03\/ordenacao_26_04-600x450.jpg 600w\" sizes=\"(max-width: 1280px) 100vw, 1280px\" \/><\/p>\n<p>Ao pedido do Vig\u00e1rio Provincial ao bispo para que ordenasse Frei Jhones, Dom Maur\u00edcio perguntou: \u201cPodes dizer se ele \u00e9 digno deste minist\u00e9rio?\u201d E ouviu a seguinte resposta de Frei Gustavo Medella: \u201cD. Maur\u00edcio, Frei Paulo Pereira, Pe. Silvano, todos irm\u00e3os confrades aqui presentes, tendo ouvido o povo de Deus, tendo ouvido os confrades formadores, os colegas de caminhada de nosso estimado Frei Jhones, posso dar testemunho que ele \u00e9 digno desse minist\u00e9rio\u201d. Dom Eduardo: \u201cCom aux\u00edlio de Nosso Senhor Jesus Cristo e Salvador, n\u00f3s escolhemos esse nosso irm\u00e3o para a Ordem do Presbiterato! Gra\u00e7as a Deus!\u201d<\/p>\n<p><img loading=\"lazy\" class=\"alignnone size-full wp-image-237017\" src=\"https:\/\/franciscanos.org.br\/noticias\/wp-content\/uploads\/2022\/03\/ordenacao_26_06.jpg\" alt=\"\" width=\"1280\" height=\"960\" srcset=\"https:\/\/franciscanos.org.br\/noticias\/wp-content\/uploads\/2022\/03\/ordenacao_26_06.jpg 1280w, https:\/\/franciscanos.org.br\/noticias\/wp-content\/uploads\/2022\/03\/ordenacao_26_06-450x338.jpg 450w, https:\/\/franciscanos.org.br\/noticias\/wp-content\/uploads\/2022\/03\/ordenacao_26_06-1024x768.jpg 1024w, https:\/\/franciscanos.org.br\/noticias\/wp-content\/uploads\/2022\/03\/ordenacao_26_06-768x576.jpg 768w, https:\/\/franciscanos.org.br\/noticias\/wp-content\/uploads\/2022\/03\/ordenacao_26_06-150x113.jpg 150w, https:\/\/franciscanos.org.br\/noticias\/wp-content\/uploads\/2022\/03\/ordenacao_26_06-600x450.jpg 600w\" sizes=\"(max-width: 1280px) 100vw, 1280px\" \/><\/p>\n<p>Logo ap\u00f3s, o Arcebispo de Botucatu, como de costume nas ordena\u00e7\u00f5es sacerdotais, conferiu uma bel\u00edssima homilia de cunho bem franciscano. &#8220;Sa\u00fado com muito carinho nosso querido Ministro Provincial, o Frei Paulo Roberto Pereira, e na sua pessoa toda a fam\u00edlia franciscana da Imaculada Concei\u00e7\u00e3o. Gostaria que ficassem de p\u00e9, porque muitos de n\u00f3s, em poucas oportunidades podemos visualizar tantos irm\u00e3os de Francisco juntos. Vamos saud\u00e1-los com uma salva de palmas&#8221;, disse, pedindo ora\u00e7\u00f5es pelas voca\u00e7\u00f5es franciscanas &#8220;com seu carisma encantador&#8221;. Ele saudou e agradeceu o p\u00e1roco Pe. Silvano Palmeira e o povo de Macatuba, assim como as caravanas de Duque de Caxias e de Gaspar. Depois chamou os pais de Frei Jhones para ficar do seu lado e estendeu sua sauda\u00e7\u00e3o \u00e0 toda fam\u00edlia do ordenando.<\/p>\n<p><img loading=\"lazy\" class=\"alignnone size-full wp-image-237018\" src=\"https:\/\/franciscanos.org.br\/noticias\/wp-content\/uploads\/2022\/03\/ordenacao_26_17.jpg\" alt=\"\" width=\"1244\" height=\"829\" srcset=\"https:\/\/franciscanos.org.br\/noticias\/wp-content\/uploads\/2022\/03\/ordenacao_26_17.jpg 1244w, https:\/\/franciscanos.org.br\/noticias\/wp-content\/uploads\/2022\/03\/ordenacao_26_17-450x300.jpg 450w, https:\/\/franciscanos.org.br\/noticias\/wp-content\/uploads\/2022\/03\/ordenacao_26_17-1024x682.jpg 1024w, https:\/\/franciscanos.org.br\/noticias\/wp-content\/uploads\/2022\/03\/ordenacao_26_17-768x512.jpg 768w, https:\/\/franciscanos.org.br\/noticias\/wp-content\/uploads\/2022\/03\/ordenacao_26_17-150x100.jpg 150w\" sizes=\"(max-width: 1244px) 100vw, 1244px\" \/><\/p>\n<p>Por \u00faltimo, saudou Frei Jhones. &#8220;Eu fiquei muito positivamente surpreso, gra\u00e7as a Deus. Primeira coisa que vi quando entregou o convite e o livreto, foi o lema que escolheu, do salmo 137:&#8217;Completai em mim a obra come\u00e7ada&#8217;. A obra come\u00e7ada no amor do pai e da m\u00e3e. A obra come\u00e7ada no batismo, para o qual os pais te levaram. Ele se coloca diante de Deus humildemente. N\u00e3o como um que j\u00e1 \u00e9 perfeito, santo, e que vai fazer e desfazer e vai superar todos os que vieram antes dele, padres, irm\u00e3os franciscanos, e assim por diante. N\u00e3o, ele se coloca humildemente. Eu preciso ser completado. A sua obra precisa continuar. \u00c9 assim mesmo&#8221;, ensinou.<\/p>\n<p>&#8220;Completai em mim a obra come\u00e7ada, na fam\u00edlia, na Igreja dom\u00e9stica, no batismo, na crisma. No batismo nos tornamos disc\u00edpulos e seguidores de Jesus. Completai em mim, sobretudo, a obra da Eucaristia, o sacramento que nos acompanha nesse memorial da vida pessoal, comunit\u00e1ria e eclesial&#8221;, acrescentou, dizendo que para escolher este lema Frei Jhones teve ajuda do Esp\u00edrito Santo e de Francisco.<\/p>\n<p><img loading=\"lazy\" class=\"alignnone size-full wp-image-237024\" src=\"https:\/\/franciscanos.org.br\/noticias\/wp-content\/uploads\/2022\/03\/ordenacao_26_12.jpg\" alt=\"\" width=\"1244\" height=\"829\" srcset=\"https:\/\/franciscanos.org.br\/noticias\/wp-content\/uploads\/2022\/03\/ordenacao_26_12.jpg 1244w, https:\/\/franciscanos.org.br\/noticias\/wp-content\/uploads\/2022\/03\/ordenacao_26_12-450x300.jpg 450w, https:\/\/franciscanos.org.br\/noticias\/wp-content\/uploads\/2022\/03\/ordenacao_26_12-1024x682.jpg 1024w, https:\/\/franciscanos.org.br\/noticias\/wp-content\/uploads\/2022\/03\/ordenacao_26_12-768x512.jpg 768w, https:\/\/franciscanos.org.br\/noticias\/wp-content\/uploads\/2022\/03\/ordenacao_26_12-150x100.jpg 150w\" sizes=\"(max-width: 1244px) 100vw, 1244px\" \/><\/p>\n<p>&#8220;Foi ele que escolheu esse lema. Ele deve ter rezado muito, pensado muito e foi inspirado, gra\u00e7as a Deus&#8221;, observou. &#8220;E aparece claro que ele, depois de muita ora\u00e7\u00e3o, escolheu essa liturgia da Palavra. Escolheu esse Evangelho, cujo o tema central \u00e9 o amor, mas o amor de Deus que \u00e9 fiel, o amor de Deus que vai completando a obra iniciada, \u00e0 medida que n\u00f3s confiamos, que n\u00f3s colaboramos&#8221;, emendou. Segundo ele, Deus nos ama \u00e0 parte, para al\u00e9m dos nossos pecados, para al\u00e9m da mis\u00e9ria de cada ser humano: &#8220;Ele simplesmente ama&#8221;.<\/p>\n<p>&#8220;Completar a obra significa deixar de pensar como homens e passar a pensar como Deus. De uma forma muito mais simples e concreta, deixar de pensar como homens significa deixar de crer nas promessas do ter, do poder, do prazer, e passar acreditar que o \u00fanico e aut\u00eantico poder de salvar o ser humano e toda a humanidade \u00e9 amor&#8221;, disse.<\/p>\n<p><img loading=\"lazy\" class=\"alignnone size-full wp-image-237037\" src=\"https:\/\/franciscanos.org.br\/noticias\/wp-content\/uploads\/2022\/03\/ordenacao_26_34.jpg\" alt=\"\" width=\"1280\" height=\"853\" srcset=\"https:\/\/franciscanos.org.br\/noticias\/wp-content\/uploads\/2022\/03\/ordenacao_26_34.jpg 1280w, https:\/\/franciscanos.org.br\/noticias\/wp-content\/uploads\/2022\/03\/ordenacao_26_34-450x300.jpg 450w, https:\/\/franciscanos.org.br\/noticias\/wp-content\/uploads\/2022\/03\/ordenacao_26_34-1024x682.jpg 1024w, https:\/\/franciscanos.org.br\/noticias\/wp-content\/uploads\/2022\/03\/ordenacao_26_34-768x512.jpg 768w, https:\/\/franciscanos.org.br\/noticias\/wp-content\/uploads\/2022\/03\/ordenacao_26_34-150x100.jpg 150w\" sizes=\"(max-width: 1280px) 100vw, 1280px\" \/><\/p>\n<p>&#8220;Alguns anos como padre eu fui, a exemplo de Francisco, aos pobres, aos doentes, aos estigmatizados, aos rejeitados. Onde se viu andar com essas pessoas, acolher essas pessoas na casa paroquial! Por que nos pobres eu descobri que amava meus pais de verdade? Porque de fato, amar os pobres n\u00e3o \u00e9 f\u00e1cil. A hist\u00f3ria de Francisco n\u00e3o \u00e9 nem fict\u00edcia nem rom\u00e2ntica. \u00c9 dif\u00edcil mesmo. O pobre, o marginalizado, o b\u00eabado \u00e9 aquela pessoa que n\u00e3o tem nada para dar em troca. Muitas vezes voc\u00ea entra contato com uma pessoa que n\u00e3o tem boa apar\u00eancia, n\u00e3o tem dinheiro, n\u00e3o cheira bem, ao contr\u00e1rio, n\u00e3o tem nada para te dar, ou at\u00e9 provoca rejei\u00e7\u00e3o: ou um tipo de doen\u00e7a, ou o drama que a pessoa vive, ou amea\u00e7a porque a pessoa n\u00e3o est\u00e1 no pleno uso da raz\u00e3o. A hora que eu for capaz de amar aquela pessoa que n\u00e3o tem nada, esse \u00e9 o Cristo Crucificado diante do qual Francisco mudou a vida dele e depois passou a viver no mundo, construindo igrejas. Foi diante do Cristo Crucificado que Francisco percebeu esse mist\u00e9rio, essa chave. Qual chave? Que eu descobri tamb\u00e9m. N\u00e3o amava meu pai. Amava aquilo que ele me dava. E vice-versa. A partir da experi\u00eancia com as pessoas que ningu\u00e9m quer amar porque n\u00e3o s\u00e3o amadas, a\u00ed, sim, Deus p\u00f4de completar a obra em mim, me fazendo olhar meus pais com outros olhos. Antes os olhos eram de interesses. De repente, os olhos do pr\u00f3prio Cristo, do amor verdadeiro&#8221;, refletiu.<\/p>\n\n\t\t<style type=\"text\/css\">\n\t\t\t#gallery-2 {\n\t\t\t\tmargin: auto;\n\t\t\t}\n\t\t\t#gallery-2 .gallery-item {\n\t\t\t\tfloat: left;\n\t\t\t\tmargin-top: 10px;\n\t\t\t\ttext-align: center;\n\t\t\t\twidth: 25%;\n\t\t\t}\n\t\t\t#gallery-2 img {\n\t\t\t\tborder: 2px solid #cfcfcf;\n\t\t\t}\n\t\t\t#gallery-2 .gallery-caption {\n\t\t\t\tmargin-left: 0;\n\t\t\t}\n\t\t\t\/* see gallery_shortcode() in wp-includes\/media.php *\/\n\t\t<\/style>\n\t\t<div id='gallery-2' class='gallery galleryid-237008 gallery-columns-4 gallery-size-thumbnail'><dl class='gallery-item'>\n\t\t\t<dt class='gallery-icon landscape'>\n\t\t\t\t<a href='https:\/\/franciscanos.org.br\/noticias\/wp-content\/uploads\/2022\/03\/ordenacao_26_05.jpg'><img width=\"300\" height=\"300\" src=\"https:\/\/franciscanos.org.br\/noticias\/wp-content\/uploads\/2022\/03\/ordenacao_26_05-300x300.jpg\" class=\"attachment-thumbnail size-thumbnail\" alt=\"\" loading=\"lazy\" srcset=\"https:\/\/franciscanos.org.br\/noticias\/wp-content\/uploads\/2022\/03\/ordenacao_26_05-300x300.jpg 300w, https:\/\/franciscanos.org.br\/noticias\/wp-content\/uploads\/2022\/03\/ordenacao_26_05-100x100.jpg 100w\" sizes=\"(max-width: 300px) 100vw, 300px\" \/><\/a>\n\t\t\t<\/dt><\/dl><dl class='gallery-item'>\n\t\t\t<dt class='gallery-icon landscape'>\n\t\t\t\t<a href='https:\/\/franciscanos.org.br\/noticias\/wp-content\/uploads\/2022\/03\/ordenacao_26_10.jpg'><img width=\"300\" height=\"300\" src=\"https:\/\/franciscanos.org.br\/noticias\/wp-content\/uploads\/2022\/03\/ordenacao_26_10-300x300.jpg\" class=\"attachment-thumbnail size-thumbnail\" alt=\"\" loading=\"lazy\" srcset=\"https:\/\/franciscanos.org.br\/noticias\/wp-content\/uploads\/2022\/03\/ordenacao_26_10-300x300.jpg 300w, https:\/\/franciscanos.org.br\/noticias\/wp-content\/uploads\/2022\/03\/ordenacao_26_10-100x100.jpg 100w\" sizes=\"(max-width: 300px) 100vw, 300px\" \/><\/a>\n\t\t\t<\/dt><\/dl><dl class='gallery-item'>\n\t\t\t<dt class='gallery-icon landscape'>\n\t\t\t\t<a href='https:\/\/franciscanos.org.br\/noticias\/wp-content\/uploads\/2022\/03\/ordenacao_26_11.jpg'><img width=\"300\" height=\"300\" src=\"https:\/\/franciscanos.org.br\/noticias\/wp-content\/uploads\/2022\/03\/ordenacao_26_11-300x300.jpg\" class=\"attachment-thumbnail size-thumbnail\" alt=\"\" loading=\"lazy\" srcset=\"https:\/\/franciscanos.org.br\/noticias\/wp-content\/uploads\/2022\/03\/ordenacao_26_11-300x300.jpg 300w, https:\/\/franciscanos.org.br\/noticias\/wp-content\/uploads\/2022\/03\/ordenacao_26_11-100x100.jpg 100w\" sizes=\"(max-width: 300px) 100vw, 300px\" \/><\/a>\n\t\t\t<\/dt><\/dl><dl class='gallery-item'>\n\t\t\t<dt class='gallery-icon landscape'>\n\t\t\t\t<a href='https:\/\/franciscanos.org.br\/noticias\/wp-content\/uploads\/2022\/03\/ordenacao_26_20.jpg'><img width=\"300\" height=\"300\" src=\"https:\/\/franciscanos.org.br\/noticias\/wp-content\/uploads\/2022\/03\/ordenacao_26_20-300x300.jpg\" class=\"attachment-thumbnail size-thumbnail\" alt=\"\" loading=\"lazy\" srcset=\"https:\/\/franciscanos.org.br\/noticias\/wp-content\/uploads\/2022\/03\/ordenacao_26_20-300x300.jpg 300w, https:\/\/franciscanos.org.br\/noticias\/wp-content\/uploads\/2022\/03\/ordenacao_26_20-100x100.jpg 100w\" sizes=\"(max-width: 300px) 100vw, 300px\" \/><\/a>\n\t\t\t<\/dt><\/dl><br style=\"clear: both\" \/>\n\t\t<\/div>\n\n<p>&#8220;Quando o Frei Jhones fala &#8216;completar em mim a obra come\u00e7ada&#8217;, ele est\u00e1 querendo amar aqueles que ningu\u00e9m quer amar, como Francisco amou, e como Jesus mais ainda. E o pr\u00f3prio Pedro. Ningu\u00e9m se converte de um dia para o outro. Pedro foi convertendo aos poucos, de modo que ele j\u00e1 podia responder a Jesus: agora estou enxergando o que \u00e9 o verdadeiro amor. Senhor, tu sabes que eu te amo! Essa \u00e9 a palavra de Frei Jhones a Jesus hoje: Senhor, tu sabes que eu te amo!&#8221;, concluiu.<\/p>\n<p>Na sequ\u00eancia, diante da Igreja, Frei Jhones manteve um di\u00e1logo com o bispo, que manifestou o seu consentimento para o minist\u00e9rio presbiteral, suas fun\u00e7\u00f5es e o seu modo de vida.<\/p>\n<p>Depois, de joelhos, colocou suas m\u00e3os nas m\u00e3os do bispo e prometeu obedi\u00eancia a ele e ao seu leg\u00edtimo superior. Em seguida, prostrado, em sinal de total dedica\u00e7\u00e3o a Deus, o eleito e toda a assembleia cantaram a Ladainha de Todos os Santos, pedindo assim a intercess\u00e3o daqueles que nos precederam na f\u00e9. Veio, ent\u00e3o, o momento central da ordena\u00e7\u00e3o: a imposi\u00e7\u00e3o das m\u00e3os e a Ora\u00e7\u00e3o Consecrat\u00f3ria.<\/p>\n<p><img loading=\"lazy\" class=\"alignnone size-full wp-image-237020\" src=\"https:\/\/franciscanos.org.br\/noticias\/wp-content\/uploads\/2022\/03\/ordenacao_26_14.jpg\" alt=\"\" width=\"1244\" height=\"829\" srcset=\"https:\/\/franciscanos.org.br\/noticias\/wp-content\/uploads\/2022\/03\/ordenacao_26_14.jpg 1244w, https:\/\/franciscanos.org.br\/noticias\/wp-content\/uploads\/2022\/03\/ordenacao_26_14-450x300.jpg 450w, https:\/\/franciscanos.org.br\/noticias\/wp-content\/uploads\/2022\/03\/ordenacao_26_14-1024x682.jpg 1024w, https:\/\/franciscanos.org.br\/noticias\/wp-content\/uploads\/2022\/03\/ordenacao_26_14-768x512.jpg 768w, https:\/\/franciscanos.org.br\/noticias\/wp-content\/uploads\/2022\/03\/ordenacao_26_14-150x100.jpg 150w\" sizes=\"(max-width: 1244px) 100vw, 1244px\" \/><\/p>\n<p><img loading=\"lazy\" class=\"alignnone size-full wp-image-237021\" src=\"https:\/\/franciscanos.org.br\/noticias\/wp-content\/uploads\/2022\/03\/ordenacao_26_15.jpg\" alt=\"\" width=\"1244\" height=\"829\" srcset=\"https:\/\/franciscanos.org.br\/noticias\/wp-content\/uploads\/2022\/03\/ordenacao_26_15.jpg 1244w, https:\/\/franciscanos.org.br\/noticias\/wp-content\/uploads\/2022\/03\/ordenacao_26_15-450x300.jpg 450w, https:\/\/franciscanos.org.br\/noticias\/wp-content\/uploads\/2022\/03\/ordenacao_26_15-1024x682.jpg 1024w, https:\/\/franciscanos.org.br\/noticias\/wp-content\/uploads\/2022\/03\/ordenacao_26_15-768x512.jpg 768w, https:\/\/franciscanos.org.br\/noticias\/wp-content\/uploads\/2022\/03\/ordenacao_26_15-150x100.jpg 150w\" sizes=\"(max-width: 1244px) 100vw, 1244px\" \/><\/p>\n<p>Cada momento ou gesto do rito foi explicado por Frei Gabriel. Pela imposi\u00e7\u00e3o das m\u00e3os do bispo e pela Prece de Ordena\u00e7\u00e3o ser\u00e1 conferido a Frei Jhones o dom do Esp\u00edrito Santo, que o transforma e o capacita para a sua miss\u00e3o. \u201cN\u00f3s acompanhamos em total sil\u00eancio\u201d, pediu.<\/p>\n<p>Terminado este momento, Frei Jhones recebeu as vestes de presb\u00edtero (casula e estola), trazidas pelo irm\u00e3o J\u00fanior. Frei Jhones foi revestido dos paramentos pr\u00f3prios do presb\u00edtero com a ajuda do Ministro Provincial, Frei Paulo Roberto Pereira.<\/p>\n<p><img loading=\"lazy\" class=\"alignnone size-full wp-image-237022\" src=\"https:\/\/franciscanos.org.br\/noticias\/wp-content\/uploads\/2022\/03\/ordenacao_26_23.jpg\" alt=\"\" width=\"1290\" height=\"860\" srcset=\"https:\/\/franciscanos.org.br\/noticias\/wp-content\/uploads\/2022\/03\/ordenacao_26_23.jpg 1290w, https:\/\/franciscanos.org.br\/noticias\/wp-content\/uploads\/2022\/03\/ordenacao_26_23-450x300.jpg 450w, https:\/\/franciscanos.org.br\/noticias\/wp-content\/uploads\/2022\/03\/ordenacao_26_23-1024x683.jpg 1024w, https:\/\/franciscanos.org.br\/noticias\/wp-content\/uploads\/2022\/03\/ordenacao_26_23-768x512.jpg 768w, https:\/\/franciscanos.org.br\/noticias\/wp-content\/uploads\/2022\/03\/ordenacao_26_23-150x100.jpg 150w\" sizes=\"(max-width: 1290px) 100vw, 1290px\" \/><\/p>\n<p><img loading=\"lazy\" class=\"alignnone size-full wp-image-237019\" src=\"https:\/\/franciscanos.org.br\/noticias\/wp-content\/uploads\/2022\/03\/ordenacao_26_16.jpg\" alt=\"\" width=\"1280\" height=\"853\" srcset=\"https:\/\/franciscanos.org.br\/noticias\/wp-content\/uploads\/2022\/03\/ordenacao_26_16.jpg 1280w, https:\/\/franciscanos.org.br\/noticias\/wp-content\/uploads\/2022\/03\/ordenacao_26_16-450x300.jpg 450w, https:\/\/franciscanos.org.br\/noticias\/wp-content\/uploads\/2022\/03\/ordenacao_26_16-1024x682.jpg 1024w, https:\/\/franciscanos.org.br\/noticias\/wp-content\/uploads\/2022\/03\/ordenacao_26_16-768x512.jpg 768w, https:\/\/franciscanos.org.br\/noticias\/wp-content\/uploads\/2022\/03\/ordenacao_26_16-150x100.jpg 150w\" sizes=\"(max-width: 1280px) 100vw, 1280px\" \/><\/p>\n<p>O bispo, agora, ungiu com o \u00f3leo da crisma a palma das m\u00e3os do novo presb\u00edtero e atou suas m\u00e3os, que foram desamarradas pelos pais. Frei Jhones, ent\u00e3o, deu a sua primeira b\u00ean\u00e7\u00e3o aos pais, enquanto era saudado pela assembleia. Na sequ\u00eancia, Frei Jhones recebeu as ofertas do p\u00e3o e do vinho. O c\u00e1lice foi trazido por sua irm\u00e3 Ana Paula. Dom Maur\u00edcio as entregou a Frei Jhones como sinal de oferenda do povo que, de agora em diante, ele ir\u00e1 apresentar em cada Eucaristia.<\/p>\n<p>Num gesto de comunh\u00e3o fraterna, representando a acolhida do neo-sacerdote entre os presb\u00edteros, Frei Jhones recebeu o abra\u00e7o da paz de Dom Maur\u00edcio e de seus confrades e sacerdotes presentes na Celebra\u00e7\u00e3o. Terminado o rito, Frei Jhones j\u00e1 p\u00f4de participar como concelebrante da Eucaristia.<\/p>\n<p><img loading=\"lazy\" class=\"alignnone size-full wp-image-237023\" src=\"https:\/\/franciscanos.org.br\/noticias\/wp-content\/uploads\/2022\/03\/ordenacao_2626.jpg\" alt=\"\" width=\"1244\" height=\"829\" srcset=\"https:\/\/franciscanos.org.br\/noticias\/wp-content\/uploads\/2022\/03\/ordenacao_2626.jpg 1244w, https:\/\/franciscanos.org.br\/noticias\/wp-content\/uploads\/2022\/03\/ordenacao_2626-450x300.jpg 450w, https:\/\/franciscanos.org.br\/noticias\/wp-content\/uploads\/2022\/03\/ordenacao_2626-1024x682.jpg 1024w, https:\/\/franciscanos.org.br\/noticias\/wp-content\/uploads\/2022\/03\/ordenacao_2626-768x512.jpg 768w, https:\/\/franciscanos.org.br\/noticias\/wp-content\/uploads\/2022\/03\/ordenacao_2626-150x100.jpg 150w\" sizes=\"(max-width: 1244px) 100vw, 1244px\" \/><\/p>\n\n\t\t<style type=\"text\/css\">\n\t\t\t#gallery-3 {\n\t\t\t\tmargin: auto;\n\t\t\t}\n\t\t\t#gallery-3 .gallery-item {\n\t\t\t\tfloat: left;\n\t\t\t\tmargin-top: 10px;\n\t\t\t\ttext-align: center;\n\t\t\t\twidth: 25%;\n\t\t\t}\n\t\t\t#gallery-3 img {\n\t\t\t\tborder: 2px solid #cfcfcf;\n\t\t\t}\n\t\t\t#gallery-3 .gallery-caption {\n\t\t\t\tmargin-left: 0;\n\t\t\t}\n\t\t\t\/* see gallery_shortcode() in wp-includes\/media.php *\/\n\t\t<\/style>\n\t\t<div id='gallery-3' class='gallery galleryid-237008 gallery-columns-4 gallery-size-thumbnail'><dl class='gallery-item'>\n\t\t\t<dt class='gallery-icon landscape'>\n\t\t\t\t<a href='https:\/\/franciscanos.org.br\/noticias\/wp-content\/uploads\/2022\/03\/ordenacao_26_21.jpg'><img width=\"300\" height=\"300\" src=\"https:\/\/franciscanos.org.br\/noticias\/wp-content\/uploads\/2022\/03\/ordenacao_26_21-300x300.jpg\" class=\"attachment-thumbnail size-thumbnail\" alt=\"\" loading=\"lazy\" srcset=\"https:\/\/franciscanos.org.br\/noticias\/wp-content\/uploads\/2022\/03\/ordenacao_26_21-300x300.jpg 300w, https:\/\/franciscanos.org.br\/noticias\/wp-content\/uploads\/2022\/03\/ordenacao_26_21-100x100.jpg 100w\" sizes=\"(max-width: 300px) 100vw, 300px\" \/><\/a>\n\t\t\t<\/dt><\/dl><dl class='gallery-item'>\n\t\t\t<dt class='gallery-icon landscape'>\n\t\t\t\t<a href='https:\/\/franciscanos.org.br\/noticias\/wp-content\/uploads\/2022\/03\/ordenacao_26_22.jpg'><img width=\"300\" height=\"300\" src=\"https:\/\/franciscanos.org.br\/noticias\/wp-content\/uploads\/2022\/03\/ordenacao_26_22-300x300.jpg\" class=\"attachment-thumbnail size-thumbnail\" alt=\"\" loading=\"lazy\" srcset=\"https:\/\/franciscanos.org.br\/noticias\/wp-content\/uploads\/2022\/03\/ordenacao_26_22-300x300.jpg 300w, https:\/\/franciscanos.org.br\/noticias\/wp-content\/uploads\/2022\/03\/ordenacao_26_22-100x100.jpg 100w\" sizes=\"(max-width: 300px) 100vw, 300px\" \/><\/a>\n\t\t\t<\/dt><\/dl><dl class='gallery-item'>\n\t\t\t<dt class='gallery-icon landscape'>\n\t\t\t\t<a href='https:\/\/franciscanos.org.br\/noticias\/wp-content\/uploads\/2022\/03\/ordenacao_26_30.jpg'><img width=\"300\" height=\"300\" src=\"https:\/\/franciscanos.org.br\/noticias\/wp-content\/uploads\/2022\/03\/ordenacao_26_30-300x300.jpg\" class=\"attachment-thumbnail size-thumbnail\" alt=\"\" loading=\"lazy\" srcset=\"https:\/\/franciscanos.org.br\/noticias\/wp-content\/uploads\/2022\/03\/ordenacao_26_30-300x300.jpg 300w, https:\/\/franciscanos.org.br\/noticias\/wp-content\/uploads\/2022\/03\/ordenacao_26_30-100x100.jpg 100w\" sizes=\"(max-width: 300px) 100vw, 300px\" \/><\/a>\n\t\t\t<\/dt><\/dl><dl class='gallery-item'>\n\t\t\t<dt class='gallery-icon landscape'>\n\t\t\t\t<a href='https:\/\/franciscanos.org.br\/noticias\/wp-content\/uploads\/2022\/03\/ordenacao_26_31.jpg'><img width=\"300\" height=\"300\" src=\"https:\/\/franciscanos.org.br\/noticias\/wp-content\/uploads\/2022\/03\/ordenacao_26_31-300x300.jpg\" class=\"attachment-thumbnail size-thumbnail\" alt=\"\" loading=\"lazy\" srcset=\"https:\/\/franciscanos.org.br\/noticias\/wp-content\/uploads\/2022\/03\/ordenacao_26_31-300x300.jpg 300w, https:\/\/franciscanos.org.br\/noticias\/wp-content\/uploads\/2022\/03\/ordenacao_26_31-100x100.jpg 100w\" sizes=\"(max-width: 300px) 100vw, 300px\" \/><\/a>\n\t\t\t<\/dt><\/dl><br style=\"clear: both\" \/>\n\t\t<\/div>\n\n<p><strong>AGRADECIMENTOS<\/strong><\/p>\n<p>Pe. Silvano Palmeira agradeceu \u00e0 Comunidade Paroquial que n\u00e3o mediu esfor\u00e7os para que a ordena\u00e7\u00e3o acontecesse e tamb\u00e9m agradeceu pela ajuda aos frades durante a Semana Mission\u00e1ria em prepara\u00e7\u00e3o para este momento.<\/p>\n<p><img loading=\"lazy\" class=\"alignnone size-full wp-image-237033\" src=\"https:\/\/franciscanos.org.br\/noticias\/wp-content\/uploads\/2022\/03\/ordenacao_26_32.jpg\" alt=\"\" width=\"1280\" height=\"983\" srcset=\"https:\/\/franciscanos.org.br\/noticias\/wp-content\/uploads\/2022\/03\/ordenacao_26_32.jpg 1280w, https:\/\/franciscanos.org.br\/noticias\/wp-content\/uploads\/2022\/03\/ordenacao_26_32-450x346.jpg 450w, https:\/\/franciscanos.org.br\/noticias\/wp-content\/uploads\/2022\/03\/ordenacao_26_32-1024x786.jpg 1024w, https:\/\/franciscanos.org.br\/noticias\/wp-content\/uploads\/2022\/03\/ordenacao_26_32-768x590.jpg 768w, https:\/\/franciscanos.org.br\/noticias\/wp-content\/uploads\/2022\/03\/ordenacao_26_32-150x115.jpg 150w\" sizes=\"(max-width: 1280px) 100vw, 1280px\" \/><\/p>\n<p>Frei Paulo Pereira falou da gratid\u00e3o de todos os frades da fam\u00edlia que vai desde Santa Catarina at\u00e9 o Esp\u00edrito Santo, ousando levar ao mundo <em>Paz e Bem<\/em>: &#8220;\u00c9 uma ousadia por causa da nossa incompletude, da nossa fragilidade. Gratid\u00e3o ao povo que reza por n\u00f3s, ao povo que nos acompanha. Gratid\u00e3o a esta par\u00f3quia inspirada em Santo Ant\u00f4nio que vai sempre se lembrar de n\u00f3s. Olhando para o Padroeiro vai falar: &#8216;\u00c9 daquela fam\u00edlia!&#8217; E cada vez que tiver festa de Santo Ant\u00f4nio, todo mundo vai lembrar: &#8216;Os irm\u00e3os de Santo Ant\u00f4nio j\u00e1 andaram por aqui. Muito obrigado a esta Par\u00f3quia, ao Pe. Silvano, desde o primeiro momento muito acolhedor no exerc\u00edcio da fraternidade, que \u00e9 t\u00e3o caro a S\u00e3o Francisco. D. Maur\u00edcio, muito obrigado. O sr. disse no serm\u00e3o que foi conhecer o Frei Jhones e o convidou para almo\u00e7ar. Junto \u00e0 mesa nos damos a conhecer. E hoje tivemos o privil\u00e9gio de estar \u00e0 mesa da Eucaristia, o sr. deu o P\u00e3o Eucar\u00edstico para todos n\u00f3s e temos certeza que nos conhecemos mais e nos comprometemos a servir melhor o povo. Obrigado, D. Maur\u00edcio, que n\u00e3o \u00e9 franciscano de h\u00e1bito, mas \u00e9 franciscano de cora\u00e7\u00e3o. Obrigado Frei Jhones que deve servir ao povo. Todo presb\u00edtero, especialmente o presb\u00edtero franciscano, n\u00e3o deve nunca arredar o p\u00e9 dessa miss\u00e3o. Servir e amar o povo, sobretudo o povo mais simples, o povo mais necessitado. Rezem sempre por n\u00f3s e por nossa miss\u00e3o!&#8221;<\/p>\n<p><img loading=\"lazy\" class=\"alignnone size-full wp-image-237034\" src=\"https:\/\/franciscanos.org.br\/noticias\/wp-content\/uploads\/2022\/03\/ordenacao_26_33.jpg\" alt=\"\" width=\"1280\" height=\"853\" srcset=\"https:\/\/franciscanos.org.br\/noticias\/wp-content\/uploads\/2022\/03\/ordenacao_26_33.jpg 1280w, https:\/\/franciscanos.org.br\/noticias\/wp-content\/uploads\/2022\/03\/ordenacao_26_33-450x300.jpg 450w, https:\/\/franciscanos.org.br\/noticias\/wp-content\/uploads\/2022\/03\/ordenacao_26_33-1024x682.jpg 1024w, https:\/\/franciscanos.org.br\/noticias\/wp-content\/uploads\/2022\/03\/ordenacao_26_33-768x512.jpg 768w, https:\/\/franciscanos.org.br\/noticias\/wp-content\/uploads\/2022\/03\/ordenacao_26_33-150x100.jpg 150w\" sizes=\"(max-width: 1280px) 100vw, 1280px\" \/><\/p>\n<p>Frei Jhones fez os agradecimentos e disse que Deus deu a gra\u00e7a de pertencer a tr\u00eas fam\u00edlias: &#8220;A primeira, s\u00e3o os meus pais, meus sacerdotes que ofereceram a Deus minha vida, seus irm\u00e3os, sobrinhos, tios e tias, av\u00f3s que do c\u00e9u (se emociona) acompanham esse momento com suas preces. Depois, Deus deu a fam\u00edlia franciscana, que me acolheu em 2010. Nos \u00faltimos anos, ganhei novas fam\u00edlias: primeiro nesta Par\u00f3quia de Macatuba, depois na Par\u00f3quia em Duque de Caxias, no Convento e Santu\u00e1rio S\u00e3o Francisco, na capital, nas fam\u00edlias das casas de forma\u00e7\u00e3o e agora na Par\u00f3quia S\u00e3o Pedro Ap\u00f3stolo de Gaspar&#8221;, lembrou.<\/p>\n<p>&#8220;S\u00f3 uma coisa lhe pe\u00e7o: completai em mim a obra come\u00e7ada e que o minist\u00e9rio que hoje abra\u00e7o seja para louvor e gl\u00f3ria da Sant\u00edssima Trindade e a ela rendo louvor e gl\u00f3ria&#8221;, completou.<\/p>\n<hr \/>\n<p><em>Frei Roger Strapazzon (Fotos) e Comunica\u00e7\u00e3o da Prov\u00edncia da Imaculada Concei\u00e7\u00e3o<\/em><\/p>\n","protected":false},"excerpt":{"rendered":"<p>Ordena\u00e7\u00e3o Presbiteral de Frei Jhones Martins<\/p>\n","protected":false},"author":3,"featured_media":237016,"comment_status":"open","ping_status":"open","sticky":false,"template":"","format":"standard","meta":[],"categories":[1],"tags":[157],"acf":[],"yoast_head":"<!-- This site is optimized with the Yoast SEO plugin v19.2 - https:\/\/yoast.com\/wordpress\/plugins\/seo\/ -->\n<title>D. Maur\u00edcio: &quot;Essa \u00e9 a palavra de Frei Jhones a Jesus hoje: Senhor, tu sabes que eu te amo!&quot; - Not\u00edcias - Franciscanos<\/title>\n<meta name=\"robots\" content=\"index, follow, max-snippet:-1, max-image-preview:large, max-video-preview:-1\" \/>\n<link rel=\"canonical\" href=\"https:\/\/franciscanos.org.br\/noticias\/d-mauricio-essa-e-a-palavra-de-frei-jhones-a-jesus-hoje-senhor-tu-sabes-que-eu-te-amo.html\" \/>\n<meta property=\"og:locale\" content=\"pt_BR\" \/>\n<meta property=\"og:type\" content=\"article\" \/>\n<meta property=\"og:title\" content=\"D. Maur\u00edcio: &quot;Essa \u00e9 a palavra de Frei Jhones a Jesus hoje: Senhor, tu sabes que eu te amo!&quot; - Not\u00edcias - Franciscanos\" \/>\n<meta property=\"og:description\" content=\"Ordena\u00e7\u00e3o Presbiteral de Frei Jhones Martins\" \/>\n<meta property=\"og:url\" content=\"https:\/\/franciscanos.org.br\/noticias\/d-mauricio-essa-e-a-palavra-de-frei-jhones-a-jesus-hoje-senhor-tu-sabes-que-eu-te-amo.html\" \/>\n<meta property=\"og:site_name\" content=\"Not\u00edcias - Franciscanos\" \/>\n<meta property=\"article:published_time\" content=\"2022-03-26T21:03:52+00:00\" \/>\n<meta property=\"article:modified_time\" content=\"2023-01-03T17:21:28+00:00\" \/>\n<meta property=\"og:image\" content=\"https:\/\/franciscanos.org.br\/noticias\/wp-content\/uploads\/2022\/03\/ordenacao_26_01.jpg\" \/>\n\t<meta property=\"og:image:width\" content=\"1244\" \/>\n\t<meta property=\"og:image:height\" content=\"734\" \/>\n\t<meta property=\"og:image:type\" content=\"image\/jpeg\" \/>\n<meta name=\"author\" content=\"moacir\" \/>\n<meta name=\"twitter:card\" content=\"summary_large_image\" \/>\n<meta name=\"twitter:label1\" content=\"Escrito por\" \/>\n\t<meta name=\"twitter:data1\" content=\"moacir\" \/>\n\t<meta name=\"twitter:label2\" content=\"Est. tempo de leitura\" \/>\n\t<meta name=\"twitter:data2\" content=\"11 minutos\" \/>\n<script type=\"application\/ld+json\" class=\"yoast-schema-graph\">{\"@context\":\"https:\/\/schema.org\",\"@graph\":[{\"@type\":\"WebSite\",\"@id\":\"https:\/\/franciscanos.org.br\/noticias\/#website\",\"url\":\"https:\/\/franciscanos.org.br\/noticias\/\",\"name\":\"Not\u00edcias - Franciscanos\",\"description\":\"Prov\u00edncia Franciscana da Imaculada Concei\u00e7\u00e3o do Brasil - Ordem dos Frades Menores - OFM\",\"potentialAction\":[{\"@type\":\"SearchAction\",\"target\":{\"@type\":\"EntryPoint\",\"urlTemplate\":\"https:\/\/franciscanos.org.br\/noticias\/?s={search_term_string}\"},\"query-input\":\"required name=search_term_string\"}],\"inLanguage\":\"pt-BR\"},{\"@type\":\"ImageObject\",\"inLanguage\":\"pt-BR\",\"@id\":\"https:\/\/franciscanos.org.br\/noticias\/d-mauricio-essa-e-a-palavra-de-frei-jhones-a-jesus-hoje-senhor-tu-sabes-que-eu-te-amo.html#primaryimage\",\"url\":\"https:\/\/franciscanos.org.br\/noticias\/wp-content\/uploads\/2022\/03\/ordenacao_26_01.jpg\",\"contentUrl\":\"https:\/\/franciscanos.org.br\/noticias\/wp-content\/uploads\/2022\/03\/ordenacao_26_01.jpg\",\"width\":1244,\"height\":734},{\"@type\":\"WebPage\",\"@id\":\"https:\/\/franciscanos.org.br\/noticias\/d-mauricio-essa-e-a-palavra-de-frei-jhones-a-jesus-hoje-senhor-tu-sabes-que-eu-te-amo.html#webpage\",\"url\":\"https:\/\/franciscanos.org.br\/noticias\/d-mauricio-essa-e-a-palavra-de-frei-jhones-a-jesus-hoje-senhor-tu-sabes-que-eu-te-amo.html\",\"name\":\"D. Maur\u00edcio: \\\"Essa \u00e9 a palavra de Frei Jhones a Jesus hoje: Senhor, tu sabes que eu te amo!\\\" - Not\u00edcias - Franciscanos\",\"isPartOf\":{\"@id\":\"https:\/\/franciscanos.org.br\/noticias\/#website\"},\"primaryImageOfPage\":{\"@id\":\"https:\/\/franciscanos.org.br\/noticias\/d-mauricio-essa-e-a-palavra-de-frei-jhones-a-jesus-hoje-senhor-tu-sabes-que-eu-te-amo.html#primaryimage\"},\"datePublished\":\"2022-03-26T21:03:52+00:00\",\"dateModified\":\"2023-01-03T17:21:28+00:00\",\"author\":{\"@id\":\"https:\/\/franciscanos.org.br\/noticias\/#\/schema\/person\/b5c8cba458c330ccff548b056e95a5d4\"},\"breadcrumb\":{\"@id\":\"https:\/\/franciscanos.org.br\/noticias\/d-mauricio-essa-e-a-palavra-de-frei-jhones-a-jesus-hoje-senhor-tu-sabes-que-eu-te-amo.html#breadcrumb\"},\"inLanguage\":\"pt-BR\",\"potentialAction\":[{\"@type\":\"ReadAction\",\"target\":[\"https:\/\/franciscanos.org.br\/noticias\/d-mauricio-essa-e-a-palavra-de-frei-jhones-a-jesus-hoje-senhor-tu-sabes-que-eu-te-amo.html\"]}]},{\"@type\":\"BreadcrumbList\",\"@id\":\"https:\/\/franciscanos.org.br\/noticias\/d-mauricio-essa-e-a-palavra-de-frei-jhones-a-jesus-hoje-senhor-tu-sabes-que-eu-te-amo.html#breadcrumb\",\"itemListElement\":[{\"@type\":\"ListItem\",\"position\":1,\"name\":\"Home\",\"item\":\"https:\/\/franciscanos.org.br\/noticias\"},{\"@type\":\"ListItem\",\"position\":2,\"name\":\"D. Maur\u00edcio: &#8220;Essa \u00e9 a palavra de Frei Jhones a Jesus hoje: Senhor, tu sabes que eu te amo!&#8221;\"}]},{\"@type\":\"Person\",\"@id\":\"https:\/\/franciscanos.org.br\/noticias\/#\/schema\/person\/b5c8cba458c330ccff548b056e95a5d4\",\"name\":\"moacir\",\"image\":{\"@type\":\"ImageObject\",\"inLanguage\":\"pt-BR\",\"@id\":\"https:\/\/franciscanos.org.br\/noticias\/#\/schema\/person\/image\/\",\"url\":\"https:\/\/secure.gravatar.com\/avatar\/d08aa2ce4c8dd416d4479aa8536fcf64?s=96&d=mm&r=g\",\"contentUrl\":\"https:\/\/secure.gravatar.com\/avatar\/d08aa2ce4c8dd416d4479aa8536fcf64?s=96&d=mm&r=g\",\"caption\":\"moacir\"},\"url\":\"https:\/\/franciscanos.org.br\/noticias\/author\/moacir\"}]}<\/script>\n<!-- \/ Yoast SEO plugin. -->","yoast_head_json":{"title":"D. Maur\u00edcio: \"Essa \u00e9 a palavra de Frei Jhones a Jesus hoje: Senhor, tu sabes que eu te amo!\" - Not\u00edcias - Franciscanos","robots":{"index":"index","follow":"follow","max-snippet":"max-snippet:-1","max-image-preview":"max-image-preview:large","max-video-preview":"max-video-preview:-1"},"canonical":"https:\/\/franciscanos.org.br\/noticias\/d-mauricio-essa-e-a-palavra-de-frei-jhones-a-jesus-hoje-senhor-tu-sabes-que-eu-te-amo.html","og_locale":"pt_BR","og_type":"article","og_title":"D. Maur\u00edcio: \"Essa \u00e9 a palavra de Frei Jhones a Jesus hoje: Senhor, tu sabes que eu te amo!\" - Not\u00edcias - Franciscanos","og_description":"Ordena\u00e7\u00e3o Presbiteral de Frei Jhones Martins","og_url":"https:\/\/franciscanos.org.br\/noticias\/d-mauricio-essa-e-a-palavra-de-frei-jhones-a-jesus-hoje-senhor-tu-sabes-que-eu-te-amo.html","og_site_name":"Not\u00edcias - Franciscanos","article_published_time":"2022-03-26T21:03:52+00:00","article_modified_time":"2023-01-03T17:21:28+00:00","og_image":[{"width":1244,"height":734,"url":"https:\/\/franciscanos.org.br\/noticias\/wp-content\/uploads\/2022\/03\/ordenacao_26_01.jpg","type":"image\/jpeg"}],"author":"moacir","twitter_card":"summary_large_image","twitter_misc":{"Escrito por":"moacir","Est. tempo de leitura":"11 minutos"},"schema":{"@context":"https:\/\/schema.org","@graph":[{"@type":"WebSite","@id":"https:\/\/franciscanos.org.br\/noticias\/#website","url":"https:\/\/franciscanos.org.br\/noticias\/","name":"Not\u00edcias - Franciscanos","description":"Prov\u00edncia Franciscana da Imaculada Concei\u00e7\u00e3o do Brasil - Ordem dos Frades Menores - OFM","potentialAction":[{"@type":"SearchAction","target":{"@type":"EntryPoint","urlTemplate":"https:\/\/franciscanos.org.br\/noticias\/?s={search_term_string}"},"query-input":"required name=search_term_string"}],"inLanguage":"pt-BR"},{"@type":"ImageObject","inLanguage":"pt-BR","@id":"https:\/\/franciscanos.org.br\/noticias\/d-mauricio-essa-e-a-palavra-de-frei-jhones-a-jesus-hoje-senhor-tu-sabes-que-eu-te-amo.html#primaryimage","url":"https:\/\/franciscanos.org.br\/noticias\/wp-content\/uploads\/2022\/03\/ordenacao_26_01.jpg","contentUrl":"https:\/\/franciscanos.org.br\/noticias\/wp-content\/uploads\/2022\/03\/ordenacao_26_01.jpg","width":1244,"height":734},{"@type":"WebPage","@id":"https:\/\/franciscanos.org.br\/noticias\/d-mauricio-essa-e-a-palavra-de-frei-jhones-a-jesus-hoje-senhor-tu-sabes-que-eu-te-amo.html#webpage","url":"https:\/\/franciscanos.org.br\/noticias\/d-mauricio-essa-e-a-palavra-de-frei-jhones-a-jesus-hoje-senhor-tu-sabes-que-eu-te-amo.html","name":"D. Maur\u00edcio: \"Essa \u00e9 a palavra de Frei Jhones a Jesus hoje: Senhor, tu sabes que eu te amo!\" - Not\u00edcias - Franciscanos","isPartOf":{"@id":"https:\/\/franciscanos.org.br\/noticias\/#website"},"primaryImageOfPage":{"@id":"https:\/\/franciscanos.org.br\/noticias\/d-mauricio-essa-e-a-palavra-de-frei-jhones-a-jesus-hoje-senhor-tu-sabes-que-eu-te-amo.html#primaryimage"},"datePublished":"2022-03-26T21:03:52+00:00","dateModified":"2023-01-03T17:21:28+00:00","author":{"@id":"https:\/\/franciscanos.org.br\/noticias\/#\/schema\/person\/b5c8cba458c330ccff548b056e95a5d4"},"breadcrumb":{"@id":"https:\/\/franciscanos.org.br\/noticias\/d-mauricio-essa-e-a-palavra-de-frei-jhones-a-jesus-hoje-senhor-tu-sabes-que-eu-te-amo.html#breadcrumb"},"inLanguage":"pt-BR","potentialAction":[{"@type":"ReadAction","target":["https:\/\/franciscanos.org.br\/noticias\/d-mauricio-essa-e-a-palavra-de-frei-jhones-a-jesus-hoje-senhor-tu-sabes-que-eu-te-amo.html"]}]},{"@type":"BreadcrumbList","@id":"https:\/\/franciscanos.org.br\/noticias\/d-mauricio-essa-e-a-palavra-de-frei-jhones-a-jesus-hoje-senhor-tu-sabes-que-eu-te-amo.html#breadcrumb","itemListElement":[{"@type":"ListItem","position":1,"name":"Home","item":"https:\/\/franciscanos.org.br\/noticias"},{"@type":"ListItem","position":2,"name":"D. Maur\u00edcio: &#8220;Essa \u00e9 a palavra de Frei Jhones a Jesus hoje: Senhor, tu sabes que eu te amo!&#8221;"}]},{"@type":"Person","@id":"https:\/\/franciscanos.org.br\/noticias\/#\/schema\/person\/b5c8cba458c330ccff548b056e95a5d4","name":"moacir","image":{"@type":"ImageObject","inLanguage":"pt-BR","@id":"https:\/\/franciscanos.org.br\/noticias\/#\/schema\/person\/image\/","url":"https:\/\/secure.gravatar.com\/avatar\/d08aa2ce4c8dd416d4479aa8536fcf64?s=96&d=mm&r=g","contentUrl":"https:\/\/secure.gravatar.com\/avatar\/d08aa2ce4c8dd416d4479aa8536fcf64?s=96&d=mm&r=g","caption":"moacir"},"url":"https:\/\/franciscanos.org.br\/noticias\/author\/moacir"}]}},"_links":{"self":[{"href":"https:\/\/franciscanos.org.br\/noticias\/wp-json\/wp\/v2\/posts\/237008"}],"collection":[{"href":"https:\/\/franciscanos.org.br\/noticias\/wp-json\/wp\/v2\/posts"}],"about":[{"href":"https:\/\/franciscanos.org.br\/noticias\/wp-json\/wp\/v2\/types\/post"}],"author":[{"embeddable":true,"href":"https:\/\/franciscanos.org.br\/noticias\/wp-json\/wp\/v2\/users\/3"}],"replies":[{"embeddable":true,"href":"https:\/\/franciscanos.org.br\/noticias\/wp-json\/wp\/v2\/comments?post=237008"}],"version-history":[{"count":4,"href":"https:\/\/franciscanos.org.br\/noticias\/wp-json\/wp\/v2\/posts\/237008\/revisions"}],"predecessor-version":[{"id":241536,"href":"https:\/\/franciscanos.org.br\/noticias\/wp-json\/wp\/v2\/posts\/237008\/revisions\/241536"}],"wp:featuredmedia":[{"embeddable":true,"href":"https:\/\/franciscanos.org.br\/noticias\/wp-json\/wp\/v2\/media\/237016"}],"wp:attachment":[{"href":"https:\/\/franciscanos.org.br\/noticias\/wp-json\/wp\/v2\/media?parent=237008"}],"wp:term":[{"taxonomy":"category","embeddable":true,"href":"https:\/\/franciscanos.org.br\/noticias\/wp-json\/wp\/v2\/categories?post=237008"},{"taxonomy":"post_tag","embeddable":true,"href":"https:\/\/franciscanos.org.br\/noticias\/wp-json\/wp\/v2\/tags?post=237008"}],"curies":[{"name":"wp","href":"https:\/\/api.w.org\/{rel}","templated":true}]}}