{"id":236994,"date":"2022-03-26T06:11:37","date_gmt":"2022-03-26T09:11:37","guid":{"rendered":"https:\/\/franciscanos.org.br\/noticias\/?p=236994"},"modified":"2022-03-26T06:11:37","modified_gmt":"2022-03-26T09:11:37","slug":"ordenacao-presbiteral-frei-jhones-renova-os-conselhos-evangelicos-no-terceiro-dia-do-triduo","status":"publish","type":"post","link":"https:\/\/franciscanos.org.br\/noticias\/ordenacao-presbiteral-frei-jhones-renova-os-conselhos-evangelicos-no-terceiro-dia-do-triduo.html","title":{"rendered":"Ordena\u00e7\u00e3o Presbiteral: Frei Jhones renova os conselhos evang\u00e9licos no terceiro dia do Tr\u00edduo"},"content":{"rendered":"<p><img loading=\"lazy\" class=\"alignnone size-full wp-image-236995\" src=\"https:\/\/franciscanos.org.br\/noticias\/wp-content\/uploads\/2022\/03\/triduo_09.jpg\" alt=\"\" width=\"1112\" height=\"741\" srcset=\"https:\/\/franciscanos.org.br\/noticias\/wp-content\/uploads\/2022\/03\/triduo_09.jpg 1112w, https:\/\/franciscanos.org.br\/noticias\/wp-content\/uploads\/2022\/03\/triduo_09-450x300.jpg 450w, https:\/\/franciscanos.org.br\/noticias\/wp-content\/uploads\/2022\/03\/triduo_09-1024x682.jpg 1024w, https:\/\/franciscanos.org.br\/noticias\/wp-content\/uploads\/2022\/03\/triduo_09-768x512.jpg 768w, https:\/\/franciscanos.org.br\/noticias\/wp-content\/uploads\/2022\/03\/triduo_09-150x100.jpg 150w\" sizes=\"(max-width: 1112px) 100vw, 1112px\" \/><\/p>\n<p>A voca\u00e7\u00e3o religiosa foi tema do terceiro dia de prepara\u00e7\u00e3o para a ordena\u00e7\u00e3o de Frei Jhones Lucas Martins. Nesta sexta-feira, 25, dia em que se celebra a Anuncia\u00e7\u00e3o do Senhor e o &#8216;Sim&#8217; de Maria, a comunidade da Par\u00f3quia Santo Ant\u00f4nio de Macatuba (SP) iniciou suas atividades \u00e0s 8h30, rezando com S\u00e3o Francisco ao &#8220;Amor que n\u00e3o \u00e9 amado&#8221;.<\/p>\n<p><em>Frei Jhones Lucas Martins ser\u00e1 ordenado presb\u00edtero neste dia 26 de mar\u00e7o, \u00e0s 10 horas, em Macatuba (SP), pelas m\u00e3os do Arcebispo de Botucatu, Dom Maur\u00edcio Grotto de Camargo. A ordena\u00e7\u00e3o presbiteral e a Primeira Missa, no dia 27, \u00e0s 10 horas, ser\u00e3o celebradas na Igreja Santo Ant\u00f4nio.<\/em><\/p>\n<p><img loading=\"lazy\" class=\"alignnone size-full wp-image-236996\" src=\"https:\/\/franciscanos.org.br\/noticias\/wp-content\/uploads\/2022\/03\/triduo_07.jpg\" alt=\"\" width=\"1244\" height=\"829\" srcset=\"https:\/\/franciscanos.org.br\/noticias\/wp-content\/uploads\/2022\/03\/triduo_07.jpg 1244w, https:\/\/franciscanos.org.br\/noticias\/wp-content\/uploads\/2022\/03\/triduo_07-450x300.jpg 450w, https:\/\/franciscanos.org.br\/noticias\/wp-content\/uploads\/2022\/03\/triduo_07-1024x682.jpg 1024w, https:\/\/franciscanos.org.br\/noticias\/wp-content\/uploads\/2022\/03\/triduo_07-768x512.jpg 768w, https:\/\/franciscanos.org.br\/noticias\/wp-content\/uploads\/2022\/03\/triduo_07-150x100.jpg 150w\" sizes=\"(max-width: 1244px) 100vw, 1244px\" \/><\/p>\n<p>Os fi\u00e9is receberam dois gravetos, imitando a passagem franciscana em que Francisco louva a Deus com apenas dois galhos como se carregasse o mais valioso violino do mundo! O jogral de Deus encontrou na simplicidade os mais valiosos ensinamentos divinos. E desse mesmo modo o povo de Deus foi levado a meditar o seu dia a dia, elevando a Deus os seus louvores, agradecimentos e pedidos.<\/p>\n<p>Ap\u00f3s a ora\u00e7\u00e3o da manh\u00e3, foi feita a divis\u00e3o dos trabalhos e os mission\u00e1rios puderam percorrer as ruas do centro de Macatuba, aben\u00e7oando os lares das fam\u00edlias, os estabelecimentos comerciais e ind\u00fastrias. Foram mais de 70 lugares visitados pelos religiosos nesse terceiro e \u00faltimo dia do tr\u00edduo, durante a manh\u00e3 e a tarde.<\/p>\n\n\t\t<style type=\"text\/css\">\n\t\t\t#gallery-1 {\n\t\t\t\tmargin: auto;\n\t\t\t}\n\t\t\t#gallery-1 .gallery-item {\n\t\t\t\tfloat: left;\n\t\t\t\tmargin-top: 10px;\n\t\t\t\ttext-align: center;\n\t\t\t\twidth: 33%;\n\t\t\t}\n\t\t\t#gallery-1 img {\n\t\t\t\tborder: 2px solid #cfcfcf;\n\t\t\t}\n\t\t\t#gallery-1 .gallery-caption {\n\t\t\t\tmargin-left: 0;\n\t\t\t}\n\t\t\t\/* see gallery_shortcode() in wp-includes\/media.php *\/\n\t\t<\/style>\n\t\t<div id='gallery-1' class='gallery galleryid-236994 gallery-columns-3 gallery-size-thumbnail'><dl class='gallery-item'>\n\t\t\t<dt class='gallery-icon landscape'>\n\t\t\t\t<a href='https:\/\/franciscanos.org.br\/noticias\/wp-content\/uploads\/2022\/03\/triduo_04.jpg'><img width=\"300\" height=\"300\" src=\"https:\/\/franciscanos.org.br\/noticias\/wp-content\/uploads\/2022\/03\/triduo_04-300x300.jpg\" class=\"attachment-thumbnail size-thumbnail\" alt=\"\" loading=\"lazy\" srcset=\"https:\/\/franciscanos.org.br\/noticias\/wp-content\/uploads\/2022\/03\/triduo_04-300x300.jpg 300w, https:\/\/franciscanos.org.br\/noticias\/wp-content\/uploads\/2022\/03\/triduo_04-100x100.jpg 100w\" sizes=\"(max-width: 300px) 100vw, 300px\" \/><\/a>\n\t\t\t<\/dt><\/dl><dl class='gallery-item'>\n\t\t\t<dt class='gallery-icon landscape'>\n\t\t\t\t<a href='https:\/\/franciscanos.org.br\/noticias\/wp-content\/uploads\/2022\/03\/triduo_05.jpg'><img width=\"300\" height=\"300\" src=\"https:\/\/franciscanos.org.br\/noticias\/wp-content\/uploads\/2022\/03\/triduo_05-300x300.jpg\" class=\"attachment-thumbnail size-thumbnail\" alt=\"\" loading=\"lazy\" srcset=\"https:\/\/franciscanos.org.br\/noticias\/wp-content\/uploads\/2022\/03\/triduo_05-300x300.jpg 300w, https:\/\/franciscanos.org.br\/noticias\/wp-content\/uploads\/2022\/03\/triduo_05-100x100.jpg 100w\" sizes=\"(max-width: 300px) 100vw, 300px\" \/><\/a>\n\t\t\t<\/dt><\/dl><dl class='gallery-item'>\n\t\t\t<dt class='gallery-icon landscape'>\n\t\t\t\t<a href='https:\/\/franciscanos.org.br\/noticias\/wp-content\/uploads\/2022\/03\/triduo_06.jpg'><img width=\"300\" height=\"300\" src=\"https:\/\/franciscanos.org.br\/noticias\/wp-content\/uploads\/2022\/03\/triduo_06-300x300.jpg\" class=\"attachment-thumbnail size-thumbnail\" alt=\"\" loading=\"lazy\" srcset=\"https:\/\/franciscanos.org.br\/noticias\/wp-content\/uploads\/2022\/03\/triduo_06-300x300.jpg 300w, https:\/\/franciscanos.org.br\/noticias\/wp-content\/uploads\/2022\/03\/triduo_06-100x100.jpg 100w\" sizes=\"(max-width: 300px) 100vw, 300px\" \/><\/a>\n\t\t\t<\/dt><\/dl><br style=\"clear: both\" \/>\n\t\t<\/div>\n\n<p><em>\u00a0 \u00a0 \u00a0 \u00a0(clique nas imagens para aument\u00e1-las)<\/em><\/p>\n<p>Na ora\u00e7\u00e3o da tarde, \u00e0s 18h30, preparada pelo Servi\u00e7o de Anima\u00e7\u00e3o Vocacional da Prov\u00edncia, Frei Gabriel Dellandrea deu uma t\u00f4nica especial \u00e0 Virgem de Nazar\u00e9, que deu o seu sim e acolheu em seu ventre o Verbo Divino. Trouxe para a reflex\u00e3o da assembleia a mensagem da consagra\u00e7\u00e3o realizada na tarde do mesmo dia pelo Papa Francisco em Roma. Cada fiel teve a oportunidade de depositar aos p\u00e9s de Maria uma flor, sinal de sua f\u00e9 e devo\u00e7\u00e3o \u00e0 Virgem do Sim.<\/p>\n<p>Antes da celebra\u00e7\u00e3o do terceiro dia do Tr\u00edduo, Frei Jhones foi revestido de seu h\u00e1bito franciscano, s\u00edmbolo de sua consagra\u00e7\u00e3o e entrega na Ordem dos Frades Menores. Mais uma vez o frade se p\u00f5e a servi\u00e7o a exemplo de Maria.<\/p>\n<p><img loading=\"lazy\" class=\"alignnone size-full wp-image-237000\" src=\"https:\/\/franciscanos.org.br\/noticias\/wp-content\/uploads\/2022\/03\/triduo_10.jpg\" alt=\"\" width=\"1244\" height=\"829\" srcset=\"https:\/\/franciscanos.org.br\/noticias\/wp-content\/uploads\/2022\/03\/triduo_10.jpg 1244w, https:\/\/franciscanos.org.br\/noticias\/wp-content\/uploads\/2022\/03\/triduo_10-450x300.jpg 450w, https:\/\/franciscanos.org.br\/noticias\/wp-content\/uploads\/2022\/03\/triduo_10-1024x682.jpg 1024w, https:\/\/franciscanos.org.br\/noticias\/wp-content\/uploads\/2022\/03\/triduo_10-768x512.jpg 768w, https:\/\/franciscanos.org.br\/noticias\/wp-content\/uploads\/2022\/03\/triduo_10-150x100.jpg 150w\" sizes=\"(max-width: 1244px) 100vw, 1244px\" \/><\/p>\n<p>\u00c0s 19h30, na Par\u00f3quia Santo Ant\u00f4nio de Macatuba, a celebra\u00e7\u00e3o foi presidida pelo p\u00e1roco, Padre Silvano, que agradeceu aos frades pela miss\u00e3o realizada em sua Par\u00f3quia! Frei Gabriel convidou a comunidade a refletir sobre qual seria a coisa mais preciosa que podemos ter e explicou porque \u00e9 o tempo. &#8220;A coisa mais preciosa que temos para n\u00f3s \u00e9 o tempo! Quando n\u00f3s passamos por diversas situa\u00e7\u00f5es das nossas vidas, n\u00f3s dar\u00edamos tudo para voltar no tempo!&#8221;.<\/p>\n<p>Diante dessa afirma\u00e7\u00e3o, Maria foi serva de Deus por ter se doada integralmente a Deus e, por esse motivo, torna-se modelo para todo crist\u00e3o. &#8220;A Ele [Deus] n\u00e3o oferecemos as migalhas do nosso tempo, mas o que temos de melhor!&#8221;. Frei Gabriel agradeceu o testemunho dado pela comunidade durante esses dias. &#8220;E n\u00f3s encontramos &#8216;sins&#8217; inspirados no &#8216;sim&#8217; de Maria, pessoas que durante esses dias de miss\u00e3o nos ajudaram a levar adiante o nosso carisma, a Palavra de Deus, esperan\u00e7a em tantas casas. N\u00f3s nos sentimos pequenos diante de tamanha generosidade, tamanha doa\u00e7\u00e3o! \u00c0queles que prepararam os nossos alimentos, que separam os locais a serem visitados, que nos acompanharam\u2026 e tantos outros servi\u00e7os! Voc\u00eas foram inspirados por Deus, fizeram o imposs\u00edvel no cuidado silencioso pelos mission\u00e1rios, voc\u00eas mant\u00eam vivo o<em> sim<\/em> de Maria!&#8221;<\/p>\n<p><img loading=\"lazy\" class=\"alignnone size-full wp-image-237001\" src=\"https:\/\/franciscanos.org.br\/noticias\/wp-content\/uploads\/2022\/03\/triduo_02.jpg\" alt=\"\" width=\"1200\" height=\"800\" srcset=\"https:\/\/franciscanos.org.br\/noticias\/wp-content\/uploads\/2022\/03\/triduo_02.jpg 1200w, https:\/\/franciscanos.org.br\/noticias\/wp-content\/uploads\/2022\/03\/triduo_02-450x300.jpg 450w, https:\/\/franciscanos.org.br\/noticias\/wp-content\/uploads\/2022\/03\/triduo_02-1024x683.jpg 1024w, https:\/\/franciscanos.org.br\/noticias\/wp-content\/uploads\/2022\/03\/triduo_02-768x512.jpg 768w, https:\/\/franciscanos.org.br\/noticias\/wp-content\/uploads\/2022\/03\/triduo_02-150x100.jpg 150w\" sizes=\"(max-width: 1200px) 100vw, 1200px\" \/><\/p>\n<p>Relembrando a passagem do Espelho da Perfei\u00e7\u00e3o, que medita sobre quais s\u00e3o as caracter\u00edsticas do frade perfeito, Frei Gabriel ainda convidou os frades e a irm\u00e3 que acompanhou a miss\u00e3o todos esses dias para que o testemunho de doa\u00e7\u00e3o vivido no meio do povo seja a maior visibilidade da vida religiosa assumida por Frei Jhones. S\u00e3o muitos frades que comp\u00f5em uma fraternidade, diferente entre si, com qualidades e defeitos diferentes.<\/p>\n<p><img loading=\"lazy\" class=\"alignnone size-full wp-image-237002\" src=\"https:\/\/franciscanos.org.br\/noticias\/wp-content\/uploads\/2022\/03\/triduo_01.jpg\" alt=\"\" width=\"1244\" height=\"829\" srcset=\"https:\/\/franciscanos.org.br\/noticias\/wp-content\/uploads\/2022\/03\/triduo_01.jpg 1244w, https:\/\/franciscanos.org.br\/noticias\/wp-content\/uploads\/2022\/03\/triduo_01-450x300.jpg 450w, https:\/\/franciscanos.org.br\/noticias\/wp-content\/uploads\/2022\/03\/triduo_01-1024x682.jpg 1024w, https:\/\/franciscanos.org.br\/noticias\/wp-content\/uploads\/2022\/03\/triduo_01-768x512.jpg 768w, https:\/\/franciscanos.org.br\/noticias\/wp-content\/uploads\/2022\/03\/triduo_01-150x100.jpg 150w\" sizes=\"(max-width: 1244px) 100vw, 1244px\" \/><\/p>\n<p>Ap\u00f3s a reflex\u00e3o, Frei Jhones leu a sua declara\u00e7\u00e3o de celibato e teve como testemunhas todos os religiosos que lhe acompanharam durante esses dias de miss\u00e3o e o povo de Deus. Ao assinar esse documento sobre o altar Frei Jhones se compromete a viver integralmente o seu minist\u00e9rio presbiteral com responsabilidade, abra\u00e7ando os seus direitos e deveres perante a Igreja, renovando o seu compromisso com os conselhos evang\u00e9licos.<\/p>\n<p><img loading=\"lazy\" class=\"alignnone size-full wp-image-237003\" src=\"https:\/\/franciscanos.org.br\/noticias\/wp-content\/uploads\/2022\/03\/triduo_03.jpg\" alt=\"\" width=\"1004\" height=\"669\" srcset=\"https:\/\/franciscanos.org.br\/noticias\/wp-content\/uploads\/2022\/03\/triduo_03.jpg 1004w, https:\/\/franciscanos.org.br\/noticias\/wp-content\/uploads\/2022\/03\/triduo_03-450x300.jpg 450w, https:\/\/franciscanos.org.br\/noticias\/wp-content\/uploads\/2022\/03\/triduo_03-768x512.jpg 768w, https:\/\/franciscanos.org.br\/noticias\/wp-content\/uploads\/2022\/03\/triduo_03-150x100.jpg 150w\" sizes=\"(max-width: 1004px) 100vw, 1004px\" \/><\/p>\n<p>Ao fim da celebra\u00e7\u00e3o foram feitos os \u00faltimos agradecimentos aos mission\u00e1rios e as comunidades de Macatuba que acolheram os religiosos de maneira generosa.<\/p>\n<hr \/>\n<p><em>Frei Gilberto Silveira da Costa Junior (texto) e Frei Roger Strapazzon (Fotos)<\/em><\/p>\n<p>&nbsp;<\/p>\n","protected":false},"excerpt":{"rendered":"<p>Ordena\u00e7\u00e3o Presbiteral de Frei Jhones Martins<\/p>\n","protected":false},"author":3,"featured_media":236995,"comment_status":"open","ping_status":"open","sticky":false,"template":"","format":"standard","meta":[],"categories":[1],"tags":[157],"acf":[],"yoast_head":"<!-- This site is optimized with the Yoast SEO plugin v19.2 - https:\/\/yoast.com\/wordpress\/plugins\/seo\/ -->\n<title>Ordena\u00e7\u00e3o Presbiteral: Frei Jhones renova os conselhos evang\u00e9licos no terceiro dia do Tr\u00edduo - Not\u00edcias - Franciscanos<\/title>\n<meta name=\"robots\" content=\"index, follow, max-snippet:-1, max-image-preview:large, max-video-preview:-1\" \/>\n<link rel=\"canonical\" href=\"https:\/\/franciscanos.org.br\/noticias\/ordenacao-presbiteral-frei-jhones-renova-os-conselhos-evangelicos-no-terceiro-dia-do-triduo.html\" \/>\n<meta property=\"og:locale\" content=\"pt_BR\" \/>\n<meta property=\"og:type\" content=\"article\" \/>\n<meta property=\"og:title\" content=\"Ordena\u00e7\u00e3o Presbiteral: Frei Jhones renova os conselhos evang\u00e9licos no terceiro dia do Tr\u00edduo - Not\u00edcias - Franciscanos\" \/>\n<meta property=\"og:description\" content=\"Ordena\u00e7\u00e3o Presbiteral de Frei Jhones Martins\" \/>\n<meta property=\"og:url\" content=\"https:\/\/franciscanos.org.br\/noticias\/ordenacao-presbiteral-frei-jhones-renova-os-conselhos-evangelicos-no-terceiro-dia-do-triduo.html\" \/>\n<meta property=\"og:site_name\" content=\"Not\u00edcias - Franciscanos\" \/>\n<meta property=\"article:published_time\" content=\"2022-03-26T09:11:37+00:00\" \/>\n<meta property=\"og:image\" content=\"https:\/\/franciscanos.org.br\/noticias\/wp-content\/uploads\/2022\/03\/triduo_09.jpg\" \/>\n\t<meta property=\"og:image:width\" content=\"1112\" \/>\n\t<meta property=\"og:image:height\" content=\"741\" \/>\n\t<meta property=\"og:image:type\" content=\"image\/jpeg\" \/>\n<meta name=\"author\" content=\"moacir\" \/>\n<meta name=\"twitter:card\" content=\"summary_large_image\" \/>\n<meta name=\"twitter:label1\" content=\"Escrito por\" \/>\n\t<meta name=\"twitter:data1\" content=\"moacir\" \/>\n\t<meta name=\"twitter:label2\" content=\"Est. tempo de leitura\" \/>\n\t<meta name=\"twitter:data2\" content=\"4 minutos\" \/>\n<script type=\"application\/ld+json\" class=\"yoast-schema-graph\">{\"@context\":\"https:\/\/schema.org\",\"@graph\":[{\"@type\":\"WebSite\",\"@id\":\"https:\/\/franciscanos.org.br\/noticias\/#website\",\"url\":\"https:\/\/franciscanos.org.br\/noticias\/\",\"name\":\"Not\u00edcias - Franciscanos\",\"description\":\"Prov\u00edncia Franciscana da Imaculada Concei\u00e7\u00e3o do Brasil - Ordem dos Frades Menores - OFM\",\"potentialAction\":[{\"@type\":\"SearchAction\",\"target\":{\"@type\":\"EntryPoint\",\"urlTemplate\":\"https:\/\/franciscanos.org.br\/noticias\/?s={search_term_string}\"},\"query-input\":\"required name=search_term_string\"}],\"inLanguage\":\"pt-BR\"},{\"@type\":\"ImageObject\",\"inLanguage\":\"pt-BR\",\"@id\":\"https:\/\/franciscanos.org.br\/noticias\/ordenacao-presbiteral-frei-jhones-renova-os-conselhos-evangelicos-no-terceiro-dia-do-triduo.html#primaryimage\",\"url\":\"https:\/\/franciscanos.org.br\/noticias\/wp-content\/uploads\/2022\/03\/triduo_09.jpg\",\"contentUrl\":\"https:\/\/franciscanos.org.br\/noticias\/wp-content\/uploads\/2022\/03\/triduo_09.jpg\",\"width\":1112,\"height\":741},{\"@type\":\"WebPage\",\"@id\":\"https:\/\/franciscanos.org.br\/noticias\/ordenacao-presbiteral-frei-jhones-renova-os-conselhos-evangelicos-no-terceiro-dia-do-triduo.html#webpage\",\"url\":\"https:\/\/franciscanos.org.br\/noticias\/ordenacao-presbiteral-frei-jhones-renova-os-conselhos-evangelicos-no-terceiro-dia-do-triduo.html\",\"name\":\"Ordena\u00e7\u00e3o Presbiteral: Frei Jhones renova os conselhos evang\u00e9licos no terceiro dia do Tr\u00edduo - Not\u00edcias - Franciscanos\",\"isPartOf\":{\"@id\":\"https:\/\/franciscanos.org.br\/noticias\/#website\"},\"primaryImageOfPage\":{\"@id\":\"https:\/\/franciscanos.org.br\/noticias\/ordenacao-presbiteral-frei-jhones-renova-os-conselhos-evangelicos-no-terceiro-dia-do-triduo.html#primaryimage\"},\"datePublished\":\"2022-03-26T09:11:37+00:00\",\"dateModified\":\"2022-03-26T09:11:37+00:00\",\"author\":{\"@id\":\"https:\/\/franciscanos.org.br\/noticias\/#\/schema\/person\/b5c8cba458c330ccff548b056e95a5d4\"},\"breadcrumb\":{\"@id\":\"https:\/\/franciscanos.org.br\/noticias\/ordenacao-presbiteral-frei-jhones-renova-os-conselhos-evangelicos-no-terceiro-dia-do-triduo.html#breadcrumb\"},\"inLanguage\":\"pt-BR\",\"potentialAction\":[{\"@type\":\"ReadAction\",\"target\":[\"https:\/\/franciscanos.org.br\/noticias\/ordenacao-presbiteral-frei-jhones-renova-os-conselhos-evangelicos-no-terceiro-dia-do-triduo.html\"]}]},{\"@type\":\"BreadcrumbList\",\"@id\":\"https:\/\/franciscanos.org.br\/noticias\/ordenacao-presbiteral-frei-jhones-renova-os-conselhos-evangelicos-no-terceiro-dia-do-triduo.html#breadcrumb\",\"itemListElement\":[{\"@type\":\"ListItem\",\"position\":1,\"name\":\"Home\",\"item\":\"https:\/\/franciscanos.org.br\/noticias\"},{\"@type\":\"ListItem\",\"position\":2,\"name\":\"Ordena\u00e7\u00e3o Presbiteral: Frei Jhones renova os conselhos evang\u00e9licos no terceiro dia do Tr\u00edduo\"}]},{\"@type\":\"Person\",\"@id\":\"https:\/\/franciscanos.org.br\/noticias\/#\/schema\/person\/b5c8cba458c330ccff548b056e95a5d4\",\"name\":\"moacir\",\"image\":{\"@type\":\"ImageObject\",\"inLanguage\":\"pt-BR\",\"@id\":\"https:\/\/franciscanos.org.br\/noticias\/#\/schema\/person\/image\/\",\"url\":\"https:\/\/secure.gravatar.com\/avatar\/d08aa2ce4c8dd416d4479aa8536fcf64?s=96&d=mm&r=g\",\"contentUrl\":\"https:\/\/secure.gravatar.com\/avatar\/d08aa2ce4c8dd416d4479aa8536fcf64?s=96&d=mm&r=g\",\"caption\":\"moacir\"},\"url\":\"https:\/\/franciscanos.org.br\/noticias\/author\/moacir\"}]}<\/script>\n<!-- \/ Yoast SEO plugin. -->","yoast_head_json":{"title":"Ordena\u00e7\u00e3o Presbiteral: Frei Jhones renova os conselhos evang\u00e9licos no terceiro dia do Tr\u00edduo - Not\u00edcias - Franciscanos","robots":{"index":"index","follow":"follow","max-snippet":"max-snippet:-1","max-image-preview":"max-image-preview:large","max-video-preview":"max-video-preview:-1"},"canonical":"https:\/\/franciscanos.org.br\/noticias\/ordenacao-presbiteral-frei-jhones-renova-os-conselhos-evangelicos-no-terceiro-dia-do-triduo.html","og_locale":"pt_BR","og_type":"article","og_title":"Ordena\u00e7\u00e3o Presbiteral: Frei Jhones renova os conselhos evang\u00e9licos no terceiro dia do Tr\u00edduo - Not\u00edcias - Franciscanos","og_description":"Ordena\u00e7\u00e3o Presbiteral de Frei Jhones Martins","og_url":"https:\/\/franciscanos.org.br\/noticias\/ordenacao-presbiteral-frei-jhones-renova-os-conselhos-evangelicos-no-terceiro-dia-do-triduo.html","og_site_name":"Not\u00edcias - Franciscanos","article_published_time":"2022-03-26T09:11:37+00:00","og_image":[{"width":1112,"height":741,"url":"https:\/\/franciscanos.org.br\/noticias\/wp-content\/uploads\/2022\/03\/triduo_09.jpg","type":"image\/jpeg"}],"author":"moacir","twitter_card":"summary_large_image","twitter_misc":{"Escrito por":"moacir","Est. tempo de leitura":"4 minutos"},"schema":{"@context":"https:\/\/schema.org","@graph":[{"@type":"WebSite","@id":"https:\/\/franciscanos.org.br\/noticias\/#website","url":"https:\/\/franciscanos.org.br\/noticias\/","name":"Not\u00edcias - Franciscanos","description":"Prov\u00edncia Franciscana da Imaculada Concei\u00e7\u00e3o do Brasil - Ordem dos Frades Menores - OFM","potentialAction":[{"@type":"SearchAction","target":{"@type":"EntryPoint","urlTemplate":"https:\/\/franciscanos.org.br\/noticias\/?s={search_term_string}"},"query-input":"required name=search_term_string"}],"inLanguage":"pt-BR"},{"@type":"ImageObject","inLanguage":"pt-BR","@id":"https:\/\/franciscanos.org.br\/noticias\/ordenacao-presbiteral-frei-jhones-renova-os-conselhos-evangelicos-no-terceiro-dia-do-triduo.html#primaryimage","url":"https:\/\/franciscanos.org.br\/noticias\/wp-content\/uploads\/2022\/03\/triduo_09.jpg","contentUrl":"https:\/\/franciscanos.org.br\/noticias\/wp-content\/uploads\/2022\/03\/triduo_09.jpg","width":1112,"height":741},{"@type":"WebPage","@id":"https:\/\/franciscanos.org.br\/noticias\/ordenacao-presbiteral-frei-jhones-renova-os-conselhos-evangelicos-no-terceiro-dia-do-triduo.html#webpage","url":"https:\/\/franciscanos.org.br\/noticias\/ordenacao-presbiteral-frei-jhones-renova-os-conselhos-evangelicos-no-terceiro-dia-do-triduo.html","name":"Ordena\u00e7\u00e3o Presbiteral: Frei Jhones renova os conselhos evang\u00e9licos no terceiro dia do Tr\u00edduo - Not\u00edcias - Franciscanos","isPartOf":{"@id":"https:\/\/franciscanos.org.br\/noticias\/#website"},"primaryImageOfPage":{"@id":"https:\/\/franciscanos.org.br\/noticias\/ordenacao-presbiteral-frei-jhones-renova-os-conselhos-evangelicos-no-terceiro-dia-do-triduo.html#primaryimage"},"datePublished":"2022-03-26T09:11:37+00:00","dateModified":"2022-03-26T09:11:37+00:00","author":{"@id":"https:\/\/franciscanos.org.br\/noticias\/#\/schema\/person\/b5c8cba458c330ccff548b056e95a5d4"},"breadcrumb":{"@id":"https:\/\/franciscanos.org.br\/noticias\/ordenacao-presbiteral-frei-jhones-renova-os-conselhos-evangelicos-no-terceiro-dia-do-triduo.html#breadcrumb"},"inLanguage":"pt-BR","potentialAction":[{"@type":"ReadAction","target":["https:\/\/franciscanos.org.br\/noticias\/ordenacao-presbiteral-frei-jhones-renova-os-conselhos-evangelicos-no-terceiro-dia-do-triduo.html"]}]},{"@type":"BreadcrumbList","@id":"https:\/\/franciscanos.org.br\/noticias\/ordenacao-presbiteral-frei-jhones-renova-os-conselhos-evangelicos-no-terceiro-dia-do-triduo.html#breadcrumb","itemListElement":[{"@type":"ListItem","position":1,"name":"Home","item":"https:\/\/franciscanos.org.br\/noticias"},{"@type":"ListItem","position":2,"name":"Ordena\u00e7\u00e3o Presbiteral: Frei Jhones renova os conselhos evang\u00e9licos no terceiro dia do Tr\u00edduo"}]},{"@type":"Person","@id":"https:\/\/franciscanos.org.br\/noticias\/#\/schema\/person\/b5c8cba458c330ccff548b056e95a5d4","name":"moacir","image":{"@type":"ImageObject","inLanguage":"pt-BR","@id":"https:\/\/franciscanos.org.br\/noticias\/#\/schema\/person\/image\/","url":"https:\/\/secure.gravatar.com\/avatar\/d08aa2ce4c8dd416d4479aa8536fcf64?s=96&d=mm&r=g","contentUrl":"https:\/\/secure.gravatar.com\/avatar\/d08aa2ce4c8dd416d4479aa8536fcf64?s=96&d=mm&r=g","caption":"moacir"},"url":"https:\/\/franciscanos.org.br\/noticias\/author\/moacir"}]}},"_links":{"self":[{"href":"https:\/\/franciscanos.org.br\/noticias\/wp-json\/wp\/v2\/posts\/236994"}],"collection":[{"href":"https:\/\/franciscanos.org.br\/noticias\/wp-json\/wp\/v2\/posts"}],"about":[{"href":"https:\/\/franciscanos.org.br\/noticias\/wp-json\/wp\/v2\/types\/post"}],"author":[{"embeddable":true,"href":"https:\/\/franciscanos.org.br\/noticias\/wp-json\/wp\/v2\/users\/3"}],"replies":[{"embeddable":true,"href":"https:\/\/franciscanos.org.br\/noticias\/wp-json\/wp\/v2\/comments?post=236994"}],"version-history":[{"count":1,"href":"https:\/\/franciscanos.org.br\/noticias\/wp-json\/wp\/v2\/posts\/236994\/revisions"}],"predecessor-version":[{"id":237004,"href":"https:\/\/franciscanos.org.br\/noticias\/wp-json\/wp\/v2\/posts\/236994\/revisions\/237004"}],"wp:featuredmedia":[{"embeddable":true,"href":"https:\/\/franciscanos.org.br\/noticias\/wp-json\/wp\/v2\/media\/236995"}],"wp:attachment":[{"href":"https:\/\/franciscanos.org.br\/noticias\/wp-json\/wp\/v2\/media?parent=236994"}],"wp:term":[{"taxonomy":"category","embeddable":true,"href":"https:\/\/franciscanos.org.br\/noticias\/wp-json\/wp\/v2\/categories?post=236994"},{"taxonomy":"post_tag","embeddable":true,"href":"https:\/\/franciscanos.org.br\/noticias\/wp-json\/wp\/v2\/tags?post=236994"}],"curies":[{"name":"wp","href":"https:\/\/api.w.org\/{rel}","templated":true}]}}