{"id":236976,"date":"2022-03-25T05:56:32","date_gmt":"2022-03-25T08:56:32","guid":{"rendered":"https:\/\/franciscanos.org.br\/noticias\/?p=236976"},"modified":"2022-03-26T06:19:24","modified_gmt":"2022-03-26T09:19:24","slug":"a-oracao-do-papa-na-consagracao-da-russia-e-da-ucrania-a-maria","status":"publish","type":"post","link":"https:\/\/franciscanos.org.br\/noticias\/a-oracao-do-papa-na-consagracao-da-russia-e-da-ucrania-a-maria.html","title":{"rendered":"Papa a Nossa Senhora: que cesse esta &#8220;guerra cruel e insensata que amea\u00e7a o mundo&#8221;"},"content":{"rendered":"<p>&nbsp;<\/p>\n<p><img loading=\"lazy\" class=\"alignnone size-full wp-image-237005\" src=\"https:\/\/franciscanos.org.br\/noticias\/wp-content\/uploads\/2022\/03\/consagra_26.jpg\" alt=\"\" width=\"890\" height=\"593\" srcset=\"https:\/\/franciscanos.org.br\/noticias\/wp-content\/uploads\/2022\/03\/consagra_26.jpg 890w, https:\/\/franciscanos.org.br\/noticias\/wp-content\/uploads\/2022\/03\/consagra_26-450x300.jpg 450w, https:\/\/franciscanos.org.br\/noticias\/wp-content\/uploads\/2022\/03\/consagra_26-768x512.jpg 768w, https:\/\/franciscanos.org.br\/noticias\/wp-content\/uploads\/2022\/03\/consagra_26-150x100.jpg 150w\" sizes=\"(max-width: 890px) 100vw, 890px\" \/><\/p>\n<p>Francisco presidiu a celebra\u00e7\u00e3o penitencial na Bas\u00edlica de S\u00e3o Pedro, no final da qual recitou a ora\u00e7\u00e3o de Consagra\u00e7\u00e3o da humanidade a Nossa Senhora, em particular a R\u00fassia e a Ucr\u00e2nia. As Igrejas no mundo unidas ao Papa.<br \/>\nVatican News<\/p>\n<p>O Papa Francisco presidiu a Celebra\u00e7\u00e3o da Penit\u00eancia com o Ato de Consagra\u00e7\u00e3o ao Imaculado Cora\u00e7\u00e3o de Maria, na Bas\u00edlica de S\u00e3o Pedro, na tarde desta sexta-feira (25\/03), Solenidade da Anuncia\u00e7\u00e3o do Senhor.<\/p>\n<p>O Anjo Gabriel toma a palavra por tr\u00eas vezes para se dirigir \u00e0 Virgem Maria. &#8220;A primeira vez, quando a sa\u00fada com estas palavras: \u00abAlegra-Te, \u00f3 cheia de gra\u00e7a: o Senhor est\u00e1 contigo\u00bb. O motivo para rejubilar, o motivo da alegria, \u00e9 desvendado em poucas palavras: o Senhor est\u00e1 contigo&#8221;, disse o Papa em sua homilia.<\/p>\n<p>Segundo Francisco, &#8220;muitas vezes pensamos que a Confiss\u00e3o consiste em ir de cabe\u00e7a inclinada ao encontro de Deus. Mas voltar para o Senhor n\u00e3o \u00e9 primariamente obra nossa; \u00e9 Ele que nos vem visitar, cumular da sua gra\u00e7a, alegrar com o seu j\u00fabilo. Confessar-se \u00e9 dar ao Pai a alegria de nos levantar de novo. No centro daquilo que vamos viver, n\u00e3o est\u00e3o os nossos pecados, mas o seu perd\u00e3o&#8221;.<\/p>\n<p>Restituamos \u00e0 gra\u00e7a o primado e pe\u00e7amos o dom de compreender que a Reconcilia\u00e7\u00e3o consiste antes de tudo, n\u00e3o num passo nosso para Deus, mas no seu abra\u00e7o que nos envolve, deslumbra, comove. \u00c9 o Senhor que entra em nossa casa, como na de Maria em Nazar\u00e9, e traz um deslumbramento e uma alegria antes desconhecidos. Como primeiro plano foquemos a perspectiva em Deus: voltaremos a gostar da Confiss\u00e3o. Precisamos dela, porque cada renascimento interior, cada viragem espiritual come\u00e7a daqui, do perd\u00e3o de Deus. N\u00e3o negligenciemos a Reconcilia\u00e7\u00e3o, mas voltemos a descobri-la como o sacramento da alegria. Sem qualquer rigidez, sem criar obst\u00e1culos nem inc\u00f4modos; portas abertas \u00e0 miseric\u00f3rdia!<\/p>\n<p>A segunda vez que o Anjo fala a Maria, perturbada com a sauda\u00e7\u00e3o recebida, \u00e9 para Lhe dizer: \u00abN\u00e3o temas\u00bb. Segundo Francisco, &#8220;na Sagrada Escritura, quando Deus aparece, gosta de dirigir estas duas palavras a quem O acolhe: n\u00e3o temas. Deste modo transmite-nos uma mensagem clara e reconfortante: sempre que a vida se abre a Deus, o medo deixa de ter-nos como ref\u00e9ns. A Virgem Maria nos acompanha: Ela mesma deixou a sua perturba\u00e7\u00e3o em Deus. O an\u00fancio do Anjo dava-Lhe raz\u00f5es s\u00e9rias para n\u00e3o temer. Propunha-Lhe algo de inimagin\u00e1vel, que estava para al\u00e9m das suas for\u00e7as e, sozinha, n\u00e3o poderia lev\u00e1-lo para diante: haveria muitas dificuldades, problemas com a lei mosaica, com Jos\u00e9, com as pessoas da sua terra e do seu povo. Mas Maria n\u00e3o levanta obje\u00e7\u00f5es. Basta-Lhe aquele n\u00e3o temas, basta-Lhe a garantia de Deus. Agarra-Se a Ele, como queremos n\u00f3s fazer esta noite. Porque muitas vezes fazemos o contr\u00e1rio: partimos das nossas certezas e, s\u00f3 quando as perdemos, \u00e9 que vamos ter com Deus. Nossa Senhora ensina-nos o contr\u00e1rio: partir de Deus, com a confian\u00e7a de que, assim, tudo o mais nos ser\u00e1 dado. Convida-nos a ir \u00e0 fonte, ao Senhor, que \u00e9 o rem\u00e9dio radical contra o medo e os perigos da exist\u00eancia&#8221;.<\/p>\n<p>Nestes dias, not\u00edcias e imagens de morte continuam entrando dentro de nossas casas, enquanto as bombas destroem as casas de muitos dos nossos irm\u00e3os e irm\u00e3s ucranianos inermes. A guerra brutal, que se abateu sobre tantos e que a todos faz sofrer, provoca em cada um medo e consterna\u00e7\u00e3o. Notamos dentro de n\u00f3s uma sensa\u00e7\u00e3o de impot\u00eancia e inadequa\u00e7\u00e3o. Precisamos ouvir dizer-nos: \u00abn\u00e3o temas\u00bb. Mas n\u00e3o bastam as garantias humanas, \u00e9 necess\u00e1ria a presen\u00e7a de Deus, a certeza do perd\u00e3o divino, o \u00fanico que apaga o mal, desativa o rancor, restitui a paz ao cora\u00e7\u00e3o. Voltemos a Deus, ao seu perd\u00e3o.<\/p>\n<p>Pela terceira vez, o Anjo retoma a palavra, para dizer a Nossa Senhora: \u00abO Esp\u00edrito Santo vir\u00e1 sobre Ti\u00bb. &#8220;\u00c9 assim que Deus interv\u00e9m na hist\u00f3ria: dando o seu pr\u00f3prio Esp\u00edrito. Porque nas coisas que contam, n\u00e3o bastam as nossas for\u00e7as. Por n\u00f3s sozinhos somos incapazes de resolver as contradi\u00e7\u00f5es da hist\u00f3ria ou mesmo as do nosso cora\u00e7\u00e3o. Precisamos da for\u00e7a sapiente e suave de Deus, que \u00e9 o Esp\u00edrito Santo. Precisamos do Esp\u00edrito de amor, que dissolve o \u00f3dio, apaga o rancor, extingue a gan\u00e2ncia, desperta-nos da indiferen\u00e7a. Precisamos do amor de Deus, porque o nosso amor \u00e9 prec\u00e1rio e insuficiente. Pedimos tantas coisas ao Senhor, mas muitas vezes esquecemo-nos de Lhe pedir o que \u00e9 mais importante e que Ele nos deseja dar: o Esp\u00edrito Santo, a for\u00e7a para amar&#8221;, frisou o Papa.<\/p>\n<p>Segundo Francisco, &#8220;se quisermos que mude o mundo, tem de mudar primeiro o nosso cora\u00e7\u00e3o. Para o conseguirmos, deixemos hoje que Nossa Senhora nos leve pela m\u00e3o. Olhemos para o seu Imaculado Cora\u00e7\u00e3o, onde Deus descansou, para o \u00fanico Cora\u00e7\u00e3o de criatura humana sem sombras. Ela \u00e9 \u00abcheia de gra\u00e7a\u00bb e, portanto, vazia de pecado: n\u2019Ela n\u00e3o h\u00e1 vest\u00edgios de mal e, assim, com Ela Deus p\u00f4de iniciar uma hist\u00f3ria nova de salva\u00e7\u00e3o e de paz. Naquele ponto, a hist\u00f3ria deu uma virada. Deus mudou a hist\u00f3ria, batendo \u00e0 porta do Cora\u00e7\u00e3o de Maria&#8221;.<\/p>\n<p>E hoje tamb\u00e9m n\u00f3s, renovados pelo perd\u00e3o de Deus, batemos \u00e0 porta daquele Cora\u00e7\u00e3o. Em uni\u00e3o com os Bispos e os fi\u00e9is do mundo inteiro, desejo solenemente levar ao Imaculado Cora\u00e7\u00e3o de Maria tudo o que estamos vivendo: renovar-Lhe a consagra\u00e7\u00e3o da Igreja e da humanidade inteira e consagrar-Lhe de modo particular o povo ucraniano e o povo russo, que, com afeto filial, a veneram como M\u00e3e. N\u00e3o se trata duma f\u00f3rmula m\u00e1gica, mas dum ato espiritual. \u00c9 o gesto da entrega plena dos filhos que, na tribula\u00e7\u00e3o desta guerra cruel e insensata que amea\u00e7a o mundo, recorrem \u00e0 M\u00e3e, lan\u00e7ando no seu Cora\u00e7\u00e3o medo e sofrimento, entregando-se a si mesmos. \u00c9 colocar naquele Cora\u00e7\u00e3o l\u00edmpido, incontaminado, onde Deus se espelha, os bens preciosos da fraternidade e da paz, tudo o temos e somos, para que seja Ela \u2013 a M\u00e3e que o Senhor nos deu \u2013 a proteger-nos e guardar-nos.<\/p>\n<p>Dos l\u00e1bios de Maria brotou a frase mais bela que o Anjo pudesse referir a Deus: \u00abFa\u00e7a-se em Mim segundo a tua palavra\u00bb. &#8220;Esta aceita\u00e7\u00e3o por parte de Nossa Senhora n\u00e3o \u00e9 uma aceita\u00e7\u00e3o passiva nem resignada, mas o desejo vivo de aderir a Deus, que tem \u00abdes\u00edgnios de paz e n\u00e3o de desgra\u00e7a\u00bb. \u00c9 a participa\u00e7\u00e3o mais \u00edntima no seu plano de paz para o mundo. Consagramo-nos a Maria para entrar neste plano, para nos colocarmos \u00e0 inteira disposi\u00e7\u00e3o dos des\u00edgnios de Deus. A M\u00e3e de Deus, depois de ter dito o seu sim, empreendeu uma longa viagem subindo at\u00e9 uma regi\u00e3o montanhosa para visitar a prima gr\u00e1vida. Hoje, que Ela tome pela m\u00e3o o nosso caminho e o guie, atrav\u00e9s das veredas \u00edngremes e cansativas da fraternidade e do di\u00e1logo, pela senda da paz&#8221;, concluiu o Papa.<\/p>\n<p>A ora\u00e7\u00e3o do ato de consagra\u00e7\u00e3o<br \/>\nAo final da da liturgia penitencial na Bas\u00edlica de S\u00e3o Pedro, o Papa pronuncia a seguinte ora\u00e7\u00e3o para consagrar e confiar a humanidade, e especialmente a R\u00fassia e a Ucr\u00e2nia, ao Imaculado Cora\u00e7\u00e3o de Maria:<br \/>\n&#8220;\u00d3 Maria, M\u00e3e de Deus e nossa M\u00e3e, recorremos a V\u00f3s nesta hora de tribula\u00e7\u00e3o. V\u00f3s sois M\u00e3e, amais-nos e conheceis-nos: de quanto temos no cora\u00e7\u00e3o, nada Vos \u00e9 oculto. M\u00e3e de miseric\u00f3rdia, muitas vezes experimentamos a vossa ternura providente, a vossa presen\u00e7a que faz voltar a paz, porque sempre nos guiais para Jesus, Pr\u00edncipe da paz.<\/p>\n<p>Mas perdemos o caminho da paz. Esquecemos a li\u00e7\u00e3o das trag\u00e9dias do s\u00e9culo passado, o sacrif\u00edcio de milh\u00f5es de mortos nas guerras mundiais. Descuidamos os compromissos assumidos como Comunidade das Na\u00e7\u00f5es e estamos a atrai\u00e7oar os sonhos de paz dos povos e as esperan\u00e7as dos jovens. Adoecemos de gan\u00e2ncia, fechamo-nos em interesses nacionalistas, deixamo-nos ressequir pela indiferen\u00e7a e paralisar pelo ego\u00edsmo. Preferimos ignorar Deus, conviver com as nossas falsidades, alimentar a agressividade, suprimir vidas e acumular armas, esquecendo-nos que somos guardi\u00f5es do nosso pr\u00f3ximo e da pr\u00f3pria casa comum. Dilaceramos com a guerra o jardim da Terra, ferimos com o pecado o cora\u00e7\u00e3o do nosso Pai, que nos quer irm\u00e3os e irm\u00e3s. Tornamo-nos indiferentes a todos e a tudo, exceto a n\u00f3s mesmos. E, com vergonha, dizemos: perdoai-nos, Senhor!<\/p>\n<p>Na mis\u00e9ria do pecado, das nossas fadigas e fragilidades, no mist\u00e9rio de iniquidade do mal e da guerra, V\u00f3s, M\u00e3e Santa, lembrai-nos que Deus n\u00e3o nos abandona, mas continua a olhar-nos com amor, desejoso de nos perdoar e levantar novamente. Foi Ele que Vos deu a n\u00f3s e colocou no vosso Imaculado Cora\u00e7\u00e3o um ref\u00fagio para a Igreja e para a humanidade. Por bondade divina, estais connosco e conduzis-nos com ternura mesmo nos transes mais apertados da hist\u00f3ria.<\/p>\n<p>Por isso recorremos a V\u00f3s, batemos \u00e0 porta do vosso Cora\u00e7\u00e3o, n\u00f3s os vossos queridos filhos que n\u00e3o Vos cansais de visitar em todo o tempo e convidar \u00e0 convers\u00e3o. Nesta hora escura, vinde socorrer-nos e consolar-nos. Repeti a cada um de n\u00f3s: \u00abN\u00e3o estou porventura aqui Eu, que sou tua m\u00e3e?\u00bb V\u00f3s sabeis como desfazer os emaranhados do nosso cora\u00e7\u00e3o e desatar os n\u00f3s do nosso tempo. Repomos a nossa confian\u00e7a em V\u00f3s. Temos a certeza de que V\u00f3s, especialmente no momento da prova, n\u00e3o desprezais as nossas s\u00faplicas e vindes em nosso aux\u00edlio.<\/p>\n<p>Assim fizestes em Can\u00e1 da Galileia, quando apressastes a hora da interven\u00e7\u00e3o de Jesus e introduzistes no mundo o seu primeiro sinal. Quando a festa se mudara em tristeza, dissestes-Lhe: \u00abN\u00e3o t\u00eam vinho!\u00bb (Jo 2, 3). \u00d3 M\u00e3e, repeti-o mais uma vez a Deus, porque hoje esgotamos o vinho da esperan\u00e7a, desvaneceu-se a alegria, diluiu-se a fraternidade. Perdemos a humanidade, malbaratamos a paz. Tornamo-nos capazes de toda a viol\u00eancia e destrui\u00e7\u00e3o. Temos necessidade urgente da vossa interven\u00e7\u00e3o materna.<\/p>\n<p>Por isso acolhei, \u00f3 M\u00e3e, esta nossa s\u00faplica:<\/p>\n<p>V\u00f3s, estrela do mar, n\u00e3o nos deixeis naufragar na tempestade da guerra;<\/p>\n<p>V\u00f3s, arca da nova alian\u00e7a, inspirai projetos e caminhos de reconcilia\u00e7\u00e3o;<\/p>\n<p>V\u00f3s, \u00abterra do C\u00e9u\u00bb, trazei de volta ao mundo a conc\u00f3rdia de Deus;<\/p>\n<p>Apagai o \u00f3dio, acalmai a vingan\u00e7a, ensinai-nos o perd\u00e3o;<\/p>\n<p>Libertai-nos da guerra, preservai o mundo da amea\u00e7a nuclear;<\/p>\n<p>Rainha do Ros\u00e1rio, despertai em n\u00f3s a necessidade de rezar e amar;<\/p>\n<p>Rainha da fam\u00edlia humana, mostrai aos povos o caminho da fraternidade;<\/p>\n<p>Rainha da paz, alcan\u00e7ai a paz para o mundo.<\/p>\n<p>O vosso pranto, \u00f3 M\u00e3e, comova os nossos cora\u00e7\u00f5es endurecidos. As l\u00e1grimas, que por n\u00f3s derramastes, fa\u00e7am reflorescer este vale que o nosso \u00f3dio secou. E, enquanto o rumor das armas n\u00e3o se cala, que a vossa ora\u00e7\u00e3o nos predisponha para a paz. As vossas m\u00e3os maternas acariciem quantos sofrem e fogem sob o peso das bombas. O vosso abra\u00e7o materno console quantos s\u00e3o obrigados a deixar as suas casas e o seu pa\u00eds. Que o vosso doloroso Cora\u00e7\u00e3o nos mova \u00e0 compaix\u00e3o e estimule a abrir as portas e cuidar da humanidade ferida e descartada.<\/p>\n<p>Santa M\u00e3e de Deus, enquanto est\u00e1veis ao p\u00e9 da cruz, Jesus, ao ver o disc\u00edpulo junto de V\u00f3s, disse-Vos: \u00abEis o teu filho!\u00bb (Jo 19, 26). Assim Vos confiou cada um de n\u00f3s. Depois disse ao disc\u00edpulo, a cada um de n\u00f3s: \u00abEis a tua m\u00e3e!\u00bb (19, 27). M\u00e3e, agora queremos acolher-Vos na nossa vida e na nossa hist\u00f3ria. Nesta hora, a humanidade, exausta e transtornada, est\u00e1 ao p\u00e9 da cruz convosco. E tem necessidade de se confiar a V\u00f3s, de se consagrar a Cristo por vosso interm\u00e9dio. O povo ucraniano e o povo russo, que Vos veneram com amor, recorrem a V\u00f3s, enquanto o vosso Cora\u00e7\u00e3o palpita por eles e por todos os povos ceifados pela guerra, a fome, a injusti\u00e7a e a mis\u00e9ria.<\/p>\n<p>Por isso n\u00f3s, \u00f3 M\u00e3e de Deus e nossa, solenemente confiamos e consagramos ao vosso Imaculado Cora\u00e7\u00e3o n\u00f3s mesmos, a Igreja e a humanidade inteira, de modo especial a R\u00fassia e a Ucr\u00e2nia. Acolhei este nosso ato que realizamos com confian\u00e7a e amor, fazei que cesse a guerra, providenciai ao mundo a paz. O sim que brotou do vosso Cora\u00e7\u00e3o abriu as portas da hist\u00f3ria ao Pr\u00edncipe da Paz; confiamos que mais uma vez, por meio do vosso Cora\u00e7\u00e3o, vir\u00e1 a paz. Assim a V\u00f3s consagramos o futuro da fam\u00edlia humana inteira, as necessidades e os anseios dos povos, as ang\u00fastias e as esperan\u00e7as do mundo.<\/p>\n<p>Por vosso interm\u00e9dio, derrame-se sobre a Terra a Miseric\u00f3rdia divina e o doce palpitar da paz volte a marcar as nossas jornadas. Mulher do sim, sobre Quem desceu o Esp\u00edrito Santo, trazei de volta ao nosso meio a harmonia de Deus. Dessedentai a aridez do nosso cora\u00e7\u00e3o, V\u00f3s que \u00absois fonte viva de esperan\u00e7a\u00bb. Tecestes a humanidade para Jesus, fazei de n\u00f3s artes\u00e3os de comunh\u00e3o. Caminhastes pelas nossas estradas, guiai-nos pelas sendas da paz. Amen.&#8221;<\/p>\n<hr \/>\n<p><em>Fonte: Vatican News<\/em><\/p>\n","protected":false},"excerpt":{"rendered":"<p>Dia de Ora\u00e7\u00e3o<\/p>\n","protected":false},"author":3,"featured_media":237005,"comment_status":"open","ping_status":"open","sticky":false,"template":"","format":"standard","meta":[],"categories":[1428],"tags":[55],"acf":[],"yoast_head":"<!-- This site is optimized with the Yoast SEO plugin v19.2 - https:\/\/yoast.com\/wordpress\/plugins\/seo\/ -->\n<title>Papa a Nossa Senhora: que cesse esta &quot;guerra cruel e insensata que amea\u00e7a o mundo&quot; - Not\u00edcias - Franciscanos<\/title>\n<meta name=\"robots\" content=\"index, follow, max-snippet:-1, max-image-preview:large, max-video-preview:-1\" \/>\n<link rel=\"canonical\" href=\"https:\/\/franciscanos.org.br\/noticias\/a-oracao-do-papa-na-consagracao-da-russia-e-da-ucrania-a-maria.html\" \/>\n<meta property=\"og:locale\" content=\"pt_BR\" \/>\n<meta property=\"og:type\" content=\"article\" \/>\n<meta property=\"og:title\" content=\"Papa a Nossa Senhora: que cesse esta &quot;guerra cruel e insensata que amea\u00e7a o mundo&quot; - Not\u00edcias - Franciscanos\" \/>\n<meta property=\"og:description\" content=\"Dia de Ora\u00e7\u00e3o\" \/>\n<meta property=\"og:url\" content=\"https:\/\/franciscanos.org.br\/noticias\/a-oracao-do-papa-na-consagracao-da-russia-e-da-ucrania-a-maria.html\" \/>\n<meta property=\"og:site_name\" content=\"Not\u00edcias - Franciscanos\" \/>\n<meta property=\"article:published_time\" content=\"2022-03-25T08:56:32+00:00\" \/>\n<meta property=\"article:modified_time\" content=\"2022-03-26T09:19:24+00:00\" \/>\n<meta property=\"og:image\" content=\"https:\/\/franciscanos.org.br\/noticias\/wp-content\/uploads\/2022\/03\/consagra_26.jpg\" \/>\n\t<meta property=\"og:image:width\" content=\"890\" \/>\n\t<meta property=\"og:image:height\" content=\"593\" \/>\n\t<meta property=\"og:image:type\" content=\"image\/jpeg\" \/>\n<meta name=\"author\" content=\"moacir\" \/>\n<meta name=\"twitter:card\" content=\"summary_large_image\" \/>\n<meta name=\"twitter:label1\" content=\"Escrito por\" \/>\n\t<meta name=\"twitter:data1\" content=\"moacir\" \/>\n\t<meta name=\"twitter:label2\" content=\"Est. tempo de leitura\" \/>\n\t<meta name=\"twitter:data2\" content=\"12 minutos\" \/>\n<script type=\"application\/ld+json\" class=\"yoast-schema-graph\">{\"@context\":\"https:\/\/schema.org\",\"@graph\":[{\"@type\":\"WebSite\",\"@id\":\"https:\/\/franciscanos.org.br\/noticias\/#website\",\"url\":\"https:\/\/franciscanos.org.br\/noticias\/\",\"name\":\"Not\u00edcias - Franciscanos\",\"description\":\"Prov\u00edncia Franciscana da Imaculada Concei\u00e7\u00e3o do Brasil - Ordem dos Frades Menores - OFM\",\"potentialAction\":[{\"@type\":\"SearchAction\",\"target\":{\"@type\":\"EntryPoint\",\"urlTemplate\":\"https:\/\/franciscanos.org.br\/noticias\/?s={search_term_string}\"},\"query-input\":\"required name=search_term_string\"}],\"inLanguage\":\"pt-BR\"},{\"@type\":\"ImageObject\",\"inLanguage\":\"pt-BR\",\"@id\":\"https:\/\/franciscanos.org.br\/noticias\/a-oracao-do-papa-na-consagracao-da-russia-e-da-ucrania-a-maria.html#primaryimage\",\"url\":\"https:\/\/franciscanos.org.br\/noticias\/wp-content\/uploads\/2022\/03\/consagra_26.jpg\",\"contentUrl\":\"https:\/\/franciscanos.org.br\/noticias\/wp-content\/uploads\/2022\/03\/consagra_26.jpg\",\"width\":890,\"height\":593},{\"@type\":\"WebPage\",\"@id\":\"https:\/\/franciscanos.org.br\/noticias\/a-oracao-do-papa-na-consagracao-da-russia-e-da-ucrania-a-maria.html#webpage\",\"url\":\"https:\/\/franciscanos.org.br\/noticias\/a-oracao-do-papa-na-consagracao-da-russia-e-da-ucrania-a-maria.html\",\"name\":\"Papa a Nossa Senhora: que cesse esta \\\"guerra cruel e insensata que amea\u00e7a o mundo\\\" - Not\u00edcias - Franciscanos\",\"isPartOf\":{\"@id\":\"https:\/\/franciscanos.org.br\/noticias\/#website\"},\"primaryImageOfPage\":{\"@id\":\"https:\/\/franciscanos.org.br\/noticias\/a-oracao-do-papa-na-consagracao-da-russia-e-da-ucrania-a-maria.html#primaryimage\"},\"datePublished\":\"2022-03-25T08:56:32+00:00\",\"dateModified\":\"2022-03-26T09:19:24+00:00\",\"author\":{\"@id\":\"https:\/\/franciscanos.org.br\/noticias\/#\/schema\/person\/b5c8cba458c330ccff548b056e95a5d4\"},\"breadcrumb\":{\"@id\":\"https:\/\/franciscanos.org.br\/noticias\/a-oracao-do-papa-na-consagracao-da-russia-e-da-ucrania-a-maria.html#breadcrumb\"},\"inLanguage\":\"pt-BR\",\"potentialAction\":[{\"@type\":\"ReadAction\",\"target\":[\"https:\/\/franciscanos.org.br\/noticias\/a-oracao-do-papa-na-consagracao-da-russia-e-da-ucrania-a-maria.html\"]}]},{\"@type\":\"BreadcrumbList\",\"@id\":\"https:\/\/franciscanos.org.br\/noticias\/a-oracao-do-papa-na-consagracao-da-russia-e-da-ucrania-a-maria.html#breadcrumb\",\"itemListElement\":[{\"@type\":\"ListItem\",\"position\":1,\"name\":\"Home\",\"item\":\"https:\/\/franciscanos.org.br\/noticias\"},{\"@type\":\"ListItem\",\"position\":2,\"name\":\"Papa a Nossa Senhora: que cesse esta &#8220;guerra cruel e insensata que amea\u00e7a o mundo&#8221;\"}]},{\"@type\":\"Person\",\"@id\":\"https:\/\/franciscanos.org.br\/noticias\/#\/schema\/person\/b5c8cba458c330ccff548b056e95a5d4\",\"name\":\"moacir\",\"image\":{\"@type\":\"ImageObject\",\"inLanguage\":\"pt-BR\",\"@id\":\"https:\/\/franciscanos.org.br\/noticias\/#\/schema\/person\/image\/\",\"url\":\"https:\/\/secure.gravatar.com\/avatar\/d08aa2ce4c8dd416d4479aa8536fcf64?s=96&d=mm&r=g\",\"contentUrl\":\"https:\/\/secure.gravatar.com\/avatar\/d08aa2ce4c8dd416d4479aa8536fcf64?s=96&d=mm&r=g\",\"caption\":\"moacir\"},\"url\":\"https:\/\/franciscanos.org.br\/noticias\/author\/moacir\"}]}<\/script>\n<!-- \/ Yoast SEO plugin. -->","yoast_head_json":{"title":"Papa a Nossa Senhora: que cesse esta \"guerra cruel e insensata que amea\u00e7a o mundo\" - Not\u00edcias - Franciscanos","robots":{"index":"index","follow":"follow","max-snippet":"max-snippet:-1","max-image-preview":"max-image-preview:large","max-video-preview":"max-video-preview:-1"},"canonical":"https:\/\/franciscanos.org.br\/noticias\/a-oracao-do-papa-na-consagracao-da-russia-e-da-ucrania-a-maria.html","og_locale":"pt_BR","og_type":"article","og_title":"Papa a Nossa Senhora: que cesse esta \"guerra cruel e insensata que amea\u00e7a o mundo\" - Not\u00edcias - Franciscanos","og_description":"Dia de Ora\u00e7\u00e3o","og_url":"https:\/\/franciscanos.org.br\/noticias\/a-oracao-do-papa-na-consagracao-da-russia-e-da-ucrania-a-maria.html","og_site_name":"Not\u00edcias - Franciscanos","article_published_time":"2022-03-25T08:56:32+00:00","article_modified_time":"2022-03-26T09:19:24+00:00","og_image":[{"width":890,"height":593,"url":"https:\/\/franciscanos.org.br\/noticias\/wp-content\/uploads\/2022\/03\/consagra_26.jpg","type":"image\/jpeg"}],"author":"moacir","twitter_card":"summary_large_image","twitter_misc":{"Escrito por":"moacir","Est. tempo de leitura":"12 minutos"},"schema":{"@context":"https:\/\/schema.org","@graph":[{"@type":"WebSite","@id":"https:\/\/franciscanos.org.br\/noticias\/#website","url":"https:\/\/franciscanos.org.br\/noticias\/","name":"Not\u00edcias - Franciscanos","description":"Prov\u00edncia Franciscana da Imaculada Concei\u00e7\u00e3o do Brasil - Ordem dos Frades Menores - OFM","potentialAction":[{"@type":"SearchAction","target":{"@type":"EntryPoint","urlTemplate":"https:\/\/franciscanos.org.br\/noticias\/?s={search_term_string}"},"query-input":"required name=search_term_string"}],"inLanguage":"pt-BR"},{"@type":"ImageObject","inLanguage":"pt-BR","@id":"https:\/\/franciscanos.org.br\/noticias\/a-oracao-do-papa-na-consagracao-da-russia-e-da-ucrania-a-maria.html#primaryimage","url":"https:\/\/franciscanos.org.br\/noticias\/wp-content\/uploads\/2022\/03\/consagra_26.jpg","contentUrl":"https:\/\/franciscanos.org.br\/noticias\/wp-content\/uploads\/2022\/03\/consagra_26.jpg","width":890,"height":593},{"@type":"WebPage","@id":"https:\/\/franciscanos.org.br\/noticias\/a-oracao-do-papa-na-consagracao-da-russia-e-da-ucrania-a-maria.html#webpage","url":"https:\/\/franciscanos.org.br\/noticias\/a-oracao-do-papa-na-consagracao-da-russia-e-da-ucrania-a-maria.html","name":"Papa a Nossa Senhora: que cesse esta \"guerra cruel e insensata que amea\u00e7a o mundo\" - Not\u00edcias - Franciscanos","isPartOf":{"@id":"https:\/\/franciscanos.org.br\/noticias\/#website"},"primaryImageOfPage":{"@id":"https:\/\/franciscanos.org.br\/noticias\/a-oracao-do-papa-na-consagracao-da-russia-e-da-ucrania-a-maria.html#primaryimage"},"datePublished":"2022-03-25T08:56:32+00:00","dateModified":"2022-03-26T09:19:24+00:00","author":{"@id":"https:\/\/franciscanos.org.br\/noticias\/#\/schema\/person\/b5c8cba458c330ccff548b056e95a5d4"},"breadcrumb":{"@id":"https:\/\/franciscanos.org.br\/noticias\/a-oracao-do-papa-na-consagracao-da-russia-e-da-ucrania-a-maria.html#breadcrumb"},"inLanguage":"pt-BR","potentialAction":[{"@type":"ReadAction","target":["https:\/\/franciscanos.org.br\/noticias\/a-oracao-do-papa-na-consagracao-da-russia-e-da-ucrania-a-maria.html"]}]},{"@type":"BreadcrumbList","@id":"https:\/\/franciscanos.org.br\/noticias\/a-oracao-do-papa-na-consagracao-da-russia-e-da-ucrania-a-maria.html#breadcrumb","itemListElement":[{"@type":"ListItem","position":1,"name":"Home","item":"https:\/\/franciscanos.org.br\/noticias"},{"@type":"ListItem","position":2,"name":"Papa a Nossa Senhora: que cesse esta &#8220;guerra cruel e insensata que amea\u00e7a o mundo&#8221;"}]},{"@type":"Person","@id":"https:\/\/franciscanos.org.br\/noticias\/#\/schema\/person\/b5c8cba458c330ccff548b056e95a5d4","name":"moacir","image":{"@type":"ImageObject","inLanguage":"pt-BR","@id":"https:\/\/franciscanos.org.br\/noticias\/#\/schema\/person\/image\/","url":"https:\/\/secure.gravatar.com\/avatar\/d08aa2ce4c8dd416d4479aa8536fcf64?s=96&d=mm&r=g","contentUrl":"https:\/\/secure.gravatar.com\/avatar\/d08aa2ce4c8dd416d4479aa8536fcf64?s=96&d=mm&r=g","caption":"moacir"},"url":"https:\/\/franciscanos.org.br\/noticias\/author\/moacir"}]}},"_links":{"self":[{"href":"https:\/\/franciscanos.org.br\/noticias\/wp-json\/wp\/v2\/posts\/236976"}],"collection":[{"href":"https:\/\/franciscanos.org.br\/noticias\/wp-json\/wp\/v2\/posts"}],"about":[{"href":"https:\/\/franciscanos.org.br\/noticias\/wp-json\/wp\/v2\/types\/post"}],"author":[{"embeddable":true,"href":"https:\/\/franciscanos.org.br\/noticias\/wp-json\/wp\/v2\/users\/3"}],"replies":[{"embeddable":true,"href":"https:\/\/franciscanos.org.br\/noticias\/wp-json\/wp\/v2\/comments?post=236976"}],"version-history":[{"count":3,"href":"https:\/\/franciscanos.org.br\/noticias\/wp-json\/wp\/v2\/posts\/236976\/revisions"}],"predecessor-version":[{"id":237007,"href":"https:\/\/franciscanos.org.br\/noticias\/wp-json\/wp\/v2\/posts\/236976\/revisions\/237007"}],"wp:featuredmedia":[{"embeddable":true,"href":"https:\/\/franciscanos.org.br\/noticias\/wp-json\/wp\/v2\/media\/237005"}],"wp:attachment":[{"href":"https:\/\/franciscanos.org.br\/noticias\/wp-json\/wp\/v2\/media?parent=236976"}],"wp:term":[{"taxonomy":"category","embeddable":true,"href":"https:\/\/franciscanos.org.br\/noticias\/wp-json\/wp\/v2\/categories?post=236976"},{"taxonomy":"post_tag","embeddable":true,"href":"https:\/\/franciscanos.org.br\/noticias\/wp-json\/wp\/v2\/tags?post=236976"}],"curies":[{"name":"wp","href":"https:\/\/api.w.org\/{rel}","templated":true}]}}