{"id":236969,"date":"2022-03-25T05:46:08","date_gmt":"2022-03-25T08:46:08","guid":{"rendered":"https:\/\/franciscanos.org.br\/noticias\/?p=236969"},"modified":"2022-03-25T05:46:08","modified_gmt":"2022-03-25T08:46:08","slug":"ordenacao-presbiteral-frei-jhones-faz-o-juramento-de-fidelidade-a-igreja-o-2o-dia-do-triduo","status":"publish","type":"post","link":"https:\/\/franciscanos.org.br\/noticias\/ordenacao-presbiteral-frei-jhones-faz-o-juramento-de-fidelidade-a-igreja-o-2o-dia-do-triduo.html","title":{"rendered":"Ordena\u00e7\u00e3o presbiteral: Frei Jhones faz o juramento de fidelidade \u00e0 Igreja o 2\u00ba dia do Tr\u00edduo"},"content":{"rendered":"<p><img loading=\"lazy\" class=\"alignnone size-full wp-image-236970\" src=\"https:\/\/franciscanos.org.br\/noticias\/wp-content\/uploads\/2022\/03\/jhones_2503.jpg\" alt=\"\" width=\"1244\" height=\"829\" srcset=\"https:\/\/franciscanos.org.br\/noticias\/wp-content\/uploads\/2022\/03\/jhones_2503.jpg 1244w, https:\/\/franciscanos.org.br\/noticias\/wp-content\/uploads\/2022\/03\/jhones_2503-450x300.jpg 450w, https:\/\/franciscanos.org.br\/noticias\/wp-content\/uploads\/2022\/03\/jhones_2503-1024x682.jpg 1024w, https:\/\/franciscanos.org.br\/noticias\/wp-content\/uploads\/2022\/03\/jhones_2503-768x512.jpg 768w, https:\/\/franciscanos.org.br\/noticias\/wp-content\/uploads\/2022\/03\/jhones_2503-150x100.jpg 150w\" sizes=\"(max-width: 1244px) 100vw, 1244px\" \/><\/p>\n<p>&#8220;Alt\u00edssimo, Glorioso Deus, ilumina as trevas do meu cora\u00e7\u00e3o&#8221; foi o mantra condutor da m\u00edstica realizada na manh\u00e3 dessa quinta-feira, 24, segundo dia do tr\u00edduo em prepara\u00e7\u00e3o para a ordena\u00e7\u00e3o presbiteral de Frei Jhones Lucas Martins. A comunidade Santa Rita, da Par\u00f3quia Santo Ant\u00f4nio, foi a escolhida para acolher os mission\u00e1rios, que desde a quarta-feira contam com mais cinco frades de Rondinha.<\/p>\n<p>Na m\u00edstica realizada pela manh\u00e3, a comunidade p\u00f4de ter o primeiro contato com a cruz de S\u00e3o Dami\u00e3o, apresentada aos fi\u00e9is para que pudessem contempl\u00e1-la e rezar os salmos louvando o nome do Alt\u00edssimo. Foram feitas as divis\u00f5es dos mission\u00e1rios e das casas a serem visitadas.<\/p>\n<p><img loading=\"lazy\" class=\"alignnone size-full wp-image-236971\" src=\"https:\/\/franciscanos.org.br\/noticias\/wp-content\/uploads\/2022\/03\/jhones_2503_1.jpg\" alt=\"\" width=\"1244\" height=\"829\" srcset=\"https:\/\/franciscanos.org.br\/noticias\/wp-content\/uploads\/2022\/03\/jhones_2503_1.jpg 1244w, https:\/\/franciscanos.org.br\/noticias\/wp-content\/uploads\/2022\/03\/jhones_2503_1-450x300.jpg 450w, https:\/\/franciscanos.org.br\/noticias\/wp-content\/uploads\/2022\/03\/jhones_2503_1-1024x682.jpg 1024w, https:\/\/franciscanos.org.br\/noticias\/wp-content\/uploads\/2022\/03\/jhones_2503_1-768x512.jpg 768w, https:\/\/franciscanos.org.br\/noticias\/wp-content\/uploads\/2022\/03\/jhones_2503_1-150x100.jpg 150w\" sizes=\"(max-width: 1244px) 100vw, 1244px\" \/><\/p>\n<p>As atividades n\u00e3o pararam durante o dia, foram mais de 50 lares visitados, durante toda a manh\u00e3 e a tarde tamb\u00e9m. Al\u00e9m disso, os frades participaram da celebra\u00e7\u00e3o do ter\u00e7o da Divina Miseric\u00f3rdia, \u00e0s 15h, na comunidade Santa Rita, momento no qual a comunidade foi levada a meditar sobre o valor da Eucaristia na vida de S\u00e3o Francisco de Assis e a miseric\u00f3rdia de Deus. Dentre as visitas aos lares da cidade de Macatuba, levando a presen\u00e7a amiga e fraterna, destaca-se a visita realizada pelos mission\u00e1rios \u00e0 APAE.<\/p>\n<p>No in\u00edcio da noite, j\u00e1 reunidos na Igreja local, os frades invocaram a presen\u00e7a daquele s\u00edmbolo de grande import\u00e2ncia para o carisma franciscano e que foi contemplado na ora\u00e7\u00e3o da manh\u00e3: a cruz de S\u00e3o Dami\u00e3o. Sua import\u00e2ncia reflete diretamente na vida e voca\u00e7\u00e3o de Frei Francisco que diante dela ouviu a voz do Sumo-Bem. Nela se encontra o Cristo de olhos abertos, convidando-nos a caminhar com Ele.<\/p>\n<p><img loading=\"lazy\" class=\"alignnone size-full wp-image-236972\" src=\"https:\/\/franciscanos.org.br\/noticias\/wp-content\/uploads\/2022\/03\/jhones_2503_2.jpg\" alt=\"\" width=\"1039\" height=\"693\" srcset=\"https:\/\/franciscanos.org.br\/noticias\/wp-content\/uploads\/2022\/03\/jhones_2503_2.jpg 1039w, https:\/\/franciscanos.org.br\/noticias\/wp-content\/uploads\/2022\/03\/jhones_2503_2-450x300.jpg 450w, https:\/\/franciscanos.org.br\/noticias\/wp-content\/uploads\/2022\/03\/jhones_2503_2-1024x683.jpg 1024w, https:\/\/franciscanos.org.br\/noticias\/wp-content\/uploads\/2022\/03\/jhones_2503_2-768x512.jpg 768w, https:\/\/franciscanos.org.br\/noticias\/wp-content\/uploads\/2022\/03\/jhones_2503_2-150x100.jpg 150w\" sizes=\"(max-width: 1039px) 100vw, 1039px\" \/><\/p>\n<p>A celebra\u00e7\u00e3o do segundo dia do tr\u00edduo, \u00e0s 19h30, foi presidida pelo Padre Thiago Freitas, da diocese de Bauru, conterr\u00e2neo de Frei Jhones, e teve como tema o minist\u00e9rio ordenado, a voca\u00e7\u00e3o presbiteral.<\/p>\n<p>Na sua homilia, Padre Thiago dirigiu suas palavras ao confrade que ser\u00e1 ordenado: &#8220;Voca\u00e7\u00e3o presbiteral \u00e9 o chamado particular de Deus aos ministros ordenados, os configurados a Jesus Cristo.\u201d. Acrescentou o seu pr\u00f3prio testemunho animando a caminhada de Frei Jhones: &#8220;Apesar de ser ordenado h\u00e1 pouco tempo, tenho apenas uma coisa a dizer &#8211; que pode parecer clich\u00ea -, mas &#8216;Vale a pena!&#8217;. H\u00e1 dificuldades na caminhada e na viv\u00eancia do minist\u00e9rio, mas s\u00e3o \u00ednfimas comparadas \u00e0s alegrias que tamb\u00e9m vem dele. Vale a pena agir na pessoa de Cristo, mas lembre-se que ser ministro ordenado n\u00e3o \u00e9 ser um &#8216;super-homem&#8217;, \u00e9 tamb\u00e9m deixar-se ser cuidado, ser humano, ser o Jhones Lucas Martins!&#8221;.<\/p>\n<p><img loading=\"lazy\" class=\"alignnone size-full wp-image-236974\" src=\"https:\/\/franciscanos.org.br\/noticias\/wp-content\/uploads\/2022\/03\/jhones_2503_4.jpg\" alt=\"\" width=\"1315\" height=\"986\" srcset=\"https:\/\/franciscanos.org.br\/noticias\/wp-content\/uploads\/2022\/03\/jhones_2503_4.jpg 1315w, https:\/\/franciscanos.org.br\/noticias\/wp-content\/uploads\/2022\/03\/jhones_2503_4-450x337.jpg 450w, https:\/\/franciscanos.org.br\/noticias\/wp-content\/uploads\/2022\/03\/jhones_2503_4-1024x768.jpg 1024w, https:\/\/franciscanos.org.br\/noticias\/wp-content\/uploads\/2022\/03\/jhones_2503_4-768x576.jpg 768w, https:\/\/franciscanos.org.br\/noticias\/wp-content\/uploads\/2022\/03\/jhones_2503_4-150x112.jpg 150w, https:\/\/franciscanos.org.br\/noticias\/wp-content\/uploads\/2022\/03\/jhones_2503_4-600x450.jpg 600w\" sizes=\"(max-width: 1315px) 100vw, 1315px\" \/><\/p>\n<p>Agradeceu, no fim de sua reflex\u00e3o com essas palavras: &#8220;obrigado pelo seu sim, pela sua perseveran\u00e7a e muito obrigado por sonhar os sonhos de Deus!&#8221;. Finalizou com a can\u00e7\u00e3o \u201cPor Um Bem Maior\u201d que lhe toca sempre que pensa em seu minist\u00e9rio.<\/p>\n<p>Frei Jhones, ap\u00f3s a homilia, fez o seu juramento de fidelidade \u00e0 Igreja tendo as m\u00e3os sobre a Palavra de Deus, que foi trazida pelas m\u00e3os de Nazar\u00e9, simbolizando, ali, suas professoras e catequistas que fizeram parte de sua caminhada. Nesse juramento, o frei professa a sua fidelidade ao magist\u00e9rio da Igreja, \u201cpelas palavras e pelo agir\u201d.<\/p>\n<p><img loading=\"lazy\" class=\"alignnone size-full wp-image-236973\" src=\"https:\/\/franciscanos.org.br\/noticias\/wp-content\/uploads\/2022\/03\/jhones_2503_3.jpg\" alt=\"\" width=\"1164\" height=\"760\" srcset=\"https:\/\/franciscanos.org.br\/noticias\/wp-content\/uploads\/2022\/03\/jhones_2503_3.jpg 1164w, https:\/\/franciscanos.org.br\/noticias\/wp-content\/uploads\/2022\/03\/jhones_2503_3-450x294.jpg 450w, https:\/\/franciscanos.org.br\/noticias\/wp-content\/uploads\/2022\/03\/jhones_2503_3-1024x669.jpg 1024w, https:\/\/franciscanos.org.br\/noticias\/wp-content\/uploads\/2022\/03\/jhones_2503_3-768x501.jpg 768w, https:\/\/franciscanos.org.br\/noticias\/wp-content\/uploads\/2022\/03\/jhones_2503_3-150x98.jpg 150w\" sizes=\"(max-width: 1164px) 100vw, 1164px\" \/><\/p>\n<p>A noite se encerrou com um convite marcante e cheio de significados, Frei Gabriel Dellandrea, animador vocacional provincial, convidou dona Maria In\u00eas e o Pedro para que pudessem recordar momentos da vida de Frei Jhones quando ele, ainda crian\u00e7a, chegava \u00e0 porta da casa de dona Maria In\u00eas batendo sua tigelinha e pedindo comida enquanto sua m\u00e3e ainda preparava o jantar. Dessa mesma maneira, o animador do SAV convida a todos para participarem das celebra\u00e7\u00f5es com o mesmo desejo de ser alimentado, agora n\u00e3o mais pelo p\u00e3o material, mas pelo p\u00e3o que nutre e traz a vida.<\/p>\n<hr \/>\n<p><em>Frei Gilberto Silveira da Costa Junior, OFM. (texto) e Frei Roger Strapazzon, OFM. (fotos)<\/em><\/p>\n","protected":false},"excerpt":{"rendered":"<p>Ordena\u00e7\u00e3o Presbiteral de Frei Jhones Martins<\/p>\n","protected":false},"author":3,"featured_media":236970,"comment_status":"open","ping_status":"open","sticky":false,"template":"","format":"standard","meta":[],"categories":[1],"tags":[157],"acf":[],"yoast_head":"<!-- This site is optimized with the Yoast SEO plugin v19.2 - https:\/\/yoast.com\/wordpress\/plugins\/seo\/ -->\n<title>Ordena\u00e7\u00e3o presbiteral: Frei Jhones faz o juramento de fidelidade \u00e0 Igreja o 2\u00ba dia do Tr\u00edduo - Not\u00edcias - Franciscanos<\/title>\n<meta name=\"robots\" content=\"index, follow, max-snippet:-1, max-image-preview:large, max-video-preview:-1\" \/>\n<link rel=\"canonical\" href=\"https:\/\/franciscanos.org.br\/noticias\/ordenacao-presbiteral-frei-jhones-faz-o-juramento-de-fidelidade-a-igreja-o-2o-dia-do-triduo.html\" \/>\n<meta property=\"og:locale\" content=\"pt_BR\" \/>\n<meta property=\"og:type\" content=\"article\" \/>\n<meta property=\"og:title\" content=\"Ordena\u00e7\u00e3o presbiteral: Frei Jhones faz o juramento de fidelidade \u00e0 Igreja o 2\u00ba dia do Tr\u00edduo - Not\u00edcias - Franciscanos\" \/>\n<meta property=\"og:description\" content=\"Ordena\u00e7\u00e3o Presbiteral de Frei Jhones Martins\" \/>\n<meta property=\"og:url\" content=\"https:\/\/franciscanos.org.br\/noticias\/ordenacao-presbiteral-frei-jhones-faz-o-juramento-de-fidelidade-a-igreja-o-2o-dia-do-triduo.html\" \/>\n<meta property=\"og:site_name\" content=\"Not\u00edcias - Franciscanos\" \/>\n<meta property=\"article:published_time\" content=\"2022-03-25T08:46:08+00:00\" \/>\n<meta property=\"og:image\" content=\"https:\/\/franciscanos.org.br\/noticias\/wp-content\/uploads\/2022\/03\/jhones_2503.jpg\" \/>\n\t<meta property=\"og:image:width\" content=\"1244\" \/>\n\t<meta property=\"og:image:height\" content=\"829\" \/>\n\t<meta property=\"og:image:type\" content=\"image\/jpeg\" \/>\n<meta name=\"author\" content=\"moacir\" \/>\n<meta name=\"twitter:card\" content=\"summary_large_image\" \/>\n<meta name=\"twitter:label1\" content=\"Escrito por\" \/>\n\t<meta name=\"twitter:data1\" content=\"moacir\" \/>\n\t<meta name=\"twitter:label2\" content=\"Est. tempo de leitura\" \/>\n\t<meta name=\"twitter:data2\" content=\"3 minutos\" \/>\n<script type=\"application\/ld+json\" class=\"yoast-schema-graph\">{\"@context\":\"https:\/\/schema.org\",\"@graph\":[{\"@type\":\"WebSite\",\"@id\":\"https:\/\/franciscanos.org.br\/noticias\/#website\",\"url\":\"https:\/\/franciscanos.org.br\/noticias\/\",\"name\":\"Not\u00edcias - Franciscanos\",\"description\":\"Prov\u00edncia Franciscana da Imaculada Concei\u00e7\u00e3o do Brasil - Ordem dos Frades Menores - OFM\",\"potentialAction\":[{\"@type\":\"SearchAction\",\"target\":{\"@type\":\"EntryPoint\",\"urlTemplate\":\"https:\/\/franciscanos.org.br\/noticias\/?s={search_term_string}\"},\"query-input\":\"required name=search_term_string\"}],\"inLanguage\":\"pt-BR\"},{\"@type\":\"ImageObject\",\"inLanguage\":\"pt-BR\",\"@id\":\"https:\/\/franciscanos.org.br\/noticias\/ordenacao-presbiteral-frei-jhones-faz-o-juramento-de-fidelidade-a-igreja-o-2o-dia-do-triduo.html#primaryimage\",\"url\":\"https:\/\/franciscanos.org.br\/noticias\/wp-content\/uploads\/2022\/03\/jhones_2503.jpg\",\"contentUrl\":\"https:\/\/franciscanos.org.br\/noticias\/wp-content\/uploads\/2022\/03\/jhones_2503.jpg\",\"width\":1244,\"height\":829},{\"@type\":\"WebPage\",\"@id\":\"https:\/\/franciscanos.org.br\/noticias\/ordenacao-presbiteral-frei-jhones-faz-o-juramento-de-fidelidade-a-igreja-o-2o-dia-do-triduo.html#webpage\",\"url\":\"https:\/\/franciscanos.org.br\/noticias\/ordenacao-presbiteral-frei-jhones-faz-o-juramento-de-fidelidade-a-igreja-o-2o-dia-do-triduo.html\",\"name\":\"Ordena\u00e7\u00e3o presbiteral: Frei Jhones faz o juramento de fidelidade \u00e0 Igreja o 2\u00ba dia do Tr\u00edduo - Not\u00edcias - Franciscanos\",\"isPartOf\":{\"@id\":\"https:\/\/franciscanos.org.br\/noticias\/#website\"},\"primaryImageOfPage\":{\"@id\":\"https:\/\/franciscanos.org.br\/noticias\/ordenacao-presbiteral-frei-jhones-faz-o-juramento-de-fidelidade-a-igreja-o-2o-dia-do-triduo.html#primaryimage\"},\"datePublished\":\"2022-03-25T08:46:08+00:00\",\"dateModified\":\"2022-03-25T08:46:08+00:00\",\"author\":{\"@id\":\"https:\/\/franciscanos.org.br\/noticias\/#\/schema\/person\/b5c8cba458c330ccff548b056e95a5d4\"},\"breadcrumb\":{\"@id\":\"https:\/\/franciscanos.org.br\/noticias\/ordenacao-presbiteral-frei-jhones-faz-o-juramento-de-fidelidade-a-igreja-o-2o-dia-do-triduo.html#breadcrumb\"},\"inLanguage\":\"pt-BR\",\"potentialAction\":[{\"@type\":\"ReadAction\",\"target\":[\"https:\/\/franciscanos.org.br\/noticias\/ordenacao-presbiteral-frei-jhones-faz-o-juramento-de-fidelidade-a-igreja-o-2o-dia-do-triduo.html\"]}]},{\"@type\":\"BreadcrumbList\",\"@id\":\"https:\/\/franciscanos.org.br\/noticias\/ordenacao-presbiteral-frei-jhones-faz-o-juramento-de-fidelidade-a-igreja-o-2o-dia-do-triduo.html#breadcrumb\",\"itemListElement\":[{\"@type\":\"ListItem\",\"position\":1,\"name\":\"Home\",\"item\":\"https:\/\/franciscanos.org.br\/noticias\"},{\"@type\":\"ListItem\",\"position\":2,\"name\":\"Ordena\u00e7\u00e3o presbiteral: Frei Jhones faz o juramento de fidelidade \u00e0 Igreja o 2\u00ba dia do Tr\u00edduo\"}]},{\"@type\":\"Person\",\"@id\":\"https:\/\/franciscanos.org.br\/noticias\/#\/schema\/person\/b5c8cba458c330ccff548b056e95a5d4\",\"name\":\"moacir\",\"image\":{\"@type\":\"ImageObject\",\"inLanguage\":\"pt-BR\",\"@id\":\"https:\/\/franciscanos.org.br\/noticias\/#\/schema\/person\/image\/\",\"url\":\"https:\/\/secure.gravatar.com\/avatar\/d08aa2ce4c8dd416d4479aa8536fcf64?s=96&d=mm&r=g\",\"contentUrl\":\"https:\/\/secure.gravatar.com\/avatar\/d08aa2ce4c8dd416d4479aa8536fcf64?s=96&d=mm&r=g\",\"caption\":\"moacir\"},\"url\":\"https:\/\/franciscanos.org.br\/noticias\/author\/moacir\"}]}<\/script>\n<!-- \/ Yoast SEO plugin. -->","yoast_head_json":{"title":"Ordena\u00e7\u00e3o presbiteral: Frei Jhones faz o juramento de fidelidade \u00e0 Igreja o 2\u00ba dia do Tr\u00edduo - Not\u00edcias - Franciscanos","robots":{"index":"index","follow":"follow","max-snippet":"max-snippet:-1","max-image-preview":"max-image-preview:large","max-video-preview":"max-video-preview:-1"},"canonical":"https:\/\/franciscanos.org.br\/noticias\/ordenacao-presbiteral-frei-jhones-faz-o-juramento-de-fidelidade-a-igreja-o-2o-dia-do-triduo.html","og_locale":"pt_BR","og_type":"article","og_title":"Ordena\u00e7\u00e3o presbiteral: Frei Jhones faz o juramento de fidelidade \u00e0 Igreja o 2\u00ba dia do Tr\u00edduo - Not\u00edcias - Franciscanos","og_description":"Ordena\u00e7\u00e3o Presbiteral de Frei Jhones Martins","og_url":"https:\/\/franciscanos.org.br\/noticias\/ordenacao-presbiteral-frei-jhones-faz-o-juramento-de-fidelidade-a-igreja-o-2o-dia-do-triduo.html","og_site_name":"Not\u00edcias - Franciscanos","article_published_time":"2022-03-25T08:46:08+00:00","og_image":[{"width":1244,"height":829,"url":"https:\/\/franciscanos.org.br\/noticias\/wp-content\/uploads\/2022\/03\/jhones_2503.jpg","type":"image\/jpeg"}],"author":"moacir","twitter_card":"summary_large_image","twitter_misc":{"Escrito por":"moacir","Est. tempo de leitura":"3 minutos"},"schema":{"@context":"https:\/\/schema.org","@graph":[{"@type":"WebSite","@id":"https:\/\/franciscanos.org.br\/noticias\/#website","url":"https:\/\/franciscanos.org.br\/noticias\/","name":"Not\u00edcias - Franciscanos","description":"Prov\u00edncia Franciscana da Imaculada Concei\u00e7\u00e3o do Brasil - Ordem dos Frades Menores - OFM","potentialAction":[{"@type":"SearchAction","target":{"@type":"EntryPoint","urlTemplate":"https:\/\/franciscanos.org.br\/noticias\/?s={search_term_string}"},"query-input":"required name=search_term_string"}],"inLanguage":"pt-BR"},{"@type":"ImageObject","inLanguage":"pt-BR","@id":"https:\/\/franciscanos.org.br\/noticias\/ordenacao-presbiteral-frei-jhones-faz-o-juramento-de-fidelidade-a-igreja-o-2o-dia-do-triduo.html#primaryimage","url":"https:\/\/franciscanos.org.br\/noticias\/wp-content\/uploads\/2022\/03\/jhones_2503.jpg","contentUrl":"https:\/\/franciscanos.org.br\/noticias\/wp-content\/uploads\/2022\/03\/jhones_2503.jpg","width":1244,"height":829},{"@type":"WebPage","@id":"https:\/\/franciscanos.org.br\/noticias\/ordenacao-presbiteral-frei-jhones-faz-o-juramento-de-fidelidade-a-igreja-o-2o-dia-do-triduo.html#webpage","url":"https:\/\/franciscanos.org.br\/noticias\/ordenacao-presbiteral-frei-jhones-faz-o-juramento-de-fidelidade-a-igreja-o-2o-dia-do-triduo.html","name":"Ordena\u00e7\u00e3o presbiteral: Frei Jhones faz o juramento de fidelidade \u00e0 Igreja o 2\u00ba dia do Tr\u00edduo - Not\u00edcias - Franciscanos","isPartOf":{"@id":"https:\/\/franciscanos.org.br\/noticias\/#website"},"primaryImageOfPage":{"@id":"https:\/\/franciscanos.org.br\/noticias\/ordenacao-presbiteral-frei-jhones-faz-o-juramento-de-fidelidade-a-igreja-o-2o-dia-do-triduo.html#primaryimage"},"datePublished":"2022-03-25T08:46:08+00:00","dateModified":"2022-03-25T08:46:08+00:00","author":{"@id":"https:\/\/franciscanos.org.br\/noticias\/#\/schema\/person\/b5c8cba458c330ccff548b056e95a5d4"},"breadcrumb":{"@id":"https:\/\/franciscanos.org.br\/noticias\/ordenacao-presbiteral-frei-jhones-faz-o-juramento-de-fidelidade-a-igreja-o-2o-dia-do-triduo.html#breadcrumb"},"inLanguage":"pt-BR","potentialAction":[{"@type":"ReadAction","target":["https:\/\/franciscanos.org.br\/noticias\/ordenacao-presbiteral-frei-jhones-faz-o-juramento-de-fidelidade-a-igreja-o-2o-dia-do-triduo.html"]}]},{"@type":"BreadcrumbList","@id":"https:\/\/franciscanos.org.br\/noticias\/ordenacao-presbiteral-frei-jhones-faz-o-juramento-de-fidelidade-a-igreja-o-2o-dia-do-triduo.html#breadcrumb","itemListElement":[{"@type":"ListItem","position":1,"name":"Home","item":"https:\/\/franciscanos.org.br\/noticias"},{"@type":"ListItem","position":2,"name":"Ordena\u00e7\u00e3o presbiteral: Frei Jhones faz o juramento de fidelidade \u00e0 Igreja o 2\u00ba dia do Tr\u00edduo"}]},{"@type":"Person","@id":"https:\/\/franciscanos.org.br\/noticias\/#\/schema\/person\/b5c8cba458c330ccff548b056e95a5d4","name":"moacir","image":{"@type":"ImageObject","inLanguage":"pt-BR","@id":"https:\/\/franciscanos.org.br\/noticias\/#\/schema\/person\/image\/","url":"https:\/\/secure.gravatar.com\/avatar\/d08aa2ce4c8dd416d4479aa8536fcf64?s=96&d=mm&r=g","contentUrl":"https:\/\/secure.gravatar.com\/avatar\/d08aa2ce4c8dd416d4479aa8536fcf64?s=96&d=mm&r=g","caption":"moacir"},"url":"https:\/\/franciscanos.org.br\/noticias\/author\/moacir"}]}},"_links":{"self":[{"href":"https:\/\/franciscanos.org.br\/noticias\/wp-json\/wp\/v2\/posts\/236969"}],"collection":[{"href":"https:\/\/franciscanos.org.br\/noticias\/wp-json\/wp\/v2\/posts"}],"about":[{"href":"https:\/\/franciscanos.org.br\/noticias\/wp-json\/wp\/v2\/types\/post"}],"author":[{"embeddable":true,"href":"https:\/\/franciscanos.org.br\/noticias\/wp-json\/wp\/v2\/users\/3"}],"replies":[{"embeddable":true,"href":"https:\/\/franciscanos.org.br\/noticias\/wp-json\/wp\/v2\/comments?post=236969"}],"version-history":[{"count":1,"href":"https:\/\/franciscanos.org.br\/noticias\/wp-json\/wp\/v2\/posts\/236969\/revisions"}],"predecessor-version":[{"id":236975,"href":"https:\/\/franciscanos.org.br\/noticias\/wp-json\/wp\/v2\/posts\/236969\/revisions\/236975"}],"wp:featuredmedia":[{"embeddable":true,"href":"https:\/\/franciscanos.org.br\/noticias\/wp-json\/wp\/v2\/media\/236970"}],"wp:attachment":[{"href":"https:\/\/franciscanos.org.br\/noticias\/wp-json\/wp\/v2\/media?parent=236969"}],"wp:term":[{"taxonomy":"category","embeddable":true,"href":"https:\/\/franciscanos.org.br\/noticias\/wp-json\/wp\/v2\/categories?post=236969"},{"taxonomy":"post_tag","embeddable":true,"href":"https:\/\/franciscanos.org.br\/noticias\/wp-json\/wp\/v2\/tags?post=236969"}],"curies":[{"name":"wp","href":"https:\/\/api.w.org\/{rel}","templated":true}]}}