{"id":236946,"date":"2022-03-24T19:57:05","date_gmt":"2022-03-24T22:57:05","guid":{"rendered":"https:\/\/franciscanos.org.br\/noticias\/?p=236946"},"modified":"2023-01-03T14:23:27","modified_gmt":"2023-01-03T17:23:27","slug":"frei-daniel-e-eleito-presidente-da-nova-conferencia-franciscana-do-brasil-e-cone-sul","status":"publish","type":"post","link":"https:\/\/franciscanos.org.br\/noticias\/frei-daniel-e-eleito-presidente-da-nova-conferencia-franciscana-do-brasil-e-cone-sul.html","title":{"rendered":"Frei Daniel \u00e9 eleito presidente da nova Confer\u00eancia Franciscana do Brasil e Cone Sul"},"content":{"rendered":"<p><img loading=\"lazy\" class=\"alignnone size-full wp-image-236947\" src=\"https:\/\/franciscanos.org.br\/noticias\/wp-content\/uploads\/2022\/03\/assembleia_2403.jpg\" alt=\"\" width=\"1280\" height=\"720\" srcset=\"https:\/\/franciscanos.org.br\/noticias\/wp-content\/uploads\/2022\/03\/assembleia_2403.jpg 1280w, https:\/\/franciscanos.org.br\/noticias\/wp-content\/uploads\/2022\/03\/assembleia_2403-450x253.jpg 450w, https:\/\/franciscanos.org.br\/noticias\/wp-content\/uploads\/2022\/03\/assembleia_2403-1024x576.jpg 1024w, https:\/\/franciscanos.org.br\/noticias\/wp-content\/uploads\/2022\/03\/assembleia_2403-768x432.jpg 768w, https:\/\/franciscanos.org.br\/noticias\/wp-content\/uploads\/2022\/03\/assembleia_2403-150x84.jpg 150w\" sizes=\"(max-width: 1280px) 100vw, 1280px\" \/><\/p>\n<p><strong>\u00a0<\/strong><strong>S\u00e3o Paulo (SP<\/strong>) &#8211; As elei\u00e7\u00f5es do presidente e dos coordenadores dos servi\u00e7os da 1\u00aa Confer\u00eancia Franciscana do Brasil e do Cone Sul foram os destaques neste quarto dia (24\/3) da 1\u00aa Assembleia Ampliada, que est\u00e1 em andamento na Casa de Eventos e Hospedagem Sagrada Fam\u00edlia, no bairro Ipiranga, em S\u00e3o Paulo.<\/p>\n<p>O novo governo da Confer\u00eancia ter\u00e1 como presidente o argentino Frei Daniel Alejandro Fleitas Zeni, Ministro Provincial da Prov\u00edncia de S\u00e3o Francisco Solano, com sede em C\u00f3rdoba, Argentina, tendo como vice-presidente o brasileiro Frei Fernando Aparecido dos Santos, Cust\u00f3dio da Cust\u00f3dia do Sagrado Cora\u00e7\u00e3o de Jesus (SP e MG). O Ministro Provincial da Prov\u00edncia S\u00e3o Francisco de Assis (RS), Frei Marino Rohden, foi eleito secret\u00e1rio e o Definidor e Ec\u00f4nomo da Prov\u00edncia da Imaculada Concei\u00e7\u00e3o, Frei Robson Scudela, foi eleito Ec\u00f4nomo.<\/p>\n<p><img loading=\"lazy\" class=\"alignnone size-full wp-image-236948\" src=\"https:\/\/franciscanos.org.br\/noticias\/wp-content\/uploads\/2022\/03\/assembleia_2403_1.jpg\" alt=\"\" width=\"1280\" height=\"853\" srcset=\"https:\/\/franciscanos.org.br\/noticias\/wp-content\/uploads\/2022\/03\/assembleia_2403_1.jpg 1280w, https:\/\/franciscanos.org.br\/noticias\/wp-content\/uploads\/2022\/03\/assembleia_2403_1-450x300.jpg 450w, https:\/\/franciscanos.org.br\/noticias\/wp-content\/uploads\/2022\/03\/assembleia_2403_1-1024x682.jpg 1024w, https:\/\/franciscanos.org.br\/noticias\/wp-content\/uploads\/2022\/03\/assembleia_2403_1-768x512.jpg 768w, https:\/\/franciscanos.org.br\/noticias\/wp-content\/uploads\/2022\/03\/assembleia_2403_1-150x100.jpg 150w\" sizes=\"(max-width: 1280px) 100vw, 1280px\" \/><\/p>\n<p><em>\u00a0 \u00a0 \u00a0 \u00a0 \u00a0 \u00a0 \u00a0 \u00a0 \u00a0 \u00a0 \u00a0 \u00a0 \u00a0 \u00a0 \u00a0 \u00a0 \u00a0 \u00a0Frei Daniel Alejandro Fleitas, o novo presidente da Confer\u00eancia<\/em><\/p>\n<p>O servi\u00e7o de Evangeliza\u00e7\u00e3o e Miss\u00e3o ter\u00e1 como primeiro coordenador, Frei Edgard Alves Pereira e, como segundo, Frei Cesar Sosa. J\u00e1 o Servi\u00e7o de Justi\u00e7a, Paz e Integridade da Cria\u00e7\u00e3o (JPIC) ter\u00e1 como primeiro coordenador Frei Alejandro Ver\u00f3n; como segundo, Frei Marx Rodrigues e Frei Joao Pablo. A educa\u00e7\u00e3o ter\u00e1 quatro coordenadores: 1. Frei Claudino Gilz, 2. Frei Horacio Duarte, 3. Frei Alex Oliveira Almeida e 4. Frei Claudio Equiza. A Forma\u00e7\u00e3o e Estudos elegeu: 1. Frei Fernado Ferrario e 2. Frei Marcos Andrade, enquanto a Forma\u00e7\u00e3o Permanente ser\u00e1 animada por Frei Marcos A. Bizerra de Melo. A Anima\u00e7\u00e3o Vocacional ter\u00e1: 1. Frei Je\u00e2 Paulo Andrade e Frei Luis Cisterna.<\/p>\n<p>Frei Daniel tem 52 anos e \u00e9 natural de Salta, no Norte da Argentina. Ingressou na Ordem dos Frades Menores em 1988 e fez a Profiss\u00e3o Solene em 1994. Foi ordenado presb\u00edtero em 2000. Antes de ser eleito Ministro Provincial da Prov\u00edncia S\u00e3o Francisco Solano em 2016, Frei Daniel foi mestre dos Professos Tempor\u00e1rios por 11 anos, mestre dos postulantes por 4 anos, Secret\u00e1rio da Forma\u00e7\u00e3o e Vig\u00e1rio Provincial por 9 anos. O novo presidente tem Licenciatura em Psicologia, curso que fez em Roma por cinco anos.<\/p>\n<p>Frei Daniel agradeceu aos Ministros e Cust\u00f3dios, que confiaram a ele a anima\u00e7\u00e3o desta Confer\u00eancia e encarou com alegria e disposi\u00e7\u00e3o de trabalhar &#8220;pela comunh\u00e3o e colabora\u00e7\u00e3o do nosso carisma&#8221;.<\/p>\n\n\t\t<style type=\"text\/css\">\n\t\t\t#gallery-1 {\n\t\t\t\tmargin: auto;\n\t\t\t}\n\t\t\t#gallery-1 .gallery-item {\n\t\t\t\tfloat: left;\n\t\t\t\tmargin-top: 10px;\n\t\t\t\ttext-align: center;\n\t\t\t\twidth: 14%;\n\t\t\t}\n\t\t\t#gallery-1 img {\n\t\t\t\tborder: 2px solid #cfcfcf;\n\t\t\t}\n\t\t\t#gallery-1 .gallery-caption {\n\t\t\t\tmargin-left: 0;\n\t\t\t}\n\t\t\t\/* see gallery_shortcode() in wp-includes\/media.php *\/\n\t\t<\/style>\n\t\t<div id='gallery-1' class='gallery galleryid-236946 gallery-columns-7 gallery-size-thumbnail'><dl class='gallery-item'>\n\t\t\t<dt class='gallery-icon landscape'>\n\t\t\t\t<a href='https:\/\/franciscanos.org.br\/noticias\/wp-content\/uploads\/2022\/03\/assembleiaquarto_01.jpg'><img width=\"300\" height=\"300\" src=\"https:\/\/franciscanos.org.br\/noticias\/wp-content\/uploads\/2022\/03\/assembleiaquarto_01-300x300.jpg\" class=\"attachment-thumbnail size-thumbnail\" alt=\"\" loading=\"lazy\" srcset=\"https:\/\/franciscanos.org.br\/noticias\/wp-content\/uploads\/2022\/03\/assembleiaquarto_01-300x300.jpg 300w, https:\/\/franciscanos.org.br\/noticias\/wp-content\/uploads\/2022\/03\/assembleiaquarto_01-100x100.jpg 100w\" sizes=\"(max-width: 300px) 100vw, 300px\" \/><\/a>\n\t\t\t<\/dt><\/dl><dl class='gallery-item'>\n\t\t\t<dt class='gallery-icon landscape'>\n\t\t\t\t<a href='https:\/\/franciscanos.org.br\/noticias\/wp-content\/uploads\/2022\/03\/assembleiaquarto_02.jpg'><img width=\"300\" height=\"300\" src=\"https:\/\/franciscanos.org.br\/noticias\/wp-content\/uploads\/2022\/03\/assembleiaquarto_02-300x300.jpg\" class=\"attachment-thumbnail size-thumbnail\" alt=\"\" loading=\"lazy\" srcset=\"https:\/\/franciscanos.org.br\/noticias\/wp-content\/uploads\/2022\/03\/assembleiaquarto_02-300x300.jpg 300w, https:\/\/franciscanos.org.br\/noticias\/wp-content\/uploads\/2022\/03\/assembleiaquarto_02-100x100.jpg 100w\" sizes=\"(max-width: 300px) 100vw, 300px\" \/><\/a>\n\t\t\t<\/dt><\/dl><dl class='gallery-item'>\n\t\t\t<dt class='gallery-icon landscape'>\n\t\t\t\t<a href='https:\/\/franciscanos.org.br\/noticias\/wp-content\/uploads\/2022\/03\/assembleiaquarto_03.jpg'><img width=\"300\" height=\"300\" src=\"https:\/\/franciscanos.org.br\/noticias\/wp-content\/uploads\/2022\/03\/assembleiaquarto_03-300x300.jpg\" class=\"attachment-thumbnail size-thumbnail\" alt=\"\" loading=\"lazy\" srcset=\"https:\/\/franciscanos.org.br\/noticias\/wp-content\/uploads\/2022\/03\/assembleiaquarto_03-300x300.jpg 300w, https:\/\/franciscanos.org.br\/noticias\/wp-content\/uploads\/2022\/03\/assembleiaquarto_03-100x100.jpg 100w\" sizes=\"(max-width: 300px) 100vw, 300px\" \/><\/a>\n\t\t\t<\/dt><\/dl><dl class='gallery-item'>\n\t\t\t<dt class='gallery-icon landscape'>\n\t\t\t\t<a href='https:\/\/franciscanos.org.br\/noticias\/wp-content\/uploads\/2022\/03\/assembleiaquarto_04.jpg'><img width=\"300\" height=\"300\" src=\"https:\/\/franciscanos.org.br\/noticias\/wp-content\/uploads\/2022\/03\/assembleiaquarto_04-300x300.jpg\" class=\"attachment-thumbnail size-thumbnail\" alt=\"\" loading=\"lazy\" srcset=\"https:\/\/franciscanos.org.br\/noticias\/wp-content\/uploads\/2022\/03\/assembleiaquarto_04-300x300.jpg 300w, https:\/\/franciscanos.org.br\/noticias\/wp-content\/uploads\/2022\/03\/assembleiaquarto_04-100x100.jpg 100w\" sizes=\"(max-width: 300px) 100vw, 300px\" \/><\/a>\n\t\t\t<\/dt><\/dl><dl class='gallery-item'>\n\t\t\t<dt class='gallery-icon landscape'>\n\t\t\t\t<a href='https:\/\/franciscanos.org.br\/noticias\/wp-content\/uploads\/2022\/03\/assembleiaquarto_05.jpg'><img width=\"300\" height=\"300\" src=\"https:\/\/franciscanos.org.br\/noticias\/wp-content\/uploads\/2022\/03\/assembleiaquarto_05-300x300.jpg\" class=\"attachment-thumbnail size-thumbnail\" alt=\"\" loading=\"lazy\" srcset=\"https:\/\/franciscanos.org.br\/noticias\/wp-content\/uploads\/2022\/03\/assembleiaquarto_05-300x300.jpg 300w, https:\/\/franciscanos.org.br\/noticias\/wp-content\/uploads\/2022\/03\/assembleiaquarto_05-100x100.jpg 100w\" sizes=\"(max-width: 300px) 100vw, 300px\" \/><\/a>\n\t\t\t<\/dt><\/dl><dl class='gallery-item'>\n\t\t\t<dt class='gallery-icon landscape'>\n\t\t\t\t<a href='https:\/\/franciscanos.org.br\/noticias\/wp-content\/uploads\/2022\/03\/assembleiaquarto_06.jpg'><img width=\"300\" height=\"300\" src=\"https:\/\/franciscanos.org.br\/noticias\/wp-content\/uploads\/2022\/03\/assembleiaquarto_06-300x300.jpg\" class=\"attachment-thumbnail size-thumbnail\" alt=\"\" loading=\"lazy\" srcset=\"https:\/\/franciscanos.org.br\/noticias\/wp-content\/uploads\/2022\/03\/assembleiaquarto_06-300x300.jpg 300w, https:\/\/franciscanos.org.br\/noticias\/wp-content\/uploads\/2022\/03\/assembleiaquarto_06-100x100.jpg 100w\" sizes=\"(max-width: 300px) 100vw, 300px\" \/><\/a>\n\t\t\t<\/dt><\/dl><dl class='gallery-item'>\n\t\t\t<dt class='gallery-icon landscape'>\n\t\t\t\t<a href='https:\/\/franciscanos.org.br\/noticias\/wp-content\/uploads\/2022\/03\/assembleiaquarto_07.jpg'><img width=\"300\" height=\"300\" src=\"https:\/\/franciscanos.org.br\/noticias\/wp-content\/uploads\/2022\/03\/assembleiaquarto_07-300x300.jpg\" class=\"attachment-thumbnail size-thumbnail\" alt=\"\" loading=\"lazy\" srcset=\"https:\/\/franciscanos.org.br\/noticias\/wp-content\/uploads\/2022\/03\/assembleiaquarto_07-300x300.jpg 300w, https:\/\/franciscanos.org.br\/noticias\/wp-content\/uploads\/2022\/03\/assembleiaquarto_07-100x100.jpg 100w\" sizes=\"(max-width: 300px) 100vw, 300px\" \/><\/a>\n\t\t\t<\/dt><\/dl><br style=\"clear: both\" \/>\n\t\t<\/div>\n\n<p><em>\u00a0 \u00a0 \u00a0 \u00a0 \u00a0 \u00a0 \u00a0 \u00a0 \u00a0 \u00a0 \u00a0 \u00a0 \u00a0 \u00a0 \u00a0 \u00a0 \u00a0 \u00a0 \u00a0 \u00a0 \u00a0 \u00a0 \u00a0 (clique nas imagens para ampli\u00e1-las)<\/em><\/p>\n<p><strong>Que avalia\u00e7\u00e3o o sr. faz desta Assembleia?<\/strong><\/p>\n<p>Na reuni\u00e3o com os Ministros e Cust\u00f3dios, fizemos uma avalia\u00e7\u00e3o e creio que superamos as expectativas para esta Assembleia, para este passo novo da Confer\u00eancia. A avalia\u00e7\u00e3o que fizemos foi positiva, em primeiro lugar pela disposi\u00e7\u00e3o dos frades. Eles receberam como boa not\u00edcia este novo passo, depois destaco a participa\u00e7\u00e3o, a escuta, o interc\u00e2mbio que houve entre os irm\u00e3os, numa boa troca de experi\u00eancias. Isso foi mais do que esper\u00e1vamos. Me alegro com as conclus\u00f5es que chegamos.<\/p>\n<p><strong>Que perspectivas se apresentam para o sr. esta nova entidade?<\/strong><\/p>\n<p>A primeira \u00e9 conhecer mais as Prov\u00edncias, suas experi\u00eancias, riquezas e valores. Essas experi\u00eancias podem nos acompanhar, ajudar-nos nas nossas limita\u00e7\u00f5es, nas nossas necessidades que teremos. Creio que a Ordem, a C\u00faria Geral, nos convida a repensar e apontar a vida religiosa que queremos? Que Ordem queremos viver neste tempo? Qual Ordem que teremos para, juntos, animar e apoiar? Enfim, que anima\u00e7\u00e3o franciscana queremos para Brasil, Paraguai e Argentina?<\/p>\n\n\t\t<style type=\"text\/css\">\n\t\t\t#gallery-2 {\n\t\t\t\tmargin: auto;\n\t\t\t}\n\t\t\t#gallery-2 .gallery-item {\n\t\t\t\tfloat: left;\n\t\t\t\tmargin-top: 10px;\n\t\t\t\ttext-align: center;\n\t\t\t\twidth: 14%;\n\t\t\t}\n\t\t\t#gallery-2 img {\n\t\t\t\tborder: 2px solid #cfcfcf;\n\t\t\t}\n\t\t\t#gallery-2 .gallery-caption {\n\t\t\t\tmargin-left: 0;\n\t\t\t}\n\t\t\t\/* see gallery_shortcode() in wp-includes\/media.php *\/\n\t\t<\/style>\n\t\t<div id='gallery-2' class='gallery galleryid-236946 gallery-columns-7 gallery-size-thumbnail'><dl class='gallery-item'>\n\t\t\t<dt class='gallery-icon landscape'>\n\t\t\t\t<a href='https:\/\/franciscanos.org.br\/noticias\/wp-content\/uploads\/2022\/03\/quarto_01.jpg'><img width=\"300\" height=\"300\" src=\"https:\/\/franciscanos.org.br\/noticias\/wp-content\/uploads\/2022\/03\/quarto_01-300x300.jpg\" class=\"attachment-thumbnail size-thumbnail\" alt=\"\" loading=\"lazy\" srcset=\"https:\/\/franciscanos.org.br\/noticias\/wp-content\/uploads\/2022\/03\/quarto_01-300x300.jpg 300w, https:\/\/franciscanos.org.br\/noticias\/wp-content\/uploads\/2022\/03\/quarto_01-100x100.jpg 100w\" sizes=\"(max-width: 300px) 100vw, 300px\" \/><\/a>\n\t\t\t<\/dt><\/dl><dl class='gallery-item'>\n\t\t\t<dt class='gallery-icon landscape'>\n\t\t\t\t<a href='https:\/\/franciscanos.org.br\/noticias\/wp-content\/uploads\/2022\/03\/quarto_02.jpg'><img width=\"300\" height=\"300\" src=\"https:\/\/franciscanos.org.br\/noticias\/wp-content\/uploads\/2022\/03\/quarto_02-300x300.jpg\" class=\"attachment-thumbnail size-thumbnail\" alt=\"\" loading=\"lazy\" srcset=\"https:\/\/franciscanos.org.br\/noticias\/wp-content\/uploads\/2022\/03\/quarto_02-300x300.jpg 300w, https:\/\/franciscanos.org.br\/noticias\/wp-content\/uploads\/2022\/03\/quarto_02-100x100.jpg 100w\" sizes=\"(max-width: 300px) 100vw, 300px\" \/><\/a>\n\t\t\t<\/dt><\/dl><dl class='gallery-item'>\n\t\t\t<dt class='gallery-icon landscape'>\n\t\t\t\t<a href='https:\/\/franciscanos.org.br\/noticias\/wp-content\/uploads\/2022\/03\/quarto_03.jpg'><img width=\"300\" height=\"300\" src=\"https:\/\/franciscanos.org.br\/noticias\/wp-content\/uploads\/2022\/03\/quarto_03-300x300.jpg\" class=\"attachment-thumbnail size-thumbnail\" alt=\"\" loading=\"lazy\" srcset=\"https:\/\/franciscanos.org.br\/noticias\/wp-content\/uploads\/2022\/03\/quarto_03-300x300.jpg 300w, https:\/\/franciscanos.org.br\/noticias\/wp-content\/uploads\/2022\/03\/quarto_03-100x100.jpg 100w\" sizes=\"(max-width: 300px) 100vw, 300px\" \/><\/a>\n\t\t\t<\/dt><\/dl><dl class='gallery-item'>\n\t\t\t<dt class='gallery-icon landscape'>\n\t\t\t\t<a href='https:\/\/franciscanos.org.br\/noticias\/wp-content\/uploads\/2022\/03\/quarto_04.jpg'><img width=\"300\" height=\"300\" src=\"https:\/\/franciscanos.org.br\/noticias\/wp-content\/uploads\/2022\/03\/quarto_04-300x300.jpg\" class=\"attachment-thumbnail size-thumbnail\" alt=\"\" loading=\"lazy\" srcset=\"https:\/\/franciscanos.org.br\/noticias\/wp-content\/uploads\/2022\/03\/quarto_04-300x300.jpg 300w, https:\/\/franciscanos.org.br\/noticias\/wp-content\/uploads\/2022\/03\/quarto_04-100x100.jpg 100w\" sizes=\"(max-width: 300px) 100vw, 300px\" \/><\/a>\n\t\t\t<\/dt><\/dl><dl class='gallery-item'>\n\t\t\t<dt class='gallery-icon landscape'>\n\t\t\t\t<a href='https:\/\/franciscanos.org.br\/noticias\/wp-content\/uploads\/2022\/03\/quarto_05.jpg'><img width=\"300\" height=\"300\" src=\"https:\/\/franciscanos.org.br\/noticias\/wp-content\/uploads\/2022\/03\/quarto_05-300x300.jpg\" class=\"attachment-thumbnail size-thumbnail\" alt=\"\" loading=\"lazy\" srcset=\"https:\/\/franciscanos.org.br\/noticias\/wp-content\/uploads\/2022\/03\/quarto_05-300x300.jpg 300w, https:\/\/franciscanos.org.br\/noticias\/wp-content\/uploads\/2022\/03\/quarto_05-100x100.jpg 100w\" sizes=\"(max-width: 300px) 100vw, 300px\" \/><\/a>\n\t\t\t<\/dt><\/dl><dl class='gallery-item'>\n\t\t\t<dt class='gallery-icon landscape'>\n\t\t\t\t<a href='https:\/\/franciscanos.org.br\/noticias\/wp-content\/uploads\/2022\/03\/quarto_06.jpg'><img width=\"300\" height=\"300\" src=\"https:\/\/franciscanos.org.br\/noticias\/wp-content\/uploads\/2022\/03\/quarto_06-300x300.jpg\" class=\"attachment-thumbnail size-thumbnail\" alt=\"\" loading=\"lazy\" srcset=\"https:\/\/franciscanos.org.br\/noticias\/wp-content\/uploads\/2022\/03\/quarto_06-300x300.jpg 300w, https:\/\/franciscanos.org.br\/noticias\/wp-content\/uploads\/2022\/03\/quarto_06-100x100.jpg 100w\" sizes=\"(max-width: 300px) 100vw, 300px\" \/><\/a>\n\t\t\t<\/dt><\/dl><dl class='gallery-item'>\n\t\t\t<dt class='gallery-icon landscape'>\n\t\t\t\t<a href='https:\/\/franciscanos.org.br\/noticias\/wp-content\/uploads\/2022\/03\/quarto_07.jpg'><img width=\"300\" height=\"300\" src=\"https:\/\/franciscanos.org.br\/noticias\/wp-content\/uploads\/2022\/03\/quarto_07-300x300.jpg\" class=\"attachment-thumbnail size-thumbnail\" alt=\"\" loading=\"lazy\" srcset=\"https:\/\/franciscanos.org.br\/noticias\/wp-content\/uploads\/2022\/03\/quarto_07-300x300.jpg 300w, https:\/\/franciscanos.org.br\/noticias\/wp-content\/uploads\/2022\/03\/quarto_07-100x100.jpg 100w\" sizes=\"(max-width: 300px) 100vw, 300px\" \/><\/a>\n\t\t\t<\/dt><\/dl><br style=\"clear: both\" \/>\n\t\t<\/div>\n\n<p><em>\u00a0 \u00a0 \u00a0 \u00a0 \u00a0 \u00a0 \u00a0 \u00a0 \u00a0 \u00a0 \u00a0 \u00a0 \u00a0 \u00a0 \u00a0 \u00a0 \u00a0 \u00a0 \u00a0 \u00a0 \u00a0 (clique nas imagens para ampli\u00e1-las)<\/em><\/p>\n<p><strong>Como fazer a anima\u00e7\u00e3o de uma entidade t\u00e3o grande, talvez a maior da Ordem?<\/strong><\/p>\n<p>Sim, ela \u00e9 a maior da Ordem. Creio que \u00e9 importante confiar nos irm\u00e3os e na disposi\u00e7\u00e3o dos que foram eleitos para os servi\u00e7os. A comunica\u00e7\u00e3o tamb\u00e9m ser\u00e1 muito importante neste momento para criar v\u00ednculos novos. Creio que este \u00e9 o momento de aproveitar esta energia, esse entusiasmo, esse interc\u00e2mbio. N\u00e3o podemos perder esse entusiasmo criado.<\/p>\n<p>A pr\u00f3xima Assembleia da Confer\u00eancia ser\u00e1 de 25 a 27 de agosto na cidade de Lambar\u00e9, pr\u00f3xima da capital Assun\u00e7\u00e3o, no Paraguai.<\/p>\n<p><img loading=\"lazy\" class=\"alignnone size-full wp-image-236958\" src=\"https:\/\/franciscanos.org.br\/noticias\/wp-content\/uploads\/2022\/03\/assembleia_2403_4.jpg\" alt=\"\" width=\"1200\" height=\"1600\" srcset=\"https:\/\/franciscanos.org.br\/noticias\/wp-content\/uploads\/2022\/03\/assembleia_2403_4.jpg 810w, https:\/\/franciscanos.org.br\/noticias\/wp-content\/uploads\/2022\/03\/assembleia_2403_4-338x450.jpg 338w, https:\/\/franciscanos.org.br\/noticias\/wp-content\/uploads\/2022\/03\/assembleia_2403_4-768x1024.jpg 768w, https:\/\/franciscanos.org.br\/noticias\/wp-content\/uploads\/2022\/03\/assembleia_2403_4-1152x1536.jpg 1152w, https:\/\/franciscanos.org.br\/noticias\/wp-content\/uploads\/2022\/03\/assembleia_2403_4-150x200.jpg 150w\" sizes=\"(max-width: 1200px) 100vw, 1200px\" \/><\/p>\n<p><strong>O GESTO DE CLARA<\/strong><\/p>\n<p>O dia come\u00e7ou com a Celebra\u00e7\u00e3o Eucar\u00edstica, \u00e0s 7 horas, na capela da Casa de Eventos e Hospedagem Sagrada Fam\u00edlia e foi presidida pelo presidente da Uni\u00e3o das Confer\u00eancias Franciscanas da Am\u00e9rica Latina (UCLAF), Jos\u00e9 Al\u00edrio Urbina Rodriguez, e concelebrada pelo Ministro Provincial da Prov\u00edncia da Imaculada Concei\u00e7\u00e3o, Frei Paulo Roberto Pereira, e pelo Ministro Provincial da Prov\u00edncia da Sant\u00edssima Trindade (Chile), Frei Carlos Paz.<\/p>\n<p>Na leitura de um trecho do livro &#8220;Sabedoria de um pobre&#8221;, o autor Eloi Leclerc diz que Clara sabia que Francisco apreciava muito flores. &#8220;E pensava que isso o ajudaria a arrancar do seu cora\u00e7\u00e3o as plantas amargas. \u2014 Agrade\u00e7o-vos \u2014 disse Francisco tomando o saquinho das sementes. Terei nisso muito gosto. Seme\u00e1-las-ei. E, com Le\u00e3o, despediu-se de Clara e de suas irm\u00e3s&#8221;. Este gesto foi repetido pelos frades durante a Missa. Os provinciais entregaram para seus confrades saquinhos com sementes de flores.<\/p>\n<p><img loading=\"lazy\" class=\"alignnone size-full wp-image-236959\" src=\"https:\/\/franciscanos.org.br\/noticias\/wp-content\/uploads\/2022\/03\/assembleia_2403_5.jpg\" alt=\"\" width=\"1280\" height=\"853\" srcset=\"https:\/\/franciscanos.org.br\/noticias\/wp-content\/uploads\/2022\/03\/assembleia_2403_5.jpg 1280w, https:\/\/franciscanos.org.br\/noticias\/wp-content\/uploads\/2022\/03\/assembleia_2403_5-450x300.jpg 450w, https:\/\/franciscanos.org.br\/noticias\/wp-content\/uploads\/2022\/03\/assembleia_2403_5-1024x682.jpg 1024w, https:\/\/franciscanos.org.br\/noticias\/wp-content\/uploads\/2022\/03\/assembleia_2403_5-768x512.jpg 768w, https:\/\/franciscanos.org.br\/noticias\/wp-content\/uploads\/2022\/03\/assembleia_2403_5-150x100.jpg 150w\" sizes=\"(max-width: 1280px) 100vw, 1280px\" \/><\/p>\n<p>Nos espa\u00e7os de anima\u00e7\u00e3o, os frades tiveram como tarefas: recordar para que foi convocada a Assembleia:\u00a0 descobrir o nascimento de uma nova Confer\u00eancia, um novo espa\u00e7o de anima\u00e7\u00e3o para nossas entidades em nossos pa\u00edses, conhecer e compartilhar e propor caminhos de anima\u00e7\u00e3o; O que precisamos de mais importante de cada servi\u00e7o de anima\u00e7\u00e3o para este momento? Propostas de a\u00e7\u00e3o, agenda poss\u00edvel e modos de comunica\u00e7\u00e3o; media\u00e7\u00f5es de curto e longo prazo; recolher as experi\u00eancias e prop\u00f4-las? Criar e\/ou transformar novas possibilidades e propostas dos irm\u00e3os para a anima\u00e7\u00e3o.<\/p>\n<p>O dia tamb\u00e9m foi reservado para a foto hist\u00f3rica desta primeira Assembleia da nova Confer\u00eancia do Brasil e Cone Sul.<\/p>\n<p><img loading=\"lazy\" class=\"alignnone size-full wp-image-236956\" src=\"https:\/\/franciscanos.org.br\/noticias\/wp-content\/uploads\/2022\/03\/assembleia_2403_2.jpg\" alt=\"\" width=\"1280\" height=\"853\" srcset=\"https:\/\/franciscanos.org.br\/noticias\/wp-content\/uploads\/2022\/03\/assembleia_2403_2.jpg 1280w, https:\/\/franciscanos.org.br\/noticias\/wp-content\/uploads\/2022\/03\/assembleia_2403_2-450x300.jpg 450w, https:\/\/franciscanos.org.br\/noticias\/wp-content\/uploads\/2022\/03\/assembleia_2403_2-1024x682.jpg 1024w, https:\/\/franciscanos.org.br\/noticias\/wp-content\/uploads\/2022\/03\/assembleia_2403_2-768x512.jpg 768w, https:\/\/franciscanos.org.br\/noticias\/wp-content\/uploads\/2022\/03\/assembleia_2403_2-150x100.jpg 150w\" sizes=\"(max-width: 1280px) 100vw, 1280px\" \/><\/p>\n<p><strong>MEMORIAL SANTA PAULINA<\/strong><\/p>\n<p>Os frades que est\u00e3o hospedados na Casa de Eventos e Hospedagem Sagrada Fam\u00edlia, no bairro do Ipiranga (SP), fizeram &#8216;um tour&#8217; nesta quinta-feira (24) no Memorial Santa Paulina. Conduzidos pela Ir. Luciana Feitosa, conheceram a trajet\u00f3ria hist\u00f3rica da primeira santa brasileira, mulher humilde e corajosa que trilhou o caminho da santidade; o orat\u00f3rio, onde ela costumava fazer suas ora\u00e7\u00f5es; a cronologia de sua vida; e os objetos de uso pessoal.<\/p>\n<p>Santa Paulina morreu aos 76 anos, nesta Casa Geral em S\u00e3o Paulo, dia 9 de julho de 1942, com fama de santidade, pois viveu em grau heroico as virtudes de f\u00e9, esperan\u00e7a e caridade e demais virtudes. Nesta Casa ela passou os \u00faltimos 24 anos de sua vida.<\/p>\n<p><img loading=\"lazy\" class=\"alignnone size-full wp-image-236957\" src=\"https:\/\/franciscanos.org.br\/noticias\/wp-content\/uploads\/2022\/03\/assembleia_2403_3.jpg\" alt=\"\" width=\"1280\" height=\"759\" srcset=\"https:\/\/franciscanos.org.br\/noticias\/wp-content\/uploads\/2022\/03\/assembleia_2403_3.jpg 1280w, https:\/\/franciscanos.org.br\/noticias\/wp-content\/uploads\/2022\/03\/assembleia_2403_3-450x267.jpg 450w, https:\/\/franciscanos.org.br\/noticias\/wp-content\/uploads\/2022\/03\/assembleia_2403_3-1024x607.jpg 1024w, https:\/\/franciscanos.org.br\/noticias\/wp-content\/uploads\/2022\/03\/assembleia_2403_3-768x455.jpg 768w, https:\/\/franciscanos.org.br\/noticias\/wp-content\/uploads\/2022\/03\/assembleia_2403_3-150x89.jpg 150w\" sizes=\"(max-width: 1280px) 100vw, 1280px\" \/><\/p>\n<p><em>O Orat\u00f3rio em que Madre Paulina passava at\u00e9 10 horas em ora\u00e7\u00e3o.<\/em><\/p>\n<p>O Memorial mostra os passos mission\u00e1rios da Congrega\u00e7\u00e3o das Irm\u00e3zinhas da Imaculada Concei\u00e7\u00e3o, em diferentes pa\u00edses. Com os pais, irm\u00e3os e outras fam\u00edlias da regi\u00e3o de Trentino Alto \u00c1dige, emigra para o Brasil em 1875 e, antes de completar dez anos, passa a morar em V\u00edgolo, na cidade de Nova Trento, em Santa Catarina, na regi\u00e3o sul do Brasil.<\/p>\n<p>Madre Paulina foi canonizada no dia 19 de maio de 2002, na Pra\u00e7a de S\u00e3o Pedro, e passou a ser chamada de Santa Paulina do Cora\u00e7\u00e3o Agonizante de Jesus.<\/p>\n<p>O Memorial \u00e9 aberto de ter\u00e7a-feira a domingo, das 9h \u00e0s 16h.<\/p>\n<hr \/>\n<p><em>Comunica\u00e7\u00e3o da Prov\u00edncia da Imaculada Concei\u00e7\u00e3o<\/em><\/p>\n","protected":false},"excerpt":{"rendered":"<p>Assembleia Ampliada da Confer\u00eancia Franciscana do Brasil e do Cone Sul<\/p>\n","protected":false},"author":3,"featured_media":236947,"comment_status":"open","ping_status":"open","sticky":false,"template":"","format":"standard","meta":[],"categories":[1],"tags":[1996],"acf":[],"yoast_head":"<!-- This site is optimized with the Yoast SEO plugin v19.2 - https:\/\/yoast.com\/wordpress\/plugins\/seo\/ -->\n<title>Frei Daniel \u00e9 eleito presidente da nova Confer\u00eancia Franciscana do Brasil e Cone Sul - Not\u00edcias - Franciscanos<\/title>\n<meta name=\"robots\" content=\"index, follow, max-snippet:-1, max-image-preview:large, max-video-preview:-1\" \/>\n<link rel=\"canonical\" href=\"https:\/\/franciscanos.org.br\/noticias\/frei-daniel-e-eleito-presidente-da-nova-conferencia-franciscana-do-brasil-e-cone-sul.html\" \/>\n<meta property=\"og:locale\" content=\"pt_BR\" \/>\n<meta property=\"og:type\" content=\"article\" \/>\n<meta property=\"og:title\" content=\"Frei Daniel \u00e9 eleito presidente da nova Confer\u00eancia Franciscana do Brasil e Cone Sul - Not\u00edcias - Franciscanos\" \/>\n<meta property=\"og:description\" content=\"Assembleia Ampliada da Confer\u00eancia Franciscana do Brasil e do Cone Sul\" \/>\n<meta property=\"og:url\" content=\"https:\/\/franciscanos.org.br\/noticias\/frei-daniel-e-eleito-presidente-da-nova-conferencia-franciscana-do-brasil-e-cone-sul.html\" \/>\n<meta property=\"og:site_name\" content=\"Not\u00edcias - Franciscanos\" \/>\n<meta property=\"article:published_time\" content=\"2022-03-24T22:57:05+00:00\" \/>\n<meta property=\"article:modified_time\" content=\"2023-01-03T17:23:27+00:00\" \/>\n<meta property=\"og:image\" content=\"https:\/\/franciscanos.org.br\/noticias\/wp-content\/uploads\/2022\/03\/assembleia_2403.jpg\" \/>\n\t<meta property=\"og:image:width\" content=\"1280\" \/>\n\t<meta property=\"og:image:height\" content=\"720\" \/>\n\t<meta property=\"og:image:type\" content=\"image\/jpeg\" \/>\n<meta name=\"author\" content=\"moacir\" \/>\n<meta name=\"twitter:card\" content=\"summary_large_image\" \/>\n<meta name=\"twitter:label1\" content=\"Escrito por\" \/>\n\t<meta name=\"twitter:data1\" content=\"moacir\" \/>\n\t<meta name=\"twitter:label2\" content=\"Est. tempo de leitura\" \/>\n\t<meta name=\"twitter:data2\" content=\"7 minutos\" \/>\n<script type=\"application\/ld+json\" class=\"yoast-schema-graph\">{\"@context\":\"https:\/\/schema.org\",\"@graph\":[{\"@type\":\"WebSite\",\"@id\":\"https:\/\/franciscanos.org.br\/noticias\/#website\",\"url\":\"https:\/\/franciscanos.org.br\/noticias\/\",\"name\":\"Not\u00edcias - Franciscanos\",\"description\":\"Prov\u00edncia Franciscana da Imaculada Concei\u00e7\u00e3o do Brasil - Ordem dos Frades Menores - OFM\",\"potentialAction\":[{\"@type\":\"SearchAction\",\"target\":{\"@type\":\"EntryPoint\",\"urlTemplate\":\"https:\/\/franciscanos.org.br\/noticias\/?s={search_term_string}\"},\"query-input\":\"required name=search_term_string\"}],\"inLanguage\":\"pt-BR\"},{\"@type\":\"ImageObject\",\"inLanguage\":\"pt-BR\",\"@id\":\"https:\/\/franciscanos.org.br\/noticias\/frei-daniel-e-eleito-presidente-da-nova-conferencia-franciscana-do-brasil-e-cone-sul.html#primaryimage\",\"url\":\"https:\/\/franciscanos.org.br\/noticias\/wp-content\/uploads\/2022\/03\/assembleia_2403.jpg\",\"contentUrl\":\"https:\/\/franciscanos.org.br\/noticias\/wp-content\/uploads\/2022\/03\/assembleia_2403.jpg\",\"width\":1280,\"height\":720},{\"@type\":\"WebPage\",\"@id\":\"https:\/\/franciscanos.org.br\/noticias\/frei-daniel-e-eleito-presidente-da-nova-conferencia-franciscana-do-brasil-e-cone-sul.html#webpage\",\"url\":\"https:\/\/franciscanos.org.br\/noticias\/frei-daniel-e-eleito-presidente-da-nova-conferencia-franciscana-do-brasil-e-cone-sul.html\",\"name\":\"Frei Daniel \u00e9 eleito presidente da nova Confer\u00eancia Franciscana do Brasil e Cone Sul - Not\u00edcias - Franciscanos\",\"isPartOf\":{\"@id\":\"https:\/\/franciscanos.org.br\/noticias\/#website\"},\"primaryImageOfPage\":{\"@id\":\"https:\/\/franciscanos.org.br\/noticias\/frei-daniel-e-eleito-presidente-da-nova-conferencia-franciscana-do-brasil-e-cone-sul.html#primaryimage\"},\"datePublished\":\"2022-03-24T22:57:05+00:00\",\"dateModified\":\"2023-01-03T17:23:27+00:00\",\"author\":{\"@id\":\"https:\/\/franciscanos.org.br\/noticias\/#\/schema\/person\/b5c8cba458c330ccff548b056e95a5d4\"},\"breadcrumb\":{\"@id\":\"https:\/\/franciscanos.org.br\/noticias\/frei-daniel-e-eleito-presidente-da-nova-conferencia-franciscana-do-brasil-e-cone-sul.html#breadcrumb\"},\"inLanguage\":\"pt-BR\",\"potentialAction\":[{\"@type\":\"ReadAction\",\"target\":[\"https:\/\/franciscanos.org.br\/noticias\/frei-daniel-e-eleito-presidente-da-nova-conferencia-franciscana-do-brasil-e-cone-sul.html\"]}]},{\"@type\":\"BreadcrumbList\",\"@id\":\"https:\/\/franciscanos.org.br\/noticias\/frei-daniel-e-eleito-presidente-da-nova-conferencia-franciscana-do-brasil-e-cone-sul.html#breadcrumb\",\"itemListElement\":[{\"@type\":\"ListItem\",\"position\":1,\"name\":\"Home\",\"item\":\"https:\/\/franciscanos.org.br\/noticias\"},{\"@type\":\"ListItem\",\"position\":2,\"name\":\"Frei Daniel \u00e9 eleito presidente da nova Confer\u00eancia Franciscana do Brasil e Cone Sul\"}]},{\"@type\":\"Person\",\"@id\":\"https:\/\/franciscanos.org.br\/noticias\/#\/schema\/person\/b5c8cba458c330ccff548b056e95a5d4\",\"name\":\"moacir\",\"image\":{\"@type\":\"ImageObject\",\"inLanguage\":\"pt-BR\",\"@id\":\"https:\/\/franciscanos.org.br\/noticias\/#\/schema\/person\/image\/\",\"url\":\"https:\/\/secure.gravatar.com\/avatar\/d08aa2ce4c8dd416d4479aa8536fcf64?s=96&d=mm&r=g\",\"contentUrl\":\"https:\/\/secure.gravatar.com\/avatar\/d08aa2ce4c8dd416d4479aa8536fcf64?s=96&d=mm&r=g\",\"caption\":\"moacir\"},\"url\":\"https:\/\/franciscanos.org.br\/noticias\/author\/moacir\"}]}<\/script>\n<!-- \/ Yoast SEO plugin. -->","yoast_head_json":{"title":"Frei Daniel \u00e9 eleito presidente da nova Confer\u00eancia Franciscana do Brasil e Cone Sul - Not\u00edcias - Franciscanos","robots":{"index":"index","follow":"follow","max-snippet":"max-snippet:-1","max-image-preview":"max-image-preview:large","max-video-preview":"max-video-preview:-1"},"canonical":"https:\/\/franciscanos.org.br\/noticias\/frei-daniel-e-eleito-presidente-da-nova-conferencia-franciscana-do-brasil-e-cone-sul.html","og_locale":"pt_BR","og_type":"article","og_title":"Frei Daniel \u00e9 eleito presidente da nova Confer\u00eancia Franciscana do Brasil e Cone Sul - Not\u00edcias - Franciscanos","og_description":"Assembleia Ampliada da Confer\u00eancia Franciscana do Brasil e do Cone Sul","og_url":"https:\/\/franciscanos.org.br\/noticias\/frei-daniel-e-eleito-presidente-da-nova-conferencia-franciscana-do-brasil-e-cone-sul.html","og_site_name":"Not\u00edcias - Franciscanos","article_published_time":"2022-03-24T22:57:05+00:00","article_modified_time":"2023-01-03T17:23:27+00:00","og_image":[{"width":1280,"height":720,"url":"https:\/\/franciscanos.org.br\/noticias\/wp-content\/uploads\/2022\/03\/assembleia_2403.jpg","type":"image\/jpeg"}],"author":"moacir","twitter_card":"summary_large_image","twitter_misc":{"Escrito por":"moacir","Est. tempo de leitura":"7 minutos"},"schema":{"@context":"https:\/\/schema.org","@graph":[{"@type":"WebSite","@id":"https:\/\/franciscanos.org.br\/noticias\/#website","url":"https:\/\/franciscanos.org.br\/noticias\/","name":"Not\u00edcias - Franciscanos","description":"Prov\u00edncia Franciscana da Imaculada Concei\u00e7\u00e3o do Brasil - Ordem dos Frades Menores - OFM","potentialAction":[{"@type":"SearchAction","target":{"@type":"EntryPoint","urlTemplate":"https:\/\/franciscanos.org.br\/noticias\/?s={search_term_string}"},"query-input":"required name=search_term_string"}],"inLanguage":"pt-BR"},{"@type":"ImageObject","inLanguage":"pt-BR","@id":"https:\/\/franciscanos.org.br\/noticias\/frei-daniel-e-eleito-presidente-da-nova-conferencia-franciscana-do-brasil-e-cone-sul.html#primaryimage","url":"https:\/\/franciscanos.org.br\/noticias\/wp-content\/uploads\/2022\/03\/assembleia_2403.jpg","contentUrl":"https:\/\/franciscanos.org.br\/noticias\/wp-content\/uploads\/2022\/03\/assembleia_2403.jpg","width":1280,"height":720},{"@type":"WebPage","@id":"https:\/\/franciscanos.org.br\/noticias\/frei-daniel-e-eleito-presidente-da-nova-conferencia-franciscana-do-brasil-e-cone-sul.html#webpage","url":"https:\/\/franciscanos.org.br\/noticias\/frei-daniel-e-eleito-presidente-da-nova-conferencia-franciscana-do-brasil-e-cone-sul.html","name":"Frei Daniel \u00e9 eleito presidente da nova Confer\u00eancia Franciscana do Brasil e Cone Sul - Not\u00edcias - Franciscanos","isPartOf":{"@id":"https:\/\/franciscanos.org.br\/noticias\/#website"},"primaryImageOfPage":{"@id":"https:\/\/franciscanos.org.br\/noticias\/frei-daniel-e-eleito-presidente-da-nova-conferencia-franciscana-do-brasil-e-cone-sul.html#primaryimage"},"datePublished":"2022-03-24T22:57:05+00:00","dateModified":"2023-01-03T17:23:27+00:00","author":{"@id":"https:\/\/franciscanos.org.br\/noticias\/#\/schema\/person\/b5c8cba458c330ccff548b056e95a5d4"},"breadcrumb":{"@id":"https:\/\/franciscanos.org.br\/noticias\/frei-daniel-e-eleito-presidente-da-nova-conferencia-franciscana-do-brasil-e-cone-sul.html#breadcrumb"},"inLanguage":"pt-BR","potentialAction":[{"@type":"ReadAction","target":["https:\/\/franciscanos.org.br\/noticias\/frei-daniel-e-eleito-presidente-da-nova-conferencia-franciscana-do-brasil-e-cone-sul.html"]}]},{"@type":"BreadcrumbList","@id":"https:\/\/franciscanos.org.br\/noticias\/frei-daniel-e-eleito-presidente-da-nova-conferencia-franciscana-do-brasil-e-cone-sul.html#breadcrumb","itemListElement":[{"@type":"ListItem","position":1,"name":"Home","item":"https:\/\/franciscanos.org.br\/noticias"},{"@type":"ListItem","position":2,"name":"Frei Daniel \u00e9 eleito presidente da nova Confer\u00eancia Franciscana do Brasil e Cone Sul"}]},{"@type":"Person","@id":"https:\/\/franciscanos.org.br\/noticias\/#\/schema\/person\/b5c8cba458c330ccff548b056e95a5d4","name":"moacir","image":{"@type":"ImageObject","inLanguage":"pt-BR","@id":"https:\/\/franciscanos.org.br\/noticias\/#\/schema\/person\/image\/","url":"https:\/\/secure.gravatar.com\/avatar\/d08aa2ce4c8dd416d4479aa8536fcf64?s=96&d=mm&r=g","contentUrl":"https:\/\/secure.gravatar.com\/avatar\/d08aa2ce4c8dd416d4479aa8536fcf64?s=96&d=mm&r=g","caption":"moacir"},"url":"https:\/\/franciscanos.org.br\/noticias\/author\/moacir"}]}},"_links":{"self":[{"href":"https:\/\/franciscanos.org.br\/noticias\/wp-json\/wp\/v2\/posts\/236946"}],"collection":[{"href":"https:\/\/franciscanos.org.br\/noticias\/wp-json\/wp\/v2\/posts"}],"about":[{"href":"https:\/\/franciscanos.org.br\/noticias\/wp-json\/wp\/v2\/types\/post"}],"author":[{"embeddable":true,"href":"https:\/\/franciscanos.org.br\/noticias\/wp-json\/wp\/v2\/users\/3"}],"replies":[{"embeddable":true,"href":"https:\/\/franciscanos.org.br\/noticias\/wp-json\/wp\/v2\/comments?post=236946"}],"version-history":[{"count":3,"href":"https:\/\/franciscanos.org.br\/noticias\/wp-json\/wp\/v2\/posts\/236946\/revisions"}],"predecessor-version":[{"id":241538,"href":"https:\/\/franciscanos.org.br\/noticias\/wp-json\/wp\/v2\/posts\/236946\/revisions\/241538"}],"wp:featuredmedia":[{"embeddable":true,"href":"https:\/\/franciscanos.org.br\/noticias\/wp-json\/wp\/v2\/media\/236947"}],"wp:attachment":[{"href":"https:\/\/franciscanos.org.br\/noticias\/wp-json\/wp\/v2\/media?parent=236946"}],"wp:term":[{"taxonomy":"category","embeddable":true,"href":"https:\/\/franciscanos.org.br\/noticias\/wp-json\/wp\/v2\/categories?post=236946"},{"taxonomy":"post_tag","embeddable":true,"href":"https:\/\/franciscanos.org.br\/noticias\/wp-json\/wp\/v2\/tags?post=236946"}],"curies":[{"name":"wp","href":"https:\/\/api.w.org\/{rel}","templated":true}]}}