{"id":236935,"date":"2022-03-24T06:09:39","date_gmt":"2022-03-24T09:09:39","guid":{"rendered":"https:\/\/franciscanos.org.br\/noticias\/?p=236935"},"modified":"2022-03-24T06:10:09","modified_gmt":"2022-03-24T09:10:09","slug":"frei-jhones-faz-a-profissao-de-fe-no-primeiro-dia-do-triduo","status":"publish","type":"post","link":"https:\/\/franciscanos.org.br\/noticias\/frei-jhones-faz-a-profissao-de-fe-no-primeiro-dia-do-triduo.html","title":{"rendered":"Frei Jhones faz a Profiss\u00e3o de F\u00e9 no primeiro dia do Tr\u00edduo"},"content":{"rendered":"<p><img loading=\"lazy\" class=\"alignnone size-full wp-image-236937\" src=\"https:\/\/franciscanos.org.br\/noticias\/wp-content\/uploads\/2022\/03\/triduo_2403_2.jpg\" alt=\"\" width=\"1184\" height=\"789\" srcset=\"https:\/\/franciscanos.org.br\/noticias\/wp-content\/uploads\/2022\/03\/triduo_2403_2.jpg 1184w, https:\/\/franciscanos.org.br\/noticias\/wp-content\/uploads\/2022\/03\/triduo_2403_2-450x300.jpg 450w, https:\/\/franciscanos.org.br\/noticias\/wp-content\/uploads\/2022\/03\/triduo_2403_2-1024x682.jpg 1024w, https:\/\/franciscanos.org.br\/noticias\/wp-content\/uploads\/2022\/03\/triduo_2403_2-768x512.jpg 768w, https:\/\/franciscanos.org.br\/noticias\/wp-content\/uploads\/2022\/03\/triduo_2403_2-150x100.jpg 150w\" sizes=\"(max-width: 1184px) 100vw, 1184px\" \/><\/p>\n<p>Durante toda a quarta-feira, 23, os frades estiveram presentes nas ruas de Macatuba (SP) visitando os lares e o com\u00e9rcio local, partilhando da viv\u00eancia e das hist\u00f3rias que deixaram marcas em cada irm\u00e3o.<\/p>\n<p>O dia come\u00e7ou \u00e0s 8h30 na comunidade Cristo Rei da Par\u00f3quia Santo Ant\u00f4nio, com a ora\u00e7\u00e3o da manh\u00e3, momento de intimidade profunda com Deus para a consagra\u00e7\u00e3o do dia. Ap\u00f3s o momento devocional, os trabalhos foram distribu\u00eddos e os mission\u00e1rios partiram em grupos pelas ruas visitando as casas dos irm\u00e3os enfermos e idosos, levando uma palavra de esperan\u00e7a.<\/p>\n<p>As atividades se estenderam durante toda a tarde, com as visitas nas casas, celebra\u00e7\u00e3o do ter\u00e7o da miseric\u00f3rdia com a comunidade e teve at\u00e9 entrevista na r\u00e1dio.<\/p>\n<p><img loading=\"lazy\" class=\"alignnone size-full wp-image-236936\" src=\"https:\/\/franciscanos.org.br\/noticias\/wp-content\/uploads\/2022\/03\/triduo_2403_1.jpg\" alt=\"\" width=\"1195\" height=\"797\" srcset=\"https:\/\/franciscanos.org.br\/noticias\/wp-content\/uploads\/2022\/03\/triduo_2403_1.jpg 1195w, https:\/\/franciscanos.org.br\/noticias\/wp-content\/uploads\/2022\/03\/triduo_2403_1-450x300.jpg 450w, https:\/\/franciscanos.org.br\/noticias\/wp-content\/uploads\/2022\/03\/triduo_2403_1-1024x683.jpg 1024w, https:\/\/franciscanos.org.br\/noticias\/wp-content\/uploads\/2022\/03\/triduo_2403_1-768x512.jpg 768w, https:\/\/franciscanos.org.br\/noticias\/wp-content\/uploads\/2022\/03\/triduo_2403_1-150x100.jpg 150w\" sizes=\"(max-width: 1195px) 100vw, 1195px\" \/><\/p>\n<p>&nbsp;<\/p>\n<p>\u00c0s 18h30 os frades se reuniram novamente na comunidade Cristo Rei para a ora\u00e7\u00e3o da tarde. Frei Gabriel meditou sobre o bem mais precioso que temos hoje, o tempo! Particularmente porque o primeiro dia do tr\u00edduo foi sobre a voca\u00e7\u00e3o batismal de todo crist\u00e3o. Discutiu-se, ent\u00e3o, a qualidade do nosso tempo doado a Deus, o nosso tempo de ser crist\u00e3o. Com o convite do evangelho, distribuiu-se sal para que os presentes pudessem se recordar de ser sal da terra em todo o tempo de suas vidas.<\/p>\n<p>\u00c0s 19h30, a Eucaristia foi celebrada pelo Padre Armando, amigo de Frei Jhones. Na acolhida, Padre Armando agradeceu as ora\u00e7\u00f5es da comunidade pelas voca\u00e7\u00f5es, que pela terceira vez em tr\u00eas anos ordena um de seus filhos.<\/p>\n<p><img loading=\"lazy\" class=\"alignnone size-full wp-image-236938\" src=\"https:\/\/franciscanos.org.br\/noticias\/wp-content\/uploads\/2022\/03\/triduo_2403_3.jpg\" alt=\"\" width=\"1244\" height=\"829\" srcset=\"https:\/\/franciscanos.org.br\/noticias\/wp-content\/uploads\/2022\/03\/triduo_2403_3.jpg 1244w, https:\/\/franciscanos.org.br\/noticias\/wp-content\/uploads\/2022\/03\/triduo_2403_3-450x300.jpg 450w, https:\/\/franciscanos.org.br\/noticias\/wp-content\/uploads\/2022\/03\/triduo_2403_3-1024x682.jpg 1024w, https:\/\/franciscanos.org.br\/noticias\/wp-content\/uploads\/2022\/03\/triduo_2403_3-768x512.jpg 768w, https:\/\/franciscanos.org.br\/noticias\/wp-content\/uploads\/2022\/03\/triduo_2403_3-150x100.jpg 150w\" sizes=\"(max-width: 1244px) 100vw, 1244px\" \/><\/p>\n<p>&#8220;\u00c9 o tempo do Kair\u00f3s, da gra\u00e7a de Deus em nosso meio&#8221;, destacou, &#8220;os religiosos entre n\u00f3s chama-nos a pensar nossa pr\u00f3pria voca\u00e7\u00e3o. \u00c9 do nosso batismo que nasce a nossa voca\u00e7\u00e3o, da nossa viv\u00eancia cotidiana da f\u00e9&#8221;.<\/p>\n<p>Frei Gabriel Dellandrea, animador vocacional de nossa Prov\u00edncia, animou o rito da Profiss\u00e3o de f\u00e9, primeiro passo no caminho at\u00e9 a ordena\u00e7\u00e3o de Frei Jhones. Os padrinhos de batismo do frade macatubense apresentaram diante do altar do Senhor duas vestes importantes na vida crist\u00e3 e sacerdotal de nosso confrade: sua veste de batismo e uma t\u00fanica que revestir\u00e1 o futuro presb\u00edtero. Diante desses s\u00edmbolos e do C\u00edrio Pascal, Frei Jhones professou a sua f\u00e9 publicamente diante de sua comunidade de origem. Assinando em seguida o documento sobre a mesa da eucaristia e depositando aos p\u00e9s de S\u00e3o Francisco as vestes que marcaram sua caminhada.<\/p>\n<p><img loading=\"lazy\" class=\"alignnone size-full wp-image-236939\" src=\"https:\/\/franciscanos.org.br\/noticias\/wp-content\/uploads\/2022\/03\/triduo_2403_8.jpg\" alt=\"\" width=\"1244\" height=\"829\" srcset=\"https:\/\/franciscanos.org.br\/noticias\/wp-content\/uploads\/2022\/03\/triduo_2403_8.jpg 1244w, https:\/\/franciscanos.org.br\/noticias\/wp-content\/uploads\/2022\/03\/triduo_2403_8-450x300.jpg 450w, https:\/\/franciscanos.org.br\/noticias\/wp-content\/uploads\/2022\/03\/triduo_2403_8-1024x682.jpg 1024w, https:\/\/franciscanos.org.br\/noticias\/wp-content\/uploads\/2022\/03\/triduo_2403_8-768x512.jpg 768w, https:\/\/franciscanos.org.br\/noticias\/wp-content\/uploads\/2022\/03\/triduo_2403_8-150x100.jpg 150w\" sizes=\"(max-width: 1244px) 100vw, 1244px\" \/><\/p>\n<p>Ao final da celebra\u00e7\u00e3o, a comunidade Cristo Rei, que acolheu o primeiro dia desse triduo, presenteou Frei Jhones com uma casula, s\u00edmbolo do minist\u00e9rio que ser\u00e1 assumido pelo frade. Padre Armando reafirmou, ainda, a acolhida aos frades. &#8220;N\u00f3s n\u00e3o temos ouro nem prata, mas o que temos, na simplicidade, queremos compartilhar com voc\u00eas&#8221;.<\/p>\n\n\t\t<style type=\"text\/css\">\n\t\t\t#gallery-1 {\n\t\t\t\tmargin: auto;\n\t\t\t}\n\t\t\t#gallery-1 .gallery-item {\n\t\t\t\tfloat: left;\n\t\t\t\tmargin-top: 10px;\n\t\t\t\ttext-align: center;\n\t\t\t\twidth: 25%;\n\t\t\t}\n\t\t\t#gallery-1 img {\n\t\t\t\tborder: 2px solid #cfcfcf;\n\t\t\t}\n\t\t\t#gallery-1 .gallery-caption {\n\t\t\t\tmargin-left: 0;\n\t\t\t}\n\t\t\t\/* see gallery_shortcode() in wp-includes\/media.php *\/\n\t\t<\/style>\n\t\t<div id='gallery-1' class='gallery galleryid-236935 gallery-columns-4 gallery-size-thumbnail'><dl class='gallery-item'>\n\t\t\t<dt class='gallery-icon landscape'>\n\t\t\t\t<a href='https:\/\/franciscanos.org.br\/noticias\/wp-content\/uploads\/2022\/03\/triduo_2403.jpg'><img width=\"300\" height=\"300\" src=\"https:\/\/franciscanos.org.br\/noticias\/wp-content\/uploads\/2022\/03\/triduo_2403-300x300.jpg\" class=\"attachment-thumbnail size-thumbnail\" alt=\"\" loading=\"lazy\" srcset=\"https:\/\/franciscanos.org.br\/noticias\/wp-content\/uploads\/2022\/03\/triduo_2403-300x300.jpg 300w, https:\/\/franciscanos.org.br\/noticias\/wp-content\/uploads\/2022\/03\/triduo_2403-100x100.jpg 100w\" sizes=\"(max-width: 300px) 100vw, 300px\" \/><\/a>\n\t\t\t<\/dt><\/dl><dl class='gallery-item'>\n\t\t\t<dt class='gallery-icon landscape'>\n\t\t\t\t<a href='https:\/\/franciscanos.org.br\/noticias\/wp-content\/uploads\/2022\/03\/triduo_2403_7.jpg'><img width=\"300\" height=\"300\" src=\"https:\/\/franciscanos.org.br\/noticias\/wp-content\/uploads\/2022\/03\/triduo_2403_7-300x300.jpg\" class=\"attachment-thumbnail size-thumbnail\" alt=\"\" loading=\"lazy\" srcset=\"https:\/\/franciscanos.org.br\/noticias\/wp-content\/uploads\/2022\/03\/triduo_2403_7-300x300.jpg 300w, https:\/\/franciscanos.org.br\/noticias\/wp-content\/uploads\/2022\/03\/triduo_2403_7-100x100.jpg 100w\" sizes=\"(max-width: 300px) 100vw, 300px\" \/><\/a>\n\t\t\t<\/dt><\/dl><dl class='gallery-item'>\n\t\t\t<dt class='gallery-icon landscape'>\n\t\t\t\t<a href='https:\/\/franciscanos.org.br\/noticias\/wp-content\/uploads\/2022\/03\/triduo_2403_6.jpg'><img width=\"300\" height=\"300\" src=\"https:\/\/franciscanos.org.br\/noticias\/wp-content\/uploads\/2022\/03\/triduo_2403_6-300x300.jpg\" class=\"attachment-thumbnail size-thumbnail\" alt=\"\" loading=\"lazy\" srcset=\"https:\/\/franciscanos.org.br\/noticias\/wp-content\/uploads\/2022\/03\/triduo_2403_6-300x300.jpg 300w, https:\/\/franciscanos.org.br\/noticias\/wp-content\/uploads\/2022\/03\/triduo_2403_6-100x100.jpg 100w\" sizes=\"(max-width: 300px) 100vw, 300px\" \/><\/a>\n\t\t\t<\/dt><\/dl><dl class='gallery-item'>\n\t\t\t<dt class='gallery-icon landscape'>\n\t\t\t\t<a href='https:\/\/franciscanos.org.br\/noticias\/wp-content\/uploads\/2022\/03\/triduo_2403_4.jpg'><img width=\"300\" height=\"300\" src=\"https:\/\/franciscanos.org.br\/noticias\/wp-content\/uploads\/2022\/03\/triduo_2403_4-300x300.jpg\" class=\"attachment-thumbnail size-thumbnail\" alt=\"\" loading=\"lazy\" srcset=\"https:\/\/franciscanos.org.br\/noticias\/wp-content\/uploads\/2022\/03\/triduo_2403_4-300x300.jpg 300w, https:\/\/franciscanos.org.br\/noticias\/wp-content\/uploads\/2022\/03\/triduo_2403_4-100x100.jpg 100w\" sizes=\"(max-width: 300px) 100vw, 300px\" \/><\/a>\n\t\t\t<\/dt><\/dl><br style=\"clear: both\" \/>\n\t\t<\/div>\n\n<hr \/>\n<p><em>Frei Gilberto Silveira da Costa Junior, OFM (texto) e Frei Roger Strapazzon, OFM (fotos).<\/em><\/p>\n","protected":false},"excerpt":{"rendered":"<p>Ordena\u00e7\u00e3o Presbiteral de Frei Jhones Martins<\/p>\n","protected":false},"author":3,"featured_media":236937,"comment_status":"open","ping_status":"open","sticky":false,"template":"","format":"standard","meta":[],"categories":[1],"tags":[157],"acf":[],"yoast_head":"<!-- This site is optimized with the Yoast SEO plugin v19.2 - https:\/\/yoast.com\/wordpress\/plugins\/seo\/ -->\n<title>Frei Jhones faz a Profiss\u00e3o de F\u00e9 no primeiro dia do Tr\u00edduo - Not\u00edcias - Franciscanos<\/title>\n<meta name=\"robots\" content=\"index, follow, max-snippet:-1, max-image-preview:large, max-video-preview:-1\" \/>\n<link rel=\"canonical\" href=\"https:\/\/franciscanos.org.br\/noticias\/frei-jhones-faz-a-profissao-de-fe-no-primeiro-dia-do-triduo.html\" \/>\n<meta property=\"og:locale\" content=\"pt_BR\" \/>\n<meta property=\"og:type\" content=\"article\" \/>\n<meta property=\"og:title\" content=\"Frei Jhones faz a Profiss\u00e3o de F\u00e9 no primeiro dia do Tr\u00edduo - Not\u00edcias - Franciscanos\" \/>\n<meta property=\"og:description\" content=\"Ordena\u00e7\u00e3o Presbiteral de Frei Jhones Martins\" \/>\n<meta property=\"og:url\" content=\"https:\/\/franciscanos.org.br\/noticias\/frei-jhones-faz-a-profissao-de-fe-no-primeiro-dia-do-triduo.html\" \/>\n<meta property=\"og:site_name\" content=\"Not\u00edcias - Franciscanos\" \/>\n<meta property=\"article:published_time\" content=\"2022-03-24T09:09:39+00:00\" \/>\n<meta property=\"article:modified_time\" content=\"2022-03-24T09:10:09+00:00\" \/>\n<meta property=\"og:image\" content=\"https:\/\/franciscanos.org.br\/noticias\/wp-content\/uploads\/2022\/03\/triduo_2403_2.jpg\" \/>\n\t<meta property=\"og:image:width\" content=\"1184\" \/>\n\t<meta property=\"og:image:height\" content=\"789\" \/>\n\t<meta property=\"og:image:type\" content=\"image\/jpeg\" \/>\n<meta name=\"author\" content=\"moacir\" \/>\n<meta name=\"twitter:card\" content=\"summary_large_image\" \/>\n<meta name=\"twitter:label1\" content=\"Escrito por\" \/>\n\t<meta name=\"twitter:data1\" content=\"moacir\" \/>\n\t<meta name=\"twitter:label2\" content=\"Est. tempo de leitura\" \/>\n\t<meta name=\"twitter:data2\" content=\"3 minutos\" \/>\n<script type=\"application\/ld+json\" class=\"yoast-schema-graph\">{\"@context\":\"https:\/\/schema.org\",\"@graph\":[{\"@type\":\"WebSite\",\"@id\":\"https:\/\/franciscanos.org.br\/noticias\/#website\",\"url\":\"https:\/\/franciscanos.org.br\/noticias\/\",\"name\":\"Not\u00edcias - Franciscanos\",\"description\":\"Prov\u00edncia Franciscana da Imaculada Concei\u00e7\u00e3o do Brasil - Ordem dos Frades Menores - OFM\",\"potentialAction\":[{\"@type\":\"SearchAction\",\"target\":{\"@type\":\"EntryPoint\",\"urlTemplate\":\"https:\/\/franciscanos.org.br\/noticias\/?s={search_term_string}\"},\"query-input\":\"required name=search_term_string\"}],\"inLanguage\":\"pt-BR\"},{\"@type\":\"ImageObject\",\"inLanguage\":\"pt-BR\",\"@id\":\"https:\/\/franciscanos.org.br\/noticias\/frei-jhones-faz-a-profissao-de-fe-no-primeiro-dia-do-triduo.html#primaryimage\",\"url\":\"https:\/\/franciscanos.org.br\/noticias\/wp-content\/uploads\/2022\/03\/triduo_2403_2.jpg\",\"contentUrl\":\"https:\/\/franciscanos.org.br\/noticias\/wp-content\/uploads\/2022\/03\/triduo_2403_2.jpg\",\"width\":1184,\"height\":789},{\"@type\":\"WebPage\",\"@id\":\"https:\/\/franciscanos.org.br\/noticias\/frei-jhones-faz-a-profissao-de-fe-no-primeiro-dia-do-triduo.html#webpage\",\"url\":\"https:\/\/franciscanos.org.br\/noticias\/frei-jhones-faz-a-profissao-de-fe-no-primeiro-dia-do-triduo.html\",\"name\":\"Frei Jhones faz a Profiss\u00e3o de F\u00e9 no primeiro dia do Tr\u00edduo - Not\u00edcias - Franciscanos\",\"isPartOf\":{\"@id\":\"https:\/\/franciscanos.org.br\/noticias\/#website\"},\"primaryImageOfPage\":{\"@id\":\"https:\/\/franciscanos.org.br\/noticias\/frei-jhones-faz-a-profissao-de-fe-no-primeiro-dia-do-triduo.html#primaryimage\"},\"datePublished\":\"2022-03-24T09:09:39+00:00\",\"dateModified\":\"2022-03-24T09:10:09+00:00\",\"author\":{\"@id\":\"https:\/\/franciscanos.org.br\/noticias\/#\/schema\/person\/b5c8cba458c330ccff548b056e95a5d4\"},\"breadcrumb\":{\"@id\":\"https:\/\/franciscanos.org.br\/noticias\/frei-jhones-faz-a-profissao-de-fe-no-primeiro-dia-do-triduo.html#breadcrumb\"},\"inLanguage\":\"pt-BR\",\"potentialAction\":[{\"@type\":\"ReadAction\",\"target\":[\"https:\/\/franciscanos.org.br\/noticias\/frei-jhones-faz-a-profissao-de-fe-no-primeiro-dia-do-triduo.html\"]}]},{\"@type\":\"BreadcrumbList\",\"@id\":\"https:\/\/franciscanos.org.br\/noticias\/frei-jhones-faz-a-profissao-de-fe-no-primeiro-dia-do-triduo.html#breadcrumb\",\"itemListElement\":[{\"@type\":\"ListItem\",\"position\":1,\"name\":\"Home\",\"item\":\"https:\/\/franciscanos.org.br\/noticias\"},{\"@type\":\"ListItem\",\"position\":2,\"name\":\"Frei Jhones faz a Profiss\u00e3o de F\u00e9 no primeiro dia do Tr\u00edduo\"}]},{\"@type\":\"Person\",\"@id\":\"https:\/\/franciscanos.org.br\/noticias\/#\/schema\/person\/b5c8cba458c330ccff548b056e95a5d4\",\"name\":\"moacir\",\"image\":{\"@type\":\"ImageObject\",\"inLanguage\":\"pt-BR\",\"@id\":\"https:\/\/franciscanos.org.br\/noticias\/#\/schema\/person\/image\/\",\"url\":\"https:\/\/secure.gravatar.com\/avatar\/d08aa2ce4c8dd416d4479aa8536fcf64?s=96&d=mm&r=g\",\"contentUrl\":\"https:\/\/secure.gravatar.com\/avatar\/d08aa2ce4c8dd416d4479aa8536fcf64?s=96&d=mm&r=g\",\"caption\":\"moacir\"},\"url\":\"https:\/\/franciscanos.org.br\/noticias\/author\/moacir\"}]}<\/script>\n<!-- \/ Yoast SEO plugin. -->","yoast_head_json":{"title":"Frei Jhones faz a Profiss\u00e3o de F\u00e9 no primeiro dia do Tr\u00edduo - Not\u00edcias - Franciscanos","robots":{"index":"index","follow":"follow","max-snippet":"max-snippet:-1","max-image-preview":"max-image-preview:large","max-video-preview":"max-video-preview:-1"},"canonical":"https:\/\/franciscanos.org.br\/noticias\/frei-jhones-faz-a-profissao-de-fe-no-primeiro-dia-do-triduo.html","og_locale":"pt_BR","og_type":"article","og_title":"Frei Jhones faz a Profiss\u00e3o de F\u00e9 no primeiro dia do Tr\u00edduo - Not\u00edcias - Franciscanos","og_description":"Ordena\u00e7\u00e3o Presbiteral de Frei Jhones Martins","og_url":"https:\/\/franciscanos.org.br\/noticias\/frei-jhones-faz-a-profissao-de-fe-no-primeiro-dia-do-triduo.html","og_site_name":"Not\u00edcias - Franciscanos","article_published_time":"2022-03-24T09:09:39+00:00","article_modified_time":"2022-03-24T09:10:09+00:00","og_image":[{"width":1184,"height":789,"url":"https:\/\/franciscanos.org.br\/noticias\/wp-content\/uploads\/2022\/03\/triduo_2403_2.jpg","type":"image\/jpeg"}],"author":"moacir","twitter_card":"summary_large_image","twitter_misc":{"Escrito por":"moacir","Est. tempo de leitura":"3 minutos"},"schema":{"@context":"https:\/\/schema.org","@graph":[{"@type":"WebSite","@id":"https:\/\/franciscanos.org.br\/noticias\/#website","url":"https:\/\/franciscanos.org.br\/noticias\/","name":"Not\u00edcias - Franciscanos","description":"Prov\u00edncia Franciscana da Imaculada Concei\u00e7\u00e3o do Brasil - Ordem dos Frades Menores - OFM","potentialAction":[{"@type":"SearchAction","target":{"@type":"EntryPoint","urlTemplate":"https:\/\/franciscanos.org.br\/noticias\/?s={search_term_string}"},"query-input":"required name=search_term_string"}],"inLanguage":"pt-BR"},{"@type":"ImageObject","inLanguage":"pt-BR","@id":"https:\/\/franciscanos.org.br\/noticias\/frei-jhones-faz-a-profissao-de-fe-no-primeiro-dia-do-triduo.html#primaryimage","url":"https:\/\/franciscanos.org.br\/noticias\/wp-content\/uploads\/2022\/03\/triduo_2403_2.jpg","contentUrl":"https:\/\/franciscanos.org.br\/noticias\/wp-content\/uploads\/2022\/03\/triduo_2403_2.jpg","width":1184,"height":789},{"@type":"WebPage","@id":"https:\/\/franciscanos.org.br\/noticias\/frei-jhones-faz-a-profissao-de-fe-no-primeiro-dia-do-triduo.html#webpage","url":"https:\/\/franciscanos.org.br\/noticias\/frei-jhones-faz-a-profissao-de-fe-no-primeiro-dia-do-triduo.html","name":"Frei Jhones faz a Profiss\u00e3o de F\u00e9 no primeiro dia do Tr\u00edduo - Not\u00edcias - Franciscanos","isPartOf":{"@id":"https:\/\/franciscanos.org.br\/noticias\/#website"},"primaryImageOfPage":{"@id":"https:\/\/franciscanos.org.br\/noticias\/frei-jhones-faz-a-profissao-de-fe-no-primeiro-dia-do-triduo.html#primaryimage"},"datePublished":"2022-03-24T09:09:39+00:00","dateModified":"2022-03-24T09:10:09+00:00","author":{"@id":"https:\/\/franciscanos.org.br\/noticias\/#\/schema\/person\/b5c8cba458c330ccff548b056e95a5d4"},"breadcrumb":{"@id":"https:\/\/franciscanos.org.br\/noticias\/frei-jhones-faz-a-profissao-de-fe-no-primeiro-dia-do-triduo.html#breadcrumb"},"inLanguage":"pt-BR","potentialAction":[{"@type":"ReadAction","target":["https:\/\/franciscanos.org.br\/noticias\/frei-jhones-faz-a-profissao-de-fe-no-primeiro-dia-do-triduo.html"]}]},{"@type":"BreadcrumbList","@id":"https:\/\/franciscanos.org.br\/noticias\/frei-jhones-faz-a-profissao-de-fe-no-primeiro-dia-do-triduo.html#breadcrumb","itemListElement":[{"@type":"ListItem","position":1,"name":"Home","item":"https:\/\/franciscanos.org.br\/noticias"},{"@type":"ListItem","position":2,"name":"Frei Jhones faz a Profiss\u00e3o de F\u00e9 no primeiro dia do Tr\u00edduo"}]},{"@type":"Person","@id":"https:\/\/franciscanos.org.br\/noticias\/#\/schema\/person\/b5c8cba458c330ccff548b056e95a5d4","name":"moacir","image":{"@type":"ImageObject","inLanguage":"pt-BR","@id":"https:\/\/franciscanos.org.br\/noticias\/#\/schema\/person\/image\/","url":"https:\/\/secure.gravatar.com\/avatar\/d08aa2ce4c8dd416d4479aa8536fcf64?s=96&d=mm&r=g","contentUrl":"https:\/\/secure.gravatar.com\/avatar\/d08aa2ce4c8dd416d4479aa8536fcf64?s=96&d=mm&r=g","caption":"moacir"},"url":"https:\/\/franciscanos.org.br\/noticias\/author\/moacir"}]}},"_links":{"self":[{"href":"https:\/\/franciscanos.org.br\/noticias\/wp-json\/wp\/v2\/posts\/236935"}],"collection":[{"href":"https:\/\/franciscanos.org.br\/noticias\/wp-json\/wp\/v2\/posts"}],"about":[{"href":"https:\/\/franciscanos.org.br\/noticias\/wp-json\/wp\/v2\/types\/post"}],"author":[{"embeddable":true,"href":"https:\/\/franciscanos.org.br\/noticias\/wp-json\/wp\/v2\/users\/3"}],"replies":[{"embeddable":true,"href":"https:\/\/franciscanos.org.br\/noticias\/wp-json\/wp\/v2\/comments?post=236935"}],"version-history":[{"count":2,"href":"https:\/\/franciscanos.org.br\/noticias\/wp-json\/wp\/v2\/posts\/236935\/revisions"}],"predecessor-version":[{"id":236945,"href":"https:\/\/franciscanos.org.br\/noticias\/wp-json\/wp\/v2\/posts\/236935\/revisions\/236945"}],"wp:featuredmedia":[{"embeddable":true,"href":"https:\/\/franciscanos.org.br\/noticias\/wp-json\/wp\/v2\/media\/236937"}],"wp:attachment":[{"href":"https:\/\/franciscanos.org.br\/noticias\/wp-json\/wp\/v2\/media?parent=236935"}],"wp:term":[{"taxonomy":"category","embeddable":true,"href":"https:\/\/franciscanos.org.br\/noticias\/wp-json\/wp\/v2\/categories?post=236935"},{"taxonomy":"post_tag","embeddable":true,"href":"https:\/\/franciscanos.org.br\/noticias\/wp-json\/wp\/v2\/tags?post=236935"}],"curies":[{"name":"wp","href":"https:\/\/api.w.org\/{rel}","templated":true}]}}