{"id":236908,"date":"2022-03-23T05:54:58","date_gmt":"2022-03-23T08:54:58","guid":{"rendered":"https:\/\/franciscanos.org.br\/noticias\/?p=236908"},"modified":"2022-03-23T09:16:30","modified_gmt":"2022-03-23T12:16:30","slug":"frei-claudino-gilz-fala-sobre-educacao-franciscana","status":"publish","type":"post","link":"https:\/\/franciscanos.org.br\/noticias\/frei-claudino-gilz-fala-sobre-educacao-franciscana.html","title":{"rendered":"Frei Claudino Gilz fala sobre Educa\u00e7\u00e3o Franciscana"},"content":{"rendered":"<p><img loading=\"lazy\" class=\"alignnone size-full wp-image-236909\" src=\"https:\/\/franciscanos.org.br\/noticias\/wp-content\/uploads\/2022\/03\/gils_2303.jpg\" alt=\"\" width=\"1280\" height=\"720\" srcset=\"https:\/\/franciscanos.org.br\/noticias\/wp-content\/uploads\/2022\/03\/gils_2303.jpg 1280w, https:\/\/franciscanos.org.br\/noticias\/wp-content\/uploads\/2022\/03\/gils_2303-450x253.jpg 450w, https:\/\/franciscanos.org.br\/noticias\/wp-content\/uploads\/2022\/03\/gils_2303-1024x576.jpg 1024w, https:\/\/franciscanos.org.br\/noticias\/wp-content\/uploads\/2022\/03\/gils_2303-768x432.jpg 768w, https:\/\/franciscanos.org.br\/noticias\/wp-content\/uploads\/2022\/03\/gils_2303-150x84.jpg 150w\" sizes=\"(max-width: 1280px) 100vw, 1280px\" \/><\/p>\n<p>\u201cEduca\u00e7\u00e3o franciscana\u201d \u00e9 o tema deste oitavo epis\u00f3dio da S\u00e9rie da Campanha da Fraternidade, promovida pela Prov\u00edncia da Imaculada Concei\u00e7\u00e3o, no formato <em>podcast.<\/em> O professor coordenador da Frente de Evangeliza\u00e7\u00e3o da Educa\u00e7\u00e3o, Frei Claudino Gilz, conversou com Frei Gustavo Medella sobre este assunto, tendo em vista o tema \u201cFraternidade e Educa\u00e7\u00e3o\u201d e o lema \u201cFala com sabedoria, ensina com amor\u201d (cf. Pr 31, 26) da CF 2022.<\/p>\n<p><a href=\"https:\/\/open.spotify.com\/episode\/5qytEAmmvUrVzRc4zZgww7\">OU\u00c7A TODO O PODCAST E COMPARTILHE<\/a><\/p>\n<p><iframe loading=\"lazy\" style=\"border-radius:12px\" src=\"https:\/\/open.spotify.com\/embed\/episode\/5qytEAmmvUrVzRc4zZgww7?utm_source=generator\" width=\"100%\" height=\"232\" frameBorder=\"0\" allowfullscreen=\"\" allow=\"autoplay; clipboard-write; encrypted-media; fullscreen; picture-in-picture\"><\/iframe><\/p>\n<p>Segundo o professor Frei Claudino, a educa\u00e7\u00e3o franciscana \u00e9 uma quest\u00e3o que nos remete para os aspectos da vida de todo ser humano, de toda a crian\u00e7a, adolescente, jovem e adulto. &#8220;Mas especificamente, no meu entender, a educa\u00e7\u00e3o franciscana consiste em escolhas para a uma vida fraterna, uma vida solid\u00e1ria e feliz. Em que se fundamenta essa educa\u00e7\u00e3o franciscana? Antes de tudo, n\u00f3s nos baseamos na trajet\u00f3ria de vida de S\u00e3o Francisco de Assis, cujos gestos, cuja mensagem, discernimento e escolhas que ele fez ao longo da sua trajet\u00f3ria de vida, s\u00e3o para n\u00f3s ponto de partida para educarmos a n\u00f3s mesmos e as atuais gera\u00e7\u00f5es escolares, universit\u00e1rias. Nessas escolhas que podem tamb\u00e9m nos granjear uma vida fraterna, solid\u00e1ria e feliz&#8221;, explicou Frei Claudino.<\/p>\n<p>Segundo o n\u00famero 6 do texto-base da CF, a educa\u00e7\u00e3o \u00e9 um indispens\u00e1vel servi\u00e7o \u00e0 vida. Ela nos ajuda a crescer na viv\u00eancia do amor, do cuidado e da fraternidade. Para o frade, h\u00e1 v\u00e1rias iniciativas que uma institui\u00e7\u00e3o de ensino franciscana, tanto no \u00e2mbito da educa\u00e7\u00e3o b\u00e1sica como no ensino superior, pode de fato contribuir para isso que o texto-base afirma nessas duas frases do n\u00ba 6. &#8220;No meu entender pode se dar assim por meio de iniciativas, por exemplo, com o objetivo de instaurar nas atividades acad\u00eamicas entre os alunos de diferentes etapas do ensino, uma cultura baseada no respeito \u00e0s diferen\u00e7as, na inclus\u00e3o, na toler\u00e2ncia, no cuidado com a casa comum, na solidariedade com os mais pobres e principalmente na promo\u00e7\u00e3o da paz&#8221;, orienta Frei Claudino.<\/p>\n<p>&#8220;Para que isso aconte\u00e7a, entendo que \u00e9 necess\u00e1rio &#8211; juntamente com as atividades acad\u00eamicas, o ensino dos diferentes componentes curriculares -, que haja da parte de uma institui\u00e7\u00e3o de ensino franciscano &#8211; de qualquer institui\u00e7\u00e3o de ensino -, a predisposi\u00e7\u00e3o de oportunizar aos alunos uma educa\u00e7\u00e3o baseada em virtudes. S\u00e3o Francisco de Assis se notabilizou muito pelas virtudes que ele praticou em diferentes situa\u00e7\u00f5es do seu cotidiano, na conviv\u00eancia com a natureza, no cuidado da vida, na rela\u00e7\u00e3o com seus irm\u00e3os. Ent\u00e3o, uma educa\u00e7\u00e3o em virtudes, gradativamente, a cada ano, a cada turma de alunos, possa estar sempre se ocupando, refletindo, e tamb\u00e9m progredindo na pr\u00e1tica de determinada virtude. Ap\u00f3s um determinado per\u00edodo escolar, universit\u00e1rio, esses alunos ter\u00e3o agregados ao seu modo de ser, ao seu estilo de vida, virtudes e tamb\u00e9m far\u00e3o deles pessoas que, nos dias dias de hoje, ajudem a instaurar uma vida fraterna, uma vida solid\u00e1ria e, principalmente, alegria interior no que fazem e no que escolher\u00e3o fazer ao longo de suas vidas&#8221;, ressaltou Frei Claudino.<\/p>\n<p>Al\u00e9m de uma educa\u00e7\u00e3o em virtudes, o professor explica que para se levar a bom termo o que afirma o n\u00ba 6 do texto-base da Campanha, \u00e9 necess\u00e1rio tamb\u00e9m uma educa\u00e7\u00e3o voltada para, de fato, oferecer \u00e0 comunidade, principalmente \u00e0s pessoas mais pobres da comunidade, pr\u00e1ticas ligadas ao humanismo solid\u00e1rio. &#8220;A cada semana, a cada m\u00eas, sempre de novo a vida traz situa\u00e7\u00f5es em que \u00e9 necess\u00e1rio, principalmente para quem est\u00e1 no espa\u00e7o escolar, universit\u00e1rio, demonstrar, deixar transparecer a sua solidariedade para quem ainda n\u00e3o chegou os benef\u00edcios do progresso, para quem n\u00e3o tem acesso \u00e0quilo que pode constituir a eles, mesmo que minimamente, a dignidade humana, que no Evangelho de Nosso Senhor Jesus Cristo, n\u00f3s todos identificamos como ponto de partida para a realiza\u00e7\u00e3o do Reino de Deus&#8221;, observou.<\/p>\n<hr \/>\n<h3><a href=\"https:\/\/franciscanos.org.br\/noticias\/cf-2022-provincia-lanca-serie-de-podcasts-acompanhe.html#gsc.tab=0\">ACOMPANHE A S\u00c9RIE DA CF 2022<\/a><\/h3>\n","protected":false},"excerpt":{"rendered":"<p>S\u00e9rie Especial Campanha da Fraternidade 2022<\/p>\n","protected":false},"author":3,"featured_media":236909,"comment_status":"open","ping_status":"open","sticky":false,"template":"","format":"standard","meta":[],"categories":[1],"tags":[1986],"acf":[],"yoast_head":"<!-- This site is optimized with the Yoast SEO plugin v19.2 - https:\/\/yoast.com\/wordpress\/plugins\/seo\/ -->\n<title>Frei Claudino Gilz fala sobre Educa\u00e7\u00e3o Franciscana - Not\u00edcias - Franciscanos<\/title>\n<meta name=\"robots\" content=\"index, follow, max-snippet:-1, max-image-preview:large, max-video-preview:-1\" \/>\n<link rel=\"canonical\" href=\"https:\/\/franciscanos.org.br\/noticias\/frei-claudino-gilz-fala-sobre-educacao-franciscana.html\" \/>\n<meta property=\"og:locale\" content=\"pt_BR\" \/>\n<meta property=\"og:type\" content=\"article\" \/>\n<meta property=\"og:title\" content=\"Frei Claudino Gilz fala sobre Educa\u00e7\u00e3o Franciscana - Not\u00edcias - Franciscanos\" \/>\n<meta property=\"og:description\" content=\"S\u00e9rie Especial Campanha da Fraternidade 2022\" \/>\n<meta property=\"og:url\" content=\"https:\/\/franciscanos.org.br\/noticias\/frei-claudino-gilz-fala-sobre-educacao-franciscana.html\" \/>\n<meta property=\"og:site_name\" content=\"Not\u00edcias - Franciscanos\" \/>\n<meta property=\"article:published_time\" content=\"2022-03-23T08:54:58+00:00\" \/>\n<meta property=\"article:modified_time\" content=\"2022-03-23T12:16:30+00:00\" \/>\n<meta property=\"og:image\" content=\"https:\/\/franciscanos.org.br\/noticias\/wp-content\/uploads\/2022\/03\/gils_2303.jpg\" \/>\n\t<meta property=\"og:image:width\" content=\"1280\" \/>\n\t<meta property=\"og:image:height\" content=\"720\" \/>\n\t<meta property=\"og:image:type\" content=\"image\/jpeg\" \/>\n<meta name=\"author\" content=\"moacir\" \/>\n<meta name=\"twitter:card\" content=\"summary_large_image\" \/>\n<meta name=\"twitter:label1\" content=\"Escrito por\" \/>\n\t<meta name=\"twitter:data1\" content=\"moacir\" \/>\n\t<meta name=\"twitter:label2\" content=\"Est. tempo de leitura\" \/>\n\t<meta name=\"twitter:data2\" content=\"3 minutos\" \/>\n<script type=\"application\/ld+json\" class=\"yoast-schema-graph\">{\"@context\":\"https:\/\/schema.org\",\"@graph\":[{\"@type\":\"WebSite\",\"@id\":\"https:\/\/franciscanos.org.br\/noticias\/#website\",\"url\":\"https:\/\/franciscanos.org.br\/noticias\/\",\"name\":\"Not\u00edcias - Franciscanos\",\"description\":\"Prov\u00edncia Franciscana da Imaculada Concei\u00e7\u00e3o do Brasil - Ordem dos Frades Menores - OFM\",\"potentialAction\":[{\"@type\":\"SearchAction\",\"target\":{\"@type\":\"EntryPoint\",\"urlTemplate\":\"https:\/\/franciscanos.org.br\/noticias\/?s={search_term_string}\"},\"query-input\":\"required name=search_term_string\"}],\"inLanguage\":\"pt-BR\"},{\"@type\":\"ImageObject\",\"inLanguage\":\"pt-BR\",\"@id\":\"https:\/\/franciscanos.org.br\/noticias\/frei-claudino-gilz-fala-sobre-educacao-franciscana.html#primaryimage\",\"url\":\"https:\/\/franciscanos.org.br\/noticias\/wp-content\/uploads\/2022\/03\/gils_2303.jpg\",\"contentUrl\":\"https:\/\/franciscanos.org.br\/noticias\/wp-content\/uploads\/2022\/03\/gils_2303.jpg\",\"width\":1280,\"height\":720},{\"@type\":\"WebPage\",\"@id\":\"https:\/\/franciscanos.org.br\/noticias\/frei-claudino-gilz-fala-sobre-educacao-franciscana.html#webpage\",\"url\":\"https:\/\/franciscanos.org.br\/noticias\/frei-claudino-gilz-fala-sobre-educacao-franciscana.html\",\"name\":\"Frei Claudino Gilz fala sobre Educa\u00e7\u00e3o Franciscana - Not\u00edcias - Franciscanos\",\"isPartOf\":{\"@id\":\"https:\/\/franciscanos.org.br\/noticias\/#website\"},\"primaryImageOfPage\":{\"@id\":\"https:\/\/franciscanos.org.br\/noticias\/frei-claudino-gilz-fala-sobre-educacao-franciscana.html#primaryimage\"},\"datePublished\":\"2022-03-23T08:54:58+00:00\",\"dateModified\":\"2022-03-23T12:16:30+00:00\",\"author\":{\"@id\":\"https:\/\/franciscanos.org.br\/noticias\/#\/schema\/person\/b5c8cba458c330ccff548b056e95a5d4\"},\"breadcrumb\":{\"@id\":\"https:\/\/franciscanos.org.br\/noticias\/frei-claudino-gilz-fala-sobre-educacao-franciscana.html#breadcrumb\"},\"inLanguage\":\"pt-BR\",\"potentialAction\":[{\"@type\":\"ReadAction\",\"target\":[\"https:\/\/franciscanos.org.br\/noticias\/frei-claudino-gilz-fala-sobre-educacao-franciscana.html\"]}]},{\"@type\":\"BreadcrumbList\",\"@id\":\"https:\/\/franciscanos.org.br\/noticias\/frei-claudino-gilz-fala-sobre-educacao-franciscana.html#breadcrumb\",\"itemListElement\":[{\"@type\":\"ListItem\",\"position\":1,\"name\":\"Home\",\"item\":\"https:\/\/franciscanos.org.br\/noticias\"},{\"@type\":\"ListItem\",\"position\":2,\"name\":\"Frei Claudino Gilz fala sobre Educa\u00e7\u00e3o Franciscana\"}]},{\"@type\":\"Person\",\"@id\":\"https:\/\/franciscanos.org.br\/noticias\/#\/schema\/person\/b5c8cba458c330ccff548b056e95a5d4\",\"name\":\"moacir\",\"image\":{\"@type\":\"ImageObject\",\"inLanguage\":\"pt-BR\",\"@id\":\"https:\/\/franciscanos.org.br\/noticias\/#\/schema\/person\/image\/\",\"url\":\"https:\/\/secure.gravatar.com\/avatar\/d08aa2ce4c8dd416d4479aa8536fcf64?s=96&d=mm&r=g\",\"contentUrl\":\"https:\/\/secure.gravatar.com\/avatar\/d08aa2ce4c8dd416d4479aa8536fcf64?s=96&d=mm&r=g\",\"caption\":\"moacir\"},\"url\":\"https:\/\/franciscanos.org.br\/noticias\/author\/moacir\"}]}<\/script>\n<!-- \/ Yoast SEO plugin. -->","yoast_head_json":{"title":"Frei Claudino Gilz fala sobre Educa\u00e7\u00e3o Franciscana - Not\u00edcias - Franciscanos","robots":{"index":"index","follow":"follow","max-snippet":"max-snippet:-1","max-image-preview":"max-image-preview:large","max-video-preview":"max-video-preview:-1"},"canonical":"https:\/\/franciscanos.org.br\/noticias\/frei-claudino-gilz-fala-sobre-educacao-franciscana.html","og_locale":"pt_BR","og_type":"article","og_title":"Frei Claudino Gilz fala sobre Educa\u00e7\u00e3o Franciscana - Not\u00edcias - Franciscanos","og_description":"S\u00e9rie Especial Campanha da Fraternidade 2022","og_url":"https:\/\/franciscanos.org.br\/noticias\/frei-claudino-gilz-fala-sobre-educacao-franciscana.html","og_site_name":"Not\u00edcias - Franciscanos","article_published_time":"2022-03-23T08:54:58+00:00","article_modified_time":"2022-03-23T12:16:30+00:00","og_image":[{"width":1280,"height":720,"url":"https:\/\/franciscanos.org.br\/noticias\/wp-content\/uploads\/2022\/03\/gils_2303.jpg","type":"image\/jpeg"}],"author":"moacir","twitter_card":"summary_large_image","twitter_misc":{"Escrito por":"moacir","Est. tempo de leitura":"3 minutos"},"schema":{"@context":"https:\/\/schema.org","@graph":[{"@type":"WebSite","@id":"https:\/\/franciscanos.org.br\/noticias\/#website","url":"https:\/\/franciscanos.org.br\/noticias\/","name":"Not\u00edcias - Franciscanos","description":"Prov\u00edncia Franciscana da Imaculada Concei\u00e7\u00e3o do Brasil - Ordem dos Frades Menores - OFM","potentialAction":[{"@type":"SearchAction","target":{"@type":"EntryPoint","urlTemplate":"https:\/\/franciscanos.org.br\/noticias\/?s={search_term_string}"},"query-input":"required name=search_term_string"}],"inLanguage":"pt-BR"},{"@type":"ImageObject","inLanguage":"pt-BR","@id":"https:\/\/franciscanos.org.br\/noticias\/frei-claudino-gilz-fala-sobre-educacao-franciscana.html#primaryimage","url":"https:\/\/franciscanos.org.br\/noticias\/wp-content\/uploads\/2022\/03\/gils_2303.jpg","contentUrl":"https:\/\/franciscanos.org.br\/noticias\/wp-content\/uploads\/2022\/03\/gils_2303.jpg","width":1280,"height":720},{"@type":"WebPage","@id":"https:\/\/franciscanos.org.br\/noticias\/frei-claudino-gilz-fala-sobre-educacao-franciscana.html#webpage","url":"https:\/\/franciscanos.org.br\/noticias\/frei-claudino-gilz-fala-sobre-educacao-franciscana.html","name":"Frei Claudino Gilz fala sobre Educa\u00e7\u00e3o Franciscana - Not\u00edcias - Franciscanos","isPartOf":{"@id":"https:\/\/franciscanos.org.br\/noticias\/#website"},"primaryImageOfPage":{"@id":"https:\/\/franciscanos.org.br\/noticias\/frei-claudino-gilz-fala-sobre-educacao-franciscana.html#primaryimage"},"datePublished":"2022-03-23T08:54:58+00:00","dateModified":"2022-03-23T12:16:30+00:00","author":{"@id":"https:\/\/franciscanos.org.br\/noticias\/#\/schema\/person\/b5c8cba458c330ccff548b056e95a5d4"},"breadcrumb":{"@id":"https:\/\/franciscanos.org.br\/noticias\/frei-claudino-gilz-fala-sobre-educacao-franciscana.html#breadcrumb"},"inLanguage":"pt-BR","potentialAction":[{"@type":"ReadAction","target":["https:\/\/franciscanos.org.br\/noticias\/frei-claudino-gilz-fala-sobre-educacao-franciscana.html"]}]},{"@type":"BreadcrumbList","@id":"https:\/\/franciscanos.org.br\/noticias\/frei-claudino-gilz-fala-sobre-educacao-franciscana.html#breadcrumb","itemListElement":[{"@type":"ListItem","position":1,"name":"Home","item":"https:\/\/franciscanos.org.br\/noticias"},{"@type":"ListItem","position":2,"name":"Frei Claudino Gilz fala sobre Educa\u00e7\u00e3o Franciscana"}]},{"@type":"Person","@id":"https:\/\/franciscanos.org.br\/noticias\/#\/schema\/person\/b5c8cba458c330ccff548b056e95a5d4","name":"moacir","image":{"@type":"ImageObject","inLanguage":"pt-BR","@id":"https:\/\/franciscanos.org.br\/noticias\/#\/schema\/person\/image\/","url":"https:\/\/secure.gravatar.com\/avatar\/d08aa2ce4c8dd416d4479aa8536fcf64?s=96&d=mm&r=g","contentUrl":"https:\/\/secure.gravatar.com\/avatar\/d08aa2ce4c8dd416d4479aa8536fcf64?s=96&d=mm&r=g","caption":"moacir"},"url":"https:\/\/franciscanos.org.br\/noticias\/author\/moacir"}]}},"_links":{"self":[{"href":"https:\/\/franciscanos.org.br\/noticias\/wp-json\/wp\/v2\/posts\/236908"}],"collection":[{"href":"https:\/\/franciscanos.org.br\/noticias\/wp-json\/wp\/v2\/posts"}],"about":[{"href":"https:\/\/franciscanos.org.br\/noticias\/wp-json\/wp\/v2\/types\/post"}],"author":[{"embeddable":true,"href":"https:\/\/franciscanos.org.br\/noticias\/wp-json\/wp\/v2\/users\/3"}],"replies":[{"embeddable":true,"href":"https:\/\/franciscanos.org.br\/noticias\/wp-json\/wp\/v2\/comments?post=236908"}],"version-history":[{"count":4,"href":"https:\/\/franciscanos.org.br\/noticias\/wp-json\/wp\/v2\/posts\/236908\/revisions"}],"predecessor-version":[{"id":236922,"href":"https:\/\/franciscanos.org.br\/noticias\/wp-json\/wp\/v2\/posts\/236908\/revisions\/236922"}],"wp:featuredmedia":[{"embeddable":true,"href":"https:\/\/franciscanos.org.br\/noticias\/wp-json\/wp\/v2\/media\/236909"}],"wp:attachment":[{"href":"https:\/\/franciscanos.org.br\/noticias\/wp-json\/wp\/v2\/media?parent=236908"}],"wp:term":[{"taxonomy":"category","embeddable":true,"href":"https:\/\/franciscanos.org.br\/noticias\/wp-json\/wp\/v2\/categories?post=236908"},{"taxonomy":"post_tag","embeddable":true,"href":"https:\/\/franciscanos.org.br\/noticias\/wp-json\/wp\/v2\/tags?post=236908"}],"curies":[{"name":"wp","href":"https:\/\/api.w.org\/{rel}","templated":true}]}}