{"id":236891,"date":"2022-03-22T20:25:29","date_gmt":"2022-03-22T23:25:29","guid":{"rendered":"https:\/\/franciscanos.org.br\/noticias\/?p=236891"},"modified":"2023-01-03T14:25:06","modified_gmt":"2023-01-03T17:25:06","slug":"ministro-geral-mais-do-que-unir-estruturas-queremos-dar-alma-ao-que-fazemos","status":"publish","type":"post","link":"https:\/\/franciscanos.org.br\/noticias\/ministro-geral-mais-do-que-unir-estruturas-queremos-dar-alma-ao-que-fazemos.html","title":{"rendered":"Ministro Geral: &#8220;Mais do que unir estruturas, queremos dar alma ao que fazemos&#8221;"},"content":{"rendered":"<p><img loading=\"lazy\" class=\"alignnone wp-image-236892 size-full\" src=\"https:\/\/franciscanos.org.br\/noticias\/wp-content\/uploads\/2022\/03\/primeiro_2203.jpg\" alt=\"\" width=\"1280\" height=\"720\" srcset=\"https:\/\/franciscanos.org.br\/noticias\/wp-content\/uploads\/2022\/03\/primeiro_2203.jpg 1280w, https:\/\/franciscanos.org.br\/noticias\/wp-content\/uploads\/2022\/03\/primeiro_2203-450x253.jpg 450w, https:\/\/franciscanos.org.br\/noticias\/wp-content\/uploads\/2022\/03\/primeiro_2203-1024x576.jpg 1024w, https:\/\/franciscanos.org.br\/noticias\/wp-content\/uploads\/2022\/03\/primeiro_2203-768x432.jpg 768w, https:\/\/franciscanos.org.br\/noticias\/wp-content\/uploads\/2022\/03\/primeiro_2203-150x84.jpg 150w\" sizes=\"(max-width: 1280px) 100vw, 1280px\" \/><\/p>\n<p><strong>S\u00e3o Paulo (SP) &#8211;<\/strong> O Ministro Geral da Ordem dos Frades Menores, Frei Massimo Fusarelli, n\u00e3o p\u00f4de estar presente na 1\u00aa Assembleia Ampliada da nova Confer\u00eancia Franciscana do Brasil e do Cone Sul, que teve in\u00edcio nesta ter\u00e7a-feira, 21 de mar\u00e7o, na Casa de Eventos e Hospedagem Sagrada Fam\u00edlia, no bairro do Ipiranga, em S\u00e3o Paulo, e vai at\u00e9 o dia 25 de mar\u00e7o. Mas por v\u00eddeo, Frei Massimo viu a apresenta\u00e7\u00e3o das 12 Prov\u00edncias e Cust\u00f3dias que fazem parte da entidade e deixou uma mensagem aos 77 frades participantes.<\/p>\n<p>Ele falou de sua alegria ao saudar a todos e explicou que n\u00e3o haveria tempo suficiente para estar presente no evento, mas prometeu falar aos frades na manh\u00e3 desta quarta-feira. &#8220;Esta primeira assembleia de vossa Confer\u00eancia Brasileira e Cone Sul \u00e9 muito importante, porque n\u00f3s n\u00e3o s\u00f3 queremos unir estruturas, mas queremos dar alma ao que fazemos, aos nossos encontros e \u00e0 nossa anima\u00e7\u00e3o. Tamb\u00e9m a nossa presen\u00e7a em toda a Ordem \u00e9 cada vez mais internacional, interprovincial e intercultural&#8221;, disse. &#8220;A leitura dos sinais dos tempos nos provocam a unir energias e a imaginar, num futuro pr\u00f3ximo, nossas entidades tamb\u00e9m em n\u00edvel internacional, n\u00e3o s\u00f3 local e nacional. Estou seguro que voc\u00eas, irm\u00e3os do Brasil e do Cone Sul, j\u00e1 est\u00e3o trabalhando especialmente para isso&#8221;, enfatizou.<\/p>\n<p><img loading=\"lazy\" class=\"alignnone size-full wp-image-236893\" src=\"https:\/\/franciscanos.org.br\/noticias\/wp-content\/uploads\/2022\/03\/primeiro_2203_4.jpg\" alt=\"\" width=\"1280\" height=\"960\" srcset=\"https:\/\/franciscanos.org.br\/noticias\/wp-content\/uploads\/2022\/03\/primeiro_2203_4.jpg 1280w, https:\/\/franciscanos.org.br\/noticias\/wp-content\/uploads\/2022\/03\/primeiro_2203_4-450x338.jpg 450w, https:\/\/franciscanos.org.br\/noticias\/wp-content\/uploads\/2022\/03\/primeiro_2203_4-1024x768.jpg 1024w, https:\/\/franciscanos.org.br\/noticias\/wp-content\/uploads\/2022\/03\/primeiro_2203_4-768x576.jpg 768w, https:\/\/franciscanos.org.br\/noticias\/wp-content\/uploads\/2022\/03\/primeiro_2203_4-150x113.jpg 150w, https:\/\/franciscanos.org.br\/noticias\/wp-content\/uploads\/2022\/03\/primeiro_2203_4-600x450.jpg 600w\" sizes=\"(max-width: 1280px) 100vw, 1280px\" \/><\/p>\n<p>Antes, os participantes da Assembleia se encontraram, \u00e0s 7 horas, na Capela para a Santa Missa, presidida pelo atual presidente da Confer\u00eancia, o argentino Frei Daniel Fleitas, que frisou o momento novo que vive a entidade. &#8220;Bem-vindos a todos nesta primeira Assembleia que, como todo nascimento, d\u00e1 um passo novo dentro Igreja, da Ordem, tem expectativas e sonhos, projetos e esperan\u00e7as. E no contexto da esperan\u00e7a, as leituras de hoje, a partir da proposta de Francisco, nos convidam a um novo olhar a n\u00f3s mesmos, \u00e0 forma de vida, \u00e0 Ordem e \u00e0 vida religiosa&#8221;, destacou.<\/p>\n<p>&#8220;\u00c9 prov\u00e1vel que n\u00f3s, em nossas prov\u00edncias, em nossas entidades, tenhamos muit\u00edssimo que agradecer \u00e0 hist\u00f3ria, mas eu gostaria de anim\u00e1-los neste tempo presente de nossa hist\u00f3ria, este tempo presente que se inicia com as mesmas palavras de Francisco: &#8216;sejam peregrinos, sejam forasteiros em busca de novo sentido, novos horizontes'&#8221;, disse, lembrando que a confian\u00e7a que animou Francisco pode animar os frades agora.<\/p>\n<p><img loading=\"lazy\" class=\"alignnone size-full wp-image-236894\" src=\"https:\/\/franciscanos.org.br\/noticias\/wp-content\/uploads\/2022\/03\/primeiro_dia_2203_5.jpg\" alt=\"\" width=\"1280\" height=\"680\" srcset=\"https:\/\/franciscanos.org.br\/noticias\/wp-content\/uploads\/2022\/03\/primeiro_dia_2203_5.jpg 1280w, https:\/\/franciscanos.org.br\/noticias\/wp-content\/uploads\/2022\/03\/primeiro_dia_2203_5-450x239.jpg 450w, https:\/\/franciscanos.org.br\/noticias\/wp-content\/uploads\/2022\/03\/primeiro_dia_2203_5-1024x544.jpg 1024w, https:\/\/franciscanos.org.br\/noticias\/wp-content\/uploads\/2022\/03\/primeiro_dia_2203_5-768x408.jpg 768w, https:\/\/franciscanos.org.br\/noticias\/wp-content\/uploads\/2022\/03\/primeiro_dia_2203_5-150x80.jpg 150w\" sizes=\"(max-width: 1280px) 100vw, 1280px\" \/><\/p>\n<p>&#8220;A confian\u00e7a que nos animar\u00e1 a construir projetos novos, a confian\u00e7a que nos animar\u00e1 a recuperar intui\u00e7\u00f5es, a confian\u00e7a que nos animar\u00e1 a construir juntos este espa\u00e7o novo de anima\u00e7\u00e3o. Francisco dizia a seus irm\u00e3os: mantenham-se familiarmente juntos. Cada um de n\u00f3s traz uma experi\u00eancia cultural distinta, uma experi\u00eancia familiar distinta, cada um tem uma experi\u00eancia diferente de olhar a vida, a hist\u00f3ria. O grande desafio da Igreja de nosso tempo, da Ordem \u00e9 a comunh\u00e3o. O Papa est\u00e1 exigindo como fundamental para este tempo a sinodalidade. Ter a sinodalidade, ter a comunh\u00e3o. \u00c9 necess\u00e1rio reconhecer que as rela\u00e7\u00f5es humanas s\u00e3o complexas, o trabalho \u00e9 complexo, o trabalho em projetos comuns \u00e9 complexo. Contudo, para n\u00f3s, a \u00fanica motiva\u00e7\u00e3o na esperan\u00e7a de construir juntos a comunh\u00e3o \u00e9 a confian\u00e7a&#8221;, ensinou.<\/p>\n<p><img loading=\"lazy\" class=\"alignnone size-full wp-image-236895\" src=\"https:\/\/franciscanos.org.br\/noticias\/wp-content\/uploads\/2022\/03\/primeiro_2203_3.jpg\" alt=\"\" width=\"1280\" height=\"853\" srcset=\"https:\/\/franciscanos.org.br\/noticias\/wp-content\/uploads\/2022\/03\/primeiro_2203_3.jpg 1280w, https:\/\/franciscanos.org.br\/noticias\/wp-content\/uploads\/2022\/03\/primeiro_2203_3-450x300.jpg 450w, https:\/\/franciscanos.org.br\/noticias\/wp-content\/uploads\/2022\/03\/primeiro_2203_3-1024x682.jpg 1024w, https:\/\/franciscanos.org.br\/noticias\/wp-content\/uploads\/2022\/03\/primeiro_2203_3-768x512.jpg 768w, https:\/\/franciscanos.org.br\/noticias\/wp-content\/uploads\/2022\/03\/primeiro_2203_3-150x100.jpg 150w\" sizes=\"(max-width: 1280px) 100vw, 1280px\" \/><\/p>\n<p>Ele animou os frades lembrando que todos foram chamados para estarem aqui. &#8220;A experi\u00eancia de nossa voca\u00e7\u00e3o \u00e9 sempre o chamado, \u00e9 sempre uma intui\u00e7\u00e3o de Deus, o sonho de Deus para n\u00f3s, para a Ordem, para a Igreja, para a humanidade. O chamado pertence a Deus, n\u00e3o pertence a n\u00f3s. A n\u00f3s cabe a ousadia de responder, a ousadia de seguir o caminho como Jesus nos prop\u00f5e. Jesus nos convocou, com nossa hist\u00f3ria, a construirmos juntos o pr\u00f3prio sonho, a continuar o sonho de Deus para a humanidade, a expulsar o mal e curar os enfermos. Aqui est\u00e1, de alguma maneira, o projeto de evangeliza\u00e7\u00e3o. Cada um \u00e9 chamado a expulsar o mal e curar a doen\u00e7as de nosso tempo&#8221;, convidou. &#8220;Deus est\u00e1 aqui, presente no meio de n\u00f3s, porque somos o Reino de Deus. Somos a experi\u00eancia de esperan\u00e7a para o nosso tempo&#8221;, acrescentou.<\/p>\n<p>O novo estatuto e o resgate hist\u00f3rico das antigas Confer\u00eancia dos Frades Menores do Brasil e do Cone Sul dominaram as reflex\u00f5es do dia. A CFMB foi erigida pelo Ministro Geral com o consentimento do seu Definit\u00f3rio em 1963, iniciando em 1964 a Primeira Assembleia. J\u00e1 a Confer\u00eancia do Cone Sul teve sua primeira Assembleia Constitutiva em 16 de dezembro de 1967 e seus Estatutos foram aprovados pelo Definit\u00f3rio geral em 16 de julho de 1970.<\/p>\n<p><img loading=\"lazy\" class=\"alignnone size-full wp-image-236896\" src=\"https:\/\/franciscanos.org.br\/noticias\/wp-content\/uploads\/2022\/03\/primeiro_2203_6.jpg\" alt=\"\" width=\"1280\" height=\"853\" srcset=\"https:\/\/franciscanos.org.br\/noticias\/wp-content\/uploads\/2022\/03\/primeiro_2203_6.jpg 1280w, https:\/\/franciscanos.org.br\/noticias\/wp-content\/uploads\/2022\/03\/primeiro_2203_6-450x300.jpg 450w, https:\/\/franciscanos.org.br\/noticias\/wp-content\/uploads\/2022\/03\/primeiro_2203_6-1024x682.jpg 1024w, https:\/\/franciscanos.org.br\/noticias\/wp-content\/uploads\/2022\/03\/primeiro_2203_6-768x512.jpg 768w, https:\/\/franciscanos.org.br\/noticias\/wp-content\/uploads\/2022\/03\/primeiro_2203_6-150x100.jpg 150w\" sizes=\"(max-width: 1280px) 100vw, 1280px\" \/><\/p>\n<p>No dia 13 de maio de 2020, depois de suprimir a antiga Confer\u00eancia do Cone Sul, passou suas tr\u00eas entidades para integrarem a CFMB que, por este fato, deixou de ter \u00e2mbito brasileiro e passou a denominar-se Confer\u00eancia dos Ministros Provinciais do Brasil e do Cone Sul. &#8220;A Confer\u00eancia \u00e9 uma inst\u00e2ncia de representatividade, de comunica\u00e7\u00e3o e de colabora\u00e7\u00e3o, de modo a promover o bem comum da Ordem no Brasil e no Cone Sul, respeitando-se a autonomia de cada entidade&#8221;, explicou o Definidor Geral Frei C\u00e9sar K\u00fclkamp.<\/p>\n<p>Desta forma, por causa da pandemia e do Cap\u00edtulo Geral em 2021, s\u00f3 agora a Confer\u00eancia conseguiu se reunir em Assembleia, a inst\u00e2ncia m\u00e1xima de natureza deliberativa e consultiva, composta por todos os membros da Confer\u00eancia, isto \u00e9, Provinciais e Cust\u00f3dios, e por ser Ampliada, ela re\u00fane outros frades que est\u00e3o \u00e0 frente das Secretarias e Servi\u00e7os de cada entidade.<\/p>\n\n\t\t<style type=\"text\/css\">\n\t\t\t#gallery-1 {\n\t\t\t\tmargin: auto;\n\t\t\t}\n\t\t\t#gallery-1 .gallery-item {\n\t\t\t\tfloat: left;\n\t\t\t\tmargin-top: 10px;\n\t\t\t\ttext-align: center;\n\t\t\t\twidth: 20%;\n\t\t\t}\n\t\t\t#gallery-1 img {\n\t\t\t\tborder: 2px solid #cfcfcf;\n\t\t\t}\n\t\t\t#gallery-1 .gallery-caption {\n\t\t\t\tmargin-left: 0;\n\t\t\t}\n\t\t\t\/* see gallery_shortcode() in wp-includes\/media.php *\/\n\t\t<\/style>\n\t\t<div id='gallery-1' class='gallery galleryid-236891 gallery-columns-5 gallery-size-thumbnail'><dl class='gallery-item'>\n\t\t\t<dt class='gallery-icon landscape'>\n\t\t\t\t<a href='https:\/\/franciscanos.org.br\/noticias\/wp-content\/uploads\/2022\/03\/Assembleia_01.jpg'><img width=\"300\" height=\"300\" src=\"https:\/\/franciscanos.org.br\/noticias\/wp-content\/uploads\/2022\/03\/Assembleia_01-300x300.jpg\" class=\"attachment-thumbnail size-thumbnail\" alt=\"\" loading=\"lazy\" srcset=\"https:\/\/franciscanos.org.br\/noticias\/wp-content\/uploads\/2022\/03\/Assembleia_01-300x300.jpg 300w, https:\/\/franciscanos.org.br\/noticias\/wp-content\/uploads\/2022\/03\/Assembleia_01-100x100.jpg 100w\" sizes=\"(max-width: 300px) 100vw, 300px\" \/><\/a>\n\t\t\t<\/dt><\/dl><dl class='gallery-item'>\n\t\t\t<dt class='gallery-icon landscape'>\n\t\t\t\t<a href='https:\/\/franciscanos.org.br\/noticias\/wp-content\/uploads\/2022\/03\/assembleia_02.jpg'><img width=\"300\" height=\"300\" src=\"https:\/\/franciscanos.org.br\/noticias\/wp-content\/uploads\/2022\/03\/assembleia_02-300x300.jpg\" class=\"attachment-thumbnail size-thumbnail\" alt=\"\" loading=\"lazy\" srcset=\"https:\/\/franciscanos.org.br\/noticias\/wp-content\/uploads\/2022\/03\/assembleia_02-300x300.jpg 300w, https:\/\/franciscanos.org.br\/noticias\/wp-content\/uploads\/2022\/03\/assembleia_02-100x100.jpg 100w\" sizes=\"(max-width: 300px) 100vw, 300px\" \/><\/a>\n\t\t\t<\/dt><\/dl><dl class='gallery-item'>\n\t\t\t<dt class='gallery-icon landscape'>\n\t\t\t\t<a href='https:\/\/franciscanos.org.br\/noticias\/wp-content\/uploads\/2022\/03\/assembleia_03.jpg'><img width=\"300\" height=\"300\" src=\"https:\/\/franciscanos.org.br\/noticias\/wp-content\/uploads\/2022\/03\/assembleia_03-300x300.jpg\" class=\"attachment-thumbnail size-thumbnail\" alt=\"\" loading=\"lazy\" srcset=\"https:\/\/franciscanos.org.br\/noticias\/wp-content\/uploads\/2022\/03\/assembleia_03-300x300.jpg 300w, https:\/\/franciscanos.org.br\/noticias\/wp-content\/uploads\/2022\/03\/assembleia_03-100x100.jpg 100w\" sizes=\"(max-width: 300px) 100vw, 300px\" \/><\/a>\n\t\t\t<\/dt><\/dl><dl class='gallery-item'>\n\t\t\t<dt class='gallery-icon landscape'>\n\t\t\t\t<a href='https:\/\/franciscanos.org.br\/noticias\/wp-content\/uploads\/2022\/03\/assembleia_04.jpg'><img width=\"300\" height=\"300\" src=\"https:\/\/franciscanos.org.br\/noticias\/wp-content\/uploads\/2022\/03\/assembleia_04-300x300.jpg\" class=\"attachment-thumbnail size-thumbnail\" alt=\"\" loading=\"lazy\" srcset=\"https:\/\/franciscanos.org.br\/noticias\/wp-content\/uploads\/2022\/03\/assembleia_04-300x300.jpg 300w, https:\/\/franciscanos.org.br\/noticias\/wp-content\/uploads\/2022\/03\/assembleia_04-100x100.jpg 100w\" sizes=\"(max-width: 300px) 100vw, 300px\" \/><\/a>\n\t\t\t<\/dt><\/dl><dl class='gallery-item'>\n\t\t\t<dt class='gallery-icon landscape'>\n\t\t\t\t<a href='https:\/\/franciscanos.org.br\/noticias\/wp-content\/uploads\/2022\/03\/assembleia_05.jpg'><img width=\"300\" height=\"300\" src=\"https:\/\/franciscanos.org.br\/noticias\/wp-content\/uploads\/2022\/03\/assembleia_05-300x300.jpg\" class=\"attachment-thumbnail size-thumbnail\" alt=\"\" loading=\"lazy\" srcset=\"https:\/\/franciscanos.org.br\/noticias\/wp-content\/uploads\/2022\/03\/assembleia_05-300x300.jpg 300w, https:\/\/franciscanos.org.br\/noticias\/wp-content\/uploads\/2022\/03\/assembleia_05-100x100.jpg 100w\" sizes=\"(max-width: 300px) 100vw, 300px\" \/><\/a>\n\t\t\t<\/dt><\/dl><br style=\"clear: both\" \/>\n\t\t<\/div>\n\n<p><em> \u00a0 \u00a0(clique nas imagens para aument\u00e1-las)<\/em><\/p>\n<p>Cada uma das 12 entidades participantes da Confer\u00eancia &#8211; nove do Brasil, duas da Argentina e uma do Chile &#8211; fez uma apresenta\u00e7\u00e3o hist\u00f3rica e atual de sua presen\u00e7a em solo brasileiro, argentino, chileno e paraguaio.<\/p>\n<p>Com a nova organiza\u00e7\u00e3o, os servi\u00e7os ficaram sem refer\u00eancias e muitos projetos foram prejudicados seja por este motivo ou pela pandemia. A realiza\u00e7\u00e3o da Assembleia \u00e9 importante para dar impulso na retomada da miss\u00e3o e evangeliza\u00e7\u00e3o, considerando a forma\u00e7\u00e3o e a anima\u00e7\u00e3o vocacional.<\/p>\n<p><img loading=\"lazy\" class=\"alignnone size-full wp-image-236906\" src=\"https:\/\/franciscanos.org.br\/noticias\/wp-content\/uploads\/2022\/03\/assembleia_foto.jpg\" alt=\"\" width=\"1280\" height=\"847\" srcset=\"https:\/\/franciscanos.org.br\/noticias\/wp-content\/uploads\/2022\/03\/assembleia_foto.jpg 1280w, https:\/\/franciscanos.org.br\/noticias\/wp-content\/uploads\/2022\/03\/assembleia_foto-450x298.jpg 450w, https:\/\/franciscanos.org.br\/noticias\/wp-content\/uploads\/2022\/03\/assembleia_foto-1024x678.jpg 1024w, https:\/\/franciscanos.org.br\/noticias\/wp-content\/uploads\/2022\/03\/assembleia_foto-768x508.jpg 768w, https:\/\/franciscanos.org.br\/noticias\/wp-content\/uploads\/2022\/03\/assembleia_foto-150x99.jpg 150w\" sizes=\"(max-width: 1280px) 100vw, 1280px\" \/><\/p>\n<p>&nbsp;<\/p>\n<p>O dia terminou com um momento celebrativo pedindo paz no mundo e fazendo mem\u00f3ria dos falecidos pela Covid-19. Os frades se reuniram no centro do p\u00e1tio da Casa de Eventos, com o sol se pondo \u00e0s 6 horas, para cantar a &#8220;Ora\u00e7\u00e3o de S\u00e3o Francisco&#8221;.<\/p>\n<p><iframe loading=\"lazy\" title=\"YouTube video player\" src=\"https:\/\/www.youtube.com\/embed\/0yJXId_hkD8\" width=\"100%\" height=\"480\" frameborder=\"0\" allowfullscreen=\"allowfullscreen\"><\/iframe><\/p>\n<p>Os 77 frades presentes no local chegaram ontem \u00e0 tarde, mas cada um precisou fazer o teste r\u00e1pido Covid-19. Depois do jantar, os participantes foram acolhidos pela Congrega\u00e7\u00e3o das Irm\u00e3zinhas da Imaculada Concei\u00e7\u00e3o (CIIC), fundada por Santa Paulina, pelo Ministro Provincial da Prov\u00edncia da Imaculada Concei\u00e7\u00e3o, Frei Paulo Roberto Pereira, e pelo presidente da Confer\u00eancia, Frei Daniel Fleitas.<\/p>\n<hr \/>\n<p><em>Comunica\u00e7\u00e3o da Prov\u00edncia da Imaculada Concei\u00e7\u00e3o<\/em><\/p>\n","protected":false},"excerpt":{"rendered":"<p>Assembleia da Confer\u00eancia Franciscana do Brasil e Cone Sul<\/p>\n","protected":false},"author":3,"featured_media":236892,"comment_status":"open","ping_status":"open","sticky":false,"template":"","format":"standard","meta":[],"categories":[1],"tags":[1996],"acf":[],"yoast_head":"<!-- This site is optimized with the Yoast SEO plugin v19.2 - https:\/\/yoast.com\/wordpress\/plugins\/seo\/ -->\n<title>Ministro Geral: &quot;Mais do que unir estruturas, queremos dar alma ao que fazemos&quot; - Not\u00edcias - Franciscanos<\/title>\n<meta name=\"robots\" content=\"index, follow, max-snippet:-1, max-image-preview:large, max-video-preview:-1\" \/>\n<link rel=\"canonical\" href=\"https:\/\/franciscanos.org.br\/noticias\/ministro-geral-mais-do-que-unir-estruturas-queremos-dar-alma-ao-que-fazemos.html\" \/>\n<meta property=\"og:locale\" content=\"pt_BR\" \/>\n<meta property=\"og:type\" content=\"article\" \/>\n<meta property=\"og:title\" content=\"Ministro Geral: &quot;Mais do que unir estruturas, queremos dar alma ao que fazemos&quot; - Not\u00edcias - Franciscanos\" \/>\n<meta property=\"og:description\" content=\"Assembleia da Confer\u00eancia Franciscana do Brasil e Cone Sul\" \/>\n<meta property=\"og:url\" content=\"https:\/\/franciscanos.org.br\/noticias\/ministro-geral-mais-do-que-unir-estruturas-queremos-dar-alma-ao-que-fazemos.html\" \/>\n<meta property=\"og:site_name\" content=\"Not\u00edcias - Franciscanos\" \/>\n<meta property=\"article:published_time\" content=\"2022-03-22T23:25:29+00:00\" \/>\n<meta property=\"article:modified_time\" content=\"2023-01-03T17:25:06+00:00\" \/>\n<meta property=\"og:image\" content=\"https:\/\/franciscanos.org.br\/noticias\/wp-content\/uploads\/2022\/03\/primeiro_2203.jpg\" \/>\n\t<meta property=\"og:image:width\" content=\"1280\" \/>\n\t<meta property=\"og:image:height\" content=\"720\" \/>\n\t<meta property=\"og:image:type\" content=\"image\/jpeg\" \/>\n<meta name=\"author\" content=\"moacir\" \/>\n<meta name=\"twitter:card\" content=\"summary_large_image\" \/>\n<meta name=\"twitter:label1\" content=\"Escrito por\" \/>\n\t<meta name=\"twitter:data1\" content=\"moacir\" \/>\n\t<meta name=\"twitter:label2\" content=\"Est. tempo de leitura\" \/>\n\t<meta name=\"twitter:data2\" content=\"6 minutos\" \/>\n<script type=\"application\/ld+json\" class=\"yoast-schema-graph\">{\"@context\":\"https:\/\/schema.org\",\"@graph\":[{\"@type\":\"WebSite\",\"@id\":\"https:\/\/franciscanos.org.br\/noticias\/#website\",\"url\":\"https:\/\/franciscanos.org.br\/noticias\/\",\"name\":\"Not\u00edcias - Franciscanos\",\"description\":\"Prov\u00edncia Franciscana da Imaculada Concei\u00e7\u00e3o do Brasil - Ordem dos Frades Menores - OFM\",\"potentialAction\":[{\"@type\":\"SearchAction\",\"target\":{\"@type\":\"EntryPoint\",\"urlTemplate\":\"https:\/\/franciscanos.org.br\/noticias\/?s={search_term_string}\"},\"query-input\":\"required name=search_term_string\"}],\"inLanguage\":\"pt-BR\"},{\"@type\":\"ImageObject\",\"inLanguage\":\"pt-BR\",\"@id\":\"https:\/\/franciscanos.org.br\/noticias\/ministro-geral-mais-do-que-unir-estruturas-queremos-dar-alma-ao-que-fazemos.html#primaryimage\",\"url\":\"https:\/\/franciscanos.org.br\/noticias\/wp-content\/uploads\/2022\/03\/primeiro_2203.jpg\",\"contentUrl\":\"https:\/\/franciscanos.org.br\/noticias\/wp-content\/uploads\/2022\/03\/primeiro_2203.jpg\",\"width\":1280,\"height\":720},{\"@type\":\"WebPage\",\"@id\":\"https:\/\/franciscanos.org.br\/noticias\/ministro-geral-mais-do-que-unir-estruturas-queremos-dar-alma-ao-que-fazemos.html#webpage\",\"url\":\"https:\/\/franciscanos.org.br\/noticias\/ministro-geral-mais-do-que-unir-estruturas-queremos-dar-alma-ao-que-fazemos.html\",\"name\":\"Ministro Geral: \\\"Mais do que unir estruturas, queremos dar alma ao que fazemos\\\" - Not\u00edcias - Franciscanos\",\"isPartOf\":{\"@id\":\"https:\/\/franciscanos.org.br\/noticias\/#website\"},\"primaryImageOfPage\":{\"@id\":\"https:\/\/franciscanos.org.br\/noticias\/ministro-geral-mais-do-que-unir-estruturas-queremos-dar-alma-ao-que-fazemos.html#primaryimage\"},\"datePublished\":\"2022-03-22T23:25:29+00:00\",\"dateModified\":\"2023-01-03T17:25:06+00:00\",\"author\":{\"@id\":\"https:\/\/franciscanos.org.br\/noticias\/#\/schema\/person\/b5c8cba458c330ccff548b056e95a5d4\"},\"breadcrumb\":{\"@id\":\"https:\/\/franciscanos.org.br\/noticias\/ministro-geral-mais-do-que-unir-estruturas-queremos-dar-alma-ao-que-fazemos.html#breadcrumb\"},\"inLanguage\":\"pt-BR\",\"potentialAction\":[{\"@type\":\"ReadAction\",\"target\":[\"https:\/\/franciscanos.org.br\/noticias\/ministro-geral-mais-do-que-unir-estruturas-queremos-dar-alma-ao-que-fazemos.html\"]}]},{\"@type\":\"BreadcrumbList\",\"@id\":\"https:\/\/franciscanos.org.br\/noticias\/ministro-geral-mais-do-que-unir-estruturas-queremos-dar-alma-ao-que-fazemos.html#breadcrumb\",\"itemListElement\":[{\"@type\":\"ListItem\",\"position\":1,\"name\":\"Home\",\"item\":\"https:\/\/franciscanos.org.br\/noticias\"},{\"@type\":\"ListItem\",\"position\":2,\"name\":\"Ministro Geral: &#8220;Mais do que unir estruturas, queremos dar alma ao que fazemos&#8221;\"}]},{\"@type\":\"Person\",\"@id\":\"https:\/\/franciscanos.org.br\/noticias\/#\/schema\/person\/b5c8cba458c330ccff548b056e95a5d4\",\"name\":\"moacir\",\"image\":{\"@type\":\"ImageObject\",\"inLanguage\":\"pt-BR\",\"@id\":\"https:\/\/franciscanos.org.br\/noticias\/#\/schema\/person\/image\/\",\"url\":\"https:\/\/secure.gravatar.com\/avatar\/d08aa2ce4c8dd416d4479aa8536fcf64?s=96&d=mm&r=g\",\"contentUrl\":\"https:\/\/secure.gravatar.com\/avatar\/d08aa2ce4c8dd416d4479aa8536fcf64?s=96&d=mm&r=g\",\"caption\":\"moacir\"},\"url\":\"https:\/\/franciscanos.org.br\/noticias\/author\/moacir\"}]}<\/script>\n<!-- \/ Yoast SEO plugin. -->","yoast_head_json":{"title":"Ministro Geral: \"Mais do que unir estruturas, queremos dar alma ao que fazemos\" - Not\u00edcias - Franciscanos","robots":{"index":"index","follow":"follow","max-snippet":"max-snippet:-1","max-image-preview":"max-image-preview:large","max-video-preview":"max-video-preview:-1"},"canonical":"https:\/\/franciscanos.org.br\/noticias\/ministro-geral-mais-do-que-unir-estruturas-queremos-dar-alma-ao-que-fazemos.html","og_locale":"pt_BR","og_type":"article","og_title":"Ministro Geral: \"Mais do que unir estruturas, queremos dar alma ao que fazemos\" - Not\u00edcias - Franciscanos","og_description":"Assembleia da Confer\u00eancia Franciscana do Brasil e Cone Sul","og_url":"https:\/\/franciscanos.org.br\/noticias\/ministro-geral-mais-do-que-unir-estruturas-queremos-dar-alma-ao-que-fazemos.html","og_site_name":"Not\u00edcias - Franciscanos","article_published_time":"2022-03-22T23:25:29+00:00","article_modified_time":"2023-01-03T17:25:06+00:00","og_image":[{"width":1280,"height":720,"url":"https:\/\/franciscanos.org.br\/noticias\/wp-content\/uploads\/2022\/03\/primeiro_2203.jpg","type":"image\/jpeg"}],"author":"moacir","twitter_card":"summary_large_image","twitter_misc":{"Escrito por":"moacir","Est. tempo de leitura":"6 minutos"},"schema":{"@context":"https:\/\/schema.org","@graph":[{"@type":"WebSite","@id":"https:\/\/franciscanos.org.br\/noticias\/#website","url":"https:\/\/franciscanos.org.br\/noticias\/","name":"Not\u00edcias - Franciscanos","description":"Prov\u00edncia Franciscana da Imaculada Concei\u00e7\u00e3o do Brasil - Ordem dos Frades Menores - OFM","potentialAction":[{"@type":"SearchAction","target":{"@type":"EntryPoint","urlTemplate":"https:\/\/franciscanos.org.br\/noticias\/?s={search_term_string}"},"query-input":"required name=search_term_string"}],"inLanguage":"pt-BR"},{"@type":"ImageObject","inLanguage":"pt-BR","@id":"https:\/\/franciscanos.org.br\/noticias\/ministro-geral-mais-do-que-unir-estruturas-queremos-dar-alma-ao-que-fazemos.html#primaryimage","url":"https:\/\/franciscanos.org.br\/noticias\/wp-content\/uploads\/2022\/03\/primeiro_2203.jpg","contentUrl":"https:\/\/franciscanos.org.br\/noticias\/wp-content\/uploads\/2022\/03\/primeiro_2203.jpg","width":1280,"height":720},{"@type":"WebPage","@id":"https:\/\/franciscanos.org.br\/noticias\/ministro-geral-mais-do-que-unir-estruturas-queremos-dar-alma-ao-que-fazemos.html#webpage","url":"https:\/\/franciscanos.org.br\/noticias\/ministro-geral-mais-do-que-unir-estruturas-queremos-dar-alma-ao-que-fazemos.html","name":"Ministro Geral: \"Mais do que unir estruturas, queremos dar alma ao que fazemos\" - Not\u00edcias - Franciscanos","isPartOf":{"@id":"https:\/\/franciscanos.org.br\/noticias\/#website"},"primaryImageOfPage":{"@id":"https:\/\/franciscanos.org.br\/noticias\/ministro-geral-mais-do-que-unir-estruturas-queremos-dar-alma-ao-que-fazemos.html#primaryimage"},"datePublished":"2022-03-22T23:25:29+00:00","dateModified":"2023-01-03T17:25:06+00:00","author":{"@id":"https:\/\/franciscanos.org.br\/noticias\/#\/schema\/person\/b5c8cba458c330ccff548b056e95a5d4"},"breadcrumb":{"@id":"https:\/\/franciscanos.org.br\/noticias\/ministro-geral-mais-do-que-unir-estruturas-queremos-dar-alma-ao-que-fazemos.html#breadcrumb"},"inLanguage":"pt-BR","potentialAction":[{"@type":"ReadAction","target":["https:\/\/franciscanos.org.br\/noticias\/ministro-geral-mais-do-que-unir-estruturas-queremos-dar-alma-ao-que-fazemos.html"]}]},{"@type":"BreadcrumbList","@id":"https:\/\/franciscanos.org.br\/noticias\/ministro-geral-mais-do-que-unir-estruturas-queremos-dar-alma-ao-que-fazemos.html#breadcrumb","itemListElement":[{"@type":"ListItem","position":1,"name":"Home","item":"https:\/\/franciscanos.org.br\/noticias"},{"@type":"ListItem","position":2,"name":"Ministro Geral: &#8220;Mais do que unir estruturas, queremos dar alma ao que fazemos&#8221;"}]},{"@type":"Person","@id":"https:\/\/franciscanos.org.br\/noticias\/#\/schema\/person\/b5c8cba458c330ccff548b056e95a5d4","name":"moacir","image":{"@type":"ImageObject","inLanguage":"pt-BR","@id":"https:\/\/franciscanos.org.br\/noticias\/#\/schema\/person\/image\/","url":"https:\/\/secure.gravatar.com\/avatar\/d08aa2ce4c8dd416d4479aa8536fcf64?s=96&d=mm&r=g","contentUrl":"https:\/\/secure.gravatar.com\/avatar\/d08aa2ce4c8dd416d4479aa8536fcf64?s=96&d=mm&r=g","caption":"moacir"},"url":"https:\/\/franciscanos.org.br\/noticias\/author\/moacir"}]}},"_links":{"self":[{"href":"https:\/\/franciscanos.org.br\/noticias\/wp-json\/wp\/v2\/posts\/236891"}],"collection":[{"href":"https:\/\/franciscanos.org.br\/noticias\/wp-json\/wp\/v2\/posts"}],"about":[{"href":"https:\/\/franciscanos.org.br\/noticias\/wp-json\/wp\/v2\/types\/post"}],"author":[{"embeddable":true,"href":"https:\/\/franciscanos.org.br\/noticias\/wp-json\/wp\/v2\/users\/3"}],"replies":[{"embeddable":true,"href":"https:\/\/franciscanos.org.br\/noticias\/wp-json\/wp\/v2\/comments?post=236891"}],"version-history":[{"count":5,"href":"https:\/\/franciscanos.org.br\/noticias\/wp-json\/wp\/v2\/posts\/236891\/revisions"}],"predecessor-version":[{"id":241540,"href":"https:\/\/franciscanos.org.br\/noticias\/wp-json\/wp\/v2\/posts\/236891\/revisions\/241540"}],"wp:featuredmedia":[{"embeddable":true,"href":"https:\/\/franciscanos.org.br\/noticias\/wp-json\/wp\/v2\/media\/236892"}],"wp:attachment":[{"href":"https:\/\/franciscanos.org.br\/noticias\/wp-json\/wp\/v2\/media?parent=236891"}],"wp:term":[{"taxonomy":"category","embeddable":true,"href":"https:\/\/franciscanos.org.br\/noticias\/wp-json\/wp\/v2\/categories?post=236891"},{"taxonomy":"post_tag","embeddable":true,"href":"https:\/\/franciscanos.org.br\/noticias\/wp-json\/wp\/v2\/tags?post=236891"}],"curies":[{"name":"wp","href":"https:\/\/api.w.org\/{rel}","templated":true}]}}