{"id":236871,"date":"2022-03-21T11:22:17","date_gmt":"2022-03-21T14:22:17","guid":{"rendered":"https:\/\/franciscanos.org.br\/noticias\/?p=236871"},"modified":"2022-03-21T11:22:17","modified_gmt":"2022-03-21T14:22:17","slug":"papa-o-gasto-com-armas-e-um-escandalo-suja-o-coracao-suja-a-humanidade","status":"publish","type":"post","link":"https:\/\/franciscanos.org.br\/noticias\/papa-o-gasto-com-armas-e-um-escandalo-suja-o-coracao-suja-a-humanidade.html","title":{"rendered":"Papa: o gasto com armas \u00e9 um esc\u00e2ndalo, suja o cora\u00e7\u00e3o, suja a humanidade"},"content":{"rendered":"<div id=\"attachment_236872\" style=\"width: 1510px\" class=\"wp-caption alignnone\"><img aria-describedby=\"caption-attachment-236872\" loading=\"lazy\" class=\"wp-image-236872 size-full\" src=\"https:\/\/franciscanos.org.br\/noticias\/wp-content\/uploads\/2022\/03\/papa.jpeg\" alt=\"\" width=\"1500\" height=\"844\" srcset=\"https:\/\/franciscanos.org.br\/noticias\/wp-content\/uploads\/2022\/03\/papa.jpeg 1500w, https:\/\/franciscanos.org.br\/noticias\/wp-content\/uploads\/2022\/03\/papa-450x253.jpeg 450w, https:\/\/franciscanos.org.br\/noticias\/wp-content\/uploads\/2022\/03\/papa-1024x576.jpeg 1024w, https:\/\/franciscanos.org.br\/noticias\/wp-content\/uploads\/2022\/03\/papa-768x432.jpeg 768w, https:\/\/franciscanos.org.br\/noticias\/wp-content\/uploads\/2022\/03\/papa-150x84.jpeg 150w\" sizes=\"(max-width: 1500px) 100vw, 1500px\" \/><p id=\"caption-attachment-236872\" class=\"wp-caption-text\">\u00a0 \u00a0 \u00a0 \u00a0 \u00a0 \u00a0 \u00a0 \u00a0 \u00a0 \u00a0 \u00a0 \u00a0 \u00a0 \u00a0 \u00a0 \u00a0 \u00a0 \u00a0 \u00a0 \u00a0 \u00a0 \u00a0 \u00a0 \u00a0 \u00a0 \u00a0 \u00a0 \u00a0 \u00a0 \u00a0 \u00a0 \u00a0 \u00a0 \u00a0 \u00a0 \u00a0 \u00a0 \u00a0 \u00a0 \u00a0 \u00a0 \u00a0 \u00a0 \u00a0 \u00a0 \u00a0 \u00a0 \u00a0 \u00a0 \u00a0 \u00a0 <em>\u00a0 \u00a0 \u00a0 \u00a0 \u00a0Fonte: Vatican Media<\/em><\/p><\/div>\n<p>O Papa Francisco recebeu em audi\u00eancia, nesta segunda-feira (21\/03), na Sala Clementina, no Vaticano, sessenta membros da organiza\u00e7\u00e3o italiana de voluntariado &#8220;Eu tive sede&#8221;, que completa este ano dez anos de funda\u00e7\u00e3o.<\/p>\n<p>Fundada em 2012, em Modena, a organiza\u00e7\u00e3o realiza projetos humanit\u00e1rios em v\u00e1rias \u00e1reas do mundo e eventos culturais e sociais de conscientiza\u00e7\u00e3o no territ\u00f3rio italiano.<\/p>\n<p>Depois de agradecer as palavras do presidente do organismo, o Papa recordou o objetivo claro e urgente da organiza\u00e7\u00e3o &#8220;Eu tive sede&#8221;: levar \u00e1gua pot\u00e1vel a quem n\u00e3o tem. Essas palavras de Jesus, &#8220;tornaram-se o seu nome e o seu lema&#8221;, sublinhou Francisco.<\/p>\n<p>O acesso \u00e0 \u00e1gua, especialmente \u00e1gua pot\u00e1vel e limpa, \u00e9 agora um ponto cr\u00edtico para o presente e o futuro pr\u00f3ximo da fam\u00edlia humana. \u00c9 uma quest\u00e3o priorit\u00e1ria para a vida do planeta e para a paz entre os povos. Isso diz respeito a todos. No entanto, no mundo, especialmente na \u00c1frica, existem popula\u00e7\u00f5es que sofrem mais do que outras com a falta de acesso a esse bem prim\u00e1rio. Por isso, voc\u00eas realizaram seus projetos humanit\u00e1rios na \u00c1frica, em muitos pa\u00edses, em diferentes regi\u00f5es do continente. Isso \u00e9 muito bonito. Tamb\u00e9m \u00e9 algo muito bonito que os trabalhos sejam sempre realizados com trabalhadores locais e em colabora\u00e7\u00e3o com os mission\u00e1rios e as comunidades eclesiais do territ\u00f3rio.<\/p>\n<p>A seguir, o Papa sublinhou que &#8220;a sede n\u00e3o faz sentir mal quando existe abund\u00e2ncia de \u00e1gua para beber&#8221;, mas n\u00f3s &#8220;sabemos que se faltar \u00e1gua, e faltar por muito tempo, a sede pode se tornar insuport\u00e1vel&#8221;. &#8220;A vida na Terra depende da \u00e1gua, e tamb\u00e9m n\u00f3s, seres humanos. Todos precisamos da irm\u00e3 \u00e1gua para viver&#8221;, disse ainda Francisco.<\/p>\n<p>&#8220;Por que entrar em guerra por causa de conflitos que devemos resolver conversando como homens? Por que n\u00e3o unir nossas for\u00e7as e nossos recursos para combater juntos as verdadeiras batalhas da civiliza\u00e7\u00e3o: a luta contra a fome e a sede; a luta contra doen\u00e7as e epidemias; a luta contra a pobreza e a escravid\u00e3o de hoje. Por qu\u00ea?&#8221;, perguntou Francisco, afirmando que gastar com armas significa tirar de quem precisa.<\/p>\n<p>Isso \u00e9 um esc\u00e2ndalo: os gastos com armas. Quanto se gasta em armas: \u00e9 terr\u00edvel! N\u00e3o sei qual porcentagem do PIB, n\u00e3o sei, n\u00e3o tenho o valor exato, mas \u00e9 uma porcentagem alta. Gasta-se com armas para fazer guerras, n\u00e3o s\u00f3 esta que \u00e9 grav\u00edssima e estamos vivendo agora, e a sentimos mais porque est\u00e1 mais perto, mas na \u00c1frica, no Oriente M\u00e9dio, na \u00c1sia, as guerras continuam. Isso \u00e9 grave. \u00c9 grave. Criar a consci\u00eancia de que gastar em armas, suja a alma, suja o cora\u00e7\u00e3o, suja a humanidade.<\/p>\n<p>&#8220;Para que serve comprometermo-nos todos juntos, solenemente, a n\u00edvel internacional, nas campanhas contra a pobreza, contra a fome, contra a degrada\u00e7\u00e3o do planeta, se voltamos ent\u00e3o ao velho v\u00edcio da guerra, \u00e0 velha estrat\u00e9gia do poder dos armamentos, que leva tudo e todos para tr\u00e1s?&#8221;, perguntou ainda Francisco. &#8220;A guerra \u00e9 um retrocesso. Caminha-se para tr\u00e1s e tem de come\u00e7ar tudo de novo&#8221;, sublinhou.<\/p>\n<p>A seguir, o Papa disse que foi para ele uma surpresa encontrar na It\u00e1lia um voluntariado t\u00e3o forte. &#8220;Esta \u00e9 sua heran\u00e7a cultural, italiana, que voc\u00eas devem preservar bem&#8221;, concluiu Francisco.<\/p>\n<hr \/>\n<p><em>Fonte: Vatican News (texto Mariangela Jaguraba)<\/em><\/p>\n<p>&nbsp;<\/p>\n","protected":false},"excerpt":{"rendered":"<p>Papa Francisco<\/p>\n","protected":false},"author":3,"featured_media":236872,"comment_status":"open","ping_status":"open","sticky":false,"template":"","format":"standard","meta":[],"categories":[1428],"tags":[55],"acf":[],"yoast_head":"<!-- This site is optimized with the Yoast SEO plugin v19.2 - https:\/\/yoast.com\/wordpress\/plugins\/seo\/ -->\n<title>Papa: o gasto com armas \u00e9 um esc\u00e2ndalo, suja o cora\u00e7\u00e3o, suja a humanidade - Not\u00edcias - Franciscanos<\/title>\n<meta name=\"robots\" content=\"index, follow, max-snippet:-1, max-image-preview:large, max-video-preview:-1\" \/>\n<link rel=\"canonical\" href=\"https:\/\/franciscanos.org.br\/noticias\/papa-o-gasto-com-armas-e-um-escandalo-suja-o-coracao-suja-a-humanidade.html\" \/>\n<meta property=\"og:locale\" content=\"pt_BR\" \/>\n<meta property=\"og:type\" content=\"article\" \/>\n<meta property=\"og:title\" content=\"Papa: o gasto com armas \u00e9 um esc\u00e2ndalo, suja o cora\u00e7\u00e3o, suja a humanidade - Not\u00edcias - Franciscanos\" \/>\n<meta property=\"og:description\" content=\"Papa Francisco\" \/>\n<meta property=\"og:url\" content=\"https:\/\/franciscanos.org.br\/noticias\/papa-o-gasto-com-armas-e-um-escandalo-suja-o-coracao-suja-a-humanidade.html\" \/>\n<meta property=\"og:site_name\" content=\"Not\u00edcias - Franciscanos\" \/>\n<meta property=\"article:published_time\" content=\"2022-03-21T14:22:17+00:00\" \/>\n<meta property=\"og:image\" content=\"https:\/\/franciscanos.org.br\/noticias\/wp-content\/uploads\/2022\/03\/papa.jpeg\" \/>\n\t<meta property=\"og:image:width\" content=\"1500\" \/>\n\t<meta property=\"og:image:height\" content=\"844\" \/>\n\t<meta property=\"og:image:type\" content=\"image\/jpeg\" \/>\n<meta name=\"author\" content=\"moacir\" \/>\n<meta name=\"twitter:card\" content=\"summary_large_image\" \/>\n<meta name=\"twitter:label1\" content=\"Escrito por\" \/>\n\t<meta name=\"twitter:data1\" content=\"moacir\" \/>\n\t<meta name=\"twitter:label2\" content=\"Est. tempo de leitura\" \/>\n\t<meta name=\"twitter:data2\" content=\"3 minutos\" \/>\n<script type=\"application\/ld+json\" class=\"yoast-schema-graph\">{\"@context\":\"https:\/\/schema.org\",\"@graph\":[{\"@type\":\"WebSite\",\"@id\":\"https:\/\/franciscanos.org.br\/noticias\/#website\",\"url\":\"https:\/\/franciscanos.org.br\/noticias\/\",\"name\":\"Not\u00edcias - Franciscanos\",\"description\":\"Prov\u00edncia Franciscana da Imaculada Concei\u00e7\u00e3o do Brasil - Ordem dos Frades Menores - OFM\",\"potentialAction\":[{\"@type\":\"SearchAction\",\"target\":{\"@type\":\"EntryPoint\",\"urlTemplate\":\"https:\/\/franciscanos.org.br\/noticias\/?s={search_term_string}\"},\"query-input\":\"required name=search_term_string\"}],\"inLanguage\":\"pt-BR\"},{\"@type\":\"ImageObject\",\"inLanguage\":\"pt-BR\",\"@id\":\"https:\/\/franciscanos.org.br\/noticias\/papa-o-gasto-com-armas-e-um-escandalo-suja-o-coracao-suja-a-humanidade.html#primaryimage\",\"url\":\"https:\/\/franciscanos.org.br\/noticias\/wp-content\/uploads\/2022\/03\/papa.jpeg\",\"contentUrl\":\"https:\/\/franciscanos.org.br\/noticias\/wp-content\/uploads\/2022\/03\/papa.jpeg\",\"width\":1500,\"height\":844},{\"@type\":\"WebPage\",\"@id\":\"https:\/\/franciscanos.org.br\/noticias\/papa-o-gasto-com-armas-e-um-escandalo-suja-o-coracao-suja-a-humanidade.html#webpage\",\"url\":\"https:\/\/franciscanos.org.br\/noticias\/papa-o-gasto-com-armas-e-um-escandalo-suja-o-coracao-suja-a-humanidade.html\",\"name\":\"Papa: o gasto com armas \u00e9 um esc\u00e2ndalo, suja o cora\u00e7\u00e3o, suja a humanidade - Not\u00edcias - Franciscanos\",\"isPartOf\":{\"@id\":\"https:\/\/franciscanos.org.br\/noticias\/#website\"},\"primaryImageOfPage\":{\"@id\":\"https:\/\/franciscanos.org.br\/noticias\/papa-o-gasto-com-armas-e-um-escandalo-suja-o-coracao-suja-a-humanidade.html#primaryimage\"},\"datePublished\":\"2022-03-21T14:22:17+00:00\",\"dateModified\":\"2022-03-21T14:22:17+00:00\",\"author\":{\"@id\":\"https:\/\/franciscanos.org.br\/noticias\/#\/schema\/person\/b5c8cba458c330ccff548b056e95a5d4\"},\"breadcrumb\":{\"@id\":\"https:\/\/franciscanos.org.br\/noticias\/papa-o-gasto-com-armas-e-um-escandalo-suja-o-coracao-suja-a-humanidade.html#breadcrumb\"},\"inLanguage\":\"pt-BR\",\"potentialAction\":[{\"@type\":\"ReadAction\",\"target\":[\"https:\/\/franciscanos.org.br\/noticias\/papa-o-gasto-com-armas-e-um-escandalo-suja-o-coracao-suja-a-humanidade.html\"]}]},{\"@type\":\"BreadcrumbList\",\"@id\":\"https:\/\/franciscanos.org.br\/noticias\/papa-o-gasto-com-armas-e-um-escandalo-suja-o-coracao-suja-a-humanidade.html#breadcrumb\",\"itemListElement\":[{\"@type\":\"ListItem\",\"position\":1,\"name\":\"Home\",\"item\":\"https:\/\/franciscanos.org.br\/noticias\"},{\"@type\":\"ListItem\",\"position\":2,\"name\":\"Papa: o gasto com armas \u00e9 um esc\u00e2ndalo, suja o cora\u00e7\u00e3o, suja a humanidade\"}]},{\"@type\":\"Person\",\"@id\":\"https:\/\/franciscanos.org.br\/noticias\/#\/schema\/person\/b5c8cba458c330ccff548b056e95a5d4\",\"name\":\"moacir\",\"image\":{\"@type\":\"ImageObject\",\"inLanguage\":\"pt-BR\",\"@id\":\"https:\/\/franciscanos.org.br\/noticias\/#\/schema\/person\/image\/\",\"url\":\"https:\/\/secure.gravatar.com\/avatar\/d08aa2ce4c8dd416d4479aa8536fcf64?s=96&d=mm&r=g\",\"contentUrl\":\"https:\/\/secure.gravatar.com\/avatar\/d08aa2ce4c8dd416d4479aa8536fcf64?s=96&d=mm&r=g\",\"caption\":\"moacir\"},\"url\":\"https:\/\/franciscanos.org.br\/noticias\/author\/moacir\"}]}<\/script>\n<!-- \/ Yoast SEO plugin. -->","yoast_head_json":{"title":"Papa: o gasto com armas \u00e9 um esc\u00e2ndalo, suja o cora\u00e7\u00e3o, suja a humanidade - Not\u00edcias - Franciscanos","robots":{"index":"index","follow":"follow","max-snippet":"max-snippet:-1","max-image-preview":"max-image-preview:large","max-video-preview":"max-video-preview:-1"},"canonical":"https:\/\/franciscanos.org.br\/noticias\/papa-o-gasto-com-armas-e-um-escandalo-suja-o-coracao-suja-a-humanidade.html","og_locale":"pt_BR","og_type":"article","og_title":"Papa: o gasto com armas \u00e9 um esc\u00e2ndalo, suja o cora\u00e7\u00e3o, suja a humanidade - Not\u00edcias - Franciscanos","og_description":"Papa Francisco","og_url":"https:\/\/franciscanos.org.br\/noticias\/papa-o-gasto-com-armas-e-um-escandalo-suja-o-coracao-suja-a-humanidade.html","og_site_name":"Not\u00edcias - Franciscanos","article_published_time":"2022-03-21T14:22:17+00:00","og_image":[{"width":1500,"height":844,"url":"https:\/\/franciscanos.org.br\/noticias\/wp-content\/uploads\/2022\/03\/papa.jpeg","type":"image\/jpeg"}],"author":"moacir","twitter_card":"summary_large_image","twitter_misc":{"Escrito por":"moacir","Est. tempo de leitura":"3 minutos"},"schema":{"@context":"https:\/\/schema.org","@graph":[{"@type":"WebSite","@id":"https:\/\/franciscanos.org.br\/noticias\/#website","url":"https:\/\/franciscanos.org.br\/noticias\/","name":"Not\u00edcias - Franciscanos","description":"Prov\u00edncia Franciscana da Imaculada Concei\u00e7\u00e3o do Brasil - Ordem dos Frades Menores - OFM","potentialAction":[{"@type":"SearchAction","target":{"@type":"EntryPoint","urlTemplate":"https:\/\/franciscanos.org.br\/noticias\/?s={search_term_string}"},"query-input":"required name=search_term_string"}],"inLanguage":"pt-BR"},{"@type":"ImageObject","inLanguage":"pt-BR","@id":"https:\/\/franciscanos.org.br\/noticias\/papa-o-gasto-com-armas-e-um-escandalo-suja-o-coracao-suja-a-humanidade.html#primaryimage","url":"https:\/\/franciscanos.org.br\/noticias\/wp-content\/uploads\/2022\/03\/papa.jpeg","contentUrl":"https:\/\/franciscanos.org.br\/noticias\/wp-content\/uploads\/2022\/03\/papa.jpeg","width":1500,"height":844},{"@type":"WebPage","@id":"https:\/\/franciscanos.org.br\/noticias\/papa-o-gasto-com-armas-e-um-escandalo-suja-o-coracao-suja-a-humanidade.html#webpage","url":"https:\/\/franciscanos.org.br\/noticias\/papa-o-gasto-com-armas-e-um-escandalo-suja-o-coracao-suja-a-humanidade.html","name":"Papa: o gasto com armas \u00e9 um esc\u00e2ndalo, suja o cora\u00e7\u00e3o, suja a humanidade - Not\u00edcias - Franciscanos","isPartOf":{"@id":"https:\/\/franciscanos.org.br\/noticias\/#website"},"primaryImageOfPage":{"@id":"https:\/\/franciscanos.org.br\/noticias\/papa-o-gasto-com-armas-e-um-escandalo-suja-o-coracao-suja-a-humanidade.html#primaryimage"},"datePublished":"2022-03-21T14:22:17+00:00","dateModified":"2022-03-21T14:22:17+00:00","author":{"@id":"https:\/\/franciscanos.org.br\/noticias\/#\/schema\/person\/b5c8cba458c330ccff548b056e95a5d4"},"breadcrumb":{"@id":"https:\/\/franciscanos.org.br\/noticias\/papa-o-gasto-com-armas-e-um-escandalo-suja-o-coracao-suja-a-humanidade.html#breadcrumb"},"inLanguage":"pt-BR","potentialAction":[{"@type":"ReadAction","target":["https:\/\/franciscanos.org.br\/noticias\/papa-o-gasto-com-armas-e-um-escandalo-suja-o-coracao-suja-a-humanidade.html"]}]},{"@type":"BreadcrumbList","@id":"https:\/\/franciscanos.org.br\/noticias\/papa-o-gasto-com-armas-e-um-escandalo-suja-o-coracao-suja-a-humanidade.html#breadcrumb","itemListElement":[{"@type":"ListItem","position":1,"name":"Home","item":"https:\/\/franciscanos.org.br\/noticias"},{"@type":"ListItem","position":2,"name":"Papa: o gasto com armas \u00e9 um esc\u00e2ndalo, suja o cora\u00e7\u00e3o, suja a humanidade"}]},{"@type":"Person","@id":"https:\/\/franciscanos.org.br\/noticias\/#\/schema\/person\/b5c8cba458c330ccff548b056e95a5d4","name":"moacir","image":{"@type":"ImageObject","inLanguage":"pt-BR","@id":"https:\/\/franciscanos.org.br\/noticias\/#\/schema\/person\/image\/","url":"https:\/\/secure.gravatar.com\/avatar\/d08aa2ce4c8dd416d4479aa8536fcf64?s=96&d=mm&r=g","contentUrl":"https:\/\/secure.gravatar.com\/avatar\/d08aa2ce4c8dd416d4479aa8536fcf64?s=96&d=mm&r=g","caption":"moacir"},"url":"https:\/\/franciscanos.org.br\/noticias\/author\/moacir"}]}},"_links":{"self":[{"href":"https:\/\/franciscanos.org.br\/noticias\/wp-json\/wp\/v2\/posts\/236871"}],"collection":[{"href":"https:\/\/franciscanos.org.br\/noticias\/wp-json\/wp\/v2\/posts"}],"about":[{"href":"https:\/\/franciscanos.org.br\/noticias\/wp-json\/wp\/v2\/types\/post"}],"author":[{"embeddable":true,"href":"https:\/\/franciscanos.org.br\/noticias\/wp-json\/wp\/v2\/users\/3"}],"replies":[{"embeddable":true,"href":"https:\/\/franciscanos.org.br\/noticias\/wp-json\/wp\/v2\/comments?post=236871"}],"version-history":[{"count":1,"href":"https:\/\/franciscanos.org.br\/noticias\/wp-json\/wp\/v2\/posts\/236871\/revisions"}],"predecessor-version":[{"id":236873,"href":"https:\/\/franciscanos.org.br\/noticias\/wp-json\/wp\/v2\/posts\/236871\/revisions\/236873"}],"wp:featuredmedia":[{"embeddable":true,"href":"https:\/\/franciscanos.org.br\/noticias\/wp-json\/wp\/v2\/media\/236872"}],"wp:attachment":[{"href":"https:\/\/franciscanos.org.br\/noticias\/wp-json\/wp\/v2\/media?parent=236871"}],"wp:term":[{"taxonomy":"category","embeddable":true,"href":"https:\/\/franciscanos.org.br\/noticias\/wp-json\/wp\/v2\/categories?post=236871"},{"taxonomy":"post_tag","embeddable":true,"href":"https:\/\/franciscanos.org.br\/noticias\/wp-json\/wp\/v2\/tags?post=236871"}],"curies":[{"name":"wp","href":"https:\/\/api.w.org\/{rel}","templated":true}]}}