{"id":236850,"date":"2022-03-20T05:55:49","date_gmt":"2022-03-20T08:55:49","guid":{"rendered":"https:\/\/franciscanos.org.br\/noticias\/?p=236850"},"modified":"2022-03-20T09:13:31","modified_gmt":"2022-03-20T12:13:31","slug":"uma-noite-de-muita-musica-alegria-e-esperanca-no-concerto-por-petropolis","status":"publish","type":"post","link":"https:\/\/franciscanos.org.br\/noticias\/uma-noite-de-muita-musica-alegria-e-esperanca-no-concerto-por-petropolis.html","title":{"rendered":"Uma\u00a0noite de muita m\u00fasica, alegria e esperan\u00e7a no \u201cConcerto por Petr\u00f3polis\u201d"},"content":{"rendered":"<p><img loading=\"lazy\" class=\"alignnone wp-image-236851 size-full\" src=\"https:\/\/franciscanos.org.br\/noticias\/wp-content\/uploads\/2022\/03\/concerto_2003.jpg\" alt=\"\" width=\"1280\" height=\"720\" srcset=\"https:\/\/franciscanos.org.br\/noticias\/wp-content\/uploads\/2022\/03\/concerto_2003.jpg 1280w, https:\/\/franciscanos.org.br\/noticias\/wp-content\/uploads\/2022\/03\/concerto_2003-450x253.jpg 450w, https:\/\/franciscanos.org.br\/noticias\/wp-content\/uploads\/2022\/03\/concerto_2003-1024x576.jpg 1024w, https:\/\/franciscanos.org.br\/noticias\/wp-content\/uploads\/2022\/03\/concerto_2003-768x432.jpg 768w, https:\/\/franciscanos.org.br\/noticias\/wp-content\/uploads\/2022\/03\/concerto_2003-150x84.jpg 150w\" sizes=\"(max-width: 1280px) 100vw, 1280px\" \/><\/p>\n<p><strong>\u00a0<\/strong><strong>Petr\u00f3polis (RJ) \u2013<\/strong> Uma\u00a0noite de muita m\u00fasica, alegria e esperan\u00e7a! Assim foi a realiza\u00e7\u00e3o do \u201cConcerto por Petr\u00f3polis\u201d, na centen\u00e1ria Igreja do Sagrado Cora\u00e7\u00e3o de Jesus, neste s\u00e1bado (19\/03), \u00e0s 19 horas. A iniciativa faz parte do Sistema Nacional de Orquestras Sociais (Sinos), que integra o programa \u201cArte de Toda Gente\u201d, parceria entre a Funda\u00e7\u00e3o Nacional de Artes (Funarte) e a Universidade Federal do Rio de Janeiro (UFRJ). O Coral dos Canarinhos e das Meninas dos Canarinhos de Petr\u00f3polis tamb\u00e9m participaram e abrilhantaram a noite entoando a m\u00fasica \u201c<em>Ave Verum\u201d<\/em> do cl\u00e1ssico Mozart.<\/p>\n<p>O \u201cConcerto por Petr\u00f3polis\u201d foi beneficente e teve como objetivo ajudar as v\u00edtimas da trag\u00e9dia do \u00faltimo dia 15 de fevereiro, que assolou a Cidade Imperial. Desde ent\u00e3o, in\u00fameras iniciativas de solidariedade surgiram e este concerto que tamb\u00e9m ocorreu no Teatro Dulcina, centro do Rio de Janeiro, no \u00faltimo dia 16 de mar\u00e7o &#8211; data em que Petr\u00f3polis completou 179 anos-, foi mais uma delas.<\/p>\n<p><img loading=\"lazy\" class=\"alignnone wp-image-236853 size-full\" src=\"https:\/\/franciscanos.org.br\/noticias\/wp-content\/uploads\/2022\/03\/concerto_2003_1.jpg\" alt=\"\" width=\"1280\" height=\"692\" srcset=\"https:\/\/franciscanos.org.br\/noticias\/wp-content\/uploads\/2022\/03\/concerto_2003_1.jpg 1280w, https:\/\/franciscanos.org.br\/noticias\/wp-content\/uploads\/2022\/03\/concerto_2003_1-450x243.jpg 450w, https:\/\/franciscanos.org.br\/noticias\/wp-content\/uploads\/2022\/03\/concerto_2003_1-1024x554.jpg 1024w, https:\/\/franciscanos.org.br\/noticias\/wp-content\/uploads\/2022\/03\/concerto_2003_1-768x415.jpg 768w, https:\/\/franciscanos.org.br\/noticias\/wp-content\/uploads\/2022\/03\/concerto_2003_1-150x81.jpg 150w\" sizes=\"(max-width: 1280px) 100vw, 1280px\" \/><\/p>\n<p>Em nome do Convento e Par\u00f3quia do Sagrado Cora\u00e7\u00e3o de Jesus, Frei Augusto Luiz Gabriel acolheu a todos os presentes que lotaram a Igreja do Sagrado, especialmente a Orquestra da UFRJ, membros da Funarte e os Corais dos Canarinhos. \u201cDe antem\u00e3o j\u00e1 queremos agradecer a oportunidade de sediar este evento em prol das v\u00edtimas das chuvas. Vale lembrar que todas as doa\u00e7\u00f5es que receberemos com este concerto ser\u00e3o destinadas para a Par\u00f3quia Santo Ant\u00f4nio do Morro da Oficina &#8211; Alto da Serra\u201d, disse e desejou a todos um bom concerto.<\/p>\n<p>O repert\u00f3rio contou com a reg\u00eancia de Felipe Prazeres, apresenta\u00e7\u00e3o de Andr\u00e9 Cardoso e foi formado por obras de compositores que se relacionam com a cidade, durando pouco mais de uma hora. A pe\u00e7a que abriu a noite foi do cearense Alberto Nepomuceno (1864-1920), intitulada \u201cSerenata para cordas\u201d (1902). O m\u00fasico subia com frequ\u00eancia a serra, tanto \u00e9 que \u201cSerenata\u201d \u00e9 uma de suas obras mais executadas, sendo composta e estreada na cidade.<\/p>\n<p>Na sequ\u00eancia, a orquestra executou a obra \u201cImproviso para Cordas\u201d (1934), de Oct\u00e1vio Maul (1901-1974), personalidade que nasceu em Petr\u00f3polis onde fundou o Instituto Musical, sendo professor e compositor. Seu legado conta com v\u00e1rias obras!<\/p>\n<p><img loading=\"lazy\" class=\"alignnone wp-image-236856 size-full\" src=\"https:\/\/franciscanos.org.br\/noticias\/wp-content\/uploads\/2022\/03\/concerto_2003_2.jpg\" alt=\"\" width=\"1280\" height=\"720\" srcset=\"https:\/\/franciscanos.org.br\/noticias\/wp-content\/uploads\/2022\/03\/concerto_2003_2.jpg 1280w, https:\/\/franciscanos.org.br\/noticias\/wp-content\/uploads\/2022\/03\/concerto_2003_2-450x253.jpg 450w, https:\/\/franciscanos.org.br\/noticias\/wp-content\/uploads\/2022\/03\/concerto_2003_2-1024x576.jpg 1024w, https:\/\/franciscanos.org.br\/noticias\/wp-content\/uploads\/2022\/03\/concerto_2003_2-768x432.jpg 768w, https:\/\/franciscanos.org.br\/noticias\/wp-content\/uploads\/2022\/03\/concerto_2003_2-150x84.jpg 150w\" sizes=\"(max-width: 1280px) 100vw, 1280px\" \/><\/p>\n<p>\u201cPetr\u00f3polis de minha inf\u00e2ncia\u201d \u00e9 datada de (1976) e foi composta pelo maestro C\u00e9sar Guerra-Peixe (1914-1993), outro importante m\u00fasico petropolitano e do Brasil. Dividida em quatro partes, a m\u00fasica diz respeito puramente sobre a cidade e evoca as lembran\u00e7as de sua inf\u00e2ncia. A pe\u00e7a \u00e9 dividida em quatro movimentos, a saber: \u201cI- A Baronesa sobe a serra\u201d; \u201cII- As crian\u00e7as na Pra\u00e7a da Liberdade\u201d; \u201cIII-Barquinhos do Cremerie\u201d e \u201cIV- Os \u00cdndios do Morin\u201d.<\/p>\n<p>Seguidamente, a orquestra entoou uma m\u00fasica de \u201cErnani Aguiar\u201d (1950), que fora aluno de C\u00e9sar Guerra-Peixe, intitulada \u201cInstantes II\u201d, de (1987). Tamb\u00e9m dividida em quatro partes, a obra conta com as seguintes divis\u00f5es: \u201cI- Moderato e fluente\u201d; \u201cII- Boi Mofado\u201d; \u201cIII- Cantilena\u201d e \u201cIV-Ronda\u201d.<\/p>\n<p>O ex-canarinho e bar\u00edtono, Marcelo Coutinho, entoou a can\u00e7\u00e3o do compositor carioca Ronaldo Miranda de (1948), que tem como t\u00edtulo \u201cCantares\u201d, cujo texto \u00e9 de Walter Mariani. A m\u00fasica emocionou o p\u00fablico que ovacionou de p\u00e9. Coutinho tamb\u00e9m \u00e9 petropolitano e na atualidade \u00e9 um dos maiores cantores l\u00edricos nascido na cidade. Ele foi integrante do Coral dos Canarinhos, grupo que serviu como base para a sua forma\u00e7\u00e3o musical e profissional.<\/p>\n<p><img loading=\"lazy\" class=\"alignnone wp-image-236857 size-full\" src=\"https:\/\/franciscanos.org.br\/noticias\/wp-content\/uploads\/2022\/03\/concerto_2003_3.jpg\" alt=\"\" width=\"1280\" height=\"853\" srcset=\"https:\/\/franciscanos.org.br\/noticias\/wp-content\/uploads\/2022\/03\/concerto_2003_3.jpg 1280w, https:\/\/franciscanos.org.br\/noticias\/wp-content\/uploads\/2022\/03\/concerto_2003_3-450x300.jpg 450w, https:\/\/franciscanos.org.br\/noticias\/wp-content\/uploads\/2022\/03\/concerto_2003_3-1024x682.jpg 1024w, https:\/\/franciscanos.org.br\/noticias\/wp-content\/uploads\/2022\/03\/concerto_2003_3-768x512.jpg 768w, https:\/\/franciscanos.org.br\/noticias\/wp-content\/uploads\/2022\/03\/concerto_2003_3-150x100.jpg 150w\" sizes=\"(max-width: 1280px) 100vw, 1280px\" \/><\/p>\n<p>Por fim, encerrando com chave de ouro o evento os Corais dos Canarinhos entoaram a m\u00fasica \u201cAve Verum\u201d de Mozart <strong>(<\/strong><a href=\"https:\/\/youtu.be\/4MfdqxKviWI\" target=\"_blank\" rel=\"noopener\"><strong>ASSISTA AQUI)<\/strong><\/a>, sob reg\u00eancia de seu maestro titular, Marco Aur\u00e9lio Lischt. Para muitos coralistas, esta foi a primeira vez de cantar tendo como acompanhante uma orquestra. No final, Lischt agradeceu a presen\u00e7a de Marcelo Vizani, maestro do Coral das Meninas dos Canarinhos, da Orquestra Sinf\u00f4nica e de todos que prestigiaram e colaboraram com este concerto beneficente.<\/p>\n<hr \/>\n<p><em>Texto e fotos: Equipe do IMCP<\/em><\/p>\n","protected":false},"excerpt":{"rendered":"<p>\u201cConcerto por Petr\u00f3polis\u201d<\/p>\n","protected":false},"author":3,"featured_media":0,"comment_status":"open","ping_status":"open","sticky":false,"template":"","format":"standard","meta":[],"categories":[1],"tags":[1378],"acf":[],"yoast_head":"<!-- This site is optimized with the Yoast SEO plugin v19.2 - https:\/\/yoast.com\/wordpress\/plugins\/seo\/ -->\n<title>Uma\u00a0noite de muita m\u00fasica, alegria e esperan\u00e7a no \u201cConcerto por Petr\u00f3polis\u201d - Not\u00edcias - Franciscanos<\/title>\n<meta name=\"robots\" content=\"index, follow, max-snippet:-1, max-image-preview:large, max-video-preview:-1\" \/>\n<link rel=\"canonical\" href=\"https:\/\/franciscanos.org.br\/noticias\/uma-noite-de-muita-musica-alegria-e-esperanca-no-concerto-por-petropolis.html\" \/>\n<meta property=\"og:locale\" content=\"pt_BR\" \/>\n<meta property=\"og:type\" content=\"article\" \/>\n<meta property=\"og:title\" content=\"Uma\u00a0noite de muita m\u00fasica, alegria e esperan\u00e7a no \u201cConcerto por Petr\u00f3polis\u201d - Not\u00edcias - Franciscanos\" \/>\n<meta property=\"og:description\" content=\"\u201cConcerto por Petr\u00f3polis\u201d\" \/>\n<meta property=\"og:url\" content=\"https:\/\/franciscanos.org.br\/noticias\/uma-noite-de-muita-musica-alegria-e-esperanca-no-concerto-por-petropolis.html\" \/>\n<meta property=\"og:site_name\" content=\"Not\u00edcias - Franciscanos\" \/>\n<meta property=\"article:published_time\" content=\"2022-03-20T08:55:49+00:00\" \/>\n<meta property=\"article:modified_time\" content=\"2022-03-20T12:13:31+00:00\" \/>\n<meta property=\"og:image\" content=\"https:\/\/franciscanos.org.br\/noticias\/wp-content\/uploads\/2022\/03\/concerto_2003.jpg\" \/>\n<meta name=\"author\" content=\"moacir\" \/>\n<meta name=\"twitter:card\" content=\"summary_large_image\" \/>\n<meta name=\"twitter:label1\" content=\"Escrito por\" \/>\n\t<meta name=\"twitter:data1\" content=\"moacir\" \/>\n\t<meta name=\"twitter:label2\" content=\"Est. tempo de leitura\" \/>\n\t<meta name=\"twitter:data2\" content=\"4 minutos\" \/>\n<script type=\"application\/ld+json\" class=\"yoast-schema-graph\">{\"@context\":\"https:\/\/schema.org\",\"@graph\":[{\"@type\":\"WebSite\",\"@id\":\"https:\/\/franciscanos.org.br\/noticias\/#website\",\"url\":\"https:\/\/franciscanos.org.br\/noticias\/\",\"name\":\"Not\u00edcias - Franciscanos\",\"description\":\"Prov\u00edncia Franciscana da Imaculada Concei\u00e7\u00e3o do Brasil - Ordem dos Frades Menores - OFM\",\"potentialAction\":[{\"@type\":\"SearchAction\",\"target\":{\"@type\":\"EntryPoint\",\"urlTemplate\":\"https:\/\/franciscanos.org.br\/noticias\/?s={search_term_string}\"},\"query-input\":\"required name=search_term_string\"}],\"inLanguage\":\"pt-BR\"},{\"@type\":\"ImageObject\",\"inLanguage\":\"pt-BR\",\"@id\":\"https:\/\/franciscanos.org.br\/noticias\/uma-noite-de-muita-musica-alegria-e-esperanca-no-concerto-por-petropolis.html#primaryimage\",\"url\":\"https:\/\/franciscanos.org.br\/noticias\/wp-content\/uploads\/2022\/03\/concerto_2003.jpg\",\"contentUrl\":\"https:\/\/franciscanos.org.br\/noticias\/wp-content\/uploads\/2022\/03\/concerto_2003.jpg\",\"width\":1280,\"height\":720},{\"@type\":\"WebPage\",\"@id\":\"https:\/\/franciscanos.org.br\/noticias\/uma-noite-de-muita-musica-alegria-e-esperanca-no-concerto-por-petropolis.html#webpage\",\"url\":\"https:\/\/franciscanos.org.br\/noticias\/uma-noite-de-muita-musica-alegria-e-esperanca-no-concerto-por-petropolis.html\",\"name\":\"Uma\u00a0noite de muita m\u00fasica, alegria e esperan\u00e7a no \u201cConcerto por Petr\u00f3polis\u201d - Not\u00edcias - Franciscanos\",\"isPartOf\":{\"@id\":\"https:\/\/franciscanos.org.br\/noticias\/#website\"},\"primaryImageOfPage\":{\"@id\":\"https:\/\/franciscanos.org.br\/noticias\/uma-noite-de-muita-musica-alegria-e-esperanca-no-concerto-por-petropolis.html#primaryimage\"},\"datePublished\":\"2022-03-20T08:55:49+00:00\",\"dateModified\":\"2022-03-20T12:13:31+00:00\",\"author\":{\"@id\":\"https:\/\/franciscanos.org.br\/noticias\/#\/schema\/person\/b5c8cba458c330ccff548b056e95a5d4\"},\"breadcrumb\":{\"@id\":\"https:\/\/franciscanos.org.br\/noticias\/uma-noite-de-muita-musica-alegria-e-esperanca-no-concerto-por-petropolis.html#breadcrumb\"},\"inLanguage\":\"pt-BR\",\"potentialAction\":[{\"@type\":\"ReadAction\",\"target\":[\"https:\/\/franciscanos.org.br\/noticias\/uma-noite-de-muita-musica-alegria-e-esperanca-no-concerto-por-petropolis.html\"]}]},{\"@type\":\"BreadcrumbList\",\"@id\":\"https:\/\/franciscanos.org.br\/noticias\/uma-noite-de-muita-musica-alegria-e-esperanca-no-concerto-por-petropolis.html#breadcrumb\",\"itemListElement\":[{\"@type\":\"ListItem\",\"position\":1,\"name\":\"Home\",\"item\":\"https:\/\/franciscanos.org.br\/noticias\"},{\"@type\":\"ListItem\",\"position\":2,\"name\":\"Uma\u00a0noite de muita m\u00fasica, alegria e esperan\u00e7a no \u201cConcerto por Petr\u00f3polis\u201d\"}]},{\"@type\":\"Person\",\"@id\":\"https:\/\/franciscanos.org.br\/noticias\/#\/schema\/person\/b5c8cba458c330ccff548b056e95a5d4\",\"name\":\"moacir\",\"image\":{\"@type\":\"ImageObject\",\"inLanguage\":\"pt-BR\",\"@id\":\"https:\/\/franciscanos.org.br\/noticias\/#\/schema\/person\/image\/\",\"url\":\"https:\/\/secure.gravatar.com\/avatar\/d08aa2ce4c8dd416d4479aa8536fcf64?s=96&d=mm&r=g\",\"contentUrl\":\"https:\/\/secure.gravatar.com\/avatar\/d08aa2ce4c8dd416d4479aa8536fcf64?s=96&d=mm&r=g\",\"caption\":\"moacir\"},\"url\":\"https:\/\/franciscanos.org.br\/noticias\/author\/moacir\"}]}<\/script>\n<!-- \/ Yoast SEO plugin. -->","yoast_head_json":{"title":"Uma\u00a0noite de muita m\u00fasica, alegria e esperan\u00e7a no \u201cConcerto por Petr\u00f3polis\u201d - Not\u00edcias - Franciscanos","robots":{"index":"index","follow":"follow","max-snippet":"max-snippet:-1","max-image-preview":"max-image-preview:large","max-video-preview":"max-video-preview:-1"},"canonical":"https:\/\/franciscanos.org.br\/noticias\/uma-noite-de-muita-musica-alegria-e-esperanca-no-concerto-por-petropolis.html","og_locale":"pt_BR","og_type":"article","og_title":"Uma\u00a0noite de muita m\u00fasica, alegria e esperan\u00e7a no \u201cConcerto por Petr\u00f3polis\u201d - Not\u00edcias - Franciscanos","og_description":"\u201cConcerto por Petr\u00f3polis\u201d","og_url":"https:\/\/franciscanos.org.br\/noticias\/uma-noite-de-muita-musica-alegria-e-esperanca-no-concerto-por-petropolis.html","og_site_name":"Not\u00edcias - Franciscanos","article_published_time":"2022-03-20T08:55:49+00:00","article_modified_time":"2022-03-20T12:13:31+00:00","og_image":[{"url":"https:\/\/franciscanos.org.br\/noticias\/wp-content\/uploads\/2022\/03\/concerto_2003.jpg"}],"author":"moacir","twitter_card":"summary_large_image","twitter_misc":{"Escrito por":"moacir","Est. tempo de leitura":"4 minutos"},"schema":{"@context":"https:\/\/schema.org","@graph":[{"@type":"WebSite","@id":"https:\/\/franciscanos.org.br\/noticias\/#website","url":"https:\/\/franciscanos.org.br\/noticias\/","name":"Not\u00edcias - Franciscanos","description":"Prov\u00edncia Franciscana da Imaculada Concei\u00e7\u00e3o do Brasil - Ordem dos Frades Menores - OFM","potentialAction":[{"@type":"SearchAction","target":{"@type":"EntryPoint","urlTemplate":"https:\/\/franciscanos.org.br\/noticias\/?s={search_term_string}"},"query-input":"required name=search_term_string"}],"inLanguage":"pt-BR"},{"@type":"ImageObject","inLanguage":"pt-BR","@id":"https:\/\/franciscanos.org.br\/noticias\/uma-noite-de-muita-musica-alegria-e-esperanca-no-concerto-por-petropolis.html#primaryimage","url":"https:\/\/franciscanos.org.br\/noticias\/wp-content\/uploads\/2022\/03\/concerto_2003.jpg","contentUrl":"https:\/\/franciscanos.org.br\/noticias\/wp-content\/uploads\/2022\/03\/concerto_2003.jpg","width":1280,"height":720},{"@type":"WebPage","@id":"https:\/\/franciscanos.org.br\/noticias\/uma-noite-de-muita-musica-alegria-e-esperanca-no-concerto-por-petropolis.html#webpage","url":"https:\/\/franciscanos.org.br\/noticias\/uma-noite-de-muita-musica-alegria-e-esperanca-no-concerto-por-petropolis.html","name":"Uma\u00a0noite de muita m\u00fasica, alegria e esperan\u00e7a no \u201cConcerto por Petr\u00f3polis\u201d - Not\u00edcias - Franciscanos","isPartOf":{"@id":"https:\/\/franciscanos.org.br\/noticias\/#website"},"primaryImageOfPage":{"@id":"https:\/\/franciscanos.org.br\/noticias\/uma-noite-de-muita-musica-alegria-e-esperanca-no-concerto-por-petropolis.html#primaryimage"},"datePublished":"2022-03-20T08:55:49+00:00","dateModified":"2022-03-20T12:13:31+00:00","author":{"@id":"https:\/\/franciscanos.org.br\/noticias\/#\/schema\/person\/b5c8cba458c330ccff548b056e95a5d4"},"breadcrumb":{"@id":"https:\/\/franciscanos.org.br\/noticias\/uma-noite-de-muita-musica-alegria-e-esperanca-no-concerto-por-petropolis.html#breadcrumb"},"inLanguage":"pt-BR","potentialAction":[{"@type":"ReadAction","target":["https:\/\/franciscanos.org.br\/noticias\/uma-noite-de-muita-musica-alegria-e-esperanca-no-concerto-por-petropolis.html"]}]},{"@type":"BreadcrumbList","@id":"https:\/\/franciscanos.org.br\/noticias\/uma-noite-de-muita-musica-alegria-e-esperanca-no-concerto-por-petropolis.html#breadcrumb","itemListElement":[{"@type":"ListItem","position":1,"name":"Home","item":"https:\/\/franciscanos.org.br\/noticias"},{"@type":"ListItem","position":2,"name":"Uma\u00a0noite de muita m\u00fasica, alegria e esperan\u00e7a no \u201cConcerto por Petr\u00f3polis\u201d"}]},{"@type":"Person","@id":"https:\/\/franciscanos.org.br\/noticias\/#\/schema\/person\/b5c8cba458c330ccff548b056e95a5d4","name":"moacir","image":{"@type":"ImageObject","inLanguage":"pt-BR","@id":"https:\/\/franciscanos.org.br\/noticias\/#\/schema\/person\/image\/","url":"https:\/\/secure.gravatar.com\/avatar\/d08aa2ce4c8dd416d4479aa8536fcf64?s=96&d=mm&r=g","contentUrl":"https:\/\/secure.gravatar.com\/avatar\/d08aa2ce4c8dd416d4479aa8536fcf64?s=96&d=mm&r=g","caption":"moacir"},"url":"https:\/\/franciscanos.org.br\/noticias\/author\/moacir"}]}},"_links":{"self":[{"href":"https:\/\/franciscanos.org.br\/noticias\/wp-json\/wp\/v2\/posts\/236850"}],"collection":[{"href":"https:\/\/franciscanos.org.br\/noticias\/wp-json\/wp\/v2\/posts"}],"about":[{"href":"https:\/\/franciscanos.org.br\/noticias\/wp-json\/wp\/v2\/types\/post"}],"author":[{"embeddable":true,"href":"https:\/\/franciscanos.org.br\/noticias\/wp-json\/wp\/v2\/users\/3"}],"replies":[{"embeddable":true,"href":"https:\/\/franciscanos.org.br\/noticias\/wp-json\/wp\/v2\/comments?post=236850"}],"version-history":[{"count":6,"href":"https:\/\/franciscanos.org.br\/noticias\/wp-json\/wp\/v2\/posts\/236850\/revisions"}],"predecessor-version":[{"id":236854,"href":"https:\/\/franciscanos.org.br\/noticias\/wp-json\/wp\/v2\/posts\/236850\/revisions\/236854"}],"wp:attachment":[{"href":"https:\/\/franciscanos.org.br\/noticias\/wp-json\/wp\/v2\/media?parent=236850"}],"wp:term":[{"taxonomy":"category","embeddable":true,"href":"https:\/\/franciscanos.org.br\/noticias\/wp-json\/wp\/v2\/categories?post=236850"},{"taxonomy":"post_tag","embeddable":true,"href":"https:\/\/franciscanos.org.br\/noticias\/wp-json\/wp\/v2\/tags?post=236850"}],"curies":[{"name":"wp","href":"https:\/\/api.w.org\/{rel}","templated":true}]}}