{"id":236839,"date":"2022-03-21T11:19:17","date_gmt":"2022-03-21T14:19:17","guid":{"rendered":"https:\/\/franciscanos.org.br\/noticias\/?p=236839"},"modified":"2023-01-03T14:28:16","modified_gmt":"2023-01-03T17:28:16","slug":"conferencia-franciscana-do-brasil-e-cone-sul-fazem-primeira-assembleia-ampliada","status":"publish","type":"post","link":"https:\/\/franciscanos.org.br\/noticias\/conferencia-franciscana-do-brasil-e-cone-sul-fazem-primeira-assembleia-ampliada.html","title":{"rendered":"Confer\u00eancia Franciscana do Brasil e Cone Sul faz primeira Assembleia Ampliada"},"content":{"rendered":"<p><img loading=\"lazy\" class=\"alignnone wp-image-236876 size-full\" src=\"https:\/\/franciscanos.org.br\/noticias\/wp-content\/uploads\/2022\/03\/casa_paulina_210322.jpg\" alt=\"\" width=\"1280\" height=\"720\" srcset=\"https:\/\/franciscanos.org.br\/noticias\/wp-content\/uploads\/2022\/03\/casa_paulina_210322.jpg 1280w, https:\/\/franciscanos.org.br\/noticias\/wp-content\/uploads\/2022\/03\/casa_paulina_210322-450x253.jpg 450w, https:\/\/franciscanos.org.br\/noticias\/wp-content\/uploads\/2022\/03\/casa_paulina_210322-1024x576.jpg 1024w, https:\/\/franciscanos.org.br\/noticias\/wp-content\/uploads\/2022\/03\/casa_paulina_210322-768x432.jpg 768w, https:\/\/franciscanos.org.br\/noticias\/wp-content\/uploads\/2022\/03\/casa_paulina_210322-150x84.jpg 150w\" sizes=\"(max-width: 1280px) 100vw, 1280px\" \/><\/p>\n<p>Com a presen\u00e7a do Ministro Geral Frei Massimo Fusarelli, por videoconfer\u00eancia, e do Definidor Geral Frei C\u00e9sar K\u00fclkamp, tem in\u00edcio nesta segunda-feira, 21 de mar\u00e7o a Assembleia Ampliada da Confer\u00eancia Franciscana do Brasil e Cone Sul (Argentina, Chile e Paraguai), que congrega os Ministros Provinciais e Cust\u00f3dios de 12 entidades da Ordem dos Frades Menores. Esta ser\u00e1 a primeira vez que a Confer\u00eancia se encontra presencialmente desde a uni\u00e3o das duas entidades em 2020, por isso ela ser\u00e1 bil\u00edngue, isto \u00e9, em portugu\u00eas e espanhol, tanto nas reflex\u00f5es e trabalhos quanto na liturgia. \u00c9 tamb\u00e9m a primeira vez que os frades se encontram num evento internacional depois de dois anos da pandemia de Covid-19.<\/p>\n<p>Um total de 77 frades, que trabalham nos servi\u00e7os JPIC, na Forma\u00e7\u00e3o Inicial e Permanente, nas Miss\u00f5es e Evangeliza\u00e7\u00e3o, estar\u00e3o reunidos na Casa de Eventos e Hospedagem Sagrada Fam\u00edlia, no bairro do Ipiranga, em S\u00e3o Paulo, at\u00e9 o dia 25 de mar\u00e7o.<\/p>\n<p>A Prov\u00edncia da Imaculada Concei\u00e7\u00e3o, atrav\u00e9s do Ministro Provincial Frei Paulo Roberto Pereira, \u00e9 a anfitri\u00e3 do evento:<em> Fi\u00e9is ao compromisso franciscano de acolher o irm\u00e3o como nosso maior dom, nossa Prov\u00edncia se alegra com a realiza\u00e7\u00e3o desta marcante Assembleia aqui em S\u00e3o Paulo. O processo de cria\u00e7\u00e3o da Confer\u00eancia do Brasil e Cone Sul foi conclu\u00eddo no per\u00edodo mais agudo da pandemia do Novo Coronav\u00edrus. Assim, esta ser\u00e1 a primeira Assembleia da nova Confer\u00eancia realizada de modo presencial. Por isso, devemos considerar o aprendizado deste tempo de pandemia, tempo de maior cuidado e considera\u00e7\u00e3o pela d\u00e1diva de viver e conviver, tempo de renovar o compromisso inarred\u00e1vel de promover e defender a vida de todas as criaturas, tempo de confirmar a predile\u00e7\u00e3o de Deus pelos pequenos. A partir dos dias vividos em S\u00e3o Paulo, os frades Menores do Brasil e Cone Sul sintam-se provocados a seguir sendo sinais de um tempo novo.<\/em><\/p>\n<p>Do Cone Sul estar\u00e3o presentes Frei Carlos Paz (Prov\u00edncia Sant\u00edssima Trindade \u2013 Chile), Frei Emilio Luis Andrada (Prov\u00edncia da Assun\u00e7\u00e3o da Sant\u00edssima Virgem do Rio da Prata \u2013 Argentina e Paraguai) e Frei Daniel Alejandro Fleitas Zeni (Prov\u00edncia de S\u00e3o Francisco Solano, Argentina).<\/p>\n<p>Da Confer\u00eancia do Brasil, al\u00e9m da Prov\u00edncia da Imaculada, est\u00e3o presentes: Frei Marino Pedro Rhoden (Prov\u00edncia S\u00e3o Francisco de Assis); Frei Hilton Farias de Souza (Prov\u00edncia Santa Cruz); Frei Rog\u00e9rio Viterbo de Souza (Cust\u00f3dia das Sete Alegrias de Nossa Senhora); Frei Carlos Ant\u00f4nio da Silva (Prov\u00edncia do Sant\u00edssimo Nome de Jesus); Frei Edilson Rocha da Silva (Cust\u00f3dia de S\u00e3o Benedito); Frei Ant\u00f4nio Pacheco Ramos (Prov\u00edncia Franciscana Nossa Senhora da Assun\u00e7\u00e3o); Frei Jo\u00e3o Amilton dos Santos (Prov\u00edncia de Santo Ant\u00f4nio); e Frei Fernando Aparecido dos Santos (Cust\u00f3dia do Sagrado Cora\u00e7\u00e3o de Jesus).<\/p>\n<p>Do Governo Geral, o Ministro Geral Frei Massimo Fusarelli participa por videoconfer\u00eancia, assim como os Secret\u00e1rios Gerais para a Forma\u00e7\u00e3o e Estudos, Frei Darko Tepert; \u00a0para as Miss\u00f5es e a Evangeliza\u00e7\u00e3o, Frei Francisco G\u00f3mez Vargas; e o Animador do Servi\u00e7o de Justi\u00e7a Paz e Integridade da Cria\u00e7\u00e3o (JPIC), Frei Jaime Campos. O Definidor Geral Frei C\u00e9sar K\u00fclkamp estar\u00e1 presencialmente no evento.<\/p>\n<p>Participam oito frades pela Prov\u00edncia Franciscana da Imaculada Concei\u00e7\u00e3o: o Ministro Provincial, Frei Paulo Roberto; o Vig\u00e1rio Provincial, Frei Gustavo Medella; o Moderador da Forma\u00e7\u00e3o Permanente, Frei Fid\u00eancio Vanboemmel; o Secret\u00e1rio da Forma\u00e7\u00e3o e Estudos, Frei Marcos Andrade; o Coordenador das Miss\u00f5es, Frei Robson Luiz Scudela; o coordenador da Frente da Educa\u00e7\u00e3o, Frei Claudino Gils; Frei Je\u00e2 Andrade, animador do SAV; Frei Marx Rodrigues, animador do JPIC.<\/p>\n<p>\u201cA nossa expectativa enquanto organiza\u00e7\u00e3o da Assembleia \u00e9 que tudo corra bem, especialmente neste tempo em que vamos vencendo a Covid-19, e que seja um tempo bastante fecundo para as nossas entidades e servi\u00e7os que, aos poucos, v\u00e3o retomando a miss\u00e3o e a evangeliza\u00e7\u00e3o de forma presencial. Com a nova organiza\u00e7\u00e3o, os servi\u00e7os ficaram sem refer\u00eancias e muitos projetos foram prejudicados seja por este motivo ou pela pandemia. A Assembleia quer e precisa ser este impulso para a retomada da miss\u00e3o e evangeliza\u00e7\u00e3o, considerando a forma\u00e7\u00e3o e a anima\u00e7\u00e3o vocacional. Todos estes aspectos da nossa vida de ora em diante ser\u00e3o pensados e assumidos, considerando o al\u00e9m Brasil, o Cone Sul (Paraguai, Argentina e Chile)\u201d, explica Frei Fernando Aparecido dos Santos, cust\u00f3dio da Cust\u00f3dia do Sagrado Cora\u00e7\u00e3o de Jesus.<\/p>\n<p>Segundo Frei Fernando, a Assembleia se incumbe primeiramente de m\u00fatuo conhecimento, considerando o caminho feito pelas extintas Confer\u00eancias, a do Brasil e a do Cone Sul, e o novo caminho que j\u00e1 vem fazendo a nova Conferencia desde 2020 de modo virtual. Nesta Assembleia, tamb\u00e9m se far\u00e1 a organiza\u00e7\u00e3o das Secretarias e Servi\u00e7os com os novos secret\u00e1rios, coordenadores, projetos e prioridades para o tri\u00eanio. \u201cTudo isso dever\u00e1 acontecer com as devidas elei\u00e7\u00f5es dentro da Assembleia, inclusive com os Ministros que dever\u00e3o assumir a anima\u00e7\u00e3o da Confer\u00eancia no tri\u00eanio\u201d, adianta Frei Fernando.<\/p>\n<p><strong>A NOVA CONFER\u00caNCIA<\/strong><\/p>\n<p>A Confer\u00eancia dos Ministros Provinciais do Brasil e do Cone Sul \u00e9 uma entidade da Ordem dos Frades Menores presentes na Argentina, no Brasil, no Chile e no Paraguai. O Ministro Geral, no dia 13 de maio de 2020, depois de suprimir a antiga Confer\u00eancia do Cone Sul, passou suas tr\u00eas entidades para integrarem a Confer\u00eancia Brasileira que, por este fato, deixou de ter \u00e2mbito brasileiro e passou a denominar-se Confer\u00eancia dos Ministros Provinciais do Brasil e do Cone Sul.<\/p>\n<p>\u201cA Confer\u00eancia \u00e9 uma inst\u00e2ncia de representatividade, de comunica\u00e7\u00e3o e de colabora\u00e7\u00e3o, de modo a promover o bem comum da Ordem no Brasil e no Cone Sul, respeitando-se a autonomia de cada entidade, e tem por finalidades:\u00a0 A comunh\u00e3o entre as entidades (Prov\u00edncias e Cust\u00f3dias) em vista do bem comum dos frades e da miss\u00e3o e evangeliza\u00e7\u00e3o; coopera\u00e7\u00e3o com o Ministro Geral e seu Definit\u00f3rio; coopera\u00e7\u00e3o na forma\u00e7\u00e3o inicial e permanente e na vida e miss\u00e3o dos irm\u00e3os; ler os sinais dos tempos e das realidades onde os frades est\u00e3o ou devam estar;\u00a0 fomentar e cultivar o relacionamento e a coopera\u00e7\u00e3o com a hierarquia eclesi\u00e1stica local, outros institutos religiosos e com a fam\u00edlia franciscana.; e favorecer o m\u00fatuo conhecimento e a comunh\u00e3o fraterna entre os Ministros e Cust\u00f3dios da Confer\u00eancia e ente as Prov\u00edncias e Cust\u00f3dias, entre outras finalidades\u201d, acrescenta Frei Fernando\u00a0 dos Santos.<\/p>\n<p>A Assembleia \u00e9 a inst\u00e2ncia m\u00e1xima de natureza deliberativa e consultiva, e \u00e9 composta por todos os membros da Confer\u00eancia, isto \u00e9, Provinciais e Cust\u00f3dios, e, por ser \u2018ampliada\u2019, participar\u00e3o v\u00e1rios outros frades que est\u00e3o \u00e0 frente das Secretarias e Servi\u00e7os de cada entidade. S\u00e3o 12 entidades participantes, sendo nove do Brasil, duas da Argentina e uma do Chile. Entre Provinciais, Cust\u00f3dios, Secret\u00e1rios para a Forma\u00e7\u00e3o e Estudos, Secret\u00e1rios para as Miss\u00f5es e a Evangeliza\u00e7\u00e3o, Moderadores para a Forma\u00e7\u00e3o Permanente, Coordenadores do Servi\u00e7o de Anima\u00e7\u00e3o Vocacional, Animadores da JPIC, Animadores da Pastoral Educacional, Definidor Geral, peritos e convidados, seremos 77 frades.<\/p>\n<p><strong>O LOCAL<\/strong><\/p>\n<p>O evento acontece no Centro de Eventos e Hospedagem Sagrada Fam\u00edlia, da Congrega\u00e7\u00e3o das Irm\u00e3zinhas da Imaculada Concei\u00e7\u00e3o (CIIC), fundada por Santa Paulina. O local \u00e9 destinado \u00e0 realiza\u00e7\u00e3o de retiros, encontros, assembleias e outros eventos corporativos de grupos organizados. Al\u00e9m disso, \u00e9 o local ideal para o fortalecimento da espiritualidade, guardando na Capela Sagrada Fam\u00edlia e Santa Paulina os restos mortais da Primeira Santa do Brasil, e tamb\u00e9m ao Memorial Santa Paulina, local que resgata a hist\u00f3ria da fundadora da CIIC e de todo o seu trabalho desenvolvido em mais de 16 estados do Brasil e 11 pa\u00edses.<\/p>\n<p><em>Imagem: Centro de Eventos e Hospedagem Sagrada Fam\u00edlia<\/em><\/p>\n<hr \/>\n<p><em>Comunica\u00e7\u00e3o da Prov\u00edncia da Imaculada Concei\u00e7\u00e3o, com informa\u00e7\u00f5es de Frei Fernando Aparecido dos Santos, cust\u00f3dio da Cust\u00f3dia do Sagrado Cora\u00e7\u00e3o de Jesus.<\/em><\/p>\n","protected":false},"excerpt":{"rendered":"<p>Em S\u00e3o Paulo<\/p>\n","protected":false},"author":3,"featured_media":236876,"comment_status":"open","ping_status":"open","sticky":false,"template":"","format":"standard","meta":[],"categories":[1],"tags":[1996],"acf":[],"yoast_head":"<!-- This site is optimized with the Yoast SEO plugin v19.2 - https:\/\/yoast.com\/wordpress\/plugins\/seo\/ -->\n<title>Confer\u00eancia Franciscana do Brasil e Cone Sul faz primeira Assembleia Ampliada - Not\u00edcias - Franciscanos<\/title>\n<meta name=\"robots\" content=\"index, follow, max-snippet:-1, max-image-preview:large, max-video-preview:-1\" \/>\n<link rel=\"canonical\" href=\"https:\/\/franciscanos.org.br\/noticias\/conferencia-franciscana-do-brasil-e-cone-sul-fazem-primeira-assembleia-ampliada.html\" \/>\n<meta property=\"og:locale\" content=\"pt_BR\" \/>\n<meta property=\"og:type\" content=\"article\" \/>\n<meta property=\"og:title\" content=\"Confer\u00eancia Franciscana do Brasil e Cone Sul faz primeira Assembleia Ampliada - Not\u00edcias - Franciscanos\" \/>\n<meta property=\"og:description\" content=\"Em S\u00e3o Paulo\" \/>\n<meta property=\"og:url\" content=\"https:\/\/franciscanos.org.br\/noticias\/conferencia-franciscana-do-brasil-e-cone-sul-fazem-primeira-assembleia-ampliada.html\" \/>\n<meta property=\"og:site_name\" content=\"Not\u00edcias - Franciscanos\" \/>\n<meta property=\"article:published_time\" content=\"2022-03-21T14:19:17+00:00\" \/>\n<meta property=\"article:modified_time\" content=\"2023-01-03T17:28:16+00:00\" \/>\n<meta property=\"og:image\" content=\"https:\/\/franciscanos.org.br\/noticias\/wp-content\/uploads\/2022\/03\/casa_paulina_210322.jpg\" \/>\n\t<meta property=\"og:image:width\" content=\"1280\" \/>\n\t<meta property=\"og:image:height\" content=\"720\" \/>\n\t<meta property=\"og:image:type\" content=\"image\/jpeg\" \/>\n<meta name=\"author\" content=\"moacir\" \/>\n<meta name=\"twitter:card\" content=\"summary_large_image\" \/>\n<meta name=\"twitter:label1\" content=\"Escrito por\" \/>\n\t<meta name=\"twitter:data1\" content=\"moacir\" \/>\n\t<meta name=\"twitter:label2\" content=\"Est. tempo de leitura\" \/>\n\t<meta name=\"twitter:data2\" content=\"6 minutos\" \/>\n<script type=\"application\/ld+json\" class=\"yoast-schema-graph\">{\"@context\":\"https:\/\/schema.org\",\"@graph\":[{\"@type\":\"WebSite\",\"@id\":\"https:\/\/franciscanos.org.br\/noticias\/#website\",\"url\":\"https:\/\/franciscanos.org.br\/noticias\/\",\"name\":\"Not\u00edcias - Franciscanos\",\"description\":\"Prov\u00edncia Franciscana da Imaculada Concei\u00e7\u00e3o do Brasil - Ordem dos Frades Menores - OFM\",\"potentialAction\":[{\"@type\":\"SearchAction\",\"target\":{\"@type\":\"EntryPoint\",\"urlTemplate\":\"https:\/\/franciscanos.org.br\/noticias\/?s={search_term_string}\"},\"query-input\":\"required name=search_term_string\"}],\"inLanguage\":\"pt-BR\"},{\"@type\":\"ImageObject\",\"inLanguage\":\"pt-BR\",\"@id\":\"https:\/\/franciscanos.org.br\/noticias\/conferencia-franciscana-do-brasil-e-cone-sul-fazem-primeira-assembleia-ampliada.html#primaryimage\",\"url\":\"https:\/\/franciscanos.org.br\/noticias\/wp-content\/uploads\/2022\/03\/casa_paulina_210322.jpg\",\"contentUrl\":\"https:\/\/franciscanos.org.br\/noticias\/wp-content\/uploads\/2022\/03\/casa_paulina_210322.jpg\",\"width\":1280,\"height\":720},{\"@type\":\"WebPage\",\"@id\":\"https:\/\/franciscanos.org.br\/noticias\/conferencia-franciscana-do-brasil-e-cone-sul-fazem-primeira-assembleia-ampliada.html#webpage\",\"url\":\"https:\/\/franciscanos.org.br\/noticias\/conferencia-franciscana-do-brasil-e-cone-sul-fazem-primeira-assembleia-ampliada.html\",\"name\":\"Confer\u00eancia Franciscana do Brasil e Cone Sul faz primeira Assembleia Ampliada - Not\u00edcias - Franciscanos\",\"isPartOf\":{\"@id\":\"https:\/\/franciscanos.org.br\/noticias\/#website\"},\"primaryImageOfPage\":{\"@id\":\"https:\/\/franciscanos.org.br\/noticias\/conferencia-franciscana-do-brasil-e-cone-sul-fazem-primeira-assembleia-ampliada.html#primaryimage\"},\"datePublished\":\"2022-03-21T14:19:17+00:00\",\"dateModified\":\"2023-01-03T17:28:16+00:00\",\"author\":{\"@id\":\"https:\/\/franciscanos.org.br\/noticias\/#\/schema\/person\/b5c8cba458c330ccff548b056e95a5d4\"},\"breadcrumb\":{\"@id\":\"https:\/\/franciscanos.org.br\/noticias\/conferencia-franciscana-do-brasil-e-cone-sul-fazem-primeira-assembleia-ampliada.html#breadcrumb\"},\"inLanguage\":\"pt-BR\",\"potentialAction\":[{\"@type\":\"ReadAction\",\"target\":[\"https:\/\/franciscanos.org.br\/noticias\/conferencia-franciscana-do-brasil-e-cone-sul-fazem-primeira-assembleia-ampliada.html\"]}]},{\"@type\":\"BreadcrumbList\",\"@id\":\"https:\/\/franciscanos.org.br\/noticias\/conferencia-franciscana-do-brasil-e-cone-sul-fazem-primeira-assembleia-ampliada.html#breadcrumb\",\"itemListElement\":[{\"@type\":\"ListItem\",\"position\":1,\"name\":\"Home\",\"item\":\"https:\/\/franciscanos.org.br\/noticias\"},{\"@type\":\"ListItem\",\"position\":2,\"name\":\"Confer\u00eancia Franciscana do Brasil e Cone Sul faz primeira Assembleia Ampliada\"}]},{\"@type\":\"Person\",\"@id\":\"https:\/\/franciscanos.org.br\/noticias\/#\/schema\/person\/b5c8cba458c330ccff548b056e95a5d4\",\"name\":\"moacir\",\"image\":{\"@type\":\"ImageObject\",\"inLanguage\":\"pt-BR\",\"@id\":\"https:\/\/franciscanos.org.br\/noticias\/#\/schema\/person\/image\/\",\"url\":\"https:\/\/secure.gravatar.com\/avatar\/d08aa2ce4c8dd416d4479aa8536fcf64?s=96&d=mm&r=g\",\"contentUrl\":\"https:\/\/secure.gravatar.com\/avatar\/d08aa2ce4c8dd416d4479aa8536fcf64?s=96&d=mm&r=g\",\"caption\":\"moacir\"},\"url\":\"https:\/\/franciscanos.org.br\/noticias\/author\/moacir\"}]}<\/script>\n<!-- \/ Yoast SEO plugin. -->","yoast_head_json":{"title":"Confer\u00eancia Franciscana do Brasil e Cone Sul faz primeira Assembleia Ampliada - Not\u00edcias - Franciscanos","robots":{"index":"index","follow":"follow","max-snippet":"max-snippet:-1","max-image-preview":"max-image-preview:large","max-video-preview":"max-video-preview:-1"},"canonical":"https:\/\/franciscanos.org.br\/noticias\/conferencia-franciscana-do-brasil-e-cone-sul-fazem-primeira-assembleia-ampliada.html","og_locale":"pt_BR","og_type":"article","og_title":"Confer\u00eancia Franciscana do Brasil e Cone Sul faz primeira Assembleia Ampliada - Not\u00edcias - Franciscanos","og_description":"Em S\u00e3o Paulo","og_url":"https:\/\/franciscanos.org.br\/noticias\/conferencia-franciscana-do-brasil-e-cone-sul-fazem-primeira-assembleia-ampliada.html","og_site_name":"Not\u00edcias - Franciscanos","article_published_time":"2022-03-21T14:19:17+00:00","article_modified_time":"2023-01-03T17:28:16+00:00","og_image":[{"width":1280,"height":720,"url":"https:\/\/franciscanos.org.br\/noticias\/wp-content\/uploads\/2022\/03\/casa_paulina_210322.jpg","type":"image\/jpeg"}],"author":"moacir","twitter_card":"summary_large_image","twitter_misc":{"Escrito por":"moacir","Est. tempo de leitura":"6 minutos"},"schema":{"@context":"https:\/\/schema.org","@graph":[{"@type":"WebSite","@id":"https:\/\/franciscanos.org.br\/noticias\/#website","url":"https:\/\/franciscanos.org.br\/noticias\/","name":"Not\u00edcias - Franciscanos","description":"Prov\u00edncia Franciscana da Imaculada Concei\u00e7\u00e3o do Brasil - Ordem dos Frades Menores - OFM","potentialAction":[{"@type":"SearchAction","target":{"@type":"EntryPoint","urlTemplate":"https:\/\/franciscanos.org.br\/noticias\/?s={search_term_string}"},"query-input":"required name=search_term_string"}],"inLanguage":"pt-BR"},{"@type":"ImageObject","inLanguage":"pt-BR","@id":"https:\/\/franciscanos.org.br\/noticias\/conferencia-franciscana-do-brasil-e-cone-sul-fazem-primeira-assembleia-ampliada.html#primaryimage","url":"https:\/\/franciscanos.org.br\/noticias\/wp-content\/uploads\/2022\/03\/casa_paulina_210322.jpg","contentUrl":"https:\/\/franciscanos.org.br\/noticias\/wp-content\/uploads\/2022\/03\/casa_paulina_210322.jpg","width":1280,"height":720},{"@type":"WebPage","@id":"https:\/\/franciscanos.org.br\/noticias\/conferencia-franciscana-do-brasil-e-cone-sul-fazem-primeira-assembleia-ampliada.html#webpage","url":"https:\/\/franciscanos.org.br\/noticias\/conferencia-franciscana-do-brasil-e-cone-sul-fazem-primeira-assembleia-ampliada.html","name":"Confer\u00eancia Franciscana do Brasil e Cone Sul faz primeira Assembleia Ampliada - Not\u00edcias - Franciscanos","isPartOf":{"@id":"https:\/\/franciscanos.org.br\/noticias\/#website"},"primaryImageOfPage":{"@id":"https:\/\/franciscanos.org.br\/noticias\/conferencia-franciscana-do-brasil-e-cone-sul-fazem-primeira-assembleia-ampliada.html#primaryimage"},"datePublished":"2022-03-21T14:19:17+00:00","dateModified":"2023-01-03T17:28:16+00:00","author":{"@id":"https:\/\/franciscanos.org.br\/noticias\/#\/schema\/person\/b5c8cba458c330ccff548b056e95a5d4"},"breadcrumb":{"@id":"https:\/\/franciscanos.org.br\/noticias\/conferencia-franciscana-do-brasil-e-cone-sul-fazem-primeira-assembleia-ampliada.html#breadcrumb"},"inLanguage":"pt-BR","potentialAction":[{"@type":"ReadAction","target":["https:\/\/franciscanos.org.br\/noticias\/conferencia-franciscana-do-brasil-e-cone-sul-fazem-primeira-assembleia-ampliada.html"]}]},{"@type":"BreadcrumbList","@id":"https:\/\/franciscanos.org.br\/noticias\/conferencia-franciscana-do-brasil-e-cone-sul-fazem-primeira-assembleia-ampliada.html#breadcrumb","itemListElement":[{"@type":"ListItem","position":1,"name":"Home","item":"https:\/\/franciscanos.org.br\/noticias"},{"@type":"ListItem","position":2,"name":"Confer\u00eancia Franciscana do Brasil e Cone Sul faz primeira Assembleia Ampliada"}]},{"@type":"Person","@id":"https:\/\/franciscanos.org.br\/noticias\/#\/schema\/person\/b5c8cba458c330ccff548b056e95a5d4","name":"moacir","image":{"@type":"ImageObject","inLanguage":"pt-BR","@id":"https:\/\/franciscanos.org.br\/noticias\/#\/schema\/person\/image\/","url":"https:\/\/secure.gravatar.com\/avatar\/d08aa2ce4c8dd416d4479aa8536fcf64?s=96&d=mm&r=g","contentUrl":"https:\/\/secure.gravatar.com\/avatar\/d08aa2ce4c8dd416d4479aa8536fcf64?s=96&d=mm&r=g","caption":"moacir"},"url":"https:\/\/franciscanos.org.br\/noticias\/author\/moacir"}]}},"_links":{"self":[{"href":"https:\/\/franciscanos.org.br\/noticias\/wp-json\/wp\/v2\/posts\/236839"}],"collection":[{"href":"https:\/\/franciscanos.org.br\/noticias\/wp-json\/wp\/v2\/posts"}],"about":[{"href":"https:\/\/franciscanos.org.br\/noticias\/wp-json\/wp\/v2\/types\/post"}],"author":[{"embeddable":true,"href":"https:\/\/franciscanos.org.br\/noticias\/wp-json\/wp\/v2\/users\/3"}],"replies":[{"embeddable":true,"href":"https:\/\/franciscanos.org.br\/noticias\/wp-json\/wp\/v2\/comments?post=236839"}],"version-history":[{"count":8,"href":"https:\/\/franciscanos.org.br\/noticias\/wp-json\/wp\/v2\/posts\/236839\/revisions"}],"predecessor-version":[{"id":241541,"href":"https:\/\/franciscanos.org.br\/noticias\/wp-json\/wp\/v2\/posts\/236839\/revisions\/241541"}],"wp:featuredmedia":[{"embeddable":true,"href":"https:\/\/franciscanos.org.br\/noticias\/wp-json\/wp\/v2\/media\/236876"}],"wp:attachment":[{"href":"https:\/\/franciscanos.org.br\/noticias\/wp-json\/wp\/v2\/media?parent=236839"}],"wp:term":[{"taxonomy":"category","embeddable":true,"href":"https:\/\/franciscanos.org.br\/noticias\/wp-json\/wp\/v2\/categories?post=236839"},{"taxonomy":"post_tag","embeddable":true,"href":"https:\/\/franciscanos.org.br\/noticias\/wp-json\/wp\/v2\/tags?post=236839"}],"curies":[{"name":"wp","href":"https:\/\/api.w.org\/{rel}","templated":true}]}}