{"id":236834,"date":"2022-03-17T07:32:30","date_gmt":"2022-03-17T10:32:30","guid":{"rendered":"https:\/\/franciscanos.org.br\/noticias\/?p=236834"},"modified":"2022-03-17T07:51:48","modified_gmt":"2022-03-17T10:51:48","slug":"concerto-por-petropolis-tera-renda-revertida-para-os-desabrigados-da-tragedia","status":"publish","type":"post","link":"https:\/\/franciscanos.org.br\/noticias\/concerto-por-petropolis-tera-renda-revertida-para-os-desabrigados-da-tragedia.html","title":{"rendered":"\u201cConcerto por Petr\u00f3polis\u201d ter\u00e1 renda revertida para os desabrigados da trag\u00e9dia"},"content":{"rendered":"<p><img loading=\"lazy\" class=\"alignnone size-full wp-image-236835\" src=\"https:\/\/franciscanos.org.br\/noticias\/wp-content\/uploads\/2022\/03\/canarinhos_JPG.jpg\" alt=\"\" width=\"1024\" height=\"683\" srcset=\"https:\/\/franciscanos.org.br\/noticias\/wp-content\/uploads\/2022\/03\/canarinhos_JPG.jpg 1024w, https:\/\/franciscanos.org.br\/noticias\/wp-content\/uploads\/2022\/03\/canarinhos_JPG-450x300.jpg 450w, https:\/\/franciscanos.org.br\/noticias\/wp-content\/uploads\/2022\/03\/canarinhos_JPG-768x512.jpg 768w, https:\/\/franciscanos.org.br\/noticias\/wp-content\/uploads\/2022\/03\/canarinhos_JPG-150x100.jpg 150w\" sizes=\"(max-width: 1024px) 100vw, 1024px\" \/><\/p>\n<p><strong>Petr\u00f3polis (RJ) &#8211;<\/strong> A Funda\u00e7\u00e3o Nacional de Artes (Funarte) e a Universidade Federal do Rio de Janeiro (UFRJ) realizar\u00e3o no pr\u00f3ximo s\u00e1bado (19\/03), \u00e0s 19h, na Igreja do Sagrado Cora\u00e7\u00e3o de Jesus, o \u201cConcerto por Petr\u00f3polis\u201d, cuja renda reverter\u00e1 para as fam\u00edlias desabrigadas pelos deslizamentos do dia 15 de fevereiro, em Petr\u00f3polis, regi\u00e3o serrana do Estado do Rio de Janeiro. A iniciativa faz parte do programa <em>Arte de Toda Gente.<\/em><\/p>\n<p>O Concerto contar\u00e1 com a participa\u00e7\u00e3o especial do Coral dos Canarinhos e Coral das Meninas dos Canarinhos, que apresentar\u00e3o a m\u00fasica\u00a0\u201cAve Verum Corpus\u201d, de Mozart, sob a reg\u00eancia de seu experiente maestro titular, Marco Aur\u00e9lio Lischt.<\/p>\n<p>Ao final do Concerto, as doa\u00e7\u00f5es ser\u00e3o recebidas de forma espont\u00e2nea, atrav\u00e9s de envelopes que estar\u00e3o na entrada da Igreja. As contribui\u00e7\u00f5es ser\u00e3o destinadas \u00e0 Par\u00f3quia de Santo Ant\u00f4nio do Morro da Oficina. Para as institui\u00e7\u00f5es organizadoras, somente a arte consegue amenizar o sentimento de luto dos petropolitanos, v\u00edtimas da trag\u00e9dia no\u00a0munic\u00edpio.<\/p>\n<p><strong>PROGRAMA INSPIRADO EM GRANDES COMPOSITORES DE PETR\u00d3POLIS<\/strong><\/p>\n<p>Os concertos ser\u00e3o executados pela Orquestra Sinf\u00f4nica da UFRJ, sob o comando do maestro Felipe Prazeres. O programa \u00e9 formado por obras de compositores que se relacionam com a cidade de Petr\u00f3polis. Um deles \u00e9 o compositor C\u00e9sar Guerra-Peixe, nascido na cidade em 1914. Nome dos mais conhecidos e reconhecidos da m\u00fasica brasileira, Guerra-Peixe foi aluno da Escola de M\u00fasica Santa Cec\u00edlia. Suas obras orquestrais s\u00e3o executadas constantemente no Brasil e no exterior. Ele homenageou sua cidade\u00a0natal\u00a0com a obra\u00a0\u201cPetr\u00f3polis de minha inf\u00e2ncia\u201d, composta em 1976, que o p\u00fablico\u00a0ter\u00e1 oportunidade de conhecer.<\/p>\n<p>Disc\u00edpulo de Guerra-Peixe e com hist\u00f3rico familiar ligado \u00e0 Escola de M\u00fasica Santa Cec\u00edlia, Ernani Aguiar \u00e9 atualmente um dos mais consagrados compositores brasileiros. De sua autoria, ser\u00e1 tocada a obra\u00a0Instantes II, presente em uma s\u00e9rie de pe\u00e7as para orquestra de cordas.<\/p>\n<p>O pianista, regente e compositor Oct\u00e1vio Maul, tamb\u00e9m nascido em Petr\u00f3polis, em 1901, teve importante atua\u00e7\u00e3o na cidade, onde fundou, com a pianista Alcina Navarro, o Instituto Musical de Petr\u00f3polis. Foi professor do Instituto Nacional de M\u00fasica e, como compositor, deixou v\u00e1rias obras, dentre elas\u00a0\u201cImproviso para Cordas\u201d, que ser\u00e1 executado no concerto.<\/p>\n<p>Embora natural do Cear\u00e1, Alberto Nepomuceno, diretor do Instituto Nacional de M\u00fasica, subia com frequ\u00eancia do Rio\u00a0para Petr\u00f3polis. Uma de suas obras mais conhecidas e executadas, a\u00a0\u201cSerenata para Cordas\u201d, foi composta e estreada na cidade, em concerto realizado em\u00a029 de fevereiro\u00a0de 1902, no Clube dos Di\u00e1rios Associados.<\/p>\n<p>Outro compositor que, assim como Nepomuceno, foi diretor do Instituto Nacional de M\u00fasica, \u00e9 Henrique Oswald, que recebeu bolsa do Imperador D. Pedro II durante o per\u00edodo em que viveu na cidade de Floren\u00e7a, na It\u00e1lia. Ao retornar ao Brasil, adquiriu uma casa em Petr\u00f3polis, onde passou longas temporadas e comp\u00f4s v\u00e1rias obras. Sua composi\u00e7\u00e3o\u00a0Romanza para Cordas, obra de seu per\u00edodo europeu, composta em 1898, faz parte do programa que ser\u00e1 apresentado.<\/p>\n<p><img loading=\"lazy\" class=\"alignnone wp-image-236836 size-full\" src=\"https:\/\/franciscanos.org.br\/noticias\/wp-content\/uploads\/2022\/03\/concerto_convite-1.jpeg\" alt=\"\" width=\"1169\" height=\"614\" srcset=\"https:\/\/franciscanos.org.br\/noticias\/wp-content\/uploads\/2022\/03\/concerto_convite-1.jpeg 1169w, https:\/\/franciscanos.org.br\/noticias\/wp-content\/uploads\/2022\/03\/concerto_convite-1-450x236.jpeg 450w, https:\/\/franciscanos.org.br\/noticias\/wp-content\/uploads\/2022\/03\/concerto_convite-1-1024x538.jpeg 1024w, https:\/\/franciscanos.org.br\/noticias\/wp-content\/uploads\/2022\/03\/concerto_convite-1-768x403.jpeg 768w, https:\/\/franciscanos.org.br\/noticias\/wp-content\/uploads\/2022\/03\/concerto_convite-1-150x79.jpeg 150w\" sizes=\"(max-width: 1169px) 100vw, 1169px\" \/><\/p>\n<p><strong>TRADI\u00c7\u00c3O MUSICAL<\/strong><\/p>\n<p>Fundada em\u00a016 de mar\u00e7o de 1848, por iniciativa do Imperador Pedro II, Petr\u00f3polis desenvolveu\u00a0ao longo de sua hist\u00f3ria\u00a0uma importante tradi\u00e7\u00e3o musical, reunindo institui\u00e7\u00f5es, cantores, instrumentistas e compositores que se tornaram conhecidos no Brasil e no mundo. Destaque para a Escola de M\u00fasica Santa Cec\u00edlia, fundada pelo maestro Paulo Carneiro, em 1923; o Instituto dos Meninos Cantores, que abriga o famoso Coral dos Canarinhos de Petr\u00f3polis; e a Sociedade Art\u00edstica Villa-Lobos, fundada em 1970 pela professora Maria de Lourdes Tornaghi, a violinista Mariuccia Iacovino e o pianista Arnaldo Estrella.<\/p>\n<p>Atividades art\u00edsticas tamb\u00e9m importantes continuam sendo desenvolvidas em outras institui\u00e7\u00f5es como a Universidade Cat\u00f3lica, o Centro de Cultura que, por muitos anos, foi a casa do Coral Municipal de Petr\u00f3polis, e os teatros Santa Cec\u00edlia e D. Pedro.<\/p>\n<p>A Funarte ressaltou\u00a0que a import\u00e2ncia das atividades musicais de Petr\u00f3polis se reflete tamb\u00e9m na\u00a0quantidade de instrumentistas nascidos na cidade que fazem parte\u00a0hoje\u00a0dos quadros das mais importantes orquestras brasileiras, e de\u00a0cantores que participam de\u00a0temporadas l\u00edricas de teatros do Brasil e do exterior. Entre os artistas da m\u00fasica nascidos em Petr\u00f3polis, foram citadas as cantoras Vera Janac\u00f3pulos (1892-1955), Maria de S\u00e1 Earp (1909-1989) e a pianista Magdalena Tagliaferro (1893-1986), al\u00e9m dos homenageados da noite, como os compositores Oct\u00e1vio Maul (1901-1974) e C\u00e9sar Guerra-Peixe (1914-1993) e o cantor e professor da UFRJ Marcelo Coutinho.<\/p>\n<hr \/>\n<p><em>Frei Augusto Luiz Gabriel, com informa\u00e7\u00f5es de Ag\u00eancia Brasil<\/em><\/p>\n","protected":false},"excerpt":{"rendered":"<p>Coral dos Canarinhos no &#8220;Concerto por Petr\u00f3polis&#8221;<\/p>\n","protected":false},"author":3,"featured_media":236835,"comment_status":"open","ping_status":"open","sticky":false,"template":"","format":"standard","meta":[],"categories":[1],"tags":[1378],"acf":[],"yoast_head":"<!-- This site is optimized with the Yoast SEO plugin v19.2 - https:\/\/yoast.com\/wordpress\/plugins\/seo\/ -->\n<title>\u201cConcerto por Petr\u00f3polis\u201d ter\u00e1 renda revertida para os desabrigados da trag\u00e9dia - Not\u00edcias - Franciscanos<\/title>\n<meta name=\"robots\" content=\"index, follow, max-snippet:-1, max-image-preview:large, max-video-preview:-1\" \/>\n<link rel=\"canonical\" href=\"https:\/\/franciscanos.org.br\/noticias\/concerto-por-petropolis-tera-renda-revertida-para-os-desabrigados-da-tragedia.html\" \/>\n<meta property=\"og:locale\" content=\"pt_BR\" \/>\n<meta property=\"og:type\" content=\"article\" \/>\n<meta property=\"og:title\" content=\"\u201cConcerto por Petr\u00f3polis\u201d ter\u00e1 renda revertida para os desabrigados da trag\u00e9dia - Not\u00edcias - Franciscanos\" \/>\n<meta property=\"og:description\" content=\"Coral dos Canarinhos no &quot;Concerto por Petr\u00f3polis&quot;\" \/>\n<meta property=\"og:url\" content=\"https:\/\/franciscanos.org.br\/noticias\/concerto-por-petropolis-tera-renda-revertida-para-os-desabrigados-da-tragedia.html\" \/>\n<meta property=\"og:site_name\" content=\"Not\u00edcias - Franciscanos\" \/>\n<meta property=\"article:published_time\" content=\"2022-03-17T10:32:30+00:00\" \/>\n<meta property=\"article:modified_time\" content=\"2022-03-17T10:51:48+00:00\" \/>\n<meta property=\"og:image\" content=\"https:\/\/franciscanos.org.br\/noticias\/wp-content\/uploads\/2022\/03\/canarinhos_JPG.jpg\" \/>\n\t<meta property=\"og:image:width\" content=\"1024\" \/>\n\t<meta property=\"og:image:height\" content=\"683\" \/>\n\t<meta property=\"og:image:type\" content=\"image\/jpeg\" \/>\n<meta name=\"author\" content=\"moacir\" \/>\n<meta name=\"twitter:card\" content=\"summary_large_image\" \/>\n<meta name=\"twitter:label1\" content=\"Escrito por\" \/>\n\t<meta name=\"twitter:data1\" content=\"moacir\" \/>\n\t<meta name=\"twitter:label2\" content=\"Est. tempo de leitura\" \/>\n\t<meta name=\"twitter:data2\" content=\"4 minutos\" \/>\n<script type=\"application\/ld+json\" class=\"yoast-schema-graph\">{\"@context\":\"https:\/\/schema.org\",\"@graph\":[{\"@type\":\"WebSite\",\"@id\":\"https:\/\/franciscanos.org.br\/noticias\/#website\",\"url\":\"https:\/\/franciscanos.org.br\/noticias\/\",\"name\":\"Not\u00edcias - Franciscanos\",\"description\":\"Prov\u00edncia Franciscana da Imaculada Concei\u00e7\u00e3o do Brasil - Ordem dos Frades Menores - OFM\",\"potentialAction\":[{\"@type\":\"SearchAction\",\"target\":{\"@type\":\"EntryPoint\",\"urlTemplate\":\"https:\/\/franciscanos.org.br\/noticias\/?s={search_term_string}\"},\"query-input\":\"required name=search_term_string\"}],\"inLanguage\":\"pt-BR\"},{\"@type\":\"ImageObject\",\"inLanguage\":\"pt-BR\",\"@id\":\"https:\/\/franciscanos.org.br\/noticias\/concerto-por-petropolis-tera-renda-revertida-para-os-desabrigados-da-tragedia.html#primaryimage\",\"url\":\"https:\/\/franciscanos.org.br\/noticias\/wp-content\/uploads\/2022\/03\/canarinhos_JPG.jpg\",\"contentUrl\":\"https:\/\/franciscanos.org.br\/noticias\/wp-content\/uploads\/2022\/03\/canarinhos_JPG.jpg\",\"width\":1024,\"height\":683},{\"@type\":\"WebPage\",\"@id\":\"https:\/\/franciscanos.org.br\/noticias\/concerto-por-petropolis-tera-renda-revertida-para-os-desabrigados-da-tragedia.html#webpage\",\"url\":\"https:\/\/franciscanos.org.br\/noticias\/concerto-por-petropolis-tera-renda-revertida-para-os-desabrigados-da-tragedia.html\",\"name\":\"\u201cConcerto por Petr\u00f3polis\u201d ter\u00e1 renda revertida para os desabrigados da trag\u00e9dia - Not\u00edcias - Franciscanos\",\"isPartOf\":{\"@id\":\"https:\/\/franciscanos.org.br\/noticias\/#website\"},\"primaryImageOfPage\":{\"@id\":\"https:\/\/franciscanos.org.br\/noticias\/concerto-por-petropolis-tera-renda-revertida-para-os-desabrigados-da-tragedia.html#primaryimage\"},\"datePublished\":\"2022-03-17T10:32:30+00:00\",\"dateModified\":\"2022-03-17T10:51:48+00:00\",\"author\":{\"@id\":\"https:\/\/franciscanos.org.br\/noticias\/#\/schema\/person\/b5c8cba458c330ccff548b056e95a5d4\"},\"breadcrumb\":{\"@id\":\"https:\/\/franciscanos.org.br\/noticias\/concerto-por-petropolis-tera-renda-revertida-para-os-desabrigados-da-tragedia.html#breadcrumb\"},\"inLanguage\":\"pt-BR\",\"potentialAction\":[{\"@type\":\"ReadAction\",\"target\":[\"https:\/\/franciscanos.org.br\/noticias\/concerto-por-petropolis-tera-renda-revertida-para-os-desabrigados-da-tragedia.html\"]}]},{\"@type\":\"BreadcrumbList\",\"@id\":\"https:\/\/franciscanos.org.br\/noticias\/concerto-por-petropolis-tera-renda-revertida-para-os-desabrigados-da-tragedia.html#breadcrumb\",\"itemListElement\":[{\"@type\":\"ListItem\",\"position\":1,\"name\":\"Home\",\"item\":\"https:\/\/franciscanos.org.br\/noticias\"},{\"@type\":\"ListItem\",\"position\":2,\"name\":\"\u201cConcerto por Petr\u00f3polis\u201d ter\u00e1 renda revertida para os desabrigados da trag\u00e9dia\"}]},{\"@type\":\"Person\",\"@id\":\"https:\/\/franciscanos.org.br\/noticias\/#\/schema\/person\/b5c8cba458c330ccff548b056e95a5d4\",\"name\":\"moacir\",\"image\":{\"@type\":\"ImageObject\",\"inLanguage\":\"pt-BR\",\"@id\":\"https:\/\/franciscanos.org.br\/noticias\/#\/schema\/person\/image\/\",\"url\":\"https:\/\/secure.gravatar.com\/avatar\/d08aa2ce4c8dd416d4479aa8536fcf64?s=96&d=mm&r=g\",\"contentUrl\":\"https:\/\/secure.gravatar.com\/avatar\/d08aa2ce4c8dd416d4479aa8536fcf64?s=96&d=mm&r=g\",\"caption\":\"moacir\"},\"url\":\"https:\/\/franciscanos.org.br\/noticias\/author\/moacir\"}]}<\/script>\n<!-- \/ Yoast SEO plugin. -->","yoast_head_json":{"title":"\u201cConcerto por Petr\u00f3polis\u201d ter\u00e1 renda revertida para os desabrigados da trag\u00e9dia - Not\u00edcias - Franciscanos","robots":{"index":"index","follow":"follow","max-snippet":"max-snippet:-1","max-image-preview":"max-image-preview:large","max-video-preview":"max-video-preview:-1"},"canonical":"https:\/\/franciscanos.org.br\/noticias\/concerto-por-petropolis-tera-renda-revertida-para-os-desabrigados-da-tragedia.html","og_locale":"pt_BR","og_type":"article","og_title":"\u201cConcerto por Petr\u00f3polis\u201d ter\u00e1 renda revertida para os desabrigados da trag\u00e9dia - Not\u00edcias - Franciscanos","og_description":"Coral dos Canarinhos no \"Concerto por Petr\u00f3polis\"","og_url":"https:\/\/franciscanos.org.br\/noticias\/concerto-por-petropolis-tera-renda-revertida-para-os-desabrigados-da-tragedia.html","og_site_name":"Not\u00edcias - Franciscanos","article_published_time":"2022-03-17T10:32:30+00:00","article_modified_time":"2022-03-17T10:51:48+00:00","og_image":[{"width":1024,"height":683,"url":"https:\/\/franciscanos.org.br\/noticias\/wp-content\/uploads\/2022\/03\/canarinhos_JPG.jpg","type":"image\/jpeg"}],"author":"moacir","twitter_card":"summary_large_image","twitter_misc":{"Escrito por":"moacir","Est. tempo de leitura":"4 minutos"},"schema":{"@context":"https:\/\/schema.org","@graph":[{"@type":"WebSite","@id":"https:\/\/franciscanos.org.br\/noticias\/#website","url":"https:\/\/franciscanos.org.br\/noticias\/","name":"Not\u00edcias - Franciscanos","description":"Prov\u00edncia Franciscana da Imaculada Concei\u00e7\u00e3o do Brasil - Ordem dos Frades Menores - OFM","potentialAction":[{"@type":"SearchAction","target":{"@type":"EntryPoint","urlTemplate":"https:\/\/franciscanos.org.br\/noticias\/?s={search_term_string}"},"query-input":"required name=search_term_string"}],"inLanguage":"pt-BR"},{"@type":"ImageObject","inLanguage":"pt-BR","@id":"https:\/\/franciscanos.org.br\/noticias\/concerto-por-petropolis-tera-renda-revertida-para-os-desabrigados-da-tragedia.html#primaryimage","url":"https:\/\/franciscanos.org.br\/noticias\/wp-content\/uploads\/2022\/03\/canarinhos_JPG.jpg","contentUrl":"https:\/\/franciscanos.org.br\/noticias\/wp-content\/uploads\/2022\/03\/canarinhos_JPG.jpg","width":1024,"height":683},{"@type":"WebPage","@id":"https:\/\/franciscanos.org.br\/noticias\/concerto-por-petropolis-tera-renda-revertida-para-os-desabrigados-da-tragedia.html#webpage","url":"https:\/\/franciscanos.org.br\/noticias\/concerto-por-petropolis-tera-renda-revertida-para-os-desabrigados-da-tragedia.html","name":"\u201cConcerto por Petr\u00f3polis\u201d ter\u00e1 renda revertida para os desabrigados da trag\u00e9dia - Not\u00edcias - Franciscanos","isPartOf":{"@id":"https:\/\/franciscanos.org.br\/noticias\/#website"},"primaryImageOfPage":{"@id":"https:\/\/franciscanos.org.br\/noticias\/concerto-por-petropolis-tera-renda-revertida-para-os-desabrigados-da-tragedia.html#primaryimage"},"datePublished":"2022-03-17T10:32:30+00:00","dateModified":"2022-03-17T10:51:48+00:00","author":{"@id":"https:\/\/franciscanos.org.br\/noticias\/#\/schema\/person\/b5c8cba458c330ccff548b056e95a5d4"},"breadcrumb":{"@id":"https:\/\/franciscanos.org.br\/noticias\/concerto-por-petropolis-tera-renda-revertida-para-os-desabrigados-da-tragedia.html#breadcrumb"},"inLanguage":"pt-BR","potentialAction":[{"@type":"ReadAction","target":["https:\/\/franciscanos.org.br\/noticias\/concerto-por-petropolis-tera-renda-revertida-para-os-desabrigados-da-tragedia.html"]}]},{"@type":"BreadcrumbList","@id":"https:\/\/franciscanos.org.br\/noticias\/concerto-por-petropolis-tera-renda-revertida-para-os-desabrigados-da-tragedia.html#breadcrumb","itemListElement":[{"@type":"ListItem","position":1,"name":"Home","item":"https:\/\/franciscanos.org.br\/noticias"},{"@type":"ListItem","position":2,"name":"\u201cConcerto por Petr\u00f3polis\u201d ter\u00e1 renda revertida para os desabrigados da trag\u00e9dia"}]},{"@type":"Person","@id":"https:\/\/franciscanos.org.br\/noticias\/#\/schema\/person\/b5c8cba458c330ccff548b056e95a5d4","name":"moacir","image":{"@type":"ImageObject","inLanguage":"pt-BR","@id":"https:\/\/franciscanos.org.br\/noticias\/#\/schema\/person\/image\/","url":"https:\/\/secure.gravatar.com\/avatar\/d08aa2ce4c8dd416d4479aa8536fcf64?s=96&d=mm&r=g","contentUrl":"https:\/\/secure.gravatar.com\/avatar\/d08aa2ce4c8dd416d4479aa8536fcf64?s=96&d=mm&r=g","caption":"moacir"},"url":"https:\/\/franciscanos.org.br\/noticias\/author\/moacir"}]}},"_links":{"self":[{"href":"https:\/\/franciscanos.org.br\/noticias\/wp-json\/wp\/v2\/posts\/236834"}],"collection":[{"href":"https:\/\/franciscanos.org.br\/noticias\/wp-json\/wp\/v2\/posts"}],"about":[{"href":"https:\/\/franciscanos.org.br\/noticias\/wp-json\/wp\/v2\/types\/post"}],"author":[{"embeddable":true,"href":"https:\/\/franciscanos.org.br\/noticias\/wp-json\/wp\/v2\/users\/3"}],"replies":[{"embeddable":true,"href":"https:\/\/franciscanos.org.br\/noticias\/wp-json\/wp\/v2\/comments?post=236834"}],"version-history":[{"count":2,"href":"https:\/\/franciscanos.org.br\/noticias\/wp-json\/wp\/v2\/posts\/236834\/revisions"}],"predecessor-version":[{"id":236838,"href":"https:\/\/franciscanos.org.br\/noticias\/wp-json\/wp\/v2\/posts\/236834\/revisions\/236838"}],"wp:featuredmedia":[{"embeddable":true,"href":"https:\/\/franciscanos.org.br\/noticias\/wp-json\/wp\/v2\/media\/236835"}],"wp:attachment":[{"href":"https:\/\/franciscanos.org.br\/noticias\/wp-json\/wp\/v2\/media?parent=236834"}],"wp:term":[{"taxonomy":"category","embeddable":true,"href":"https:\/\/franciscanos.org.br\/noticias\/wp-json\/wp\/v2\/categories?post=236834"},{"taxonomy":"post_tag","embeddable":true,"href":"https:\/\/franciscanos.org.br\/noticias\/wp-json\/wp\/v2\/tags?post=236834"}],"curies":[{"name":"wp","href":"https:\/\/api.w.org\/{rel}","templated":true}]}}