{"id":236827,"date":"2022-03-16T10:00:20","date_gmt":"2022-03-16T13:00:20","guid":{"rendered":"https:\/\/franciscanos.org.br\/noticias\/?p=236827"},"modified":"2022-03-16T10:00:20","modified_gmt":"2022-03-16T13:00:20","slug":"provincia-retoma-atividades-presenciais-com-os-benfeitores-do-pvf","status":"publish","type":"post","link":"https:\/\/franciscanos.org.br\/noticias\/provincia-retoma-atividades-presenciais-com-os-benfeitores-do-pvf.html","title":{"rendered":"Prov\u00edncia retoma atividades presenciais com os benfeitores do PVF"},"content":{"rendered":"<p><img loading=\"lazy\" class=\"alignnone size-full wp-image-236828\" src=\"https:\/\/franciscanos.org.br\/noticias\/wp-content\/uploads\/2022\/03\/pvf_1603_01.jpg\" alt=\"\" width=\"1280\" height=\"782\" srcset=\"https:\/\/franciscanos.org.br\/noticias\/wp-content\/uploads\/2022\/03\/pvf_1603_01.jpg 1280w, https:\/\/franciscanos.org.br\/noticias\/wp-content\/uploads\/2022\/03\/pvf_1603_01-450x275.jpg 450w, https:\/\/franciscanos.org.br\/noticias\/wp-content\/uploads\/2022\/03\/pvf_1603_01-1024x626.jpg 1024w, https:\/\/franciscanos.org.br\/noticias\/wp-content\/uploads\/2022\/03\/pvf_1603_01-768x469.jpg 768w, https:\/\/franciscanos.org.br\/noticias\/wp-content\/uploads\/2022\/03\/pvf_1603_01-150x92.jpg 150w\" sizes=\"(max-width: 1280px) 100vw, 1280px\" \/><\/p>\n<p>\u00c9 poss\u00edvel dizermos que com o abrandamento da situa\u00e7\u00e3o mais cr\u00edtica da pandemia da Covid-19, alguns servi\u00e7os est\u00e3o retomando. Mas esta n\u00e3o \u00e9 a realidade de um todo do Pr\u00f3-voca\u00e7\u00f5es e Miss\u00f5es Franciscanas. Isso porque se o mantra desses tempos neste setor foi: \u201cA miss\u00e3o n\u00e3o pode parar\u201d, a Prov\u00edncia Franciscana da Imaculada Concei\u00e7\u00e3o do Brasil pode ter certeza que \u201ca miss\u00e3o n\u00e3o parou!\u201d. Foram boletins informativos, liga\u00e7\u00f5es feitas por colaboradores e frades, atividades nas redes sociais, reuni\u00f5es pensando estrat\u00e9gias, projetos de retiros que precisaram ser cancelados para o bem de todos&#8230; Enfim, entre os desafios e acertos, o PVF procurou dar prosseguimento naquilo que era poss\u00edvel ser feito. E agora, a partir de muita conversa, foi poss\u00edvel dar mais um passo nessa miss\u00e3o!<\/p>\n<p>De modo simples, por\u00e9m permeado de pura gratid\u00e3o e entusiasmo, os freis Je\u00e2 Paulo Andrade e Gabriel Dellandrea estiveram na Par\u00f3quia Porci\u00fancula de Sant\u2019Ana em Niter\u00f3i (RJ) e no Convento Santo Ant\u00f4nio do Largo da Carioca no Rio de Janeiro (RJ) para, depois de dois anos, retomar os encontros presenciais com os benfeitores. Entre os dias 12-13 e 15\/03, respectivamente, os frades participaram com os fi\u00e9is das celebra\u00e7\u00f5es da missa nessas duas igrejas franciscanas, agradecendo pelo carinho dos benfeitores, rezando por eles e lan\u00e7ando a semente para novos irm\u00e3os e irm\u00e3s que generosamente abra\u00e7aram essa causa.<\/p>\n<p><img loading=\"lazy\" class=\"alignnone size-full wp-image-236829\" src=\"https:\/\/franciscanos.org.br\/noticias\/wp-content\/uploads\/2022\/03\/pvf_1603_03.jpg\" alt=\"\" width=\"1280\" height=\"720\" srcset=\"https:\/\/franciscanos.org.br\/noticias\/wp-content\/uploads\/2022\/03\/pvf_1603_03.jpg 1280w, https:\/\/franciscanos.org.br\/noticias\/wp-content\/uploads\/2022\/03\/pvf_1603_03-450x253.jpg 450w, https:\/\/franciscanos.org.br\/noticias\/wp-content\/uploads\/2022\/03\/pvf_1603_03-1024x576.jpg 1024w, https:\/\/franciscanos.org.br\/noticias\/wp-content\/uploads\/2022\/03\/pvf_1603_03-768x432.jpg 768w, https:\/\/franciscanos.org.br\/noticias\/wp-content\/uploads\/2022\/03\/pvf_1603_03-150x84.jpg 150w\" sizes=\"(max-width: 1280px) 100vw, 1280px\" \/><\/p>\n<p><img loading=\"lazy\" class=\"alignnone size-full wp-image-236830\" src=\"https:\/\/franciscanos.org.br\/noticias\/wp-content\/uploads\/2022\/03\/pvf_1603_04.jpg\" alt=\"\" width=\"1205\" height=\"678\" srcset=\"https:\/\/franciscanos.org.br\/noticias\/wp-content\/uploads\/2022\/03\/pvf_1603_04.jpg 1205w, https:\/\/franciscanos.org.br\/noticias\/wp-content\/uploads\/2022\/03\/pvf_1603_04-450x253.jpg 450w, https:\/\/franciscanos.org.br\/noticias\/wp-content\/uploads\/2022\/03\/pvf_1603_04-1024x576.jpg 1024w, https:\/\/franciscanos.org.br\/noticias\/wp-content\/uploads\/2022\/03\/pvf_1603_04-768x432.jpg 768w, https:\/\/franciscanos.org.br\/noticias\/wp-content\/uploads\/2022\/03\/pvf_1603_04-150x84.jpg 150w\" sizes=\"(max-width: 1205px) 100vw, 1205px\" \/><\/p>\n<p><em>No alto, Frei Gabriel (esq.), Frei Sal\u00e9sio (centro) e Frei Je\u00e2 nas celebra\u00e7\u00f5es da Porci\u00fancula<\/em><\/p>\n<p>No s\u00e1bado e domingo (12-13\/03), celebrando a Transfigura\u00e7\u00e3o do Senhor, os frades puderam experimentar o \u201ccomo \u00e9 bom estarmos aqui\u201d no Tabor que foi em Nit\u00e9roi. Em cada irm\u00e3o e irm\u00e3 que encontraram, puderam vislumbrar o brilho resplandecente do Senhor transfigurado, feito experi\u00eancia de f\u00e9. Foram sorrisos, testemunhos profundos de benfeitores que estavam aguardando ansiosos os encontros do PVF, retomada e contribui\u00e7\u00e3o de alguns benfeitores que tinham suspendidas as suas contribui\u00e7\u00f5es por conta da pandemia, ideias para o trabalho e calorosos olhares animados para continuar nessa miss\u00e3o de garantir o necess\u00e1rio para que os frades possam continuar suas atividades na forma\u00e7\u00e3o e nas Miss\u00f5es.<\/p>\n<p>Na ter\u00e7a-feira (15\/03), tradicionalmente, o Convento Santo Ant\u00f4nio j\u00e1 recebe uma maior quantidade de fi\u00e9is, pois \u00e9 o chamado \u201cdia de Santo Ant\u00f4nio\u201d durante a semana. Nas missas acontece a b\u00ean\u00e7\u00e3o e distribui\u00e7\u00e3o do p\u00e3o. E n\u00e3o \u00e9 por acaso que os frades do PVF, nessa primeira a\u00e7\u00e3o, quiseram estar ali neste dia. Neste local, em 1986, com Frei Floriano Surian e um grupo de generosos leigos e leigas surgiu o nosso PVF. Sendo assim, neste convento onde repousa a gra\u00e7a da cria\u00e7\u00e3o de t\u00e3o nobre servi\u00e7o, os frades foram \u201cpedir a b\u00ean\u00e7\u00e3o\u201d para come\u00e7ar neste trabalho. Afinal, esta foi a primeira campanha para os freis Gabriel e Je\u00e2 desde que assumiram esta miss\u00e3o no final do \u00faltimo ano. E puderam tamb\u00e9m, no Largo da Carioca, experimentar a for\u00e7a do carinho dos benfeitores franciscanos, que com rogos e entusiasmados louvores, expressaram em f\u00e9 e carinho a alegria de contribuir com o carisma franciscano.<\/p>\n<p><img loading=\"lazy\" class=\"alignnone size-full wp-image-236831\" src=\"https:\/\/franciscanos.org.br\/noticias\/wp-content\/uploads\/2022\/03\/pvf_1603_02.jpg\" alt=\"\" width=\"1280\" height=\"691\" srcset=\"https:\/\/franciscanos.org.br\/noticias\/wp-content\/uploads\/2022\/03\/pvf_1603_02.jpg 1280w, https:\/\/franciscanos.org.br\/noticias\/wp-content\/uploads\/2022\/03\/pvf_1603_02-450x243.jpg 450w, https:\/\/franciscanos.org.br\/noticias\/wp-content\/uploads\/2022\/03\/pvf_1603_02-1024x553.jpg 1024w, https:\/\/franciscanos.org.br\/noticias\/wp-content\/uploads\/2022\/03\/pvf_1603_02-768x415.jpg 768w, https:\/\/franciscanos.org.br\/noticias\/wp-content\/uploads\/2022\/03\/pvf_1603_02-150x81.jpg 150w\" sizes=\"(max-width: 1280px) 100vw, 1280px\" \/><\/p>\n<p><img loading=\"lazy\" class=\"alignnone size-full wp-image-236832\" src=\"https:\/\/franciscanos.org.br\/noticias\/wp-content\/uploads\/2022\/03\/pvf_1603_05.jpg\" alt=\"\" width=\"1280\" height=\"820\" srcset=\"https:\/\/franciscanos.org.br\/noticias\/wp-content\/uploads\/2022\/03\/pvf_1603_05.jpg 1280w, https:\/\/franciscanos.org.br\/noticias\/wp-content\/uploads\/2022\/03\/pvf_1603_05-450x288.jpg 450w, https:\/\/franciscanos.org.br\/noticias\/wp-content\/uploads\/2022\/03\/pvf_1603_05-1024x656.jpg 1024w, https:\/\/franciscanos.org.br\/noticias\/wp-content\/uploads\/2022\/03\/pvf_1603_05-768x492.jpg 768w, https:\/\/franciscanos.org.br\/noticias\/wp-content\/uploads\/2022\/03\/pvf_1603_05-150x96.jpg 150w\" sizes=\"(max-width: 1280px) 100vw, 1280px\" \/><\/p>\n<p><em>Frei Je\u00e2 e Frei Gabriel nas celebra\u00e7\u00f5es no Convento Santo Ant\u00f4nio do Rio de Janeiro<\/em><\/p>\n<p>Durante as celebra\u00e7\u00f5es nos dois locais se rezou pelos benfeitores, pelas voca\u00e7\u00f5es&#8230; tamb\u00e9m os frades, ap\u00f3s o momento da comunh\u00e3o, interpretaram a can\u00e7\u00e3o \u201cDoce \u00e9 sentir\u201d, para transpor em arte a certeza de que \u201cn\u00e3o estou sozinho, sou uma parte de uma imensa vida\u201d, como diz a m\u00fasica. Al\u00e9m disso, como express\u00e3o de gratid\u00e3o, foram sorteados alguns brindes para a assembleia. Ap\u00f3s a missa acontecia um bom bate-papo, simples e fraterno, onde houve muita partilha de vida e de motiva\u00e7\u00f5es para continuar apostando na miss\u00e3o da Ordem Franciscana. Os freis Je\u00e2 e Gabriel agradecem imensamente aos benfeitores pela calorosa presen\u00e7a nessas missas, por toda palavra de apoio e carinho. Agradecem tamb\u00e9m aos volunt\u00e1rios que ajudaram nas atividades desenvolvidas e, por fim, deixam uma palavra de louvor e gratid\u00e3o pela cordial e afetuosa acolhida das duas Fraternidades dos frades, que propiciaram momentos alegres de conviv\u00eancia fraterna e partilha.<\/p>\n<hr \/>\n<p><em>Frei Gabriel Dellandrea<\/em><\/p>\n","protected":false},"excerpt":{"rendered":"<p>Pr\u00f3-Voca\u00e7\u00f5es e Miss\u00f5es Franciscanas <\/p>\n","protected":false},"author":3,"featured_media":236828,"comment_status":"open","ping_status":"open","sticky":false,"template":"","format":"standard","meta":[],"categories":[1],"tags":[254],"acf":[],"yoast_head":"<!-- This site is optimized with the Yoast SEO plugin v19.2 - https:\/\/yoast.com\/wordpress\/plugins\/seo\/ -->\n<title>Prov\u00edncia retoma atividades presenciais com os benfeitores do PVF - Not\u00edcias - Franciscanos<\/title>\n<meta name=\"robots\" content=\"index, follow, max-snippet:-1, max-image-preview:large, max-video-preview:-1\" \/>\n<link rel=\"canonical\" href=\"https:\/\/franciscanos.org.br\/noticias\/provincia-retoma-atividades-presenciais-com-os-benfeitores-do-pvf.html\" \/>\n<meta property=\"og:locale\" content=\"pt_BR\" \/>\n<meta property=\"og:type\" content=\"article\" \/>\n<meta property=\"og:title\" content=\"Prov\u00edncia retoma atividades presenciais com os benfeitores do PVF - Not\u00edcias - Franciscanos\" \/>\n<meta property=\"og:description\" content=\"Pr\u00f3-Voca\u00e7\u00f5es e Miss\u00f5es Franciscanas\" \/>\n<meta property=\"og:url\" content=\"https:\/\/franciscanos.org.br\/noticias\/provincia-retoma-atividades-presenciais-com-os-benfeitores-do-pvf.html\" \/>\n<meta property=\"og:site_name\" content=\"Not\u00edcias - Franciscanos\" \/>\n<meta property=\"article:published_time\" content=\"2022-03-16T13:00:20+00:00\" \/>\n<meta property=\"og:image\" content=\"https:\/\/franciscanos.org.br\/noticias\/wp-content\/uploads\/2022\/03\/pvf_1603_01.jpg\" \/>\n\t<meta property=\"og:image:width\" content=\"1280\" \/>\n\t<meta property=\"og:image:height\" content=\"782\" \/>\n\t<meta property=\"og:image:type\" content=\"image\/jpeg\" \/>\n<meta name=\"author\" content=\"moacir\" \/>\n<meta name=\"twitter:card\" content=\"summary_large_image\" \/>\n<meta name=\"twitter:label1\" content=\"Escrito por\" \/>\n\t<meta name=\"twitter:data1\" content=\"moacir\" \/>\n\t<meta name=\"twitter:label2\" content=\"Est. tempo de leitura\" \/>\n\t<meta name=\"twitter:data2\" content=\"4 minutos\" \/>\n<script type=\"application\/ld+json\" class=\"yoast-schema-graph\">{\"@context\":\"https:\/\/schema.org\",\"@graph\":[{\"@type\":\"WebSite\",\"@id\":\"https:\/\/franciscanos.org.br\/noticias\/#website\",\"url\":\"https:\/\/franciscanos.org.br\/noticias\/\",\"name\":\"Not\u00edcias - Franciscanos\",\"description\":\"Prov\u00edncia Franciscana da Imaculada Concei\u00e7\u00e3o do Brasil - Ordem dos Frades Menores - OFM\",\"potentialAction\":[{\"@type\":\"SearchAction\",\"target\":{\"@type\":\"EntryPoint\",\"urlTemplate\":\"https:\/\/franciscanos.org.br\/noticias\/?s={search_term_string}\"},\"query-input\":\"required name=search_term_string\"}],\"inLanguage\":\"pt-BR\"},{\"@type\":\"ImageObject\",\"inLanguage\":\"pt-BR\",\"@id\":\"https:\/\/franciscanos.org.br\/noticias\/provincia-retoma-atividades-presenciais-com-os-benfeitores-do-pvf.html#primaryimage\",\"url\":\"https:\/\/franciscanos.org.br\/noticias\/wp-content\/uploads\/2022\/03\/pvf_1603_01.jpg\",\"contentUrl\":\"https:\/\/franciscanos.org.br\/noticias\/wp-content\/uploads\/2022\/03\/pvf_1603_01.jpg\",\"width\":1280,\"height\":782},{\"@type\":\"WebPage\",\"@id\":\"https:\/\/franciscanos.org.br\/noticias\/provincia-retoma-atividades-presenciais-com-os-benfeitores-do-pvf.html#webpage\",\"url\":\"https:\/\/franciscanos.org.br\/noticias\/provincia-retoma-atividades-presenciais-com-os-benfeitores-do-pvf.html\",\"name\":\"Prov\u00edncia retoma atividades presenciais com os benfeitores do PVF - Not\u00edcias - Franciscanos\",\"isPartOf\":{\"@id\":\"https:\/\/franciscanos.org.br\/noticias\/#website\"},\"primaryImageOfPage\":{\"@id\":\"https:\/\/franciscanos.org.br\/noticias\/provincia-retoma-atividades-presenciais-com-os-benfeitores-do-pvf.html#primaryimage\"},\"datePublished\":\"2022-03-16T13:00:20+00:00\",\"dateModified\":\"2022-03-16T13:00:20+00:00\",\"author\":{\"@id\":\"https:\/\/franciscanos.org.br\/noticias\/#\/schema\/person\/b5c8cba458c330ccff548b056e95a5d4\"},\"breadcrumb\":{\"@id\":\"https:\/\/franciscanos.org.br\/noticias\/provincia-retoma-atividades-presenciais-com-os-benfeitores-do-pvf.html#breadcrumb\"},\"inLanguage\":\"pt-BR\",\"potentialAction\":[{\"@type\":\"ReadAction\",\"target\":[\"https:\/\/franciscanos.org.br\/noticias\/provincia-retoma-atividades-presenciais-com-os-benfeitores-do-pvf.html\"]}]},{\"@type\":\"BreadcrumbList\",\"@id\":\"https:\/\/franciscanos.org.br\/noticias\/provincia-retoma-atividades-presenciais-com-os-benfeitores-do-pvf.html#breadcrumb\",\"itemListElement\":[{\"@type\":\"ListItem\",\"position\":1,\"name\":\"Home\",\"item\":\"https:\/\/franciscanos.org.br\/noticias\"},{\"@type\":\"ListItem\",\"position\":2,\"name\":\"Prov\u00edncia retoma atividades presenciais com os benfeitores do PVF\"}]},{\"@type\":\"Person\",\"@id\":\"https:\/\/franciscanos.org.br\/noticias\/#\/schema\/person\/b5c8cba458c330ccff548b056e95a5d4\",\"name\":\"moacir\",\"image\":{\"@type\":\"ImageObject\",\"inLanguage\":\"pt-BR\",\"@id\":\"https:\/\/franciscanos.org.br\/noticias\/#\/schema\/person\/image\/\",\"url\":\"https:\/\/secure.gravatar.com\/avatar\/d08aa2ce4c8dd416d4479aa8536fcf64?s=96&d=mm&r=g\",\"contentUrl\":\"https:\/\/secure.gravatar.com\/avatar\/d08aa2ce4c8dd416d4479aa8536fcf64?s=96&d=mm&r=g\",\"caption\":\"moacir\"},\"url\":\"https:\/\/franciscanos.org.br\/noticias\/author\/moacir\"}]}<\/script>\n<!-- \/ Yoast SEO plugin. -->","yoast_head_json":{"title":"Prov\u00edncia retoma atividades presenciais com os benfeitores do PVF - Not\u00edcias - Franciscanos","robots":{"index":"index","follow":"follow","max-snippet":"max-snippet:-1","max-image-preview":"max-image-preview:large","max-video-preview":"max-video-preview:-1"},"canonical":"https:\/\/franciscanos.org.br\/noticias\/provincia-retoma-atividades-presenciais-com-os-benfeitores-do-pvf.html","og_locale":"pt_BR","og_type":"article","og_title":"Prov\u00edncia retoma atividades presenciais com os benfeitores do PVF - Not\u00edcias - Franciscanos","og_description":"Pr\u00f3-Voca\u00e7\u00f5es e Miss\u00f5es Franciscanas","og_url":"https:\/\/franciscanos.org.br\/noticias\/provincia-retoma-atividades-presenciais-com-os-benfeitores-do-pvf.html","og_site_name":"Not\u00edcias - Franciscanos","article_published_time":"2022-03-16T13:00:20+00:00","og_image":[{"width":1280,"height":782,"url":"https:\/\/franciscanos.org.br\/noticias\/wp-content\/uploads\/2022\/03\/pvf_1603_01.jpg","type":"image\/jpeg"}],"author":"moacir","twitter_card":"summary_large_image","twitter_misc":{"Escrito por":"moacir","Est. tempo de leitura":"4 minutos"},"schema":{"@context":"https:\/\/schema.org","@graph":[{"@type":"WebSite","@id":"https:\/\/franciscanos.org.br\/noticias\/#website","url":"https:\/\/franciscanos.org.br\/noticias\/","name":"Not\u00edcias - Franciscanos","description":"Prov\u00edncia Franciscana da Imaculada Concei\u00e7\u00e3o do Brasil - Ordem dos Frades Menores - OFM","potentialAction":[{"@type":"SearchAction","target":{"@type":"EntryPoint","urlTemplate":"https:\/\/franciscanos.org.br\/noticias\/?s={search_term_string}"},"query-input":"required name=search_term_string"}],"inLanguage":"pt-BR"},{"@type":"ImageObject","inLanguage":"pt-BR","@id":"https:\/\/franciscanos.org.br\/noticias\/provincia-retoma-atividades-presenciais-com-os-benfeitores-do-pvf.html#primaryimage","url":"https:\/\/franciscanos.org.br\/noticias\/wp-content\/uploads\/2022\/03\/pvf_1603_01.jpg","contentUrl":"https:\/\/franciscanos.org.br\/noticias\/wp-content\/uploads\/2022\/03\/pvf_1603_01.jpg","width":1280,"height":782},{"@type":"WebPage","@id":"https:\/\/franciscanos.org.br\/noticias\/provincia-retoma-atividades-presenciais-com-os-benfeitores-do-pvf.html#webpage","url":"https:\/\/franciscanos.org.br\/noticias\/provincia-retoma-atividades-presenciais-com-os-benfeitores-do-pvf.html","name":"Prov\u00edncia retoma atividades presenciais com os benfeitores do PVF - Not\u00edcias - Franciscanos","isPartOf":{"@id":"https:\/\/franciscanos.org.br\/noticias\/#website"},"primaryImageOfPage":{"@id":"https:\/\/franciscanos.org.br\/noticias\/provincia-retoma-atividades-presenciais-com-os-benfeitores-do-pvf.html#primaryimage"},"datePublished":"2022-03-16T13:00:20+00:00","dateModified":"2022-03-16T13:00:20+00:00","author":{"@id":"https:\/\/franciscanos.org.br\/noticias\/#\/schema\/person\/b5c8cba458c330ccff548b056e95a5d4"},"breadcrumb":{"@id":"https:\/\/franciscanos.org.br\/noticias\/provincia-retoma-atividades-presenciais-com-os-benfeitores-do-pvf.html#breadcrumb"},"inLanguage":"pt-BR","potentialAction":[{"@type":"ReadAction","target":["https:\/\/franciscanos.org.br\/noticias\/provincia-retoma-atividades-presenciais-com-os-benfeitores-do-pvf.html"]}]},{"@type":"BreadcrumbList","@id":"https:\/\/franciscanos.org.br\/noticias\/provincia-retoma-atividades-presenciais-com-os-benfeitores-do-pvf.html#breadcrumb","itemListElement":[{"@type":"ListItem","position":1,"name":"Home","item":"https:\/\/franciscanos.org.br\/noticias"},{"@type":"ListItem","position":2,"name":"Prov\u00edncia retoma atividades presenciais com os benfeitores do PVF"}]},{"@type":"Person","@id":"https:\/\/franciscanos.org.br\/noticias\/#\/schema\/person\/b5c8cba458c330ccff548b056e95a5d4","name":"moacir","image":{"@type":"ImageObject","inLanguage":"pt-BR","@id":"https:\/\/franciscanos.org.br\/noticias\/#\/schema\/person\/image\/","url":"https:\/\/secure.gravatar.com\/avatar\/d08aa2ce4c8dd416d4479aa8536fcf64?s=96&d=mm&r=g","contentUrl":"https:\/\/secure.gravatar.com\/avatar\/d08aa2ce4c8dd416d4479aa8536fcf64?s=96&d=mm&r=g","caption":"moacir"},"url":"https:\/\/franciscanos.org.br\/noticias\/author\/moacir"}]}},"_links":{"self":[{"href":"https:\/\/franciscanos.org.br\/noticias\/wp-json\/wp\/v2\/posts\/236827"}],"collection":[{"href":"https:\/\/franciscanos.org.br\/noticias\/wp-json\/wp\/v2\/posts"}],"about":[{"href":"https:\/\/franciscanos.org.br\/noticias\/wp-json\/wp\/v2\/types\/post"}],"author":[{"embeddable":true,"href":"https:\/\/franciscanos.org.br\/noticias\/wp-json\/wp\/v2\/users\/3"}],"replies":[{"embeddable":true,"href":"https:\/\/franciscanos.org.br\/noticias\/wp-json\/wp\/v2\/comments?post=236827"}],"version-history":[{"count":1,"href":"https:\/\/franciscanos.org.br\/noticias\/wp-json\/wp\/v2\/posts\/236827\/revisions"}],"predecessor-version":[{"id":236833,"href":"https:\/\/franciscanos.org.br\/noticias\/wp-json\/wp\/v2\/posts\/236827\/revisions\/236833"}],"wp:featuredmedia":[{"embeddable":true,"href":"https:\/\/franciscanos.org.br\/noticias\/wp-json\/wp\/v2\/media\/236828"}],"wp:attachment":[{"href":"https:\/\/franciscanos.org.br\/noticias\/wp-json\/wp\/v2\/media?parent=236827"}],"wp:term":[{"taxonomy":"category","embeddable":true,"href":"https:\/\/franciscanos.org.br\/noticias\/wp-json\/wp\/v2\/categories?post=236827"},{"taxonomy":"post_tag","embeddable":true,"href":"https:\/\/franciscanos.org.br\/noticias\/wp-json\/wp\/v2\/tags?post=236827"}],"curies":[{"name":"wp","href":"https:\/\/api.w.org\/{rel}","templated":true}]}}