{"id":236820,"date":"2022-03-16T09:32:22","date_gmt":"2022-03-16T12:32:22","guid":{"rendered":"https:\/\/franciscanos.org.br\/noticias\/?p=236820"},"modified":"2022-03-16T09:44:40","modified_gmt":"2022-03-16T12:44:40","slug":"podcast-a-educacao-ganha-importancia-na-sociedade-na-medida-em-que-ela-e-olhada-de-uma-forma-integral-diz-dilnei-lorenzi","status":"publish","type":"post","link":"https:\/\/franciscanos.org.br\/noticias\/podcast-a-educacao-ganha-importancia-na-sociedade-na-medida-em-que-ela-e-olhada-de-uma-forma-integral-diz-dilnei-lorenzi.html","title":{"rendered":"Podcast: &#8220;A educa\u00e7\u00e3o ganha import\u00e2ncia na sociedade na medida em que ela \u00e9 olhada de uma forma integral&#8221;, diz Dilnei Lorenzi"},"content":{"rendered":"<p><img loading=\"lazy\" class=\"alignnone size-full wp-image-236821\" src=\"https:\/\/franciscanos.org.br\/noticias\/wp-content\/uploads\/2022\/03\/dilnei.jpg\" alt=\"\" width=\"890\" height=\"543\" srcset=\"https:\/\/franciscanos.org.br\/noticias\/wp-content\/uploads\/2022\/03\/dilnei.jpg 890w, https:\/\/franciscanos.org.br\/noticias\/wp-content\/uploads\/2022\/03\/dilnei-450x275.jpg 450w, https:\/\/franciscanos.org.br\/noticias\/wp-content\/uploads\/2022\/03\/dilnei-768x469.jpg 768w, https:\/\/franciscanos.org.br\/noticias\/wp-content\/uploads\/2022\/03\/dilnei-150x92.jpg 150w\" sizes=\"(max-width: 890px) 100vw, 890px\" \/><\/p>\n<p>\u201cEduca\u00e7\u00e3o escolar e universit\u00e1ria\u201d \u00e9 o tema deste sexto epis\u00f3dio da S\u00e9rie da Campanha da Fraternidade, promovida pela Prov\u00edncia da Imaculada Concei\u00e7\u00e3o, no formato <em>podcast<\/em>. O pr\u00f3-reitor de Ensino, Pesquisa e Extens\u00e3o da Universidade S\u00e3o Francisco, Dilnei Lorenzi, conversa com Frei Gustavo Medella sobre este assunto, tendo em vista o tema \u201cFraternidade e Educa\u00e7\u00e3o\u201d e o lema \u201cFala com sabedoria, ensina com amor\u201d (cf. Pr 31, 26) da CF 2022.<\/p>\n<p>Segundo o pr\u00f3-reitor da USF, al\u00e9m da forma\u00e7\u00e3o t\u00e9cnico-cient\u00edfica profissional do processo educacional escolar e da educa\u00e7\u00e3o universit\u00e1ria, a Constitui\u00e7\u00e3o Federal brasileira, assim como a lei maior da nossa educa\u00e7\u00e3o, a LDB (Lei de Diretrizes B\u00e1sicas da Educa\u00e7\u00e3o), j\u00e1 contemplam tr\u00eas objetivos que toda a educa\u00e7\u00e3o, independentemente do n\u00edvel, deve abranger. &#8220;O primeiro \u00e9 garantir o pleno desenvolvimento do indiv\u00edduo, porque esse indiv\u00edduo, ao longo da sua forma\u00e7\u00e3o, desde o prim\u00f3rdio, ali no nascimento desse sujeito, na primeira inser\u00e7\u00e3o em sociedade, esse direito j\u00e1 come\u00e7a a ser garantido. Ou seja, que de fato ele possa estar atuando em sociedade de uma forma ativa, sendo um sujeito promotor da sua hist\u00f3ria e, principalmente, que seja capaz de promover essa sociedade&#8221;, disse.<\/p>\n<h3><a href=\"https:\/\/open.spotify.com\/episode\/7FuvRtGKF2YhE33QVS1FC1\">OU\u00c7A TODO O PODCAST E COMPARTILHE!<\/a><\/h3>\n<p><iframe loading=\"lazy\" style=\"border-radius: 12px;\" src=\"https:\/\/open.spotify.com\/embed\/episode\/7FuvRtGKF2YhE33QVS1FC1?utm_source=generator&amp;theme=0\" width=\"100%\" height=\"232\" frameborder=\"0\" allowfullscreen=\"allowfullscreen\"><\/iframe><\/p>\n<p>O segundo ponto que a Carta Magna traz, segundo Dilnei, no seu aspecto te\u00f3rico, tamb\u00e9m prop\u00f5e que esse indiv\u00edduo seja preparado para o exerc\u00edcio da cidadania, de uma forma cr\u00edtica, de uma forma respons\u00e1vel e que esse ambiente que o envolve seja fruto da sua a\u00e7\u00e3o. Ent\u00e3o, garantir o pleno desenvolvimento desse indiv\u00edduo para que ele possa perfeitamente exercer a sua figura de cidad\u00e3o. &#8220;E o terceiro ponto, que \u00e9 um ponto extremamente importante, porque ele traz um processo de dignifica\u00e7\u00e3o do papel do indiv\u00edduo em sociedade, que \u00e9 permitir que ele seja qualificado para estar atuando no mercado de trabalho, que possa garantir a ele o seu sustento e possa ser transformador enquanto prop\u00f3sito de vida, que ele possa estar em sociedade pelo seu m\u00e9rito e pela sua constru\u00e7\u00e3o pr\u00f3pria, que ele possa ser um agente ativo em sociedade, que possa ser correspons\u00e1vel, principalmente pela constru\u00e7\u00e3o do seu futuro&#8221;, emendou.<\/p>\n<p>Segundo Dilnei, a educa\u00e7\u00e3o ganha import\u00e2ncia na sociedade na medida em que ela \u00e9 olhada de uma forma integral. &#8220;Ou seja, n\u00e3o \u00e9 uma mera qualifica\u00e7\u00e3o t\u00e9cnica, n\u00e3o \u00e9 meramente preparar para o mercado de trabalho e suas demandas, mas principalmente permitir que esse sujeito, que est\u00e1 sendo preparado, que est\u00e1 num processo de uma educa\u00e7\u00e3o formal, tamb\u00e9m possa se desenvolver enquanto cidad\u00e3o e aqui tem um detalhe que \u00e9 extremamente importante na estrutura de tudo aquilo que foi pensado em rela\u00e7\u00e3o \u00e0 educa\u00e7\u00e3o do Brasil:\u00a0 que ela n\u00e3o se d\u00e1 simplesmente numa responsabilidade da escola, ou do Estado ou da fam\u00edlia. Ela \u00e9 uma tr\u00edade entre o Estado, que \u00e9 o provedor, que \u00e9 o respons\u00e1vel, numa rela\u00e7\u00e3o com a sociedade. Ent\u00e3o, a ideia de uma educa\u00e7\u00e3o integral est\u00e1 neste sentido de permitir que esse indiv\u00edduo possa estar em sociedade como cidad\u00e3o pleno. Pleno das suas capacidades, pleno do seu desenvolvimento e, principalmente, nessa a\u00e7\u00e3o de corresponsabilidade daquilo que acontece em rela\u00e7\u00e3o ao seu futuro&#8221;, avalia o pr\u00f3-reitor.<\/p>\n<p>Por isso, a educa\u00e7\u00e3o supera, segundo ele, esse mecanismo puramente de um desenvolvimento tecnol\u00f3gico ou simplesmente da assimila\u00e7\u00e3o de algumas compet\u00eancias no campo das ci\u00eancias exatas, na \u00e1rea das ci\u00eancias biol\u00f3gicas. &#8220;Vai muito mais do que isso. \u00c9 onde de fato prepara esse sujeito para estar integrado em sociedade. E por isso a ideia de uma educa\u00e7\u00e3o integral. O que devemos estar sempre vigilantes, enquanto cidad\u00e3os, enquanto professores, enquanto sujeitos em sociedade, \u00e9 que, de fato, isso possa acontecer. Que nossas crian\u00e7as, ao estarem nas escolas, possam ser contempladas com um olhar que supera a mera quest\u00e3o t\u00e9cnica. Nisso entra processos de entendimento de um pensamento cr\u00edtico. Que esses jovens que est\u00e3o na escola possam ser preparados para uma ideia da empatia, de visualizar no outro a sua import\u00e2ncia, que sejam preparados para uma a\u00e7\u00e3o de resili\u00eancia. O estar em sociedade, o viver em coletividade \u00e9 um desafio permanente. Ou tolerar aquilo que \u00e9 diferente do nosso ideal \u00e9 um processo que n\u00e3o \u00e9 t\u00e3o simples. Ent\u00e3o, que sejam preparados nesse sentido. Que esses jovens sejam preparados no despertar de uma criatividade, que sejam capazes de estabelecer uma comunica\u00e7\u00e3o eficiente, um esp\u00edrito de flexibilidade, um processo de lideran\u00e7a, porque tudo isso, dentro dessa combina\u00e7\u00e3o \u00e9 que vai permitir a esses sujeitos serem capazes de construir sua pr\u00f3pria hist\u00f3ria, sendo agentes ativos desse processo&#8221;, explicou.<\/p>\n<p>&#8220;Ent\u00e3o, a educa\u00e7\u00e3o integral \u00e9 aquilo que permite, dentro de uma estrutura de entendimento, dentro de uma estrutura de educa\u00e7\u00e3o formal, a educa\u00e7\u00e3o de fato cumprir o seu papel. N\u00e3o apenas de preparar para o momento pontual, mas o momento pleno desse sujeito em sociedade&#8221;, observou.<\/p>\n<hr \/>\n<h3><a href=\"https:\/\/franciscanos.org.br\/noticias\/cf-2022-provincia-lanca-serie-de-podcasts-acompanhe.html#gsc.tab=0\">ACOMPANHE A S\u00c9RIE DA CF 2022<\/a><\/h3>\n","protected":false},"excerpt":{"rendered":"<p>S\u00e9rie CF 2022<\/p>\n","protected":false},"author":3,"featured_media":236821,"comment_status":"open","ping_status":"open","sticky":false,"template":"","format":"standard","meta":[],"categories":[1],"tags":[1986],"acf":[],"yoast_head":"<!-- This site is optimized with the Yoast SEO plugin v19.2 - https:\/\/yoast.com\/wordpress\/plugins\/seo\/ -->\n<title>Podcast: &quot;A educa\u00e7\u00e3o ganha import\u00e2ncia na sociedade na medida em que ela \u00e9 olhada de uma forma integral&quot;, diz Dilnei Lorenzi - Not\u00edcias - Franciscanos<\/title>\n<meta name=\"robots\" content=\"index, follow, max-snippet:-1, max-image-preview:large, max-video-preview:-1\" \/>\n<link rel=\"canonical\" href=\"https:\/\/franciscanos.org.br\/noticias\/podcast-a-educacao-ganha-importancia-na-sociedade-na-medida-em-que-ela-e-olhada-de-uma-forma-integral-diz-dilnei-lorenzi.html\" \/>\n<meta property=\"og:locale\" content=\"pt_BR\" \/>\n<meta property=\"og:type\" content=\"article\" \/>\n<meta property=\"og:title\" content=\"Podcast: &quot;A educa\u00e7\u00e3o ganha import\u00e2ncia na sociedade na medida em que ela \u00e9 olhada de uma forma integral&quot;, diz Dilnei Lorenzi - Not\u00edcias - Franciscanos\" \/>\n<meta property=\"og:description\" content=\"S\u00e9rie CF 2022\" \/>\n<meta property=\"og:url\" content=\"https:\/\/franciscanos.org.br\/noticias\/podcast-a-educacao-ganha-importancia-na-sociedade-na-medida-em-que-ela-e-olhada-de-uma-forma-integral-diz-dilnei-lorenzi.html\" \/>\n<meta property=\"og:site_name\" content=\"Not\u00edcias - Franciscanos\" \/>\n<meta property=\"article:published_time\" content=\"2022-03-16T12:32:22+00:00\" \/>\n<meta property=\"article:modified_time\" content=\"2022-03-16T12:44:40+00:00\" \/>\n<meta property=\"og:image\" content=\"https:\/\/franciscanos.org.br\/noticias\/wp-content\/uploads\/2022\/03\/dilnei.jpg\" \/>\n\t<meta property=\"og:image:width\" content=\"890\" \/>\n\t<meta property=\"og:image:height\" content=\"543\" \/>\n\t<meta property=\"og:image:type\" content=\"image\/jpeg\" \/>\n<meta name=\"author\" content=\"moacir\" \/>\n<meta name=\"twitter:card\" content=\"summary_large_image\" \/>\n<meta name=\"twitter:label1\" content=\"Escrito por\" \/>\n\t<meta name=\"twitter:data1\" content=\"moacir\" \/>\n\t<meta name=\"twitter:label2\" content=\"Est. tempo de leitura\" \/>\n\t<meta name=\"twitter:data2\" content=\"4 minutos\" \/>\n<script type=\"application\/ld+json\" class=\"yoast-schema-graph\">{\"@context\":\"https:\/\/schema.org\",\"@graph\":[{\"@type\":\"WebSite\",\"@id\":\"https:\/\/franciscanos.org.br\/noticias\/#website\",\"url\":\"https:\/\/franciscanos.org.br\/noticias\/\",\"name\":\"Not\u00edcias - Franciscanos\",\"description\":\"Prov\u00edncia Franciscana da Imaculada Concei\u00e7\u00e3o do Brasil - Ordem dos Frades Menores - OFM\",\"potentialAction\":[{\"@type\":\"SearchAction\",\"target\":{\"@type\":\"EntryPoint\",\"urlTemplate\":\"https:\/\/franciscanos.org.br\/noticias\/?s={search_term_string}\"},\"query-input\":\"required name=search_term_string\"}],\"inLanguage\":\"pt-BR\"},{\"@type\":\"ImageObject\",\"inLanguage\":\"pt-BR\",\"@id\":\"https:\/\/franciscanos.org.br\/noticias\/podcast-a-educacao-ganha-importancia-na-sociedade-na-medida-em-que-ela-e-olhada-de-uma-forma-integral-diz-dilnei-lorenzi.html#primaryimage\",\"url\":\"https:\/\/franciscanos.org.br\/noticias\/wp-content\/uploads\/2022\/03\/dilnei.jpg\",\"contentUrl\":\"https:\/\/franciscanos.org.br\/noticias\/wp-content\/uploads\/2022\/03\/dilnei.jpg\",\"width\":890,\"height\":543},{\"@type\":\"WebPage\",\"@id\":\"https:\/\/franciscanos.org.br\/noticias\/podcast-a-educacao-ganha-importancia-na-sociedade-na-medida-em-que-ela-e-olhada-de-uma-forma-integral-diz-dilnei-lorenzi.html#webpage\",\"url\":\"https:\/\/franciscanos.org.br\/noticias\/podcast-a-educacao-ganha-importancia-na-sociedade-na-medida-em-que-ela-e-olhada-de-uma-forma-integral-diz-dilnei-lorenzi.html\",\"name\":\"Podcast: \\\"A educa\u00e7\u00e3o ganha import\u00e2ncia na sociedade na medida em que ela \u00e9 olhada de uma forma integral\\\", diz Dilnei Lorenzi - Not\u00edcias - Franciscanos\",\"isPartOf\":{\"@id\":\"https:\/\/franciscanos.org.br\/noticias\/#website\"},\"primaryImageOfPage\":{\"@id\":\"https:\/\/franciscanos.org.br\/noticias\/podcast-a-educacao-ganha-importancia-na-sociedade-na-medida-em-que-ela-e-olhada-de-uma-forma-integral-diz-dilnei-lorenzi.html#primaryimage\"},\"datePublished\":\"2022-03-16T12:32:22+00:00\",\"dateModified\":\"2022-03-16T12:44:40+00:00\",\"author\":{\"@id\":\"https:\/\/franciscanos.org.br\/noticias\/#\/schema\/person\/b5c8cba458c330ccff548b056e95a5d4\"},\"breadcrumb\":{\"@id\":\"https:\/\/franciscanos.org.br\/noticias\/podcast-a-educacao-ganha-importancia-na-sociedade-na-medida-em-que-ela-e-olhada-de-uma-forma-integral-diz-dilnei-lorenzi.html#breadcrumb\"},\"inLanguage\":\"pt-BR\",\"potentialAction\":[{\"@type\":\"ReadAction\",\"target\":[\"https:\/\/franciscanos.org.br\/noticias\/podcast-a-educacao-ganha-importancia-na-sociedade-na-medida-em-que-ela-e-olhada-de-uma-forma-integral-diz-dilnei-lorenzi.html\"]}]},{\"@type\":\"BreadcrumbList\",\"@id\":\"https:\/\/franciscanos.org.br\/noticias\/podcast-a-educacao-ganha-importancia-na-sociedade-na-medida-em-que-ela-e-olhada-de-uma-forma-integral-diz-dilnei-lorenzi.html#breadcrumb\",\"itemListElement\":[{\"@type\":\"ListItem\",\"position\":1,\"name\":\"Home\",\"item\":\"https:\/\/franciscanos.org.br\/noticias\"},{\"@type\":\"ListItem\",\"position\":2,\"name\":\"Podcast: &#8220;A educa\u00e7\u00e3o ganha import\u00e2ncia na sociedade na medida em que ela \u00e9 olhada de uma forma integral&#8221;, diz Dilnei Lorenzi\"}]},{\"@type\":\"Person\",\"@id\":\"https:\/\/franciscanos.org.br\/noticias\/#\/schema\/person\/b5c8cba458c330ccff548b056e95a5d4\",\"name\":\"moacir\",\"image\":{\"@type\":\"ImageObject\",\"inLanguage\":\"pt-BR\",\"@id\":\"https:\/\/franciscanos.org.br\/noticias\/#\/schema\/person\/image\/\",\"url\":\"https:\/\/secure.gravatar.com\/avatar\/d08aa2ce4c8dd416d4479aa8536fcf64?s=96&d=mm&r=g\",\"contentUrl\":\"https:\/\/secure.gravatar.com\/avatar\/d08aa2ce4c8dd416d4479aa8536fcf64?s=96&d=mm&r=g\",\"caption\":\"moacir\"},\"url\":\"https:\/\/franciscanos.org.br\/noticias\/author\/moacir\"}]}<\/script>\n<!-- \/ Yoast SEO plugin. -->","yoast_head_json":{"title":"Podcast: \"A educa\u00e7\u00e3o ganha import\u00e2ncia na sociedade na medida em que ela \u00e9 olhada de uma forma integral\", diz Dilnei Lorenzi - Not\u00edcias - Franciscanos","robots":{"index":"index","follow":"follow","max-snippet":"max-snippet:-1","max-image-preview":"max-image-preview:large","max-video-preview":"max-video-preview:-1"},"canonical":"https:\/\/franciscanos.org.br\/noticias\/podcast-a-educacao-ganha-importancia-na-sociedade-na-medida-em-que-ela-e-olhada-de-uma-forma-integral-diz-dilnei-lorenzi.html","og_locale":"pt_BR","og_type":"article","og_title":"Podcast: \"A educa\u00e7\u00e3o ganha import\u00e2ncia na sociedade na medida em que ela \u00e9 olhada de uma forma integral\", diz Dilnei Lorenzi - Not\u00edcias - Franciscanos","og_description":"S\u00e9rie CF 2022","og_url":"https:\/\/franciscanos.org.br\/noticias\/podcast-a-educacao-ganha-importancia-na-sociedade-na-medida-em-que-ela-e-olhada-de-uma-forma-integral-diz-dilnei-lorenzi.html","og_site_name":"Not\u00edcias - Franciscanos","article_published_time":"2022-03-16T12:32:22+00:00","article_modified_time":"2022-03-16T12:44:40+00:00","og_image":[{"width":890,"height":543,"url":"https:\/\/franciscanos.org.br\/noticias\/wp-content\/uploads\/2022\/03\/dilnei.jpg","type":"image\/jpeg"}],"author":"moacir","twitter_card":"summary_large_image","twitter_misc":{"Escrito por":"moacir","Est. tempo de leitura":"4 minutos"},"schema":{"@context":"https:\/\/schema.org","@graph":[{"@type":"WebSite","@id":"https:\/\/franciscanos.org.br\/noticias\/#website","url":"https:\/\/franciscanos.org.br\/noticias\/","name":"Not\u00edcias - Franciscanos","description":"Prov\u00edncia Franciscana da Imaculada Concei\u00e7\u00e3o do Brasil - Ordem dos Frades Menores - OFM","potentialAction":[{"@type":"SearchAction","target":{"@type":"EntryPoint","urlTemplate":"https:\/\/franciscanos.org.br\/noticias\/?s={search_term_string}"},"query-input":"required name=search_term_string"}],"inLanguage":"pt-BR"},{"@type":"ImageObject","inLanguage":"pt-BR","@id":"https:\/\/franciscanos.org.br\/noticias\/podcast-a-educacao-ganha-importancia-na-sociedade-na-medida-em-que-ela-e-olhada-de-uma-forma-integral-diz-dilnei-lorenzi.html#primaryimage","url":"https:\/\/franciscanos.org.br\/noticias\/wp-content\/uploads\/2022\/03\/dilnei.jpg","contentUrl":"https:\/\/franciscanos.org.br\/noticias\/wp-content\/uploads\/2022\/03\/dilnei.jpg","width":890,"height":543},{"@type":"WebPage","@id":"https:\/\/franciscanos.org.br\/noticias\/podcast-a-educacao-ganha-importancia-na-sociedade-na-medida-em-que-ela-e-olhada-de-uma-forma-integral-diz-dilnei-lorenzi.html#webpage","url":"https:\/\/franciscanos.org.br\/noticias\/podcast-a-educacao-ganha-importancia-na-sociedade-na-medida-em-que-ela-e-olhada-de-uma-forma-integral-diz-dilnei-lorenzi.html","name":"Podcast: \"A educa\u00e7\u00e3o ganha import\u00e2ncia na sociedade na medida em que ela \u00e9 olhada de uma forma integral\", diz Dilnei Lorenzi - Not\u00edcias - Franciscanos","isPartOf":{"@id":"https:\/\/franciscanos.org.br\/noticias\/#website"},"primaryImageOfPage":{"@id":"https:\/\/franciscanos.org.br\/noticias\/podcast-a-educacao-ganha-importancia-na-sociedade-na-medida-em-que-ela-e-olhada-de-uma-forma-integral-diz-dilnei-lorenzi.html#primaryimage"},"datePublished":"2022-03-16T12:32:22+00:00","dateModified":"2022-03-16T12:44:40+00:00","author":{"@id":"https:\/\/franciscanos.org.br\/noticias\/#\/schema\/person\/b5c8cba458c330ccff548b056e95a5d4"},"breadcrumb":{"@id":"https:\/\/franciscanos.org.br\/noticias\/podcast-a-educacao-ganha-importancia-na-sociedade-na-medida-em-que-ela-e-olhada-de-uma-forma-integral-diz-dilnei-lorenzi.html#breadcrumb"},"inLanguage":"pt-BR","potentialAction":[{"@type":"ReadAction","target":["https:\/\/franciscanos.org.br\/noticias\/podcast-a-educacao-ganha-importancia-na-sociedade-na-medida-em-que-ela-e-olhada-de-uma-forma-integral-diz-dilnei-lorenzi.html"]}]},{"@type":"BreadcrumbList","@id":"https:\/\/franciscanos.org.br\/noticias\/podcast-a-educacao-ganha-importancia-na-sociedade-na-medida-em-que-ela-e-olhada-de-uma-forma-integral-diz-dilnei-lorenzi.html#breadcrumb","itemListElement":[{"@type":"ListItem","position":1,"name":"Home","item":"https:\/\/franciscanos.org.br\/noticias"},{"@type":"ListItem","position":2,"name":"Podcast: &#8220;A educa\u00e7\u00e3o ganha import\u00e2ncia na sociedade na medida em que ela \u00e9 olhada de uma forma integral&#8221;, diz Dilnei Lorenzi"}]},{"@type":"Person","@id":"https:\/\/franciscanos.org.br\/noticias\/#\/schema\/person\/b5c8cba458c330ccff548b056e95a5d4","name":"moacir","image":{"@type":"ImageObject","inLanguage":"pt-BR","@id":"https:\/\/franciscanos.org.br\/noticias\/#\/schema\/person\/image\/","url":"https:\/\/secure.gravatar.com\/avatar\/d08aa2ce4c8dd416d4479aa8536fcf64?s=96&d=mm&r=g","contentUrl":"https:\/\/secure.gravatar.com\/avatar\/d08aa2ce4c8dd416d4479aa8536fcf64?s=96&d=mm&r=g","caption":"moacir"},"url":"https:\/\/franciscanos.org.br\/noticias\/author\/moacir"}]}},"_links":{"self":[{"href":"https:\/\/franciscanos.org.br\/noticias\/wp-json\/wp\/v2\/posts\/236820"}],"collection":[{"href":"https:\/\/franciscanos.org.br\/noticias\/wp-json\/wp\/v2\/posts"}],"about":[{"href":"https:\/\/franciscanos.org.br\/noticias\/wp-json\/wp\/v2\/types\/post"}],"author":[{"embeddable":true,"href":"https:\/\/franciscanos.org.br\/noticias\/wp-json\/wp\/v2\/users\/3"}],"replies":[{"embeddable":true,"href":"https:\/\/franciscanos.org.br\/noticias\/wp-json\/wp\/v2\/comments?post=236820"}],"version-history":[{"count":2,"href":"https:\/\/franciscanos.org.br\/noticias\/wp-json\/wp\/v2\/posts\/236820\/revisions"}],"predecessor-version":[{"id":236826,"href":"https:\/\/franciscanos.org.br\/noticias\/wp-json\/wp\/v2\/posts\/236820\/revisions\/236826"}],"wp:featuredmedia":[{"embeddable":true,"href":"https:\/\/franciscanos.org.br\/noticias\/wp-json\/wp\/v2\/media\/236821"}],"wp:attachment":[{"href":"https:\/\/franciscanos.org.br\/noticias\/wp-json\/wp\/v2\/media?parent=236820"}],"wp:term":[{"taxonomy":"category","embeddable":true,"href":"https:\/\/franciscanos.org.br\/noticias\/wp-json\/wp\/v2\/categories?post=236820"},{"taxonomy":"post_tag","embeddable":true,"href":"https:\/\/franciscanos.org.br\/noticias\/wp-json\/wp\/v2\/tags?post=236820"}],"curies":[{"name":"wp","href":"https:\/\/api.w.org\/{rel}","templated":true}]}}