{"id":236805,"date":"2022-03-15T07:20:28","date_gmt":"2022-03-15T10:20:28","guid":{"rendered":"https:\/\/franciscanos.org.br\/noticias\/?p=236805"},"modified":"2022-03-15T07:20:28","modified_gmt":"2022-03-15T10:20:28","slug":"papa-quem-governa-nao-aprendeu-a-licao-das-tragedias-do-seculo-xx","status":"publish","type":"post","link":"https:\/\/franciscanos.org.br\/noticias\/papa-quem-governa-nao-aprendeu-a-licao-das-tragedias-do-seculo-xx.html","title":{"rendered":"Papa: quem governa n\u00e3o aprendeu a li\u00e7\u00e3o das trag\u00e9dias do s\u00e9culo XX"},"content":{"rendered":"<div id=\"attachment_236806\" style=\"width: 980px\" class=\"wp-caption alignnone\"><img aria-describedby=\"caption-attachment-236806\" loading=\"lazy\" class=\"wp-image-236806\" src=\"https:\/\/franciscanos.org.br\/noticias\/wp-content\/uploads\/2022\/03\/PAPA_1503.jpeg\" alt=\"\" width=\"970\" height=\"546\" srcset=\"https:\/\/franciscanos.org.br\/noticias\/wp-content\/uploads\/2022\/03\/PAPA_1503.jpeg 750w, https:\/\/franciscanos.org.br\/noticias\/wp-content\/uploads\/2022\/03\/PAPA_1503-450x253.jpeg 450w, https:\/\/franciscanos.org.br\/noticias\/wp-content\/uploads\/2022\/03\/PAPA_1503-150x84.jpeg 150w\" sizes=\"(max-width: 970px) 100vw, 970px\" \/><p id=\"caption-attachment-236806\" class=\"wp-caption-text\">\u00a0 \u00a0 \u00a0 \u00a0 \u00a0 \u00a0 \u00a0 \u00a0 \u00a0 \u00a0 \u00a0 \u00a0 \u00a0 \u00a0 \u00a0 \u00a0 \u00a0 \u00a0 \u00a0 \u00a0 \u00a0 \u00a0 \u00a0 \u00a0 \u00a0 \u00a0 \u00a0 \u00a0 \u00a0 \u00a0 \u00a0 \u00a0 \u00a0 \u00a0 \u00a0 \u00a0 \u00a0 \u00a0 \u00a0 \u00a0 \u00a0 \u00a0 \u00a0 \u00a0 \u00a0 \u00a0 \u00a0 \u00a0 \u00a0 \u00a0 \u00a0 \u00a0 \u00a0<em> Imagem: Vatican Media<\/em><\/p><\/div>\n<p>O Papa Francisco recebeu em audi\u00eancia, nesta segunda-feira (14\/03), na Sala Clementina, no Vaticano, os membros da associa\u00e7\u00e3o italiana &#8220;Alma para o social nos valores da empresa&#8221;, fundada vinte anos atr\u00e1s com &#8220;a finalidade de promo\u00e7\u00e3o \u00e9tica e social&#8221;.<\/p>\n<p>&#8220;Hoje, mantendo o foco no bem comum, \u00e9 necess\u00e1rio que a pol\u00edtica e a economia, em constante di\u00e1logo entre si, se coloquem a servi\u00e7o da vida, da vida humana e da vida da cria\u00e7\u00e3o, nossa Casa comum&#8221;, ressaltou o Papa, acrescentando:<\/p>\n<p>A grande crise financeira de 2007-2008 deveria ter nos impelido nesta dire\u00e7\u00e3o. Sim, houve uma rea\u00e7\u00e3o positiva, mas me parece que essencialmente o mundo continuou e continua sendo governado por crit\u00e9rios obsoletos.<\/p>\n<p>\u201cPara n\u00e3o falar do \u00e2mbito geopol\u00edtico-militar, onde v\u00e1rias guerras regionais e especialmente a guerra em andamento na Ucr\u00e2nia, mostram que quem governa os destinos dos povos ainda n\u00e3o aprendeu a li\u00e7\u00e3o das trag\u00e9dias do s\u00e9culo XX.\u201d<\/p>\n<p>Os representantes &#8220;de pequenas e m\u00e9dias empresas, sabem como \u00e9 dif\u00edcil, neste contexto, desenvolver e criar emprego em conformidade com os valores \u00e9ticos e de responsabilidade social&#8221;. &#8220;Mas n\u00e3o devemos nos desanimar e nos resignar&#8221;, frisou o Papa, ressaltando que h\u00e1 quem pensa que &#8220;os crit\u00e9rios sociais e \u00e9ticos s\u00e3o como uma &#8220;gaiola&#8221; que mortifica a liberdade e a criatividade econ\u00f4mica. Na realidade, \u00e9 exatamente o oposto, ou pelo menos pode ser&#8221;.<\/p>\n<p><strong>Economia livre do poder das finan\u00e7as<\/strong><br \/>\nDe fato, se queremos que o mundo futuro seja habit\u00e1vel e digno do ser humano, a economia deve estar livre do poder das finan\u00e7as e ser mais criativa na busca de formas de produ\u00e7\u00e3o orientadas para uma ecologia integral. Que a economia seja concreta, e n\u00e3o l\u00edquida ou gasosa, como \u00e9 o perigo das finan\u00e7as. A globaliza\u00e7\u00e3o deve ser &#8220;governada&#8221; a fim de que o global n\u00e3o prejudique o local, mas as duas dimens\u00f5es estejam numa conex\u00e3o virtuosa e fecunda.<\/p>\n<p>Segundo o Papa, &#8220;a constru\u00e7\u00e3o de uma nova economia, que respeite a dignidade humana e o meio ambiente, pode e deve come\u00e7ar de baixo. Na verdade, como sabemos, j\u00e1 come\u00e7ou de baixo: em todo o mundo h\u00e1 muitas experi\u00eancias de empresas \u00e9ticas e sustent\u00e1veis \u200b\u200bque tra\u00e7am um caminho. \u00c9 preciso incentivar a comunica\u00e7\u00e3o e a partilha entre essas experi\u00eancias, para que se forme uma rede capaz de impactar em n\u00edveis cada vez mais amplos&#8221;.<\/p>\n<p>Por fim, um conselho do Papa aos membros da associa\u00e7\u00e3o que querem ser &#8220;alma&#8221; no mundo da empresa: &#8220;N\u00e3o se esque\u00e7am de cuidar de sua pr\u00f3pria alma, aquela que nos vem de Deus. E para isso \u00e9 preciso resistir \u00e0 tenta\u00e7\u00e3o do ativismo e encontrar tempo para refletir, pensar e contemplar. \u00c9 tamb\u00e9m por isso que a associa\u00e7\u00e3o pode ser \u00fatil, com propostas. Mas \u00e9 sobretudo uma exig\u00eancia pessoal: cada um, se quiser animar, deve se deixar animar interiormente pelo bem, pelo belo e verdadeiro. Isto \u00e9 demonstrado pelos testemunhos de empres\u00e1rios italianos que conseguiram aumentar n\u00e3o apenas os lucros, mas tamb\u00e9m a vida, a qualidade da vida, a qualidade do trabalho, com liberdade e criatividade, porque tinham uma consci\u00eancia iluminada&#8221;.<\/p>\n<hr \/>\n<p><em>Fonte: Vatican News (texto de Mariangela Jaguraba)<\/em><\/p>\n","protected":false},"excerpt":{"rendered":"<p>&#8220;Alma para o social nos valores da empresa&#8221;<\/p>\n","protected":false},"author":3,"featured_media":236806,"comment_status":"open","ping_status":"open","sticky":false,"template":"","format":"standard","meta":[],"categories":[1428],"tags":[55,1992],"acf":[],"yoast_head":"<!-- This site is optimized with the Yoast SEO plugin v19.2 - https:\/\/yoast.com\/wordpress\/plugins\/seo\/ -->\n<title>Papa: quem governa n\u00e3o aprendeu a li\u00e7\u00e3o das trag\u00e9dias do s\u00e9culo XX - Not\u00edcias - Franciscanos<\/title>\n<meta name=\"robots\" content=\"index, follow, max-snippet:-1, max-image-preview:large, max-video-preview:-1\" \/>\n<link rel=\"canonical\" href=\"https:\/\/franciscanos.org.br\/noticias\/papa-quem-governa-nao-aprendeu-a-licao-das-tragedias-do-seculo-xx.html\" \/>\n<meta property=\"og:locale\" content=\"pt_BR\" \/>\n<meta property=\"og:type\" content=\"article\" \/>\n<meta property=\"og:title\" content=\"Papa: quem governa n\u00e3o aprendeu a li\u00e7\u00e3o das trag\u00e9dias do s\u00e9culo XX - Not\u00edcias - Franciscanos\" \/>\n<meta property=\"og:description\" content=\"&quot;Alma para o social nos valores da empresa&quot;\" \/>\n<meta property=\"og:url\" content=\"https:\/\/franciscanos.org.br\/noticias\/papa-quem-governa-nao-aprendeu-a-licao-das-tragedias-do-seculo-xx.html\" \/>\n<meta property=\"og:site_name\" content=\"Not\u00edcias - Franciscanos\" \/>\n<meta property=\"article:published_time\" content=\"2022-03-15T10:20:28+00:00\" \/>\n<meta property=\"og:image\" content=\"https:\/\/franciscanos.org.br\/noticias\/wp-content\/uploads\/2022\/03\/PAPA_1503.jpeg\" \/>\n\t<meta property=\"og:image:width\" content=\"750\" \/>\n\t<meta property=\"og:image:height\" content=\"422\" \/>\n\t<meta property=\"og:image:type\" content=\"image\/jpeg\" \/>\n<meta name=\"author\" content=\"moacir\" \/>\n<meta name=\"twitter:card\" content=\"summary_large_image\" \/>\n<meta name=\"twitter:label1\" content=\"Escrito por\" \/>\n\t<meta name=\"twitter:data1\" content=\"moacir\" \/>\n\t<meta name=\"twitter:label2\" content=\"Est. tempo de leitura\" \/>\n\t<meta name=\"twitter:data2\" content=\"3 minutos\" \/>\n<script type=\"application\/ld+json\" class=\"yoast-schema-graph\">{\"@context\":\"https:\/\/schema.org\",\"@graph\":[{\"@type\":\"WebSite\",\"@id\":\"https:\/\/franciscanos.org.br\/noticias\/#website\",\"url\":\"https:\/\/franciscanos.org.br\/noticias\/\",\"name\":\"Not\u00edcias - Franciscanos\",\"description\":\"Prov\u00edncia Franciscana da Imaculada Concei\u00e7\u00e3o do Brasil - Ordem dos Frades Menores - OFM\",\"potentialAction\":[{\"@type\":\"SearchAction\",\"target\":{\"@type\":\"EntryPoint\",\"urlTemplate\":\"https:\/\/franciscanos.org.br\/noticias\/?s={search_term_string}\"},\"query-input\":\"required name=search_term_string\"}],\"inLanguage\":\"pt-BR\"},{\"@type\":\"ImageObject\",\"inLanguage\":\"pt-BR\",\"@id\":\"https:\/\/franciscanos.org.br\/noticias\/papa-quem-governa-nao-aprendeu-a-licao-das-tragedias-do-seculo-xx.html#primaryimage\",\"url\":\"https:\/\/franciscanos.org.br\/noticias\/wp-content\/uploads\/2022\/03\/PAPA_1503.jpeg\",\"contentUrl\":\"https:\/\/franciscanos.org.br\/noticias\/wp-content\/uploads\/2022\/03\/PAPA_1503.jpeg\",\"width\":750,\"height\":422},{\"@type\":\"WebPage\",\"@id\":\"https:\/\/franciscanos.org.br\/noticias\/papa-quem-governa-nao-aprendeu-a-licao-das-tragedias-do-seculo-xx.html#webpage\",\"url\":\"https:\/\/franciscanos.org.br\/noticias\/papa-quem-governa-nao-aprendeu-a-licao-das-tragedias-do-seculo-xx.html\",\"name\":\"Papa: quem governa n\u00e3o aprendeu a li\u00e7\u00e3o das trag\u00e9dias do s\u00e9culo XX - Not\u00edcias - Franciscanos\",\"isPartOf\":{\"@id\":\"https:\/\/franciscanos.org.br\/noticias\/#website\"},\"primaryImageOfPage\":{\"@id\":\"https:\/\/franciscanos.org.br\/noticias\/papa-quem-governa-nao-aprendeu-a-licao-das-tragedias-do-seculo-xx.html#primaryimage\"},\"datePublished\":\"2022-03-15T10:20:28+00:00\",\"dateModified\":\"2022-03-15T10:20:28+00:00\",\"author\":{\"@id\":\"https:\/\/franciscanos.org.br\/noticias\/#\/schema\/person\/b5c8cba458c330ccff548b056e95a5d4\"},\"breadcrumb\":{\"@id\":\"https:\/\/franciscanos.org.br\/noticias\/papa-quem-governa-nao-aprendeu-a-licao-das-tragedias-do-seculo-xx.html#breadcrumb\"},\"inLanguage\":\"pt-BR\",\"potentialAction\":[{\"@type\":\"ReadAction\",\"target\":[\"https:\/\/franciscanos.org.br\/noticias\/papa-quem-governa-nao-aprendeu-a-licao-das-tragedias-do-seculo-xx.html\"]}]},{\"@type\":\"BreadcrumbList\",\"@id\":\"https:\/\/franciscanos.org.br\/noticias\/papa-quem-governa-nao-aprendeu-a-licao-das-tragedias-do-seculo-xx.html#breadcrumb\",\"itemListElement\":[{\"@type\":\"ListItem\",\"position\":1,\"name\":\"Home\",\"item\":\"https:\/\/franciscanos.org.br\/noticias\"},{\"@type\":\"ListItem\",\"position\":2,\"name\":\"Papa: quem governa n\u00e3o aprendeu a li\u00e7\u00e3o das trag\u00e9dias do s\u00e9culo XX\"}]},{\"@type\":\"Person\",\"@id\":\"https:\/\/franciscanos.org.br\/noticias\/#\/schema\/person\/b5c8cba458c330ccff548b056e95a5d4\",\"name\":\"moacir\",\"image\":{\"@type\":\"ImageObject\",\"inLanguage\":\"pt-BR\",\"@id\":\"https:\/\/franciscanos.org.br\/noticias\/#\/schema\/person\/image\/\",\"url\":\"https:\/\/secure.gravatar.com\/avatar\/d08aa2ce4c8dd416d4479aa8536fcf64?s=96&d=mm&r=g\",\"contentUrl\":\"https:\/\/secure.gravatar.com\/avatar\/d08aa2ce4c8dd416d4479aa8536fcf64?s=96&d=mm&r=g\",\"caption\":\"moacir\"},\"url\":\"https:\/\/franciscanos.org.br\/noticias\/author\/moacir\"}]}<\/script>\n<!-- \/ Yoast SEO plugin. -->","yoast_head_json":{"title":"Papa: quem governa n\u00e3o aprendeu a li\u00e7\u00e3o das trag\u00e9dias do s\u00e9culo XX - Not\u00edcias - Franciscanos","robots":{"index":"index","follow":"follow","max-snippet":"max-snippet:-1","max-image-preview":"max-image-preview:large","max-video-preview":"max-video-preview:-1"},"canonical":"https:\/\/franciscanos.org.br\/noticias\/papa-quem-governa-nao-aprendeu-a-licao-das-tragedias-do-seculo-xx.html","og_locale":"pt_BR","og_type":"article","og_title":"Papa: quem governa n\u00e3o aprendeu a li\u00e7\u00e3o das trag\u00e9dias do s\u00e9culo XX - Not\u00edcias - Franciscanos","og_description":"\"Alma para o social nos valores da empresa\"","og_url":"https:\/\/franciscanos.org.br\/noticias\/papa-quem-governa-nao-aprendeu-a-licao-das-tragedias-do-seculo-xx.html","og_site_name":"Not\u00edcias - Franciscanos","article_published_time":"2022-03-15T10:20:28+00:00","og_image":[{"width":750,"height":422,"url":"https:\/\/franciscanos.org.br\/noticias\/wp-content\/uploads\/2022\/03\/PAPA_1503.jpeg","type":"image\/jpeg"}],"author":"moacir","twitter_card":"summary_large_image","twitter_misc":{"Escrito por":"moacir","Est. tempo de leitura":"3 minutos"},"schema":{"@context":"https:\/\/schema.org","@graph":[{"@type":"WebSite","@id":"https:\/\/franciscanos.org.br\/noticias\/#website","url":"https:\/\/franciscanos.org.br\/noticias\/","name":"Not\u00edcias - Franciscanos","description":"Prov\u00edncia Franciscana da Imaculada Concei\u00e7\u00e3o do Brasil - Ordem dos Frades Menores - OFM","potentialAction":[{"@type":"SearchAction","target":{"@type":"EntryPoint","urlTemplate":"https:\/\/franciscanos.org.br\/noticias\/?s={search_term_string}"},"query-input":"required name=search_term_string"}],"inLanguage":"pt-BR"},{"@type":"ImageObject","inLanguage":"pt-BR","@id":"https:\/\/franciscanos.org.br\/noticias\/papa-quem-governa-nao-aprendeu-a-licao-das-tragedias-do-seculo-xx.html#primaryimage","url":"https:\/\/franciscanos.org.br\/noticias\/wp-content\/uploads\/2022\/03\/PAPA_1503.jpeg","contentUrl":"https:\/\/franciscanos.org.br\/noticias\/wp-content\/uploads\/2022\/03\/PAPA_1503.jpeg","width":750,"height":422},{"@type":"WebPage","@id":"https:\/\/franciscanos.org.br\/noticias\/papa-quem-governa-nao-aprendeu-a-licao-das-tragedias-do-seculo-xx.html#webpage","url":"https:\/\/franciscanos.org.br\/noticias\/papa-quem-governa-nao-aprendeu-a-licao-das-tragedias-do-seculo-xx.html","name":"Papa: quem governa n\u00e3o aprendeu a li\u00e7\u00e3o das trag\u00e9dias do s\u00e9culo XX - Not\u00edcias - Franciscanos","isPartOf":{"@id":"https:\/\/franciscanos.org.br\/noticias\/#website"},"primaryImageOfPage":{"@id":"https:\/\/franciscanos.org.br\/noticias\/papa-quem-governa-nao-aprendeu-a-licao-das-tragedias-do-seculo-xx.html#primaryimage"},"datePublished":"2022-03-15T10:20:28+00:00","dateModified":"2022-03-15T10:20:28+00:00","author":{"@id":"https:\/\/franciscanos.org.br\/noticias\/#\/schema\/person\/b5c8cba458c330ccff548b056e95a5d4"},"breadcrumb":{"@id":"https:\/\/franciscanos.org.br\/noticias\/papa-quem-governa-nao-aprendeu-a-licao-das-tragedias-do-seculo-xx.html#breadcrumb"},"inLanguage":"pt-BR","potentialAction":[{"@type":"ReadAction","target":["https:\/\/franciscanos.org.br\/noticias\/papa-quem-governa-nao-aprendeu-a-licao-das-tragedias-do-seculo-xx.html"]}]},{"@type":"BreadcrumbList","@id":"https:\/\/franciscanos.org.br\/noticias\/papa-quem-governa-nao-aprendeu-a-licao-das-tragedias-do-seculo-xx.html#breadcrumb","itemListElement":[{"@type":"ListItem","position":1,"name":"Home","item":"https:\/\/franciscanos.org.br\/noticias"},{"@type":"ListItem","position":2,"name":"Papa: quem governa n\u00e3o aprendeu a li\u00e7\u00e3o das trag\u00e9dias do s\u00e9culo XX"}]},{"@type":"Person","@id":"https:\/\/franciscanos.org.br\/noticias\/#\/schema\/person\/b5c8cba458c330ccff548b056e95a5d4","name":"moacir","image":{"@type":"ImageObject","inLanguage":"pt-BR","@id":"https:\/\/franciscanos.org.br\/noticias\/#\/schema\/person\/image\/","url":"https:\/\/secure.gravatar.com\/avatar\/d08aa2ce4c8dd416d4479aa8536fcf64?s=96&d=mm&r=g","contentUrl":"https:\/\/secure.gravatar.com\/avatar\/d08aa2ce4c8dd416d4479aa8536fcf64?s=96&d=mm&r=g","caption":"moacir"},"url":"https:\/\/franciscanos.org.br\/noticias\/author\/moacir"}]}},"_links":{"self":[{"href":"https:\/\/franciscanos.org.br\/noticias\/wp-json\/wp\/v2\/posts\/236805"}],"collection":[{"href":"https:\/\/franciscanos.org.br\/noticias\/wp-json\/wp\/v2\/posts"}],"about":[{"href":"https:\/\/franciscanos.org.br\/noticias\/wp-json\/wp\/v2\/types\/post"}],"author":[{"embeddable":true,"href":"https:\/\/franciscanos.org.br\/noticias\/wp-json\/wp\/v2\/users\/3"}],"replies":[{"embeddable":true,"href":"https:\/\/franciscanos.org.br\/noticias\/wp-json\/wp\/v2\/comments?post=236805"}],"version-history":[{"count":1,"href":"https:\/\/franciscanos.org.br\/noticias\/wp-json\/wp\/v2\/posts\/236805\/revisions"}],"predecessor-version":[{"id":236807,"href":"https:\/\/franciscanos.org.br\/noticias\/wp-json\/wp\/v2\/posts\/236805\/revisions\/236807"}],"wp:featuredmedia":[{"embeddable":true,"href":"https:\/\/franciscanos.org.br\/noticias\/wp-json\/wp\/v2\/media\/236806"}],"wp:attachment":[{"href":"https:\/\/franciscanos.org.br\/noticias\/wp-json\/wp\/v2\/media?parent=236805"}],"wp:term":[{"taxonomy":"category","embeddable":true,"href":"https:\/\/franciscanos.org.br\/noticias\/wp-json\/wp\/v2\/categories?post=236805"},{"taxonomy":"post_tag","embeddable":true,"href":"https:\/\/franciscanos.org.br\/noticias\/wp-json\/wp\/v2\/tags?post=236805"}],"curies":[{"name":"wp","href":"https:\/\/api.w.org\/{rel}","templated":true}]}}