{"id":236764,"date":"2022-03-09T10:17:57","date_gmt":"2022-03-09T13:17:57","guid":{"rendered":"https:\/\/franciscanos.org.br\/noticias\/?p=236764"},"modified":"2022-03-09T14:46:28","modified_gmt":"2022-03-09T17:46:28","slug":"nossa-senhora-da-penha-acompanha-a-nova-fraternidade-franciscana-da-penha","status":"publish","type":"post","link":"https:\/\/franciscanos.org.br\/noticias\/nossa-senhora-da-penha-acompanha-a-nova-fraternidade-franciscana-da-penha.html","title":{"rendered":"Nossa Senhora da Penha acompanha a nova Fraternidade Franciscana de Colatina"},"content":{"rendered":"<p><img loading=\"lazy\" class=\"alignnone size-full wp-image-236765\" src=\"https:\/\/franciscanos.org.br\/noticias\/wp-content\/uploads\/2022\/03\/colatina_01.jpg\" alt=\"\" width=\"1280\" height=\"720\" srcset=\"https:\/\/franciscanos.org.br\/noticias\/wp-content\/uploads\/2022\/03\/colatina_01.jpg 1280w, https:\/\/franciscanos.org.br\/noticias\/wp-content\/uploads\/2022\/03\/colatina_01-450x253.jpg 450w, https:\/\/franciscanos.org.br\/noticias\/wp-content\/uploads\/2022\/03\/colatina_01-1024x576.jpg 1024w, https:\/\/franciscanos.org.br\/noticias\/wp-content\/uploads\/2022\/03\/colatina_01-768x432.jpg 768w, https:\/\/franciscanos.org.br\/noticias\/wp-content\/uploads\/2022\/03\/colatina_01-150x84.jpg 150w\" sizes=\"(max-width: 1280px) 100vw, 1280px\" \/><\/p>\n<p>No 1\u00ba Domingo da Quaresma, a Par\u00f3quia Santa Clara de Assis acolheu a nova Fraternidade Franciscana para o pr\u00f3ximo tri\u00eanio, formada por Frei Pedro de Oliveira Rodrigues, p\u00e1roco; Frei Luiz Iakovacz, vig\u00e1rio paroquial e assistente das Clarissas; e Frei Josielio da Silva Oliveira, no Ano Mission\u00e1rio.<\/p>\n<p>Esse momento foi celebrado na Missa das 18 horas, presidida por Dom Lauro S\u00e9rgio Versiani Barbosa, bispo da Diocese de Colatina, e teve como concelebrantes, al\u00e9m da nova Fraternidade, o Coordenador Diocesano \u00a0Pe. David Campos Maciel Neto.<\/p>\n<p>Na sauda\u00e7\u00e3o inicial, D. Lauro disse que era a primeira vez que tinha a gra\u00e7a de celebrar nessa igreja dedicada a Santa Clara de Assis. &#8220;E hoje aqui com a imagem de Nossa Senhora da Penha, que foi trazida para este dia em que damos a posse can\u00f4nica a Frei Pedro. Esta Par\u00f3quia tem a gra\u00e7a de ser confiada aos Franciscanos, \u00e0 Ordem dos Frades Menores. \u00c9 uma alegria acolh\u00ea-los. Chegamos praticamente juntos&#8221;, lembrou Dom Lauro, j\u00e1 que ele tomou posse no \u00faltimo dia 2 de fevereiro na Diocese.<\/p>\n<p><img loading=\"lazy\" class=\"alignnone size-full wp-image-236766\" src=\"https:\/\/franciscanos.org.br\/noticias\/wp-content\/uploads\/2022\/03\/colatina_02.jpg\" alt=\"\" width=\"1280\" height=\"720\" srcset=\"https:\/\/franciscanos.org.br\/noticias\/wp-content\/uploads\/2022\/03\/colatina_02.jpg 1280w, https:\/\/franciscanos.org.br\/noticias\/wp-content\/uploads\/2022\/03\/colatina_02-450x253.jpg 450w, https:\/\/franciscanos.org.br\/noticias\/wp-content\/uploads\/2022\/03\/colatina_02-1024x576.jpg 1024w, https:\/\/franciscanos.org.br\/noticias\/wp-content\/uploads\/2022\/03\/colatina_02-768x432.jpg 768w, https:\/\/franciscanos.org.br\/noticias\/wp-content\/uploads\/2022\/03\/colatina_02-150x84.jpg 150w\" sizes=\"(max-width: 1280px) 100vw, 1280px\" \/><\/p>\n<p>Em seguida, foi lido o Decreto de Nomea\u00e7\u00e3o do novo p\u00e1roco, que \u00e9 natural de Cariacica, ES, onde nasceu no dia 04 de mar\u00e7o de 1956. \u00a0Vestiu o h\u00e1bito franciscano no dia\u00a0 10 de janeiro de 1987 em Rodeio. Fez a Profiss\u00e3o solene na Ordem dos Frades Menores no dia 17 de setembro de 1992 e foi ordenado presb\u00edtero no dia 07 de janeiro de 1995. Frei Pedro residiu nos \u00faltimos tri\u00eanios no Convento da Penha.<\/p>\n<p>Como p\u00e1roco nesta nova miss\u00e3o, Frei Pedro fez a leitura do Evangelho.<\/p>\n<p>Na sua homilia, o bispo disse que a Igreja \u00e9 comparada a uma barca e hoje estamos entregando o cuidado pastoral dessa Comunidade Paroquial a Frei Pedro. &#8220;Mas n\u00e3o s\u00f3 ele, a essa Comunidade Franciscana. Ele tem a responsabilidade can\u00f4nica de p\u00e1roco, por\u00e9m ele \u00e9 um religioso e vive em comunidade. Portanto, ele exerce esse minist\u00e9rio com os irm\u00e3os de comunidade&#8221;, explicou.<\/p>\n<p><img loading=\"lazy\" class=\"alignnone size-full wp-image-236767\" src=\"https:\/\/franciscanos.org.br\/noticias\/wp-content\/uploads\/2022\/03\/colatina_04.jpg\" alt=\"\" width=\"1280\" height=\"720\" srcset=\"https:\/\/franciscanos.org.br\/noticias\/wp-content\/uploads\/2022\/03\/colatina_04.jpg 1280w, https:\/\/franciscanos.org.br\/noticias\/wp-content\/uploads\/2022\/03\/colatina_04-450x253.jpg 450w, https:\/\/franciscanos.org.br\/noticias\/wp-content\/uploads\/2022\/03\/colatina_04-1024x576.jpg 1024w, https:\/\/franciscanos.org.br\/noticias\/wp-content\/uploads\/2022\/03\/colatina_04-768x432.jpg 768w, https:\/\/franciscanos.org.br\/noticias\/wp-content\/uploads\/2022\/03\/colatina_04-150x84.jpg 150w\" sizes=\"(max-width: 1280px) 100vw, 1280px\" \/><\/p>\n<p>&#8220;Que bonito essa comunidade de Santa Clara de Assis entregue aos franciscanos. Nesta \u00e1rea temos a gra\u00e7a de ter o Mosteiro da Sant\u00edssima Trindade, onde est\u00e3o as Irm\u00e3s Clarissas. Ent\u00e3o, estamos num ambiente bastante franciscano&#8221;, observou o bispo.<\/p>\n<p>&#8220;Vamos agradecer a Deus porque ele providenciou para esta comunidade bons pastores. Uma comunidade de franciscanos e aqui a responsabilidade can\u00f4nica sobre o Frei Pedro para ajudar na caminhada desta comunidade. Que privil\u00e9gio, queridos freis! Est\u00e1 a\u00ed a fam\u00edlia de voc\u00eas. Voc\u00eas s\u00e3o cuidadores desta comunidade em nome do Senhor. Para a salva\u00e7\u00e3o deles e para a salva\u00e7\u00e3o dos senhores, porque na medida do correto exerc\u00edcio do minist\u00e9rio nosso, que somos pastores, \u00e9 que n\u00f3s encontramos a nossa pr\u00f3pria salva\u00e7\u00e3o. Que essa experi\u00eancia com essa comunidade seja uma experi\u00eancia de muita fecundidade, de santidade, para os senhores e para esta comunidade, na fidelidade \u00e0 Palavra, no zelo pelos sacramentos e na comunh\u00e3o eclesial. Que Deus aben\u00e7oe esta Par\u00f3quia!&#8221;, disse, convidando a todos a professar, juntos, a F\u00e9. &#8220;Quando professamos juntos ficamos mais fortes&#8221;, explicou o bispo.<\/p>\n<p>Pe. David Campos Maciel Neto, como Coordenador Diocesano, falou da gratid\u00e3o, em nome de toda a \u00c1rea Pastoral de Colatina. &#8220;Nosso muito obrigado pela presen\u00e7a desta Comunidade religiosa entre n\u00f3s, pelo testemunho de comunh\u00e3o e pela colabora\u00e7\u00e3o que ao longo de anos v\u00eam ofertando \u00e0 nossa Igreja Particular de Colatina. Ent\u00e3o, sejam muito bem-vindos e sintam-se muito acolhidos por nossa \u00c1rea Pastoral. Trago o abra\u00e7o de todos os padres&#8221;, disse Pe. David.<\/p>\n<p><img loading=\"lazy\" class=\"alignnone size-full wp-image-236768\" src=\"https:\/\/franciscanos.org.br\/noticias\/wp-content\/uploads\/2022\/03\/colatina_03.jpg\" alt=\"\" width=\"1280\" height=\"720\" srcset=\"https:\/\/franciscanos.org.br\/noticias\/wp-content\/uploads\/2022\/03\/colatina_03.jpg 1280w, https:\/\/franciscanos.org.br\/noticias\/wp-content\/uploads\/2022\/03\/colatina_03-450x253.jpg 450w, https:\/\/franciscanos.org.br\/noticias\/wp-content\/uploads\/2022\/03\/colatina_03-1024x576.jpg 1024w, https:\/\/franciscanos.org.br\/noticias\/wp-content\/uploads\/2022\/03\/colatina_03-768x432.jpg 768w, https:\/\/franciscanos.org.br\/noticias\/wp-content\/uploads\/2022\/03\/colatina_03-150x84.jpg 150w\" sizes=\"(max-width: 1280px) 100vw, 1280px\" \/><\/p>\n<p>Em seguida foi lida e assinada a Ata da posse do novo p\u00e1roco.<\/p>\n<p>Frei Pedro fez os agradecimentos e disse cantando: &#8220;Estamos chegando&#8221;, numa refer\u00eancia \u00e0 m\u00fasica de Zeca Pagodinho. &#8220;Como franciscanos, nossa miss\u00e3o \u00e9 sermos semeadores da Paz e do Bem. N\u00f3s temos que &#8216;contaminar&#8217; esse solo com a semente da Paz e do Bem, para que a semente da indiferen\u00e7a, da intoler\u00e2ncia, n\u00e3o possa produzir frutos nesta terra. Assim nos pede Francisco, Clara e todos os santos. Podem contar comigo para o que der e vier. Gratid\u00e3o a todos. Que Nossa Senhora da Penha continue aben\u00e7oando toda a Diocese de Colatina&#8221;, concluiu.<\/p>\n<hr \/>\n<p><em>Texto: Reda\u00e7\u00e3o da Sede Provincial e fotos de Cristian Oliveira, do Convento da Penha\u00a0<\/em><\/p>\n","protected":false},"excerpt":{"rendered":"<p>Par\u00f3quia Santa Clara de Assis de Colatina<\/p>\n","protected":false},"author":3,"featured_media":236765,"comment_status":"open","ping_status":"open","sticky":false,"template":"","format":"standard","meta":[],"categories":[1],"tags":[1896],"acf":[],"yoast_head":"<!-- This site is optimized with the Yoast SEO plugin v19.2 - https:\/\/yoast.com\/wordpress\/plugins\/seo\/ -->\n<title>Nossa Senhora da Penha acompanha a nova Fraternidade Franciscana de Colatina - Not\u00edcias - Franciscanos<\/title>\n<meta name=\"robots\" content=\"index, follow, max-snippet:-1, max-image-preview:large, max-video-preview:-1\" \/>\n<link rel=\"canonical\" href=\"https:\/\/franciscanos.org.br\/noticias\/nossa-senhora-da-penha-acompanha-a-nova-fraternidade-franciscana-da-penha.html\" \/>\n<meta property=\"og:locale\" content=\"pt_BR\" \/>\n<meta property=\"og:type\" content=\"article\" \/>\n<meta property=\"og:title\" content=\"Nossa Senhora da Penha acompanha a nova Fraternidade Franciscana de Colatina - Not\u00edcias - Franciscanos\" \/>\n<meta property=\"og:description\" content=\"Par\u00f3quia Santa Clara de Assis de Colatina\" \/>\n<meta property=\"og:url\" content=\"https:\/\/franciscanos.org.br\/noticias\/nossa-senhora-da-penha-acompanha-a-nova-fraternidade-franciscana-da-penha.html\" \/>\n<meta property=\"og:site_name\" content=\"Not\u00edcias - Franciscanos\" \/>\n<meta property=\"article:published_time\" content=\"2022-03-09T13:17:57+00:00\" \/>\n<meta property=\"article:modified_time\" content=\"2022-03-09T17:46:28+00:00\" \/>\n<meta property=\"og:image\" content=\"https:\/\/franciscanos.org.br\/noticias\/wp-content\/uploads\/2022\/03\/colatina_01.jpg\" \/>\n\t<meta property=\"og:image:width\" content=\"1280\" \/>\n\t<meta property=\"og:image:height\" content=\"720\" \/>\n\t<meta property=\"og:image:type\" content=\"image\/jpeg\" \/>\n<meta name=\"author\" content=\"moacir\" \/>\n<meta name=\"twitter:card\" content=\"summary_large_image\" \/>\n<meta name=\"twitter:label1\" content=\"Escrito por\" \/>\n\t<meta name=\"twitter:data1\" content=\"moacir\" \/>\n\t<meta name=\"twitter:label2\" content=\"Est. tempo de leitura\" \/>\n\t<meta name=\"twitter:data2\" content=\"4 minutos\" \/>\n<script type=\"application\/ld+json\" class=\"yoast-schema-graph\">{\"@context\":\"https:\/\/schema.org\",\"@graph\":[{\"@type\":\"WebSite\",\"@id\":\"https:\/\/franciscanos.org.br\/noticias\/#website\",\"url\":\"https:\/\/franciscanos.org.br\/noticias\/\",\"name\":\"Not\u00edcias - Franciscanos\",\"description\":\"Prov\u00edncia Franciscana da Imaculada Concei\u00e7\u00e3o do Brasil - Ordem dos Frades Menores - OFM\",\"potentialAction\":[{\"@type\":\"SearchAction\",\"target\":{\"@type\":\"EntryPoint\",\"urlTemplate\":\"https:\/\/franciscanos.org.br\/noticias\/?s={search_term_string}\"},\"query-input\":\"required name=search_term_string\"}],\"inLanguage\":\"pt-BR\"},{\"@type\":\"ImageObject\",\"inLanguage\":\"pt-BR\",\"@id\":\"https:\/\/franciscanos.org.br\/noticias\/nossa-senhora-da-penha-acompanha-a-nova-fraternidade-franciscana-da-penha.html#primaryimage\",\"url\":\"https:\/\/franciscanos.org.br\/noticias\/wp-content\/uploads\/2022\/03\/colatina_01.jpg\",\"contentUrl\":\"https:\/\/franciscanos.org.br\/noticias\/wp-content\/uploads\/2022\/03\/colatina_01.jpg\",\"width\":1280,\"height\":720},{\"@type\":\"WebPage\",\"@id\":\"https:\/\/franciscanos.org.br\/noticias\/nossa-senhora-da-penha-acompanha-a-nova-fraternidade-franciscana-da-penha.html#webpage\",\"url\":\"https:\/\/franciscanos.org.br\/noticias\/nossa-senhora-da-penha-acompanha-a-nova-fraternidade-franciscana-da-penha.html\",\"name\":\"Nossa Senhora da Penha acompanha a nova Fraternidade Franciscana de Colatina - Not\u00edcias - Franciscanos\",\"isPartOf\":{\"@id\":\"https:\/\/franciscanos.org.br\/noticias\/#website\"},\"primaryImageOfPage\":{\"@id\":\"https:\/\/franciscanos.org.br\/noticias\/nossa-senhora-da-penha-acompanha-a-nova-fraternidade-franciscana-da-penha.html#primaryimage\"},\"datePublished\":\"2022-03-09T13:17:57+00:00\",\"dateModified\":\"2022-03-09T17:46:28+00:00\",\"author\":{\"@id\":\"https:\/\/franciscanos.org.br\/noticias\/#\/schema\/person\/b5c8cba458c330ccff548b056e95a5d4\"},\"breadcrumb\":{\"@id\":\"https:\/\/franciscanos.org.br\/noticias\/nossa-senhora-da-penha-acompanha-a-nova-fraternidade-franciscana-da-penha.html#breadcrumb\"},\"inLanguage\":\"pt-BR\",\"potentialAction\":[{\"@type\":\"ReadAction\",\"target\":[\"https:\/\/franciscanos.org.br\/noticias\/nossa-senhora-da-penha-acompanha-a-nova-fraternidade-franciscana-da-penha.html\"]}]},{\"@type\":\"BreadcrumbList\",\"@id\":\"https:\/\/franciscanos.org.br\/noticias\/nossa-senhora-da-penha-acompanha-a-nova-fraternidade-franciscana-da-penha.html#breadcrumb\",\"itemListElement\":[{\"@type\":\"ListItem\",\"position\":1,\"name\":\"Home\",\"item\":\"https:\/\/franciscanos.org.br\/noticias\"},{\"@type\":\"ListItem\",\"position\":2,\"name\":\"Nossa Senhora da Penha acompanha a nova Fraternidade Franciscana de Colatina\"}]},{\"@type\":\"Person\",\"@id\":\"https:\/\/franciscanos.org.br\/noticias\/#\/schema\/person\/b5c8cba458c330ccff548b056e95a5d4\",\"name\":\"moacir\",\"image\":{\"@type\":\"ImageObject\",\"inLanguage\":\"pt-BR\",\"@id\":\"https:\/\/franciscanos.org.br\/noticias\/#\/schema\/person\/image\/\",\"url\":\"https:\/\/secure.gravatar.com\/avatar\/d08aa2ce4c8dd416d4479aa8536fcf64?s=96&d=mm&r=g\",\"contentUrl\":\"https:\/\/secure.gravatar.com\/avatar\/d08aa2ce4c8dd416d4479aa8536fcf64?s=96&d=mm&r=g\",\"caption\":\"moacir\"},\"url\":\"https:\/\/franciscanos.org.br\/noticias\/author\/moacir\"}]}<\/script>\n<!-- \/ Yoast SEO plugin. -->","yoast_head_json":{"title":"Nossa Senhora da Penha acompanha a nova Fraternidade Franciscana de Colatina - Not\u00edcias - Franciscanos","robots":{"index":"index","follow":"follow","max-snippet":"max-snippet:-1","max-image-preview":"max-image-preview:large","max-video-preview":"max-video-preview:-1"},"canonical":"https:\/\/franciscanos.org.br\/noticias\/nossa-senhora-da-penha-acompanha-a-nova-fraternidade-franciscana-da-penha.html","og_locale":"pt_BR","og_type":"article","og_title":"Nossa Senhora da Penha acompanha a nova Fraternidade Franciscana de Colatina - Not\u00edcias - Franciscanos","og_description":"Par\u00f3quia Santa Clara de Assis de Colatina","og_url":"https:\/\/franciscanos.org.br\/noticias\/nossa-senhora-da-penha-acompanha-a-nova-fraternidade-franciscana-da-penha.html","og_site_name":"Not\u00edcias - Franciscanos","article_published_time":"2022-03-09T13:17:57+00:00","article_modified_time":"2022-03-09T17:46:28+00:00","og_image":[{"width":1280,"height":720,"url":"https:\/\/franciscanos.org.br\/noticias\/wp-content\/uploads\/2022\/03\/colatina_01.jpg","type":"image\/jpeg"}],"author":"moacir","twitter_card":"summary_large_image","twitter_misc":{"Escrito por":"moacir","Est. tempo de leitura":"4 minutos"},"schema":{"@context":"https:\/\/schema.org","@graph":[{"@type":"WebSite","@id":"https:\/\/franciscanos.org.br\/noticias\/#website","url":"https:\/\/franciscanos.org.br\/noticias\/","name":"Not\u00edcias - Franciscanos","description":"Prov\u00edncia Franciscana da Imaculada Concei\u00e7\u00e3o do Brasil - Ordem dos Frades Menores - OFM","potentialAction":[{"@type":"SearchAction","target":{"@type":"EntryPoint","urlTemplate":"https:\/\/franciscanos.org.br\/noticias\/?s={search_term_string}"},"query-input":"required name=search_term_string"}],"inLanguage":"pt-BR"},{"@type":"ImageObject","inLanguage":"pt-BR","@id":"https:\/\/franciscanos.org.br\/noticias\/nossa-senhora-da-penha-acompanha-a-nova-fraternidade-franciscana-da-penha.html#primaryimage","url":"https:\/\/franciscanos.org.br\/noticias\/wp-content\/uploads\/2022\/03\/colatina_01.jpg","contentUrl":"https:\/\/franciscanos.org.br\/noticias\/wp-content\/uploads\/2022\/03\/colatina_01.jpg","width":1280,"height":720},{"@type":"WebPage","@id":"https:\/\/franciscanos.org.br\/noticias\/nossa-senhora-da-penha-acompanha-a-nova-fraternidade-franciscana-da-penha.html#webpage","url":"https:\/\/franciscanos.org.br\/noticias\/nossa-senhora-da-penha-acompanha-a-nova-fraternidade-franciscana-da-penha.html","name":"Nossa Senhora da Penha acompanha a nova Fraternidade Franciscana de Colatina - Not\u00edcias - Franciscanos","isPartOf":{"@id":"https:\/\/franciscanos.org.br\/noticias\/#website"},"primaryImageOfPage":{"@id":"https:\/\/franciscanos.org.br\/noticias\/nossa-senhora-da-penha-acompanha-a-nova-fraternidade-franciscana-da-penha.html#primaryimage"},"datePublished":"2022-03-09T13:17:57+00:00","dateModified":"2022-03-09T17:46:28+00:00","author":{"@id":"https:\/\/franciscanos.org.br\/noticias\/#\/schema\/person\/b5c8cba458c330ccff548b056e95a5d4"},"breadcrumb":{"@id":"https:\/\/franciscanos.org.br\/noticias\/nossa-senhora-da-penha-acompanha-a-nova-fraternidade-franciscana-da-penha.html#breadcrumb"},"inLanguage":"pt-BR","potentialAction":[{"@type":"ReadAction","target":["https:\/\/franciscanos.org.br\/noticias\/nossa-senhora-da-penha-acompanha-a-nova-fraternidade-franciscana-da-penha.html"]}]},{"@type":"BreadcrumbList","@id":"https:\/\/franciscanos.org.br\/noticias\/nossa-senhora-da-penha-acompanha-a-nova-fraternidade-franciscana-da-penha.html#breadcrumb","itemListElement":[{"@type":"ListItem","position":1,"name":"Home","item":"https:\/\/franciscanos.org.br\/noticias"},{"@type":"ListItem","position":2,"name":"Nossa Senhora da Penha acompanha a nova Fraternidade Franciscana de Colatina"}]},{"@type":"Person","@id":"https:\/\/franciscanos.org.br\/noticias\/#\/schema\/person\/b5c8cba458c330ccff548b056e95a5d4","name":"moacir","image":{"@type":"ImageObject","inLanguage":"pt-BR","@id":"https:\/\/franciscanos.org.br\/noticias\/#\/schema\/person\/image\/","url":"https:\/\/secure.gravatar.com\/avatar\/d08aa2ce4c8dd416d4479aa8536fcf64?s=96&d=mm&r=g","contentUrl":"https:\/\/secure.gravatar.com\/avatar\/d08aa2ce4c8dd416d4479aa8536fcf64?s=96&d=mm&r=g","caption":"moacir"},"url":"https:\/\/franciscanos.org.br\/noticias\/author\/moacir"}]}},"_links":{"self":[{"href":"https:\/\/franciscanos.org.br\/noticias\/wp-json\/wp\/v2\/posts\/236764"}],"collection":[{"href":"https:\/\/franciscanos.org.br\/noticias\/wp-json\/wp\/v2\/posts"}],"about":[{"href":"https:\/\/franciscanos.org.br\/noticias\/wp-json\/wp\/v2\/types\/post"}],"author":[{"embeddable":true,"href":"https:\/\/franciscanos.org.br\/noticias\/wp-json\/wp\/v2\/users\/3"}],"replies":[{"embeddable":true,"href":"https:\/\/franciscanos.org.br\/noticias\/wp-json\/wp\/v2\/comments?post=236764"}],"version-history":[{"count":2,"href":"https:\/\/franciscanos.org.br\/noticias\/wp-json\/wp\/v2\/posts\/236764\/revisions"}],"predecessor-version":[{"id":236777,"href":"https:\/\/franciscanos.org.br\/noticias\/wp-json\/wp\/v2\/posts\/236764\/revisions\/236777"}],"wp:featuredmedia":[{"embeddable":true,"href":"https:\/\/franciscanos.org.br\/noticias\/wp-json\/wp\/v2\/media\/236765"}],"wp:attachment":[{"href":"https:\/\/franciscanos.org.br\/noticias\/wp-json\/wp\/v2\/media?parent=236764"}],"wp:term":[{"taxonomy":"category","embeddable":true,"href":"https:\/\/franciscanos.org.br\/noticias\/wp-json\/wp\/v2\/categories?post=236764"},{"taxonomy":"post_tag","embeddable":true,"href":"https:\/\/franciscanos.org.br\/noticias\/wp-json\/wp\/v2\/tags?post=236764"}],"curies":[{"name":"wp","href":"https:\/\/api.w.org\/{rel}","templated":true}]}}