{"id":236748,"date":"2022-03-08T07:14:13","date_gmt":"2022-03-08T10:14:13","guid":{"rendered":"https:\/\/franciscanos.org.br\/noticias\/?p=236748"},"modified":"2022-12-31T12:46:15","modified_gmt":"2022-12-31T15:46:15","slug":"convento-sao-francisco-tem-nova-capela-do-batismo","status":"publish","type":"post","link":"https:\/\/franciscanos.org.br\/noticias\/convento-sao-francisco-tem-nova-capela-do-batismo.html","title":{"rendered":"Convento S\u00e3o Francisco tem nova Capela do Batismo"},"content":{"rendered":"<p><img loading=\"lazy\" class=\"alignnone wp-image-236749 size-full\" src=\"https:\/\/franciscanos.org.br\/noticias\/wp-content\/uploads\/2022\/03\/capela_08.jpg\" alt=\"\" width=\"1440\" height=\"965\" srcset=\"https:\/\/franciscanos.org.br\/noticias\/wp-content\/uploads\/2022\/03\/capela_08.jpg 1440w, https:\/\/franciscanos.org.br\/noticias\/wp-content\/uploads\/2022\/03\/capela_08-450x302.jpg 450w, https:\/\/franciscanos.org.br\/noticias\/wp-content\/uploads\/2022\/03\/capela_08-1024x686.jpg 1024w, https:\/\/franciscanos.org.br\/noticias\/wp-content\/uploads\/2022\/03\/capela_08-768x515.jpg 768w, https:\/\/franciscanos.org.br\/noticias\/wp-content\/uploads\/2022\/03\/capela_08-150x101.jpg 150w\" sizes=\"(max-width: 1440px) 100vw, 1440px\" \/><\/p>\n<p>O Batismo \u00e9 o sacramento pelo qual se inaugura a inicia\u00e7\u00e3o crist\u00e3 da pessoa. Mergulhado no mist\u00e9rio pascal de Cristo, cada um \u00e9 sepultado com ele na morte, a fim de ressurgir para uma vida nova. Assim, a partir do Batismo, cada um \u00e9 chamado a se tornar imagem do Cristo Morto-Ressuscitado.<\/p>\n<p>Dada a import\u00e2ncia dessa celebra\u00e7\u00e3o na vida da pessoa e de toda a Igreja, a Fraternidade do Santu\u00e1rio S\u00e3o Francisco readequou a Capela do terceiro andar do Convento, que por muitos anos foi a capela interna da Fraternidade, para as celebra\u00e7\u00f5es do Batismo. Ali, onde por muitos anos os frades celebravam a Liturgia das Horas, e que recentemente foi designada para os batizados, agora \u00e9 um espa\u00e7o pensado a partir da teologia do Batismo, a fim de que ele n\u00e3o sirva apenas na sua funcionalidade, mas seja um espa\u00e7o que fale e comunique o mist\u00e9rio celebrado.<\/p>\n<p><img loading=\"lazy\" class=\"alignleft wp-image-236750\" src=\"https:\/\/franciscanos.org.br\/noticias\/wp-content\/uploads\/2022\/03\/pia-338x450.jpg\" alt=\"\" width=\"291\" height=\"387\" srcset=\"https:\/\/franciscanos.org.br\/noticias\/wp-content\/uploads\/2022\/03\/pia-338x450.jpg 338w, https:\/\/franciscanos.org.br\/noticias\/wp-content\/uploads\/2022\/03\/pia-150x200.jpg 150w, https:\/\/franciscanos.org.br\/noticias\/wp-content\/uploads\/2022\/03\/pia.jpg 430w\" sizes=\"(max-width: 291px) 100vw, 291px\" \/>O elemento central desse espa\u00e7o \u00e9 a pia batismal. Ela \u00e9 aquela pia que ficava ao lado da igreja do Convento, onde hoje est\u00e1 a imagem do Sagrado Cora\u00e7\u00e3o de Jesus. Feita de pedra, \u00e9 uma clara alus\u00e3o ao sepulcro de Cristo, donde ele saiu vitorioso da morte. A pedra, aparentemente sem vida, acolhe na esperan\u00e7a aquele que foi ressuscitado pelo Pai e que devolveu a vida ao mundo inteiro. Nesse sentido, ao ser batizado e mergulhado no mist\u00e9rio de Jesus Cristo, a pessoa ressurge com ele para uma vida nova, guiada pelo esp\u00edrito do Evangelho.<\/p>\n<p><img loading=\"lazy\" class=\"alignright size-medium wp-image-236751\" src=\"https:\/\/franciscanos.org.br\/noticias\/wp-content\/uploads\/2022\/03\/cirio-338x450.jpg\" alt=\"\" width=\"338\" height=\"450\" srcset=\"https:\/\/franciscanos.org.br\/noticias\/wp-content\/uploads\/2022\/03\/cirio-338x450.jpg 338w, https:\/\/franciscanos.org.br\/noticias\/wp-content\/uploads\/2022\/03\/cirio-150x200.jpg 150w, https:\/\/franciscanos.org.br\/noticias\/wp-content\/uploads\/2022\/03\/cirio.jpg 400w\" sizes=\"(max-width: 338px) 100vw, 338px\" \/> Sinal eloquente do Ressuscitado \u00e9 o C\u00edrio Pascal. Colocado ao lado da pia batismal, a luz de Cristo diz que o sepulcro est\u00e1 vazio e que a morte e a escurid\u00e3o n\u00e3o t\u00eam a \u00faltima palavra, mas que o mist\u00e9rio da Paix\u00e3o, Morte e Ressurrei\u00e7\u00e3o ilumina o mundo inteiro. Assim, ao ser batizada, cada pessoa \u00e9 iluminada por Jesus Cristo e, ao mesmo tempo, \u00e9 chamada a ser luz do mundo, a fim de continuar a sua miss\u00e3o e dissipar as trevas do erro, da injusti\u00e7a e da morte, antecipando, o Reino definitivo do Senhor.<\/p>\n<p><img loading=\"lazy\" class=\"alignleft size-medium wp-image-236752\" src=\"https:\/\/franciscanos.org.br\/noticias\/wp-content\/uploads\/2022\/03\/ilustra-338x450.jpg\" alt=\"\" width=\"338\" height=\"450\" srcset=\"https:\/\/franciscanos.org.br\/noticias\/wp-content\/uploads\/2022\/03\/ilustra-338x450.jpg 338w, https:\/\/franciscanos.org.br\/noticias\/wp-content\/uploads\/2022\/03\/ilustra-150x200.jpg 150w, https:\/\/franciscanos.org.br\/noticias\/wp-content\/uploads\/2022\/03\/ilustra.jpg 523w\" sizes=\"(max-width: 338px) 100vw, 338px\" \/>Na parede central da capela fica o \u00edcone do Batismo do Senhor. O \u00edcone, por sua natureza, n\u00e3o \u00e9 uma reprodu\u00e7\u00e3o art\u00edstica (por isso, n\u00e3o \u00e9 assinado), mas \u00e9 a Palavra de Deus proclamada em imagem. O centro do \u00edcone \u00e9 o Cristo mergulhado no rio Jord\u00e3o, por sobre quem est\u00e1 a m\u00e3o de Jo\u00e3o Batista. Ao iniciar o seu minist\u00e9rio na Galileia, Jesus, sobre quem desce o Esp\u00edrito Santo, \u00e9 apresentado ao mundo como o Filho Amado. A voz do Pai atesta que ele \u00e9 o Messias, em quem todas as pessoas reencontram a dignidade de filhos e filhas de Deus. Embora o batismo no Jord\u00e3o n\u00e3o constitua o mist\u00e9rio central da vida de Jesus, suas m\u00e3os sobre o peito em forma de cruz apontam para o mist\u00e9rio de sua P\u00e1scoa, indicando que o caminho de todos os filhos e filhas de Deus \u00e9 a doa\u00e7\u00e3o da pr\u00f3pria vida, assim como ele o fez. \u00c9 esse rio de vida e amor, que brota da cruz, que traz vida ao mundo, assim como um rio traz vida por onde passa. A oliveira, da qual se extrai o \u00f3leo do Batismo, \u00e0 margem desse rio \u00e9 express\u00e3o da vida nova em Cristo, em quem todos s\u00e3o ungidos como reis, profetas e sacerdotes do Reino, pessoas iluminadas e chamadas a viver na vigil\u00e2ncia (por isso as l\u00e2mpadas acesas), at\u00e9 que Cristo volte e instaure definitivamente o Reino de Deus.<\/p>\n<p><img loading=\"lazy\" class=\"alignright size-full wp-image-236753\" src=\"https:\/\/franciscanos.org.br\/noticias\/wp-content\/uploads\/2022\/03\/oliveira.jpg\" alt=\"\" width=\"209\" height=\"278\" srcset=\"https:\/\/franciscanos.org.br\/noticias\/wp-content\/uploads\/2022\/03\/oliveira.jpg 209w, https:\/\/franciscanos.org.br\/noticias\/wp-content\/uploads\/2022\/03\/oliveira-150x200.jpg 150w\" sizes=\"(max-width: 209px) 100vw, 209px\" \/>Extens\u00e3o da oliveira \u00e9 a caixa onde ficam os vasos com os santos \u00f3leos. Sinal do cumprimento da promessa de Deus ao enviar ao mundo o seu Ungido, Jesus Cristo, o \u00f3leo representa tamb\u00e9m a for\u00e7a do Senhor que penetra no peito e na vida da pessoa, ao mesmo tempo que perfuma a sua cabe\u00e7a, tal como nas un\u00e7\u00f5es reais no Antigo Testamento, de modo que cada batizado \u00e9 chamado a expandir o bom odor de Cristo no mundo e a testemunhar seu Evangelho.<\/p>\n<p><img loading=\"lazy\" class=\"alignleft size-medium wp-image-236754\" src=\"https:\/\/franciscanos.org.br\/noticias\/wp-content\/uploads\/2022\/03\/mae-338x450.jpg\" alt=\"\" width=\"338\" height=\"450\" srcset=\"https:\/\/franciscanos.org.br\/noticias\/wp-content\/uploads\/2022\/03\/mae-338x450.jpg 338w, https:\/\/franciscanos.org.br\/noticias\/wp-content\/uploads\/2022\/03\/mae-150x200.jpg 150w, https:\/\/franciscanos.org.br\/noticias\/wp-content\/uploads\/2022\/03\/mae.jpg 444w\" sizes=\"(max-width: 338px) 100vw, 338px\" \/>\u00a0\u00a0 Entre a pia batismal e o espa\u00e7o da assembleia est\u00e1 o \u00edcone da M\u00e3e de Deus. Trazendo nos bra\u00e7os o Salvador do mundo, o colo da Virgem Maria se converte no trono do Filho de Deus. Assim, como imagem da Igreja, Povo de Deus, a Virgem Maria \u00e9 aquela que suplica aos renascidos na \u00e1gua e no Esp\u00edrito: \u201cFazei tudo o que ele vos disser!\u201d. Modelo de discipulado e Estrela da Evangeliza\u00e7\u00e3o, a M\u00e3e de Deus \u00e9 sinal da Igreja reunida e redimida pelo mist\u00e9rio pascal de Cristo, ensinando os filhos de Deus a levarem Cristo ao mundo atrav\u00e9s da caridade e do amor fraterno. Desse modo, ao apresentar a ela os neobatizados, pede-se \u00e0 M\u00e3e de Deus que eles vivam na fidelidade \u00e0quilo que receberam na fonte batismal.<\/p>\n<p><img loading=\"lazy\" class=\"size-medium wp-image-236755 alignright\" src=\"https:\/\/franciscanos.org.br\/noticias\/wp-content\/uploads\/2022\/03\/francisco-450x338.jpg\" alt=\"\" width=\"450\" height=\"338\" srcset=\"https:\/\/franciscanos.org.br\/noticias\/wp-content\/uploads\/2022\/03\/francisco-450x338.jpg 450w, https:\/\/franciscanos.org.br\/noticias\/wp-content\/uploads\/2022\/03\/francisco-150x113.jpg 150w, https:\/\/franciscanos.org.br\/noticias\/wp-content\/uploads\/2022\/03\/francisco.jpg 498w\" sizes=\"(max-width: 450px) 100vw, 450px\" \/>O Batismo n\u00e3o fecha a pessoa numa sociedade secreta, mas a envia pelo mundo como mission\u00e1ria de Cristo e do Evangelho. Por isso, as imagens de S\u00e3o Francisco e Santa Clara, que sintetizam o modo de viver franciscano,\u00a0 ladeiam a porta da capela, por onde se entra para rezar e celebrar, mas tamb\u00e9m por onde se sai para viver e anunciar a Boa Nova.i<strong><em>\u00a0<\/em><\/strong><\/p>\n<p><strong><em>\u00a0<\/em><\/strong><\/p>\n<p><strong><em>\u201cAqui nasce um povo de nobre estirpe destinado ao C\u00e9u,<\/em><\/strong><\/p>\n<p><strong><em>que o Esp\u00edrito gera nas \u00e1guas fecundas.<\/em><\/strong><\/p>\n<p><strong><em>A M\u00e3e Igreja d\u00e1 \u00e0 luz na \u00e1gua, com um parto virginal,<\/em><\/strong><\/p>\n<p><strong><em>os que concebeu por obra do Esp\u00edrito divino.<\/em><\/strong><\/p>\n<p><strong><em>Esperai o Reino dos c\u00e9us, os renascidos nesta fonte:<\/em><\/strong><\/p>\n<p><strong><em>a vida feliz n\u00e3o acolhe os nascidos uma s\u00f3 vez.<\/em><\/strong><\/p>\n<p><strong><em>Aqui est\u00e1 a fonte da vida, que lava toda a terra,<\/em><\/strong><\/p>\n<p><strong><em>que tem o seu princ\u00edpio nas chagas de Cristo.<\/em><\/strong><\/p>\n<p><strong><em>Submerge-te, pecador, nesta fonte sagrada e purificadora,<\/em><\/strong><\/p>\n<p><strong><em>cujas ondas, a quem recebem envelhecido, devolver\u00e3o renovado.<\/em><\/strong><\/p>\n<p><strong><em>Se quiseres ser inocente, lava-te nestas \u00e1guas,<\/em><\/strong><\/p>\n<p><strong><em>tanto se te oprime o pecado herdado como o pr\u00f3prio.<\/em><\/strong><\/p>\n<p><strong><em>Nada separa os que j\u00e1 renasceram, feitos um<\/em><\/strong><\/p>\n<p><strong><em>por uma s\u00f3 fonte batismal, um s\u00f3 Esp\u00edrito, uma s\u00f3 f\u00e9.<\/em><\/strong><\/p>\n<p><strong><em>A ningu\u00e9m aterrorize o n\u00famero ou a gravidade dos seus pecados:<\/em><\/strong><\/p>\n<p><strong><em>o que nasceu desta \u00e1gua viva ser\u00e1 santo.\u201d<\/em><\/strong><\/p>\n<p><em>\u00a0<\/em><em>(Inscri\u00e7\u00e3o do Batist\u00e9rio Laternanense &#8211; s\u00e9c. V)<\/em><\/p>\n<hr \/>\n<p><em>Frei Alberto Eckel Junior\u00a0<\/em><\/p>\n<p><strong>Santu\u00e1rio S\u00e3o Francisco<\/strong><\/p>\n<p>Largo S\u00e3o Francisco 133 S\u00e3o Paulo-SP<\/p>\n<p>Fone: (11)3291-2400\u00a0\u00a0\u00a0 (11)99546-2500<\/p>\n<p>E-mail: santuariosf@franciscanos.org.br<\/p>\n<p>facebook.com\/santuariosaofranciscosp<\/p>\n<p>@santuariosaofrancisco<\/p>\n<p>youtube.com\/c\/santuariosaofrancisco<\/p>\n","protected":false},"excerpt":{"rendered":"<p>Capela do Batismo<\/p>\n","protected":false},"author":3,"featured_media":236749,"comment_status":"open","ping_status":"open","sticky":false,"template":"","format":"standard","meta":[],"categories":[1],"tags":[312],"acf":[],"yoast_head":"<!-- This site is optimized with the Yoast SEO plugin v19.2 - https:\/\/yoast.com\/wordpress\/plugins\/seo\/ -->\n<title>Convento S\u00e3o Francisco tem nova Capela do Batismo - Not\u00edcias - Franciscanos<\/title>\n<meta name=\"robots\" content=\"index, follow, max-snippet:-1, max-image-preview:large, max-video-preview:-1\" \/>\n<link rel=\"canonical\" href=\"https:\/\/franciscanos.org.br\/noticias\/convento-sao-francisco-tem-nova-capela-do-batismo.html\" \/>\n<meta property=\"og:locale\" content=\"pt_BR\" \/>\n<meta property=\"og:type\" content=\"article\" \/>\n<meta property=\"og:title\" content=\"Convento S\u00e3o Francisco tem nova Capela do Batismo - Not\u00edcias - Franciscanos\" \/>\n<meta property=\"og:description\" content=\"Capela do Batismo\" \/>\n<meta property=\"og:url\" content=\"https:\/\/franciscanos.org.br\/noticias\/convento-sao-francisco-tem-nova-capela-do-batismo.html\" \/>\n<meta property=\"og:site_name\" content=\"Not\u00edcias - Franciscanos\" \/>\n<meta property=\"article:published_time\" content=\"2022-03-08T10:14:13+00:00\" \/>\n<meta property=\"article:modified_time\" content=\"2022-12-31T15:46:15+00:00\" \/>\n<meta property=\"og:image\" content=\"https:\/\/franciscanos.org.br\/noticias\/wp-content\/uploads\/2022\/03\/capela_08.jpg\" \/>\n\t<meta property=\"og:image:width\" content=\"1440\" \/>\n\t<meta property=\"og:image:height\" content=\"965\" \/>\n\t<meta property=\"og:image:type\" content=\"image\/jpeg\" \/>\n<meta name=\"author\" content=\"moacir\" \/>\n<meta name=\"twitter:card\" content=\"summary_large_image\" \/>\n<meta name=\"twitter:label1\" content=\"Escrito por\" \/>\n\t<meta name=\"twitter:data1\" content=\"moacir\" \/>\n\t<meta name=\"twitter:label2\" content=\"Est. tempo de leitura\" \/>\n\t<meta name=\"twitter:data2\" content=\"5 minutos\" \/>\n<script type=\"application\/ld+json\" class=\"yoast-schema-graph\">{\"@context\":\"https:\/\/schema.org\",\"@graph\":[{\"@type\":\"WebSite\",\"@id\":\"https:\/\/franciscanos.org.br\/noticias\/#website\",\"url\":\"https:\/\/franciscanos.org.br\/noticias\/\",\"name\":\"Not\u00edcias - Franciscanos\",\"description\":\"Prov\u00edncia Franciscana da Imaculada Concei\u00e7\u00e3o do Brasil - Ordem dos Frades Menores - OFM\",\"potentialAction\":[{\"@type\":\"SearchAction\",\"target\":{\"@type\":\"EntryPoint\",\"urlTemplate\":\"https:\/\/franciscanos.org.br\/noticias\/?s={search_term_string}\"},\"query-input\":\"required name=search_term_string\"}],\"inLanguage\":\"pt-BR\"},{\"@type\":\"ImageObject\",\"inLanguage\":\"pt-BR\",\"@id\":\"https:\/\/franciscanos.org.br\/noticias\/convento-sao-francisco-tem-nova-capela-do-batismo.html#primaryimage\",\"url\":\"https:\/\/franciscanos.org.br\/noticias\/wp-content\/uploads\/2022\/03\/capela_08.jpg\",\"contentUrl\":\"https:\/\/franciscanos.org.br\/noticias\/wp-content\/uploads\/2022\/03\/capela_08.jpg\",\"width\":1440,\"height\":965},{\"@type\":\"WebPage\",\"@id\":\"https:\/\/franciscanos.org.br\/noticias\/convento-sao-francisco-tem-nova-capela-do-batismo.html#webpage\",\"url\":\"https:\/\/franciscanos.org.br\/noticias\/convento-sao-francisco-tem-nova-capela-do-batismo.html\",\"name\":\"Convento S\u00e3o Francisco tem nova Capela do Batismo - Not\u00edcias - Franciscanos\",\"isPartOf\":{\"@id\":\"https:\/\/franciscanos.org.br\/noticias\/#website\"},\"primaryImageOfPage\":{\"@id\":\"https:\/\/franciscanos.org.br\/noticias\/convento-sao-francisco-tem-nova-capela-do-batismo.html#primaryimage\"},\"datePublished\":\"2022-03-08T10:14:13+00:00\",\"dateModified\":\"2022-12-31T15:46:15+00:00\",\"author\":{\"@id\":\"https:\/\/franciscanos.org.br\/noticias\/#\/schema\/person\/b5c8cba458c330ccff548b056e95a5d4\"},\"breadcrumb\":{\"@id\":\"https:\/\/franciscanos.org.br\/noticias\/convento-sao-francisco-tem-nova-capela-do-batismo.html#breadcrumb\"},\"inLanguage\":\"pt-BR\",\"potentialAction\":[{\"@type\":\"ReadAction\",\"target\":[\"https:\/\/franciscanos.org.br\/noticias\/convento-sao-francisco-tem-nova-capela-do-batismo.html\"]}]},{\"@type\":\"BreadcrumbList\",\"@id\":\"https:\/\/franciscanos.org.br\/noticias\/convento-sao-francisco-tem-nova-capela-do-batismo.html#breadcrumb\",\"itemListElement\":[{\"@type\":\"ListItem\",\"position\":1,\"name\":\"Home\",\"item\":\"https:\/\/franciscanos.org.br\/noticias\"},{\"@type\":\"ListItem\",\"position\":2,\"name\":\"Convento S\u00e3o Francisco tem nova Capela do Batismo\"}]},{\"@type\":\"Person\",\"@id\":\"https:\/\/franciscanos.org.br\/noticias\/#\/schema\/person\/b5c8cba458c330ccff548b056e95a5d4\",\"name\":\"moacir\",\"image\":{\"@type\":\"ImageObject\",\"inLanguage\":\"pt-BR\",\"@id\":\"https:\/\/franciscanos.org.br\/noticias\/#\/schema\/person\/image\/\",\"url\":\"https:\/\/secure.gravatar.com\/avatar\/d08aa2ce4c8dd416d4479aa8536fcf64?s=96&d=mm&r=g\",\"contentUrl\":\"https:\/\/secure.gravatar.com\/avatar\/d08aa2ce4c8dd416d4479aa8536fcf64?s=96&d=mm&r=g\",\"caption\":\"moacir\"},\"url\":\"https:\/\/franciscanos.org.br\/noticias\/author\/moacir\"}]}<\/script>\n<!-- \/ Yoast SEO plugin. -->","yoast_head_json":{"title":"Convento S\u00e3o Francisco tem nova Capela do Batismo - Not\u00edcias - Franciscanos","robots":{"index":"index","follow":"follow","max-snippet":"max-snippet:-1","max-image-preview":"max-image-preview:large","max-video-preview":"max-video-preview:-1"},"canonical":"https:\/\/franciscanos.org.br\/noticias\/convento-sao-francisco-tem-nova-capela-do-batismo.html","og_locale":"pt_BR","og_type":"article","og_title":"Convento S\u00e3o Francisco tem nova Capela do Batismo - Not\u00edcias - Franciscanos","og_description":"Capela do Batismo","og_url":"https:\/\/franciscanos.org.br\/noticias\/convento-sao-francisco-tem-nova-capela-do-batismo.html","og_site_name":"Not\u00edcias - Franciscanos","article_published_time":"2022-03-08T10:14:13+00:00","article_modified_time":"2022-12-31T15:46:15+00:00","og_image":[{"width":1440,"height":965,"url":"https:\/\/franciscanos.org.br\/noticias\/wp-content\/uploads\/2022\/03\/capela_08.jpg","type":"image\/jpeg"}],"author":"moacir","twitter_card":"summary_large_image","twitter_misc":{"Escrito por":"moacir","Est. tempo de leitura":"5 minutos"},"schema":{"@context":"https:\/\/schema.org","@graph":[{"@type":"WebSite","@id":"https:\/\/franciscanos.org.br\/noticias\/#website","url":"https:\/\/franciscanos.org.br\/noticias\/","name":"Not\u00edcias - Franciscanos","description":"Prov\u00edncia Franciscana da Imaculada Concei\u00e7\u00e3o do Brasil - Ordem dos Frades Menores - OFM","potentialAction":[{"@type":"SearchAction","target":{"@type":"EntryPoint","urlTemplate":"https:\/\/franciscanos.org.br\/noticias\/?s={search_term_string}"},"query-input":"required name=search_term_string"}],"inLanguage":"pt-BR"},{"@type":"ImageObject","inLanguage":"pt-BR","@id":"https:\/\/franciscanos.org.br\/noticias\/convento-sao-francisco-tem-nova-capela-do-batismo.html#primaryimage","url":"https:\/\/franciscanos.org.br\/noticias\/wp-content\/uploads\/2022\/03\/capela_08.jpg","contentUrl":"https:\/\/franciscanos.org.br\/noticias\/wp-content\/uploads\/2022\/03\/capela_08.jpg","width":1440,"height":965},{"@type":"WebPage","@id":"https:\/\/franciscanos.org.br\/noticias\/convento-sao-francisco-tem-nova-capela-do-batismo.html#webpage","url":"https:\/\/franciscanos.org.br\/noticias\/convento-sao-francisco-tem-nova-capela-do-batismo.html","name":"Convento S\u00e3o Francisco tem nova Capela do Batismo - Not\u00edcias - Franciscanos","isPartOf":{"@id":"https:\/\/franciscanos.org.br\/noticias\/#website"},"primaryImageOfPage":{"@id":"https:\/\/franciscanos.org.br\/noticias\/convento-sao-francisco-tem-nova-capela-do-batismo.html#primaryimage"},"datePublished":"2022-03-08T10:14:13+00:00","dateModified":"2022-12-31T15:46:15+00:00","author":{"@id":"https:\/\/franciscanos.org.br\/noticias\/#\/schema\/person\/b5c8cba458c330ccff548b056e95a5d4"},"breadcrumb":{"@id":"https:\/\/franciscanos.org.br\/noticias\/convento-sao-francisco-tem-nova-capela-do-batismo.html#breadcrumb"},"inLanguage":"pt-BR","potentialAction":[{"@type":"ReadAction","target":["https:\/\/franciscanos.org.br\/noticias\/convento-sao-francisco-tem-nova-capela-do-batismo.html"]}]},{"@type":"BreadcrumbList","@id":"https:\/\/franciscanos.org.br\/noticias\/convento-sao-francisco-tem-nova-capela-do-batismo.html#breadcrumb","itemListElement":[{"@type":"ListItem","position":1,"name":"Home","item":"https:\/\/franciscanos.org.br\/noticias"},{"@type":"ListItem","position":2,"name":"Convento S\u00e3o Francisco tem nova Capela do Batismo"}]},{"@type":"Person","@id":"https:\/\/franciscanos.org.br\/noticias\/#\/schema\/person\/b5c8cba458c330ccff548b056e95a5d4","name":"moacir","image":{"@type":"ImageObject","inLanguage":"pt-BR","@id":"https:\/\/franciscanos.org.br\/noticias\/#\/schema\/person\/image\/","url":"https:\/\/secure.gravatar.com\/avatar\/d08aa2ce4c8dd416d4479aa8536fcf64?s=96&d=mm&r=g","contentUrl":"https:\/\/secure.gravatar.com\/avatar\/d08aa2ce4c8dd416d4479aa8536fcf64?s=96&d=mm&r=g","caption":"moacir"},"url":"https:\/\/franciscanos.org.br\/noticias\/author\/moacir"}]}},"_links":{"self":[{"href":"https:\/\/franciscanos.org.br\/noticias\/wp-json\/wp\/v2\/posts\/236748"}],"collection":[{"href":"https:\/\/franciscanos.org.br\/noticias\/wp-json\/wp\/v2\/posts"}],"about":[{"href":"https:\/\/franciscanos.org.br\/noticias\/wp-json\/wp\/v2\/types\/post"}],"author":[{"embeddable":true,"href":"https:\/\/franciscanos.org.br\/noticias\/wp-json\/wp\/v2\/users\/3"}],"replies":[{"embeddable":true,"href":"https:\/\/franciscanos.org.br\/noticias\/wp-json\/wp\/v2\/comments?post=236748"}],"version-history":[{"count":1,"href":"https:\/\/franciscanos.org.br\/noticias\/wp-json\/wp\/v2\/posts\/236748\/revisions"}],"predecessor-version":[{"id":236756,"href":"https:\/\/franciscanos.org.br\/noticias\/wp-json\/wp\/v2\/posts\/236748\/revisions\/236756"}],"wp:featuredmedia":[{"embeddable":true,"href":"https:\/\/franciscanos.org.br\/noticias\/wp-json\/wp\/v2\/media\/236749"}],"wp:attachment":[{"href":"https:\/\/franciscanos.org.br\/noticias\/wp-json\/wp\/v2\/media?parent=236748"}],"wp:term":[{"taxonomy":"category","embeddable":true,"href":"https:\/\/franciscanos.org.br\/noticias\/wp-json\/wp\/v2\/categories?post=236748"},{"taxonomy":"post_tag","embeddable":true,"href":"https:\/\/franciscanos.org.br\/noticias\/wp-json\/wp\/v2\/tags?post=236748"}],"curies":[{"name":"wp","href":"https:\/\/api.w.org\/{rel}","templated":true}]}}