{"id":236740,"date":"2022-03-06T05:57:39","date_gmt":"2022-03-06T08:57:39","guid":{"rendered":"https:\/\/franciscanos.org.br\/noticias\/?p=236740"},"modified":"2022-03-16T09:45:33","modified_gmt":"2022-03-16T12:45:33","slug":"nos-nao-aprendemos-ainda-a-escutar-os-nossos-jovens-diz-o-professor-ponchiroli-da-fae","status":"publish","type":"post","link":"https:\/\/franciscanos.org.br\/noticias\/nos-nao-aprendemos-ainda-a-escutar-os-nossos-jovens-diz-o-professor-ponchiroli-da-fae.html","title":{"rendered":"&#8220;N\u00f3s n\u00e3o aprendemos ainda a escutar os nossos jovens&#8221;, diz o professor Ponchiroli da FAE"},"content":{"rendered":"<p><img loading=\"lazy\" class=\"alignnone size-full wp-image-236741\" src=\"https:\/\/franciscanos.org.br\/noticias\/wp-content\/uploads\/2022\/03\/professor_0603.jpg\" alt=\"\" width=\"999\" height=\"599\" srcset=\"https:\/\/franciscanos.org.br\/noticias\/wp-content\/uploads\/2022\/03\/professor_0603.jpg 999w, https:\/\/franciscanos.org.br\/noticias\/wp-content\/uploads\/2022\/03\/professor_0603-450x270.jpg 450w, https:\/\/franciscanos.org.br\/noticias\/wp-content\/uploads\/2022\/03\/professor_0603-768x460.jpg 768w, https:\/\/franciscanos.org.br\/noticias\/wp-content\/uploads\/2022\/03\/professor_0603-150x90.jpg 150w\" sizes=\"(max-width: 999px) 100vw, 999px\" \/><\/p>\n<p>A s\u00e9rie da Campanha da Fraternidade, promovida pela Prov\u00edncia da Imaculada Concei\u00e7\u00e3o, no formato <em>podcast,<\/em> apresenta no terceiro epis\u00f3dio, neste domingo, 6 de mar\u00e7o, o professor de Filosofia da FAE \u2013 Centro Universit\u00e1rio, Osmar Ponchiroli, para falar sobre o tema &#8220;Educar para a Escuta&#8221;. Neste ano, a Campanha aborda o tema \u201cFraternidade e Educa\u00e7\u00e3o\u201d e o lema \u201cFala com sabedoria, ensina com amor\u201d (cf. Pr 31, 26).<\/p>\n<h3><a href=\"https:\/\/open.spotify.com\/episode\/5ZCdkgvJgZUAbdehiV7F1v\">OU\u00c7A A ENTREVISTA<\/a><\/h3>\n<p><iframe loading=\"lazy\" style=\"border-radius: 12px;\" src=\"https:\/\/open.spotify.com\/embed\/episode\/5ZCdkgvJgZUAbdehiV7F1v?utm_source=generator\" width=\"100%\" height=\"232\" frameborder=\"0\" allowfullscreen=\"allowfullscreen\"><\/iframe><br \/>\nSobre o tema deste epis\u00f3dio, o professor lembra que no n\u00ba 26 do texto da CF, est\u00e1 escrito que escutar \u00e9 mais do que ouvir, numa &#8220;provoca\u00e7\u00e3o para todos n\u00f3s&#8221;, principalmente para quem atua na \u00e1rea da educa\u00e7\u00e3o. &#8220;Escutar \u00e9 mais do que ouvir porque o escutar \u00e9 colocado na linha da comunica\u00e7\u00e3o. Tem um fil\u00f3sofo alem\u00e3o, J\u00fcrgen Habermas, que fala da teoria da a\u00e7\u00e3o comunicativa e da import\u00e2ncia do di\u00e1logo intersubjetivo. Sabemos que a subjetividade \u00e9 uma caracter\u00edstica da modernidade, mas levou a um certo individualismo e o escutar que a CF nos apresenta \u00e9 um escutar que est\u00e1 na linha da comunica\u00e7\u00e3o, portanto n\u00e3o se reduz a uma mera informa\u00e7\u00e3o&#8221;, explica o professor.<\/p>\n<p>Segundo Ponchiroli, o grande erro na educa\u00e7\u00e3o est\u00e1 em que se \u00e9 bom para ouvir. &#8220;N\u00f3s n\u00e3o aprendemos ainda a escutar os nossos jovens. Por qu\u00ea? Escutar pressup\u00f5e proximidade. Quando a gente fala de proximidade \u00e9 como a experi\u00eancia que a gente faz na fam\u00edlia. O aspecto relacional torna poss\u00edvel um encontro verdadeiro. E um encontro verdadeiro \u00e9 um encontro de almas. Ent\u00e3o, a escuta permite encontrar o gesto, permite encontrar a palavra oportuna que nos desinstala, fazendo com que a gente n\u00e3o fique somente como espectador da realidade. Ent\u00e3o, o escutar \u00e9 uma condi\u00e7\u00e3o para nossas rela\u00e7\u00f5es, para compreens\u00e3o do que se passa, para o diagn\u00f3stico dos caminhos que devemos tomar&#8221;, acrescentou, elogiando o texto da CF nesse aspecto.<\/p>\n<p>&#8220;Ent\u00e3o, escutar \u00e9 uma condi\u00e7\u00e3o para falar com sabedoria e ensinar com amor.\u00a0 No texto evang\u00e9lico (Lucas 6, 45) tem uma mensagem espetacular: &#8216;A boca fala daquilo que o cora\u00e7\u00e3o est\u00e1 cheio&#8217;. Se \u00e9 para falar no universo da educa\u00e7\u00e3o e em qualquer outra realidade da sociedade, temos que falar com sabedoria. Escutar a realidade que nos fala \u00e9 recuperar a percep\u00e7\u00e3o dos sinais dos tempos. Isso vem do Papa Jo\u00e3o XXIII e recorda o in\u00edcio do Conc\u00edlio Vaticano II. \u00c9 estar atento aos sinais dos tempos. Escutar \u00e9 escutar a realidade. Escutar a realidade significa o esfor\u00e7o de compreender seus gritos, o esfor\u00e7o de compreender seus sil\u00eancios, seus excessos e aus\u00eancias&#8221;, indicou.<\/p>\n<p>Segundo ele, na experi\u00eancia que teve com os jovens, tanto na educa\u00e7\u00e3o formal como n\u00e3o formal, aprendeu que se deve ficar atento para aquilo que o jovem n\u00e3o fala. E ficar atento para aquilo que o jovem n\u00e3o fala \u00e9 a capacidade de escutar.<\/p>\n<p>Ponchiroli tamb\u00e9m falou sobre a defini\u00e7\u00e3o de &#8220;escuta integral&#8221; do texto da CF. Para ele, a escuta na esteira da pedagogia de Jesus \u00e9 algo fundante e n\u00e3o orienta os ouvidos somente para sons que nos interessam. &#8220;No cotidiano da nossa vida n\u00f3s nos acomodamos a ouvir somente coisas que nos agradam.\u00a0 Muita gente rejeita e exclui pessoas que falam coisas que n\u00e3o nos agradam. Estar na esteira da pedagogia de Jesus, podemos dizer que \u00e9 uma escuta integral. Ela se faz com o ouvido e com o cora\u00e7\u00e3o, buscando a inteireza da realidade, com tudo o que essa realidade pode trazer&#8221;, explanou.<\/p>\n<p>Para ele, a partir dessa escuta, que \u00e9 algo extremamente dif\u00edcil na realidade humana, pode-se perceber a vontade de Deus e os caminhos a escolher: &#8220;Eu, quando estava rezando esse texto da CF &#8211; n\u00e3o somente li mas eu rezei -, esse foi um momento muito impactante. Eu comecei a questionar: at\u00e9 que ponto, na esteira da pedagogia de Jesus Cristo, n\u00f3s estamos percebendo qual \u00e9 verdadeiramente a vontade de Deus e quais os caminhos que podemos escolher, tanto na vida pessoal como para a realidade de nossas escolas, universidades e assim por diante?&#8221;, perguntou o professor.<\/p>\n<p>w&#8221;Ent\u00e3o, uma escuta integral se faz exigente quando a f\u00e9 diz que a salva\u00e7\u00e3o, garantida pelo sacrif\u00edcio redentor de Jesus Cristo, \u00e9 uma salva\u00e7\u00e3o integral. Que envolve todas as pessoas e cada pessoa no seu corpo. Isto \u00e9, e todas as suas dimens\u00f5es na concretude hist\u00f3rica. Essa ideia que a CF nos traz da escuta integral \u00e9 algo extremamente vital para a nossa vida. \u00c9 a express\u00e3o de amor de Deus pelo mundo, que n\u00e3o se cansa de anunciar a grandeza e as dimens\u00f5es desse amor que nos salva integralmente. Mas tamb\u00e9m n\u00e3o se cansa de denunciar tudo o que o degrada. Essa capacidade prof\u00e9tica \u00e9 uma exig\u00eancia desse momento hist\u00f3rico que estamos vivendo e algo muito s\u00e1bio que o texto da CF traz \u00e9 a refer\u00eancia \u00e0 Doutrina Social da Igreja, um ponto de refer\u00eancia indispens\u00e1vel para a forma\u00e7\u00e3o crist\u00e3 concreta. \u00c9 muito importante no nosso trabalho a aproxima\u00e7\u00e3o com Doutrina Social da Igreja&#8221;, avaliou o professor.<\/p>\n<p>&#8220;Escutar a realidade \u00e9 uma condi\u00e7\u00e3o para construir e reconstruir o projeto de humanidade a partir dos sinais de Deus na hist\u00f3ria da humanidade. Nunca perder de vista essa perspectiva&#8221;, ensinou.<\/p>\n<p>No dia 9 de mar\u00e7o, no quarto epis\u00f3dio, o Professor da Associa\u00e7\u00e3o de Ensino Senhor Bom Jesus, M\u00e1rio Renato Longen, fala sobre o tema &#8220;Educar para um Projeto de vida&#8221;.<\/p>\n<hr \/>\n<h3><a href=\"https:\/\/franciscanos.org.br\/noticias\/cf-2022-provincia-lanca-serie-de-podcasts-acompanhe.html#gsc.tab=0\">ACOMPANHE A S\u00c9RIE DA CF 2022<\/a><\/h3>\n","protected":false},"excerpt":{"rendered":"<p>S\u00e9rie Especial CF 2022<\/p>\n","protected":false},"author":3,"featured_media":236741,"comment_status":"open","ping_status":"open","sticky":false,"template":"","format":"standard","meta":[],"categories":[1],"tags":[1986],"acf":[],"yoast_head":"<!-- This site is optimized with the Yoast SEO plugin v19.2 - https:\/\/yoast.com\/wordpress\/plugins\/seo\/ -->\n<title>&quot;N\u00f3s n\u00e3o aprendemos ainda a escutar os nossos jovens&quot;, diz o professor Ponchiroli da FAE - Not\u00edcias - Franciscanos<\/title>\n<meta name=\"robots\" content=\"index, follow, max-snippet:-1, max-image-preview:large, max-video-preview:-1\" \/>\n<link rel=\"canonical\" href=\"https:\/\/franciscanos.org.br\/noticias\/nos-nao-aprendemos-ainda-a-escutar-os-nossos-jovens-diz-o-professor-ponchiroli-da-fae.html\" \/>\n<meta property=\"og:locale\" content=\"pt_BR\" \/>\n<meta property=\"og:type\" content=\"article\" \/>\n<meta property=\"og:title\" content=\"&quot;N\u00f3s n\u00e3o aprendemos ainda a escutar os nossos jovens&quot;, diz o professor Ponchiroli da FAE - Not\u00edcias - Franciscanos\" \/>\n<meta property=\"og:description\" content=\"S\u00e9rie Especial CF 2022\" \/>\n<meta property=\"og:url\" content=\"https:\/\/franciscanos.org.br\/noticias\/nos-nao-aprendemos-ainda-a-escutar-os-nossos-jovens-diz-o-professor-ponchiroli-da-fae.html\" \/>\n<meta property=\"og:site_name\" content=\"Not\u00edcias - Franciscanos\" \/>\n<meta property=\"article:published_time\" content=\"2022-03-06T08:57:39+00:00\" \/>\n<meta property=\"article:modified_time\" content=\"2022-03-16T12:45:33+00:00\" \/>\n<meta property=\"og:image\" content=\"https:\/\/franciscanos.org.br\/noticias\/wp-content\/uploads\/2022\/03\/professor_0603.jpg\" \/>\n\t<meta property=\"og:image:width\" content=\"999\" \/>\n\t<meta property=\"og:image:height\" content=\"599\" \/>\n\t<meta property=\"og:image:type\" content=\"image\/jpeg\" \/>\n<meta name=\"author\" content=\"moacir\" \/>\n<meta name=\"twitter:card\" content=\"summary_large_image\" \/>\n<meta name=\"twitter:label1\" content=\"Escrito por\" \/>\n\t<meta name=\"twitter:data1\" content=\"moacir\" \/>\n\t<meta name=\"twitter:label2\" content=\"Est. tempo de leitura\" \/>\n\t<meta name=\"twitter:data2\" content=\"5 minutos\" \/>\n<script type=\"application\/ld+json\" class=\"yoast-schema-graph\">{\"@context\":\"https:\/\/schema.org\",\"@graph\":[{\"@type\":\"WebSite\",\"@id\":\"https:\/\/franciscanos.org.br\/noticias\/#website\",\"url\":\"https:\/\/franciscanos.org.br\/noticias\/\",\"name\":\"Not\u00edcias - Franciscanos\",\"description\":\"Prov\u00edncia Franciscana da Imaculada Concei\u00e7\u00e3o do Brasil - Ordem dos Frades Menores - OFM\",\"potentialAction\":[{\"@type\":\"SearchAction\",\"target\":{\"@type\":\"EntryPoint\",\"urlTemplate\":\"https:\/\/franciscanos.org.br\/noticias\/?s={search_term_string}\"},\"query-input\":\"required name=search_term_string\"}],\"inLanguage\":\"pt-BR\"},{\"@type\":\"ImageObject\",\"inLanguage\":\"pt-BR\",\"@id\":\"https:\/\/franciscanos.org.br\/noticias\/nos-nao-aprendemos-ainda-a-escutar-os-nossos-jovens-diz-o-professor-ponchiroli-da-fae.html#primaryimage\",\"url\":\"https:\/\/franciscanos.org.br\/noticias\/wp-content\/uploads\/2022\/03\/professor_0603.jpg\",\"contentUrl\":\"https:\/\/franciscanos.org.br\/noticias\/wp-content\/uploads\/2022\/03\/professor_0603.jpg\",\"width\":999,\"height\":599},{\"@type\":\"WebPage\",\"@id\":\"https:\/\/franciscanos.org.br\/noticias\/nos-nao-aprendemos-ainda-a-escutar-os-nossos-jovens-diz-o-professor-ponchiroli-da-fae.html#webpage\",\"url\":\"https:\/\/franciscanos.org.br\/noticias\/nos-nao-aprendemos-ainda-a-escutar-os-nossos-jovens-diz-o-professor-ponchiroli-da-fae.html\",\"name\":\"\\\"N\u00f3s n\u00e3o aprendemos ainda a escutar os nossos jovens\\\", diz o professor Ponchiroli da FAE - Not\u00edcias - Franciscanos\",\"isPartOf\":{\"@id\":\"https:\/\/franciscanos.org.br\/noticias\/#website\"},\"primaryImageOfPage\":{\"@id\":\"https:\/\/franciscanos.org.br\/noticias\/nos-nao-aprendemos-ainda-a-escutar-os-nossos-jovens-diz-o-professor-ponchiroli-da-fae.html#primaryimage\"},\"datePublished\":\"2022-03-06T08:57:39+00:00\",\"dateModified\":\"2022-03-16T12:45:33+00:00\",\"author\":{\"@id\":\"https:\/\/franciscanos.org.br\/noticias\/#\/schema\/person\/b5c8cba458c330ccff548b056e95a5d4\"},\"breadcrumb\":{\"@id\":\"https:\/\/franciscanos.org.br\/noticias\/nos-nao-aprendemos-ainda-a-escutar-os-nossos-jovens-diz-o-professor-ponchiroli-da-fae.html#breadcrumb\"},\"inLanguage\":\"pt-BR\",\"potentialAction\":[{\"@type\":\"ReadAction\",\"target\":[\"https:\/\/franciscanos.org.br\/noticias\/nos-nao-aprendemos-ainda-a-escutar-os-nossos-jovens-diz-o-professor-ponchiroli-da-fae.html\"]}]},{\"@type\":\"BreadcrumbList\",\"@id\":\"https:\/\/franciscanos.org.br\/noticias\/nos-nao-aprendemos-ainda-a-escutar-os-nossos-jovens-diz-o-professor-ponchiroli-da-fae.html#breadcrumb\",\"itemListElement\":[{\"@type\":\"ListItem\",\"position\":1,\"name\":\"Home\",\"item\":\"https:\/\/franciscanos.org.br\/noticias\"},{\"@type\":\"ListItem\",\"position\":2,\"name\":\"&#8220;N\u00f3s n\u00e3o aprendemos ainda a escutar os nossos jovens&#8221;, diz o professor Ponchiroli da FAE\"}]},{\"@type\":\"Person\",\"@id\":\"https:\/\/franciscanos.org.br\/noticias\/#\/schema\/person\/b5c8cba458c330ccff548b056e95a5d4\",\"name\":\"moacir\",\"image\":{\"@type\":\"ImageObject\",\"inLanguage\":\"pt-BR\",\"@id\":\"https:\/\/franciscanos.org.br\/noticias\/#\/schema\/person\/image\/\",\"url\":\"https:\/\/secure.gravatar.com\/avatar\/d08aa2ce4c8dd416d4479aa8536fcf64?s=96&d=mm&r=g\",\"contentUrl\":\"https:\/\/secure.gravatar.com\/avatar\/d08aa2ce4c8dd416d4479aa8536fcf64?s=96&d=mm&r=g\",\"caption\":\"moacir\"},\"url\":\"https:\/\/franciscanos.org.br\/noticias\/author\/moacir\"}]}<\/script>\n<!-- \/ Yoast SEO plugin. -->","yoast_head_json":{"title":"\"N\u00f3s n\u00e3o aprendemos ainda a escutar os nossos jovens\", diz o professor Ponchiroli da FAE - Not\u00edcias - Franciscanos","robots":{"index":"index","follow":"follow","max-snippet":"max-snippet:-1","max-image-preview":"max-image-preview:large","max-video-preview":"max-video-preview:-1"},"canonical":"https:\/\/franciscanos.org.br\/noticias\/nos-nao-aprendemos-ainda-a-escutar-os-nossos-jovens-diz-o-professor-ponchiroli-da-fae.html","og_locale":"pt_BR","og_type":"article","og_title":"\"N\u00f3s n\u00e3o aprendemos ainda a escutar os nossos jovens\", diz o professor Ponchiroli da FAE - Not\u00edcias - Franciscanos","og_description":"S\u00e9rie Especial CF 2022","og_url":"https:\/\/franciscanos.org.br\/noticias\/nos-nao-aprendemos-ainda-a-escutar-os-nossos-jovens-diz-o-professor-ponchiroli-da-fae.html","og_site_name":"Not\u00edcias - Franciscanos","article_published_time":"2022-03-06T08:57:39+00:00","article_modified_time":"2022-03-16T12:45:33+00:00","og_image":[{"width":999,"height":599,"url":"https:\/\/franciscanos.org.br\/noticias\/wp-content\/uploads\/2022\/03\/professor_0603.jpg","type":"image\/jpeg"}],"author":"moacir","twitter_card":"summary_large_image","twitter_misc":{"Escrito por":"moacir","Est. tempo de leitura":"5 minutos"},"schema":{"@context":"https:\/\/schema.org","@graph":[{"@type":"WebSite","@id":"https:\/\/franciscanos.org.br\/noticias\/#website","url":"https:\/\/franciscanos.org.br\/noticias\/","name":"Not\u00edcias - Franciscanos","description":"Prov\u00edncia Franciscana da Imaculada Concei\u00e7\u00e3o do Brasil - Ordem dos Frades Menores - OFM","potentialAction":[{"@type":"SearchAction","target":{"@type":"EntryPoint","urlTemplate":"https:\/\/franciscanos.org.br\/noticias\/?s={search_term_string}"},"query-input":"required name=search_term_string"}],"inLanguage":"pt-BR"},{"@type":"ImageObject","inLanguage":"pt-BR","@id":"https:\/\/franciscanos.org.br\/noticias\/nos-nao-aprendemos-ainda-a-escutar-os-nossos-jovens-diz-o-professor-ponchiroli-da-fae.html#primaryimage","url":"https:\/\/franciscanos.org.br\/noticias\/wp-content\/uploads\/2022\/03\/professor_0603.jpg","contentUrl":"https:\/\/franciscanos.org.br\/noticias\/wp-content\/uploads\/2022\/03\/professor_0603.jpg","width":999,"height":599},{"@type":"WebPage","@id":"https:\/\/franciscanos.org.br\/noticias\/nos-nao-aprendemos-ainda-a-escutar-os-nossos-jovens-diz-o-professor-ponchiroli-da-fae.html#webpage","url":"https:\/\/franciscanos.org.br\/noticias\/nos-nao-aprendemos-ainda-a-escutar-os-nossos-jovens-diz-o-professor-ponchiroli-da-fae.html","name":"\"N\u00f3s n\u00e3o aprendemos ainda a escutar os nossos jovens\", diz o professor Ponchiroli da FAE - Not\u00edcias - Franciscanos","isPartOf":{"@id":"https:\/\/franciscanos.org.br\/noticias\/#website"},"primaryImageOfPage":{"@id":"https:\/\/franciscanos.org.br\/noticias\/nos-nao-aprendemos-ainda-a-escutar-os-nossos-jovens-diz-o-professor-ponchiroli-da-fae.html#primaryimage"},"datePublished":"2022-03-06T08:57:39+00:00","dateModified":"2022-03-16T12:45:33+00:00","author":{"@id":"https:\/\/franciscanos.org.br\/noticias\/#\/schema\/person\/b5c8cba458c330ccff548b056e95a5d4"},"breadcrumb":{"@id":"https:\/\/franciscanos.org.br\/noticias\/nos-nao-aprendemos-ainda-a-escutar-os-nossos-jovens-diz-o-professor-ponchiroli-da-fae.html#breadcrumb"},"inLanguage":"pt-BR","potentialAction":[{"@type":"ReadAction","target":["https:\/\/franciscanos.org.br\/noticias\/nos-nao-aprendemos-ainda-a-escutar-os-nossos-jovens-diz-o-professor-ponchiroli-da-fae.html"]}]},{"@type":"BreadcrumbList","@id":"https:\/\/franciscanos.org.br\/noticias\/nos-nao-aprendemos-ainda-a-escutar-os-nossos-jovens-diz-o-professor-ponchiroli-da-fae.html#breadcrumb","itemListElement":[{"@type":"ListItem","position":1,"name":"Home","item":"https:\/\/franciscanos.org.br\/noticias"},{"@type":"ListItem","position":2,"name":"&#8220;N\u00f3s n\u00e3o aprendemos ainda a escutar os nossos jovens&#8221;, diz o professor Ponchiroli da FAE"}]},{"@type":"Person","@id":"https:\/\/franciscanos.org.br\/noticias\/#\/schema\/person\/b5c8cba458c330ccff548b056e95a5d4","name":"moacir","image":{"@type":"ImageObject","inLanguage":"pt-BR","@id":"https:\/\/franciscanos.org.br\/noticias\/#\/schema\/person\/image\/","url":"https:\/\/secure.gravatar.com\/avatar\/d08aa2ce4c8dd416d4479aa8536fcf64?s=96&d=mm&r=g","contentUrl":"https:\/\/secure.gravatar.com\/avatar\/d08aa2ce4c8dd416d4479aa8536fcf64?s=96&d=mm&r=g","caption":"moacir"},"url":"https:\/\/franciscanos.org.br\/noticias\/author\/moacir"}]}},"_links":{"self":[{"href":"https:\/\/franciscanos.org.br\/noticias\/wp-json\/wp\/v2\/posts\/236740"}],"collection":[{"href":"https:\/\/franciscanos.org.br\/noticias\/wp-json\/wp\/v2\/posts"}],"about":[{"href":"https:\/\/franciscanos.org.br\/noticias\/wp-json\/wp\/v2\/types\/post"}],"author":[{"embeddable":true,"href":"https:\/\/franciscanos.org.br\/noticias\/wp-json\/wp\/v2\/users\/3"}],"replies":[{"embeddable":true,"href":"https:\/\/franciscanos.org.br\/noticias\/wp-json\/wp\/v2\/comments?post=236740"}],"version-history":[{"count":3,"href":"https:\/\/franciscanos.org.br\/noticias\/wp-json\/wp\/v2\/posts\/236740\/revisions"}],"predecessor-version":[{"id":236747,"href":"https:\/\/franciscanos.org.br\/noticias\/wp-json\/wp\/v2\/posts\/236740\/revisions\/236747"}],"wp:featuredmedia":[{"embeddable":true,"href":"https:\/\/franciscanos.org.br\/noticias\/wp-json\/wp\/v2\/media\/236741"}],"wp:attachment":[{"href":"https:\/\/franciscanos.org.br\/noticias\/wp-json\/wp\/v2\/media?parent=236740"}],"wp:term":[{"taxonomy":"category","embeddable":true,"href":"https:\/\/franciscanos.org.br\/noticias\/wp-json\/wp\/v2\/categories?post=236740"},{"taxonomy":"post_tag","embeddable":true,"href":"https:\/\/franciscanos.org.br\/noticias\/wp-json\/wp\/v2\/tags?post=236740"}],"curies":[{"name":"wp","href":"https:\/\/api.w.org\/{rel}","templated":true}]}}