{"id":236710,"date":"2022-02-27T05:51:13","date_gmt":"2022-02-27T08:51:13","guid":{"rendered":"https:\/\/franciscanos.org.br\/noticias\/?p=236710"},"modified":"2022-02-27T10:31:11","modified_gmt":"2022-02-27T13:31:11","slug":"serie-cf-2022-educacao-e-ato-de-amor-e-esperanca-no-ser-humano-diz-pe-patricky","status":"publish","type":"post","link":"https:\/\/franciscanos.org.br\/noticias\/serie-cf-2022-educacao-e-ato-de-amor-e-esperanca-no-ser-humano-diz-pe-patricky.html","title":{"rendered":"S\u00e9rie CF 2022: &#8220;Educa\u00e7\u00e3o \u00e9 ato de amor e esperan\u00e7a no ser humano&#8221;, diz Pe. Patricky"},"content":{"rendered":"<div id=\"attachment_236713\" style=\"width: 1101px\" class=\"wp-caption alignnone\"><img aria-describedby=\"caption-attachment-236713\" loading=\"lazy\" class=\"wp-image-236713 size-full\" src=\"https:\/\/franciscanos.org.br\/noticias\/wp-content\/uploads\/2022\/02\/cnbb.jpeg\" alt=\"\" width=\"1091\" height=\"720\" srcset=\"https:\/\/franciscanos.org.br\/noticias\/wp-content\/uploads\/2022\/02\/cnbb.jpeg 1091w, https:\/\/franciscanos.org.br\/noticias\/wp-content\/uploads\/2022\/02\/cnbb-450x297.jpeg 450w, https:\/\/franciscanos.org.br\/noticias\/wp-content\/uploads\/2022\/02\/cnbb-1024x676.jpeg 1024w, https:\/\/franciscanos.org.br\/noticias\/wp-content\/uploads\/2022\/02\/cnbb-768x507.jpeg 768w, https:\/\/franciscanos.org.br\/noticias\/wp-content\/uploads\/2022\/02\/cnbb-150x99.jpeg 150w\" sizes=\"(max-width: 1091px) 100vw, 1091px\" \/><p id=\"caption-attachment-236713\" class=\"wp-caption-text\"><em> \u00a0 \u00a0 \u00a0 \u00a0 \u00a0 \u00a0 Imagem: CNBB<\/em><\/p><\/div>\n<p>A s\u00e9rie da Campanha da Fraternidade, promovida pela Prov\u00edncia da Imaculada Concei\u00e7\u00e3o, no formato <em>podcast<\/em>, tem in\u00edcio neste domingo, 27 de fevereiro, com a entrevista do Coordenador da Campanha da Fraternidade, Padre Patricky Samuel Batista, que faz uma apresenta\u00e7\u00e3o geral do tema, lema, objetivos e metodologia adotados para este ano. Neste ano, a Campanha ter\u00e1 como tema \u201cFraternidade e Educa\u00e7\u00e3o\u201d e como lema \u201cFala com sabedoria, ensina com amor\u201d (cf. Pr 31, 26).<\/p>\n<h3><a href=\"https:\/\/open.spotify.com\/episode\/2mkJPj3zSfzziMoPTkkqd0\">OU\u00c7A A ENTREVISTA<\/a><\/h3>\n<h3><iframe loading=\"lazy\" style=\"border-radius: 12px;\" src=\"https:\/\/open.spotify.com\/embed\/episode\/2mkJPj3zSfzziMoPTkkqd0?utm_source=generator\" width=\"100%\" height=\"232\" frameborder=\"0\" allowfullscreen=\"allowfullscreen\"><\/iframe><\/h3>\n<p>Esta \u00e9 a terceira vez que a CNBB traz o tema da educa\u00e7\u00e3o com enfoque bem espec\u00edfico. &#8220;Em 1982, o lema da Campanha era a &#8216;Verdade vos libertar\u00e1&#8217;, pensando ent\u00e3o a educa\u00e7\u00e3o na promo\u00e7\u00e3o da vida, da dignidade humana, em tantos cen\u00e1rios que nos desafiavam e ainda hoje nos provocam no tempo presente. Depois, em 1998, com o lema &#8216;A servi\u00e7o da vida e da esperan\u00e7a&#8217;, na bel\u00edssima caminhada que fizemos em prepara\u00e7\u00e3o para o Jubileu 2000, era preciso pensar: qual \u00e9 a educa\u00e7\u00e3o que n\u00f3s queremos para o novo mil\u00eanio? Uma educa\u00e7\u00e3o a servi\u00e7o da vida e da esperan\u00e7a&#8221;, recordou o coordenador da CF.<\/p>\n<p>Segundo ele, neste ano, os bispos do Brasil foram precisos em apresentar o tema da campanha, &#8220;Fraternidade e educa\u00e7\u00e3o&#8221;, com enfoque bem especifico. &#8220;\u00c9 preciso pensar a educa\u00e7\u00e3o de forma integral. E pens\u00e1-la de forma integral n\u00e3o significa uma escola em tempo integral. \u00c9 preciso refletir sobre educa\u00e7\u00e3o que \u00e9 muito mais que escolariza\u00e7\u00e3o, transmiss\u00e3o de conhecimento. Educar \u00e9 um ato de amor e esperan\u00e7a no ser humano, e deve atingir todos os \u00e2mbitos da vida da pessoa. Toda essa reflex\u00e3o enriquecida com o Pacto Educativo Global, essa proposta que o Santo Padre nos faz de envolver a todos em vista de uma educa\u00e7\u00e3o melhor. Da\u00ed o grande encontro: pensar a educa\u00e7\u00e3o de forma integral com a educa\u00e7\u00e3o humanista e solid\u00e1ria&#8221;, explicou.<\/p>\n<p>Segundo Pe. Patricky, a grande pergunta da Campanha \u00e9 justamente essa: qual \u00e9 o modelo de educa\u00e7\u00e3o que queremos? Como o modelo da experi\u00eancia crist\u00e3 na educa\u00e7\u00e3o pode iluminar os desafios atuais que foram potencializados pela pandemia da Covi-19?<\/p>\n<p>&#8220;Ent\u00e3o, esse recorte da pandemia \u00e9 muito importante, seja a partir dos impactos que n\u00f3s sentimos, tamb\u00e9m no \u00e2mbito da educa\u00e7\u00e3o, para que n\u00f3s possamos assumi-la como prioridade, mas pensada de forma integral. Por essa raz\u00e3o, o lema \u00e9 muito sugestivo. Uma educa\u00e7\u00e3o que nos ajude a falar com sabedoria, ensinar com amor, servir com alegria, como dizia o Papa Francisco&#8221;, enfatizou.<\/p>\n<p><strong>Promover di\u00e1logos<\/strong><\/p>\n<p>O grande objetivo, segundo o Pe. Patricky,\u00a0 \u00e9 promover di\u00e1logos, rodas de conversa, a partir da realidade educativa do Brasil, \u00e0 luz da f\u00e9 crist\u00e3. \u201cQuais s\u00e3o os princ\u00edpios que v\u00e3o presidir a educa\u00e7\u00e3o no horizonte da f\u00e9 crist\u00e3?&#8221;, questiona o coordenador.<\/p>\n<p>Para promover o di\u00e1logo \u00e9 necess\u00e1rio exercitar a escuta, enfatiza o padre. &#8220;Uma escuta atenta dos professores, da realidade dos pais, da comunidade de f\u00e9 e da sociedade como um todo. Lembrando aquele dito africano, que o Papa Francisco retoma no Pacto Global: &#8216;\u00c9 preciso uma aldeia inteira para educar uma crian\u00e7a&#8217;. E essa aldeia hoje tem v\u00e1rios atores. \u00c9 uma aldeia global&#8221;.<\/p>\n<p><strong>M\u00e9todo Ver, Julgar e Agir<\/strong><\/p>\n<p>Pe. Patricky explicou que o m\u00e9todo &#8220;Ver, Julgar e Agir&#8221; continua na CF, mas nesta o m\u00e9todo \u00e9 apresentado com as pedagogias do Papa Francisco: \u201cEscutar, discernir e agir\u201d. &#8220;Foi uma op\u00e7\u00e3o que a equipe fez com a anu\u00eancia do episcopado&#8221;, disse.<\/p>\n<p>&#8220;Educa\u00e7\u00e3o requer afeto, qualidade da presen\u00e7a, e real compromisso de transforma\u00e7\u00e3o humana, para que cada pessoa possa oferecer o melhor de si, a Deus, ao pr\u00f3ximo e \u00e0 voca\u00e7\u00e3o que Deus lhe confiou&#8221;, ressaltou o coordenador.<\/p>\n<p>No pr\u00f3ximo epis\u00f3dio, no dia 2 de mar\u00e7o, o convidado \u00e9 o te\u00f3logo e professor da PUC-SP, Fernando Altemeyer Jr., para falar sobre o tema &#8220;Jesus: Mestre e Educador&#8221;.<\/p>\n<hr \/>\n<h3><a href=\"https:\/\/franciscanos.org.br\/noticias\/cf-2022-provincia-lanca-serie-de-podcasts-acompanhe.html#gsc.tab=0\">ACOMPANHE A S\u00c9RIE DA CF 2022<\/a><\/h3>\n","protected":false},"excerpt":{"rendered":"<p>Campanha da Fraternidade 2022<\/p>\n","protected":false},"author":3,"featured_media":236713,"comment_status":"open","ping_status":"open","sticky":false,"template":"","format":"standard","meta":[],"categories":[1],"tags":[1986],"acf":[],"yoast_head":"<!-- This site is optimized with the Yoast SEO plugin v19.2 - https:\/\/yoast.com\/wordpress\/plugins\/seo\/ -->\n<title>S\u00e9rie CF 2022: &quot;Educa\u00e7\u00e3o \u00e9 ato de amor e esperan\u00e7a no ser humano&quot;, diz Pe. Patricky - Not\u00edcias - Franciscanos<\/title>\n<meta name=\"robots\" content=\"index, follow, max-snippet:-1, max-image-preview:large, max-video-preview:-1\" \/>\n<link rel=\"canonical\" href=\"https:\/\/franciscanos.org.br\/noticias\/serie-cf-2022-educacao-e-ato-de-amor-e-esperanca-no-ser-humano-diz-pe-patricky.html\" \/>\n<meta property=\"og:locale\" content=\"pt_BR\" \/>\n<meta property=\"og:type\" content=\"article\" \/>\n<meta property=\"og:title\" content=\"S\u00e9rie CF 2022: &quot;Educa\u00e7\u00e3o \u00e9 ato de amor e esperan\u00e7a no ser humano&quot;, diz Pe. Patricky - Not\u00edcias - Franciscanos\" \/>\n<meta property=\"og:description\" content=\"Campanha da Fraternidade 2022\" \/>\n<meta property=\"og:url\" content=\"https:\/\/franciscanos.org.br\/noticias\/serie-cf-2022-educacao-e-ato-de-amor-e-esperanca-no-ser-humano-diz-pe-patricky.html\" \/>\n<meta property=\"og:site_name\" content=\"Not\u00edcias - Franciscanos\" \/>\n<meta property=\"article:published_time\" content=\"2022-02-27T08:51:13+00:00\" \/>\n<meta property=\"article:modified_time\" content=\"2022-02-27T13:31:11+00:00\" \/>\n<meta property=\"og:image\" content=\"https:\/\/franciscanos.org.br\/noticias\/wp-content\/uploads\/2022\/02\/cnbb.jpeg\" \/>\n\t<meta property=\"og:image:width\" content=\"1091\" \/>\n\t<meta property=\"og:image:height\" content=\"720\" \/>\n\t<meta property=\"og:image:type\" content=\"image\/jpeg\" \/>\n<meta name=\"author\" content=\"moacir\" \/>\n<meta name=\"twitter:card\" content=\"summary_large_image\" \/>\n<meta name=\"twitter:label1\" content=\"Escrito por\" \/>\n\t<meta name=\"twitter:data1\" content=\"moacir\" \/>\n\t<meta name=\"twitter:label2\" content=\"Est. tempo de leitura\" \/>\n\t<meta name=\"twitter:data2\" content=\"3 minutos\" \/>\n<script type=\"application\/ld+json\" class=\"yoast-schema-graph\">{\"@context\":\"https:\/\/schema.org\",\"@graph\":[{\"@type\":\"WebSite\",\"@id\":\"https:\/\/franciscanos.org.br\/noticias\/#website\",\"url\":\"https:\/\/franciscanos.org.br\/noticias\/\",\"name\":\"Not\u00edcias - Franciscanos\",\"description\":\"Prov\u00edncia Franciscana da Imaculada Concei\u00e7\u00e3o do Brasil - Ordem dos Frades Menores - OFM\",\"potentialAction\":[{\"@type\":\"SearchAction\",\"target\":{\"@type\":\"EntryPoint\",\"urlTemplate\":\"https:\/\/franciscanos.org.br\/noticias\/?s={search_term_string}\"},\"query-input\":\"required name=search_term_string\"}],\"inLanguage\":\"pt-BR\"},{\"@type\":\"ImageObject\",\"inLanguage\":\"pt-BR\",\"@id\":\"https:\/\/franciscanos.org.br\/noticias\/serie-cf-2022-educacao-e-ato-de-amor-e-esperanca-no-ser-humano-diz-pe-patricky.html#primaryimage\",\"url\":\"https:\/\/franciscanos.org.br\/noticias\/wp-content\/uploads\/2022\/02\/cnbb.jpeg\",\"contentUrl\":\"https:\/\/franciscanos.org.br\/noticias\/wp-content\/uploads\/2022\/02\/cnbb.jpeg\",\"width\":1091,\"height\":720},{\"@type\":\"WebPage\",\"@id\":\"https:\/\/franciscanos.org.br\/noticias\/serie-cf-2022-educacao-e-ato-de-amor-e-esperanca-no-ser-humano-diz-pe-patricky.html#webpage\",\"url\":\"https:\/\/franciscanos.org.br\/noticias\/serie-cf-2022-educacao-e-ato-de-amor-e-esperanca-no-ser-humano-diz-pe-patricky.html\",\"name\":\"S\u00e9rie CF 2022: \\\"Educa\u00e7\u00e3o \u00e9 ato de amor e esperan\u00e7a no ser humano\\\", diz Pe. Patricky - Not\u00edcias - Franciscanos\",\"isPartOf\":{\"@id\":\"https:\/\/franciscanos.org.br\/noticias\/#website\"},\"primaryImageOfPage\":{\"@id\":\"https:\/\/franciscanos.org.br\/noticias\/serie-cf-2022-educacao-e-ato-de-amor-e-esperanca-no-ser-humano-diz-pe-patricky.html#primaryimage\"},\"datePublished\":\"2022-02-27T08:51:13+00:00\",\"dateModified\":\"2022-02-27T13:31:11+00:00\",\"author\":{\"@id\":\"https:\/\/franciscanos.org.br\/noticias\/#\/schema\/person\/b5c8cba458c330ccff548b056e95a5d4\"},\"breadcrumb\":{\"@id\":\"https:\/\/franciscanos.org.br\/noticias\/serie-cf-2022-educacao-e-ato-de-amor-e-esperanca-no-ser-humano-diz-pe-patricky.html#breadcrumb\"},\"inLanguage\":\"pt-BR\",\"potentialAction\":[{\"@type\":\"ReadAction\",\"target\":[\"https:\/\/franciscanos.org.br\/noticias\/serie-cf-2022-educacao-e-ato-de-amor-e-esperanca-no-ser-humano-diz-pe-patricky.html\"]}]},{\"@type\":\"BreadcrumbList\",\"@id\":\"https:\/\/franciscanos.org.br\/noticias\/serie-cf-2022-educacao-e-ato-de-amor-e-esperanca-no-ser-humano-diz-pe-patricky.html#breadcrumb\",\"itemListElement\":[{\"@type\":\"ListItem\",\"position\":1,\"name\":\"Home\",\"item\":\"https:\/\/franciscanos.org.br\/noticias\"},{\"@type\":\"ListItem\",\"position\":2,\"name\":\"S\u00e9rie CF 2022: &#8220;Educa\u00e7\u00e3o \u00e9 ato de amor e esperan\u00e7a no ser humano&#8221;, diz Pe. Patricky\"}]},{\"@type\":\"Person\",\"@id\":\"https:\/\/franciscanos.org.br\/noticias\/#\/schema\/person\/b5c8cba458c330ccff548b056e95a5d4\",\"name\":\"moacir\",\"image\":{\"@type\":\"ImageObject\",\"inLanguage\":\"pt-BR\",\"@id\":\"https:\/\/franciscanos.org.br\/noticias\/#\/schema\/person\/image\/\",\"url\":\"https:\/\/secure.gravatar.com\/avatar\/d08aa2ce4c8dd416d4479aa8536fcf64?s=96&d=mm&r=g\",\"contentUrl\":\"https:\/\/secure.gravatar.com\/avatar\/d08aa2ce4c8dd416d4479aa8536fcf64?s=96&d=mm&r=g\",\"caption\":\"moacir\"},\"url\":\"https:\/\/franciscanos.org.br\/noticias\/author\/moacir\"}]}<\/script>\n<!-- \/ Yoast SEO plugin. -->","yoast_head_json":{"title":"S\u00e9rie CF 2022: \"Educa\u00e7\u00e3o \u00e9 ato de amor e esperan\u00e7a no ser humano\", diz Pe. Patricky - Not\u00edcias - Franciscanos","robots":{"index":"index","follow":"follow","max-snippet":"max-snippet:-1","max-image-preview":"max-image-preview:large","max-video-preview":"max-video-preview:-1"},"canonical":"https:\/\/franciscanos.org.br\/noticias\/serie-cf-2022-educacao-e-ato-de-amor-e-esperanca-no-ser-humano-diz-pe-patricky.html","og_locale":"pt_BR","og_type":"article","og_title":"S\u00e9rie CF 2022: \"Educa\u00e7\u00e3o \u00e9 ato de amor e esperan\u00e7a no ser humano\", diz Pe. Patricky - Not\u00edcias - Franciscanos","og_description":"Campanha da Fraternidade 2022","og_url":"https:\/\/franciscanos.org.br\/noticias\/serie-cf-2022-educacao-e-ato-de-amor-e-esperanca-no-ser-humano-diz-pe-patricky.html","og_site_name":"Not\u00edcias - Franciscanos","article_published_time":"2022-02-27T08:51:13+00:00","article_modified_time":"2022-02-27T13:31:11+00:00","og_image":[{"width":1091,"height":720,"url":"https:\/\/franciscanos.org.br\/noticias\/wp-content\/uploads\/2022\/02\/cnbb.jpeg","type":"image\/jpeg"}],"author":"moacir","twitter_card":"summary_large_image","twitter_misc":{"Escrito por":"moacir","Est. tempo de leitura":"3 minutos"},"schema":{"@context":"https:\/\/schema.org","@graph":[{"@type":"WebSite","@id":"https:\/\/franciscanos.org.br\/noticias\/#website","url":"https:\/\/franciscanos.org.br\/noticias\/","name":"Not\u00edcias - Franciscanos","description":"Prov\u00edncia Franciscana da Imaculada Concei\u00e7\u00e3o do Brasil - Ordem dos Frades Menores - OFM","potentialAction":[{"@type":"SearchAction","target":{"@type":"EntryPoint","urlTemplate":"https:\/\/franciscanos.org.br\/noticias\/?s={search_term_string}"},"query-input":"required name=search_term_string"}],"inLanguage":"pt-BR"},{"@type":"ImageObject","inLanguage":"pt-BR","@id":"https:\/\/franciscanos.org.br\/noticias\/serie-cf-2022-educacao-e-ato-de-amor-e-esperanca-no-ser-humano-diz-pe-patricky.html#primaryimage","url":"https:\/\/franciscanos.org.br\/noticias\/wp-content\/uploads\/2022\/02\/cnbb.jpeg","contentUrl":"https:\/\/franciscanos.org.br\/noticias\/wp-content\/uploads\/2022\/02\/cnbb.jpeg","width":1091,"height":720},{"@type":"WebPage","@id":"https:\/\/franciscanos.org.br\/noticias\/serie-cf-2022-educacao-e-ato-de-amor-e-esperanca-no-ser-humano-diz-pe-patricky.html#webpage","url":"https:\/\/franciscanos.org.br\/noticias\/serie-cf-2022-educacao-e-ato-de-amor-e-esperanca-no-ser-humano-diz-pe-patricky.html","name":"S\u00e9rie CF 2022: \"Educa\u00e7\u00e3o \u00e9 ato de amor e esperan\u00e7a no ser humano\", diz Pe. Patricky - Not\u00edcias - Franciscanos","isPartOf":{"@id":"https:\/\/franciscanos.org.br\/noticias\/#website"},"primaryImageOfPage":{"@id":"https:\/\/franciscanos.org.br\/noticias\/serie-cf-2022-educacao-e-ato-de-amor-e-esperanca-no-ser-humano-diz-pe-patricky.html#primaryimage"},"datePublished":"2022-02-27T08:51:13+00:00","dateModified":"2022-02-27T13:31:11+00:00","author":{"@id":"https:\/\/franciscanos.org.br\/noticias\/#\/schema\/person\/b5c8cba458c330ccff548b056e95a5d4"},"breadcrumb":{"@id":"https:\/\/franciscanos.org.br\/noticias\/serie-cf-2022-educacao-e-ato-de-amor-e-esperanca-no-ser-humano-diz-pe-patricky.html#breadcrumb"},"inLanguage":"pt-BR","potentialAction":[{"@type":"ReadAction","target":["https:\/\/franciscanos.org.br\/noticias\/serie-cf-2022-educacao-e-ato-de-amor-e-esperanca-no-ser-humano-diz-pe-patricky.html"]}]},{"@type":"BreadcrumbList","@id":"https:\/\/franciscanos.org.br\/noticias\/serie-cf-2022-educacao-e-ato-de-amor-e-esperanca-no-ser-humano-diz-pe-patricky.html#breadcrumb","itemListElement":[{"@type":"ListItem","position":1,"name":"Home","item":"https:\/\/franciscanos.org.br\/noticias"},{"@type":"ListItem","position":2,"name":"S\u00e9rie CF 2022: &#8220;Educa\u00e7\u00e3o \u00e9 ato de amor e esperan\u00e7a no ser humano&#8221;, diz Pe. Patricky"}]},{"@type":"Person","@id":"https:\/\/franciscanos.org.br\/noticias\/#\/schema\/person\/b5c8cba458c330ccff548b056e95a5d4","name":"moacir","image":{"@type":"ImageObject","inLanguage":"pt-BR","@id":"https:\/\/franciscanos.org.br\/noticias\/#\/schema\/person\/image\/","url":"https:\/\/secure.gravatar.com\/avatar\/d08aa2ce4c8dd416d4479aa8536fcf64?s=96&d=mm&r=g","contentUrl":"https:\/\/secure.gravatar.com\/avatar\/d08aa2ce4c8dd416d4479aa8536fcf64?s=96&d=mm&r=g","caption":"moacir"},"url":"https:\/\/franciscanos.org.br\/noticias\/author\/moacir"}]}},"_links":{"self":[{"href":"https:\/\/franciscanos.org.br\/noticias\/wp-json\/wp\/v2\/posts\/236710"}],"collection":[{"href":"https:\/\/franciscanos.org.br\/noticias\/wp-json\/wp\/v2\/posts"}],"about":[{"href":"https:\/\/franciscanos.org.br\/noticias\/wp-json\/wp\/v2\/types\/post"}],"author":[{"embeddable":true,"href":"https:\/\/franciscanos.org.br\/noticias\/wp-json\/wp\/v2\/users\/3"}],"replies":[{"embeddable":true,"href":"https:\/\/franciscanos.org.br\/noticias\/wp-json\/wp\/v2\/comments?post=236710"}],"version-history":[{"count":5,"href":"https:\/\/franciscanos.org.br\/noticias\/wp-json\/wp\/v2\/posts\/236710\/revisions"}],"predecessor-version":[{"id":236722,"href":"https:\/\/franciscanos.org.br\/noticias\/wp-json\/wp\/v2\/posts\/236710\/revisions\/236722"}],"wp:featuredmedia":[{"embeddable":true,"href":"https:\/\/franciscanos.org.br\/noticias\/wp-json\/wp\/v2\/media\/236713"}],"wp:attachment":[{"href":"https:\/\/franciscanos.org.br\/noticias\/wp-json\/wp\/v2\/media?parent=236710"}],"wp:term":[{"taxonomy":"category","embeddable":true,"href":"https:\/\/franciscanos.org.br\/noticias\/wp-json\/wp\/v2\/categories?post=236710"},{"taxonomy":"post_tag","embeddable":true,"href":"https:\/\/franciscanos.org.br\/noticias\/wp-json\/wp\/v2\/tags?post=236710"}],"curies":[{"name":"wp","href":"https:\/\/api.w.org\/{rel}","templated":true}]}}