{"id":23671,"date":"2012-09-14T08:47:01","date_gmt":"2012-09-14T11:47:01","guid":{"rendered":"http:\/\/new.franciscanos.org.br\/?p=23671"},"modified":"2019-11-01T11:14:32","modified_gmt":"2019-11-01T14:14:32","slug":"papas-imperadores-e-hereges-na-idade-media-entre-os-lancamentos","status":"publish","type":"post","link":"https:\/\/franciscanos.org.br\/noticias\/papas-imperadores-e-hereges-na-idade-media-entre-os-lancamentos.html","title":{"rendered":"\u201cPapas, Imperadores e Hereges na idade m\u00e9dia&#8221; entre os lan\u00e7amentos"},"content":{"rendered":"<p><img loading=\"lazy\" class=\"alignright size-full wp-image-23996\" title=\"3326_140912\" src=\"http:\/\/franciscanos.org.br\/wp-content\/uploads\/2012\/09\/3326_140912.jpg\" alt=\"\" width=\"400\" height=\"622\" \/>Entre os \u00faltimos lan\u00e7amentos da Editora Vozes, que neste ano completa 111 anos de funda\u00e7\u00e3o e tem sede em Petr\u00f3polis (RJ), est\u00e1 o livro \u201cPapas, Imperadores e Hereges na idade m\u00e9dia\u201d.<\/p>\n<p>A hist\u00f3ria da Igreja e da religiosidade medievais \u00e9 certamente marcada por tens\u00f5es e conflitos diversos, n\u00e3o apenas entre a Igreja e os poderes constitu\u00eddos, como tamb\u00e9m entre a Igreja oficial e as novas formas de religiosidade que come\u00e7am a se afirmar neste per\u00edodo. Este entremeado de rela\u00e7\u00f5es \u00e9 o objeto dos seis ensaios reunidos neste livro. Do surgimento das Heresias e das ordens menores \u00e0s rela\u00e7\u00f5es entre Papado e Imp\u00e9rio, ou \u00e0 constitui\u00e7\u00e3o de um imagin\u00e1rio espec\u00edfico no qual a religi\u00e3o desempenha um papel particularmente importante, o livro Papas, Imperadores e Hereges na Idade M\u00e9dia procura examinar os diversos atores envolvidos nesta complexa hist\u00f3ria que fornece uma das ra\u00edzes das sociedades europ\u00e9ias e americanas do mundo moderno.<\/p>\n<h4>Papas, Imperadores e Hereges na idade m\u00e9dia<\/h4>\n<p><strong>ISBN:<\/strong> 9788532643919<br \/>\n216 p\u00e1ginas<br \/>\n<strong>Pre\u00e7o:<\/strong> R$ 34,00<br \/>\n<strong>Autor:<\/strong> Jos\u00e9 D\u00b4Assun\u00e7\u00e3o Barros<br \/>\n<strong>Peso:<\/strong> 268 gramas<br \/>\n1\u00aa edi\u00e7\u00e3o<br \/>\n<strong>Assunto:<\/strong> Hist\u00f3ria<\/p>\n<h4>Folhinha do Sagrado Cora\u00e7\u00e3o de Jesus 2013 &#8211; Livro de Bolso<\/h4>\n<p><strong>ISBN:<\/strong> 9788532643990<br \/>\n408 p\u00e1ginas<br \/>\n<strong>Pre\u00e7o:<\/strong> R$ 12,80<br \/>\n<strong>Autor:<\/strong> Frei Edrian Josu\u00e9 Pasini (Org)<br \/>\n<strong>Peso:<\/strong> 126 gramas<br \/>\n1\u00aa edi\u00e7\u00e3o<br \/>\n<strong>Assunto:<\/strong> Folhinha do S.C. de Jesus<\/p>\n<p><em>Desde a sua cria\u00e7\u00e3o a Folhinha do Sagrado Cora\u00e7\u00e3o de Jesus faz parte da vida de milhares de fam\u00edlias, presente em suas casas e ambientes de trabalho, lazer e devo\u00e7\u00e3o. Fixada na parede, com sua &#8220;vers\u00e3o bolso&#8221; passa agora a ser port\u00e1til. No formato de livro \u00e9 poss\u00edvel l\u00ea-la em qualquer lugar. \u00c9 a boa informa\u00e7\u00e3o que diariamente acompanha a vida dos leitores, anuncia-lhes a Palavra de Deus, comunica-lhes valores humano-crist\u00e3os e mensagens de \u00e2nimo; e tamb\u00e9m faz desenvolver o senso cr\u00edtico ao apresentar cultura e cidadania.<\/em><\/p>\n<h4>Itiner\u00e1rio da mente para Deus<\/h4>\n<p><strong>ISBN:<\/strong> 9788532643995<br \/>\n104 p\u00e1ginas<br \/>\n<strong>Pre\u00e7o:<\/strong> R$ 22,40<br \/>\n<strong>Autor:<\/strong> S\u00e3o Boaventura<br \/>\n<strong>Peso:<\/strong> 116 gramas<br \/>\n1\u00aa edi\u00e7\u00e3o<br \/>\n<strong>Assunto:<\/strong> Espiritualidade e M\u00edstica<br \/>\n<strong>Cole\u00e7\u00e3o:<\/strong> Cl\u00e1ssicos da espiritualidade (s\u00e9rie)<\/p>\n<p><em>A for\u00e7a atrativa do Itinerarium est\u00e1 na sua capacidade de fundir, em uma s\u00edntese que fascina o leitor, tanto os fundamentos da revela\u00e7\u00e3o do Antigo Testamento (sobretudo do \u00caxodo e do C\u00e2ntico dos C\u00e2nticos) como os do Novo Testamento (com refer\u00eancias diretas a muitos escritos neo-testament\u00e1trios), com as orienta\u00e7\u00f5es de fundo, presentes nas obras de dois mestres da Idade Patr\u00edstica, Agostinho de Hipona e Dion\u00edsio Areopagita, para os quais a Teologia \u00e9 compreendida como escuta e acolhida do Deus.<\/em><\/p>\n<h4>Catequese e F\u00e9 &#8211; Na alegria de crer e comunicar a f\u00e9<\/h4>\n<p><strong>ISBN:<\/strong> 9788532644367<br \/>\n56 p\u00e1ginas<br \/>\n<strong>Pre\u00e7o:<\/strong> R$ 12,00<br \/>\n<strong>Autor:<\/strong> Regina Helena R. Mantovani e Pe. Paulo Cesar Gil<br \/>\n<strong>Peso:<\/strong> 94 gramas<br \/>\n1\u00aa edi\u00e7\u00e3o<br \/>\n<strong>Assunto:<\/strong> Catequese &#8211; Outros livros<\/p>\n<p><em>Este livro oferece reflex\u00f5es sobre a f\u00e9, em quatro cap\u00edtulos, para ajudar e motivar os catequistas e demais agentes evangelizadores a levarem adiante sua voz prof\u00e9tica e sua pr\u00e1tica corajosa frente aos desafios percebidos na caminhada do povo de Deus, mantendo o olhar fixo em Jesus Cristo, autor e &#8220;consumador da f\u00e9 (Hb 12,2) \u00c9 uma obra que possui a inten\u00e7\u00e3o de suscitar nos catequistas a alegria de acolher a mensagem do evangelho, convidando-os a comprometer-se com o an\u00fancio da Boa Nova e colocar-se a servi\u00e7o assumindo a sua miss\u00e3o de educador da f\u00e9 em comunh\u00e3o com a Igreja.<\/em><\/p>\n<h4>Pequenos grupos (Os) &#8211; Participa\u00e7\u00e3o e anima\u00e7\u00e3o<\/h4>\n<p><strong>ISBN:<\/strong>\u00a09788532643711<br \/>\n320 p\u00e1ginas<br \/>\n<strong>Pre\u00e7o:<\/strong>\u00a0R$ 55,00<br \/>\n<strong>Autor:<\/strong>\u00a0Yves St-Arnaud<br \/>\n<strong>Peso:<\/strong>\u00a0430 gramas<br \/>\n1\u00aa edi\u00e7\u00e3o<br \/>\n<strong>Assunto:<\/strong>\u00a0Psicologia<\/p>\n<p><em>Este volume constitui uma refer\u00eancia incontorn\u00e1vel tanto para os estudantes, quanto para os profissionais de diversos horizontes. Esta obra apresenta a teoria do &#8220;grupo em pleno funcionamento&#8221;, um modelo sist\u00eamico simples e acess\u00edvel aos n\u00e3o-especialistas. O conte\u00fado desse livro associa teoria e pr\u00e1tica; ele permite que os profissionais e os futuros profissionais venham a desenvolver suas compet\u00eancias, a consolidar sua aprendizagem e a exercer seu senso cr\u00edtico.<\/em><\/p>\n<h4>Ser e Tempo &#8211; Edi\u00e7\u00e3o Bil\u00edngue<\/h4>\n<p><strong>ISBN:<\/strong> 9788532643407<br \/>\n1200 p\u00e1ginas<br \/>\n<strong>Pre\u00e7o:<\/strong> R$ 160,00<br \/>\n<strong>Autor:<\/strong> Martin Heidegger<br \/>\n<strong>Peso:<\/strong> 1684 gramas<br \/>\n1\u00aa edi\u00e7\u00e3o<br \/>\n<strong>Assunto:<\/strong> Filosofia<br \/>\n<strong>Cole\u00e7\u00e3o:<\/strong> Multilingue de Filosofia<\/p>\n<p><em>Este volume oferece, em edi\u00e7\u00e3o bil\u00edngue (alem\u00e3o-portugu\u00eas), a Primeira Parte incompleta de um tratado concebido para abranger duas grandes partes. Esse texto, denominado Ser e tempo, \u00e9 amplamente considerado a contribui\u00e7\u00e3o maior daquele que muitos t\u00eam como o principal fil\u00f3sofo do s\u00e9culo XX. Fausto Castilho &#8211; que frequentou o curso de Heidegger na Universidade de Friburgo, transformado no livro Que significa &#8220;pensar&#8221;?, e o semin\u00e1rio de Eugen Fink sobre a Monadologia de Leibniz &#8211; \u00e9 o respons\u00e1vel por essa tradu\u00e7\u00e3o que constitui um marco na hist\u00f3ria da recep\u00e7\u00e3o desta obra no Brasil.<\/em><\/p>\n<h4>Jogos matem\u00e1ticos e de racioc\u00ednio l\u00f3gico<\/h4>\n<p><strong>ISBN:<\/strong> 9788532643902<br \/>\n233 p\u00e1ginas<br \/>\n<strong>Pre\u00e7o:<\/strong> R$ 35,00<br \/>\n<strong>Autor:<\/strong> Juan Diego S\u00e1nchez Torres<br \/>\n<strong>Peso:<\/strong> 324 gramas<br \/>\n1\u00aa edi\u00e7\u00e3o<br \/>\n<strong>Assunto:<\/strong> Din\u00e2micas e jogos<\/p>\n<p><em>O objetivo primeiro desta obra, composta por 350 jogos e 104 cita\u00e7\u00f5es matem\u00e1ticas, \u00e9 divertir e entreter, mas n\u00e3o apenas isso. Se voc\u00ea aprecia desafios intelectuais e quer colocar sua intelig\u00eancia \u00e0 prova, com certeza desfrutar\u00e1 de bons momentos com este livro, mas, al\u00e9m disso, melhorar\u00e1 sua forma de raciocinar, de analisar, de classificar, de ordenar, de processar informa\u00e7\u00f5es, de vislumbrar as poss\u00edveis alternativas em determinadas situa\u00e7\u00f5es. Decididamente, estar\u00e1 desenvolvendo seu c\u00e9rebro, aperfei\u00e7oando suas capacidades intelectuais e enriquecendo sua maneira de pensar &#8211; tudo isso enquanto se diverte, aproveita o tempo livre e aprende mais sobre a Matem\u00e1tica.<\/em><\/p>\n","protected":false},"excerpt":{"rendered":"<p>Editora Vozes<\/p>\n","protected":false},"author":1,"featured_media":213317,"comment_status":"closed","ping_status":"open","sticky":false,"template":"","format":"standard","meta":[],"categories":[1],"tags":[238],"acf":[],"yoast_head":"<!-- This site is optimized with the Yoast SEO plugin v19.2 - https:\/\/yoast.com\/wordpress\/plugins\/seo\/ -->\n<title>\u201cPapas, Imperadores e Hereges na idade m\u00e9dia&quot; entre os lan\u00e7amentos - Not\u00edcias - Franciscanos<\/title>\n<meta name=\"robots\" content=\"index, follow, max-snippet:-1, max-image-preview:large, max-video-preview:-1\" \/>\n<link rel=\"canonical\" href=\"https:\/\/franciscanos.org.br\/noticias\/papas-imperadores-e-hereges-na-idade-media-entre-os-lancamentos.html\" \/>\n<meta property=\"og:locale\" content=\"pt_BR\" \/>\n<meta property=\"og:type\" content=\"article\" \/>\n<meta property=\"og:title\" content=\"\u201cPapas, Imperadores e Hereges na idade m\u00e9dia&quot; entre os lan\u00e7amentos - Not\u00edcias - Franciscanos\" \/>\n<meta property=\"og:description\" content=\"Editora Vozes\" \/>\n<meta property=\"og:url\" content=\"https:\/\/franciscanos.org.br\/noticias\/papas-imperadores-e-hereges-na-idade-media-entre-os-lancamentos.html\" \/>\n<meta property=\"og:site_name\" content=\"Not\u00edcias - Franciscanos\" \/>\n<meta property=\"article:published_time\" content=\"2012-09-14T11:47:01+00:00\" \/>\n<meta property=\"article:modified_time\" content=\"2019-11-01T14:14:32+00:00\" \/>\n<meta property=\"og:image\" content=\"https:\/\/franciscanos.org.br\/noticias\/wp-content\/uploads\/2012\/09\/3326_140912.jpg\" \/>\n\t<meta property=\"og:image:width\" content=\"273\" \/>\n\t<meta property=\"og:image:height\" content=\"182\" \/>\n\t<meta property=\"og:image:type\" content=\"image\/jpeg\" \/>\n<meta name=\"author\" content=\"admin\" \/>\n<meta name=\"twitter:card\" content=\"summary_large_image\" \/>\n<meta name=\"twitter:label1\" content=\"Escrito por\" \/>\n\t<meta name=\"twitter:data1\" content=\"admin\" \/>\n\t<meta name=\"twitter:label2\" content=\"Est. tempo de leitura\" \/>\n\t<meta name=\"twitter:data2\" content=\"5 minutos\" \/>\n<script type=\"application\/ld+json\" class=\"yoast-schema-graph\">{\"@context\":\"https:\/\/schema.org\",\"@graph\":[{\"@type\":\"WebSite\",\"@id\":\"https:\/\/franciscanos.org.br\/noticias\/#website\",\"url\":\"https:\/\/franciscanos.org.br\/noticias\/\",\"name\":\"Not\u00edcias - Franciscanos\",\"description\":\"Prov\u00edncia Franciscana da Imaculada Concei\u00e7\u00e3o do Brasil - Ordem dos Frades Menores - OFM\",\"potentialAction\":[{\"@type\":\"SearchAction\",\"target\":{\"@type\":\"EntryPoint\",\"urlTemplate\":\"https:\/\/franciscanos.org.br\/noticias\/?s={search_term_string}\"},\"query-input\":\"required name=search_term_string\"}],\"inLanguage\":\"pt-BR\"},{\"@type\":\"ImageObject\",\"inLanguage\":\"pt-BR\",\"@id\":\"https:\/\/franciscanos.org.br\/noticias\/papas-imperadores-e-hereges-na-idade-media-entre-os-lancamentos.html#primaryimage\",\"url\":\"https:\/\/franciscanos.org.br\/noticias\/wp-content\/uploads\/2012\/09\/3326_140912.jpg\",\"contentUrl\":\"https:\/\/franciscanos.org.br\/noticias\/wp-content\/uploads\/2012\/09\/3326_140912.jpg\",\"width\":273,\"height\":182},{\"@type\":\"WebPage\",\"@id\":\"https:\/\/franciscanos.org.br\/noticias\/papas-imperadores-e-hereges-na-idade-media-entre-os-lancamentos.html#webpage\",\"url\":\"https:\/\/franciscanos.org.br\/noticias\/papas-imperadores-e-hereges-na-idade-media-entre-os-lancamentos.html\",\"name\":\"\u201cPapas, Imperadores e Hereges na idade m\u00e9dia\\\" entre os lan\u00e7amentos - Not\u00edcias - Franciscanos\",\"isPartOf\":{\"@id\":\"https:\/\/franciscanos.org.br\/noticias\/#website\"},\"primaryImageOfPage\":{\"@id\":\"https:\/\/franciscanos.org.br\/noticias\/papas-imperadores-e-hereges-na-idade-media-entre-os-lancamentos.html#primaryimage\"},\"datePublished\":\"2012-09-14T11:47:01+00:00\",\"dateModified\":\"2019-11-01T14:14:32+00:00\",\"author\":{\"@id\":\"https:\/\/franciscanos.org.br\/noticias\/#\/schema\/person\/b38fbf43118f02820bd932f2e4b14ad3\"},\"breadcrumb\":{\"@id\":\"https:\/\/franciscanos.org.br\/noticias\/papas-imperadores-e-hereges-na-idade-media-entre-os-lancamentos.html#breadcrumb\"},\"inLanguage\":\"pt-BR\",\"potentialAction\":[{\"@type\":\"ReadAction\",\"target\":[\"https:\/\/franciscanos.org.br\/noticias\/papas-imperadores-e-hereges-na-idade-media-entre-os-lancamentos.html\"]}]},{\"@type\":\"BreadcrumbList\",\"@id\":\"https:\/\/franciscanos.org.br\/noticias\/papas-imperadores-e-hereges-na-idade-media-entre-os-lancamentos.html#breadcrumb\",\"itemListElement\":[{\"@type\":\"ListItem\",\"position\":1,\"name\":\"Home\",\"item\":\"https:\/\/franciscanos.org.br\/noticias\"},{\"@type\":\"ListItem\",\"position\":2,\"name\":\"\u201cPapas, Imperadores e Hereges na idade m\u00e9dia&#8221; entre os lan\u00e7amentos\"}]},{\"@type\":\"Person\",\"@id\":\"https:\/\/franciscanos.org.br\/noticias\/#\/schema\/person\/b38fbf43118f02820bd932f2e4b14ad3\",\"name\":\"admin\",\"image\":{\"@type\":\"ImageObject\",\"inLanguage\":\"pt-BR\",\"@id\":\"https:\/\/franciscanos.org.br\/noticias\/#\/schema\/person\/image\/\",\"url\":\"https:\/\/secure.gravatar.com\/avatar\/e8495742d34d0ba6448ea1c628263b3e?s=96&d=mm&r=g\",\"contentUrl\":\"https:\/\/secure.gravatar.com\/avatar\/e8495742d34d0ba6448ea1c628263b3e?s=96&d=mm&r=g\",\"caption\":\"admin\"},\"url\":\"https:\/\/franciscanos.org.br\/noticias\/author\/admin\"}]}<\/script>\n<!-- \/ Yoast SEO plugin. -->","yoast_head_json":{"title":"\u201cPapas, Imperadores e Hereges na idade m\u00e9dia\" entre os lan\u00e7amentos - Not\u00edcias - Franciscanos","robots":{"index":"index","follow":"follow","max-snippet":"max-snippet:-1","max-image-preview":"max-image-preview:large","max-video-preview":"max-video-preview:-1"},"canonical":"https:\/\/franciscanos.org.br\/noticias\/papas-imperadores-e-hereges-na-idade-media-entre-os-lancamentos.html","og_locale":"pt_BR","og_type":"article","og_title":"\u201cPapas, Imperadores e Hereges na idade m\u00e9dia\" entre os lan\u00e7amentos - Not\u00edcias - Franciscanos","og_description":"Editora Vozes","og_url":"https:\/\/franciscanos.org.br\/noticias\/papas-imperadores-e-hereges-na-idade-media-entre-os-lancamentos.html","og_site_name":"Not\u00edcias - Franciscanos","article_published_time":"2012-09-14T11:47:01+00:00","article_modified_time":"2019-11-01T14:14:32+00:00","og_image":[{"width":273,"height":182,"url":"https:\/\/franciscanos.org.br\/noticias\/wp-content\/uploads\/2012\/09\/3326_140912.jpg","type":"image\/jpeg"}],"author":"admin","twitter_card":"summary_large_image","twitter_misc":{"Escrito por":"admin","Est. tempo de leitura":"5 minutos"},"schema":{"@context":"https:\/\/schema.org","@graph":[{"@type":"WebSite","@id":"https:\/\/franciscanos.org.br\/noticias\/#website","url":"https:\/\/franciscanos.org.br\/noticias\/","name":"Not\u00edcias - Franciscanos","description":"Prov\u00edncia Franciscana da Imaculada Concei\u00e7\u00e3o do Brasil - Ordem dos Frades Menores - OFM","potentialAction":[{"@type":"SearchAction","target":{"@type":"EntryPoint","urlTemplate":"https:\/\/franciscanos.org.br\/noticias\/?s={search_term_string}"},"query-input":"required name=search_term_string"}],"inLanguage":"pt-BR"},{"@type":"ImageObject","inLanguage":"pt-BR","@id":"https:\/\/franciscanos.org.br\/noticias\/papas-imperadores-e-hereges-na-idade-media-entre-os-lancamentos.html#primaryimage","url":"https:\/\/franciscanos.org.br\/noticias\/wp-content\/uploads\/2012\/09\/3326_140912.jpg","contentUrl":"https:\/\/franciscanos.org.br\/noticias\/wp-content\/uploads\/2012\/09\/3326_140912.jpg","width":273,"height":182},{"@type":"WebPage","@id":"https:\/\/franciscanos.org.br\/noticias\/papas-imperadores-e-hereges-na-idade-media-entre-os-lancamentos.html#webpage","url":"https:\/\/franciscanos.org.br\/noticias\/papas-imperadores-e-hereges-na-idade-media-entre-os-lancamentos.html","name":"\u201cPapas, Imperadores e Hereges na idade m\u00e9dia\" entre os lan\u00e7amentos - Not\u00edcias - Franciscanos","isPartOf":{"@id":"https:\/\/franciscanos.org.br\/noticias\/#website"},"primaryImageOfPage":{"@id":"https:\/\/franciscanos.org.br\/noticias\/papas-imperadores-e-hereges-na-idade-media-entre-os-lancamentos.html#primaryimage"},"datePublished":"2012-09-14T11:47:01+00:00","dateModified":"2019-11-01T14:14:32+00:00","author":{"@id":"https:\/\/franciscanos.org.br\/noticias\/#\/schema\/person\/b38fbf43118f02820bd932f2e4b14ad3"},"breadcrumb":{"@id":"https:\/\/franciscanos.org.br\/noticias\/papas-imperadores-e-hereges-na-idade-media-entre-os-lancamentos.html#breadcrumb"},"inLanguage":"pt-BR","potentialAction":[{"@type":"ReadAction","target":["https:\/\/franciscanos.org.br\/noticias\/papas-imperadores-e-hereges-na-idade-media-entre-os-lancamentos.html"]}]},{"@type":"BreadcrumbList","@id":"https:\/\/franciscanos.org.br\/noticias\/papas-imperadores-e-hereges-na-idade-media-entre-os-lancamentos.html#breadcrumb","itemListElement":[{"@type":"ListItem","position":1,"name":"Home","item":"https:\/\/franciscanos.org.br\/noticias"},{"@type":"ListItem","position":2,"name":"\u201cPapas, Imperadores e Hereges na idade m\u00e9dia&#8221; entre os lan\u00e7amentos"}]},{"@type":"Person","@id":"https:\/\/franciscanos.org.br\/noticias\/#\/schema\/person\/b38fbf43118f02820bd932f2e4b14ad3","name":"admin","image":{"@type":"ImageObject","inLanguage":"pt-BR","@id":"https:\/\/franciscanos.org.br\/noticias\/#\/schema\/person\/image\/","url":"https:\/\/secure.gravatar.com\/avatar\/e8495742d34d0ba6448ea1c628263b3e?s=96&d=mm&r=g","contentUrl":"https:\/\/secure.gravatar.com\/avatar\/e8495742d34d0ba6448ea1c628263b3e?s=96&d=mm&r=g","caption":"admin"},"url":"https:\/\/franciscanos.org.br\/noticias\/author\/admin"}]}},"_links":{"self":[{"href":"https:\/\/franciscanos.org.br\/noticias\/wp-json\/wp\/v2\/posts\/23671"}],"collection":[{"href":"https:\/\/franciscanos.org.br\/noticias\/wp-json\/wp\/v2\/posts"}],"about":[{"href":"https:\/\/franciscanos.org.br\/noticias\/wp-json\/wp\/v2\/types\/post"}],"author":[{"embeddable":true,"href":"https:\/\/franciscanos.org.br\/noticias\/wp-json\/wp\/v2\/users\/1"}],"replies":[{"embeddable":true,"href":"https:\/\/franciscanos.org.br\/noticias\/wp-json\/wp\/v2\/comments?post=23671"}],"version-history":[{"count":0,"href":"https:\/\/franciscanos.org.br\/noticias\/wp-json\/wp\/v2\/posts\/23671\/revisions"}],"wp:featuredmedia":[{"embeddable":true,"href":"https:\/\/franciscanos.org.br\/noticias\/wp-json\/wp\/v2\/media\/213317"}],"wp:attachment":[{"href":"https:\/\/franciscanos.org.br\/noticias\/wp-json\/wp\/v2\/media?parent=23671"}],"wp:term":[{"taxonomy":"category","embeddable":true,"href":"https:\/\/franciscanos.org.br\/noticias\/wp-json\/wp\/v2\/categories?post=23671"},{"taxonomy":"post_tag","embeddable":true,"href":"https:\/\/franciscanos.org.br\/noticias\/wp-json\/wp\/v2\/tags?post=23671"}],"curies":[{"name":"wp","href":"https:\/\/api.w.org\/{rel}","templated":true}]}}