{"id":236681,"date":"2022-02-23T17:00:35","date_gmt":"2022-02-23T20:00:35","guid":{"rendered":"https:\/\/franciscanos.org.br\/noticias\/?p=236681"},"modified":"2022-02-23T17:00:35","modified_gmt":"2022-02-23T20:00:35","slug":"usf-oferta-1-200-bolsas-de-estudo-para-o-prouni","status":"publish","type":"post","link":"https:\/\/franciscanos.org.br\/noticias\/usf-oferta-1-200-bolsas-de-estudo-para-o-prouni.html","title":{"rendered":"USF oferta 1.200 bolsas de estudo para o Prouni"},"content":{"rendered":"<p style=\"font-weight: 400;\"><img loading=\"lazy\" class=\"alignnone size-full wp-image-236682\" src=\"https:\/\/franciscanos.org.br\/noticias\/wp-content\/uploads\/2022\/02\/usf_23.jpg\" alt=\"\" width=\"1280\" height=\"720\" srcset=\"https:\/\/franciscanos.org.br\/noticias\/wp-content\/uploads\/2022\/02\/usf_23.jpg 1280w, https:\/\/franciscanos.org.br\/noticias\/wp-content\/uploads\/2022\/02\/usf_23-450x253.jpg 450w, https:\/\/franciscanos.org.br\/noticias\/wp-content\/uploads\/2022\/02\/usf_23-1024x576.jpg 1024w, https:\/\/franciscanos.org.br\/noticias\/wp-content\/uploads\/2022\/02\/usf_23-768x432.jpg 768w, https:\/\/franciscanos.org.br\/noticias\/wp-content\/uploads\/2022\/02\/usf_23-150x84.jpg 150w\" sizes=\"(max-width: 1280px) 100vw, 1280px\" \/><\/p>\n<p style=\"font-weight: 400;\">A Universidade S\u00e3o Francisco (USF) est\u00e1 com inscri\u00e7\u00f5es abertas para bolsas de estudo de 50% e 100% do Prouni. S\u00e3o 1.200 vagas entre 40 diferentes cursos de gradua\u00e7\u00e3o, presenciais e a dist\u00e2ncia. Confira os cursos oferecidos pela USF no site\u00a0<a href=\"http:\/\/usf.edu.br\/prouni\" data-saferedirecturl=\"https:\/\/www.google.com\/url?q=http:\/\/usf.edu.br\/prouni&amp;source=gmail&amp;ust=1645730645394000&amp;usg=AOvVaw3jZ3FVUrjR6gVLZ_5qqLum\">usf.edu.br\/prouni<\/a><\/p>\n<p style=\"font-weight: 400;\">As inscri\u00e7\u00f5es\u00a0<strong>v\u00e3o at\u00e9 o dia 25 de fevereiro<\/strong>. O candidato deve efetuar a inscri\u00e7\u00e3o no Prouni em\u00a0<a href=\"http:\/\/siteprouni.mec.gov.br\/\" data-saferedirecturl=\"https:\/\/www.google.com\/url?q=http:\/\/siteprouni.mec.gov.br\/&amp;source=gmail&amp;ust=1645730645394000&amp;usg=AOvVaw3hQ8vKSjGyqRsgJRsm5LDv\">siteprouni.mec.gov.br<\/a>, escolhendo at\u00e9 duas op\u00e7\u00f5es de curso, nas respectivas institui\u00e7\u00f5es de interesse.<\/p>\n<p style=\"font-weight: 400;\">Neste ano, podem se inscrever no programa os candidatos que realizaram alguma das duas \u00faltimas edi\u00e7\u00f5es do Enem (2020 ou 2021).<\/p>\n<p style=\"font-weight: 400;\"><strong>Crit\u00e9rios de sele\u00e7\u00e3o<\/strong><\/p>\n<ul>\n<li style=\"font-weight: 400;\">N\u00e3o ter diploma de curso superior;<\/li>\n<li style=\"font-weight: 400;\">Participar do \u00faltimo ENEM, com pontua\u00e7\u00e3o m\u00ednima estabelecida pelo MEC de 450 pontos e n\u00e3o zerar na reda\u00e7\u00e3o;<\/li>\n<li style=\"font-weight: 400;\">Ter estudado o ensino m\u00e9dio em escola p\u00fablica ou em particular com bolsa integral;<\/li>\n<li style=\"font-weight: 400;\">Para obter bolsa integral: ter renda familiar de at\u00e9 um sal\u00e1rio m\u00ednimo e meio;<\/li>\n<li style=\"font-weight: 400;\">Para obter bolsa parcial: ter renda familiar de at\u00e9 tr\u00eas sal\u00e1rios m\u00ednimos.<\/li>\n<\/ul>\n<p style=\"font-weight: 400;\"><strong>Como funciona?<\/strong><\/p>\n<p style=\"font-weight: 400;\">Em geral, s\u00e3o realizadas duas chamadas consecutivas, cada uma com um prazo espec\u00edfico, para que os estudantes pr\u00e9-selecionados entrem em contato com as institui\u00e7\u00f5es e efetivem suas matr\u00edculas, apresentando toda a documenta\u00e7\u00e3o necess\u00e1ria. Ao final das duas chamadas, as bolsas ainda n\u00e3o ocupadas ser\u00e3o disponibilizadas aos estudantes que manifestarem interesse na Lista de Espera do Prouni. Para participar da Lista de Espera, o candidato dever\u00e1 manifestar seu interesse por meio da p\u00e1gina do Prouni na internet, em per\u00edodo especifico determinados em calend\u00e1rio do Prouni.<\/p>\n<p style=\"font-weight: 400;\"><strong>Calend\u00e1rio Prouni<\/strong><\/p>\n<ul>\n<li style=\"font-weight: 400;\">Inscri\u00e7\u00f5es:\u00a0<strong>22 a 25 de fevereiro de 2022<\/strong>.<\/li>\n<li style=\"font-weight: 400;\">Resultado da 1\u00b0 chamada: 2 de mar\u00e7o de 2022.<\/li>\n<li style=\"font-weight: 400;\">Comprova\u00e7\u00e3o das informa\u00e7\u00f5es: 3 a 14 de mar\u00e7o de 2022.<\/li>\n<li style=\"font-weight: 400;\">Resultado da 2\u00b0 chamada: 21 de mar\u00e7o de 2022.<\/li>\n<li style=\"font-weight: 400;\">Comprova\u00e7\u00e3o das informa\u00e7\u00f5es da 2\u00b0 chamada: 21 a 29 de mar\u00e7o de 2022.<\/li>\n<li style=\"font-weight: 400;\">Inscri\u00e7\u00e3o na lista de espera: 4 a 5 de abril de 2022.<\/li>\n<\/ul>\n<p style=\"font-weight: 400;\">Confira todas as informa\u00e7\u00f5es e tutorial com o passo a passo do processo seletivo do Prouni pelo site da USF em site\u00a0<a href=\"http:\/\/usf.edu.br\/prouni\" data-saferedirecturl=\"https:\/\/www.google.com\/url?q=http:\/\/usf.edu.br\/prouni&amp;source=gmail&amp;ust=1645730645394000&amp;usg=AOvVaw3jZ3FVUrjR6gVLZ_5qqLum\">usf.edu.br\/prouni<\/a><\/p>\n","protected":false},"excerpt":{"rendered":"<p>Universidade S\u00e3o Francisco<\/p>\n","protected":false},"author":3,"featured_media":236682,"comment_status":"open","ping_status":"open","sticky":false,"template":"","format":"standard","meta":[],"categories":[1],"tags":[354],"acf":[],"yoast_head":"<!-- This site is optimized with the Yoast SEO plugin v19.2 - https:\/\/yoast.com\/wordpress\/plugins\/seo\/ -->\n<title>USF oferta 1.200 bolsas de estudo para o Prouni - Not\u00edcias - Franciscanos<\/title>\n<meta name=\"robots\" content=\"index, follow, max-snippet:-1, max-image-preview:large, max-video-preview:-1\" \/>\n<link rel=\"canonical\" href=\"https:\/\/franciscanos.org.br\/noticias\/usf-oferta-1-200-bolsas-de-estudo-para-o-prouni.html\" \/>\n<meta property=\"og:locale\" content=\"pt_BR\" \/>\n<meta property=\"og:type\" content=\"article\" \/>\n<meta property=\"og:title\" content=\"USF oferta 1.200 bolsas de estudo para o Prouni - Not\u00edcias - Franciscanos\" \/>\n<meta property=\"og:description\" content=\"Universidade S\u00e3o Francisco\" \/>\n<meta property=\"og:url\" content=\"https:\/\/franciscanos.org.br\/noticias\/usf-oferta-1-200-bolsas-de-estudo-para-o-prouni.html\" \/>\n<meta property=\"og:site_name\" content=\"Not\u00edcias - Franciscanos\" \/>\n<meta property=\"article:published_time\" content=\"2022-02-23T20:00:35+00:00\" \/>\n<meta property=\"og:image\" content=\"https:\/\/franciscanos.org.br\/noticias\/wp-content\/uploads\/2022\/02\/usf_23.jpg\" \/>\n\t<meta property=\"og:image:width\" content=\"1280\" \/>\n\t<meta property=\"og:image:height\" content=\"720\" \/>\n\t<meta property=\"og:image:type\" content=\"image\/jpeg\" \/>\n<meta name=\"author\" content=\"moacir\" \/>\n<meta name=\"twitter:card\" content=\"summary_large_image\" \/>\n<meta name=\"twitter:label1\" content=\"Escrito por\" \/>\n\t<meta name=\"twitter:data1\" content=\"moacir\" \/>\n\t<meta name=\"twitter:label2\" content=\"Est. tempo de leitura\" \/>\n\t<meta name=\"twitter:data2\" content=\"2 minutos\" \/>\n<script type=\"application\/ld+json\" class=\"yoast-schema-graph\">{\"@context\":\"https:\/\/schema.org\",\"@graph\":[{\"@type\":\"WebSite\",\"@id\":\"https:\/\/franciscanos.org.br\/noticias\/#website\",\"url\":\"https:\/\/franciscanos.org.br\/noticias\/\",\"name\":\"Not\u00edcias - Franciscanos\",\"description\":\"Prov\u00edncia Franciscana da Imaculada Concei\u00e7\u00e3o do Brasil - Ordem dos Frades Menores - OFM\",\"potentialAction\":[{\"@type\":\"SearchAction\",\"target\":{\"@type\":\"EntryPoint\",\"urlTemplate\":\"https:\/\/franciscanos.org.br\/noticias\/?s={search_term_string}\"},\"query-input\":\"required name=search_term_string\"}],\"inLanguage\":\"pt-BR\"},{\"@type\":\"ImageObject\",\"inLanguage\":\"pt-BR\",\"@id\":\"https:\/\/franciscanos.org.br\/noticias\/usf-oferta-1-200-bolsas-de-estudo-para-o-prouni.html#primaryimage\",\"url\":\"https:\/\/franciscanos.org.br\/noticias\/wp-content\/uploads\/2022\/02\/usf_23.jpg\",\"contentUrl\":\"https:\/\/franciscanos.org.br\/noticias\/wp-content\/uploads\/2022\/02\/usf_23.jpg\",\"width\":1280,\"height\":720},{\"@type\":\"WebPage\",\"@id\":\"https:\/\/franciscanos.org.br\/noticias\/usf-oferta-1-200-bolsas-de-estudo-para-o-prouni.html#webpage\",\"url\":\"https:\/\/franciscanos.org.br\/noticias\/usf-oferta-1-200-bolsas-de-estudo-para-o-prouni.html\",\"name\":\"USF oferta 1.200 bolsas de estudo para o Prouni - Not\u00edcias - Franciscanos\",\"isPartOf\":{\"@id\":\"https:\/\/franciscanos.org.br\/noticias\/#website\"},\"primaryImageOfPage\":{\"@id\":\"https:\/\/franciscanos.org.br\/noticias\/usf-oferta-1-200-bolsas-de-estudo-para-o-prouni.html#primaryimage\"},\"datePublished\":\"2022-02-23T20:00:35+00:00\",\"dateModified\":\"2022-02-23T20:00:35+00:00\",\"author\":{\"@id\":\"https:\/\/franciscanos.org.br\/noticias\/#\/schema\/person\/b5c8cba458c330ccff548b056e95a5d4\"},\"breadcrumb\":{\"@id\":\"https:\/\/franciscanos.org.br\/noticias\/usf-oferta-1-200-bolsas-de-estudo-para-o-prouni.html#breadcrumb\"},\"inLanguage\":\"pt-BR\",\"potentialAction\":[{\"@type\":\"ReadAction\",\"target\":[\"https:\/\/franciscanos.org.br\/noticias\/usf-oferta-1-200-bolsas-de-estudo-para-o-prouni.html\"]}]},{\"@type\":\"BreadcrumbList\",\"@id\":\"https:\/\/franciscanos.org.br\/noticias\/usf-oferta-1-200-bolsas-de-estudo-para-o-prouni.html#breadcrumb\",\"itemListElement\":[{\"@type\":\"ListItem\",\"position\":1,\"name\":\"Home\",\"item\":\"https:\/\/franciscanos.org.br\/noticias\"},{\"@type\":\"ListItem\",\"position\":2,\"name\":\"USF oferta 1.200 bolsas de estudo para o Prouni\"}]},{\"@type\":\"Person\",\"@id\":\"https:\/\/franciscanos.org.br\/noticias\/#\/schema\/person\/b5c8cba458c330ccff548b056e95a5d4\",\"name\":\"moacir\",\"image\":{\"@type\":\"ImageObject\",\"inLanguage\":\"pt-BR\",\"@id\":\"https:\/\/franciscanos.org.br\/noticias\/#\/schema\/person\/image\/\",\"url\":\"https:\/\/secure.gravatar.com\/avatar\/d08aa2ce4c8dd416d4479aa8536fcf64?s=96&d=mm&r=g\",\"contentUrl\":\"https:\/\/secure.gravatar.com\/avatar\/d08aa2ce4c8dd416d4479aa8536fcf64?s=96&d=mm&r=g\",\"caption\":\"moacir\"},\"url\":\"https:\/\/franciscanos.org.br\/noticias\/author\/moacir\"}]}<\/script>\n<!-- \/ Yoast SEO plugin. -->","yoast_head_json":{"title":"USF oferta 1.200 bolsas de estudo para o Prouni - Not\u00edcias - Franciscanos","robots":{"index":"index","follow":"follow","max-snippet":"max-snippet:-1","max-image-preview":"max-image-preview:large","max-video-preview":"max-video-preview:-1"},"canonical":"https:\/\/franciscanos.org.br\/noticias\/usf-oferta-1-200-bolsas-de-estudo-para-o-prouni.html","og_locale":"pt_BR","og_type":"article","og_title":"USF oferta 1.200 bolsas de estudo para o Prouni - Not\u00edcias - Franciscanos","og_description":"Universidade S\u00e3o Francisco","og_url":"https:\/\/franciscanos.org.br\/noticias\/usf-oferta-1-200-bolsas-de-estudo-para-o-prouni.html","og_site_name":"Not\u00edcias - Franciscanos","article_published_time":"2022-02-23T20:00:35+00:00","og_image":[{"width":1280,"height":720,"url":"https:\/\/franciscanos.org.br\/noticias\/wp-content\/uploads\/2022\/02\/usf_23.jpg","type":"image\/jpeg"}],"author":"moacir","twitter_card":"summary_large_image","twitter_misc":{"Escrito por":"moacir","Est. tempo de leitura":"2 minutos"},"schema":{"@context":"https:\/\/schema.org","@graph":[{"@type":"WebSite","@id":"https:\/\/franciscanos.org.br\/noticias\/#website","url":"https:\/\/franciscanos.org.br\/noticias\/","name":"Not\u00edcias - Franciscanos","description":"Prov\u00edncia Franciscana da Imaculada Concei\u00e7\u00e3o do Brasil - Ordem dos Frades Menores - OFM","potentialAction":[{"@type":"SearchAction","target":{"@type":"EntryPoint","urlTemplate":"https:\/\/franciscanos.org.br\/noticias\/?s={search_term_string}"},"query-input":"required name=search_term_string"}],"inLanguage":"pt-BR"},{"@type":"ImageObject","inLanguage":"pt-BR","@id":"https:\/\/franciscanos.org.br\/noticias\/usf-oferta-1-200-bolsas-de-estudo-para-o-prouni.html#primaryimage","url":"https:\/\/franciscanos.org.br\/noticias\/wp-content\/uploads\/2022\/02\/usf_23.jpg","contentUrl":"https:\/\/franciscanos.org.br\/noticias\/wp-content\/uploads\/2022\/02\/usf_23.jpg","width":1280,"height":720},{"@type":"WebPage","@id":"https:\/\/franciscanos.org.br\/noticias\/usf-oferta-1-200-bolsas-de-estudo-para-o-prouni.html#webpage","url":"https:\/\/franciscanos.org.br\/noticias\/usf-oferta-1-200-bolsas-de-estudo-para-o-prouni.html","name":"USF oferta 1.200 bolsas de estudo para o Prouni - Not\u00edcias - Franciscanos","isPartOf":{"@id":"https:\/\/franciscanos.org.br\/noticias\/#website"},"primaryImageOfPage":{"@id":"https:\/\/franciscanos.org.br\/noticias\/usf-oferta-1-200-bolsas-de-estudo-para-o-prouni.html#primaryimage"},"datePublished":"2022-02-23T20:00:35+00:00","dateModified":"2022-02-23T20:00:35+00:00","author":{"@id":"https:\/\/franciscanos.org.br\/noticias\/#\/schema\/person\/b5c8cba458c330ccff548b056e95a5d4"},"breadcrumb":{"@id":"https:\/\/franciscanos.org.br\/noticias\/usf-oferta-1-200-bolsas-de-estudo-para-o-prouni.html#breadcrumb"},"inLanguage":"pt-BR","potentialAction":[{"@type":"ReadAction","target":["https:\/\/franciscanos.org.br\/noticias\/usf-oferta-1-200-bolsas-de-estudo-para-o-prouni.html"]}]},{"@type":"BreadcrumbList","@id":"https:\/\/franciscanos.org.br\/noticias\/usf-oferta-1-200-bolsas-de-estudo-para-o-prouni.html#breadcrumb","itemListElement":[{"@type":"ListItem","position":1,"name":"Home","item":"https:\/\/franciscanos.org.br\/noticias"},{"@type":"ListItem","position":2,"name":"USF oferta 1.200 bolsas de estudo para o Prouni"}]},{"@type":"Person","@id":"https:\/\/franciscanos.org.br\/noticias\/#\/schema\/person\/b5c8cba458c330ccff548b056e95a5d4","name":"moacir","image":{"@type":"ImageObject","inLanguage":"pt-BR","@id":"https:\/\/franciscanos.org.br\/noticias\/#\/schema\/person\/image\/","url":"https:\/\/secure.gravatar.com\/avatar\/d08aa2ce4c8dd416d4479aa8536fcf64?s=96&d=mm&r=g","contentUrl":"https:\/\/secure.gravatar.com\/avatar\/d08aa2ce4c8dd416d4479aa8536fcf64?s=96&d=mm&r=g","caption":"moacir"},"url":"https:\/\/franciscanos.org.br\/noticias\/author\/moacir"}]}},"_links":{"self":[{"href":"https:\/\/franciscanos.org.br\/noticias\/wp-json\/wp\/v2\/posts\/236681"}],"collection":[{"href":"https:\/\/franciscanos.org.br\/noticias\/wp-json\/wp\/v2\/posts"}],"about":[{"href":"https:\/\/franciscanos.org.br\/noticias\/wp-json\/wp\/v2\/types\/post"}],"author":[{"embeddable":true,"href":"https:\/\/franciscanos.org.br\/noticias\/wp-json\/wp\/v2\/users\/3"}],"replies":[{"embeddable":true,"href":"https:\/\/franciscanos.org.br\/noticias\/wp-json\/wp\/v2\/comments?post=236681"}],"version-history":[{"count":1,"href":"https:\/\/franciscanos.org.br\/noticias\/wp-json\/wp\/v2\/posts\/236681\/revisions"}],"predecessor-version":[{"id":236683,"href":"https:\/\/franciscanos.org.br\/noticias\/wp-json\/wp\/v2\/posts\/236681\/revisions\/236683"}],"wp:featuredmedia":[{"embeddable":true,"href":"https:\/\/franciscanos.org.br\/noticias\/wp-json\/wp\/v2\/media\/236682"}],"wp:attachment":[{"href":"https:\/\/franciscanos.org.br\/noticias\/wp-json\/wp\/v2\/media?parent=236681"}],"wp:term":[{"taxonomy":"category","embeddable":true,"href":"https:\/\/franciscanos.org.br\/noticias\/wp-json\/wp\/v2\/categories?post=236681"},{"taxonomy":"post_tag","embeddable":true,"href":"https:\/\/franciscanos.org.br\/noticias\/wp-json\/wp\/v2\/tags?post=236681"}],"curies":[{"name":"wp","href":"https:\/\/api.w.org\/{rel}","templated":true}]}}