{"id":236676,"date":"2022-04-20T08:56:00","date_gmt":"2022-04-20T11:56:00","guid":{"rendered":"https:\/\/franciscanos.org.br\/noticias\/?p=236676"},"modified":"2022-04-20T10:21:18","modified_gmt":"2022-04-20T13:21:18","slug":"cf-2022-provincia-lanca-serie-de-podcasts-acompanhe","status":"publish","type":"post","link":"https:\/\/franciscanos.org.br\/noticias\/cf-2022-provincia-lanca-serie-de-podcasts-acompanhe.html","title":{"rendered":"CF 2022: Prov\u00edncia lan\u00e7a s\u00e9rie de podcasts. Acompanhe!"},"content":{"rendered":"<p><img loading=\"lazy\" class=\"alignnone size-full wp-image-236677\" src=\"https:\/\/franciscanos.org.br\/noticias\/wp-content\/uploads\/2022\/02\/cf_2302.jpg\" alt=\"\" width=\"1000\" height=\"563\" srcset=\"https:\/\/franciscanos.org.br\/noticias\/wp-content\/uploads\/2022\/02\/cf_2302.jpg 1000w, https:\/\/franciscanos.org.br\/noticias\/wp-content\/uploads\/2022\/02\/cf_2302-450x253.jpg 450w, https:\/\/franciscanos.org.br\/noticias\/wp-content\/uploads\/2022\/02\/cf_2302-768x432.jpg 768w, https:\/\/franciscanos.org.br\/noticias\/wp-content\/uploads\/2022\/02\/cf_2302-150x84.jpg 150w\" sizes=\"(max-width: 1000px) 100vw, 1000px\" \/><\/p>\n<p>Como vem realizando tradicionalmente desde 2013, a Prov\u00edncia Franciscana da Imaculada Concei\u00e7\u00e3o do Brasil oferece, mais uma vez, uma s\u00e9rie de entrevistas de r\u00e1dio sobre a Campanha da Fraternidade 2022, agora tamb\u00e9m no formato de podcast. Neste ano, a produ\u00e7\u00e3o conta com a parceria entre as Frentes de Evangeliza\u00e7\u00e3o da Comunica\u00e7\u00e3o e da Educa\u00e7\u00e3o. S\u00e3o ao todo 14 epis\u00f3dios que buscam aprofundar o tema (Fraternidade e Educa\u00e7\u00e3o) e o lema (Fala com Sabedoria. Ensina com Amor (cf. Pr 31,16) da CF 2022.<\/p>\n<p>Na condu\u00e7\u00e3o dos epis\u00f3dios, Frei Gustavo Medella, Secret\u00e1rio para a Evangeliza\u00e7\u00e3o da Prov\u00edncia, conversa com profissionais das \u00e1reas de Pedagogia, Sociologia, Filosofia, Teologia e artes. Os epis\u00f3dios ser\u00e3o levados em programas das emissoras R\u00e1dio Celinauta, de Pato Branco, PR e Coroado, de Curitibanos, SC. Ficar\u00e3o tamb\u00e9m \u00e0 disposi\u00e7\u00e3o para serem ouvidos ou baixados no site da Prov\u00edncia (franciscanos.org.br), na \u00e1rea reservada ao Spotify. Os epis\u00f3dios ser\u00e3o postados aos domingos e \u00e0s quartas, a partir do pr\u00f3ximo domingo, dia 27 de fevereiro, at\u00e9 a quarta-feira, dia 17 de abril. O conte\u00fado \u00e9 oferecido livremente para ser utilizado, em parte ou na \u00edntegra, por emissoras de r\u00e1dio, sites ou outros ve\u00edculos de comunica\u00e7\u00e3o que tenham interesse em replic\u00e1-lo.<\/p>\n<p>Para o Secret\u00e1rio de Evangeliza\u00e7\u00e3o e apresentador da s\u00e9rie, Frei Gustavo Medella, a iniciativa, consolidada h\u00e1 quase 10 anos na Prov\u00edncia, \u00e9 express\u00e3o do reconhecimento da Fraternidade Provincial de caminhar em comunh\u00e3o e sintonia com a Igreja do Brasil. \u201cParticipar ativamente cada ano da Campanha da Fraternidade com a produ\u00e7\u00e3o deste conte\u00fado \u00e9 uma maneira que nossa Prov\u00edncia encontrou para colaborar, ainda que de forma muito simples, na promo\u00e7\u00e3o da justi\u00e7a, da paz e no cultivo da esperan\u00e7a. Queremos sonhar como irm\u00e3os na Igreja e com a Igreja, buscando propor as transforma\u00e7\u00f5es necess\u00e1rias para que o Reino de Deus se torne cada vez mais presente e real entre n\u00f3s\u201d, explica o frade.<\/p>\n<p>No primeiro epis\u00f3dio, o Coordenador da Campanha da Fraternidade, Padre Patricky Samuel Batista, faz uma apresenta\u00e7\u00e3o geral do tema, lema, objetivos e metodologia adotados para este ano. Abaixo, a tabela com a descri\u00e7\u00e3o dos outros epis\u00f3dios e as datas previstas para postagem.<\/p>\n<p>&nbsp;<\/p>\n<table>\n<tbody>\n<tr>\n<td width=\"326\"><strong>EPIS\u00d3DIO<\/strong><\/td>\n<td width=\"425\"><strong>ENTREVISTADO<\/strong><\/td>\n<td width=\"98\"><strong>DATA<\/strong><\/td>\n<\/tr>\n<tr>\n<td width=\"326\"><span style=\"color: #3366ff;\"><strong><a style=\"color: #3366ff;\" href=\"https:\/\/open.spotify.com\/episode\/2mkJPj3zSfzziMoPTkkqd0\"><span style=\"color: #0000ff;\">1 \u2013<\/span> CF 2022 \u2013 Apresenta\u00e7\u00e3o Geral<\/a><\/strong><\/span><\/td>\n<td width=\"425\"><span style=\"color: #3366ff;\"><strong><a style=\"color: #3366ff;\" href=\"https:\/\/open.spotify.com\/episode\/2mkJPj3zSfzziMoPTkkqd0\">Pe. Patricky Samuel Batista (coordenador de Campanhas da CNBB)<\/a><\/strong><\/span><\/td>\n<td width=\"98\">25\/02<\/td>\n<\/tr>\n<tr>\n<td width=\"326\"><a href=\"https:\/\/open.spotify.com\/episode\/6go0SESemDHM2OBKH0Y1dB\"><strong><span style=\"color: #0000ff;\">2 \u2013 Jesus: Mestre e Educador<\/span><\/strong><\/a><\/td>\n<td width=\"425\"><span style=\"color: #0000ff;\"><strong><a style=\"color: #0000ff;\" href=\"https:\/\/open.spotify.com\/episode\/6go0SESemDHM2OBKH0Y1dB\">Prof. Fernando Altemeyer Jr. (te\u00f3logo e professor da PUC-SP)<\/a><\/strong><\/span><\/td>\n<td width=\"98\">27\/02<\/td>\n<\/tr>\n<tr>\n<td width=\"326\"><strong><a href=\"https:\/\/open.spotify.com\/episode\/5ZCdkgvJgZUAbdehiV7F1v\"><span style=\"color: #0000ff;\">3 \u2013<\/span> <span style=\"color: #0000ff;\">Educar para a Escuta<\/span><\/a><\/strong><\/td>\n<td width=\"425\"><span style=\"color: #0000ff;\"><strong><a style=\"color: #0000ff;\" href=\"https:\/\/open.spotify.com\/episode\/5ZCdkgvJgZUAbdehiV7F1v\">Osmar Ponchiroli (Professor de Filosofia da FAE \u2013 Centro Universit\u00e1rio)<\/a><\/strong><\/span><\/td>\n<td width=\"98\">06\/03<\/td>\n<\/tr>\n<tr>\n<td width=\"326\"><strong><a href=\"https:\/\/open.spotify.com\/episode\/1LlIf2cXrlutsRZvSEnjhg\"><span style=\"color: #0000ff;\">4 \u2013 Educar para um Projeto de vida<\/span><\/a><\/strong><\/td>\n<td width=\"425\"><span style=\"color: #0000ff;\"><strong><a style=\"color: #0000ff;\" href=\"https:\/\/open.spotify.com\/episode\/1LlIf2cXrlutsRZvSEnjhg\">M\u00e1rio Renato Longen (Professor da Associa\u00e7\u00e3o de Ensino Senhor Bom Jesus)<\/a><\/strong><\/span><\/td>\n<td width=\"98\">09\/03<\/td>\n<\/tr>\n<tr>\n<td width=\"326\"><span style=\"color: #0000ff;\"><strong>5 \u2013 <a style=\"color: #0000ff;\" href=\"https:\/\/open.spotify.com\/episode\/17bGSkR5yk2vy6ty0shCd6\">Informa\u00e7\u00e3o, conhecimento e sabedoria<\/a><\/strong><\/span><\/td>\n<td width=\"425\"><strong><a href=\"https:\/\/open.spotify.com\/episode\/17bGSkR5yk2vy6ty0shCd6\"><span style=\"color: #0000ff;\">Frei Vagner Sassi (frade franciscano e professor de Filosofia)<\/span><\/a><\/strong><\/td>\n<td width=\"98\">11\/03<\/td>\n<\/tr>\n<tr>\n<td width=\"326\"><strong><span style=\"color: #0000ff;\"><a style=\"color: #0000ff;\" href=\"https:\/\/open.spotify.com\/episode\/7FuvRtGKF2YhE33QVS1FC1\">6 \u2013 Educa\u00e7\u00e3o escolar e universit\u00e1ria<\/a><\/span><\/strong><\/td>\n<td width=\"425\"><strong><a href=\"https:\/\/open.spotify.com\/episode\/7FuvRtGKF2YhE33QVS1FC1\"><span style=\"color: #0000ff;\">Dilnei Lorenzi (pr\u00f3-reitor de Ensino, Pesquisa e Extens\u00e3o da Universidade S\u00e3o Francisco)<\/span><\/a><\/strong><\/td>\n<td width=\"98\">16\/03<\/td>\n<\/tr>\n<tr>\n<td width=\"326\"><span style=\"color: #0000ff;\"><a style=\"color: #0000ff;\" href=\"https:\/\/open.spotify.com\/episode\/0Jf0whEOcRmagQizGPqaEg\">7 \u2013 Educa\u00e7\u00e3o e inclus\u00e3o<\/a><\/span><\/td>\n<td width=\"425\"><span style=\"color: #0000ff;\"><a style=\"color: #0000ff;\" href=\"https:\/\/open.spotify.com\/episode\/0Jf0whEOcRmagQizGPqaEg\">C\u00e1ssia Bighetti (professora do Curso de Psicologia da USF)<\/a><\/span><\/td>\n<td width=\"98\">19\/03<\/td>\n<\/tr>\n<tr>\n<td width=\"326\"><a href=\"https:\/\/open.spotify.com\/episode\/5qytEAmmvUrVzRc4zZgww7\"><span style=\"color: #0000ff;\">8 \u2013 Educa\u00e7\u00e3o franciscana<\/span><\/a><\/td>\n<td width=\"425\"><a href=\"https:\/\/open.spotify.com\/episode\/5qytEAmmvUrVzRc4zZgww7\"><span style=\"color: #0000ff;\">Frei Claudino Gilz (coordenador da Frente de Evangeliza\u00e7\u00e3o da Educa\u00e7\u00e3o)<\/span><\/a><\/td>\n<td width=\"98\">23\/03<\/td>\n<\/tr>\n<tr>\n<td width=\"326\"><a href=\"https:\/\/open.spotify.com\/episode\/2lt30sHNl8ydo90lU6IPTK\"><span style=\"color: #0000ff;\">9 \u2013 Pacto Educativo Global<\/span><\/a><\/td>\n<td width=\"425\"><a href=\"https:\/\/open.spotify.com\/episode\/2lt30sHNl8ydo90lU6IPTK\"><span style=\"color: #0000ff;\">Frei M\u00e1rio Knapik (vice-presidente da Associa\u00e7\u00e3o de Ensino Senhor Bom Jesus)<\/span><\/a><\/td>\n<td width=\"98\">30\/03<\/td>\n<\/tr>\n<tr>\n<td width=\"326\"><a href=\"https:\/\/open.spotify.com\/episode\/3SkDzwPzHcmdzwGfurDVUo\"><span style=\"color: #0000ff;\">10 \u2013 Educar para o di\u00e1logo<\/span><\/a><\/td>\n<td width=\"425\"><a href=\"https:\/\/open.spotify.com\/episode\/3SkDzwPzHcmdzwGfurDVUo\"><span style=\"color: #0000ff;\">Ester Baptistella (professora do curso de Psicologia da USF)<\/span><\/a><\/td>\n<td width=\"98\">01\/04<\/td>\n<\/tr>\n<tr>\n<td width=\"326\"><a href=\"https:\/\/open.spotify.com\/episode\/0QtTDxFBNHzXcRuM68TGCu\"><span style=\"color: #0000ff;\">11 \u2013 Educa\u00e7\u00e3o e tecnologia<\/span><\/a><\/td>\n<td width=\"425\"><a href=\"https:\/\/open.spotify.com\/episode\/0QtTDxFBNHzXcRuM68TGCu\"><span style=\"color: #0000ff;\">Renato Pezenti (coordenador do Ensino \u00e0 Dist\u00e2ncia da USF)<\/span><\/a><\/td>\n<td width=\"98\">05\/04<\/td>\n<\/tr>\n<tr>\n<td width=\"326\"><a href=\"https:\/\/open.spotify.com\/episode\/4JxyS6YPSkHcPI42i8kUHS\"><span style=\"color: #0000ff;\">12 \u2013 Os desafios do Cen\u00e1rio Educacional Brasileiro<\/span><\/a><\/td>\n<td width=\"425\"><a href=\"https:\/\/open.spotify.com\/episode\/4JxyS6YPSkHcPI42i8kUHS\"><span style=\"color: #0000ff;\">Frei Gilberto Garcia (reitor da USF)<\/span><\/a><\/td>\n<td width=\"98\">07\/04<\/td>\n<\/tr>\n<tr>\n<td width=\"326\"><a href=\"https:\/\/open.spotify.com\/episode\/54LNHlAfGntUgW8cS2Sjo5\"><span style=\"color: #0000ff;\">13 \u2013 Educa\u00e7\u00e3o e Igreja<\/span><\/a><\/td>\n<td width=\"425\"><a href=\"https:\/\/open.spotify.com\/episode\/54LNHlAfGntUgW8cS2Sjo5\"><span style=\"color: #0000ff;\">Edgar Xavier Ertl (Bispo de Palmas-Francisco Beltr\u00e3o e Referencial para a Educa\u00e7\u00e3o do Regional Sul 02 da CNBB)<\/span><\/a><\/td>\n<td width=\"98\">13\/04<\/td>\n<\/tr>\n<tr>\n<td width=\"326\"><a href=\"https:\/\/open.spotify.com\/episode\/72IhDiHnDRw6vsBsU3P5r2\"><span style=\"color: #0000ff;\">14 \u2013 O papel da m\u00fasica na Educa\u00e7\u00e3o<\/span><\/a><\/td>\n<td width=\"425\"><a href=\"https:\/\/open.spotify.com\/episode\/72IhDiHnDRw6vsBsU3P5r2\"><span style=\"color: #0000ff;\">Ceres Medeiros (professora da Associa\u00e7\u00e3o de Ensino Senhor Bom Jesus)<\/span><\/a><\/td>\n<td width=\"98\">20\/04<\/td>\n<\/tr>\n<\/tbody>\n<\/table>\n<p>&nbsp;<\/p>\n<p>&nbsp;<\/p>\n","protected":false},"excerpt":{"rendered":"<p>Campanha da Fraternidade 2022<\/p>\n","protected":false},"author":3,"featured_media":236677,"comment_status":"open","ping_status":"open","sticky":false,"template":"","format":"standard","meta":[],"categories":[1],"tags":[1986],"acf":[],"yoast_head":"<!-- This site is optimized with the Yoast SEO plugin v19.2 - https:\/\/yoast.com\/wordpress\/plugins\/seo\/ -->\n<title>CF 2022: Prov\u00edncia lan\u00e7a s\u00e9rie de podcasts. Acompanhe! - Not\u00edcias - Franciscanos<\/title>\n<meta name=\"robots\" content=\"index, follow, max-snippet:-1, max-image-preview:large, max-video-preview:-1\" \/>\n<link rel=\"canonical\" href=\"https:\/\/franciscanos.org.br\/noticias\/cf-2022-provincia-lanca-serie-de-podcasts-acompanhe.html\" \/>\n<meta property=\"og:locale\" content=\"pt_BR\" \/>\n<meta property=\"og:type\" content=\"article\" \/>\n<meta property=\"og:title\" content=\"CF 2022: Prov\u00edncia lan\u00e7a s\u00e9rie de podcasts. Acompanhe! - Not\u00edcias - Franciscanos\" \/>\n<meta property=\"og:description\" content=\"Campanha da Fraternidade 2022\" \/>\n<meta property=\"og:url\" content=\"https:\/\/franciscanos.org.br\/noticias\/cf-2022-provincia-lanca-serie-de-podcasts-acompanhe.html\" \/>\n<meta property=\"og:site_name\" content=\"Not\u00edcias - Franciscanos\" \/>\n<meta property=\"article:published_time\" content=\"2022-04-20T11:56:00+00:00\" \/>\n<meta property=\"article:modified_time\" content=\"2022-04-20T13:21:18+00:00\" \/>\n<meta property=\"og:image\" content=\"https:\/\/franciscanos.org.br\/noticias\/wp-content\/uploads\/2022\/02\/cf_2302.jpg\" \/>\n\t<meta property=\"og:image:width\" content=\"1000\" \/>\n\t<meta property=\"og:image:height\" content=\"563\" \/>\n\t<meta property=\"og:image:type\" content=\"image\/jpeg\" \/>\n<meta name=\"author\" content=\"moacir\" \/>\n<meta name=\"twitter:card\" content=\"summary_large_image\" \/>\n<meta name=\"twitter:label1\" content=\"Escrito por\" \/>\n\t<meta name=\"twitter:data1\" content=\"moacir\" \/>\n\t<meta name=\"twitter:label2\" content=\"Est. tempo de leitura\" \/>\n\t<meta name=\"twitter:data2\" content=\"3 minutos\" \/>\n<script type=\"application\/ld+json\" class=\"yoast-schema-graph\">{\"@context\":\"https:\/\/schema.org\",\"@graph\":[{\"@type\":\"WebSite\",\"@id\":\"https:\/\/franciscanos.org.br\/noticias\/#website\",\"url\":\"https:\/\/franciscanos.org.br\/noticias\/\",\"name\":\"Not\u00edcias - Franciscanos\",\"description\":\"Prov\u00edncia Franciscana da Imaculada Concei\u00e7\u00e3o do Brasil - Ordem dos Frades Menores - OFM\",\"potentialAction\":[{\"@type\":\"SearchAction\",\"target\":{\"@type\":\"EntryPoint\",\"urlTemplate\":\"https:\/\/franciscanos.org.br\/noticias\/?s={search_term_string}\"},\"query-input\":\"required name=search_term_string\"}],\"inLanguage\":\"pt-BR\"},{\"@type\":\"ImageObject\",\"inLanguage\":\"pt-BR\",\"@id\":\"https:\/\/franciscanos.org.br\/noticias\/cf-2022-provincia-lanca-serie-de-podcasts-acompanhe.html#primaryimage\",\"url\":\"https:\/\/franciscanos.org.br\/noticias\/wp-content\/uploads\/2022\/02\/cf_2302.jpg\",\"contentUrl\":\"https:\/\/franciscanos.org.br\/noticias\/wp-content\/uploads\/2022\/02\/cf_2302.jpg\",\"width\":1000,\"height\":563},{\"@type\":\"WebPage\",\"@id\":\"https:\/\/franciscanos.org.br\/noticias\/cf-2022-provincia-lanca-serie-de-podcasts-acompanhe.html#webpage\",\"url\":\"https:\/\/franciscanos.org.br\/noticias\/cf-2022-provincia-lanca-serie-de-podcasts-acompanhe.html\",\"name\":\"CF 2022: Prov\u00edncia lan\u00e7a s\u00e9rie de podcasts. Acompanhe! - Not\u00edcias - Franciscanos\",\"isPartOf\":{\"@id\":\"https:\/\/franciscanos.org.br\/noticias\/#website\"},\"primaryImageOfPage\":{\"@id\":\"https:\/\/franciscanos.org.br\/noticias\/cf-2022-provincia-lanca-serie-de-podcasts-acompanhe.html#primaryimage\"},\"datePublished\":\"2022-04-20T11:56:00+00:00\",\"dateModified\":\"2022-04-20T13:21:18+00:00\",\"author\":{\"@id\":\"https:\/\/franciscanos.org.br\/noticias\/#\/schema\/person\/b5c8cba458c330ccff548b056e95a5d4\"},\"breadcrumb\":{\"@id\":\"https:\/\/franciscanos.org.br\/noticias\/cf-2022-provincia-lanca-serie-de-podcasts-acompanhe.html#breadcrumb\"},\"inLanguage\":\"pt-BR\",\"potentialAction\":[{\"@type\":\"ReadAction\",\"target\":[\"https:\/\/franciscanos.org.br\/noticias\/cf-2022-provincia-lanca-serie-de-podcasts-acompanhe.html\"]}]},{\"@type\":\"BreadcrumbList\",\"@id\":\"https:\/\/franciscanos.org.br\/noticias\/cf-2022-provincia-lanca-serie-de-podcasts-acompanhe.html#breadcrumb\",\"itemListElement\":[{\"@type\":\"ListItem\",\"position\":1,\"name\":\"Home\",\"item\":\"https:\/\/franciscanos.org.br\/noticias\"},{\"@type\":\"ListItem\",\"position\":2,\"name\":\"CF 2022: Prov\u00edncia lan\u00e7a s\u00e9rie de podcasts. Acompanhe!\"}]},{\"@type\":\"Person\",\"@id\":\"https:\/\/franciscanos.org.br\/noticias\/#\/schema\/person\/b5c8cba458c330ccff548b056e95a5d4\",\"name\":\"moacir\",\"image\":{\"@type\":\"ImageObject\",\"inLanguage\":\"pt-BR\",\"@id\":\"https:\/\/franciscanos.org.br\/noticias\/#\/schema\/person\/image\/\",\"url\":\"https:\/\/secure.gravatar.com\/avatar\/d08aa2ce4c8dd416d4479aa8536fcf64?s=96&d=mm&r=g\",\"contentUrl\":\"https:\/\/secure.gravatar.com\/avatar\/d08aa2ce4c8dd416d4479aa8536fcf64?s=96&d=mm&r=g\",\"caption\":\"moacir\"},\"url\":\"https:\/\/franciscanos.org.br\/noticias\/author\/moacir\"}]}<\/script>\n<!-- \/ Yoast SEO plugin. -->","yoast_head_json":{"title":"CF 2022: Prov\u00edncia lan\u00e7a s\u00e9rie de podcasts. Acompanhe! - Not\u00edcias - Franciscanos","robots":{"index":"index","follow":"follow","max-snippet":"max-snippet:-1","max-image-preview":"max-image-preview:large","max-video-preview":"max-video-preview:-1"},"canonical":"https:\/\/franciscanos.org.br\/noticias\/cf-2022-provincia-lanca-serie-de-podcasts-acompanhe.html","og_locale":"pt_BR","og_type":"article","og_title":"CF 2022: Prov\u00edncia lan\u00e7a s\u00e9rie de podcasts. Acompanhe! - Not\u00edcias - Franciscanos","og_description":"Campanha da Fraternidade 2022","og_url":"https:\/\/franciscanos.org.br\/noticias\/cf-2022-provincia-lanca-serie-de-podcasts-acompanhe.html","og_site_name":"Not\u00edcias - Franciscanos","article_published_time":"2022-04-20T11:56:00+00:00","article_modified_time":"2022-04-20T13:21:18+00:00","og_image":[{"width":1000,"height":563,"url":"https:\/\/franciscanos.org.br\/noticias\/wp-content\/uploads\/2022\/02\/cf_2302.jpg","type":"image\/jpeg"}],"author":"moacir","twitter_card":"summary_large_image","twitter_misc":{"Escrito por":"moacir","Est. tempo de leitura":"3 minutos"},"schema":{"@context":"https:\/\/schema.org","@graph":[{"@type":"WebSite","@id":"https:\/\/franciscanos.org.br\/noticias\/#website","url":"https:\/\/franciscanos.org.br\/noticias\/","name":"Not\u00edcias - Franciscanos","description":"Prov\u00edncia Franciscana da Imaculada Concei\u00e7\u00e3o do Brasil - Ordem dos Frades Menores - OFM","potentialAction":[{"@type":"SearchAction","target":{"@type":"EntryPoint","urlTemplate":"https:\/\/franciscanos.org.br\/noticias\/?s={search_term_string}"},"query-input":"required name=search_term_string"}],"inLanguage":"pt-BR"},{"@type":"ImageObject","inLanguage":"pt-BR","@id":"https:\/\/franciscanos.org.br\/noticias\/cf-2022-provincia-lanca-serie-de-podcasts-acompanhe.html#primaryimage","url":"https:\/\/franciscanos.org.br\/noticias\/wp-content\/uploads\/2022\/02\/cf_2302.jpg","contentUrl":"https:\/\/franciscanos.org.br\/noticias\/wp-content\/uploads\/2022\/02\/cf_2302.jpg","width":1000,"height":563},{"@type":"WebPage","@id":"https:\/\/franciscanos.org.br\/noticias\/cf-2022-provincia-lanca-serie-de-podcasts-acompanhe.html#webpage","url":"https:\/\/franciscanos.org.br\/noticias\/cf-2022-provincia-lanca-serie-de-podcasts-acompanhe.html","name":"CF 2022: Prov\u00edncia lan\u00e7a s\u00e9rie de podcasts. Acompanhe! - Not\u00edcias - Franciscanos","isPartOf":{"@id":"https:\/\/franciscanos.org.br\/noticias\/#website"},"primaryImageOfPage":{"@id":"https:\/\/franciscanos.org.br\/noticias\/cf-2022-provincia-lanca-serie-de-podcasts-acompanhe.html#primaryimage"},"datePublished":"2022-04-20T11:56:00+00:00","dateModified":"2022-04-20T13:21:18+00:00","author":{"@id":"https:\/\/franciscanos.org.br\/noticias\/#\/schema\/person\/b5c8cba458c330ccff548b056e95a5d4"},"breadcrumb":{"@id":"https:\/\/franciscanos.org.br\/noticias\/cf-2022-provincia-lanca-serie-de-podcasts-acompanhe.html#breadcrumb"},"inLanguage":"pt-BR","potentialAction":[{"@type":"ReadAction","target":["https:\/\/franciscanos.org.br\/noticias\/cf-2022-provincia-lanca-serie-de-podcasts-acompanhe.html"]}]},{"@type":"BreadcrumbList","@id":"https:\/\/franciscanos.org.br\/noticias\/cf-2022-provincia-lanca-serie-de-podcasts-acompanhe.html#breadcrumb","itemListElement":[{"@type":"ListItem","position":1,"name":"Home","item":"https:\/\/franciscanos.org.br\/noticias"},{"@type":"ListItem","position":2,"name":"CF 2022: Prov\u00edncia lan\u00e7a s\u00e9rie de podcasts. Acompanhe!"}]},{"@type":"Person","@id":"https:\/\/franciscanos.org.br\/noticias\/#\/schema\/person\/b5c8cba458c330ccff548b056e95a5d4","name":"moacir","image":{"@type":"ImageObject","inLanguage":"pt-BR","@id":"https:\/\/franciscanos.org.br\/noticias\/#\/schema\/person\/image\/","url":"https:\/\/secure.gravatar.com\/avatar\/d08aa2ce4c8dd416d4479aa8536fcf64?s=96&d=mm&r=g","contentUrl":"https:\/\/secure.gravatar.com\/avatar\/d08aa2ce4c8dd416d4479aa8536fcf64?s=96&d=mm&r=g","caption":"moacir"},"url":"https:\/\/franciscanos.org.br\/noticias\/author\/moacir"}]}},"_links":{"self":[{"href":"https:\/\/franciscanos.org.br\/noticias\/wp-json\/wp\/v2\/posts\/236676"}],"collection":[{"href":"https:\/\/franciscanos.org.br\/noticias\/wp-json\/wp\/v2\/posts"}],"about":[{"href":"https:\/\/franciscanos.org.br\/noticias\/wp-json\/wp\/v2\/types\/post"}],"author":[{"embeddable":true,"href":"https:\/\/franciscanos.org.br\/noticias\/wp-json\/wp\/v2\/users\/3"}],"replies":[{"embeddable":true,"href":"https:\/\/franciscanos.org.br\/noticias\/wp-json\/wp\/v2\/comments?post=236676"}],"version-history":[{"count":27,"href":"https:\/\/franciscanos.org.br\/noticias\/wp-json\/wp\/v2\/posts\/236676\/revisions"}],"predecessor-version":[{"id":237398,"href":"https:\/\/franciscanos.org.br\/noticias\/wp-json\/wp\/v2\/posts\/236676\/revisions\/237398"}],"wp:featuredmedia":[{"embeddable":true,"href":"https:\/\/franciscanos.org.br\/noticias\/wp-json\/wp\/v2\/media\/236677"}],"wp:attachment":[{"href":"https:\/\/franciscanos.org.br\/noticias\/wp-json\/wp\/v2\/media?parent=236676"}],"wp:term":[{"taxonomy":"category","embeddable":true,"href":"https:\/\/franciscanos.org.br\/noticias\/wp-json\/wp\/v2\/categories?post=236676"},{"taxonomy":"post_tag","embeddable":true,"href":"https:\/\/franciscanos.org.br\/noticias\/wp-json\/wp\/v2\/tags?post=236676"}],"curies":[{"name":"wp","href":"https:\/\/api.w.org\/{rel}","templated":true}]}}