{"id":236659,"date":"2022-02-21T10:37:42","date_gmt":"2022-02-21T13:37:42","guid":{"rendered":"https:\/\/franciscanos.org.br\/noticias\/?p=236659"},"modified":"2022-02-21T10:37:58","modified_gmt":"2022-02-21T13:37:58","slug":"dom-guilherme-preside-o-inicio-dos-trabalhos-em-curitibanos","status":"publish","type":"post","link":"https:\/\/franciscanos.org.br\/noticias\/dom-guilherme-preside-o-inicio-dos-trabalhos-em-curitibanos.html","title":{"rendered":"Dom Guilherme preside o &#8220;in\u00edcio dos trabalhos&#8221; em Curitibanos"},"content":{"rendered":"<p><img loading=\"lazy\" class=\"alignnone size-full wp-image-236660\" src=\"https:\/\/franciscanos.org.br\/noticias\/wp-content\/uploads\/2022\/02\/curitibanos_01.jpg\" alt=\"\" width=\"1280\" height=\"720\" srcset=\"https:\/\/franciscanos.org.br\/noticias\/wp-content\/uploads\/2022\/02\/curitibanos_01.jpg 1280w, https:\/\/franciscanos.org.br\/noticias\/wp-content\/uploads\/2022\/02\/curitibanos_01-450x253.jpg 450w, https:\/\/franciscanos.org.br\/noticias\/wp-content\/uploads\/2022\/02\/curitibanos_01-1024x576.jpg 1024w, https:\/\/franciscanos.org.br\/noticias\/wp-content\/uploads\/2022\/02\/curitibanos_01-768x432.jpg 768w, https:\/\/franciscanos.org.br\/noticias\/wp-content\/uploads\/2022\/02\/curitibanos_01-150x84.jpg 150w\" sizes=\"(max-width: 1280px) 100vw, 1280px\" \/><\/p>\n<p>A Par\u00f3quia Imaculada Concei\u00e7\u00e3o, em Curitibanos, SC, acolheu neste domingo, 20 de fevereiro, o seu novo p\u00e1roco, Frei Carlos Ignacia Gaspar, e a nova Fraternidade Franciscana, formada por: Frei Alan Leal de Mattos, guardi\u00e3o; Frei Ren\u00e9 Zarpelon, vig\u00e1rio paroquial; e Frei Pedro Caron. A celebra\u00e7\u00e3o foi presidida pelo bispo diocesano de Lages (SC), Dom Guilherme Ant\u00f4nio Werlang, \u00e0s 19 horas, e teve como concelebrantes, al\u00e9m da Fraternidade, o Definidor Frei Alex Sandro Ciarnoscki, Frei Marcelo Paulo Romani e Pe. Tiago.<\/p>\n<p>Frei Carlos \u00e9 natural de Crici\u00fama, SC, onde nasceu no dia 9 de maio de 1975. Ele ingressou na Ordem dos Frades Menores, recebendo o h\u00e1bito franciscano no dia 15 de janeiro de 1994 e professou solenemente no dia 2 de agosto de 2000.\u00a0 Foi ordenado presb\u00edtero no dia 24 de maio de 2003.<\/p>\n<p><img loading=\"lazy\" class=\"alignnone wp-image-236661 size-full\" src=\"https:\/\/franciscanos.org.br\/noticias\/wp-content\/uploads\/2022\/02\/curitibanos_02.jpg\" alt=\"\" width=\"1280\" height=\"579\" srcset=\"https:\/\/franciscanos.org.br\/noticias\/wp-content\/uploads\/2022\/02\/curitibanos_02.jpg 1280w, https:\/\/franciscanos.org.br\/noticias\/wp-content\/uploads\/2022\/02\/curitibanos_02-450x204.jpg 450w, https:\/\/franciscanos.org.br\/noticias\/wp-content\/uploads\/2022\/02\/curitibanos_02-1024x463.jpg 1024w, https:\/\/franciscanos.org.br\/noticias\/wp-content\/uploads\/2022\/02\/curitibanos_02-768x347.jpg 768w, https:\/\/franciscanos.org.br\/noticias\/wp-content\/uploads\/2022\/02\/curitibanos_02-150x68.jpg 150w\" sizes=\"(max-width: 1280px) 100vw, 1280px\" \/><\/p>\n<p>Na sauda\u00e7\u00e3o inicial, Dom Guilherme fez a seguinte proposta: &#8220;Vamos trocar essa palavra posse para in\u00edcio dos trabalhos. Eu estou acostumando isso na Diocese. Porque eles n\u00e3o v\u00e3o ser donos. Hoje, com alegria, queremos acolher, receber, os freis que a Prov\u00edncia nos envia e agradecer a Deus pelos freis que foram daqui. Voc\u00eas eram muito felizes, pois tinham o Roberto Carlos e agora ficaram com o Carlos&#8221;, brincou.<\/p>\n<p>Ap\u00f3s essa sauda\u00e7\u00e3o, foi feita a leitura da provis\u00e3o de in\u00edcio de trabalho de Frei Carlos na Par\u00f3quia, proferida pelo paroquiano Sal\u00e9sio. &#8220;Dom Guilherme, queridos irm\u00e3os e irm\u00e3s em Cristo, sabendo da responsabilidade dessa miss\u00e3o a mim confiada, eu acolho e aceito esse desafio\u201d, disse Frei Carlos. Dom Guilherme respondeu: &#8220;Est\u00e1 empossado&#8221;.<\/p>\n<p>Foram entregues as provis\u00f5es de vig\u00e1rios a Frei Ren\u00e9 e a Frei Alan.<\/p>\n<p>Falando pela Comunidade, o Coordenador do CPP da Par\u00f3quia fez a acolhida dos frades. \u201cOferecemos aos freis o nosso carinho, a nossa amizade, o respeito e nossa disponibilidade para ajudar nesta caminhada&#8221;, disse.<\/p>\n<p>O bispo entregou o Evangelho para o novo p\u00e1roco e disse: \u201cRecebe o Evangelho de Cristo, do qual foste constitu\u00eddo mensageiro, mas antes disso ele deve ser vivido por voc\u00eas&#8221;, disse o bispo. A profiss\u00e3o de f\u00e9 foi feita junto com a comunidade.<\/p>\n<p><img loading=\"lazy\" class=\"alignnone size-full wp-image-236662\" src=\"https:\/\/franciscanos.org.br\/noticias\/wp-content\/uploads\/2022\/02\/curitibanos_03.jpg\" alt=\"\" width=\"1280\" height=\"552\" srcset=\"https:\/\/franciscanos.org.br\/noticias\/wp-content\/uploads\/2022\/02\/curitibanos_03.jpg 1280w, https:\/\/franciscanos.org.br\/noticias\/wp-content\/uploads\/2022\/02\/curitibanos_03-450x194.jpg 450w, https:\/\/franciscanos.org.br\/noticias\/wp-content\/uploads\/2022\/02\/curitibanos_03-1024x442.jpg 1024w, https:\/\/franciscanos.org.br\/noticias\/wp-content\/uploads\/2022\/02\/curitibanos_03-768x331.jpg 768w, https:\/\/franciscanos.org.br\/noticias\/wp-content\/uploads\/2022\/02\/curitibanos_03-150x65.jpg 150w\" sizes=\"(max-width: 1280px) 100vw, 1280px\" \/><\/p>\n<p>Pela Prov\u00edncia da Imaculada, o Definidor Frei Alex agradeceu a D. Guilherme pela acolhida. &#8220;Temos uma longa caminhada marcando as terras e a evangeliza\u00e7\u00e3o desta regi\u00e3o, mas ainda temos um longo caminho a percorrer. E queremos, como Fraternidade Franciscana, somar for\u00e7as \u00e0 evangeliza\u00e7\u00e3o nesta Diocese e contribuir com a nossa marca franciscana de fraternidade, de acolhimento e, de modo especial, de cuidado com os mais pobres e necessitados. Que a nossa presen\u00e7a, nesta Diocese, seja na Par\u00f3quia da Imaculada seja nos nossos meios de comunica\u00e7\u00e3o, possa colaborar para que o Reino de Deus se fa\u00e7a presente j\u00e1 hoje aqui nestas terras&#8221;, disse, agradecendo ao &#8220;sim&#8221; desta Fraternidade e confiando-a aos cuidados dos paroquianos. &#8220;Em nome da Prov\u00edncia da Imaculada Concei\u00e7\u00e3o, obrigado pela acolhida. Deus aben\u00e7oe&#8221;.<\/p>\n<p>Frei Carlos lembrou que estavam reunidos nesta celebra\u00e7\u00e3o gra\u00e7as a pessoas &#8220;que h\u00e1 tanto tempo j\u00e1 trabalham tamb\u00e9m conosco na dimens\u00e3o da nossa f\u00e9&#8221;. Segundo ele, a Par\u00f3quia foi institu\u00edda em 1894, mas antes j\u00e1 existiam padres trabalhando. &#8220;Os freis franciscanos passam a residir aqui a partir de 1900. Quantos freis, quantas religiosas e religiosos fomentaram a dimens\u00e3o da f\u00e9. Hoje, eu queria dizer, principalmente \u00e0 Fraternidade S\u00e3o Francisco Solano, que n\u00f3s pud\u00e9ssemos ser uma presen\u00e7a franciscana com este povo, que n\u00f3s pud\u00e9ssemos continuar essa heran\u00e7a franciscana h\u00e1 tanto tempo cultivada nas nossas fam\u00edlias, que nossa presen\u00e7a fosse, com voc\u00eas, uma presen\u00e7a que ajudasse a fomentar a dimens\u00e3o da f\u00e9. Sabemos que n\u00e3o estamos sozinhos. O povo sempre nos acolhe&#8221;, disse, saudando os amigos que vieram de Gaspar para a celebra\u00e7\u00e3o. &#8220;Deus sempre vai despertar lideran\u00e7as que nos auxiliam neste caminho. Agrade\u00e7o a presen\u00e7a de cada um de voc\u00eas!&#8221;, completou.<\/p>\n<p><img loading=\"lazy\" class=\"alignnone size-full wp-image-236663\" src=\"https:\/\/franciscanos.org.br\/noticias\/wp-content\/uploads\/2022\/02\/curitibanos_04.jpg\" alt=\"\" width=\"1280\" height=\"612\" srcset=\"https:\/\/franciscanos.org.br\/noticias\/wp-content\/uploads\/2022\/02\/curitibanos_04.jpg 1280w, https:\/\/franciscanos.org.br\/noticias\/wp-content\/uploads\/2022\/02\/curitibanos_04-450x215.jpg 450w, https:\/\/franciscanos.org.br\/noticias\/wp-content\/uploads\/2022\/02\/curitibanos_04-1024x490.jpg 1024w, https:\/\/franciscanos.org.br\/noticias\/wp-content\/uploads\/2022\/02\/curitibanos_04-768x367.jpg 768w, https:\/\/franciscanos.org.br\/noticias\/wp-content\/uploads\/2022\/02\/curitibanos_04-150x72.jpg 150w\" sizes=\"(max-width: 1280px) 100vw, 1280px\" \/><\/p>\n","protected":false},"excerpt":{"rendered":"<p>Missa de Acolhida da Fraternidade e do p\u00e1roco de Curitibanos<\/p>\n","protected":false},"author":3,"featured_media":236660,"comment_status":"open","ping_status":"open","sticky":false,"template":"","format":"standard","meta":[],"categories":[1],"tags":[1985],"acf":[],"yoast_head":"<!-- This site is optimized with the Yoast SEO plugin v19.2 - https:\/\/yoast.com\/wordpress\/plugins\/seo\/ -->\n<title>Dom Guilherme preside o &quot;in\u00edcio dos trabalhos&quot; em Curitibanos - Not\u00edcias - Franciscanos<\/title>\n<meta name=\"robots\" content=\"index, follow, max-snippet:-1, max-image-preview:large, max-video-preview:-1\" \/>\n<link rel=\"canonical\" href=\"https:\/\/franciscanos.org.br\/noticias\/dom-guilherme-preside-o-inicio-dos-trabalhos-em-curitibanos.html\" \/>\n<meta property=\"og:locale\" content=\"pt_BR\" \/>\n<meta property=\"og:type\" content=\"article\" \/>\n<meta property=\"og:title\" content=\"Dom Guilherme preside o &quot;in\u00edcio dos trabalhos&quot; em Curitibanos - Not\u00edcias - Franciscanos\" \/>\n<meta property=\"og:description\" content=\"Missa de Acolhida da Fraternidade e do p\u00e1roco de Curitibanos\" \/>\n<meta property=\"og:url\" content=\"https:\/\/franciscanos.org.br\/noticias\/dom-guilherme-preside-o-inicio-dos-trabalhos-em-curitibanos.html\" \/>\n<meta property=\"og:site_name\" content=\"Not\u00edcias - Franciscanos\" \/>\n<meta property=\"article:published_time\" content=\"2022-02-21T13:37:42+00:00\" \/>\n<meta property=\"article:modified_time\" content=\"2022-02-21T13:37:58+00:00\" \/>\n<meta property=\"og:image\" content=\"https:\/\/franciscanos.org.br\/noticias\/wp-content\/uploads\/2022\/02\/curitibanos_01.jpg\" \/>\n\t<meta property=\"og:image:width\" content=\"1280\" \/>\n\t<meta property=\"og:image:height\" content=\"720\" \/>\n\t<meta property=\"og:image:type\" content=\"image\/jpeg\" \/>\n<meta name=\"author\" content=\"moacir\" \/>\n<meta name=\"twitter:card\" content=\"summary_large_image\" \/>\n<meta name=\"twitter:label1\" content=\"Escrito por\" \/>\n\t<meta name=\"twitter:data1\" content=\"moacir\" \/>\n\t<meta name=\"twitter:label2\" content=\"Est. tempo de leitura\" \/>\n\t<meta name=\"twitter:data2\" content=\"3 minutos\" \/>\n<script type=\"application\/ld+json\" class=\"yoast-schema-graph\">{\"@context\":\"https:\/\/schema.org\",\"@graph\":[{\"@type\":\"WebSite\",\"@id\":\"https:\/\/franciscanos.org.br\/noticias\/#website\",\"url\":\"https:\/\/franciscanos.org.br\/noticias\/\",\"name\":\"Not\u00edcias - Franciscanos\",\"description\":\"Prov\u00edncia Franciscana da Imaculada Concei\u00e7\u00e3o do Brasil - Ordem dos Frades Menores - OFM\",\"potentialAction\":[{\"@type\":\"SearchAction\",\"target\":{\"@type\":\"EntryPoint\",\"urlTemplate\":\"https:\/\/franciscanos.org.br\/noticias\/?s={search_term_string}\"},\"query-input\":\"required name=search_term_string\"}],\"inLanguage\":\"pt-BR\"},{\"@type\":\"ImageObject\",\"inLanguage\":\"pt-BR\",\"@id\":\"https:\/\/franciscanos.org.br\/noticias\/dom-guilherme-preside-o-inicio-dos-trabalhos-em-curitibanos.html#primaryimage\",\"url\":\"https:\/\/franciscanos.org.br\/noticias\/wp-content\/uploads\/2022\/02\/curitibanos_01.jpg\",\"contentUrl\":\"https:\/\/franciscanos.org.br\/noticias\/wp-content\/uploads\/2022\/02\/curitibanos_01.jpg\",\"width\":1280,\"height\":720},{\"@type\":\"WebPage\",\"@id\":\"https:\/\/franciscanos.org.br\/noticias\/dom-guilherme-preside-o-inicio-dos-trabalhos-em-curitibanos.html#webpage\",\"url\":\"https:\/\/franciscanos.org.br\/noticias\/dom-guilherme-preside-o-inicio-dos-trabalhos-em-curitibanos.html\",\"name\":\"Dom Guilherme preside o \\\"in\u00edcio dos trabalhos\\\" em Curitibanos - Not\u00edcias - Franciscanos\",\"isPartOf\":{\"@id\":\"https:\/\/franciscanos.org.br\/noticias\/#website\"},\"primaryImageOfPage\":{\"@id\":\"https:\/\/franciscanos.org.br\/noticias\/dom-guilherme-preside-o-inicio-dos-trabalhos-em-curitibanos.html#primaryimage\"},\"datePublished\":\"2022-02-21T13:37:42+00:00\",\"dateModified\":\"2022-02-21T13:37:58+00:00\",\"author\":{\"@id\":\"https:\/\/franciscanos.org.br\/noticias\/#\/schema\/person\/b5c8cba458c330ccff548b056e95a5d4\"},\"breadcrumb\":{\"@id\":\"https:\/\/franciscanos.org.br\/noticias\/dom-guilherme-preside-o-inicio-dos-trabalhos-em-curitibanos.html#breadcrumb\"},\"inLanguage\":\"pt-BR\",\"potentialAction\":[{\"@type\":\"ReadAction\",\"target\":[\"https:\/\/franciscanos.org.br\/noticias\/dom-guilherme-preside-o-inicio-dos-trabalhos-em-curitibanos.html\"]}]},{\"@type\":\"BreadcrumbList\",\"@id\":\"https:\/\/franciscanos.org.br\/noticias\/dom-guilherme-preside-o-inicio-dos-trabalhos-em-curitibanos.html#breadcrumb\",\"itemListElement\":[{\"@type\":\"ListItem\",\"position\":1,\"name\":\"Home\",\"item\":\"https:\/\/franciscanos.org.br\/noticias\"},{\"@type\":\"ListItem\",\"position\":2,\"name\":\"Dom Guilherme preside o &#8220;in\u00edcio dos trabalhos&#8221; em Curitibanos\"}]},{\"@type\":\"Person\",\"@id\":\"https:\/\/franciscanos.org.br\/noticias\/#\/schema\/person\/b5c8cba458c330ccff548b056e95a5d4\",\"name\":\"moacir\",\"image\":{\"@type\":\"ImageObject\",\"inLanguage\":\"pt-BR\",\"@id\":\"https:\/\/franciscanos.org.br\/noticias\/#\/schema\/person\/image\/\",\"url\":\"https:\/\/secure.gravatar.com\/avatar\/d08aa2ce4c8dd416d4479aa8536fcf64?s=96&d=mm&r=g\",\"contentUrl\":\"https:\/\/secure.gravatar.com\/avatar\/d08aa2ce4c8dd416d4479aa8536fcf64?s=96&d=mm&r=g\",\"caption\":\"moacir\"},\"url\":\"https:\/\/franciscanos.org.br\/noticias\/author\/moacir\"}]}<\/script>\n<!-- \/ Yoast SEO plugin. -->","yoast_head_json":{"title":"Dom Guilherme preside o \"in\u00edcio dos trabalhos\" em Curitibanos - Not\u00edcias - Franciscanos","robots":{"index":"index","follow":"follow","max-snippet":"max-snippet:-1","max-image-preview":"max-image-preview:large","max-video-preview":"max-video-preview:-1"},"canonical":"https:\/\/franciscanos.org.br\/noticias\/dom-guilherme-preside-o-inicio-dos-trabalhos-em-curitibanos.html","og_locale":"pt_BR","og_type":"article","og_title":"Dom Guilherme preside o \"in\u00edcio dos trabalhos\" em Curitibanos - Not\u00edcias - Franciscanos","og_description":"Missa de Acolhida da Fraternidade e do p\u00e1roco de Curitibanos","og_url":"https:\/\/franciscanos.org.br\/noticias\/dom-guilherme-preside-o-inicio-dos-trabalhos-em-curitibanos.html","og_site_name":"Not\u00edcias - Franciscanos","article_published_time":"2022-02-21T13:37:42+00:00","article_modified_time":"2022-02-21T13:37:58+00:00","og_image":[{"width":1280,"height":720,"url":"https:\/\/franciscanos.org.br\/noticias\/wp-content\/uploads\/2022\/02\/curitibanos_01.jpg","type":"image\/jpeg"}],"author":"moacir","twitter_card":"summary_large_image","twitter_misc":{"Escrito por":"moacir","Est. tempo de leitura":"3 minutos"},"schema":{"@context":"https:\/\/schema.org","@graph":[{"@type":"WebSite","@id":"https:\/\/franciscanos.org.br\/noticias\/#website","url":"https:\/\/franciscanos.org.br\/noticias\/","name":"Not\u00edcias - Franciscanos","description":"Prov\u00edncia Franciscana da Imaculada Concei\u00e7\u00e3o do Brasil - Ordem dos Frades Menores - OFM","potentialAction":[{"@type":"SearchAction","target":{"@type":"EntryPoint","urlTemplate":"https:\/\/franciscanos.org.br\/noticias\/?s={search_term_string}"},"query-input":"required name=search_term_string"}],"inLanguage":"pt-BR"},{"@type":"ImageObject","inLanguage":"pt-BR","@id":"https:\/\/franciscanos.org.br\/noticias\/dom-guilherme-preside-o-inicio-dos-trabalhos-em-curitibanos.html#primaryimage","url":"https:\/\/franciscanos.org.br\/noticias\/wp-content\/uploads\/2022\/02\/curitibanos_01.jpg","contentUrl":"https:\/\/franciscanos.org.br\/noticias\/wp-content\/uploads\/2022\/02\/curitibanos_01.jpg","width":1280,"height":720},{"@type":"WebPage","@id":"https:\/\/franciscanos.org.br\/noticias\/dom-guilherme-preside-o-inicio-dos-trabalhos-em-curitibanos.html#webpage","url":"https:\/\/franciscanos.org.br\/noticias\/dom-guilherme-preside-o-inicio-dos-trabalhos-em-curitibanos.html","name":"Dom Guilherme preside o \"in\u00edcio dos trabalhos\" em Curitibanos - Not\u00edcias - Franciscanos","isPartOf":{"@id":"https:\/\/franciscanos.org.br\/noticias\/#website"},"primaryImageOfPage":{"@id":"https:\/\/franciscanos.org.br\/noticias\/dom-guilherme-preside-o-inicio-dos-trabalhos-em-curitibanos.html#primaryimage"},"datePublished":"2022-02-21T13:37:42+00:00","dateModified":"2022-02-21T13:37:58+00:00","author":{"@id":"https:\/\/franciscanos.org.br\/noticias\/#\/schema\/person\/b5c8cba458c330ccff548b056e95a5d4"},"breadcrumb":{"@id":"https:\/\/franciscanos.org.br\/noticias\/dom-guilherme-preside-o-inicio-dos-trabalhos-em-curitibanos.html#breadcrumb"},"inLanguage":"pt-BR","potentialAction":[{"@type":"ReadAction","target":["https:\/\/franciscanos.org.br\/noticias\/dom-guilherme-preside-o-inicio-dos-trabalhos-em-curitibanos.html"]}]},{"@type":"BreadcrumbList","@id":"https:\/\/franciscanos.org.br\/noticias\/dom-guilherme-preside-o-inicio-dos-trabalhos-em-curitibanos.html#breadcrumb","itemListElement":[{"@type":"ListItem","position":1,"name":"Home","item":"https:\/\/franciscanos.org.br\/noticias"},{"@type":"ListItem","position":2,"name":"Dom Guilherme preside o &#8220;in\u00edcio dos trabalhos&#8221; em Curitibanos"}]},{"@type":"Person","@id":"https:\/\/franciscanos.org.br\/noticias\/#\/schema\/person\/b5c8cba458c330ccff548b056e95a5d4","name":"moacir","image":{"@type":"ImageObject","inLanguage":"pt-BR","@id":"https:\/\/franciscanos.org.br\/noticias\/#\/schema\/person\/image\/","url":"https:\/\/secure.gravatar.com\/avatar\/d08aa2ce4c8dd416d4479aa8536fcf64?s=96&d=mm&r=g","contentUrl":"https:\/\/secure.gravatar.com\/avatar\/d08aa2ce4c8dd416d4479aa8536fcf64?s=96&d=mm&r=g","caption":"moacir"},"url":"https:\/\/franciscanos.org.br\/noticias\/author\/moacir"}]}},"_links":{"self":[{"href":"https:\/\/franciscanos.org.br\/noticias\/wp-json\/wp\/v2\/posts\/236659"}],"collection":[{"href":"https:\/\/franciscanos.org.br\/noticias\/wp-json\/wp\/v2\/posts"}],"about":[{"href":"https:\/\/franciscanos.org.br\/noticias\/wp-json\/wp\/v2\/types\/post"}],"author":[{"embeddable":true,"href":"https:\/\/franciscanos.org.br\/noticias\/wp-json\/wp\/v2\/users\/3"}],"replies":[{"embeddable":true,"href":"https:\/\/franciscanos.org.br\/noticias\/wp-json\/wp\/v2\/comments?post=236659"}],"version-history":[{"count":2,"href":"https:\/\/franciscanos.org.br\/noticias\/wp-json\/wp\/v2\/posts\/236659\/revisions"}],"predecessor-version":[{"id":236665,"href":"https:\/\/franciscanos.org.br\/noticias\/wp-json\/wp\/v2\/posts\/236659\/revisions\/236665"}],"wp:featuredmedia":[{"embeddable":true,"href":"https:\/\/franciscanos.org.br\/noticias\/wp-json\/wp\/v2\/media\/236660"}],"wp:attachment":[{"href":"https:\/\/franciscanos.org.br\/noticias\/wp-json\/wp\/v2\/media?parent=236659"}],"wp:term":[{"taxonomy":"category","embeddable":true,"href":"https:\/\/franciscanos.org.br\/noticias\/wp-json\/wp\/v2\/categories?post=236659"},{"taxonomy":"post_tag","embeddable":true,"href":"https:\/\/franciscanos.org.br\/noticias\/wp-json\/wp\/v2\/tags?post=236659"}],"curies":[{"name":"wp","href":"https:\/\/api.w.org\/{rel}","templated":true}]}}