{"id":236633,"date":"2022-02-20T18:11:44","date_gmt":"2022-02-20T21:11:44","guid":{"rendered":"https:\/\/franciscanos.org.br\/noticias\/?p=236633"},"modified":"2022-02-20T18:11:44","modified_gmt":"2022-02-20T21:11:44","slug":"paroquia-sao-luiz-gonzaga-de-xaxim-encerra-festividades-a-frei-bruno","status":"publish","type":"post","link":"https:\/\/franciscanos.org.br\/noticias\/paroquia-sao-luiz-gonzaga-de-xaxim-encerra-festividades-a-frei-bruno.html","title":{"rendered":"Par\u00f3quia S\u00e3o Luiz Gonzaga de Xaxim encerra festividades a Frei Bruno"},"content":{"rendered":"<p><img loading=\"lazy\" class=\"alignnone size-full wp-image-236634\" src=\"https:\/\/franciscanos.org.br\/noticias\/wp-content\/uploads\/2022\/02\/bruno_2002.jpg\" alt=\"\" width=\"1280\" height=\"720\" srcset=\"https:\/\/franciscanos.org.br\/noticias\/wp-content\/uploads\/2022\/02\/bruno_2002.jpg 1280w, https:\/\/franciscanos.org.br\/noticias\/wp-content\/uploads\/2022\/02\/bruno_2002-450x253.jpg 450w, https:\/\/franciscanos.org.br\/noticias\/wp-content\/uploads\/2022\/02\/bruno_2002-1024x576.jpg 1024w, https:\/\/franciscanos.org.br\/noticias\/wp-content\/uploads\/2022\/02\/bruno_2002-768x432.jpg 768w, https:\/\/franciscanos.org.br\/noticias\/wp-content\/uploads\/2022\/02\/bruno_2002-150x84.jpg 150w\" sizes=\"(max-width: 1280px) 100vw, 1280px\" \/><\/p>\n<p>A Par\u00f3quia S\u00e3o Luiz Gonzaga celebrou, neste domingo (20\/02), a 10\u00aa Festa de Frei Bruno Linden. Com in\u00edcio \u00e0s 10h, a celebra\u00e7\u00e3o foi presidida por Frei Jacir Zolet e concelebrada por Frei Alan Maia e Frei Gilson Kammer. As Comunidade de Ervalzinho S\u00e3o Jos\u00e9, bairro Frei Bruno e Centro foram as respons\u00e1veis pela liturgia e cantos.<\/p>\n<p>As festividades tiveram in\u00edcio na sexta-feira (11\/02) com a novena de Frei Bruno. Todos os dias, \u00e0s 19h, na igreja Matriz, uma Comunidade era respons\u00e1vel pela liturgia e cantos. Neste ano, estiveram presentes para celebrar com o povo de Deus a novena, os Frades que j\u00e1 trabalharam na Par\u00f3quia: Frei Rubens Luiz de Carvalho, Frei Alex Sandro Ciarnoski, Frei Moacir Longo e Frei Antonio Mazzucco aceitaram o convite da comiss\u00e3o organizadora para participar da novena e estiveram presentes para celebrar com os fi\u00e9is devotos de Frei Bruno Linden.<\/p>\n<p>A 10\u00aa Festa teve como tema geral, \u201cFrei Bruno: Servo de Deus, mission\u00e1rio do povo, unindo gera\u00e7\u00f5es pela f\u00e9\u201d. Neste domingo, unidos na f\u00e9 e pedindo pela beatifica\u00e7\u00e3o de Frei Bruno, a Par\u00f3quia S\u00e3o Luiz Gonzaga encerrou as festividades na igreja Matriz.<\/p>\n<p><img loading=\"lazy\" class=\"alignnone size-full wp-image-236635\" src=\"https:\/\/franciscanos.org.br\/noticias\/wp-content\/uploads\/2022\/02\/bruno_03.jpg\" alt=\"\" width=\"1280\" height=\"960\" srcset=\"https:\/\/franciscanos.org.br\/noticias\/wp-content\/uploads\/2022\/02\/bruno_03.jpg 1280w, https:\/\/franciscanos.org.br\/noticias\/wp-content\/uploads\/2022\/02\/bruno_03-450x338.jpg 450w, https:\/\/franciscanos.org.br\/noticias\/wp-content\/uploads\/2022\/02\/bruno_03-1024x768.jpg 1024w, https:\/\/franciscanos.org.br\/noticias\/wp-content\/uploads\/2022\/02\/bruno_03-768x576.jpg 768w, https:\/\/franciscanos.org.br\/noticias\/wp-content\/uploads\/2022\/02\/bruno_03-150x113.jpg 150w, https:\/\/franciscanos.org.br\/noticias\/wp-content\/uploads\/2022\/02\/bruno_03-600x450.jpg 600w\" sizes=\"(max-width: 1280px) 100vw, 1280px\" \/><\/p>\n<p>O in\u00edcio da Santa Missa foi marcado pelo breve hist\u00f3rico de Frei Bruno lido pelas comentaristas Gladir Pagani e Gelci Brancaglione. Na prociss\u00e3o de entrada, junto com os Freis e Ministros, o banner de Frei Bruno e as crian\u00e7as com placas onde tinham escritas as virtudes de Frei Bruno Linden. Frei Jacir iniciou a celebra\u00e7\u00e3o saudando a todos que estavam na igreja, acompanhavam pelo Facebook e Youtube da Par\u00f3quia e pela r\u00e1dio local. Em seguida, aben\u00e7oou o povo de Deus, seguindo o modelo de Frei Bruno Linden.<\/p>\n<p>Durante o ato penitencial, uma cruz com palavras foi apresentada em frente ao altar. A cruz ca\u00edda, representa o perd\u00e3o, e nela os nomes do que precisamos perdoar como: \u00f3dio, as not\u00edcias falsas, injusti\u00e7a, preconceito, desigualdade social.<\/p>\n<p><img loading=\"lazy\" class=\"alignnone size-full wp-image-236636\" src=\"https:\/\/franciscanos.org.br\/noticias\/wp-content\/uploads\/2022\/02\/bruno_05.jpg\" alt=\"\" width=\"1280\" height=\"671\" srcset=\"https:\/\/franciscanos.org.br\/noticias\/wp-content\/uploads\/2022\/02\/bruno_05.jpg 1280w, https:\/\/franciscanos.org.br\/noticias\/wp-content\/uploads\/2022\/02\/bruno_05-450x236.jpg 450w, https:\/\/franciscanos.org.br\/noticias\/wp-content\/uploads\/2022\/02\/bruno_05-1024x537.jpg 1024w, https:\/\/franciscanos.org.br\/noticias\/wp-content\/uploads\/2022\/02\/bruno_05-768x403.jpg 768w, https:\/\/franciscanos.org.br\/noticias\/wp-content\/uploads\/2022\/02\/bruno_05-150x79.jpg 150w\" sizes=\"(max-width: 1280px) 100vw, 1280px\" \/><\/p>\n<p>Frei Alan Maia proclamou o evangelho do dia. Frei Gilson Kammer iniciou sua reflex\u00e3o exaltando a liturgia do 7\u00aa Domingo do Tempo Comum. \u201cEstimados irm\u00e3os e irm\u00e3s que celebram com a gente nos meios de comunica\u00e7\u00e3o e aqui na igreja. A liturgia da palavra do 7\u00aa Domingo do Tempo Comum e tamb\u00e9m da 10\u00aa Festa da Par\u00f3quia, celebrando nosso saudoso Frei Bruno, fala sobre os mandamentos que Deus nos d\u00e1, de amar uns aos outros. Por vezes parece muito ut\u00f3pico, parece que Cristo est\u00e1 sonhando de mais, quando Ele diz para a gente perdoar as pessoas. Quando Ele pede para a gente oferecer o outro lado da face, quando algu\u00e9m nos bate. E assim por diante\u201d, disse o p\u00e1roco.<\/p>\n<p>No entanto, o frade destacou que muitas vezes n\u00e3o conseguimos fazer o que Cristo no pede. \u201cQuem de n\u00f3s consegue amar um inimigo! Quando a gente n\u00e3o vai com a cara de algu\u00e9m fica dif\u00edcil at\u00e9 para olhar, imagina a gente amar. Quando o Santo n\u00e3o bate, conforme a gente costuma dizer, tudo se torna mais dif\u00edcil, e Ele nos pede para a gente amar. Amar as pessoas que nos amam e que retribuem tudo aquilo que a gente pode oferecer se torna muito mais f\u00e1cil, o pr\u00f3prio Cristo diz. Quando rezamos o Pai-nosso pedimos para Deus nos perdoar do mesmo jeito que n\u00f3s perdoamos aos nossos irm\u00e3os. Esta \u00e9 a medida\u201d, afirmou o Sacerdote.<\/p>\n<p><img loading=\"lazy\" class=\"alignnone size-full wp-image-236637\" src=\"https:\/\/franciscanos.org.br\/noticias\/wp-content\/uploads\/2022\/02\/bruno_04.jpg\" alt=\"\" width=\"1280\" height=\"960\" srcset=\"https:\/\/franciscanos.org.br\/noticias\/wp-content\/uploads\/2022\/02\/bruno_04.jpg 1280w, https:\/\/franciscanos.org.br\/noticias\/wp-content\/uploads\/2022\/02\/bruno_04-450x338.jpg 450w, https:\/\/franciscanos.org.br\/noticias\/wp-content\/uploads\/2022\/02\/bruno_04-1024x768.jpg 1024w, https:\/\/franciscanos.org.br\/noticias\/wp-content\/uploads\/2022\/02\/bruno_04-768x576.jpg 768w, https:\/\/franciscanos.org.br\/noticias\/wp-content\/uploads\/2022\/02\/bruno_04-150x113.jpg 150w, https:\/\/franciscanos.org.br\/noticias\/wp-content\/uploads\/2022\/02\/bruno_04-600x450.jpg 600w\" sizes=\"(max-width: 1280px) 100vw, 1280px\" \/><\/p>\n<p>Para Frei Gilson, Frei Bruno representa esse ser espiritual que est\u00e1 entre n\u00f3s, essa pessoa Santa. \u201cHoje podemos olhar para Frei Bruno como algu\u00e9m que est\u00e1 intercedendo por n\u00f3s e por nossas fam\u00edlias. Vamos pedir tamb\u00e9m para que ele possa olhar por nossas Comunidades e por nossa Par\u00f3quia. Que n\u00f3s possamos olhar para a imagem de Frei Bruno pedindo sua beatifica\u00e7\u00e3o, e que ele possa fortalecer cada vez mais o nosso cora\u00e7\u00e3o e a nossa caminhada\u201d.<\/p>\n<p>No final da celebra\u00e7\u00e3o o agradecimento a todos que contribu\u00edram para a 10\u00aa Festa de Frei Bruno. As comentaristas relembraram os Freis que estiveram presentes durante a novena, as comunidades que participaram durante esses 10 dias, as lideran\u00e7as, pastorais, as doa\u00e7\u00f5es e a todos que de alguma forma contribu\u00edram para esses dias festivos.<\/p>\n\n\t\t<style type=\"text\/css\">\n\t\t\t#gallery-1 {\n\t\t\t\tmargin: auto;\n\t\t\t}\n\t\t\t#gallery-1 .gallery-item {\n\t\t\t\tfloat: left;\n\t\t\t\tmargin-top: 10px;\n\t\t\t\ttext-align: center;\n\t\t\t\twidth: 20%;\n\t\t\t}\n\t\t\t#gallery-1 img {\n\t\t\t\tborder: 2px solid #cfcfcf;\n\t\t\t}\n\t\t\t#gallery-1 .gallery-caption {\n\t\t\t\tmargin-left: 0;\n\t\t\t}\n\t\t\t\/* see gallery_shortcode() in wp-includes\/media.php *\/\n\t\t<\/style>\n\t\t<div id='gallery-1' class='gallery galleryid-236633 gallery-columns-5 gallery-size-thumbnail'><dl class='gallery-item'>\n\t\t\t<dt class='gallery-icon landscape'>\n\t\t\t\t<a href='https:\/\/franciscanos.org.br\/noticias\/wp-content\/uploads\/2022\/02\/bruno_02.jpg'><img width=\"300\" height=\"300\" src=\"https:\/\/franciscanos.org.br\/noticias\/wp-content\/uploads\/2022\/02\/bruno_02-300x300.jpg\" class=\"attachment-thumbnail size-thumbnail\" alt=\"\" loading=\"lazy\" srcset=\"https:\/\/franciscanos.org.br\/noticias\/wp-content\/uploads\/2022\/02\/bruno_02-300x300.jpg 300w, https:\/\/franciscanos.org.br\/noticias\/wp-content\/uploads\/2022\/02\/bruno_02-100x100.jpg 100w\" sizes=\"(max-width: 300px) 100vw, 300px\" \/><\/a>\n\t\t\t<\/dt><\/dl><dl class='gallery-item'>\n\t\t\t<dt class='gallery-icon landscape'>\n\t\t\t\t<a href='https:\/\/franciscanos.org.br\/noticias\/wp-content\/uploads\/2022\/02\/bruno_06.jpg'><img width=\"300\" height=\"300\" src=\"https:\/\/franciscanos.org.br\/noticias\/wp-content\/uploads\/2022\/02\/bruno_06-300x300.jpg\" class=\"attachment-thumbnail size-thumbnail\" alt=\"\" loading=\"lazy\" srcset=\"https:\/\/franciscanos.org.br\/noticias\/wp-content\/uploads\/2022\/02\/bruno_06-300x300.jpg 300w, https:\/\/franciscanos.org.br\/noticias\/wp-content\/uploads\/2022\/02\/bruno_06-100x100.jpg 100w\" sizes=\"(max-width: 300px) 100vw, 300px\" \/><\/a>\n\t\t\t<\/dt><\/dl><dl class='gallery-item'>\n\t\t\t<dt class='gallery-icon landscape'>\n\t\t\t\t<a href='https:\/\/franciscanos.org.br\/noticias\/wp-content\/uploads\/2022\/02\/bruno_07.jpg'><img width=\"300\" height=\"300\" src=\"https:\/\/franciscanos.org.br\/noticias\/wp-content\/uploads\/2022\/02\/bruno_07-300x300.jpg\" class=\"attachment-thumbnail size-thumbnail\" alt=\"\" loading=\"lazy\" srcset=\"https:\/\/franciscanos.org.br\/noticias\/wp-content\/uploads\/2022\/02\/bruno_07-300x300.jpg 300w, https:\/\/franciscanos.org.br\/noticias\/wp-content\/uploads\/2022\/02\/bruno_07-100x100.jpg 100w\" sizes=\"(max-width: 300px) 100vw, 300px\" \/><\/a>\n\t\t\t<\/dt><\/dl><dl class='gallery-item'>\n\t\t\t<dt class='gallery-icon landscape'>\n\t\t\t\t<a href='https:\/\/franciscanos.org.br\/noticias\/wp-content\/uploads\/2022\/02\/bruno_08.jpg'><img width=\"300\" height=\"300\" src=\"https:\/\/franciscanos.org.br\/noticias\/wp-content\/uploads\/2022\/02\/bruno_08-300x300.jpg\" class=\"attachment-thumbnail size-thumbnail\" alt=\"\" loading=\"lazy\" srcset=\"https:\/\/franciscanos.org.br\/noticias\/wp-content\/uploads\/2022\/02\/bruno_08-300x300.jpg 300w, https:\/\/franciscanos.org.br\/noticias\/wp-content\/uploads\/2022\/02\/bruno_08-100x100.jpg 100w\" sizes=\"(max-width: 300px) 100vw, 300px\" \/><\/a>\n\t\t\t<\/dt><\/dl><dl class='gallery-item'>\n\t\t\t<dt class='gallery-icon landscape'>\n\t\t\t\t<a href='https:\/\/franciscanos.org.br\/noticias\/wp-content\/uploads\/2022\/02\/bruno_09.jpg'><img width=\"300\" height=\"300\" src=\"https:\/\/franciscanos.org.br\/noticias\/wp-content\/uploads\/2022\/02\/bruno_09-300x300.jpg\" class=\"attachment-thumbnail size-thumbnail\" alt=\"\" loading=\"lazy\" srcset=\"https:\/\/franciscanos.org.br\/noticias\/wp-content\/uploads\/2022\/02\/bruno_09-300x300.jpg 300w, https:\/\/franciscanos.org.br\/noticias\/wp-content\/uploads\/2022\/02\/bruno_09-100x100.jpg 100w\" sizes=\"(max-width: 300px) 100vw, 300px\" \/><\/a>\n\t\t\t<\/dt><\/dl><br style=\"clear: both\" \/>\n\t\t<\/div>\n\n<p><em>\u00a0 \u00a0 \u00a0 \u00a0(clique nas imagens para ampli\u00e1-las)<\/em><\/p>\n<hr \/>\n<p><em>Camila Mendo, pela Pascom da Par\u00f3quia S\u00e3o Luiz Gonzaga<\/em><\/p>\n","protected":false},"excerpt":{"rendered":"<p>10\u00aa Festa de Frei Bruno<\/p>\n","protected":false},"author":3,"featured_media":0,"comment_status":"open","ping_status":"open","sticky":false,"template":"","format":"standard","meta":[],"categories":[1],"tags":[1597,1591],"acf":[],"yoast_head":"<!-- This site is optimized with the Yoast SEO plugin v19.2 - https:\/\/yoast.com\/wordpress\/plugins\/seo\/ -->\n<title>Par\u00f3quia S\u00e3o Luiz Gonzaga de Xaxim encerra festividades a Frei Bruno - Not\u00edcias - Franciscanos<\/title>\n<meta name=\"robots\" content=\"index, follow, max-snippet:-1, max-image-preview:large, max-video-preview:-1\" \/>\n<link rel=\"canonical\" href=\"https:\/\/franciscanos.org.br\/noticias\/paroquia-sao-luiz-gonzaga-de-xaxim-encerra-festividades-a-frei-bruno.html\" \/>\n<meta property=\"og:locale\" content=\"pt_BR\" \/>\n<meta property=\"og:type\" content=\"article\" \/>\n<meta property=\"og:title\" content=\"Par\u00f3quia S\u00e3o Luiz Gonzaga de Xaxim encerra festividades a Frei Bruno - Not\u00edcias - Franciscanos\" \/>\n<meta property=\"og:description\" content=\"10\u00aa Festa de Frei Bruno\" \/>\n<meta property=\"og:url\" content=\"https:\/\/franciscanos.org.br\/noticias\/paroquia-sao-luiz-gonzaga-de-xaxim-encerra-festividades-a-frei-bruno.html\" \/>\n<meta property=\"og:site_name\" content=\"Not\u00edcias - Franciscanos\" \/>\n<meta property=\"article:published_time\" content=\"2022-02-20T21:11:44+00:00\" \/>\n<meta property=\"og:image\" content=\"https:\/\/franciscanos.org.br\/noticias\/wp-content\/uploads\/2022\/02\/bruno_02-300x300.jpg\" \/>\n<meta name=\"author\" content=\"moacir\" \/>\n<meta name=\"twitter:card\" content=\"summary_large_image\" \/>\n<meta name=\"twitter:label1\" content=\"Escrito por\" \/>\n\t<meta name=\"twitter:data1\" content=\"moacir\" \/>\n\t<meta name=\"twitter:label2\" content=\"Est. tempo de leitura\" \/>\n\t<meta name=\"twitter:data2\" content=\"4 minutos\" \/>\n<script type=\"application\/ld+json\" class=\"yoast-schema-graph\">{\"@context\":\"https:\/\/schema.org\",\"@graph\":[{\"@type\":\"WebSite\",\"@id\":\"https:\/\/franciscanos.org.br\/noticias\/#website\",\"url\":\"https:\/\/franciscanos.org.br\/noticias\/\",\"name\":\"Not\u00edcias - Franciscanos\",\"description\":\"Prov\u00edncia Franciscana da Imaculada Concei\u00e7\u00e3o do Brasil - Ordem dos Frades Menores - OFM\",\"potentialAction\":[{\"@type\":\"SearchAction\",\"target\":{\"@type\":\"EntryPoint\",\"urlTemplate\":\"https:\/\/franciscanos.org.br\/noticias\/?s={search_term_string}\"},\"query-input\":\"required name=search_term_string\"}],\"inLanguage\":\"pt-BR\"},{\"@type\":\"ImageObject\",\"inLanguage\":\"pt-BR\",\"@id\":\"https:\/\/franciscanos.org.br\/noticias\/paroquia-sao-luiz-gonzaga-de-xaxim-encerra-festividades-a-frei-bruno.html#primaryimage\",\"url\":\"https:\/\/franciscanos.org.br\/noticias\/wp-content\/uploads\/2022\/02\/bruno_2002.jpg\",\"contentUrl\":\"https:\/\/franciscanos.org.br\/noticias\/wp-content\/uploads\/2022\/02\/bruno_2002.jpg\",\"width\":1280,\"height\":720},{\"@type\":\"WebPage\",\"@id\":\"https:\/\/franciscanos.org.br\/noticias\/paroquia-sao-luiz-gonzaga-de-xaxim-encerra-festividades-a-frei-bruno.html#webpage\",\"url\":\"https:\/\/franciscanos.org.br\/noticias\/paroquia-sao-luiz-gonzaga-de-xaxim-encerra-festividades-a-frei-bruno.html\",\"name\":\"Par\u00f3quia S\u00e3o Luiz Gonzaga de Xaxim encerra festividades a Frei Bruno - Not\u00edcias - Franciscanos\",\"isPartOf\":{\"@id\":\"https:\/\/franciscanos.org.br\/noticias\/#website\"},\"primaryImageOfPage\":{\"@id\":\"https:\/\/franciscanos.org.br\/noticias\/paroquia-sao-luiz-gonzaga-de-xaxim-encerra-festividades-a-frei-bruno.html#primaryimage\"},\"datePublished\":\"2022-02-20T21:11:44+00:00\",\"dateModified\":\"2022-02-20T21:11:44+00:00\",\"author\":{\"@id\":\"https:\/\/franciscanos.org.br\/noticias\/#\/schema\/person\/b5c8cba458c330ccff548b056e95a5d4\"},\"breadcrumb\":{\"@id\":\"https:\/\/franciscanos.org.br\/noticias\/paroquia-sao-luiz-gonzaga-de-xaxim-encerra-festividades-a-frei-bruno.html#breadcrumb\"},\"inLanguage\":\"pt-BR\",\"potentialAction\":[{\"@type\":\"ReadAction\",\"target\":[\"https:\/\/franciscanos.org.br\/noticias\/paroquia-sao-luiz-gonzaga-de-xaxim-encerra-festividades-a-frei-bruno.html\"]}]},{\"@type\":\"BreadcrumbList\",\"@id\":\"https:\/\/franciscanos.org.br\/noticias\/paroquia-sao-luiz-gonzaga-de-xaxim-encerra-festividades-a-frei-bruno.html#breadcrumb\",\"itemListElement\":[{\"@type\":\"ListItem\",\"position\":1,\"name\":\"Home\",\"item\":\"https:\/\/franciscanos.org.br\/noticias\"},{\"@type\":\"ListItem\",\"position\":2,\"name\":\"Par\u00f3quia S\u00e3o Luiz Gonzaga de Xaxim encerra festividades a Frei Bruno\"}]},{\"@type\":\"Person\",\"@id\":\"https:\/\/franciscanos.org.br\/noticias\/#\/schema\/person\/b5c8cba458c330ccff548b056e95a5d4\",\"name\":\"moacir\",\"image\":{\"@type\":\"ImageObject\",\"inLanguage\":\"pt-BR\",\"@id\":\"https:\/\/franciscanos.org.br\/noticias\/#\/schema\/person\/image\/\",\"url\":\"https:\/\/secure.gravatar.com\/avatar\/d08aa2ce4c8dd416d4479aa8536fcf64?s=96&d=mm&r=g\",\"contentUrl\":\"https:\/\/secure.gravatar.com\/avatar\/d08aa2ce4c8dd416d4479aa8536fcf64?s=96&d=mm&r=g\",\"caption\":\"moacir\"},\"url\":\"https:\/\/franciscanos.org.br\/noticias\/author\/moacir\"}]}<\/script>\n<!-- \/ Yoast SEO plugin. -->","yoast_head_json":{"title":"Par\u00f3quia S\u00e3o Luiz Gonzaga de Xaxim encerra festividades a Frei Bruno - Not\u00edcias - Franciscanos","robots":{"index":"index","follow":"follow","max-snippet":"max-snippet:-1","max-image-preview":"max-image-preview:large","max-video-preview":"max-video-preview:-1"},"canonical":"https:\/\/franciscanos.org.br\/noticias\/paroquia-sao-luiz-gonzaga-de-xaxim-encerra-festividades-a-frei-bruno.html","og_locale":"pt_BR","og_type":"article","og_title":"Par\u00f3quia S\u00e3o Luiz Gonzaga de Xaxim encerra festividades a Frei Bruno - Not\u00edcias - Franciscanos","og_description":"10\u00aa Festa de Frei Bruno","og_url":"https:\/\/franciscanos.org.br\/noticias\/paroquia-sao-luiz-gonzaga-de-xaxim-encerra-festividades-a-frei-bruno.html","og_site_name":"Not\u00edcias - Franciscanos","article_published_time":"2022-02-20T21:11:44+00:00","og_image":[{"url":"https:\/\/franciscanos.org.br\/noticias\/wp-content\/uploads\/2022\/02\/bruno_02-300x300.jpg"}],"author":"moacir","twitter_card":"summary_large_image","twitter_misc":{"Escrito por":"moacir","Est. tempo de leitura":"4 minutos"},"schema":{"@context":"https:\/\/schema.org","@graph":[{"@type":"WebSite","@id":"https:\/\/franciscanos.org.br\/noticias\/#website","url":"https:\/\/franciscanos.org.br\/noticias\/","name":"Not\u00edcias - Franciscanos","description":"Prov\u00edncia Franciscana da Imaculada Concei\u00e7\u00e3o do Brasil - Ordem dos Frades Menores - OFM","potentialAction":[{"@type":"SearchAction","target":{"@type":"EntryPoint","urlTemplate":"https:\/\/franciscanos.org.br\/noticias\/?s={search_term_string}"},"query-input":"required name=search_term_string"}],"inLanguage":"pt-BR"},{"@type":"ImageObject","inLanguage":"pt-BR","@id":"https:\/\/franciscanos.org.br\/noticias\/paroquia-sao-luiz-gonzaga-de-xaxim-encerra-festividades-a-frei-bruno.html#primaryimage","url":"https:\/\/franciscanos.org.br\/noticias\/wp-content\/uploads\/2022\/02\/bruno_2002.jpg","contentUrl":"https:\/\/franciscanos.org.br\/noticias\/wp-content\/uploads\/2022\/02\/bruno_2002.jpg","width":1280,"height":720},{"@type":"WebPage","@id":"https:\/\/franciscanos.org.br\/noticias\/paroquia-sao-luiz-gonzaga-de-xaxim-encerra-festividades-a-frei-bruno.html#webpage","url":"https:\/\/franciscanos.org.br\/noticias\/paroquia-sao-luiz-gonzaga-de-xaxim-encerra-festividades-a-frei-bruno.html","name":"Par\u00f3quia S\u00e3o Luiz Gonzaga de Xaxim encerra festividades a Frei Bruno - Not\u00edcias - Franciscanos","isPartOf":{"@id":"https:\/\/franciscanos.org.br\/noticias\/#website"},"primaryImageOfPage":{"@id":"https:\/\/franciscanos.org.br\/noticias\/paroquia-sao-luiz-gonzaga-de-xaxim-encerra-festividades-a-frei-bruno.html#primaryimage"},"datePublished":"2022-02-20T21:11:44+00:00","dateModified":"2022-02-20T21:11:44+00:00","author":{"@id":"https:\/\/franciscanos.org.br\/noticias\/#\/schema\/person\/b5c8cba458c330ccff548b056e95a5d4"},"breadcrumb":{"@id":"https:\/\/franciscanos.org.br\/noticias\/paroquia-sao-luiz-gonzaga-de-xaxim-encerra-festividades-a-frei-bruno.html#breadcrumb"},"inLanguage":"pt-BR","potentialAction":[{"@type":"ReadAction","target":["https:\/\/franciscanos.org.br\/noticias\/paroquia-sao-luiz-gonzaga-de-xaxim-encerra-festividades-a-frei-bruno.html"]}]},{"@type":"BreadcrumbList","@id":"https:\/\/franciscanos.org.br\/noticias\/paroquia-sao-luiz-gonzaga-de-xaxim-encerra-festividades-a-frei-bruno.html#breadcrumb","itemListElement":[{"@type":"ListItem","position":1,"name":"Home","item":"https:\/\/franciscanos.org.br\/noticias"},{"@type":"ListItem","position":2,"name":"Par\u00f3quia S\u00e3o Luiz Gonzaga de Xaxim encerra festividades a Frei Bruno"}]},{"@type":"Person","@id":"https:\/\/franciscanos.org.br\/noticias\/#\/schema\/person\/b5c8cba458c330ccff548b056e95a5d4","name":"moacir","image":{"@type":"ImageObject","inLanguage":"pt-BR","@id":"https:\/\/franciscanos.org.br\/noticias\/#\/schema\/person\/image\/","url":"https:\/\/secure.gravatar.com\/avatar\/d08aa2ce4c8dd416d4479aa8536fcf64?s=96&d=mm&r=g","contentUrl":"https:\/\/secure.gravatar.com\/avatar\/d08aa2ce4c8dd416d4479aa8536fcf64?s=96&d=mm&r=g","caption":"moacir"},"url":"https:\/\/franciscanos.org.br\/noticias\/author\/moacir"}]}},"_links":{"self":[{"href":"https:\/\/franciscanos.org.br\/noticias\/wp-json\/wp\/v2\/posts\/236633"}],"collection":[{"href":"https:\/\/franciscanos.org.br\/noticias\/wp-json\/wp\/v2\/posts"}],"about":[{"href":"https:\/\/franciscanos.org.br\/noticias\/wp-json\/wp\/v2\/types\/post"}],"author":[{"embeddable":true,"href":"https:\/\/franciscanos.org.br\/noticias\/wp-json\/wp\/v2\/users\/3"}],"replies":[{"embeddable":true,"href":"https:\/\/franciscanos.org.br\/noticias\/wp-json\/wp\/v2\/comments?post=236633"}],"version-history":[{"count":1,"href":"https:\/\/franciscanos.org.br\/noticias\/wp-json\/wp\/v2\/posts\/236633\/revisions"}],"predecessor-version":[{"id":236643,"href":"https:\/\/franciscanos.org.br\/noticias\/wp-json\/wp\/v2\/posts\/236633\/revisions\/236643"}],"wp:attachment":[{"href":"https:\/\/franciscanos.org.br\/noticias\/wp-json\/wp\/v2\/media?parent=236633"}],"wp:term":[{"taxonomy":"category","embeddable":true,"href":"https:\/\/franciscanos.org.br\/noticias\/wp-json\/wp\/v2\/categories?post=236633"},{"taxonomy":"post_tag","embeddable":true,"href":"https:\/\/franciscanos.org.br\/noticias\/wp-json\/wp\/v2\/tags?post=236633"}],"curies":[{"name":"wp","href":"https:\/\/api.w.org\/{rel}","templated":true}]}}